{"id":44130,"date":"2025-12-04T17:36:49","date_gmt":"2025-12-04T14:36:49","guid":{"rendered":"https:\/\/batitrakya.live\/?p=44130"},"modified":"2025-12-04T17:36:49","modified_gmt":"2025-12-04T14:36:49","slug":"ipsaladan-gecemeyen-tir-soforleri-kapikule-ve-hamzabeyliye-yoneldi","status":"publish","type":"post","link":"https:\/\/batitrakya.live\/index.php\/ipsaladan-gecemeyen-tir-soforleri-kapikule-ve-hamzabeyliye-yoneldi\/","title":{"rendered":"\u0130psala&#8217;dan ge\u00e7emeyen t\u0131r \u015fof\u00f6rleri Kap\u0131kule ve Hamzabeyli&#8217;ye y\u00f6neldi&#8230;"},"content":{"rendered":"<p>Yunanistan&#8217;\u0131n Bah\u00e7ek\u00f6y (Kipi) S\u0131n\u0131r Kap\u0131s\u0131&#8217;n\u0131n \u00e7ift\u00e7i eylemleri nedeniyle a\u011f\u0131r vas\u0131talar\u0131n ge\u00e7i\u015fine kapat\u0131lmas\u0131 sebebiyle \u0130psala S\u0131n\u0131r Kap\u0131s\u0131&#8217;ndan ge\u00e7i\u015f yapamayan t\u0131r \u015fof\u00f6rleri Kap\u0131kule ve Hamzabeyli s\u0131n\u0131r kap\u0131lar\u0131na y\u00f6neldi.<\/p>\n<p>\u0130hracat y\u00fcklerini Avrupa \u00fclkelerine g\u00f6t\u00fcrmek \u00fczere \u0130psala S\u0131n\u0131r Kap\u0131s\u0131&#8217;na gelen t\u0131r \u015fof\u00f6rleri, Yunanistan&#8217;\u0131n Bah\u00e7ek\u00f6y S\u0131n\u0131r Kap\u0131s\u0131&#8217;nda iki g\u00fcnd\u00fcr s\u00fcren \u00e7ift\u00e7i eylemleri nedeniyle T\u00fcrkiye&#8217;den \u00e7\u0131k\u0131\u015f yapam\u0131yor.<\/p>\n<p>Y\u00fcklerini bir an \u00f6nce adreslerine teslim etmek isteyen t\u0131r \u015fof\u00f6rleri Edirne&#8217;de t\u0131r ge\u00e7i\u015flerinin sa\u011fland\u0131\u011f\u0131 di\u011fer s\u0131n\u0131r kap\u0131lar\u0131na y\u00f6neldi.<\/p>\n<p>T\u0131r \u015fof\u00f6r\u00fc Sefa Ala, gazetecilere, ma\u011fduriyet ya\u015famamak i\u00e7in Kap\u0131kule S\u0131n\u0131r Kap\u0131s\u0131&#8217;ndan ge\u00e7meyi tercih etti\u011fini s\u00f6yledi.<\/p>\n<p>Avusturya&#8217;ya bisk\u00fcvi ta\u015f\u0131d\u0131\u011f\u0131n\u0131 belirten Ala,<em> &#8220;Normal \u015fartlarda \u0130psala S\u0131n\u0131r Kap\u0131s\u0131&#8217;ndan \u00e7\u0131k\u0131\u015f yap\u0131p Avusturya&#8217;ya gidiyordum. Ama Yunanistan taraf\u0131nda \u00e7ift\u00e7iler eylem yapt\u0131\u011f\u0131 i\u00e7in b\u00f6lgedeki s\u0131n\u0131r kap\u0131lar\u0131ndan ge\u00e7i\u015f yap\u0131lam\u0131yor. O y\u00fczden Kap\u0131kule&#8217;ye geldim.&#8221;<\/em> ifadelerini kulland\u0131.<\/p>\n<p>Bir ba\u015fka t\u0131r \u015fof\u00f6r\u00fc S\u00fcleyman Aky\u00fcz ise Hollanda&#8217;ya bal\u0131k g\u00f6t\u00fcrd\u00fc\u011f\u00fcn\u00fc dile getirdi.<\/p>\n<p>\u00dcr\u00fcnlerin bozulmamas\u0131 i\u00e7in bekleme yapmadan ge\u00e7i\u015f yapmas\u0131 gerekti\u011fini ifade eden Aky\u00fcz, <em>&#8220;Yunan \u00e7ift\u00e7ilerin eylemi nedeniyle \u0130psala&#8217;dan ge\u00e7i\u015f yok. Ondan dolay\u0131 Kap\u0131kule&#8217;ye geldik, buradan ge\u00e7i\u015f yap\u0131p \u00fcr\u00fcnleri teslim etmeye \u00e7al\u0131\u015faca\u011f\u0131z.&#8221;<\/em> dedi.<\/p>\n<p>Hollanda&#8217;ya y\u00fck ta\u015f\u0131yan Mervan Oral da Yunan \u00e7ift\u00e7ilerin eyleminin t\u0131r \u015fof\u00f6rlerini ma\u011fdur etti\u011fini kaydetti.<\/p>\n","protected":false},"excerpt":{"rendered":"<p>Yunanistan&#8217;\u0131n Bah\u00e7ek\u00f6y (Kipi) S\u0131n\u0131r Kap\u0131s\u0131&#8217;n\u0131n \u00e7ift\u00e7i eylemleri nedeniyle a\u011f\u0131r vas\u0131talar\u0131n ge\u00e7i\u015fine kapat\u0131lmas\u0131 sebebiyle \u0130psala S\u0131n\u0131r Kap\u0131s\u0131&#8217;ndan ge\u00e7i\u015f yapamayan t\u0131r \u015fof\u00f6rleri Kap\u0131kule ve Hamzabeyli s\u0131n\u0131r kap\u0131lar\u0131na y\u00f6neldi. \u0130hracat y\u00fcklerini Avrupa \u00fclkelerine g\u00f6t\u00fcrmek \u00fczere \u0130psala S\u0131n\u0131r Kap\u0131s\u0131&#8217;na gelen t\u0131r \u015fof\u00f6rleri, Yunanistan&#8217;\u0131n Bah\u00e7ek\u00f6y S\u0131n\u0131r Kap\u0131s\u0131&#8217;nda iki g\u00fcnd\u00fcr s\u00fcren \u00e7ift\u00e7i eylemleri nedeniyle T\u00fcrkiye&#8217;den \u00e7\u0131k\u0131\u015f yapam\u0131yor. Y\u00fcklerini bir an \u00f6nce &hellip;<\/p>\n","protected":false},"author":1,"featured_media":44131,"comment_status":"open","ping_status":"open","sticky":false,"template":"","format":"standard","meta":{"footnotes":""},"categories":[29],"tags":[273,361],"class_list":["post-44130","post","type-post","status-publish","format-standard","has-post-thumbnail","hentry","category-dunya-gundem","tag-ciftci","tag-kipi-ipsala"],"yoast_head":"<!-- This site is optimized with the Yoast SEO Premium plugin v26.3 (Yoast SEO v27.3) - https:\/\/yoast.com\/product\/yoast-seo-premium-wordpress\/ -->\n<title>\u0130psala&#039;dan ge\u00e7emeyen t\u0131r \u015fof\u00f6rleri Kap\u0131kule ve Hamzabeyli&#039;ye y\u00f6neldi... - Bat\u0131 Trakya Haber<\/title>\n<meta name=\"description\" content=\"\u0130psala&#039;dan ge\u00e7emeyen t\u0131r \u015fof\u00f6rleri Kap\u0131kule ve Hamzabeyli&#039;ye y\u00f6neldi.\" \/>\n<meta name=\"robots\" content=\"index, follow, max-snippet:-1, max-image-preview:large, max-video-preview:-1\" \/>\n<link rel=\"canonical\" href=\"https:\/\/batitrakya.live\/index.php\/ipsaladan-gecemeyen-tir-soforleri-kapikule-ve-hamzabeyliye-yoneldi\/\" \/>\n<meta property=\"og:locale\" content=\"tr_TR\" \/>\n<meta property=\"og:type\" content=\"article\" \/>\n<meta property=\"og:title\" content=\"\u0130psala&#039;dan ge\u00e7emeyen t\u0131r \u015fof\u00f6rleri Kap\u0131kule ve Hamzabeyli&#039;ye y\u00f6neldi...\" \/>\n<meta property=\"og:description\" content=\"\u0130psala&#039;dan ge\u00e7emeyen t\u0131r \u015fof\u00f6rleri Kap\u0131kule ve Hamzabeyli&#039;ye y\u00f6neldi.\" \/>\n<meta property=\"og:url\" content=\"https:\/\/batitrakya.live\/index.php\/ipsaladan-gecemeyen-tir-soforleri-kapikule-ve-hamzabeyliye-yoneldi\/\" \/>\n<meta property=\"og:site_name\" content=\"Bat\u0131 Trakya Haber\" \/>\n<meta property=\"article:published_time\" content=\"2025-12-04T14:36:49+00:00\" \/>\n<meta property=\"og:image\" content=\"https:\/\/batitrakya.live\/wp-content\/uploads\/2025\/12\/ipsala_tir_cifci_25.webp\" \/>\n\t<meta property=\"og:image:width\" content=\"1200\" \/>\n\t<meta property=\"og:image:height\" content=\"675\" \/>\n\t<meta property=\"og:image:type\" content=\"image\/webp\" \/>\n<meta name=\"author\" content=\"tamer\" \/>\n<meta name=\"twitter:card\" content=\"summary_large_image\" \/>\n<meta name=\"twitter:label1\" content=\"Yazan:\" \/>\n\t<meta name=\"twitter:data1\" content=\"tamer\" \/>\n\t<meta name=\"twitter:label2\" content=\"Tahmini okuma s\u00fcresi\" \/>\n\t<meta name=\"twitter:data2\" content=\"2 dakika\" \/>\n<script type=\"application\/ld+json\" class=\"yoast-schema-graph\">{\"@context\":\"https:\\\/\\\/schema.org\",\"@graph\":[{\"@type\":\"Article\",\"@id\":\"https:\\\/\\\/batitrakya.live\\\/index.php\\\/ipsaladan-gecemeyen-tir-soforleri-kapikule-ve-hamzabeyliye-yoneldi\\\/#article\",\"isPartOf\":{\"@id\":\"https:\\\/\\\/batitrakya.live\\\/index.php\\\/ipsaladan-gecemeyen-tir-soforleri-kapikule-ve-hamzabeyliye-yoneldi\\\/\"},\"author\":{\"name\":\"tamer\",\"@id\":\"https:\\\/\\\/batitrakya.live\\\/#\\\/schema\\\/person\\\/61b86abbc19e5fa0bbc3059670546fe5\"},\"headline\":\"\u0130psala&#8217;dan ge\u00e7emeyen t\u0131r \u015fof\u00f6rleri Kap\u0131kule ve Hamzabeyli&#8217;ye y\u00f6neldi&#8230;\",\"datePublished\":\"2025-12-04T14:36:49+00:00\",\"mainEntityOfPage\":{\"@id\":\"https:\\\/\\\/batitrakya.live\\\/index.php\\\/ipsaladan-gecemeyen-tir-soforleri-kapikule-ve-hamzabeyliye-yoneldi\\\/\"},\"wordCount\":322,\"commentCount\":0,\"image\":{\"@id\":\"https:\\\/\\\/batitrakya.live\\\/index.php\\\/ipsaladan-gecemeyen-tir-soforleri-kapikule-ve-hamzabeyliye-yoneldi\\\/#primaryimage\"},\"thumbnailUrl\":\"https:\\\/\\\/batitrakya.live\\\/wp-content\\\/uploads\\\/2025\\\/12\\\/ipsala_tir_cifci_25.webp\",\"keywords\":[\"\u00c7ift\u00e7i\",\"Kipi-\u0130psala\"],\"articleSection\":[\"T\u00fcrkiye | D\u00fcnya | G\u00fcndem\"],\"inLanguage\":\"tr\",\"potentialAction\":[{\"@type\":\"CommentAction\",\"name\":\"Comment\",\"target\":[\"https:\\\/\\\/batitrakya.live\\\/index.php\\\/ipsaladan-gecemeyen-tir-soforleri-kapikule-ve-hamzabeyliye-yoneldi\\\/#respond\"]}],\"copyrightYear\":\"2025\",\"copyrightHolder\":{\"@id\":\"https:\\\/\\\/batitrakya.live\\\/#organization\"}},{\"@type\":\"WebPage\",\"@id\":\"https:\\\/\\\/batitrakya.live\\\/index.php\\\/ipsaladan-gecemeyen-tir-soforleri-kapikule-ve-hamzabeyliye-yoneldi\\\/\",\"url\":\"https:\\\/\\\/batitrakya.live\\\/index.php\\\/ipsaladan-gecemeyen-tir-soforleri-kapikule-ve-hamzabeyliye-yoneldi\\\/\",\"name\":\"\u0130psala'dan ge\u00e7emeyen t\u0131r \u015fof\u00f6rleri Kap\u0131kule ve Hamzabeyli'ye y\u00f6neldi... - Bat\u0131 Trakya Haber\",\"isPartOf\":{\"@id\":\"https:\\\/\\\/batitrakya.live\\\/#website\"},\"primaryImageOfPage\":{\"@id\":\"https:\\\/\\\/batitrakya.live\\\/index.php\\\/ipsaladan-gecemeyen-tir-soforleri-kapikule-ve-hamzabeyliye-yoneldi\\\/#primaryimage\"},\"image\":{\"@id\":\"https:\\\/\\\/batitrakya.live\\\/index.php\\\/ipsaladan-gecemeyen-tir-soforleri-kapikule-ve-hamzabeyliye-yoneldi\\\/#primaryimage\"},\"thumbnailUrl\":\"https:\\\/\\\/batitrakya.live\\\/wp-content\\\/uploads\\\/2025\\\/12\\\/ipsala_tir_cifci_25.webp\",\"datePublished\":\"2025-12-04T14:36:49+00:00\",\"author\":{\"@id\":\"https:\\\/\\\/batitrakya.live\\\/#\\\/schema\\\/person\\\/61b86abbc19e5fa0bbc3059670546fe5\"},\"description\":\"\u0130psala'dan ge\u00e7emeyen t\u0131r \u015fof\u00f6rleri Kap\u0131kule ve Hamzabeyli'ye y\u00f6neldi.\",\"breadcrumb\":{\"@id\":\"https:\\\/\\\/batitrakya.live\\\/index.php\\\/ipsaladan-gecemeyen-tir-soforleri-kapikule-ve-hamzabeyliye-yoneldi\\\/#breadcrumb\"},\"inLanguage\":\"tr\",\"potentialAction\":[{\"@type\":\"ReadAction\",\"target\":[\"https:\\\/\\\/batitrakya.live\\\/index.php\\\/ipsaladan-gecemeyen-tir-soforleri-kapikule-ve-hamzabeyliye-yoneldi\\\/\"]}]},{\"@type\":\"ImageObject\",\"inLanguage\":\"tr\",\"@id\":\"https:\\\/\\\/batitrakya.live\\\/index.php\\\/ipsaladan-gecemeyen-tir-soforleri-kapikule-ve-hamzabeyliye-yoneldi\\\/#primaryimage\",\"url\":\"https:\\\/\\\/batitrakya.live\\\/wp-content\\\/uploads\\\/2025\\\/12\\\/ipsala_tir_cifci_25.webp\",\"contentUrl\":\"https:\\\/\\\/batitrakya.live\\\/wp-content\\\/uploads\\\/2025\\\/12\\\/ipsala_tir_cifci_25.webp\",\"width\":1200,\"height\":675},{\"@type\":\"BreadcrumbList\",\"@id\":\"https:\\\/\\\/batitrakya.live\\\/index.php\\\/ipsaladan-gecemeyen-tir-soforleri-kapikule-ve-hamzabeyliye-yoneldi\\\/#breadcrumb\",\"itemListElement\":[{\"@type\":\"ListItem\",\"position\":1,\"name\":\"Anasayfa\",\"item\":\"https:\\\/\\\/batitrakya.live\\\/\"},{\"@type\":\"ListItem\",\"position\":2,\"name\":\"\u0130psala&#8217;dan ge\u00e7emeyen t\u0131r \u015fof\u00f6rleri Kap\u0131kule ve Hamzabeyli&#8217;ye y\u00f6neldi&#8230;\"}]},{\"@type\":\"WebSite\",\"@id\":\"https:\\\/\\\/batitrakya.live\\\/#website\",\"url\":\"https:\\\/\\\/batitrakya.live\\\/\",\"name\":\"Bat\u0131 Trakya Haber\",\"description\":\"Bat\u0131 Trakyan\u0131n internetteki sesi..\",\"potentialAction\":[{\"@type\":\"SearchAction\",\"target\":{\"@type\":\"EntryPoint\",\"urlTemplate\":\"https:\\\/\\\/batitrakya.live\\\/?s={search_term_string}\"},\"query-input\":{\"@type\":\"PropertyValueSpecification\",\"valueRequired\":true,\"valueName\":\"search_term_string\"}}],\"inLanguage\":\"tr\"},{\"@type\":\"Person\",\"@id\":\"https:\\\/\\\/batitrakya.live\\\/#\\\/schema\\\/person\\\/61b86abbc19e5fa0bbc3059670546fe5\",\"name\":\"tamer\",\"image\":{\"@type\":\"ImageObject\",\"inLanguage\":\"tr\",\"@id\":\"https:\\\/\\\/secure.gravatar.com\\\/avatar\\\/60b0ff14c4376999cea9565d28b91fc61ff0f727c28cd083506a6d83ad6df9c9?s=96&d=mm&r=g\",\"url\":\"https:\\\/\\\/secure.gravatar.com\\\/avatar\\\/60b0ff14c4376999cea9565d28b91fc61ff0f727c28cd083506a6d83ad6df9c9?s=96&d=mm&r=g\",\"contentUrl\":\"https:\\\/\\\/secure.gravatar.com\\\/avatar\\\/60b0ff14c4376999cea9565d28b91fc61ff0f727c28cd083506a6d83ad6df9c9?s=96&d=mm&r=g\",\"caption\":\"tamer\"},\"sameAs\":[\"https:\\\/\\\/batitrakya.live\"],\"url\":\"https:\\\/\\\/batitrakya.live\\\/index.php\\\/author\\\/tamer\\\/\"}]}<\/script>\n<!-- \/ Yoast SEO Premium plugin. -->","yoast_head_json":{"title":"\u0130psala'dan ge\u00e7emeyen t\u0131r \u015fof\u00f6rleri Kap\u0131kule ve Hamzabeyli'ye y\u00f6neldi... - Bat\u0131 Trakya Haber","description":"\u0130psala'dan ge\u00e7emeyen t\u0131r \u015fof\u00f6rleri Kap\u0131kule ve Hamzabeyli'ye y\u00f6neldi.","robots":{"index":"index","follow":"follow","max-snippet":"max-snippet:-1","max-image-preview":"max-image-preview:large","max-video-preview":"max-video-preview:-1"},"canonical":"https:\/\/batitrakya.live\/index.php\/ipsaladan-gecemeyen-tir-soforleri-kapikule-ve-hamzabeyliye-yoneldi\/","og_locale":"tr_TR","og_type":"article","og_title":"\u0130psala'dan ge\u00e7emeyen t\u0131r \u015fof\u00f6rleri Kap\u0131kule ve Hamzabeyli'ye y\u00f6neldi...","og_description":"\u0130psala'dan ge\u00e7emeyen t\u0131r \u015fof\u00f6rleri Kap\u0131kule ve Hamzabeyli'ye y\u00f6neldi.","og_url":"https:\/\/batitrakya.live\/index.php\/ipsaladan-gecemeyen-tir-soforleri-kapikule-ve-hamzabeyliye-yoneldi\/","og_site_name":"Bat\u0131 Trakya Haber","article_published_time":"2025-12-04T14:36:49+00:00","og_image":[{"width":1200,"height":675,"url":"https:\/\/batitrakya.live\/wp-content\/uploads\/2025\/12\/ipsala_tir_cifci_25.webp","type":"image\/webp"}],"author":"tamer","twitter_card":"summary_large_image","twitter_misc":{"Yazan:":"tamer","Tahmini okuma s\u00fcresi":"2 dakika"},"schema":{"@context":"https:\/\/schema.org","@graph":[{"@type":"Article","@id":"https:\/\/batitrakya.live\/index.php\/ipsaladan-gecemeyen-tir-soforleri-kapikule-ve-hamzabeyliye-yoneldi\/#article","isPartOf":{"@id":"https:\/\/batitrakya.live\/index.php\/ipsaladan-gecemeyen-tir-soforleri-kapikule-ve-hamzabeyliye-yoneldi\/"},"author":{"name":"tamer","@id":"https:\/\/batitrakya.live\/#\/schema\/person\/61b86abbc19e5fa0bbc3059670546fe5"},"headline":"\u0130psala&#8217;dan ge\u00e7emeyen t\u0131r \u015fof\u00f6rleri Kap\u0131kule ve Hamzabeyli&#8217;ye y\u00f6neldi&#8230;","datePublished":"2025-12-04T14:36:49+00:00","mainEntityOfPage":{"@id":"https:\/\/batitrakya.live\/index.php\/ipsaladan-gecemeyen-tir-soforleri-kapikule-ve-hamzabeyliye-yoneldi\/"},"wordCount":322,"commentCount":0,"image":{"@id":"https:\/\/batitrakya.live\/index.php\/ipsaladan-gecemeyen-tir-soforleri-kapikule-ve-hamzabeyliye-yoneldi\/#primaryimage"},"thumbnailUrl":"https:\/\/batitrakya.live\/wp-content\/uploads\/2025\/12\/ipsala_tir_cifci_25.webp","keywords":["\u00c7ift\u00e7i","Kipi-\u0130psala"],"articleSection":["T\u00fcrkiye | D\u00fcnya | G\u00fcndem"],"inLanguage":"tr","potentialAction":[{"@type":"CommentAction","name":"Comment","target":["https:\/\/batitrakya.live\/index.php\/ipsaladan-gecemeyen-tir-soforleri-kapikule-ve-hamzabeyliye-yoneldi\/#respond"]}],"copyrightYear":"2025","copyrightHolder":{"@id":"https:\/\/batitrakya.live\/#organization"}},{"@type":"WebPage","@id":"https:\/\/batitrakya.live\/index.php\/ipsaladan-gecemeyen-tir-soforleri-kapikule-ve-hamzabeyliye-yoneldi\/","url":"https:\/\/batitrakya.live\/index.php\/ipsaladan-gecemeyen-tir-soforleri-kapikule-ve-hamzabeyliye-yoneldi\/","name":"\u0130psala'dan ge\u00e7emeyen t\u0131r \u015fof\u00f6rleri Kap\u0131kule ve Hamzabeyli'ye y\u00f6neldi... - Bat\u0131 Trakya Haber","isPartOf":{"@id":"https:\/\/batitrakya.live\/#website"},"primaryImageOfPage":{"@id":"https:\/\/batitrakya.live\/index.php\/ipsaladan-gecemeyen-tir-soforleri-kapikule-ve-hamzabeyliye-yoneldi\/#primaryimage"},"image":{"@id":"https:\/\/batitrakya.live\/index.php\/ipsaladan-gecemeyen-tir-soforleri-kapikule-ve-hamzabeyliye-yoneldi\/#primaryimage"},"thumbnailUrl":"https:\/\/batitrakya.live\/wp-content\/uploads\/2025\/12\/ipsala_tir_cifci_25.webp","datePublished":"2025-12-04T14:36:49+00:00","author":{"@id":"https:\/\/batitrakya.live\/#\/schema\/person\/61b86abbc19e5fa0bbc3059670546fe5"},"description":"\u0130psala'dan ge\u00e7emeyen t\u0131r \u015fof\u00f6rleri Kap\u0131kule ve Hamzabeyli'ye y\u00f6neldi.","breadcrumb":{"@id":"https:\/\/batitrakya.live\/index.php\/ipsaladan-gecemeyen-tir-soforleri-kapikule-ve-hamzabeyliye-yoneldi\/#breadcrumb"},"inLanguage":"tr","potentialAction":[{"@type":"ReadAction","target":["https:\/\/batitrakya.live\/index.php\/ipsaladan-gecemeyen-tir-soforleri-kapikule-ve-hamzabeyliye-yoneldi\/"]}]},{"@type":"ImageObject","inLanguage":"tr","@id":"https:\/\/batitrakya.live\/index.php\/ipsaladan-gecemeyen-tir-soforleri-kapikule-ve-hamzabeyliye-yoneldi\/#primaryimage","url":"https:\/\/batitrakya.live\/wp-content\/uploads\/2025\/12\/ipsala_tir_cifci_25.webp","contentUrl":"https:\/\/batitrakya.live\/wp-content\/uploads\/2025\/12\/ipsala_tir_cifci_25.webp","width":1200,"height":675},{"@type":"BreadcrumbList","@id":"https:\/\/batitrakya.live\/index.php\/ipsaladan-gecemeyen-tir-soforleri-kapikule-ve-hamzabeyliye-yoneldi\/#breadcrumb","itemListElement":[{"@type":"ListItem","position":1,"name":"Anasayfa","item":"https:\/\/batitrakya.live\/"},{"@type":"ListItem","position":2,"name":"\u0130psala&#8217;dan ge\u00e7emeyen t\u0131r \u015fof\u00f6rleri Kap\u0131kule ve Hamzabeyli&#8217;ye y\u00f6neldi&#8230;"}]},{"@type":"WebSite","@id":"https:\/\/batitrakya.live\/#website","url":"https:\/\/batitrakya.live\/","name":"Bat\u0131 Trakya Haber","description":"Bat\u0131 Trakyan\u0131n internetteki sesi..","potentialAction":[{"@type":"SearchAction","target":{"@type":"EntryPoint","urlTemplate":"https:\/\/batitrakya.live\/?s={search_term_string}"},"query-input":{"@type":"PropertyValueSpecification","valueRequired":true,"valueName":"search_term_string"}}],"inLanguage":"tr"},{"@type":"Person","@id":"https:\/\/batitrakya.live\/#\/schema\/person\/61b86abbc19e5fa0bbc3059670546fe5","name":"tamer","image":{"@type":"ImageObject","inLanguage":"tr","@id":"https:\/\/secure.gravatar.com\/avatar\/60b0ff14c4376999cea9565d28b91fc61ff0f727c28cd083506a6d83ad6df9c9?s=96&d=mm&r=g","url":"https:\/\/secure.gravatar.com\/avatar\/60b0ff14c4376999cea9565d28b91fc61ff0f727c28cd083506a6d83ad6df9c9?s=96&d=mm&r=g","contentUrl":"https:\/\/secure.gravatar.com\/avatar\/60b0ff14c4376999cea9565d28b91fc61ff0f727c28cd083506a6d83ad6df9c9?s=96&d=mm&r=g","caption":"tamer"},"sameAs":["https:\/\/batitrakya.live"],"url":"https:\/\/batitrakya.live\/index.php\/author\/tamer\/"}]}},"_links":{"self":[{"href":"https:\/\/batitrakya.live\/index.php\/wp-json\/wp\/v2\/posts\/44130","targetHints":{"allow":["GET"]}}],"collection":[{"href":"https:\/\/batitrakya.live\/index.php\/wp-json\/wp\/v2\/posts"}],"about":[{"href":"https:\/\/batitrakya.live\/index.php\/wp-json\/wp\/v2\/types\/post"}],"author":[{"embeddable":true,"href":"https:\/\/batitrakya.live\/index.php\/wp-json\/wp\/v2\/users\/1"}],"replies":[{"embeddable":true,"href":"https:\/\/batitrakya.live\/index.php\/wp-json\/wp\/v2\/comments?post=44130"}],"version-history":[{"count":1,"href":"https:\/\/batitrakya.live\/index.php\/wp-json\/wp\/v2\/posts\/44130\/revisions"}],"predecessor-version":[{"id":44132,"href":"https:\/\/batitrakya.live\/index.php\/wp-json\/wp\/v2\/posts\/44130\/revisions\/44132"}],"wp:featuredmedia":[{"embeddable":true,"href":"https:\/\/batitrakya.live\/index.php\/wp-json\/wp\/v2\/media\/44131"}],"wp:attachment":[{"href":"https:\/\/batitrakya.live\/index.php\/wp-json\/wp\/v2\/media?parent=44130"}],"wp:term":[{"taxonomy":"category","embeddable":true,"href":"https:\/\/batitrakya.live\/index.php\/wp-json\/wp\/v2\/categories?post=44130"},{"taxonomy":"post_tag","embeddable":true,"href":"https:\/\/batitrakya.live\/index.php\/wp-json\/wp\/v2\/tags?post=44130"}],"curies":[{"name":"wp","href":"https:\/\/api.w.org\/{rel}","templated":true}]}}