{"id":43782,"date":"2025-05-03T10:14:23","date_gmt":"2025-05-03T07:14:23","guid":{"rendered":"https:\/\/batitrakya.live\/?p=43782"},"modified":"2025-05-03T10:14:48","modified_gmt":"2025-05-03T07:14:48","slug":"hidirellez-bahar-senligi-6-mayis-sali-gunu-ilicada","status":"publish","type":"post","link":"https:\/\/batitrakya.live\/index.php\/hidirellez-bahar-senligi-6-mayis-sali-gunu-ilicada\/","title":{"rendered":"H\u0131d\u0131rellez Bahar \u015eenli\u011fi 6 May\u0131s Sal\u0131 g\u00fcn\u00fc Il\u0131ca\u2019da&#8230;"},"content":{"rendered":"<p>\u0130ske\u00e7e T\u00fcrk Birli\u011fi (\u0130TB) ile Mustaf\u00e7ova Belediyesi\u2019nin ortakla\u015fa d\u00fczenleyece\u011fi H\u0131d\u0131rellez Bahar \u015eenli\u011fi, 6 May\u0131s Sal\u0131 g\u00fcn\u00fc Il\u0131ca k\u00f6y\u00fc Kapl\u0131calar (Banyolar) mevkiinde ger\u00e7ekle\u015ftirilecek.<\/p>\n<p>\u0130ske\u00e7e T\u00fcrk Birli\u011fi\u2019nin, Mustaf\u00e7ova Belediyesi ile ortakla\u015fa d\u00fczenleyece\u011fi H\u0131d\u0131rellez Bahar Bayram\u0131 \u015eenli\u011fi 6 May\u0131s Sal\u0131 g\u00fcn\u00fc saat 16:00\u2019da ba\u015flayacak. H\u0131drellez \u015fenli\u011finde \u0130ske\u00e7e T\u00fcrk Birli\u011fi M\u00fczik Kursu \u00f6\u011frencileri ve \u0130ske\u00e7e T\u00fcrk Birli\u011fi \u00e7at\u0131s\u0131 alt\u0131nda faaliyet g\u00f6steren Ova Gen\u00e7 K\u0131z grubu \u015fark\u0131 ve t\u00fcrk\u00fcler s\u00f6yleyecek. \u0130TB halk oyunlar\u0131 ekipleri de g\u00f6steriler sunacak. Il\u0131ca k\u00f6y\u00fcndeki etkinli\u011fe kat\u0131lanlara geleneksel H\u0131drellez g\u00f6llesi ikram edilecek.<\/p>\n<p>\u0130TB\u2019den yap\u0131lan a\u00e7\u0131klamada, H\u0131d\u0131rellez kutlamas\u0131n\u0131n herkese a\u00e7\u0131k oldu\u011fu belirtildi.<\/p>\n","protected":false},"excerpt":{"rendered":"<p>\u0130ske\u00e7e T\u00fcrk Birli\u011fi (\u0130TB) ile Mustaf\u00e7ova Belediyesi\u2019nin ortakla\u015fa d\u00fczenleyece\u011fi H\u0131d\u0131rellez Bahar \u015eenli\u011fi, 6 May\u0131s Sal\u0131 g\u00fcn\u00fc Il\u0131ca k\u00f6y\u00fc Kapl\u0131calar (Banyolar) mevkiinde ger\u00e7ekle\u015ftirilecek. \u0130ske\u00e7e T\u00fcrk Birli\u011fi\u2019nin, Mustaf\u00e7ova Belediyesi ile ortakla\u015fa d\u00fczenleyece\u011fi H\u0131d\u0131rellez Bahar Bayram\u0131 \u015eenli\u011fi 6 May\u0131s Sal\u0131 g\u00fcn\u00fc saat 16:00\u2019da ba\u015flayacak. H\u0131drellez \u015fenli\u011finde \u0130ske\u00e7e T\u00fcrk Birli\u011fi M\u00fczik Kursu \u00f6\u011frencileri ve \u0130ske\u00e7e T\u00fcrk Birli\u011fi \u00e7at\u0131s\u0131 alt\u0131nda &hellip;<\/p>\n","protected":false},"author":1,"featured_media":43786,"comment_status":"open","ping_status":"open","sticky":false,"template":"","format":"standard","meta":{"footnotes":""},"categories":[36,24],"tags":[38,40],"class_list":["post-43782","post","type-post","status-publish","format-standard","has-post-thumbnail","hentry","category-bati-trakya-etkinlik","category-bati-trakyam-haber","tag-hidirellez","tag-itb-2"],"yoast_head":"<!-- This site is optimized with the Yoast SEO Premium plugin v26.3 (Yoast SEO v27.3) - https:\/\/yoast.com\/product\/yoast-seo-premium-wordpress\/ -->\n<title>H\u0131d\u0131rellez Bahar \u015eenli\u011fi 6 May\u0131s Sal\u0131 g\u00fcn\u00fc Il\u0131ca\u2019da... - Bat\u0131 Trakya Haber<\/title>\n<meta name=\"description\" content=\"H\u0131d\u0131rellez Bahar \u015eenli\u011fi 6 May\u0131s Sal\u0131 g\u00fcn\u00fc Il\u0131ca\u2019da.\" \/>\n<meta name=\"robots\" content=\"index, follow, max-snippet:-1, max-image-preview:large, max-video-preview:-1\" \/>\n<link rel=\"canonical\" href=\"https:\/\/batitrakya.live\/index.php\/hidirellez-bahar-senligi-6-mayis-sali-gunu-ilicada\/\" \/>\n<meta property=\"og:locale\" content=\"tr_TR\" \/>\n<meta property=\"og:type\" content=\"article\" \/>\n<meta property=\"og:title\" content=\"H\u0131d\u0131rellez Bahar \u015eenli\u011fi 6 May\u0131s Sal\u0131 g\u00fcn\u00fc Il\u0131ca\u2019da...\" \/>\n<meta property=\"og:description\" content=\"H\u0131d\u0131rellez Bahar \u015eenli\u011fi 6 May\u0131s Sal\u0131 g\u00fcn\u00fc Il\u0131ca\u2019da.\" \/>\n<meta property=\"og:url\" content=\"https:\/\/batitrakya.live\/index.php\/hidirellez-bahar-senligi-6-mayis-sali-gunu-ilicada\/\" \/>\n<meta property=\"og:site_name\" content=\"Bat\u0131 Trakya Haber\" \/>\n<meta property=\"article:published_time\" content=\"2025-05-03T07:14:23+00:00\" \/>\n<meta property=\"article:modified_time\" content=\"2025-05-03T07:14:48+00:00\" \/>\n<meta property=\"og:image\" content=\"https:\/\/batitrakya.live\/wp-content\/uploads\/2025\/05\/hidrillez_25_ilicada.jpg\" \/>\n\t<meta property=\"og:image:width\" content=\"720\" \/>\n\t<meta property=\"og:image:height\" content=\"348\" \/>\n\t<meta property=\"og:image:type\" content=\"image\/jpeg\" \/>\n<meta name=\"author\" content=\"tamer\" \/>\n<meta name=\"twitter:card\" content=\"summary_large_image\" \/>\n<meta name=\"twitter:label1\" content=\"Yazan:\" \/>\n\t<meta name=\"twitter:data1\" content=\"tamer\" \/>\n\t<meta name=\"twitter:label2\" content=\"Tahmini okuma s\u00fcresi\" \/>\n\t<meta name=\"twitter:data2\" content=\"1 dakika\" \/>\n<script type=\"application\/ld+json\" class=\"yoast-schema-graph\">{\"@context\":\"https:\\\/\\\/schema.org\",\"@graph\":[{\"@type\":\"Article\",\"@id\":\"https:\\\/\\\/batitrakya.live\\\/index.php\\\/hidirellez-bahar-senligi-6-mayis-sali-gunu-ilicada\\\/#article\",\"isPartOf\":{\"@id\":\"https:\\\/\\\/batitrakya.live\\\/index.php\\\/hidirellez-bahar-senligi-6-mayis-sali-gunu-ilicada\\\/\"},\"author\":{\"name\":\"tamer\",\"@id\":\"https:\\\/\\\/batitrakya.live\\\/#\\\/schema\\\/person\\\/61b86abbc19e5fa0bbc3059670546fe5\"},\"headline\":\"H\u0131d\u0131rellez Bahar \u015eenli\u011fi 6 May\u0131s Sal\u0131 g\u00fcn\u00fc Il\u0131ca\u2019da&#8230;\",\"datePublished\":\"2025-05-03T07:14:23+00:00\",\"dateModified\":\"2025-05-03T07:14:48+00:00\",\"mainEntityOfPage\":{\"@id\":\"https:\\\/\\\/batitrakya.live\\\/index.php\\\/hidirellez-bahar-senligi-6-mayis-sali-gunu-ilicada\\\/\"},\"wordCount\":167,\"commentCount\":0,\"image\":{\"@id\":\"https:\\\/\\\/batitrakya.live\\\/index.php\\\/hidirellez-bahar-senligi-6-mayis-sali-gunu-ilicada\\\/#primaryimage\"},\"thumbnailUrl\":\"https:\\\/\\\/batitrakya.live\\\/wp-content\\\/uploads\\\/2025\\\/05\\\/hidrillez_25_ilicada.jpg\",\"keywords\":[\"H\u0131d\u0131rellez\",\"\u0130TB\"],\"articleSection\":[\"Bat\u0131 Trakya Etkinlikler\",\"Bat\u0131 Trakyam Haber\"],\"inLanguage\":\"tr\",\"potentialAction\":[{\"@type\":\"CommentAction\",\"name\":\"Comment\",\"target\":[\"https:\\\/\\\/batitrakya.live\\\/index.php\\\/hidirellez-bahar-senligi-6-mayis-sali-gunu-ilicada\\\/#respond\"]}],\"copyrightYear\":\"2025\",\"copyrightHolder\":{\"@id\":\"https:\\\/\\\/batitrakya.live\\\/#organization\"}},{\"@type\":\"WebPage\",\"@id\":\"https:\\\/\\\/batitrakya.live\\\/index.php\\\/hidirellez-bahar-senligi-6-mayis-sali-gunu-ilicada\\\/\",\"url\":\"https:\\\/\\\/batitrakya.live\\\/index.php\\\/hidirellez-bahar-senligi-6-mayis-sali-gunu-ilicada\\\/\",\"name\":\"H\u0131d\u0131rellez Bahar \u015eenli\u011fi 6 May\u0131s Sal\u0131 g\u00fcn\u00fc Il\u0131ca\u2019da... - Bat\u0131 Trakya Haber\",\"isPartOf\":{\"@id\":\"https:\\\/\\\/batitrakya.live\\\/#website\"},\"primaryImageOfPage\":{\"@id\":\"https:\\\/\\\/batitrakya.live\\\/index.php\\\/hidirellez-bahar-senligi-6-mayis-sali-gunu-ilicada\\\/#primaryimage\"},\"image\":{\"@id\":\"https:\\\/\\\/batitrakya.live\\\/index.php\\\/hidirellez-bahar-senligi-6-mayis-sali-gunu-ilicada\\\/#primaryimage\"},\"thumbnailUrl\":\"https:\\\/\\\/batitrakya.live\\\/wp-content\\\/uploads\\\/2025\\\/05\\\/hidrillez_25_ilicada.jpg\",\"datePublished\":\"2025-05-03T07:14:23+00:00\",\"dateModified\":\"2025-05-03T07:14:48+00:00\",\"author\":{\"@id\":\"https:\\\/\\\/batitrakya.live\\\/#\\\/schema\\\/person\\\/61b86abbc19e5fa0bbc3059670546fe5\"},\"description\":\"H\u0131d\u0131rellez Bahar \u015eenli\u011fi 6 May\u0131s Sal\u0131 g\u00fcn\u00fc Il\u0131ca\u2019da.\",\"breadcrumb\":{\"@id\":\"https:\\\/\\\/batitrakya.live\\\/index.php\\\/hidirellez-bahar-senligi-6-mayis-sali-gunu-ilicada\\\/#breadcrumb\"},\"inLanguage\":\"tr\",\"potentialAction\":[{\"@type\":\"ReadAction\",\"target\":[\"https:\\\/\\\/batitrakya.live\\\/index.php\\\/hidirellez-bahar-senligi-6-mayis-sali-gunu-ilicada\\\/\"]}]},{\"@type\":\"ImageObject\",\"inLanguage\":\"tr\",\"@id\":\"https:\\\/\\\/batitrakya.live\\\/index.php\\\/hidirellez-bahar-senligi-6-mayis-sali-gunu-ilicada\\\/#primaryimage\",\"url\":\"https:\\\/\\\/batitrakya.live\\\/wp-content\\\/uploads\\\/2025\\\/05\\\/hidrillez_25_ilicada.jpg\",\"contentUrl\":\"https:\\\/\\\/batitrakya.live\\\/wp-content\\\/uploads\\\/2025\\\/05\\\/hidrillez_25_ilicada.jpg\",\"width\":720,\"height\":348},{\"@type\":\"BreadcrumbList\",\"@id\":\"https:\\\/\\\/batitrakya.live\\\/index.php\\\/hidirellez-bahar-senligi-6-mayis-sali-gunu-ilicada\\\/#breadcrumb\",\"itemListElement\":[{\"@type\":\"ListItem\",\"position\":1,\"name\":\"Anasayfa\",\"item\":\"https:\\\/\\\/batitrakya.live\\\/\"},{\"@type\":\"ListItem\",\"position\":2,\"name\":\"H\u0131d\u0131rellez Bahar \u015eenli\u011fi 6 May\u0131s Sal\u0131 g\u00fcn\u00fc Il\u0131ca\u2019da&#8230;\"}]},{\"@type\":\"WebSite\",\"@id\":\"https:\\\/\\\/batitrakya.live\\\/#website\",\"url\":\"https:\\\/\\\/batitrakya.live\\\/\",\"name\":\"Bat\u0131 Trakya Haber\",\"description\":\"Bat\u0131 Trakyan\u0131n internetteki sesi..\",\"potentialAction\":[{\"@type\":\"SearchAction\",\"target\":{\"@type\":\"EntryPoint\",\"urlTemplate\":\"https:\\\/\\\/batitrakya.live\\\/?s={search_term_string}\"},\"query-input\":{\"@type\":\"PropertyValueSpecification\",\"valueRequired\":true,\"valueName\":\"search_term_string\"}}],\"inLanguage\":\"tr\"},{\"@type\":\"Person\",\"@id\":\"https:\\\/\\\/batitrakya.live\\\/#\\\/schema\\\/person\\\/61b86abbc19e5fa0bbc3059670546fe5\",\"name\":\"tamer\",\"image\":{\"@type\":\"ImageObject\",\"inLanguage\":\"tr\",\"@id\":\"https:\\\/\\\/secure.gravatar.com\\\/avatar\\\/60b0ff14c4376999cea9565d28b91fc61ff0f727c28cd083506a6d83ad6df9c9?s=96&d=mm&r=g\",\"url\":\"https:\\\/\\\/secure.gravatar.com\\\/avatar\\\/60b0ff14c4376999cea9565d28b91fc61ff0f727c28cd083506a6d83ad6df9c9?s=96&d=mm&r=g\",\"contentUrl\":\"https:\\\/\\\/secure.gravatar.com\\\/avatar\\\/60b0ff14c4376999cea9565d28b91fc61ff0f727c28cd083506a6d83ad6df9c9?s=96&d=mm&r=g\",\"caption\":\"tamer\"},\"sameAs\":[\"https:\\\/\\\/batitrakya.live\"],\"url\":\"https:\\\/\\\/batitrakya.live\\\/index.php\\\/author\\\/tamer\\\/\"}]}<\/script>\n<!-- \/ Yoast SEO Premium plugin. -->","yoast_head_json":{"title":"H\u0131d\u0131rellez Bahar \u015eenli\u011fi 6 May\u0131s Sal\u0131 g\u00fcn\u00fc Il\u0131ca\u2019da... - Bat\u0131 Trakya Haber","description":"H\u0131d\u0131rellez Bahar \u015eenli\u011fi 6 May\u0131s Sal\u0131 g\u00fcn\u00fc Il\u0131ca\u2019da.","robots":{"index":"index","follow":"follow","max-snippet":"max-snippet:-1","max-image-preview":"max-image-preview:large","max-video-preview":"max-video-preview:-1"},"canonical":"https:\/\/batitrakya.live\/index.php\/hidirellez-bahar-senligi-6-mayis-sali-gunu-ilicada\/","og_locale":"tr_TR","og_type":"article","og_title":"H\u0131d\u0131rellez Bahar \u015eenli\u011fi 6 May\u0131s Sal\u0131 g\u00fcn\u00fc Il\u0131ca\u2019da...","og_description":"H\u0131d\u0131rellez Bahar \u015eenli\u011fi 6 May\u0131s Sal\u0131 g\u00fcn\u00fc Il\u0131ca\u2019da.","og_url":"https:\/\/batitrakya.live\/index.php\/hidirellez-bahar-senligi-6-mayis-sali-gunu-ilicada\/","og_site_name":"Bat\u0131 Trakya Haber","article_published_time":"2025-05-03T07:14:23+00:00","article_modified_time":"2025-05-03T07:14:48+00:00","og_image":[{"width":720,"height":348,"url":"https:\/\/batitrakya.live\/wp-content\/uploads\/2025\/05\/hidrillez_25_ilicada.jpg","type":"image\/jpeg"}],"author":"tamer","twitter_card":"summary_large_image","twitter_misc":{"Yazan:":"tamer","Tahmini okuma s\u00fcresi":"1 dakika"},"schema":{"@context":"https:\/\/schema.org","@graph":[{"@type":"Article","@id":"https:\/\/batitrakya.live\/index.php\/hidirellez-bahar-senligi-6-mayis-sali-gunu-ilicada\/#article","isPartOf":{"@id":"https:\/\/batitrakya.live\/index.php\/hidirellez-bahar-senligi-6-mayis-sali-gunu-ilicada\/"},"author":{"name":"tamer","@id":"https:\/\/batitrakya.live\/#\/schema\/person\/61b86abbc19e5fa0bbc3059670546fe5"},"headline":"H\u0131d\u0131rellez Bahar \u015eenli\u011fi 6 May\u0131s Sal\u0131 g\u00fcn\u00fc Il\u0131ca\u2019da&#8230;","datePublished":"2025-05-03T07:14:23+00:00","dateModified":"2025-05-03T07:14:48+00:00","mainEntityOfPage":{"@id":"https:\/\/batitrakya.live\/index.php\/hidirellez-bahar-senligi-6-mayis-sali-gunu-ilicada\/"},"wordCount":167,"commentCount":0,"image":{"@id":"https:\/\/batitrakya.live\/index.php\/hidirellez-bahar-senligi-6-mayis-sali-gunu-ilicada\/#primaryimage"},"thumbnailUrl":"https:\/\/batitrakya.live\/wp-content\/uploads\/2025\/05\/hidrillez_25_ilicada.jpg","keywords":["H\u0131d\u0131rellez","\u0130TB"],"articleSection":["Bat\u0131 Trakya Etkinlikler","Bat\u0131 Trakyam Haber"],"inLanguage":"tr","potentialAction":[{"@type":"CommentAction","name":"Comment","target":["https:\/\/batitrakya.live\/index.php\/hidirellez-bahar-senligi-6-mayis-sali-gunu-ilicada\/#respond"]}],"copyrightYear":"2025","copyrightHolder":{"@id":"https:\/\/batitrakya.live\/#organization"}},{"@type":"WebPage","@id":"https:\/\/batitrakya.live\/index.php\/hidirellez-bahar-senligi-6-mayis-sali-gunu-ilicada\/","url":"https:\/\/batitrakya.live\/index.php\/hidirellez-bahar-senligi-6-mayis-sali-gunu-ilicada\/","name":"H\u0131d\u0131rellez Bahar \u015eenli\u011fi 6 May\u0131s Sal\u0131 g\u00fcn\u00fc Il\u0131ca\u2019da... - Bat\u0131 Trakya Haber","isPartOf":{"@id":"https:\/\/batitrakya.live\/#website"},"primaryImageOfPage":{"@id":"https:\/\/batitrakya.live\/index.php\/hidirellez-bahar-senligi-6-mayis-sali-gunu-ilicada\/#primaryimage"},"image":{"@id":"https:\/\/batitrakya.live\/index.php\/hidirellez-bahar-senligi-6-mayis-sali-gunu-ilicada\/#primaryimage"},"thumbnailUrl":"https:\/\/batitrakya.live\/wp-content\/uploads\/2025\/05\/hidrillez_25_ilicada.jpg","datePublished":"2025-05-03T07:14:23+00:00","dateModified":"2025-05-03T07:14:48+00:00","author":{"@id":"https:\/\/batitrakya.live\/#\/schema\/person\/61b86abbc19e5fa0bbc3059670546fe5"},"description":"H\u0131d\u0131rellez Bahar \u015eenli\u011fi 6 May\u0131s Sal\u0131 g\u00fcn\u00fc Il\u0131ca\u2019da.","breadcrumb":{"@id":"https:\/\/batitrakya.live\/index.php\/hidirellez-bahar-senligi-6-mayis-sali-gunu-ilicada\/#breadcrumb"},"inLanguage":"tr","potentialAction":[{"@type":"ReadAction","target":["https:\/\/batitrakya.live\/index.php\/hidirellez-bahar-senligi-6-mayis-sali-gunu-ilicada\/"]}]},{"@type":"ImageObject","inLanguage":"tr","@id":"https:\/\/batitrakya.live\/index.php\/hidirellez-bahar-senligi-6-mayis-sali-gunu-ilicada\/#primaryimage","url":"https:\/\/batitrakya.live\/wp-content\/uploads\/2025\/05\/hidrillez_25_ilicada.jpg","contentUrl":"https:\/\/batitrakya.live\/wp-content\/uploads\/2025\/05\/hidrillez_25_ilicada.jpg","width":720,"height":348},{"@type":"BreadcrumbList","@id":"https:\/\/batitrakya.live\/index.php\/hidirellez-bahar-senligi-6-mayis-sali-gunu-ilicada\/#breadcrumb","itemListElement":[{"@type":"ListItem","position":1,"name":"Anasayfa","item":"https:\/\/batitrakya.live\/"},{"@type":"ListItem","position":2,"name":"H\u0131d\u0131rellez Bahar \u015eenli\u011fi 6 May\u0131s Sal\u0131 g\u00fcn\u00fc Il\u0131ca\u2019da&#8230;"}]},{"@type":"WebSite","@id":"https:\/\/batitrakya.live\/#website","url":"https:\/\/batitrakya.live\/","name":"Bat\u0131 Trakya Haber","description":"Bat\u0131 Trakyan\u0131n internetteki sesi..","potentialAction":[{"@type":"SearchAction","target":{"@type":"EntryPoint","urlTemplate":"https:\/\/batitrakya.live\/?s={search_term_string}"},"query-input":{"@type":"PropertyValueSpecification","valueRequired":true,"valueName":"search_term_string"}}],"inLanguage":"tr"},{"@type":"Person","@id":"https:\/\/batitrakya.live\/#\/schema\/person\/61b86abbc19e5fa0bbc3059670546fe5","name":"tamer","image":{"@type":"ImageObject","inLanguage":"tr","@id":"https:\/\/secure.gravatar.com\/avatar\/60b0ff14c4376999cea9565d28b91fc61ff0f727c28cd083506a6d83ad6df9c9?s=96&d=mm&r=g","url":"https:\/\/secure.gravatar.com\/avatar\/60b0ff14c4376999cea9565d28b91fc61ff0f727c28cd083506a6d83ad6df9c9?s=96&d=mm&r=g","contentUrl":"https:\/\/secure.gravatar.com\/avatar\/60b0ff14c4376999cea9565d28b91fc61ff0f727c28cd083506a6d83ad6df9c9?s=96&d=mm&r=g","caption":"tamer"},"sameAs":["https:\/\/batitrakya.live"],"url":"https:\/\/batitrakya.live\/index.php\/author\/tamer\/"}]}},"_links":{"self":[{"href":"https:\/\/batitrakya.live\/index.php\/wp-json\/wp\/v2\/posts\/43782","targetHints":{"allow":["GET"]}}],"collection":[{"href":"https:\/\/batitrakya.live\/index.php\/wp-json\/wp\/v2\/posts"}],"about":[{"href":"https:\/\/batitrakya.live\/index.php\/wp-json\/wp\/v2\/types\/post"}],"author":[{"embeddable":true,"href":"https:\/\/batitrakya.live\/index.php\/wp-json\/wp\/v2\/users\/1"}],"replies":[{"embeddable":true,"href":"https:\/\/batitrakya.live\/index.php\/wp-json\/wp\/v2\/comments?post=43782"}],"version-history":[{"count":1,"href":"https:\/\/batitrakya.live\/index.php\/wp-json\/wp\/v2\/posts\/43782\/revisions"}],"predecessor-version":[{"id":43787,"href":"https:\/\/batitrakya.live\/index.php\/wp-json\/wp\/v2\/posts\/43782\/revisions\/43787"}],"wp:featuredmedia":[{"embeddable":true,"href":"https:\/\/batitrakya.live\/index.php\/wp-json\/wp\/v2\/media\/43786"}],"wp:attachment":[{"href":"https:\/\/batitrakya.live\/index.php\/wp-json\/wp\/v2\/media?parent=43782"}],"wp:term":[{"taxonomy":"category","embeddable":true,"href":"https:\/\/batitrakya.live\/index.php\/wp-json\/wp\/v2\/categories?post=43782"},{"taxonomy":"post_tag","embeddable":true,"href":"https:\/\/batitrakya.live\/index.php\/wp-json\/wp\/v2\/tags?post=43782"}],"curies":[{"name":"wp","href":"https:\/\/api.w.org\/{rel}","templated":true}]}}