{"id":43703,"date":"2025-03-15T20:52:50","date_gmt":"2025-03-15T17:52:50","guid":{"rendered":"https:\/\/batitrakya.live\/?p=43703"},"modified":"2025-03-15T20:52:51","modified_gmt":"2025-03-15T17:52:51","slug":"sahin-koyu-genc-enesi-gozyaslari-ile-ugurladi","status":"publish","type":"post","link":"https:\/\/batitrakya.live\/index.php\/sahin-koyu-genc-enesi-gozyaslari-ile-ugurladi\/","title":{"rendered":"\u015eahin k\u00f6y\u00fc gen\u00e7 Enes\u2019i g\u00f6zya\u015flar\u0131 ile u\u011furlad\u0131&#8230;"},"content":{"rendered":"<p>\u0130ske\u00e7e \u015eahin k\u00f6y\u00fcnde ikamet eden ve 13 Mart Per\u015fembe g\u00fcn\u00fc ani bir \u015fekilde hayat\u0131n\u0131 kaybeden 21 ya\u015f\u0131ndaki Enes Kurak i\u00e7in 14 Mart Cuma g\u00fcn\u00fc d\u00fczenlenen cenaze t\u00f6reninde g\u00f6zya\u015flar\u0131 sel oldu akt\u0131.<\/p>\n<p>Cenaze merasimine \u0130ske\u00e7e, G\u00fcm\u00fclcine ve civar k\u00f6ylerden \u00e7ok say\u0131da soyda\u015f i\u015ftirak etti. Enes\u2019in babas\u0131 R\u0131dvan Kurak,annesi Leyla Trampa, aile \u00fcyeleri ve sevenleri cenaze t\u00f6reni boyunca g\u00f6zya\u015flar\u0131na h\u00e2kim olamad\u0131.<\/p>\n<p>Bat\u0131 Trakya T\u00fcrk Az\u0131nl\u0131\u011f\u0131 Dan\u0131\u015fma Kurulu Ba\u015fkan\u0131 ve \u0130ske\u00e7e M\u00fcft\u00fcs\u00fc Mustafa Trampa\u2019n\u0131n ye\u011feni olan Enes Kurak 14 Mart Cuma g\u00fcn\u00fc ikindi namaz\u0131n\u0131 m\u00fcteakiben \u015eahin k\u00f6y\u00fcnde g\u00f6zya\u015flar\u0131 ile ebediyete u\u011furland\u0131.<img decoding=\"async\" src=\"https:\/\/batitrakya.live\/wp-content\/uploads\/2025\/03\/sahin_vefat_25.jpg\" \/><\/p>\n<p>T\u00f6rene T\u00fcrkiye\u2019nin G\u00fcm\u00fclcine Ba\u015fkonsolosu Aykut \u00dcnal ve \u0130ske\u00e7e M\u00fcft\u00fcs\u00fc Mustafa Trampa\u2019n\u0131n yan\u0131 s\u0131ra, \u0130ske\u00e7e Yeni Sol Milletvekili H\u00fcseyin Zeybek, \u0130ske\u00e7e Ba\u011f\u0131ms\u0131z Milletvekili Burhan Baran, Rodop Yeni Sol Milletvekili \u00d6zg\u00fcr Ferhat, Eyalet Ba\u015fkan Yard\u0131mc\u0131s\u0131 \u0130rfan Hac\u0131gene, Mustaf\u00e7ova Belediye Ba\u015fkan\u0131 Ahmet Kurt, Kozlukebir Belediye Ba\u015fkan\u0131 Erdem H\u00fcseyin, Yass\u0131k\u00f6y Belediye Ba\u015fkan\u0131 Caner \u0130mam, eyaley meclis \u00fcyeleri, kurum ve kurulu\u015f ba\u015fkanlar\u0131, yerel y\u00f6neticiler ve y\u00fczlerce soyda\u015f kat\u0131ld\u0131.<\/p>\n<p>Bat\u0131 Trakya T\u00fcrk Az\u0131nl\u0131\u011f\u0131 Dan\u0131\u015fma Kurulu Ba\u015fkan\u0131 ve \u0130ske\u00e7e M\u00fcft\u00fcs\u00fc Mustafa Trampa\u2019n\u0131n k\u0131ld\u0131rd\u0131\u011f\u0131 cenaze namaz\u0131 sonras\u0131 gen\u00e7 Enes \u015eahin kabristan\u0131nda topra\u011fa verildi.<\/p>\n<p><iframe loading=\"lazy\" style=\"border: none; overflow: hidden;\" src=\"https:\/\/www.facebook.com\/plugins\/video.php?href=https%3A%2F%2Fwww.facebook.com%2Fmilletmedia%2Fvideos%2F638577365806493%2F%3Fref%3Dembed_video&amp;show_text=0&amp;width=267\" width=\"267\" height=\"476\" frameborder=\"0\" scrolling=\"no\" allowfullscreen=\"allowfullscreen\"><\/iframe><\/p>\n","protected":false},"excerpt":{"rendered":"<p>\u0130ske\u00e7e \u015eahin k\u00f6y\u00fcnde ikamet eden ve 13 Mart Per\u015fembe g\u00fcn\u00fc ani bir \u015fekilde hayat\u0131n\u0131 kaybeden 21 ya\u015f\u0131ndaki Enes Kurak i\u00e7in 14 Mart Cuma g\u00fcn\u00fc d\u00fczenlenen cenaze t\u00f6reninde g\u00f6zya\u015flar\u0131 sel oldu akt\u0131. Cenaze merasimine \u0130ske\u00e7e, G\u00fcm\u00fclcine ve civar k\u00f6ylerden \u00e7ok say\u0131da soyda\u015f i\u015ftirak etti. Enes\u2019in babas\u0131 R\u0131dvan Kurak,annesi Leyla Trampa, aile \u00fcyeleri ve sevenleri cenaze t\u00f6reni &hellip;<\/p>\n","protected":false},"author":1,"featured_media":43705,"comment_status":"open","ping_status":"open","sticky":false,"template":"","format":"standard","meta":{"footnotes":""},"categories":[24],"tags":[124,121],"class_list":["post-43703","post","type-post","status-publish","format-standard","has-post-thumbnail","hentry","category-bati-trakyam-haber","tag-sahin","tag-vefat"],"yoast_head":"<!-- This site is optimized with the Yoast SEO Premium plugin v26.3 (Yoast SEO v27.3) - https:\/\/yoast.com\/product\/yoast-seo-premium-wordpress\/ -->\n<title>\u015eahin k\u00f6y\u00fc gen\u00e7 Enes\u2019i g\u00f6zya\u015flar\u0131 ile u\u011furlad\u0131... - Bat\u0131 Trakya Haber<\/title>\n<meta name=\"description\" content=\"\u015eahin k\u00f6y\u00fc gen\u00e7 Enes\u2019i g\u00f6zya\u015flar\u0131 ile u\u011furlad\u0131.\" \/>\n<meta name=\"robots\" content=\"index, follow, max-snippet:-1, max-image-preview:large, max-video-preview:-1\" \/>\n<link rel=\"canonical\" href=\"https:\/\/batitrakya.live\/index.php\/sahin-koyu-genc-enesi-gozyaslari-ile-ugurladi\/\" \/>\n<meta property=\"og:locale\" content=\"tr_TR\" \/>\n<meta property=\"og:type\" content=\"article\" \/>\n<meta property=\"og:title\" content=\"\u015eahin k\u00f6y\u00fc gen\u00e7 Enes\u2019i g\u00f6zya\u015flar\u0131 ile u\u011furlad\u0131...\" \/>\n<meta property=\"og:description\" content=\"\u015eahin k\u00f6y\u00fc gen\u00e7 Enes\u2019i g\u00f6zya\u015flar\u0131 ile u\u011furlad\u0131.\" \/>\n<meta property=\"og:url\" content=\"https:\/\/batitrakya.live\/index.php\/sahin-koyu-genc-enesi-gozyaslari-ile-ugurladi\/\" \/>\n<meta property=\"og:site_name\" content=\"Bat\u0131 Trakya Haber\" \/>\n<meta property=\"article:published_time\" content=\"2025-03-15T17:52:50+00:00\" \/>\n<meta property=\"article:modified_time\" content=\"2025-03-15T17:52:51+00:00\" \/>\n<meta property=\"og:image\" content=\"https:\/\/batitrakya.live\/wp-content\/uploads\/2025\/03\/sahin_vefat_25.1.jpg\" \/>\n\t<meta property=\"og:image:width\" content=\"720\" \/>\n\t<meta property=\"og:image:height\" content=\"348\" \/>\n\t<meta property=\"og:image:type\" content=\"image\/jpeg\" \/>\n<meta name=\"author\" content=\"tamer\" \/>\n<meta name=\"twitter:card\" content=\"summary_large_image\" \/>\n<meta name=\"twitter:label1\" content=\"Yazan:\" \/>\n\t<meta name=\"twitter:data1\" content=\"tamer\" \/>\n\t<meta name=\"twitter:label2\" content=\"Tahmini okuma s\u00fcresi\" \/>\n\t<meta name=\"twitter:data2\" content=\"2 dakika\" \/>\n<script type=\"application\/ld+json\" class=\"yoast-schema-graph\">{\"@context\":\"https:\\\/\\\/schema.org\",\"@graph\":[{\"@type\":\"Article\",\"@id\":\"https:\\\/\\\/batitrakya.live\\\/index.php\\\/sahin-koyu-genc-enesi-gozyaslari-ile-ugurladi\\\/#article\",\"isPartOf\":{\"@id\":\"https:\\\/\\\/batitrakya.live\\\/index.php\\\/sahin-koyu-genc-enesi-gozyaslari-ile-ugurladi\\\/\"},\"author\":{\"name\":\"tamer\",\"@id\":\"https:\\\/\\\/batitrakya.live\\\/#\\\/schema\\\/person\\\/61b86abbc19e5fa0bbc3059670546fe5\"},\"headline\":\"\u015eahin k\u00f6y\u00fc gen\u00e7 Enes\u2019i g\u00f6zya\u015flar\u0131 ile u\u011furlad\u0131&#8230;\",\"datePublished\":\"2025-03-15T17:52:50+00:00\",\"dateModified\":\"2025-03-15T17:52:51+00:00\",\"mainEntityOfPage\":{\"@id\":\"https:\\\/\\\/batitrakya.live\\\/index.php\\\/sahin-koyu-genc-enesi-gozyaslari-ile-ugurladi\\\/\"},\"wordCount\":272,\"commentCount\":0,\"image\":{\"@id\":\"https:\\\/\\\/batitrakya.live\\\/index.php\\\/sahin-koyu-genc-enesi-gozyaslari-ile-ugurladi\\\/#primaryimage\"},\"thumbnailUrl\":\"https:\\\/\\\/batitrakya.live\\\/wp-content\\\/uploads\\\/2025\\\/03\\\/sahin_vefat_25.1.jpg\",\"keywords\":[\"\u015eahin\",\"Vefat\"],\"articleSection\":[\"Bat\u0131 Trakyam Haber\"],\"inLanguage\":\"tr\",\"potentialAction\":[{\"@type\":\"CommentAction\",\"name\":\"Comment\",\"target\":[\"https:\\\/\\\/batitrakya.live\\\/index.php\\\/sahin-koyu-genc-enesi-gozyaslari-ile-ugurladi\\\/#respond\"]}],\"copyrightYear\":\"2025\",\"copyrightHolder\":{\"@id\":\"https:\\\/\\\/batitrakya.live\\\/#organization\"}},{\"@type\":\"WebPage\",\"@id\":\"https:\\\/\\\/batitrakya.live\\\/index.php\\\/sahin-koyu-genc-enesi-gozyaslari-ile-ugurladi\\\/\",\"url\":\"https:\\\/\\\/batitrakya.live\\\/index.php\\\/sahin-koyu-genc-enesi-gozyaslari-ile-ugurladi\\\/\",\"name\":\"\u015eahin k\u00f6y\u00fc gen\u00e7 Enes\u2019i g\u00f6zya\u015flar\u0131 ile u\u011furlad\u0131... - Bat\u0131 Trakya Haber\",\"isPartOf\":{\"@id\":\"https:\\\/\\\/batitrakya.live\\\/#website\"},\"primaryImageOfPage\":{\"@id\":\"https:\\\/\\\/batitrakya.live\\\/index.php\\\/sahin-koyu-genc-enesi-gozyaslari-ile-ugurladi\\\/#primaryimage\"},\"image\":{\"@id\":\"https:\\\/\\\/batitrakya.live\\\/index.php\\\/sahin-koyu-genc-enesi-gozyaslari-ile-ugurladi\\\/#primaryimage\"},\"thumbnailUrl\":\"https:\\\/\\\/batitrakya.live\\\/wp-content\\\/uploads\\\/2025\\\/03\\\/sahin_vefat_25.1.jpg\",\"datePublished\":\"2025-03-15T17:52:50+00:00\",\"dateModified\":\"2025-03-15T17:52:51+00:00\",\"author\":{\"@id\":\"https:\\\/\\\/batitrakya.live\\\/#\\\/schema\\\/person\\\/61b86abbc19e5fa0bbc3059670546fe5\"},\"description\":\"\u015eahin k\u00f6y\u00fc gen\u00e7 Enes\u2019i g\u00f6zya\u015flar\u0131 ile u\u011furlad\u0131.\",\"breadcrumb\":{\"@id\":\"https:\\\/\\\/batitrakya.live\\\/index.php\\\/sahin-koyu-genc-enesi-gozyaslari-ile-ugurladi\\\/#breadcrumb\"},\"inLanguage\":\"tr\",\"potentialAction\":[{\"@type\":\"ReadAction\",\"target\":[\"https:\\\/\\\/batitrakya.live\\\/index.php\\\/sahin-koyu-genc-enesi-gozyaslari-ile-ugurladi\\\/\"]}]},{\"@type\":\"ImageObject\",\"inLanguage\":\"tr\",\"@id\":\"https:\\\/\\\/batitrakya.live\\\/index.php\\\/sahin-koyu-genc-enesi-gozyaslari-ile-ugurladi\\\/#primaryimage\",\"url\":\"https:\\\/\\\/batitrakya.live\\\/wp-content\\\/uploads\\\/2025\\\/03\\\/sahin_vefat_25.1.jpg\",\"contentUrl\":\"https:\\\/\\\/batitrakya.live\\\/wp-content\\\/uploads\\\/2025\\\/03\\\/sahin_vefat_25.1.jpg\",\"width\":720,\"height\":348},{\"@type\":\"BreadcrumbList\",\"@id\":\"https:\\\/\\\/batitrakya.live\\\/index.php\\\/sahin-koyu-genc-enesi-gozyaslari-ile-ugurladi\\\/#breadcrumb\",\"itemListElement\":[{\"@type\":\"ListItem\",\"position\":1,\"name\":\"Anasayfa\",\"item\":\"https:\\\/\\\/batitrakya.live\\\/\"},{\"@type\":\"ListItem\",\"position\":2,\"name\":\"\u015eahin k\u00f6y\u00fc gen\u00e7 Enes\u2019i g\u00f6zya\u015flar\u0131 ile u\u011furlad\u0131&#8230;\"}]},{\"@type\":\"WebSite\",\"@id\":\"https:\\\/\\\/batitrakya.live\\\/#website\",\"url\":\"https:\\\/\\\/batitrakya.live\\\/\",\"name\":\"Bat\u0131 Trakya Haber\",\"description\":\"Bat\u0131 Trakyan\u0131n internetteki sesi..\",\"potentialAction\":[{\"@type\":\"SearchAction\",\"target\":{\"@type\":\"EntryPoint\",\"urlTemplate\":\"https:\\\/\\\/batitrakya.live\\\/?s={search_term_string}\"},\"query-input\":{\"@type\":\"PropertyValueSpecification\",\"valueRequired\":true,\"valueName\":\"search_term_string\"}}],\"inLanguage\":\"tr\"},{\"@type\":\"Person\",\"@id\":\"https:\\\/\\\/batitrakya.live\\\/#\\\/schema\\\/person\\\/61b86abbc19e5fa0bbc3059670546fe5\",\"name\":\"tamer\",\"image\":{\"@type\":\"ImageObject\",\"inLanguage\":\"tr\",\"@id\":\"https:\\\/\\\/secure.gravatar.com\\\/avatar\\\/60b0ff14c4376999cea9565d28b91fc61ff0f727c28cd083506a6d83ad6df9c9?s=96&d=mm&r=g\",\"url\":\"https:\\\/\\\/secure.gravatar.com\\\/avatar\\\/60b0ff14c4376999cea9565d28b91fc61ff0f727c28cd083506a6d83ad6df9c9?s=96&d=mm&r=g\",\"contentUrl\":\"https:\\\/\\\/secure.gravatar.com\\\/avatar\\\/60b0ff14c4376999cea9565d28b91fc61ff0f727c28cd083506a6d83ad6df9c9?s=96&d=mm&r=g\",\"caption\":\"tamer\"},\"sameAs\":[\"https:\\\/\\\/batitrakya.live\"],\"url\":\"https:\\\/\\\/batitrakya.live\\\/index.php\\\/author\\\/tamer\\\/\"}]}<\/script>\n<!-- \/ Yoast SEO Premium plugin. -->","yoast_head_json":{"title":"\u015eahin k\u00f6y\u00fc gen\u00e7 Enes\u2019i g\u00f6zya\u015flar\u0131 ile u\u011furlad\u0131... - Bat\u0131 Trakya Haber","description":"\u015eahin k\u00f6y\u00fc gen\u00e7 Enes\u2019i g\u00f6zya\u015flar\u0131 ile u\u011furlad\u0131.","robots":{"index":"index","follow":"follow","max-snippet":"max-snippet:-1","max-image-preview":"max-image-preview:large","max-video-preview":"max-video-preview:-1"},"canonical":"https:\/\/batitrakya.live\/index.php\/sahin-koyu-genc-enesi-gozyaslari-ile-ugurladi\/","og_locale":"tr_TR","og_type":"article","og_title":"\u015eahin k\u00f6y\u00fc gen\u00e7 Enes\u2019i g\u00f6zya\u015flar\u0131 ile u\u011furlad\u0131...","og_description":"\u015eahin k\u00f6y\u00fc gen\u00e7 Enes\u2019i g\u00f6zya\u015flar\u0131 ile u\u011furlad\u0131.","og_url":"https:\/\/batitrakya.live\/index.php\/sahin-koyu-genc-enesi-gozyaslari-ile-ugurladi\/","og_site_name":"Bat\u0131 Trakya Haber","article_published_time":"2025-03-15T17:52:50+00:00","article_modified_time":"2025-03-15T17:52:51+00:00","og_image":[{"width":720,"height":348,"url":"https:\/\/batitrakya.live\/wp-content\/uploads\/2025\/03\/sahin_vefat_25.1.jpg","type":"image\/jpeg"}],"author":"tamer","twitter_card":"summary_large_image","twitter_misc":{"Yazan:":"tamer","Tahmini okuma s\u00fcresi":"2 dakika"},"schema":{"@context":"https:\/\/schema.org","@graph":[{"@type":"Article","@id":"https:\/\/batitrakya.live\/index.php\/sahin-koyu-genc-enesi-gozyaslari-ile-ugurladi\/#article","isPartOf":{"@id":"https:\/\/batitrakya.live\/index.php\/sahin-koyu-genc-enesi-gozyaslari-ile-ugurladi\/"},"author":{"name":"tamer","@id":"https:\/\/batitrakya.live\/#\/schema\/person\/61b86abbc19e5fa0bbc3059670546fe5"},"headline":"\u015eahin k\u00f6y\u00fc gen\u00e7 Enes\u2019i g\u00f6zya\u015flar\u0131 ile u\u011furlad\u0131&#8230;","datePublished":"2025-03-15T17:52:50+00:00","dateModified":"2025-03-15T17:52:51+00:00","mainEntityOfPage":{"@id":"https:\/\/batitrakya.live\/index.php\/sahin-koyu-genc-enesi-gozyaslari-ile-ugurladi\/"},"wordCount":272,"commentCount":0,"image":{"@id":"https:\/\/batitrakya.live\/index.php\/sahin-koyu-genc-enesi-gozyaslari-ile-ugurladi\/#primaryimage"},"thumbnailUrl":"https:\/\/batitrakya.live\/wp-content\/uploads\/2025\/03\/sahin_vefat_25.1.jpg","keywords":["\u015eahin","Vefat"],"articleSection":["Bat\u0131 Trakyam Haber"],"inLanguage":"tr","potentialAction":[{"@type":"CommentAction","name":"Comment","target":["https:\/\/batitrakya.live\/index.php\/sahin-koyu-genc-enesi-gozyaslari-ile-ugurladi\/#respond"]}],"copyrightYear":"2025","copyrightHolder":{"@id":"https:\/\/batitrakya.live\/#organization"}},{"@type":"WebPage","@id":"https:\/\/batitrakya.live\/index.php\/sahin-koyu-genc-enesi-gozyaslari-ile-ugurladi\/","url":"https:\/\/batitrakya.live\/index.php\/sahin-koyu-genc-enesi-gozyaslari-ile-ugurladi\/","name":"\u015eahin k\u00f6y\u00fc gen\u00e7 Enes\u2019i g\u00f6zya\u015flar\u0131 ile u\u011furlad\u0131... - Bat\u0131 Trakya Haber","isPartOf":{"@id":"https:\/\/batitrakya.live\/#website"},"primaryImageOfPage":{"@id":"https:\/\/batitrakya.live\/index.php\/sahin-koyu-genc-enesi-gozyaslari-ile-ugurladi\/#primaryimage"},"image":{"@id":"https:\/\/batitrakya.live\/index.php\/sahin-koyu-genc-enesi-gozyaslari-ile-ugurladi\/#primaryimage"},"thumbnailUrl":"https:\/\/batitrakya.live\/wp-content\/uploads\/2025\/03\/sahin_vefat_25.1.jpg","datePublished":"2025-03-15T17:52:50+00:00","dateModified":"2025-03-15T17:52:51+00:00","author":{"@id":"https:\/\/batitrakya.live\/#\/schema\/person\/61b86abbc19e5fa0bbc3059670546fe5"},"description":"\u015eahin k\u00f6y\u00fc gen\u00e7 Enes\u2019i g\u00f6zya\u015flar\u0131 ile u\u011furlad\u0131.","breadcrumb":{"@id":"https:\/\/batitrakya.live\/index.php\/sahin-koyu-genc-enesi-gozyaslari-ile-ugurladi\/#breadcrumb"},"inLanguage":"tr","potentialAction":[{"@type":"ReadAction","target":["https:\/\/batitrakya.live\/index.php\/sahin-koyu-genc-enesi-gozyaslari-ile-ugurladi\/"]}]},{"@type":"ImageObject","inLanguage":"tr","@id":"https:\/\/batitrakya.live\/index.php\/sahin-koyu-genc-enesi-gozyaslari-ile-ugurladi\/#primaryimage","url":"https:\/\/batitrakya.live\/wp-content\/uploads\/2025\/03\/sahin_vefat_25.1.jpg","contentUrl":"https:\/\/batitrakya.live\/wp-content\/uploads\/2025\/03\/sahin_vefat_25.1.jpg","width":720,"height":348},{"@type":"BreadcrumbList","@id":"https:\/\/batitrakya.live\/index.php\/sahin-koyu-genc-enesi-gozyaslari-ile-ugurladi\/#breadcrumb","itemListElement":[{"@type":"ListItem","position":1,"name":"Anasayfa","item":"https:\/\/batitrakya.live\/"},{"@type":"ListItem","position":2,"name":"\u015eahin k\u00f6y\u00fc gen\u00e7 Enes\u2019i g\u00f6zya\u015flar\u0131 ile u\u011furlad\u0131&#8230;"}]},{"@type":"WebSite","@id":"https:\/\/batitrakya.live\/#website","url":"https:\/\/batitrakya.live\/","name":"Bat\u0131 Trakya Haber","description":"Bat\u0131 Trakyan\u0131n internetteki sesi..","potentialAction":[{"@type":"SearchAction","target":{"@type":"EntryPoint","urlTemplate":"https:\/\/batitrakya.live\/?s={search_term_string}"},"query-input":{"@type":"PropertyValueSpecification","valueRequired":true,"valueName":"search_term_string"}}],"inLanguage":"tr"},{"@type":"Person","@id":"https:\/\/batitrakya.live\/#\/schema\/person\/61b86abbc19e5fa0bbc3059670546fe5","name":"tamer","image":{"@type":"ImageObject","inLanguage":"tr","@id":"https:\/\/secure.gravatar.com\/avatar\/60b0ff14c4376999cea9565d28b91fc61ff0f727c28cd083506a6d83ad6df9c9?s=96&d=mm&r=g","url":"https:\/\/secure.gravatar.com\/avatar\/60b0ff14c4376999cea9565d28b91fc61ff0f727c28cd083506a6d83ad6df9c9?s=96&d=mm&r=g","contentUrl":"https:\/\/secure.gravatar.com\/avatar\/60b0ff14c4376999cea9565d28b91fc61ff0f727c28cd083506a6d83ad6df9c9?s=96&d=mm&r=g","caption":"tamer"},"sameAs":["https:\/\/batitrakya.live"],"url":"https:\/\/batitrakya.live\/index.php\/author\/tamer\/"}]}},"_links":{"self":[{"href":"https:\/\/batitrakya.live\/index.php\/wp-json\/wp\/v2\/posts\/43703","targetHints":{"allow":["GET"]}}],"collection":[{"href":"https:\/\/batitrakya.live\/index.php\/wp-json\/wp\/v2\/posts"}],"about":[{"href":"https:\/\/batitrakya.live\/index.php\/wp-json\/wp\/v2\/types\/post"}],"author":[{"embeddable":true,"href":"https:\/\/batitrakya.live\/index.php\/wp-json\/wp\/v2\/users\/1"}],"replies":[{"embeddable":true,"href":"https:\/\/batitrakya.live\/index.php\/wp-json\/wp\/v2\/comments?post=43703"}],"version-history":[{"count":1,"href":"https:\/\/batitrakya.live\/index.php\/wp-json\/wp\/v2\/posts\/43703\/revisions"}],"predecessor-version":[{"id":43706,"href":"https:\/\/batitrakya.live\/index.php\/wp-json\/wp\/v2\/posts\/43703\/revisions\/43706"}],"wp:featuredmedia":[{"embeddable":true,"href":"https:\/\/batitrakya.live\/index.php\/wp-json\/wp\/v2\/media\/43705"}],"wp:attachment":[{"href":"https:\/\/batitrakya.live\/index.php\/wp-json\/wp\/v2\/media?parent=43703"}],"wp:term":[{"taxonomy":"category","embeddable":true,"href":"https:\/\/batitrakya.live\/index.php\/wp-json\/wp\/v2\/categories?post=43703"},{"taxonomy":"post_tag","embeddable":true,"href":"https:\/\/batitrakya.live\/index.php\/wp-json\/wp\/v2\/tags?post=43703"}],"curies":[{"name":"wp","href":"https:\/\/api.w.org\/{rel}","templated":true}]}}