{"id":43574,"date":"2024-12-19T21:05:20","date_gmt":"2024-12-19T18:05:20","guid":{"rendered":"https:\/\/batitrakya.live\/?p=43574"},"modified":"2024-12-19T21:05:21","modified_gmt":"2024-12-19T18:05:21","slug":"yunanistana-simdiden-yaz-ucuslari-programlandi","status":"publish","type":"post","link":"https:\/\/batitrakya.live\/index.php\/yunanistana-simdiden-yaz-ucuslari-programlandi\/","title":{"rendered":"Yunanistan\u2019a \u015fimdiden yaz u\u00e7u\u015flar\u0131 programland\u0131&#8230;"},"content":{"rendered":"<p>T\u00fcrkiye ile Yunanistan aras\u0131ndaki u\u00e7u\u015flar, ge\u00e7en yaz sezonunda beklenenden daha fazla talep g\u00f6rm\u00fc\u015ft\u00fc. T\u00fcrk vatanda\u015flar\u0131n\u0131n yaz tatili i\u00e7in tercih etti\u011fi pop\u00fcler destinasyonlar aras\u0131nda Yunan adalar\u0131 ba\u015f\u0131 \u00e7ekti. Bu artan talep \u00fczerine, u\u00e7ak \u015firketleri yeni sezon \u00f6ncesinde haz\u0131rl\u0131klar\u0131n\u0131 h\u0131zland\u0131rarak u\u00e7u\u015f programlar\u0131n\u0131 \u015fimdiden belirledi.<\/p>\n<p><strong>SEZONLUK U\u00c7U\u015eLAR AIRBUS A320 \u0130LE GER\u00c7EKLE\u015eECEK<\/strong><\/p>\n<p>Yaz sezonunda yap\u0131lacak u\u00e7u\u015flar, Airbus A320 tipi u\u00e7aklarla ger\u00e7ekle\u015ftirilecek. Bu u\u00e7u\u015flar, Yunanistan\u2019\u0131n en \u00e7ok tercih edilen adalar\u0131na, T\u00fcrk tatilcilerine kolay eri\u015fim sa\u011flayacak. Sezonluk olarak planlanan u\u00e7u\u015flar, Ekim ay\u0131na kadar s\u00fcrecek. Yunanistan\u2019a yap\u0131lacak u\u00e7u\u015flar, yaz boyunca b\u00fcy\u00fck ilgi g\u00f6rmesi beklenen bir di\u011fer tatil alternatifi olarak \u00f6ne \u00e7\u0131k\u0131yor.<\/p>\n<p><strong>U\u00c7U\u015e PROGRAMI DUYURULDU<\/strong><\/p>\n<p><em><strong>Yeni sezon i\u00e7in planlanan u\u00e7u\u015f program\u0131 \u015fu \u015fekilde s\u0131raland\u0131:<\/strong><\/em><\/p>\n<ul>\n<li>Heraklion (Girit) \u2013 \u0130stanbul: 2 Haziran\u2019dan itibaren haftal\u0131k 4 u\u00e7u\u015f<\/li>\n<li>Mikonos \u2013 \u0130stanbul: 5 Haziran\u2019dan itibaren haftal\u0131k 1 u\u00e7u\u015f<\/li>\n<li>Rodos \u2013 \u0130stanbul: 20 May\u0131s\u2019tan itibaren haftal\u0131k 2 u\u00e7u\u015f<\/li>\n<li>Santorini \u2013 \u0130stanbul: 3 Haziran\u2019dan itibaren haftal\u0131k 2 u\u00e7u\u015f<\/li>\n<\/ul>\n<p>Bu u\u00e7u\u015flarla birlikte, T\u00fcrk tatilcilerine Yunan adalar\u0131na daha kolay ula\u015f\u0131m sa\u011flanacak ve tatil planlar\u0131 \u00e7ok daha ula\u015f\u0131labilir hale gelecek.<\/p>\n","protected":false},"excerpt":{"rendered":"<p>T\u00fcrkiye ile Yunanistan aras\u0131ndaki u\u00e7u\u015flar, ge\u00e7en yaz sezonunda beklenenden daha fazla talep g\u00f6rm\u00fc\u015ft\u00fc. T\u00fcrk vatanda\u015flar\u0131n\u0131n yaz tatili i\u00e7in tercih etti\u011fi pop\u00fcler destinasyonlar aras\u0131nda Yunan adalar\u0131 ba\u015f\u0131 \u00e7ekti. Bu artan talep \u00fczerine, u\u00e7ak \u015firketleri yeni sezon \u00f6ncesinde haz\u0131rl\u0131klar\u0131n\u0131 h\u0131zland\u0131rarak u\u00e7u\u015f programlar\u0131n\u0131 \u015fimdiden belirledi. SEZONLUK U\u00c7U\u015eLAR AIRBUS A320 \u0130LE GER\u00c7EKLE\u015eECEK Yaz sezonunda yap\u0131lacak u\u00e7u\u015flar, Airbus A320 tipi &hellip;<\/p>\n","protected":false},"author":1,"featured_media":43575,"comment_status":"open","ping_status":"open","sticky":false,"template":"","format":"standard","meta":{"footnotes":""},"categories":[57],"tags":[580],"class_list":["post-43574","post","type-post","status-publish","format-standard","has-post-thumbnail","hentry","category-yunanistan","tag-tatil"],"yoast_head":"<!-- This site is optimized with the Yoast SEO Premium plugin v26.3 (Yoast SEO v27.3) - https:\/\/yoast.com\/product\/yoast-seo-premium-wordpress\/ -->\n<title>Yunanistan\u2019a \u015fimdiden yaz u\u00e7u\u015flar\u0131 programland\u0131... - Bat\u0131 Trakya Haber<\/title>\n<meta name=\"description\" content=\"Yunanistan\u2019a \u015fimdiden yaz u\u00e7u\u015flar\u0131 programland\u0131...\" \/>\n<meta name=\"robots\" content=\"index, follow, max-snippet:-1, max-image-preview:large, max-video-preview:-1\" \/>\n<link rel=\"canonical\" href=\"https:\/\/batitrakya.live\/index.php\/yunanistana-simdiden-yaz-ucuslari-programlandi\/\" \/>\n<meta property=\"og:locale\" content=\"tr_TR\" \/>\n<meta property=\"og:type\" content=\"article\" \/>\n<meta property=\"og:title\" content=\"Yunanistan\u2019a \u015fimdiden yaz u\u00e7u\u015flar\u0131 programland\u0131...\" \/>\n<meta property=\"og:description\" content=\"Yunanistan\u2019a \u015fimdiden yaz u\u00e7u\u015flar\u0131 programland\u0131...\" \/>\n<meta property=\"og:url\" content=\"https:\/\/batitrakya.live\/index.php\/yunanistana-simdiden-yaz-ucuslari-programlandi\/\" \/>\n<meta property=\"og:site_name\" content=\"Bat\u0131 Trakya Haber\" \/>\n<meta property=\"article:published_time\" content=\"2024-12-19T18:05:20+00:00\" \/>\n<meta property=\"article:modified_time\" content=\"2024-12-19T18:05:21+00:00\" \/>\n<meta property=\"og:image\" content=\"https:\/\/batitrakya.live\/wp-content\/uploads\/2024\/12\/turkish-air.jpg\" \/>\n\t<meta property=\"og:image:width\" content=\"720\" \/>\n\t<meta property=\"og:image:height\" content=\"348\" \/>\n\t<meta property=\"og:image:type\" content=\"image\/jpeg\" \/>\n<meta name=\"author\" content=\"tamer\" \/>\n<meta name=\"twitter:card\" content=\"summary_large_image\" \/>\n<meta name=\"twitter:label1\" content=\"Yazan:\" \/>\n\t<meta name=\"twitter:data1\" content=\"tamer\" \/>\n\t<meta name=\"twitter:label2\" content=\"Tahmini okuma s\u00fcresi\" \/>\n\t<meta name=\"twitter:data2\" content=\"2 dakika\" \/>\n<script type=\"application\/ld+json\" class=\"yoast-schema-graph\">{\"@context\":\"https:\\\/\\\/schema.org\",\"@graph\":[{\"@type\":\"Article\",\"@id\":\"https:\\\/\\\/batitrakya.live\\\/index.php\\\/yunanistana-simdiden-yaz-ucuslari-programlandi\\\/#article\",\"isPartOf\":{\"@id\":\"https:\\\/\\\/batitrakya.live\\\/index.php\\\/yunanistana-simdiden-yaz-ucuslari-programlandi\\\/\"},\"author\":{\"name\":\"tamer\",\"@id\":\"https:\\\/\\\/batitrakya.live\\\/#\\\/schema\\\/person\\\/61b86abbc19e5fa0bbc3059670546fe5\"},\"headline\":\"Yunanistan\u2019a \u015fimdiden yaz u\u00e7u\u015flar\u0131 programland\u0131&#8230;\",\"datePublished\":\"2024-12-19T18:05:20+00:00\",\"dateModified\":\"2024-12-19T18:05:21+00:00\",\"mainEntityOfPage\":{\"@id\":\"https:\\\/\\\/batitrakya.live\\\/index.php\\\/yunanistana-simdiden-yaz-ucuslari-programlandi\\\/\"},\"wordCount\":235,\"commentCount\":0,\"image\":{\"@id\":\"https:\\\/\\\/batitrakya.live\\\/index.php\\\/yunanistana-simdiden-yaz-ucuslari-programlandi\\\/#primaryimage\"},\"thumbnailUrl\":\"https:\\\/\\\/batitrakya.live\\\/wp-content\\\/uploads\\\/2024\\\/12\\\/turkish-air.jpg\",\"keywords\":[\"Tatil\"],\"articleSection\":[\"Yunanistan Haber\"],\"inLanguage\":\"tr\",\"potentialAction\":[{\"@type\":\"CommentAction\",\"name\":\"Comment\",\"target\":[\"https:\\\/\\\/batitrakya.live\\\/index.php\\\/yunanistana-simdiden-yaz-ucuslari-programlandi\\\/#respond\"]}],\"copyrightYear\":\"2024\",\"copyrightHolder\":{\"@id\":\"https:\\\/\\\/batitrakya.live\\\/#organization\"}},{\"@type\":\"WebPage\",\"@id\":\"https:\\\/\\\/batitrakya.live\\\/index.php\\\/yunanistana-simdiden-yaz-ucuslari-programlandi\\\/\",\"url\":\"https:\\\/\\\/batitrakya.live\\\/index.php\\\/yunanistana-simdiden-yaz-ucuslari-programlandi\\\/\",\"name\":\"Yunanistan\u2019a \u015fimdiden yaz u\u00e7u\u015flar\u0131 programland\u0131... - Bat\u0131 Trakya Haber\",\"isPartOf\":{\"@id\":\"https:\\\/\\\/batitrakya.live\\\/#website\"},\"primaryImageOfPage\":{\"@id\":\"https:\\\/\\\/batitrakya.live\\\/index.php\\\/yunanistana-simdiden-yaz-ucuslari-programlandi\\\/#primaryimage\"},\"image\":{\"@id\":\"https:\\\/\\\/batitrakya.live\\\/index.php\\\/yunanistana-simdiden-yaz-ucuslari-programlandi\\\/#primaryimage\"},\"thumbnailUrl\":\"https:\\\/\\\/batitrakya.live\\\/wp-content\\\/uploads\\\/2024\\\/12\\\/turkish-air.jpg\",\"datePublished\":\"2024-12-19T18:05:20+00:00\",\"dateModified\":\"2024-12-19T18:05:21+00:00\",\"author\":{\"@id\":\"https:\\\/\\\/batitrakya.live\\\/#\\\/schema\\\/person\\\/61b86abbc19e5fa0bbc3059670546fe5\"},\"description\":\"Yunanistan\u2019a \u015fimdiden yaz u\u00e7u\u015flar\u0131 programland\u0131...\",\"breadcrumb\":{\"@id\":\"https:\\\/\\\/batitrakya.live\\\/index.php\\\/yunanistana-simdiden-yaz-ucuslari-programlandi\\\/#breadcrumb\"},\"inLanguage\":\"tr\",\"potentialAction\":[{\"@type\":\"ReadAction\",\"target\":[\"https:\\\/\\\/batitrakya.live\\\/index.php\\\/yunanistana-simdiden-yaz-ucuslari-programlandi\\\/\"]}]},{\"@type\":\"ImageObject\",\"inLanguage\":\"tr\",\"@id\":\"https:\\\/\\\/batitrakya.live\\\/index.php\\\/yunanistana-simdiden-yaz-ucuslari-programlandi\\\/#primaryimage\",\"url\":\"https:\\\/\\\/batitrakya.live\\\/wp-content\\\/uploads\\\/2024\\\/12\\\/turkish-air.jpg\",\"contentUrl\":\"https:\\\/\\\/batitrakya.live\\\/wp-content\\\/uploads\\\/2024\\\/12\\\/turkish-air.jpg\",\"width\":720,\"height\":348},{\"@type\":\"BreadcrumbList\",\"@id\":\"https:\\\/\\\/batitrakya.live\\\/index.php\\\/yunanistana-simdiden-yaz-ucuslari-programlandi\\\/#breadcrumb\",\"itemListElement\":[{\"@type\":\"ListItem\",\"position\":1,\"name\":\"Anasayfa\",\"item\":\"https:\\\/\\\/batitrakya.live\\\/\"},{\"@type\":\"ListItem\",\"position\":2,\"name\":\"Yunanistan\u2019a \u015fimdiden yaz u\u00e7u\u015flar\u0131 programland\u0131&#8230;\"}]},{\"@type\":\"WebSite\",\"@id\":\"https:\\\/\\\/batitrakya.live\\\/#website\",\"url\":\"https:\\\/\\\/batitrakya.live\\\/\",\"name\":\"Bat\u0131 Trakya Haber\",\"description\":\"Bat\u0131 Trakyan\u0131n internetteki sesi..\",\"potentialAction\":[{\"@type\":\"SearchAction\",\"target\":{\"@type\":\"EntryPoint\",\"urlTemplate\":\"https:\\\/\\\/batitrakya.live\\\/?s={search_term_string}\"},\"query-input\":{\"@type\":\"PropertyValueSpecification\",\"valueRequired\":true,\"valueName\":\"search_term_string\"}}],\"inLanguage\":\"tr\"},{\"@type\":\"Person\",\"@id\":\"https:\\\/\\\/batitrakya.live\\\/#\\\/schema\\\/person\\\/61b86abbc19e5fa0bbc3059670546fe5\",\"name\":\"tamer\",\"image\":{\"@type\":\"ImageObject\",\"inLanguage\":\"tr\",\"@id\":\"https:\\\/\\\/secure.gravatar.com\\\/avatar\\\/60b0ff14c4376999cea9565d28b91fc61ff0f727c28cd083506a6d83ad6df9c9?s=96&d=mm&r=g\",\"url\":\"https:\\\/\\\/secure.gravatar.com\\\/avatar\\\/60b0ff14c4376999cea9565d28b91fc61ff0f727c28cd083506a6d83ad6df9c9?s=96&d=mm&r=g\",\"contentUrl\":\"https:\\\/\\\/secure.gravatar.com\\\/avatar\\\/60b0ff14c4376999cea9565d28b91fc61ff0f727c28cd083506a6d83ad6df9c9?s=96&d=mm&r=g\",\"caption\":\"tamer\"},\"sameAs\":[\"https:\\\/\\\/batitrakya.live\"],\"url\":\"https:\\\/\\\/batitrakya.live\\\/index.php\\\/author\\\/tamer\\\/\"}]}<\/script>\n<!-- \/ Yoast SEO Premium plugin. -->","yoast_head_json":{"title":"Yunanistan\u2019a \u015fimdiden yaz u\u00e7u\u015flar\u0131 programland\u0131... - Bat\u0131 Trakya Haber","description":"Yunanistan\u2019a \u015fimdiden yaz u\u00e7u\u015flar\u0131 programland\u0131...","robots":{"index":"index","follow":"follow","max-snippet":"max-snippet:-1","max-image-preview":"max-image-preview:large","max-video-preview":"max-video-preview:-1"},"canonical":"https:\/\/batitrakya.live\/index.php\/yunanistana-simdiden-yaz-ucuslari-programlandi\/","og_locale":"tr_TR","og_type":"article","og_title":"Yunanistan\u2019a \u015fimdiden yaz u\u00e7u\u015flar\u0131 programland\u0131...","og_description":"Yunanistan\u2019a \u015fimdiden yaz u\u00e7u\u015flar\u0131 programland\u0131...","og_url":"https:\/\/batitrakya.live\/index.php\/yunanistana-simdiden-yaz-ucuslari-programlandi\/","og_site_name":"Bat\u0131 Trakya Haber","article_published_time":"2024-12-19T18:05:20+00:00","article_modified_time":"2024-12-19T18:05:21+00:00","og_image":[{"width":720,"height":348,"url":"https:\/\/batitrakya.live\/wp-content\/uploads\/2024\/12\/turkish-air.jpg","type":"image\/jpeg"}],"author":"tamer","twitter_card":"summary_large_image","twitter_misc":{"Yazan:":"tamer","Tahmini okuma s\u00fcresi":"2 dakika"},"schema":{"@context":"https:\/\/schema.org","@graph":[{"@type":"Article","@id":"https:\/\/batitrakya.live\/index.php\/yunanistana-simdiden-yaz-ucuslari-programlandi\/#article","isPartOf":{"@id":"https:\/\/batitrakya.live\/index.php\/yunanistana-simdiden-yaz-ucuslari-programlandi\/"},"author":{"name":"tamer","@id":"https:\/\/batitrakya.live\/#\/schema\/person\/61b86abbc19e5fa0bbc3059670546fe5"},"headline":"Yunanistan\u2019a \u015fimdiden yaz u\u00e7u\u015flar\u0131 programland\u0131&#8230;","datePublished":"2024-12-19T18:05:20+00:00","dateModified":"2024-12-19T18:05:21+00:00","mainEntityOfPage":{"@id":"https:\/\/batitrakya.live\/index.php\/yunanistana-simdiden-yaz-ucuslari-programlandi\/"},"wordCount":235,"commentCount":0,"image":{"@id":"https:\/\/batitrakya.live\/index.php\/yunanistana-simdiden-yaz-ucuslari-programlandi\/#primaryimage"},"thumbnailUrl":"https:\/\/batitrakya.live\/wp-content\/uploads\/2024\/12\/turkish-air.jpg","keywords":["Tatil"],"articleSection":["Yunanistan Haber"],"inLanguage":"tr","potentialAction":[{"@type":"CommentAction","name":"Comment","target":["https:\/\/batitrakya.live\/index.php\/yunanistana-simdiden-yaz-ucuslari-programlandi\/#respond"]}],"copyrightYear":"2024","copyrightHolder":{"@id":"https:\/\/batitrakya.live\/#organization"}},{"@type":"WebPage","@id":"https:\/\/batitrakya.live\/index.php\/yunanistana-simdiden-yaz-ucuslari-programlandi\/","url":"https:\/\/batitrakya.live\/index.php\/yunanistana-simdiden-yaz-ucuslari-programlandi\/","name":"Yunanistan\u2019a \u015fimdiden yaz u\u00e7u\u015flar\u0131 programland\u0131... - Bat\u0131 Trakya Haber","isPartOf":{"@id":"https:\/\/batitrakya.live\/#website"},"primaryImageOfPage":{"@id":"https:\/\/batitrakya.live\/index.php\/yunanistana-simdiden-yaz-ucuslari-programlandi\/#primaryimage"},"image":{"@id":"https:\/\/batitrakya.live\/index.php\/yunanistana-simdiden-yaz-ucuslari-programlandi\/#primaryimage"},"thumbnailUrl":"https:\/\/batitrakya.live\/wp-content\/uploads\/2024\/12\/turkish-air.jpg","datePublished":"2024-12-19T18:05:20+00:00","dateModified":"2024-12-19T18:05:21+00:00","author":{"@id":"https:\/\/batitrakya.live\/#\/schema\/person\/61b86abbc19e5fa0bbc3059670546fe5"},"description":"Yunanistan\u2019a \u015fimdiden yaz u\u00e7u\u015flar\u0131 programland\u0131...","breadcrumb":{"@id":"https:\/\/batitrakya.live\/index.php\/yunanistana-simdiden-yaz-ucuslari-programlandi\/#breadcrumb"},"inLanguage":"tr","potentialAction":[{"@type":"ReadAction","target":["https:\/\/batitrakya.live\/index.php\/yunanistana-simdiden-yaz-ucuslari-programlandi\/"]}]},{"@type":"ImageObject","inLanguage":"tr","@id":"https:\/\/batitrakya.live\/index.php\/yunanistana-simdiden-yaz-ucuslari-programlandi\/#primaryimage","url":"https:\/\/batitrakya.live\/wp-content\/uploads\/2024\/12\/turkish-air.jpg","contentUrl":"https:\/\/batitrakya.live\/wp-content\/uploads\/2024\/12\/turkish-air.jpg","width":720,"height":348},{"@type":"BreadcrumbList","@id":"https:\/\/batitrakya.live\/index.php\/yunanistana-simdiden-yaz-ucuslari-programlandi\/#breadcrumb","itemListElement":[{"@type":"ListItem","position":1,"name":"Anasayfa","item":"https:\/\/batitrakya.live\/"},{"@type":"ListItem","position":2,"name":"Yunanistan\u2019a \u015fimdiden yaz u\u00e7u\u015flar\u0131 programland\u0131&#8230;"}]},{"@type":"WebSite","@id":"https:\/\/batitrakya.live\/#website","url":"https:\/\/batitrakya.live\/","name":"Bat\u0131 Trakya Haber","description":"Bat\u0131 Trakyan\u0131n internetteki sesi..","potentialAction":[{"@type":"SearchAction","target":{"@type":"EntryPoint","urlTemplate":"https:\/\/batitrakya.live\/?s={search_term_string}"},"query-input":{"@type":"PropertyValueSpecification","valueRequired":true,"valueName":"search_term_string"}}],"inLanguage":"tr"},{"@type":"Person","@id":"https:\/\/batitrakya.live\/#\/schema\/person\/61b86abbc19e5fa0bbc3059670546fe5","name":"tamer","image":{"@type":"ImageObject","inLanguage":"tr","@id":"https:\/\/secure.gravatar.com\/avatar\/60b0ff14c4376999cea9565d28b91fc61ff0f727c28cd083506a6d83ad6df9c9?s=96&d=mm&r=g","url":"https:\/\/secure.gravatar.com\/avatar\/60b0ff14c4376999cea9565d28b91fc61ff0f727c28cd083506a6d83ad6df9c9?s=96&d=mm&r=g","contentUrl":"https:\/\/secure.gravatar.com\/avatar\/60b0ff14c4376999cea9565d28b91fc61ff0f727c28cd083506a6d83ad6df9c9?s=96&d=mm&r=g","caption":"tamer"},"sameAs":["https:\/\/batitrakya.live"],"url":"https:\/\/batitrakya.live\/index.php\/author\/tamer\/"}]}},"_links":{"self":[{"href":"https:\/\/batitrakya.live\/index.php\/wp-json\/wp\/v2\/posts\/43574","targetHints":{"allow":["GET"]}}],"collection":[{"href":"https:\/\/batitrakya.live\/index.php\/wp-json\/wp\/v2\/posts"}],"about":[{"href":"https:\/\/batitrakya.live\/index.php\/wp-json\/wp\/v2\/types\/post"}],"author":[{"embeddable":true,"href":"https:\/\/batitrakya.live\/index.php\/wp-json\/wp\/v2\/users\/1"}],"replies":[{"embeddable":true,"href":"https:\/\/batitrakya.live\/index.php\/wp-json\/wp\/v2\/comments?post=43574"}],"version-history":[{"count":1,"href":"https:\/\/batitrakya.live\/index.php\/wp-json\/wp\/v2\/posts\/43574\/revisions"}],"predecessor-version":[{"id":43576,"href":"https:\/\/batitrakya.live\/index.php\/wp-json\/wp\/v2\/posts\/43574\/revisions\/43576"}],"wp:featuredmedia":[{"embeddable":true,"href":"https:\/\/batitrakya.live\/index.php\/wp-json\/wp\/v2\/media\/43575"}],"wp:attachment":[{"href":"https:\/\/batitrakya.live\/index.php\/wp-json\/wp\/v2\/media?parent=43574"}],"wp:term":[{"taxonomy":"category","embeddable":true,"href":"https:\/\/batitrakya.live\/index.php\/wp-json\/wp\/v2\/categories?post=43574"},{"taxonomy":"post_tag","embeddable":true,"href":"https:\/\/batitrakya.live\/index.php\/wp-json\/wp\/v2\/tags?post=43574"}],"curies":[{"name":"wp","href":"https:\/\/api.w.org\/{rel}","templated":true}]}}