{"id":43096,"date":"2024-04-29T16:06:18","date_gmt":"2024-04-29T13:06:18","guid":{"rendered":"https:\/\/batitrakya.live\/?p=43096"},"modified":"2024-04-29T16:06:18","modified_gmt":"2024-04-29T13:06:18","slug":"koca-bir-milletin-kimligi-inkar-edilirken-tek-bir-yaprak-kipirdamiyor","status":"publish","type":"post","link":"https:\/\/batitrakya.live\/index.php\/koca-bir-milletin-kimligi-inkar-edilirken-tek-bir-yaprak-kipirdamiyor\/","title":{"rendered":"Koca Bir Milletin Kimli\u011fi \u0130nk\u00e2r Edilirken Tek Bir Yaprak K\u0131p\u0131rdam\u0131yor&#8230;"},"content":{"rendered":"<p><em><strong>&#8220;Atina\u2019da vefat eden M\u00fcsl\u00fcman vatanda\u015f\u0131na bir metrekare M\u00fcsl\u00fcman mezar\u0131 tahsis etmeyen bu hastal\u0131kl\u0131 kafa, T\u00dcRK Kelimesine tahamm\u00fcl edemiyor ve Bat\u0131 Trakya\u2019daki soyda\u015flar\u0131 Lozan&#8217;\u0131 bahane ederek M\u00fcsl\u00fcman Yunan g\u00f6r\u00fcyor. Bari M\u00fcsl\u00fcman Yunan kabul ediyorsun, Atina\u2019da bir M\u00fcsl\u00fcman mezarl\u0131\u011f\u0131na m\u00fcsaade et.&#8221;<\/strong><\/em><\/p>\n<p>T\u00fcrkMedya Savunma Dergisinin Genel Yay\u0131n Y\u00f6netmeni Yusuf Alabarda, World Of T\u00fcrkiye\u2019de kaleme ald\u0131\u011f\u0131 yaz\u0131s\u0131nda Yunanistan ve Bat\u0131 Trakya T\u00fcrk Az\u0131nl\u0131\u011f\u0131na de\u011finmi\u015f.<\/p>\n<p>\u201cKoca Bir Milletin Kimli\u011fi \u0130nk\u00e2r Edilirken Tek Bir Yaprak K\u0131p\u0131rdam\u0131yor\u201d ba\u015fl\u0131kl\u0131 yaz\u0131s\u0131 aynen a\u015fa\u011f\u0131daki gibidir:<\/p>\n<p><strong>\u201cKoca Bir Milletin Kimli\u011fi \u0130nk\u00e2r Edilirken Tek Bir Yaprak K\u0131p\u0131rdam\u0131yor\u201d<\/strong><br \/>\n\u201cUluslararas\u0131 yay\u0131nlanan raporlar Yunanistan denilen endoktrinasyon cenderesinden ge\u00e7irilme devletin \u0131srarla T\u00fcrk kelimesine kar\u015f\u0131 geli\u015ftirdi\u011fi alerji devam ediyor.<\/p>\n<p>\u0130\u00e7inde T\u00fcrk kelimesi ge\u00e7en t\u00fcm dernekleri kapatt\u0131\u011f\u0131 i\u00e7in A\u0130HM taraf\u0131ndan mahk\u00fbm edilmesine ra\u011fmen Yunanistan bunu duymazdan gelmeye ya da hukukun yan\u0131ndan dola\u015farak a\u015fmaya gayret ediyor.<\/p>\n<p>\u00dcstelik bu endoktrine edilmi\u015f bir halktan olu\u015fan bu devlet hem bir AB \u00fcyesi hem Euro Zone \u00fcyesi hem de Schengen \u00fcyesi.<\/p>\n<p>Peki, bug\u00fcne kadar hakk\u0131nda al\u0131nan mahk\u00fbmiyet kararlar\u0131n\u0131 uygulamad\u0131\u011f\u0131 i\u00e7in Yunanistan\u2019\u0131 Avrupa\u2019ya ait baz\u0131 olu\u015fumlardan ihra\u00e7 etmekle tehdit eden birilerini g\u00f6rd\u00fcn\u00fcz m\u00fc?<\/p>\n<p>G\u00f6rmezsiniz ama Bat\u0131 istisnac\u0131l\u0131\u011f\u0131n\u0131n ve iki y\u00fczl\u00fcl\u00fc\u011f\u00fcn\u00fcn ne anlama geldi\u011fini Ursula Von Der Leyen denilen ahlak nasipsizi \u00fczerinden ya da ABD Savunma Bakanl\u0131\u011f\u0131 s\u00f6zc\u00fcl\u00fc\u011f\u00fcn\u00fc yapan ve tiyatro sanat\u00e7\u0131lar\u0131na ta\u015f \u00e7\u0131kartacak derecede rol yapan John Kirby isimli \u015fah\u0131s \u00fczerinden ne demek istedi\u011fime \u015fahitlik edebilirsiniz.<\/p>\n<p>Avrupa Komisyonu Ba\u015fkanl\u0131\u011f\u0131 koltu\u011funda oturan bu ahlak nasipsizi Rusya\u2019n\u0131n Ukrayna i\u015fgali ba\u015flad\u0131\u011f\u0131nda \u2018Rusya\u2019n\u0131n sivil altyap\u0131ya, \u00f6zellikle de elektri\u011fe y\u00f6nelik sald\u0131r\u0131lar\u0131 sava\u015f su\u00e7udur. K\u0131\u015f\u0131n gelmesiyle birlikte erkek, kad\u0131n, \u00e7ocuklar\u0131n su, elektrik ve \u0131s\u0131nman\u0131n kesilmesi, bunlar saf ter\u00f6r eylemleridir\u2019 demi\u015fti.<\/p>\n<p>Do\u011frusu ba\u011f\u0131ms\u0131z bir devletin i\u015fgal edilmesini hi\u00e7bir \u015fartta kabul etmeyen birisi olarak Leyen\u2019in bu s\u00f6zlerine dair herhangi bir yorum da yapmam\u0131\u015ft\u0131m.<\/p>\n<p>Ayn\u0131 Leyen, b\u0131rak\u0131n alt yap\u0131ya zarar vermeyi, Gazze \u015feridindeki t\u00fcm \u015fehirleri haritadan silen ve on binlerce masum bebe\u011fi katleden \u0130srail isimli devleti savunmaktan imtina etmeyecek hayas\u0131z a\u00e7\u0131klamalar yapabildi.<\/p>\n<p><strong>Ne demi\u015fti?<\/strong><\/p>\n<p>Leyen, \u0130srail\u2019in soyk\u0131r\u0131ma varan sald\u0131r\u0131lar\u0131 kar\u015f\u0131s\u0131nda \u2018\u0130srail ile dayan\u0131\u015fma i\u00e7inde kalmaya devam edece\u011fiz ve \u0130srail\u2019in kendini savunma hakk\u0131 var\u2019 diyebilmi\u015fti.<\/p>\n<p><strong>Bunu derken y\u00fcz\u00fc dahi k\u0131zarmad\u0131.<\/strong><\/p>\n<p>Belki de o topraklarda y\u00fcz k\u0131zarmas\u0131 kavram\u0131, o topraklar d\u0131\u015f\u0131nda kalan insanlar i\u00e7in ge\u00e7erli olan bir terminoloji de\u011fildir.<\/p>\n<p>\u0130\u015fte ayn\u0131 Bat\u0131, Yunanistan isimli bu devlete kar\u015f\u0131 da hem k\u00f6r hem sa\u011f\u0131r.<\/p>\n<p>Yunanistan AB i\u00e7erisinde kimlik inkarc\u0131l\u0131\u011f\u0131n\u0131n zirvesinde olan bir devlettir.<\/p>\n<p>Atina\u2019da size g\u00f6m\u00fcld\u00fc\u011f\u00fcn\u00fczde bir metrekare M\u00fcsl\u00fcman mezar\u0131 tahsis etmeyen bu hastal\u0131kl\u0131 kafa, T\u00dcRK Kelimesine tahamm\u00fcl edemiyor, Bat\u0131 Trakya\u2019daki soyda\u015flar\u0131 M\u00fcsl\u00fcman Yunan g\u00f6r\u00fcyor.<\/p>\n<p>Bari M\u00fcsl\u00fcman Yunan kabul ediyorsun Atina\u2019da bir M\u00fcsl\u00fcman mezarl\u0131\u011f\u0131na m\u00fcsaade et.<\/p>\n<p>Yok\u2026<\/p>\n<p>Frans\u0131z haber kanallar\u0131ndan \u0130ngiliz haber kanallar\u0131na var\u0131ncaya kadar bir\u00e7ok haber portal\u0131 Yunanistan\u2019daki d\u00fczensiz g\u00f6\u00e7menler i\u00e7in neden Atina\u2019da M\u00fcsl\u00fcman mezarl\u0131\u011f\u0131n\u0131n olmad\u0131\u011f\u0131n\u0131 sorgulan\u0131yor.<\/p>\n<p>Oysa kendi vatanda\u015f\u0131na bile bu hakk\u0131 \u00e7ok g\u00f6ren fa\u015fist bir devletten bahsediyoruz.<\/p>\n<p>Bug\u00fcnk\u00fc Yunan hukukuna g\u00f6re Yunanistan\u2019da Yunan d\u0131\u015f\u0131nda hi\u00e7bir etnisite ya\u015fam\u0131yor.<\/p>\n<p><strong>Kat\u0131ks\u0131z Yunan olan bir \u00fclke yani\u2026<\/strong><\/p>\n<p>Bu kapsamda Vlahlar\u0131n da Alban (Arnavut) az\u0131nl\u0131\u011f\u0131nda \u00e7ingenelerin de Pomaklar\u0131n da kimliklerinin ink\u00e2r edildi\u011fi bir \u00fclke.<\/p>\n<p>T\u00fcrkiye hi\u00e7bir kar\u015f\u0131l\u0131kl\u0131l\u0131k ilkesi g\u00f6zetmeksizin m\u00fcsadere edilmi\u015f t\u00fcm az\u0131nl\u0131k mallar\u0131n\u0131 iade etmesine ra\u011fmen Bat\u0131 Trakya M\u00fcsl\u00fcman T\u00fcrk halk\u0131n\u0131n mal varl\u0131klar\u0131 Yunan Devlet ayg\u0131t\u0131 taraf\u0131ndan hala m\u00fcsadere edilmektedir.<\/p>\n<p>\u0130\u00e7erisinde T\u00dcRK kelimesi ge\u00e7en bir dernek ya da kurulu\u015f g\u00f6rd\u00fc\u011f\u00fcnde adeta sar\u0131msak g\u00f6rm\u00fc\u015f vampire d\u00f6nen bu endoktrine devlet bask\u0131c\u0131 ve fa\u015fizan politikalar\u0131na devam ederken T\u00fcrkiye\u2019deki Fener Rum Patrikhanesi ise cemaati olmayan kiliselerde ayin yapma \u00f6zg\u00fcrl\u00fc\u011f\u00fcn\u00fc kullan\u0131yor.<\/p>\n<p>Elbette dominant bir k\u00fclt\u00fcrden gelen bir milletin ferdi olarak, ekalliyetin ibadet h\u00fcrriyetini kullanabilmesinden duydu\u011fum bir rahats\u0131zl\u0131\u011f\u0131m yok hatta bilakis \u00fclkem ve milletim ile iftihar ediyorum.<\/p>\n<p>T\u00fcm y\u00fcre\u011fimle Patrikane\u2019nin kiliselerde diledikleri zaman diledikleri kadar ayin yapma hakk\u0131n\u0131 sonuna kadar destekliyorum.<\/p>\n<p>Lakin bir tak\u0131m gerek\u00e7eler ile her 15 A\u011fustos\u2019ta, yani Trabzon\u2019un Fatih Sultan Mehmet Han taraf\u0131ndan fethedildi\u011fi 15 A\u011fustos 1461 tarihinde, S\u00fcmela Manast\u0131r\u0131nda k\u00f6r\u00fcn g\u00f6z\u00fcne parmak sokarcas\u0131na ayin yap\u0131lmas\u0131ndan da son derece rahats\u0131z\u0131m.<\/p>\n<p>Ama alt\u0131n\u0131 kal\u0131n kal\u0131n \u00e7izeyim, S\u00fcmela Manast\u0131r\u0131nda ayin yap\u0131lmas\u0131na zerre itiraz\u0131m yok, sadece neden 15 A\u011fustos?<\/p>\n<p>Ortaya koyulan gerek\u00e7e Hz. Meryem\u2019in Ortodoks inanc\u0131nda g\u00f6\u011fe y\u00fckselmesi ise bu ayin neden ayn\u0131 tarihlerde di\u011fer bir Ortodoks Kilisesinde d\u00fczenlenemez?<\/p>\n<p>\u00c7ok mu zor \u2018Bu tarih Ulu Hakan Fatih Sultan Mehmet Han\u2019\u0131n Trabzon\u2019u fethetti\u011fi tarih oldu\u011fu i\u00e7in Trabzon\u2019da b\u00f6ylesi bir ayin k\u0131rm\u0131z\u0131 \u00e7izgimizdir\u2019 diyebilmek.<\/p>\n<p><strong>Zira 2010 y\u0131l\u0131na kadar b\u00f6yle bir uygulama yoktu.<\/strong><\/p>\n<p>\u015eimdi herkese a\u00e7\u0131k\u00e7a soruyorum, Atina\u2019n\u0131n Fatih Sultan Mehmet Han taraf\u0131ndan fethedildi\u011fi g\u00fcnde, dini bir gerek\u00e7e ihdas ederek Atina\u2019daki Fetih Camii\u2019nde Diyanet \u0130\u015fleri Reisi\u2019nin riyasetinde bir anma merasimi yapmak Yunanistan\u2019da m\u00fcmk\u00fcn m\u00fcd\u00fcr?<\/p>\n<p>Selanik\u2019teki Yeni Camii\u2019yi bile bayram namazlar\u0131nda kendi vatanda\u015f\u0131 M\u00fcsl\u00fcman T\u00fcrk evlad\u0131na a\u00e7mamakta direnen, a\u00e7t\u0131\u011f\u0131nda ise bunu jest diye tan\u0131mlayan Yunan H\u00fck\u00fcmetine kar\u015f\u0131 Patrikhane bug\u00fcne kadar ulu orta bir ele\u015ftiri getirmi\u015f midir?<\/p>\n<p><strong>T\u00fcm bu konulara neden mi girdim?<\/strong><\/p>\n<p>G\u00f6z\u00fcm\u00fcz\u00fcn \u00f6n\u00fcnde, Avrupa s\u0131n\u0131rlar\u0131nda koca bir milletin t\u00fcm kimli\u011fi ink\u00e2r ediliyor, gazetelerde ya da ekranlarda tek bir de\u011ferlendirme yok.<\/p>\n<p>Bilin istedim.\u201d<\/p>\n<p>Yusuf ALABARDA \u2013 26 Nisan 2024<\/p>\n<p><img decoding=\"async\" src=\"https:\/\/birlikgazetesi.org\/wp-content\/uploads\/2024\/04\/yusuf-bas-2.jpg\" \/><\/p>\n<p>Yusuf Alabarda<\/p>\n<p>Yusuf Alabarda, 1992 y\u0131l\u0131nda Kara Harp Okulu\u2019ndan mezun oldu. Uzun y\u0131llar TSK modernizasyon projelerinde proje y\u00f6neticisi ve y\u00f6netici pozisyonunda \u00e7al\u0131\u015ft\u0131. 2015 y\u0131l\u0131nda kendi iste\u011fi ile TSK\u2019dan ayr\u0131ld\u0131. Savunma Kaynaklar\u0131n\u0131n Planlanmas\u0131 ve Y\u00f6netimi alan\u0131ndaki y\u00fcksek lisans\u0131n\u0131 ABD\u2019de bulunan Naval Post GraduateSchool\u2019da tamamlad\u0131. Uluslararas\u0131 G\u00fcvenlik alan\u0131ndaki akademik \u00e7al\u0131\u015fmalar\u0131n\u0131 ise T\u00fcrkiye\u2019de s\u00fcrd\u00fcrd\u00fc. Gazete yazar\u0131 ve TV yorumcusu olarak bir\u00e7ok uluslararas\u0131 ve ulusal yay\u0131n organ\u0131nda faaliyetlerine devam eden Alabarda, T\u00fcrkMedya Savunma Dergisinin Genel Yay\u0131n Y\u00f6netmenli\u011fi g\u00f6revini s\u00fcrd\u00fcr\u00fcyor.<\/p>\n","protected":false},"excerpt":{"rendered":"<p>&#8220;Atina\u2019da vefat eden M\u00fcsl\u00fcman vatanda\u015f\u0131na bir metrekare M\u00fcsl\u00fcman mezar\u0131 tahsis etmeyen bu hastal\u0131kl\u0131 kafa, T\u00dcRK Kelimesine tahamm\u00fcl edemiyor ve Bat\u0131 Trakya\u2019daki soyda\u015flar\u0131 Lozan&#8217;\u0131 bahane ederek M\u00fcsl\u00fcman Yunan g\u00f6r\u00fcyor. Bari M\u00fcsl\u00fcman Yunan kabul ediyorsun, Atina\u2019da bir M\u00fcsl\u00fcman mezarl\u0131\u011f\u0131na m\u00fcsaade et.&#8221; T\u00fcrkMedya Savunma Dergisinin Genel Yay\u0131n Y\u00f6netmeni Yusuf Alabarda, World Of T\u00fcrkiye\u2019de kaleme ald\u0131\u011f\u0131 yaz\u0131s\u0131nda Yunanistan ve &hellip;<\/p>\n","protected":false},"author":1,"featured_media":43098,"comment_status":"open","ping_status":"open","sticky":false,"template":"","format":"standard","meta":{"footnotes":""},"categories":[49],"tags":[128,26],"class_list":["post-43096","post","type-post","status-publish","format-standard","has-post-thumbnail","hentry","category-editorun-sectikleri","tag-azinliklar","tag-yunanistan"],"yoast_head":"<!-- This site is optimized with the Yoast SEO Premium plugin v26.3 (Yoast SEO v27.3) - https:\/\/yoast.com\/product\/yoast-seo-premium-wordpress\/ -->\n<title>Koca Bir Milletin Kimli\u011fi \u0130nk\u00e2r Edilirken Tek Bir Yaprak K\u0131p\u0131rdam\u0131yor... - Bat\u0131 Trakya Haber<\/title>\n<meta name=\"description\" content=\"Koca Bir Milletin Kimli\u011fi \u0130nk\u00e2r Edilirken Tek Bir Yaprak K\u0131p\u0131rdam\u0131yor...\" \/>\n<meta name=\"robots\" content=\"index, follow, max-snippet:-1, max-image-preview:large, max-video-preview:-1\" \/>\n<link rel=\"canonical\" href=\"https:\/\/batitrakya.live\/index.php\/koca-bir-milletin-kimligi-inkar-edilirken-tek-bir-yaprak-kipirdamiyor\/\" \/>\n<meta property=\"og:locale\" content=\"tr_TR\" \/>\n<meta property=\"og:type\" content=\"article\" \/>\n<meta property=\"og:title\" content=\"Koca Bir Milletin Kimli\u011fi \u0130nk\u00e2r Edilirken Tek Bir Yaprak K\u0131p\u0131rdam\u0131yor...\" \/>\n<meta property=\"og:description\" content=\"Koca Bir Milletin Kimli\u011fi \u0130nk\u00e2r Edilirken Tek Bir Yaprak K\u0131p\u0131rdam\u0131yor...\" \/>\n<meta property=\"og:url\" content=\"https:\/\/batitrakya.live\/index.php\/koca-bir-milletin-kimligi-inkar-edilirken-tek-bir-yaprak-kipirdamiyor\/\" \/>\n<meta property=\"og:site_name\" content=\"Bat\u0131 Trakya Haber\" \/>\n<meta property=\"article:published_time\" content=\"2024-04-29T13:06:18+00:00\" \/>\n<meta property=\"og:image\" content=\"https:\/\/batitrakya.live\/wp-content\/uploads\/2024\/04\/yusuf_alabadra.jpg\" \/>\n\t<meta property=\"og:image:width\" content=\"720\" \/>\n\t<meta property=\"og:image:height\" content=\"348\" \/>\n\t<meta property=\"og:image:type\" content=\"image\/jpeg\" \/>\n<meta name=\"author\" content=\"tamer\" \/>\n<meta name=\"twitter:card\" content=\"summary_large_image\" \/>\n<meta name=\"twitter:label1\" content=\"Yazan:\" \/>\n\t<meta name=\"twitter:data1\" content=\"tamer\" \/>\n\t<meta name=\"twitter:label2\" content=\"Tahmini okuma s\u00fcresi\" \/>\n\t<meta name=\"twitter:data2\" content=\"6 dakika\" \/>\n<script type=\"application\/ld+json\" class=\"yoast-schema-graph\">{\"@context\":\"https:\\\/\\\/schema.org\",\"@graph\":[{\"@type\":\"Article\",\"@id\":\"https:\\\/\\\/batitrakya.live\\\/index.php\\\/koca-bir-milletin-kimligi-inkar-edilirken-tek-bir-yaprak-kipirdamiyor\\\/#article\",\"isPartOf\":{\"@id\":\"https:\\\/\\\/batitrakya.live\\\/index.php\\\/koca-bir-milletin-kimligi-inkar-edilirken-tek-bir-yaprak-kipirdamiyor\\\/\"},\"author\":{\"name\":\"tamer\",\"@id\":\"https:\\\/\\\/batitrakya.live\\\/#\\\/schema\\\/person\\\/61b86abbc19e5fa0bbc3059670546fe5\"},\"headline\":\"Koca Bir Milletin Kimli\u011fi \u0130nk\u00e2r Edilirken Tek Bir Yaprak K\u0131p\u0131rdam\u0131yor&#8230;\",\"datePublished\":\"2024-04-29T13:06:18+00:00\",\"mainEntityOfPage\":{\"@id\":\"https:\\\/\\\/batitrakya.live\\\/index.php\\\/koca-bir-milletin-kimligi-inkar-edilirken-tek-bir-yaprak-kipirdamiyor\\\/\"},\"wordCount\":1235,\"commentCount\":0,\"image\":{\"@id\":\"https:\\\/\\\/batitrakya.live\\\/index.php\\\/koca-bir-milletin-kimligi-inkar-edilirken-tek-bir-yaprak-kipirdamiyor\\\/#primaryimage\"},\"thumbnailUrl\":\"https:\\\/\\\/batitrakya.live\\\/wp-content\\\/uploads\\\/2024\\\/04\\\/yusuf_alabadra.jpg\",\"keywords\":[\"Az\u0131nl\u0131klar\",\"Yunanistan\"],\"articleSection\":[\"Edit\u00f6r\u00fcn Se\u00e7tikleri\"],\"inLanguage\":\"tr\",\"potentialAction\":[{\"@type\":\"CommentAction\",\"name\":\"Comment\",\"target\":[\"https:\\\/\\\/batitrakya.live\\\/index.php\\\/koca-bir-milletin-kimligi-inkar-edilirken-tek-bir-yaprak-kipirdamiyor\\\/#respond\"]}],\"copyrightYear\":\"2024\",\"copyrightHolder\":{\"@id\":\"https:\\\/\\\/batitrakya.live\\\/#organization\"}},{\"@type\":\"WebPage\",\"@id\":\"https:\\\/\\\/batitrakya.live\\\/index.php\\\/koca-bir-milletin-kimligi-inkar-edilirken-tek-bir-yaprak-kipirdamiyor\\\/\",\"url\":\"https:\\\/\\\/batitrakya.live\\\/index.php\\\/koca-bir-milletin-kimligi-inkar-edilirken-tek-bir-yaprak-kipirdamiyor\\\/\",\"name\":\"Koca Bir Milletin Kimli\u011fi \u0130nk\u00e2r Edilirken Tek Bir Yaprak K\u0131p\u0131rdam\u0131yor... - Bat\u0131 Trakya Haber\",\"isPartOf\":{\"@id\":\"https:\\\/\\\/batitrakya.live\\\/#website\"},\"primaryImageOfPage\":{\"@id\":\"https:\\\/\\\/batitrakya.live\\\/index.php\\\/koca-bir-milletin-kimligi-inkar-edilirken-tek-bir-yaprak-kipirdamiyor\\\/#primaryimage\"},\"image\":{\"@id\":\"https:\\\/\\\/batitrakya.live\\\/index.php\\\/koca-bir-milletin-kimligi-inkar-edilirken-tek-bir-yaprak-kipirdamiyor\\\/#primaryimage\"},\"thumbnailUrl\":\"https:\\\/\\\/batitrakya.live\\\/wp-content\\\/uploads\\\/2024\\\/04\\\/yusuf_alabadra.jpg\",\"datePublished\":\"2024-04-29T13:06:18+00:00\",\"author\":{\"@id\":\"https:\\\/\\\/batitrakya.live\\\/#\\\/schema\\\/person\\\/61b86abbc19e5fa0bbc3059670546fe5\"},\"description\":\"Koca Bir Milletin Kimli\u011fi \u0130nk\u00e2r Edilirken Tek Bir Yaprak K\u0131p\u0131rdam\u0131yor...\",\"breadcrumb\":{\"@id\":\"https:\\\/\\\/batitrakya.live\\\/index.php\\\/koca-bir-milletin-kimligi-inkar-edilirken-tek-bir-yaprak-kipirdamiyor\\\/#breadcrumb\"},\"inLanguage\":\"tr\",\"potentialAction\":[{\"@type\":\"ReadAction\",\"target\":[\"https:\\\/\\\/batitrakya.live\\\/index.php\\\/koca-bir-milletin-kimligi-inkar-edilirken-tek-bir-yaprak-kipirdamiyor\\\/\"]}]},{\"@type\":\"ImageObject\",\"inLanguage\":\"tr\",\"@id\":\"https:\\\/\\\/batitrakya.live\\\/index.php\\\/koca-bir-milletin-kimligi-inkar-edilirken-tek-bir-yaprak-kipirdamiyor\\\/#primaryimage\",\"url\":\"https:\\\/\\\/batitrakya.live\\\/wp-content\\\/uploads\\\/2024\\\/04\\\/yusuf_alabadra.jpg\",\"contentUrl\":\"https:\\\/\\\/batitrakya.live\\\/wp-content\\\/uploads\\\/2024\\\/04\\\/yusuf_alabadra.jpg\",\"width\":720,\"height\":348},{\"@type\":\"BreadcrumbList\",\"@id\":\"https:\\\/\\\/batitrakya.live\\\/index.php\\\/koca-bir-milletin-kimligi-inkar-edilirken-tek-bir-yaprak-kipirdamiyor\\\/#breadcrumb\",\"itemListElement\":[{\"@type\":\"ListItem\",\"position\":1,\"name\":\"Anasayfa\",\"item\":\"https:\\\/\\\/batitrakya.live\\\/\"},{\"@type\":\"ListItem\",\"position\":2,\"name\":\"Koca Bir Milletin Kimli\u011fi \u0130nk\u00e2r Edilirken Tek Bir Yaprak K\u0131p\u0131rdam\u0131yor&#8230;\"}]},{\"@type\":\"WebSite\",\"@id\":\"https:\\\/\\\/batitrakya.live\\\/#website\",\"url\":\"https:\\\/\\\/batitrakya.live\\\/\",\"name\":\"Bat\u0131 Trakya Haber\",\"description\":\"Bat\u0131 Trakyan\u0131n internetteki sesi..\",\"potentialAction\":[{\"@type\":\"SearchAction\",\"target\":{\"@type\":\"EntryPoint\",\"urlTemplate\":\"https:\\\/\\\/batitrakya.live\\\/?s={search_term_string}\"},\"query-input\":{\"@type\":\"PropertyValueSpecification\",\"valueRequired\":true,\"valueName\":\"search_term_string\"}}],\"inLanguage\":\"tr\"},{\"@type\":\"Person\",\"@id\":\"https:\\\/\\\/batitrakya.live\\\/#\\\/schema\\\/person\\\/61b86abbc19e5fa0bbc3059670546fe5\",\"name\":\"tamer\",\"image\":{\"@type\":\"ImageObject\",\"inLanguage\":\"tr\",\"@id\":\"https:\\\/\\\/secure.gravatar.com\\\/avatar\\\/60b0ff14c4376999cea9565d28b91fc61ff0f727c28cd083506a6d83ad6df9c9?s=96&d=mm&r=g\",\"url\":\"https:\\\/\\\/secure.gravatar.com\\\/avatar\\\/60b0ff14c4376999cea9565d28b91fc61ff0f727c28cd083506a6d83ad6df9c9?s=96&d=mm&r=g\",\"contentUrl\":\"https:\\\/\\\/secure.gravatar.com\\\/avatar\\\/60b0ff14c4376999cea9565d28b91fc61ff0f727c28cd083506a6d83ad6df9c9?s=96&d=mm&r=g\",\"caption\":\"tamer\"},\"sameAs\":[\"https:\\\/\\\/batitrakya.live\"],\"url\":\"https:\\\/\\\/batitrakya.live\\\/index.php\\\/author\\\/tamer\\\/\"}]}<\/script>\n<!-- \/ Yoast SEO Premium plugin. -->","yoast_head_json":{"title":"Koca Bir Milletin Kimli\u011fi \u0130nk\u00e2r Edilirken Tek Bir Yaprak K\u0131p\u0131rdam\u0131yor... - Bat\u0131 Trakya Haber","description":"Koca Bir Milletin Kimli\u011fi \u0130nk\u00e2r Edilirken Tek Bir Yaprak K\u0131p\u0131rdam\u0131yor...","robots":{"index":"index","follow":"follow","max-snippet":"max-snippet:-1","max-image-preview":"max-image-preview:large","max-video-preview":"max-video-preview:-1"},"canonical":"https:\/\/batitrakya.live\/index.php\/koca-bir-milletin-kimligi-inkar-edilirken-tek-bir-yaprak-kipirdamiyor\/","og_locale":"tr_TR","og_type":"article","og_title":"Koca Bir Milletin Kimli\u011fi \u0130nk\u00e2r Edilirken Tek Bir Yaprak K\u0131p\u0131rdam\u0131yor...","og_description":"Koca Bir Milletin Kimli\u011fi \u0130nk\u00e2r Edilirken Tek Bir Yaprak K\u0131p\u0131rdam\u0131yor...","og_url":"https:\/\/batitrakya.live\/index.php\/koca-bir-milletin-kimligi-inkar-edilirken-tek-bir-yaprak-kipirdamiyor\/","og_site_name":"Bat\u0131 Trakya Haber","article_published_time":"2024-04-29T13:06:18+00:00","og_image":[{"width":720,"height":348,"url":"https:\/\/batitrakya.live\/wp-content\/uploads\/2024\/04\/yusuf_alabadra.jpg","type":"image\/jpeg"}],"author":"tamer","twitter_card":"summary_large_image","twitter_misc":{"Yazan:":"tamer","Tahmini okuma s\u00fcresi":"6 dakika"},"schema":{"@context":"https:\/\/schema.org","@graph":[{"@type":"Article","@id":"https:\/\/batitrakya.live\/index.php\/koca-bir-milletin-kimligi-inkar-edilirken-tek-bir-yaprak-kipirdamiyor\/#article","isPartOf":{"@id":"https:\/\/batitrakya.live\/index.php\/koca-bir-milletin-kimligi-inkar-edilirken-tek-bir-yaprak-kipirdamiyor\/"},"author":{"name":"tamer","@id":"https:\/\/batitrakya.live\/#\/schema\/person\/61b86abbc19e5fa0bbc3059670546fe5"},"headline":"Koca Bir Milletin Kimli\u011fi \u0130nk\u00e2r Edilirken Tek Bir Yaprak K\u0131p\u0131rdam\u0131yor&#8230;","datePublished":"2024-04-29T13:06:18+00:00","mainEntityOfPage":{"@id":"https:\/\/batitrakya.live\/index.php\/koca-bir-milletin-kimligi-inkar-edilirken-tek-bir-yaprak-kipirdamiyor\/"},"wordCount":1235,"commentCount":0,"image":{"@id":"https:\/\/batitrakya.live\/index.php\/koca-bir-milletin-kimligi-inkar-edilirken-tek-bir-yaprak-kipirdamiyor\/#primaryimage"},"thumbnailUrl":"https:\/\/batitrakya.live\/wp-content\/uploads\/2024\/04\/yusuf_alabadra.jpg","keywords":["Az\u0131nl\u0131klar","Yunanistan"],"articleSection":["Edit\u00f6r\u00fcn Se\u00e7tikleri"],"inLanguage":"tr","potentialAction":[{"@type":"CommentAction","name":"Comment","target":["https:\/\/batitrakya.live\/index.php\/koca-bir-milletin-kimligi-inkar-edilirken-tek-bir-yaprak-kipirdamiyor\/#respond"]}],"copyrightYear":"2024","copyrightHolder":{"@id":"https:\/\/batitrakya.live\/#organization"}},{"@type":"WebPage","@id":"https:\/\/batitrakya.live\/index.php\/koca-bir-milletin-kimligi-inkar-edilirken-tek-bir-yaprak-kipirdamiyor\/","url":"https:\/\/batitrakya.live\/index.php\/koca-bir-milletin-kimligi-inkar-edilirken-tek-bir-yaprak-kipirdamiyor\/","name":"Koca Bir Milletin Kimli\u011fi \u0130nk\u00e2r Edilirken Tek Bir Yaprak K\u0131p\u0131rdam\u0131yor... - Bat\u0131 Trakya Haber","isPartOf":{"@id":"https:\/\/batitrakya.live\/#website"},"primaryImageOfPage":{"@id":"https:\/\/batitrakya.live\/index.php\/koca-bir-milletin-kimligi-inkar-edilirken-tek-bir-yaprak-kipirdamiyor\/#primaryimage"},"image":{"@id":"https:\/\/batitrakya.live\/index.php\/koca-bir-milletin-kimligi-inkar-edilirken-tek-bir-yaprak-kipirdamiyor\/#primaryimage"},"thumbnailUrl":"https:\/\/batitrakya.live\/wp-content\/uploads\/2024\/04\/yusuf_alabadra.jpg","datePublished":"2024-04-29T13:06:18+00:00","author":{"@id":"https:\/\/batitrakya.live\/#\/schema\/person\/61b86abbc19e5fa0bbc3059670546fe5"},"description":"Koca Bir Milletin Kimli\u011fi \u0130nk\u00e2r Edilirken Tek Bir Yaprak K\u0131p\u0131rdam\u0131yor...","breadcrumb":{"@id":"https:\/\/batitrakya.live\/index.php\/koca-bir-milletin-kimligi-inkar-edilirken-tek-bir-yaprak-kipirdamiyor\/#breadcrumb"},"inLanguage":"tr","potentialAction":[{"@type":"ReadAction","target":["https:\/\/batitrakya.live\/index.php\/koca-bir-milletin-kimligi-inkar-edilirken-tek-bir-yaprak-kipirdamiyor\/"]}]},{"@type":"ImageObject","inLanguage":"tr","@id":"https:\/\/batitrakya.live\/index.php\/koca-bir-milletin-kimligi-inkar-edilirken-tek-bir-yaprak-kipirdamiyor\/#primaryimage","url":"https:\/\/batitrakya.live\/wp-content\/uploads\/2024\/04\/yusuf_alabadra.jpg","contentUrl":"https:\/\/batitrakya.live\/wp-content\/uploads\/2024\/04\/yusuf_alabadra.jpg","width":720,"height":348},{"@type":"BreadcrumbList","@id":"https:\/\/batitrakya.live\/index.php\/koca-bir-milletin-kimligi-inkar-edilirken-tek-bir-yaprak-kipirdamiyor\/#breadcrumb","itemListElement":[{"@type":"ListItem","position":1,"name":"Anasayfa","item":"https:\/\/batitrakya.live\/"},{"@type":"ListItem","position":2,"name":"Koca Bir Milletin Kimli\u011fi \u0130nk\u00e2r Edilirken Tek Bir Yaprak K\u0131p\u0131rdam\u0131yor&#8230;"}]},{"@type":"WebSite","@id":"https:\/\/batitrakya.live\/#website","url":"https:\/\/batitrakya.live\/","name":"Bat\u0131 Trakya Haber","description":"Bat\u0131 Trakyan\u0131n internetteki sesi..","potentialAction":[{"@type":"SearchAction","target":{"@type":"EntryPoint","urlTemplate":"https:\/\/batitrakya.live\/?s={search_term_string}"},"query-input":{"@type":"PropertyValueSpecification","valueRequired":true,"valueName":"search_term_string"}}],"inLanguage":"tr"},{"@type":"Person","@id":"https:\/\/batitrakya.live\/#\/schema\/person\/61b86abbc19e5fa0bbc3059670546fe5","name":"tamer","image":{"@type":"ImageObject","inLanguage":"tr","@id":"https:\/\/secure.gravatar.com\/avatar\/60b0ff14c4376999cea9565d28b91fc61ff0f727c28cd083506a6d83ad6df9c9?s=96&d=mm&r=g","url":"https:\/\/secure.gravatar.com\/avatar\/60b0ff14c4376999cea9565d28b91fc61ff0f727c28cd083506a6d83ad6df9c9?s=96&d=mm&r=g","contentUrl":"https:\/\/secure.gravatar.com\/avatar\/60b0ff14c4376999cea9565d28b91fc61ff0f727c28cd083506a6d83ad6df9c9?s=96&d=mm&r=g","caption":"tamer"},"sameAs":["https:\/\/batitrakya.live"],"url":"https:\/\/batitrakya.live\/index.php\/author\/tamer\/"}]}},"_links":{"self":[{"href":"https:\/\/batitrakya.live\/index.php\/wp-json\/wp\/v2\/posts\/43096","targetHints":{"allow":["GET"]}}],"collection":[{"href":"https:\/\/batitrakya.live\/index.php\/wp-json\/wp\/v2\/posts"}],"about":[{"href":"https:\/\/batitrakya.live\/index.php\/wp-json\/wp\/v2\/types\/post"}],"author":[{"embeddable":true,"href":"https:\/\/batitrakya.live\/index.php\/wp-json\/wp\/v2\/users\/1"}],"replies":[{"embeddable":true,"href":"https:\/\/batitrakya.live\/index.php\/wp-json\/wp\/v2\/comments?post=43096"}],"version-history":[{"count":1,"href":"https:\/\/batitrakya.live\/index.php\/wp-json\/wp\/v2\/posts\/43096\/revisions"}],"predecessor-version":[{"id":43099,"href":"https:\/\/batitrakya.live\/index.php\/wp-json\/wp\/v2\/posts\/43096\/revisions\/43099"}],"wp:featuredmedia":[{"embeddable":true,"href":"https:\/\/batitrakya.live\/index.php\/wp-json\/wp\/v2\/media\/43098"}],"wp:attachment":[{"href":"https:\/\/batitrakya.live\/index.php\/wp-json\/wp\/v2\/media?parent=43096"}],"wp:term":[{"taxonomy":"category","embeddable":true,"href":"https:\/\/batitrakya.live\/index.php\/wp-json\/wp\/v2\/categories?post=43096"},{"taxonomy":"post_tag","embeddable":true,"href":"https:\/\/batitrakya.live\/index.php\/wp-json\/wp\/v2\/tags?post=43096"}],"curies":[{"name":"wp","href":"https:\/\/api.w.org\/{rel}","templated":true}]}}