{"id":43039,"date":"2024-04-16T18:30:41","date_gmt":"2024-04-16T15:30:41","guid":{"rendered":"https:\/\/batitrakya.live\/?p=43039"},"modified":"2024-04-22T17:27:18","modified_gmt":"2024-04-22T14:27:18","slug":"veriadakaraferye-osmanli-donemine-ait-mezar-bulundu","status":"publish","type":"post","link":"https:\/\/batitrakya.live\/index.php\/veriadakaraferye-osmanli-donemine-ait-mezar-bulundu\/","title":{"rendered":"Veria\u2019da(Karaferye) Osmanl\u0131 d\u00f6nemine ait mezar bulundu&#8230;"},"content":{"rendered":"<p>Bas\u0131ndaki haberlerde, kent merkezindeki Medrese Camisi yak\u0131n\u0131nda do\u011fal gaz boru hatt\u0131 d\u00f6\u015feme \u00e7al\u0131\u015fmalar\u0131 s\u0131ras\u0131nda Osmanl\u0131 d\u00f6nemine ait mezara rastland\u0131\u011f\u0131 kaydedildi.<\/p>\n<p>Haberlerde, arkeologlar\u0131n, mezar\u0131n cami yak\u0131n\u0131nda bulunmas\u0131 ve b\u00f6lgede yer alan ek arkeolojik kal\u0131nt\u0131lar\u0131n mezar\u0131n Osmanl\u0131 d\u00f6nemine ait oldu\u011funu g\u00f6sterdi\u011fini ifade etti\u011fi aktar\u0131ld\u0131.<\/p>\n<p>17. y\u00fczy\u0131l gezgini Evliya \u00c7elebi\u2019nin notlar\u0131nda da s\u00f6z konusu caminin etraf\u0131nda M\u00fcsl\u00fcman mezarl\u0131\u011f\u0131n\u0131n bulundu\u011fu bilgisi yer al\u0131yor.<\/p>\n<p>Selanik yak\u0131nlar\u0131ndaki Halkidiki iline ba\u011fl\u0131 Gargara (Simandra) k\u00f6y\u00fcnde de 2021\u2019de in\u015faat kaz\u0131s\u0131nda Osmanl\u0131 d\u00f6neminden kalma mezarl\u0131k ortaya \u00e7\u0131km\u0131\u015ft\u0131.<\/p>\n<div id='gallery-1' class='gallery galleryid-43039 gallery-columns-1 gallery-size-full'><figure class='gallery-item'>\n\t\t\t<div class='gallery-icon landscape'>\n\t\t\t\t<a href='https:\/\/batitrakya.live\/index.php\/veriadakaraferye-osmanli-donemine-ait-mezar-bulundu\/medrese-camii-karaferye-veria\/'><img loading=\"lazy\" decoding=\"async\" width=\"720\" height=\"701\" src=\"https:\/\/batitrakya.live\/wp-content\/uploads\/2024\/04\/Medrese-Camii-Karaferye-Veria.jpg\" class=\"attachment-full size-full\" alt=\"\" aria-describedby=\"gallery-1-43042\" srcset=\"https:\/\/batitrakya.live\/wp-content\/uploads\/2024\/04\/Medrese-Camii-Karaferye-Veria.jpg 720w, https:\/\/batitrakya.live\/wp-content\/uploads\/2024\/04\/Medrese-Camii-Karaferye-Veria-300x292.jpg 300w\" sizes=\"auto, (max-width: 720px) 100vw, 720px\" \/><\/a>\n\t\t\t<\/div>\n\t\t\t\t<figcaption class='wp-caption-text gallery-caption' id='gallery-1-43042'>\n\t\t\t\tSimdiki Hali\n\t\t\t\t<\/figcaption><\/figure><figure class='gallery-item'>\n\t\t\t<div class='gallery-icon landscape'>\n\t\t\t\t<a href='https:\/\/batitrakya.live\/index.php\/veriadakaraferye-osmanli-donemine-ait-mezar-bulundu\/medrese-camii-karaferye-veria_mezar\/'><img loading=\"lazy\" decoding=\"async\" width=\"720\" height=\"451\" src=\"https:\/\/batitrakya.live\/wp-content\/uploads\/2024\/04\/Medrese-Camii-Karaferye-Veria_mezar.jpg\" class=\"attachment-full size-full\" alt=\"\" aria-describedby=\"gallery-1-43046\" srcset=\"https:\/\/batitrakya.live\/wp-content\/uploads\/2024\/04\/Medrese-Camii-Karaferye-Veria_mezar.jpg 720w, https:\/\/batitrakya.live\/wp-content\/uploads\/2024\/04\/Medrese-Camii-Karaferye-Veria_mezar-300x188.jpg 300w\" sizes=\"auto, (max-width: 720px) 100vw, 720px\" \/><\/a>\n\t\t\t<\/div>\n\t\t\t\t<figcaption class='wp-caption-text gallery-caption' id='gallery-1-43046'>\n\t\t\t\tKaz\u0131 \u00c7al\u0131\u015fmalar\u0131nda bulunan mezar.\n\t\t\t\t<\/figcaption><\/figure><figure class='gallery-item'>\n\t\t\t<div class='gallery-icon landscape'>\n\t\t\t\t<a href='https:\/\/batitrakya.live\/index.php\/veriadakaraferye-osmanli-donemine-ait-mezar-bulundu\/karaferye-medrese-camii-1910lar1\/'><img loading=\"lazy\" decoding=\"async\" width=\"720\" height=\"348\" src=\"https:\/\/batitrakya.live\/wp-content\/uploads\/2024\/04\/karaferye-medrese-camii-1910lar1.jpg\" class=\"attachment-full size-full\" alt=\"\" aria-describedby=\"gallery-1-43043\" srcset=\"https:\/\/batitrakya.live\/wp-content\/uploads\/2024\/04\/karaferye-medrese-camii-1910lar1.jpg 720w, https:\/\/batitrakya.live\/wp-content\/uploads\/2024\/04\/karaferye-medrese-camii-1910lar1-300x145.jpg 300w\" sizes=\"auto, (max-width: 720px) 100vw, 720px\" \/><\/a>\n\t\t\t<\/div>\n\t\t\t\t<figcaption class='wp-caption-text gallery-caption' id='gallery-1-43043'>\n\t\t\t\tKaraferye Medrese Camii \/ 1910\u2032lar\n\t\t\t\t<\/figcaption><\/figure><figure class='gallery-item'>\n\t\t\t<div class='gallery-icon landscape'>\n\t\t\t\t<a href='https:\/\/batitrakya.live\/index.php\/veriadakaraferye-osmanli-donemine-ait-mezar-bulundu\/karaferye-medrese-camii-1900ler\/'><img loading=\"lazy\" decoding=\"async\" width=\"720\" height=\"348\" src=\"https:\/\/batitrakya.live\/wp-content\/uploads\/2024\/04\/karaferye-medrese-camii-1900ler.jpg\" class=\"attachment-full size-full\" alt=\"\" aria-describedby=\"gallery-1-43041\" srcset=\"https:\/\/batitrakya.live\/wp-content\/uploads\/2024\/04\/karaferye-medrese-camii-1900ler.jpg 720w, https:\/\/batitrakya.live\/wp-content\/uploads\/2024\/04\/karaferye-medrese-camii-1900ler-300x145.jpg 300w\" sizes=\"auto, (max-width: 720px) 100vw, 720px\" \/><\/a>\n\t\t\t<\/div>\n\t\t\t\t<figcaption class='wp-caption-text gallery-caption' id='gallery-1-43041'>\n\t\t\t\tKaraferye Medrese Camii \/ 1900\u2032ler \n\t\t\t\t<\/figcaption><\/figure>\n\t\t<\/div>\n\n\n\n<figure class=\"wp-block-embed is-type-video is-provider-youtube wp-block-embed-youtube wp-embed-aspect-16-9 wp-has-aspect-ratio\"><div class=\"wp-block-embed__wrapper\">\n<iframe loading=\"lazy\" title=\"YUNAN\u0130STAN KARAFERYE 1\" width=\"500\" height=\"281\" src=\"https:\/\/www.youtube.com\/embed\/M7nEd7T42YQ?feature=oembed\" frameborder=\"0\" allow=\"accelerometer; autoplay; clipboard-write; encrypted-media; gyroscope; picture-in-picture; web-share\" referrerpolicy=\"strict-origin-when-cross-origin\" allowfullscreen><\/iframe>\n<\/div><figcaption class=\"wp-element-caption\">Haber Ilhan Tahsin<\/figcaption><\/figure>\n","protected":false},"excerpt":{"rendered":"<p>Bas\u0131ndaki haberlerde, kent merkezindeki Medrese Camisi yak\u0131n\u0131nda do\u011fal gaz boru hatt\u0131 d\u00f6\u015feme \u00e7al\u0131\u015fmalar\u0131 s\u0131ras\u0131nda Osmanl\u0131 d\u00f6nemine ait mezara rastland\u0131\u011f\u0131 kaydedildi. Haberlerde, arkeologlar\u0131n, mezar\u0131n cami yak\u0131n\u0131nda bulunmas\u0131 ve b\u00f6lgede yer alan ek arkeolojik kal\u0131nt\u0131lar\u0131n mezar\u0131n Osmanl\u0131 d\u00f6nemine ait oldu\u011funu g\u00f6sterdi\u011fini ifade etti\u011fi aktar\u0131ld\u0131. 17. y\u00fczy\u0131l gezgini Evliya \u00c7elebi\u2019nin notlar\u0131nda da s\u00f6z konusu caminin etraf\u0131nda M\u00fcsl\u00fcman mezarl\u0131\u011f\u0131n\u0131n &hellip;<\/p>\n","protected":false},"author":1,"featured_media":43041,"comment_status":"open","ping_status":"open","sticky":false,"template":"","format":"standard","meta":{"footnotes":""},"categories":[24,134,66],"tags":[166,497],"class_list":["post-43039","post","type-post","status-publish","format-standard","has-post-thumbnail","hentry","category-bati-trakyam-haber","category-tarihkultur","category-video-haber","tag-osmanli","tag-turk-tarihi"],"yoast_head":"<!-- This site is optimized with the Yoast SEO Premium plugin v26.3 (Yoast SEO v27.3) - https:\/\/yoast.com\/product\/yoast-seo-premium-wordpress\/ -->\n<title>Veria\u2019da(Karaferye) Osmanl\u0131 d\u00f6nemine ait mezar bulundu... - Bat\u0131 Trakya Haber<\/title>\n<meta name=\"description\" content=\"Veria\u2019da(Karaferye) Osmanl\u0131 d\u00f6nemine ait mezar bulundu...\" \/>\n<meta name=\"robots\" content=\"index, follow, max-snippet:-1, max-image-preview:large, max-video-preview:-1\" \/>\n<link rel=\"canonical\" href=\"https:\/\/batitrakya.live\/index.php\/veriadakaraferye-osmanli-donemine-ait-mezar-bulundu\/\" \/>\n<meta property=\"og:locale\" content=\"tr_TR\" \/>\n<meta property=\"og:type\" content=\"article\" \/>\n<meta property=\"og:title\" content=\"Veria\u2019da(Karaferye) Osmanl\u0131 d\u00f6nemine ait mezar bulundu...\" \/>\n<meta property=\"og:description\" content=\"Veria\u2019da(Karaferye) Osmanl\u0131 d\u00f6nemine ait mezar bulundu...\" \/>\n<meta property=\"og:url\" content=\"https:\/\/batitrakya.live\/index.php\/veriadakaraferye-osmanli-donemine-ait-mezar-bulundu\/\" \/>\n<meta property=\"og:site_name\" content=\"Bat\u0131 Trakya Haber\" \/>\n<meta property=\"article:published_time\" content=\"2024-04-16T15:30:41+00:00\" \/>\n<meta property=\"article:modified_time\" content=\"2024-04-22T14:27:18+00:00\" \/>\n<meta property=\"og:image\" content=\"https:\/\/batitrakya.live\/wp-content\/uploads\/2024\/04\/karaferye-medrese-camii-1900ler.jpg\" \/>\n\t<meta property=\"og:image:width\" content=\"720\" \/>\n\t<meta property=\"og:image:height\" content=\"348\" \/>\n\t<meta property=\"og:image:type\" content=\"image\/jpeg\" \/>\n<meta name=\"author\" content=\"tamer\" \/>\n<meta name=\"twitter:card\" content=\"summary_large_image\" \/>\n<meta name=\"twitter:label1\" content=\"Yazan:\" \/>\n\t<meta name=\"twitter:data1\" content=\"tamer\" \/>\n\t<meta name=\"twitter:label2\" content=\"Tahmini okuma s\u00fcresi\" \/>\n\t<meta name=\"twitter:data2\" content=\"1 dakika\" \/>\n<script type=\"application\/ld+json\" class=\"yoast-schema-graph\">{\"@context\":\"https:\\\/\\\/schema.org\",\"@graph\":[{\"@type\":\"Article\",\"@id\":\"https:\\\/\\\/batitrakya.live\\\/index.php\\\/veriadakaraferye-osmanli-donemine-ait-mezar-bulundu\\\/#article\",\"isPartOf\":{\"@id\":\"https:\\\/\\\/batitrakya.live\\\/index.php\\\/veriadakaraferye-osmanli-donemine-ait-mezar-bulundu\\\/\"},\"author\":{\"name\":\"tamer\",\"@id\":\"https:\\\/\\\/batitrakya.live\\\/#\\\/schema\\\/person\\\/61b86abbc19e5fa0bbc3059670546fe5\"},\"headline\":\"Veria\u2019da(Karaferye) Osmanl\u0131 d\u00f6nemine ait mezar bulundu&#8230;\",\"datePublished\":\"2024-04-16T15:30:41+00:00\",\"dateModified\":\"2024-04-22T14:27:18+00:00\",\"mainEntityOfPage\":{\"@id\":\"https:\\\/\\\/batitrakya.live\\\/index.php\\\/veriadakaraferye-osmanli-donemine-ait-mezar-bulundu\\\/\"},\"wordCount\":147,\"commentCount\":0,\"image\":{\"@id\":\"https:\\\/\\\/batitrakya.live\\\/index.php\\\/veriadakaraferye-osmanli-donemine-ait-mezar-bulundu\\\/#primaryimage\"},\"thumbnailUrl\":\"https:\\\/\\\/batitrakya.live\\\/wp-content\\\/uploads\\\/2024\\\/04\\\/karaferye-medrese-camii-1900ler.jpg\",\"keywords\":[\"Osmanl\u0131\",\"T\u00fcrk Tarihi\"],\"articleSection\":[\"Bat\u0131 Trakyam Haber\",\"Tarih | K\u00fclt\u00fcr\",\"Video Haber\"],\"inLanguage\":\"tr\",\"potentialAction\":[{\"@type\":\"CommentAction\",\"name\":\"Comment\",\"target\":[\"https:\\\/\\\/batitrakya.live\\\/index.php\\\/veriadakaraferye-osmanli-donemine-ait-mezar-bulundu\\\/#respond\"]}],\"copyrightYear\":\"2024\",\"copyrightHolder\":{\"@id\":\"https:\\\/\\\/batitrakya.live\\\/#organization\"}},{\"@type\":\"WebPage\",\"@id\":\"https:\\\/\\\/batitrakya.live\\\/index.php\\\/veriadakaraferye-osmanli-donemine-ait-mezar-bulundu\\\/\",\"url\":\"https:\\\/\\\/batitrakya.live\\\/index.php\\\/veriadakaraferye-osmanli-donemine-ait-mezar-bulundu\\\/\",\"name\":\"Veria\u2019da(Karaferye) Osmanl\u0131 d\u00f6nemine ait mezar bulundu... - Bat\u0131 Trakya Haber\",\"isPartOf\":{\"@id\":\"https:\\\/\\\/batitrakya.live\\\/#website\"},\"primaryImageOfPage\":{\"@id\":\"https:\\\/\\\/batitrakya.live\\\/index.php\\\/veriadakaraferye-osmanli-donemine-ait-mezar-bulundu\\\/#primaryimage\"},\"image\":{\"@id\":\"https:\\\/\\\/batitrakya.live\\\/index.php\\\/veriadakaraferye-osmanli-donemine-ait-mezar-bulundu\\\/#primaryimage\"},\"thumbnailUrl\":\"https:\\\/\\\/batitrakya.live\\\/wp-content\\\/uploads\\\/2024\\\/04\\\/karaferye-medrese-camii-1900ler.jpg\",\"datePublished\":\"2024-04-16T15:30:41+00:00\",\"dateModified\":\"2024-04-22T14:27:18+00:00\",\"author\":{\"@id\":\"https:\\\/\\\/batitrakya.live\\\/#\\\/schema\\\/person\\\/61b86abbc19e5fa0bbc3059670546fe5\"},\"description\":\"Veria\u2019da(Karaferye) Osmanl\u0131 d\u00f6nemine ait mezar bulundu...\",\"breadcrumb\":{\"@id\":\"https:\\\/\\\/batitrakya.live\\\/index.php\\\/veriadakaraferye-osmanli-donemine-ait-mezar-bulundu\\\/#breadcrumb\"},\"inLanguage\":\"tr\",\"potentialAction\":[{\"@type\":\"ReadAction\",\"target\":[\"https:\\\/\\\/batitrakya.live\\\/index.php\\\/veriadakaraferye-osmanli-donemine-ait-mezar-bulundu\\\/\"]}]},{\"@type\":\"ImageObject\",\"inLanguage\":\"tr\",\"@id\":\"https:\\\/\\\/batitrakya.live\\\/index.php\\\/veriadakaraferye-osmanli-donemine-ait-mezar-bulundu\\\/#primaryimage\",\"url\":\"https:\\\/\\\/batitrakya.live\\\/wp-content\\\/uploads\\\/2024\\\/04\\\/karaferye-medrese-camii-1900ler.jpg\",\"contentUrl\":\"https:\\\/\\\/batitrakya.live\\\/wp-content\\\/uploads\\\/2024\\\/04\\\/karaferye-medrese-camii-1900ler.jpg\",\"width\":720,\"height\":348,\"caption\":\"Karaferye Medrese Camii \\\/ 1900\u2032ler\"},{\"@type\":\"BreadcrumbList\",\"@id\":\"https:\\\/\\\/batitrakya.live\\\/index.php\\\/veriadakaraferye-osmanli-donemine-ait-mezar-bulundu\\\/#breadcrumb\",\"itemListElement\":[{\"@type\":\"ListItem\",\"position\":1,\"name\":\"Anasayfa\",\"item\":\"https:\\\/\\\/batitrakya.live\\\/\"},{\"@type\":\"ListItem\",\"position\":2,\"name\":\"Veria\u2019da(Karaferye) Osmanl\u0131 d\u00f6nemine ait mezar bulundu&#8230;\"}]},{\"@type\":\"WebSite\",\"@id\":\"https:\\\/\\\/batitrakya.live\\\/#website\",\"url\":\"https:\\\/\\\/batitrakya.live\\\/\",\"name\":\"Bat\u0131 Trakya Haber\",\"description\":\"Bat\u0131 Trakyan\u0131n internetteki sesi..\",\"potentialAction\":[{\"@type\":\"SearchAction\",\"target\":{\"@type\":\"EntryPoint\",\"urlTemplate\":\"https:\\\/\\\/batitrakya.live\\\/?s={search_term_string}\"},\"query-input\":{\"@type\":\"PropertyValueSpecification\",\"valueRequired\":true,\"valueName\":\"search_term_string\"}}],\"inLanguage\":\"tr\"},{\"@type\":\"Person\",\"@id\":\"https:\\\/\\\/batitrakya.live\\\/#\\\/schema\\\/person\\\/61b86abbc19e5fa0bbc3059670546fe5\",\"name\":\"tamer\",\"image\":{\"@type\":\"ImageObject\",\"inLanguage\":\"tr\",\"@id\":\"https:\\\/\\\/secure.gravatar.com\\\/avatar\\\/60b0ff14c4376999cea9565d28b91fc61ff0f727c28cd083506a6d83ad6df9c9?s=96&d=mm&r=g\",\"url\":\"https:\\\/\\\/secure.gravatar.com\\\/avatar\\\/60b0ff14c4376999cea9565d28b91fc61ff0f727c28cd083506a6d83ad6df9c9?s=96&d=mm&r=g\",\"contentUrl\":\"https:\\\/\\\/secure.gravatar.com\\\/avatar\\\/60b0ff14c4376999cea9565d28b91fc61ff0f727c28cd083506a6d83ad6df9c9?s=96&d=mm&r=g\",\"caption\":\"tamer\"},\"sameAs\":[\"https:\\\/\\\/batitrakya.live\"],\"url\":\"https:\\\/\\\/batitrakya.live\\\/index.php\\\/author\\\/tamer\\\/\"}]}<\/script>\n<!-- \/ Yoast SEO Premium plugin. -->","yoast_head_json":{"title":"Veria\u2019da(Karaferye) Osmanl\u0131 d\u00f6nemine ait mezar bulundu... - Bat\u0131 Trakya Haber","description":"Veria\u2019da(Karaferye) Osmanl\u0131 d\u00f6nemine ait mezar bulundu...","robots":{"index":"index","follow":"follow","max-snippet":"max-snippet:-1","max-image-preview":"max-image-preview:large","max-video-preview":"max-video-preview:-1"},"canonical":"https:\/\/batitrakya.live\/index.php\/veriadakaraferye-osmanli-donemine-ait-mezar-bulundu\/","og_locale":"tr_TR","og_type":"article","og_title":"Veria\u2019da(Karaferye) Osmanl\u0131 d\u00f6nemine ait mezar bulundu...","og_description":"Veria\u2019da(Karaferye) Osmanl\u0131 d\u00f6nemine ait mezar bulundu...","og_url":"https:\/\/batitrakya.live\/index.php\/veriadakaraferye-osmanli-donemine-ait-mezar-bulundu\/","og_site_name":"Bat\u0131 Trakya Haber","article_published_time":"2024-04-16T15:30:41+00:00","article_modified_time":"2024-04-22T14:27:18+00:00","og_image":[{"width":720,"height":348,"url":"https:\/\/batitrakya.live\/wp-content\/uploads\/2024\/04\/karaferye-medrese-camii-1900ler.jpg","type":"image\/jpeg"}],"author":"tamer","twitter_card":"summary_large_image","twitter_misc":{"Yazan:":"tamer","Tahmini okuma s\u00fcresi":"1 dakika"},"schema":{"@context":"https:\/\/schema.org","@graph":[{"@type":"Article","@id":"https:\/\/batitrakya.live\/index.php\/veriadakaraferye-osmanli-donemine-ait-mezar-bulundu\/#article","isPartOf":{"@id":"https:\/\/batitrakya.live\/index.php\/veriadakaraferye-osmanli-donemine-ait-mezar-bulundu\/"},"author":{"name":"tamer","@id":"https:\/\/batitrakya.live\/#\/schema\/person\/61b86abbc19e5fa0bbc3059670546fe5"},"headline":"Veria\u2019da(Karaferye) Osmanl\u0131 d\u00f6nemine ait mezar bulundu&#8230;","datePublished":"2024-04-16T15:30:41+00:00","dateModified":"2024-04-22T14:27:18+00:00","mainEntityOfPage":{"@id":"https:\/\/batitrakya.live\/index.php\/veriadakaraferye-osmanli-donemine-ait-mezar-bulundu\/"},"wordCount":147,"commentCount":0,"image":{"@id":"https:\/\/batitrakya.live\/index.php\/veriadakaraferye-osmanli-donemine-ait-mezar-bulundu\/#primaryimage"},"thumbnailUrl":"https:\/\/batitrakya.live\/wp-content\/uploads\/2024\/04\/karaferye-medrese-camii-1900ler.jpg","keywords":["Osmanl\u0131","T\u00fcrk Tarihi"],"articleSection":["Bat\u0131 Trakyam Haber","Tarih | K\u00fclt\u00fcr","Video Haber"],"inLanguage":"tr","potentialAction":[{"@type":"CommentAction","name":"Comment","target":["https:\/\/batitrakya.live\/index.php\/veriadakaraferye-osmanli-donemine-ait-mezar-bulundu\/#respond"]}],"copyrightYear":"2024","copyrightHolder":{"@id":"https:\/\/batitrakya.live\/#organization"}},{"@type":"WebPage","@id":"https:\/\/batitrakya.live\/index.php\/veriadakaraferye-osmanli-donemine-ait-mezar-bulundu\/","url":"https:\/\/batitrakya.live\/index.php\/veriadakaraferye-osmanli-donemine-ait-mezar-bulundu\/","name":"Veria\u2019da(Karaferye) Osmanl\u0131 d\u00f6nemine ait mezar bulundu... - Bat\u0131 Trakya Haber","isPartOf":{"@id":"https:\/\/batitrakya.live\/#website"},"primaryImageOfPage":{"@id":"https:\/\/batitrakya.live\/index.php\/veriadakaraferye-osmanli-donemine-ait-mezar-bulundu\/#primaryimage"},"image":{"@id":"https:\/\/batitrakya.live\/index.php\/veriadakaraferye-osmanli-donemine-ait-mezar-bulundu\/#primaryimage"},"thumbnailUrl":"https:\/\/batitrakya.live\/wp-content\/uploads\/2024\/04\/karaferye-medrese-camii-1900ler.jpg","datePublished":"2024-04-16T15:30:41+00:00","dateModified":"2024-04-22T14:27:18+00:00","author":{"@id":"https:\/\/batitrakya.live\/#\/schema\/person\/61b86abbc19e5fa0bbc3059670546fe5"},"description":"Veria\u2019da(Karaferye) Osmanl\u0131 d\u00f6nemine ait mezar bulundu...","breadcrumb":{"@id":"https:\/\/batitrakya.live\/index.php\/veriadakaraferye-osmanli-donemine-ait-mezar-bulundu\/#breadcrumb"},"inLanguage":"tr","potentialAction":[{"@type":"ReadAction","target":["https:\/\/batitrakya.live\/index.php\/veriadakaraferye-osmanli-donemine-ait-mezar-bulundu\/"]}]},{"@type":"ImageObject","inLanguage":"tr","@id":"https:\/\/batitrakya.live\/index.php\/veriadakaraferye-osmanli-donemine-ait-mezar-bulundu\/#primaryimage","url":"https:\/\/batitrakya.live\/wp-content\/uploads\/2024\/04\/karaferye-medrese-camii-1900ler.jpg","contentUrl":"https:\/\/batitrakya.live\/wp-content\/uploads\/2024\/04\/karaferye-medrese-camii-1900ler.jpg","width":720,"height":348,"caption":"Karaferye Medrese Camii \/ 1900\u2032ler"},{"@type":"BreadcrumbList","@id":"https:\/\/batitrakya.live\/index.php\/veriadakaraferye-osmanli-donemine-ait-mezar-bulundu\/#breadcrumb","itemListElement":[{"@type":"ListItem","position":1,"name":"Anasayfa","item":"https:\/\/batitrakya.live\/"},{"@type":"ListItem","position":2,"name":"Veria\u2019da(Karaferye) Osmanl\u0131 d\u00f6nemine ait mezar bulundu&#8230;"}]},{"@type":"WebSite","@id":"https:\/\/batitrakya.live\/#website","url":"https:\/\/batitrakya.live\/","name":"Bat\u0131 Trakya Haber","description":"Bat\u0131 Trakyan\u0131n internetteki sesi..","potentialAction":[{"@type":"SearchAction","target":{"@type":"EntryPoint","urlTemplate":"https:\/\/batitrakya.live\/?s={search_term_string}"},"query-input":{"@type":"PropertyValueSpecification","valueRequired":true,"valueName":"search_term_string"}}],"inLanguage":"tr"},{"@type":"Person","@id":"https:\/\/batitrakya.live\/#\/schema\/person\/61b86abbc19e5fa0bbc3059670546fe5","name":"tamer","image":{"@type":"ImageObject","inLanguage":"tr","@id":"https:\/\/secure.gravatar.com\/avatar\/60b0ff14c4376999cea9565d28b91fc61ff0f727c28cd083506a6d83ad6df9c9?s=96&d=mm&r=g","url":"https:\/\/secure.gravatar.com\/avatar\/60b0ff14c4376999cea9565d28b91fc61ff0f727c28cd083506a6d83ad6df9c9?s=96&d=mm&r=g","contentUrl":"https:\/\/secure.gravatar.com\/avatar\/60b0ff14c4376999cea9565d28b91fc61ff0f727c28cd083506a6d83ad6df9c9?s=96&d=mm&r=g","caption":"tamer"},"sameAs":["https:\/\/batitrakya.live"],"url":"https:\/\/batitrakya.live\/index.php\/author\/tamer\/"}]}},"_links":{"self":[{"href":"https:\/\/batitrakya.live\/index.php\/wp-json\/wp\/v2\/posts\/43039","targetHints":{"allow":["GET"]}}],"collection":[{"href":"https:\/\/batitrakya.live\/index.php\/wp-json\/wp\/v2\/posts"}],"about":[{"href":"https:\/\/batitrakya.live\/index.php\/wp-json\/wp\/v2\/types\/post"}],"author":[{"embeddable":true,"href":"https:\/\/batitrakya.live\/index.php\/wp-json\/wp\/v2\/users\/1"}],"replies":[{"embeddable":true,"href":"https:\/\/batitrakya.live\/index.php\/wp-json\/wp\/v2\/comments?post=43039"}],"version-history":[{"count":3,"href":"https:\/\/batitrakya.live\/index.php\/wp-json\/wp\/v2\/posts\/43039\/revisions"}],"predecessor-version":[{"id":43050,"href":"https:\/\/batitrakya.live\/index.php\/wp-json\/wp\/v2\/posts\/43039\/revisions\/43050"}],"wp:featuredmedia":[{"embeddable":true,"href":"https:\/\/batitrakya.live\/index.php\/wp-json\/wp\/v2\/media\/43041"}],"wp:attachment":[{"href":"https:\/\/batitrakya.live\/index.php\/wp-json\/wp\/v2\/media?parent=43039"}],"wp:term":[{"taxonomy":"category","embeddable":true,"href":"https:\/\/batitrakya.live\/index.php\/wp-json\/wp\/v2\/categories?post=43039"},{"taxonomy":"post_tag","embeddable":true,"href":"https:\/\/batitrakya.live\/index.php\/wp-json\/wp\/v2\/tags?post=43039"}],"curies":[{"name":"wp","href":"https:\/\/api.w.org\/{rel}","templated":true}]}}