{"id":42842,"date":"2024-01-29T20:01:19","date_gmt":"2024-01-29T17:01:19","guid":{"rendered":"https:\/\/batitrakya.live\/?p=42842"},"modified":"2024-01-29T20:01:19","modified_gmt":"2024-01-29T17:01:19","slug":"bati-trakya-turklerinin-mucadele-simgesi-29-ocaklari-kutladi","status":"publish","type":"post","link":"https:\/\/batitrakya.live\/index.php\/bati-trakya-turklerinin-mucadele-simgesi-29-ocaklari-kutladi\/","title":{"rendered":"Bat\u0131 Trakya T\u00fcrklerinin m\u00fccadele simgesi 29 Ocaklar\u0131 kutlad\u0131&#8230;"},"content":{"rendered":"<p>DEB Partisi, 1988 ve 1990 y\u0131llar\u0131nda &#8220;T\u00fcrk&#8221; kimli\u011fi ve haklar i\u00e7in m\u00fccadele veren Bat\u0131 Trakya T\u00fcrklerinin \u201c29 Ocak Milli Direni\u015f ve Dayan\u0131\u015fma G\u00fcn\u00fc&#8217;n\u00fc kutlad\u0131.<\/p>\n<p>Gerek 29 Ocak 1988 gerekse 29 Ocak 1990 y\u0131llar\u0131nda yollara d\u00f6k\u00fclen, &#8220;T\u00fcrk&#8221; kimli\u011fin tan\u0131nmas\u0131n\u0131, az\u0131nl\u0131k haklar\u0131n verilmesini isteyen Bat\u0131 Trakya T\u00fcrklerinin m\u00fccadelesini kutlayan DEB Partisi y\u00f6netimi, yaz\u0131l\u0131 a\u00e7\u0131klamas\u0131nda m\u00fccadelenin bundan sonra da devam edece\u011fini belirtti.<\/p>\n<p>Parti y\u00f6netiminin 29 Ocaklara ili\u015fkin a\u00e7\u0131klamas\u0131 \u015fu \u015fekildedir:<\/p>\n<p><em>&#8220;29 Ocak 1988 tarihi, Bat\u0131 Trakya T\u00fcrk\u00fc\u2019n\u00fcn anlaml\u0131 ve onurlu bir direni\u015f sergileyerek, anlams\u0131z bask\u0131lara boyun e\u011fmeyece\u011fini ve milli kimli\u011fini d\u00fcnyaya hayk\u0131rd\u0131\u011f\u0131 g\u00fcnd\u00fcr. Ayn\u0131 g\u00fcn\u00fcn iki y\u0131l sonras\u0131nda 29 Ocak 1990 tarihinde bu Milli Direni\u015f G\u00fcn\u00fc\u2019n\u00fcn an\u0131lmas\u0131n\u0131 yasaklayan ve T\u00fcrk esnaf\u0131n\u0131n d\u00fckk\u00e2nlar\u0131n\u0131n ya\u011fmalanmas\u0131na f\u0131rsat veren \u0131rk\u00e7\u0131 zihniyet halk\u0131m\u0131za tarifsiz ac\u0131lar ya\u015fatm\u0131\u015ft\u0131r. 29 Ocak g\u00fcn\u00fc az\u0131nl\u0131\u011f\u0131m\u0131z\u0131n, etnik kimli\u011fini ink\u00e2r edenlere kar\u015f\u0131 T\u00fcrk oldu\u011funu, T\u00fcrk geleneklerini terk etmeden, kendi k\u00fclt\u00fcr dairesinde ya\u015fayarak, kendini bu \u00fclkenin onurlu bir vatanda\u015f\u0131 gibi hissederek, ayr\u0131mc\u0131l\u0131\u011fa ra\u011fmen bu \u00fclkede ya\u015famak istedi\u011fini y\u00fcksek sesle dillendirdi\u011fi g\u00fcnd\u00fcr. Ba\u015fta rahmetli Liderimiz Dr. Sad\u0131k Ahmet olmak \u00fczere, bu g\u00f6sterilen kahramanl\u0131\u011f\u0131 bug\u00fcn\u00fcn y\u0131l d\u00f6n\u00fcmlerinde anmay\u0131, kahramanlar\u0131na minnet duymay\u0131, merhumlar\u0131na rahmet dilemeyi Dostluk E\u015fitlik Bar\u0131\u015f Partisi olarak asla unutmayaca\u011f\u0131z ve unutturmayaca\u011f\u0131z. Bat\u0131 Trakya T\u00fcrk Az\u0131nl\u0131\u011f\u0131, hakk\u0131 ve hukuku uluslararas\u0131 antla\u015fma ile belirlenmi\u015f bir az\u0131nl\u0131kt\u0131r. Bunu b\u00fct\u00fcn d\u00fcnya devletlerinin b\u00f6yle de\u011ferlendirmelerini istiyoruz. Y\u0131llard\u0131r gasp edilmi\u015f az\u0131nl\u0131k haklar\u0131m\u0131z\u0131n iadesini sab\u0131rla bekledik ve bekliyoruz. Her yeni g\u00fcne d\u00fczelecek, iyile\u015fecek umuduyla uyand\u0131k ve uyanmaya devam ediyoruz. Maalesef bug\u00fcne kadar haklar\u0131m\u0131z\u0131n kazan\u0131m\u0131nda herhangi bir ilerleme g\u00f6r\u00fclmedi. \u00dclkemiz Yunanistan, az\u0131nl\u0131\u011f\u0131m\u0131z\u0131n aleyhine olan bir\u00e7ok yasay\u0131, Bat\u0131 Trakya T\u00fcrk Az\u0131nl\u0131\u011f\u0131\u2019n\u0131n sesine ve isteklerine kulak vermeden ve bizlere bunlar\u0131 dayatarak haklar\u0131m\u0131z\u0131 gasp etmeye devam ediyor. Bir Avrupa Birli\u011fi \u00fclkesi olan vatan\u0131m\u0131z Yunanistan\u2019\u0131n insan haklar\u0131 ihlalleri kar\u015f\u0131s\u0131nda, Avrupa Devletlerinin sessiz ve tepkisiz kal\u0131\u015f\u0131n\u0131, insanl\u0131k ve bar\u0131\u015f ad\u0131na endi\u015fe ile kar\u015f\u0131l\u0131yoruz. Bu \u00e7ifte standart politikalar\u0131, bizleri, Avrupa Birli\u011fi kurulu\u015f temellerini olu\u015fturan demokrasi, insan haklar\u0131, ifade \u00f6zg\u00fcrl\u00fc\u011f\u00fc gibi kavramlara olan inanc\u0131m\u0131z\u0131 da sorgulamak durumunda b\u0131rak\u0131yor. Y\u0131llar \u00f6nce Bat\u0131 Trakya\u2019da T\u00fcrk yoktur diyen zihniyet, hayat\u0131m\u0131z\u0131 her alanda karartmaya devam etmektedir. Bizler art\u0131k kendi \u00fclkemizde haklar\u0131m\u0131za sayg\u0131 g\u00f6sterilen, okullar\u0131 sudan bahanelerle kapat\u0131lmayan, d\u00fc\u015f\u00fcncelerini a\u00e7\u0131klayan kurum ba\u015fkanlar\u0131m\u0131z\u0131n soru\u015fturmaya \u00e7a\u011fr\u0131lmayan ve haklar\u0131nda dava a\u00e7\u0131lmayan, k\u0131saca sindirilmeye ve susturulmaya \u00e7al\u0131\u015f\u0131lmayan bir az\u0131nl\u0131k olmak istiyoruz. Asla umutsuz de\u011filiz. Birlik ve beraberlik i\u00e7inde ula\u015f\u0131lamayacak hi\u00e7bir hedef yoktur. Dostluk E\u015fitlik Bar\u0131\u015f Partisi olarak 29 Ocak Milli Direni\u015f ve Dayan\u0131\u015fma G\u00fcn\u00fc\u2019n\u00fc sayg\u0131yla an\u0131yor ve kutluyoruz. M\u00fccadelemize liderimiz Dr. Sad\u0131k Ahmet\u2019in \u0131\u015f\u0131k tutan c\u00fcmlesiyle devam ediyoruz.<\/em><\/p>\n<p><em>\u2018\u2019Ben bir T\u00fcrk oldu\u011fum i\u00e7in hapse g\u00f6t\u00fcr\u00fcl\u00fcyorum .E\u011fer T\u00fcrk olmak bir su\u00e7 ise, burada tekrar ediyorum. Ben bir T\u00fcrk\u2019\u00fcm ve \u00f6yle kalaca\u011f\u0131m\u2018\u2019 Dr. Sad\u0131k AHMET&#8221;<\/em><\/p>\n","protected":false},"excerpt":{"rendered":"<p>DEB Partisi, 1988 ve 1990 y\u0131llar\u0131nda &#8220;T\u00fcrk&#8221; kimli\u011fi ve haklar i\u00e7in m\u00fccadele veren Bat\u0131 Trakya T\u00fcrklerinin \u201c29 Ocak Milli Direni\u015f ve Dayan\u0131\u015fma G\u00fcn\u00fc&#8217;n\u00fc kutlad\u0131. Gerek 29 Ocak 1988 gerekse 29 Ocak 1990 y\u0131llar\u0131nda yollara d\u00f6k\u00fclen, &#8220;T\u00fcrk&#8221; kimli\u011fin tan\u0131nmas\u0131n\u0131, az\u0131nl\u0131k haklar\u0131n verilmesini isteyen Bat\u0131 Trakya T\u00fcrklerinin m\u00fccadelesini kutlayan DEB Partisi y\u00f6netimi, yaz\u0131l\u0131 a\u00e7\u0131klamas\u0131nda m\u00fccadelenin bundan sonra &hellip;<\/p>\n","protected":false},"author":1,"featured_media":31183,"comment_status":"open","ping_status":"open","sticky":false,"template":"","format":"standard","meta":{"footnotes":""},"categories":[24],"tags":[200],"class_list":["post-42842","post","type-post","status-publish","format-standard","has-post-thumbnail","hentry","category-bati-trakyam-haber","tag-29-ocak"],"yoast_head":"<!-- This site is optimized with the Yoast SEO Premium plugin v26.3 (Yoast SEO v27.3) - https:\/\/yoast.com\/product\/yoast-seo-premium-wordpress\/ -->\n<title>Bat\u0131 Trakya T\u00fcrklerinin m\u00fccadele simgesi 29 Ocaklar\u0131 kutlad\u0131... - Bat\u0131 Trakya Haber<\/title>\n<meta name=\"description\" content=\"DEB Partisi, 29 Ocak Milli Direni\u015f ve Dayan\u0131\u015fma G\u00fcn\u00fc&#039;n\u00fc kutlad\u0131.\" \/>\n<meta name=\"robots\" content=\"index, follow, max-snippet:-1, max-image-preview:large, max-video-preview:-1\" \/>\n<link rel=\"canonical\" href=\"https:\/\/batitrakya.live\/index.php\/bati-trakya-turklerinin-mucadele-simgesi-29-ocaklari-kutladi\/\" \/>\n<meta property=\"og:locale\" content=\"tr_TR\" \/>\n<meta property=\"og:type\" content=\"article\" \/>\n<meta property=\"og:title\" content=\"Bat\u0131 Trakya T\u00fcrklerinin m\u00fccadele simgesi 29 Ocaklar\u0131 kutlad\u0131...\" \/>\n<meta property=\"og:description\" content=\"DEB Partisi, 29 Ocak Milli Direni\u015f ve Dayan\u0131\u015fma G\u00fcn\u00fc&#039;n\u00fc kutlad\u0131.\" \/>\n<meta property=\"og:url\" content=\"https:\/\/batitrakya.live\/index.php\/bati-trakya-turklerinin-mucadele-simgesi-29-ocaklari-kutladi\/\" \/>\n<meta property=\"og:site_name\" content=\"Bat\u0131 Trakya Haber\" \/>\n<meta property=\"article:published_time\" content=\"2024-01-29T17:01:19+00:00\" \/>\n<meta property=\"og:image\" content=\"https:\/\/batitrakya.live\/wp-content\/uploads\/2021\/01\/29_ocak.png\" \/>\n\t<meta property=\"og:image:width\" content=\"720\" \/>\n\t<meta property=\"og:image:height\" content=\"348\" \/>\n\t<meta property=\"og:image:type\" content=\"image\/png\" \/>\n<meta name=\"author\" content=\"tamer\" \/>\n<meta name=\"twitter:card\" content=\"summary_large_image\" \/>\n<meta name=\"twitter:label1\" content=\"Yazan:\" \/>\n\t<meta name=\"twitter:data1\" content=\"tamer\" \/>\n\t<meta name=\"twitter:label2\" content=\"Tahmini okuma s\u00fcresi\" \/>\n\t<meta name=\"twitter:data2\" content=\"3 dakika\" \/>\n<script type=\"application\/ld+json\" class=\"yoast-schema-graph\">{\"@context\":\"https:\\\/\\\/schema.org\",\"@graph\":[{\"@type\":\"Article\",\"@id\":\"https:\\\/\\\/batitrakya.live\\\/index.php\\\/bati-trakya-turklerinin-mucadele-simgesi-29-ocaklari-kutladi\\\/#article\",\"isPartOf\":{\"@id\":\"https:\\\/\\\/batitrakya.live\\\/index.php\\\/bati-trakya-turklerinin-mucadele-simgesi-29-ocaklari-kutladi\\\/\"},\"author\":{\"name\":\"tamer\",\"@id\":\"https:\\\/\\\/batitrakya.live\\\/#\\\/schema\\\/person\\\/61b86abbc19e5fa0bbc3059670546fe5\"},\"headline\":\"Bat\u0131 Trakya T\u00fcrklerinin m\u00fccadele simgesi 29 Ocaklar\u0131 kutlad\u0131&#8230;\",\"datePublished\":\"2024-01-29T17:01:19+00:00\",\"mainEntityOfPage\":{\"@id\":\"https:\\\/\\\/batitrakya.live\\\/index.php\\\/bati-trakya-turklerinin-mucadele-simgesi-29-ocaklari-kutladi\\\/\"},\"wordCount\":626,\"commentCount\":0,\"image\":{\"@id\":\"https:\\\/\\\/batitrakya.live\\\/index.php\\\/bati-trakya-turklerinin-mucadele-simgesi-29-ocaklari-kutladi\\\/#primaryimage\"},\"thumbnailUrl\":\"https:\\\/\\\/batitrakya.live\\\/wp-content\\\/uploads\\\/2021\\\/01\\\/29_ocak.png\",\"keywords\":[\"29.Ocak\"],\"articleSection\":[\"Bat\u0131 Trakyam Haber\"],\"inLanguage\":\"tr\",\"potentialAction\":[{\"@type\":\"CommentAction\",\"name\":\"Comment\",\"target\":[\"https:\\\/\\\/batitrakya.live\\\/index.php\\\/bati-trakya-turklerinin-mucadele-simgesi-29-ocaklari-kutladi\\\/#respond\"]}],\"copyrightYear\":\"2024\",\"copyrightHolder\":{\"@id\":\"https:\\\/\\\/batitrakya.live\\\/#organization\"}},{\"@type\":\"WebPage\",\"@id\":\"https:\\\/\\\/batitrakya.live\\\/index.php\\\/bati-trakya-turklerinin-mucadele-simgesi-29-ocaklari-kutladi\\\/\",\"url\":\"https:\\\/\\\/batitrakya.live\\\/index.php\\\/bati-trakya-turklerinin-mucadele-simgesi-29-ocaklari-kutladi\\\/\",\"name\":\"Bat\u0131 Trakya T\u00fcrklerinin m\u00fccadele simgesi 29 Ocaklar\u0131 kutlad\u0131... - Bat\u0131 Trakya Haber\",\"isPartOf\":{\"@id\":\"https:\\\/\\\/batitrakya.live\\\/#website\"},\"primaryImageOfPage\":{\"@id\":\"https:\\\/\\\/batitrakya.live\\\/index.php\\\/bati-trakya-turklerinin-mucadele-simgesi-29-ocaklari-kutladi\\\/#primaryimage\"},\"image\":{\"@id\":\"https:\\\/\\\/batitrakya.live\\\/index.php\\\/bati-trakya-turklerinin-mucadele-simgesi-29-ocaklari-kutladi\\\/#primaryimage\"},\"thumbnailUrl\":\"https:\\\/\\\/batitrakya.live\\\/wp-content\\\/uploads\\\/2021\\\/01\\\/29_ocak.png\",\"datePublished\":\"2024-01-29T17:01:19+00:00\",\"author\":{\"@id\":\"https:\\\/\\\/batitrakya.live\\\/#\\\/schema\\\/person\\\/61b86abbc19e5fa0bbc3059670546fe5\"},\"description\":\"DEB Partisi, 29 Ocak Milli Direni\u015f ve Dayan\u0131\u015fma G\u00fcn\u00fc'n\u00fc kutlad\u0131.\",\"breadcrumb\":{\"@id\":\"https:\\\/\\\/batitrakya.live\\\/index.php\\\/bati-trakya-turklerinin-mucadele-simgesi-29-ocaklari-kutladi\\\/#breadcrumb\"},\"inLanguage\":\"tr\",\"potentialAction\":[{\"@type\":\"ReadAction\",\"target\":[\"https:\\\/\\\/batitrakya.live\\\/index.php\\\/bati-trakya-turklerinin-mucadele-simgesi-29-ocaklari-kutladi\\\/\"]}]},{\"@type\":\"ImageObject\",\"inLanguage\":\"tr\",\"@id\":\"https:\\\/\\\/batitrakya.live\\\/index.php\\\/bati-trakya-turklerinin-mucadele-simgesi-29-ocaklari-kutladi\\\/#primaryimage\",\"url\":\"https:\\\/\\\/batitrakya.live\\\/wp-content\\\/uploads\\\/2021\\\/01\\\/29_ocak.png\",\"contentUrl\":\"https:\\\/\\\/batitrakya.live\\\/wp-content\\\/uploads\\\/2021\\\/01\\\/29_ocak.png\",\"width\":720,\"height\":348},{\"@type\":\"BreadcrumbList\",\"@id\":\"https:\\\/\\\/batitrakya.live\\\/index.php\\\/bati-trakya-turklerinin-mucadele-simgesi-29-ocaklari-kutladi\\\/#breadcrumb\",\"itemListElement\":[{\"@type\":\"ListItem\",\"position\":1,\"name\":\"Anasayfa\",\"item\":\"https:\\\/\\\/batitrakya.live\\\/\"},{\"@type\":\"ListItem\",\"position\":2,\"name\":\"Bat\u0131 Trakya T\u00fcrklerinin m\u00fccadele simgesi 29 Ocaklar\u0131 kutlad\u0131&#8230;\"}]},{\"@type\":\"WebSite\",\"@id\":\"https:\\\/\\\/batitrakya.live\\\/#website\",\"url\":\"https:\\\/\\\/batitrakya.live\\\/\",\"name\":\"Bat\u0131 Trakya Haber\",\"description\":\"Bat\u0131 Trakyan\u0131n internetteki sesi..\",\"potentialAction\":[{\"@type\":\"SearchAction\",\"target\":{\"@type\":\"EntryPoint\",\"urlTemplate\":\"https:\\\/\\\/batitrakya.live\\\/?s={search_term_string}\"},\"query-input\":{\"@type\":\"PropertyValueSpecification\",\"valueRequired\":true,\"valueName\":\"search_term_string\"}}],\"inLanguage\":\"tr\"},{\"@type\":\"Person\",\"@id\":\"https:\\\/\\\/batitrakya.live\\\/#\\\/schema\\\/person\\\/61b86abbc19e5fa0bbc3059670546fe5\",\"name\":\"tamer\",\"image\":{\"@type\":\"ImageObject\",\"inLanguage\":\"tr\",\"@id\":\"https:\\\/\\\/secure.gravatar.com\\\/avatar\\\/60b0ff14c4376999cea9565d28b91fc61ff0f727c28cd083506a6d83ad6df9c9?s=96&d=mm&r=g\",\"url\":\"https:\\\/\\\/secure.gravatar.com\\\/avatar\\\/60b0ff14c4376999cea9565d28b91fc61ff0f727c28cd083506a6d83ad6df9c9?s=96&d=mm&r=g\",\"contentUrl\":\"https:\\\/\\\/secure.gravatar.com\\\/avatar\\\/60b0ff14c4376999cea9565d28b91fc61ff0f727c28cd083506a6d83ad6df9c9?s=96&d=mm&r=g\",\"caption\":\"tamer\"},\"sameAs\":[\"https:\\\/\\\/batitrakya.live\"],\"url\":\"https:\\\/\\\/batitrakya.live\\\/index.php\\\/author\\\/tamer\\\/\"}]}<\/script>\n<!-- \/ Yoast SEO Premium plugin. -->","yoast_head_json":{"title":"Bat\u0131 Trakya T\u00fcrklerinin m\u00fccadele simgesi 29 Ocaklar\u0131 kutlad\u0131... - Bat\u0131 Trakya Haber","description":"DEB Partisi, 29 Ocak Milli Direni\u015f ve Dayan\u0131\u015fma G\u00fcn\u00fc'n\u00fc kutlad\u0131.","robots":{"index":"index","follow":"follow","max-snippet":"max-snippet:-1","max-image-preview":"max-image-preview:large","max-video-preview":"max-video-preview:-1"},"canonical":"https:\/\/batitrakya.live\/index.php\/bati-trakya-turklerinin-mucadele-simgesi-29-ocaklari-kutladi\/","og_locale":"tr_TR","og_type":"article","og_title":"Bat\u0131 Trakya T\u00fcrklerinin m\u00fccadele simgesi 29 Ocaklar\u0131 kutlad\u0131...","og_description":"DEB Partisi, 29 Ocak Milli Direni\u015f ve Dayan\u0131\u015fma G\u00fcn\u00fc'n\u00fc kutlad\u0131.","og_url":"https:\/\/batitrakya.live\/index.php\/bati-trakya-turklerinin-mucadele-simgesi-29-ocaklari-kutladi\/","og_site_name":"Bat\u0131 Trakya Haber","article_published_time":"2024-01-29T17:01:19+00:00","og_image":[{"width":720,"height":348,"url":"https:\/\/batitrakya.live\/wp-content\/uploads\/2021\/01\/29_ocak.png","type":"image\/png"}],"author":"tamer","twitter_card":"summary_large_image","twitter_misc":{"Yazan:":"tamer","Tahmini okuma s\u00fcresi":"3 dakika"},"schema":{"@context":"https:\/\/schema.org","@graph":[{"@type":"Article","@id":"https:\/\/batitrakya.live\/index.php\/bati-trakya-turklerinin-mucadele-simgesi-29-ocaklari-kutladi\/#article","isPartOf":{"@id":"https:\/\/batitrakya.live\/index.php\/bati-trakya-turklerinin-mucadele-simgesi-29-ocaklari-kutladi\/"},"author":{"name":"tamer","@id":"https:\/\/batitrakya.live\/#\/schema\/person\/61b86abbc19e5fa0bbc3059670546fe5"},"headline":"Bat\u0131 Trakya T\u00fcrklerinin m\u00fccadele simgesi 29 Ocaklar\u0131 kutlad\u0131&#8230;","datePublished":"2024-01-29T17:01:19+00:00","mainEntityOfPage":{"@id":"https:\/\/batitrakya.live\/index.php\/bati-trakya-turklerinin-mucadele-simgesi-29-ocaklari-kutladi\/"},"wordCount":626,"commentCount":0,"image":{"@id":"https:\/\/batitrakya.live\/index.php\/bati-trakya-turklerinin-mucadele-simgesi-29-ocaklari-kutladi\/#primaryimage"},"thumbnailUrl":"https:\/\/batitrakya.live\/wp-content\/uploads\/2021\/01\/29_ocak.png","keywords":["29.Ocak"],"articleSection":["Bat\u0131 Trakyam Haber"],"inLanguage":"tr","potentialAction":[{"@type":"CommentAction","name":"Comment","target":["https:\/\/batitrakya.live\/index.php\/bati-trakya-turklerinin-mucadele-simgesi-29-ocaklari-kutladi\/#respond"]}],"copyrightYear":"2024","copyrightHolder":{"@id":"https:\/\/batitrakya.live\/#organization"}},{"@type":"WebPage","@id":"https:\/\/batitrakya.live\/index.php\/bati-trakya-turklerinin-mucadele-simgesi-29-ocaklari-kutladi\/","url":"https:\/\/batitrakya.live\/index.php\/bati-trakya-turklerinin-mucadele-simgesi-29-ocaklari-kutladi\/","name":"Bat\u0131 Trakya T\u00fcrklerinin m\u00fccadele simgesi 29 Ocaklar\u0131 kutlad\u0131... - Bat\u0131 Trakya Haber","isPartOf":{"@id":"https:\/\/batitrakya.live\/#website"},"primaryImageOfPage":{"@id":"https:\/\/batitrakya.live\/index.php\/bati-trakya-turklerinin-mucadele-simgesi-29-ocaklari-kutladi\/#primaryimage"},"image":{"@id":"https:\/\/batitrakya.live\/index.php\/bati-trakya-turklerinin-mucadele-simgesi-29-ocaklari-kutladi\/#primaryimage"},"thumbnailUrl":"https:\/\/batitrakya.live\/wp-content\/uploads\/2021\/01\/29_ocak.png","datePublished":"2024-01-29T17:01:19+00:00","author":{"@id":"https:\/\/batitrakya.live\/#\/schema\/person\/61b86abbc19e5fa0bbc3059670546fe5"},"description":"DEB Partisi, 29 Ocak Milli Direni\u015f ve Dayan\u0131\u015fma G\u00fcn\u00fc'n\u00fc kutlad\u0131.","breadcrumb":{"@id":"https:\/\/batitrakya.live\/index.php\/bati-trakya-turklerinin-mucadele-simgesi-29-ocaklari-kutladi\/#breadcrumb"},"inLanguage":"tr","potentialAction":[{"@type":"ReadAction","target":["https:\/\/batitrakya.live\/index.php\/bati-trakya-turklerinin-mucadele-simgesi-29-ocaklari-kutladi\/"]}]},{"@type":"ImageObject","inLanguage":"tr","@id":"https:\/\/batitrakya.live\/index.php\/bati-trakya-turklerinin-mucadele-simgesi-29-ocaklari-kutladi\/#primaryimage","url":"https:\/\/batitrakya.live\/wp-content\/uploads\/2021\/01\/29_ocak.png","contentUrl":"https:\/\/batitrakya.live\/wp-content\/uploads\/2021\/01\/29_ocak.png","width":720,"height":348},{"@type":"BreadcrumbList","@id":"https:\/\/batitrakya.live\/index.php\/bati-trakya-turklerinin-mucadele-simgesi-29-ocaklari-kutladi\/#breadcrumb","itemListElement":[{"@type":"ListItem","position":1,"name":"Anasayfa","item":"https:\/\/batitrakya.live\/"},{"@type":"ListItem","position":2,"name":"Bat\u0131 Trakya T\u00fcrklerinin m\u00fccadele simgesi 29 Ocaklar\u0131 kutlad\u0131&#8230;"}]},{"@type":"WebSite","@id":"https:\/\/batitrakya.live\/#website","url":"https:\/\/batitrakya.live\/","name":"Bat\u0131 Trakya Haber","description":"Bat\u0131 Trakyan\u0131n internetteki sesi..","potentialAction":[{"@type":"SearchAction","target":{"@type":"EntryPoint","urlTemplate":"https:\/\/batitrakya.live\/?s={search_term_string}"},"query-input":{"@type":"PropertyValueSpecification","valueRequired":true,"valueName":"search_term_string"}}],"inLanguage":"tr"},{"@type":"Person","@id":"https:\/\/batitrakya.live\/#\/schema\/person\/61b86abbc19e5fa0bbc3059670546fe5","name":"tamer","image":{"@type":"ImageObject","inLanguage":"tr","@id":"https:\/\/secure.gravatar.com\/avatar\/60b0ff14c4376999cea9565d28b91fc61ff0f727c28cd083506a6d83ad6df9c9?s=96&d=mm&r=g","url":"https:\/\/secure.gravatar.com\/avatar\/60b0ff14c4376999cea9565d28b91fc61ff0f727c28cd083506a6d83ad6df9c9?s=96&d=mm&r=g","contentUrl":"https:\/\/secure.gravatar.com\/avatar\/60b0ff14c4376999cea9565d28b91fc61ff0f727c28cd083506a6d83ad6df9c9?s=96&d=mm&r=g","caption":"tamer"},"sameAs":["https:\/\/batitrakya.live"],"url":"https:\/\/batitrakya.live\/index.php\/author\/tamer\/"}]}},"_links":{"self":[{"href":"https:\/\/batitrakya.live\/index.php\/wp-json\/wp\/v2\/posts\/42842","targetHints":{"allow":["GET"]}}],"collection":[{"href":"https:\/\/batitrakya.live\/index.php\/wp-json\/wp\/v2\/posts"}],"about":[{"href":"https:\/\/batitrakya.live\/index.php\/wp-json\/wp\/v2\/types\/post"}],"author":[{"embeddable":true,"href":"https:\/\/batitrakya.live\/index.php\/wp-json\/wp\/v2\/users\/1"}],"replies":[{"embeddable":true,"href":"https:\/\/batitrakya.live\/index.php\/wp-json\/wp\/v2\/comments?post=42842"}],"version-history":[{"count":1,"href":"https:\/\/batitrakya.live\/index.php\/wp-json\/wp\/v2\/posts\/42842\/revisions"}],"predecessor-version":[{"id":42844,"href":"https:\/\/batitrakya.live\/index.php\/wp-json\/wp\/v2\/posts\/42842\/revisions\/42844"}],"wp:featuredmedia":[{"embeddable":true,"href":"https:\/\/batitrakya.live\/index.php\/wp-json\/wp\/v2\/media\/31183"}],"wp:attachment":[{"href":"https:\/\/batitrakya.live\/index.php\/wp-json\/wp\/v2\/media?parent=42842"}],"wp:term":[{"taxonomy":"category","embeddable":true,"href":"https:\/\/batitrakya.live\/index.php\/wp-json\/wp\/v2\/categories?post=42842"},{"taxonomy":"post_tag","embeddable":true,"href":"https:\/\/batitrakya.live\/index.php\/wp-json\/wp\/v2\/tags?post=42842"}],"curies":[{"name":"wp","href":"https:\/\/api.w.org\/{rel}","templated":true}]}}