{"id":42696,"date":"2023-12-26T15:30:59","date_gmt":"2023-12-26T12:30:59","guid":{"rendered":"https:\/\/batitrakya.live\/?p=42696"},"modified":"2023-12-26T15:30:59","modified_gmt":"2023-12-26T12:30:59","slug":"abttf-turkiyedeki-sehitler-icin-bassagligi-mesaji-yayimladi","status":"publish","type":"post","link":"https:\/\/batitrakya.live\/index.php\/abttf-turkiyedeki-sehitler-icin-bassagligi-mesaji-yayimladi\/","title":{"rendered":"ABTTF T\u00fcrkiye\u2019deki \u015fehitler i\u00e7in ba\u015fsa\u011fl\u0131\u011f\u0131 mesaj\u0131 yay\u0131mlad\u0131&#8230;"},"content":{"rendered":"<p>Avrupa Bat\u0131 Trakya T\u00fcrk Federasyonu, (ABTTF) T\u00fcrkiye\u2019nin Kuzey Irak\u2019ta y\u00f6netti\u011fi Pen\u00e7e-Kilit Harekat\u0131\u2019nda \u00e7\u0131kan \u00e7at\u0131\u015fmalarda \u015fehit olan T\u00fcrk askerleri i\u00e7in taziye mesaj\u0131 yay\u0131mlad\u0131.<\/p>\n<p>ABTTF\u2019nin yay\u0131mlad\u0131\u011f\u0131 mesajda \u015fu ifadelere yer verildi:<\/p>\n<p>&#8220;Anavatan\u0131m\u0131z T\u00fcrkiye Cumhuriyeti, Irak\u2019\u0131n kuzeyinde y\u00fcr\u00fctt\u00fc\u011f\u00fc Pen\u00e7e Kilit Harekat B\u00f6lgesi\u2019nde ter\u00f6ristler taraf\u0131ndan ger\u00e7ekle\u015ftirilen sald\u0131r\u0131larda 12 \u015fehit verdi.<\/p>\n<p>Bat\u0131 Trakya T\u00fcrk toplumunun Avrupa ve uluslararas\u0131 alandaki temsilcisi ABTTF olarak hain sald\u0131r\u0131larda \u015fehit d\u00fc\u015fen T\u00fcrk askerlerine Allah\u2019tan rahmet, yaralanan T\u00fcrk askerlerine acil \u015fifalar, \u015fehit askerlerin kederli ailelerine ba\u015fsa\u011fl\u0131\u011f\u0131 ve sab\u0131r diliyoruz.<\/p>\n<p>Kalbimiz ve dualar\u0131m\u0131z anavatan\u0131m\u0131z T\u00fcrkiye ile birliktedir. Y\u00fcce T\u00fcrk milletinin ba\u015f\u0131 sa\u011f olsun.\u201d<\/p>\n","protected":false},"excerpt":{"rendered":"<p>Avrupa Bat\u0131 Trakya T\u00fcrk Federasyonu, (ABTTF) T\u00fcrkiye\u2019nin Kuzey Irak\u2019ta y\u00f6netti\u011fi Pen\u00e7e-Kilit Harekat\u0131\u2019nda \u00e7\u0131kan \u00e7at\u0131\u015fmalarda \u015fehit olan T\u00fcrk askerleri i\u00e7in taziye mesaj\u0131 yay\u0131mlad\u0131. ABTTF\u2019nin yay\u0131mlad\u0131\u011f\u0131 mesajda \u015fu ifadelere yer verildi: &#8220;Anavatan\u0131m\u0131z T\u00fcrkiye Cumhuriyeti, Irak\u2019\u0131n kuzeyinde y\u00fcr\u00fctt\u00fc\u011f\u00fc Pen\u00e7e Kilit Harekat B\u00f6lgesi\u2019nde ter\u00f6ristler taraf\u0131ndan ger\u00e7ekle\u015ftirilen sald\u0131r\u0131larda 12 \u015fehit verdi. Bat\u0131 Trakya T\u00fcrk toplumunun Avrupa ve uluslararas\u0131 alandaki temsilcisi &hellip;<\/p>\n","protected":false},"author":1,"featured_media":39616,"comment_status":"open","ping_status":"open","sticky":false,"template":"","format":"standard","meta":{"footnotes":""},"categories":[24],"tags":[78,518],"class_list":["post-42696","post","type-post","status-publish","format-standard","has-post-thumbnail","hentry","category-bati-trakyam-haber","tag-abttf","tag-sehit"],"yoast_head":"<!-- This site is optimized with the Yoast SEO Premium plugin v26.3 (Yoast SEO v27.3) - https:\/\/yoast.com\/product\/yoast-seo-premium-wordpress\/ -->\n<title>ABTTF T\u00fcrkiye\u2019deki \u015fehitler i\u00e7in ba\u015fsa\u011fl\u0131\u011f\u0131 mesaj\u0131 yay\u0131mlad\u0131... - Bat\u0131 Trakya Haber<\/title>\n<meta name=\"description\" content=\"ABTTF T\u00fcrkiye\u2019deki \u015fehitler i\u00e7in ba\u015fsa\u011fl\u0131\u011f\u0131 mesaj\u0131 yay\u0131mlad\u0131\" \/>\n<meta name=\"robots\" content=\"index, follow, max-snippet:-1, max-image-preview:large, max-video-preview:-1\" \/>\n<link rel=\"canonical\" href=\"https:\/\/batitrakya.live\/index.php\/abttf-turkiyedeki-sehitler-icin-bassagligi-mesaji-yayimladi\/\" \/>\n<meta property=\"og:locale\" content=\"tr_TR\" \/>\n<meta property=\"og:type\" content=\"article\" \/>\n<meta property=\"og:title\" content=\"ABTTF T\u00fcrkiye\u2019deki \u015fehitler i\u00e7in ba\u015fsa\u011fl\u0131\u011f\u0131 mesaj\u0131 yay\u0131mlad\u0131...\" \/>\n<meta property=\"og:description\" content=\"ABTTF T\u00fcrkiye\u2019deki \u015fehitler i\u00e7in ba\u015fsa\u011fl\u0131\u011f\u0131 mesaj\u0131 yay\u0131mlad\u0131\" \/>\n<meta property=\"og:url\" content=\"https:\/\/batitrakya.live\/index.php\/abttf-turkiyedeki-sehitler-icin-bassagligi-mesaji-yayimladi\/\" \/>\n<meta property=\"og:site_name\" content=\"Bat\u0131 Trakya Haber\" \/>\n<meta property=\"article:published_time\" content=\"2023-12-26T12:30:59+00:00\" \/>\n<meta property=\"og:image\" content=\"https:\/\/batitrakya.live\/wp-content\/uploads\/2022\/02\/abttf_habipoglu3.jpg\" \/>\n\t<meta property=\"og:image:width\" content=\"720\" \/>\n\t<meta property=\"og:image:height\" content=\"348\" \/>\n\t<meta property=\"og:image:type\" content=\"image\/jpeg\" \/>\n<meta name=\"author\" content=\"tamer\" \/>\n<meta name=\"twitter:card\" content=\"summary_large_image\" \/>\n<meta name=\"twitter:label1\" content=\"Yazan:\" \/>\n\t<meta name=\"twitter:data1\" content=\"tamer\" \/>\n\t<meta name=\"twitter:label2\" content=\"Tahmini okuma s\u00fcresi\" \/>\n\t<meta name=\"twitter:data2\" content=\"1 dakika\" \/>\n<script type=\"application\/ld+json\" class=\"yoast-schema-graph\">{\"@context\":\"https:\\\/\\\/schema.org\",\"@graph\":[{\"@type\":\"Article\",\"@id\":\"https:\\\/\\\/batitrakya.live\\\/index.php\\\/abttf-turkiyedeki-sehitler-icin-bassagligi-mesaji-yayimladi\\\/#article\",\"isPartOf\":{\"@id\":\"https:\\\/\\\/batitrakya.live\\\/index.php\\\/abttf-turkiyedeki-sehitler-icin-bassagligi-mesaji-yayimladi\\\/\"},\"author\":{\"name\":\"tamer\",\"@id\":\"https:\\\/\\\/batitrakya.live\\\/#\\\/schema\\\/person\\\/61b86abbc19e5fa0bbc3059670546fe5\"},\"headline\":\"ABTTF T\u00fcrkiye\u2019deki \u015fehitler i\u00e7in ba\u015fsa\u011fl\u0131\u011f\u0131 mesaj\u0131 yay\u0131mlad\u0131&#8230;\",\"datePublished\":\"2023-12-26T12:30:59+00:00\",\"mainEntityOfPage\":{\"@id\":\"https:\\\/\\\/batitrakya.live\\\/index.php\\\/abttf-turkiyedeki-sehitler-icin-bassagligi-mesaji-yayimladi\\\/\"},\"wordCount\":149,\"commentCount\":0,\"image\":{\"@id\":\"https:\\\/\\\/batitrakya.live\\\/index.php\\\/abttf-turkiyedeki-sehitler-icin-bassagligi-mesaji-yayimladi\\\/#primaryimage\"},\"thumbnailUrl\":\"https:\\\/\\\/batitrakya.live\\\/wp-content\\\/uploads\\\/2022\\\/02\\\/abttf_habipoglu3.jpg\",\"keywords\":[\"ABTTF\",\"\u015eehit\"],\"articleSection\":[\"Bat\u0131 Trakyam Haber\"],\"inLanguage\":\"tr\",\"potentialAction\":[{\"@type\":\"CommentAction\",\"name\":\"Comment\",\"target\":[\"https:\\\/\\\/batitrakya.live\\\/index.php\\\/abttf-turkiyedeki-sehitler-icin-bassagligi-mesaji-yayimladi\\\/#respond\"]}],\"copyrightYear\":\"2023\",\"copyrightHolder\":{\"@id\":\"https:\\\/\\\/batitrakya.live\\\/#organization\"}},{\"@type\":\"WebPage\",\"@id\":\"https:\\\/\\\/batitrakya.live\\\/index.php\\\/abttf-turkiyedeki-sehitler-icin-bassagligi-mesaji-yayimladi\\\/\",\"url\":\"https:\\\/\\\/batitrakya.live\\\/index.php\\\/abttf-turkiyedeki-sehitler-icin-bassagligi-mesaji-yayimladi\\\/\",\"name\":\"ABTTF T\u00fcrkiye\u2019deki \u015fehitler i\u00e7in ba\u015fsa\u011fl\u0131\u011f\u0131 mesaj\u0131 yay\u0131mlad\u0131... - Bat\u0131 Trakya Haber\",\"isPartOf\":{\"@id\":\"https:\\\/\\\/batitrakya.live\\\/#website\"},\"primaryImageOfPage\":{\"@id\":\"https:\\\/\\\/batitrakya.live\\\/index.php\\\/abttf-turkiyedeki-sehitler-icin-bassagligi-mesaji-yayimladi\\\/#primaryimage\"},\"image\":{\"@id\":\"https:\\\/\\\/batitrakya.live\\\/index.php\\\/abttf-turkiyedeki-sehitler-icin-bassagligi-mesaji-yayimladi\\\/#primaryimage\"},\"thumbnailUrl\":\"https:\\\/\\\/batitrakya.live\\\/wp-content\\\/uploads\\\/2022\\\/02\\\/abttf_habipoglu3.jpg\",\"datePublished\":\"2023-12-26T12:30:59+00:00\",\"author\":{\"@id\":\"https:\\\/\\\/batitrakya.live\\\/#\\\/schema\\\/person\\\/61b86abbc19e5fa0bbc3059670546fe5\"},\"description\":\"ABTTF T\u00fcrkiye\u2019deki \u015fehitler i\u00e7in ba\u015fsa\u011fl\u0131\u011f\u0131 mesaj\u0131 yay\u0131mlad\u0131\",\"breadcrumb\":{\"@id\":\"https:\\\/\\\/batitrakya.live\\\/index.php\\\/abttf-turkiyedeki-sehitler-icin-bassagligi-mesaji-yayimladi\\\/#breadcrumb\"},\"inLanguage\":\"tr\",\"potentialAction\":[{\"@type\":\"ReadAction\",\"target\":[\"https:\\\/\\\/batitrakya.live\\\/index.php\\\/abttf-turkiyedeki-sehitler-icin-bassagligi-mesaji-yayimladi\\\/\"]}]},{\"@type\":\"ImageObject\",\"inLanguage\":\"tr\",\"@id\":\"https:\\\/\\\/batitrakya.live\\\/index.php\\\/abttf-turkiyedeki-sehitler-icin-bassagligi-mesaji-yayimladi\\\/#primaryimage\",\"url\":\"https:\\\/\\\/batitrakya.live\\\/wp-content\\\/uploads\\\/2022\\\/02\\\/abttf_habipoglu3.jpg\",\"contentUrl\":\"https:\\\/\\\/batitrakya.live\\\/wp-content\\\/uploads\\\/2022\\\/02\\\/abttf_habipoglu3.jpg\",\"width\":720,\"height\":348},{\"@type\":\"BreadcrumbList\",\"@id\":\"https:\\\/\\\/batitrakya.live\\\/index.php\\\/abttf-turkiyedeki-sehitler-icin-bassagligi-mesaji-yayimladi\\\/#breadcrumb\",\"itemListElement\":[{\"@type\":\"ListItem\",\"position\":1,\"name\":\"Anasayfa\",\"item\":\"https:\\\/\\\/batitrakya.live\\\/\"},{\"@type\":\"ListItem\",\"position\":2,\"name\":\"ABTTF T\u00fcrkiye\u2019deki \u015fehitler i\u00e7in ba\u015fsa\u011fl\u0131\u011f\u0131 mesaj\u0131 yay\u0131mlad\u0131&#8230;\"}]},{\"@type\":\"WebSite\",\"@id\":\"https:\\\/\\\/batitrakya.live\\\/#website\",\"url\":\"https:\\\/\\\/batitrakya.live\\\/\",\"name\":\"Bat\u0131 Trakya Haber\",\"description\":\"Bat\u0131 Trakyan\u0131n internetteki sesi..\",\"potentialAction\":[{\"@type\":\"SearchAction\",\"target\":{\"@type\":\"EntryPoint\",\"urlTemplate\":\"https:\\\/\\\/batitrakya.live\\\/?s={search_term_string}\"},\"query-input\":{\"@type\":\"PropertyValueSpecification\",\"valueRequired\":true,\"valueName\":\"search_term_string\"}}],\"inLanguage\":\"tr\"},{\"@type\":\"Person\",\"@id\":\"https:\\\/\\\/batitrakya.live\\\/#\\\/schema\\\/person\\\/61b86abbc19e5fa0bbc3059670546fe5\",\"name\":\"tamer\",\"image\":{\"@type\":\"ImageObject\",\"inLanguage\":\"tr\",\"@id\":\"https:\\\/\\\/secure.gravatar.com\\\/avatar\\\/60b0ff14c4376999cea9565d28b91fc61ff0f727c28cd083506a6d83ad6df9c9?s=96&d=mm&r=g\",\"url\":\"https:\\\/\\\/secure.gravatar.com\\\/avatar\\\/60b0ff14c4376999cea9565d28b91fc61ff0f727c28cd083506a6d83ad6df9c9?s=96&d=mm&r=g\",\"contentUrl\":\"https:\\\/\\\/secure.gravatar.com\\\/avatar\\\/60b0ff14c4376999cea9565d28b91fc61ff0f727c28cd083506a6d83ad6df9c9?s=96&d=mm&r=g\",\"caption\":\"tamer\"},\"sameAs\":[\"https:\\\/\\\/batitrakya.live\"],\"url\":\"https:\\\/\\\/batitrakya.live\\\/index.php\\\/author\\\/tamer\\\/\"}]}<\/script>\n<!-- \/ Yoast SEO Premium plugin. -->","yoast_head_json":{"title":"ABTTF T\u00fcrkiye\u2019deki \u015fehitler i\u00e7in ba\u015fsa\u011fl\u0131\u011f\u0131 mesaj\u0131 yay\u0131mlad\u0131... - Bat\u0131 Trakya Haber","description":"ABTTF T\u00fcrkiye\u2019deki \u015fehitler i\u00e7in ba\u015fsa\u011fl\u0131\u011f\u0131 mesaj\u0131 yay\u0131mlad\u0131","robots":{"index":"index","follow":"follow","max-snippet":"max-snippet:-1","max-image-preview":"max-image-preview:large","max-video-preview":"max-video-preview:-1"},"canonical":"https:\/\/batitrakya.live\/index.php\/abttf-turkiyedeki-sehitler-icin-bassagligi-mesaji-yayimladi\/","og_locale":"tr_TR","og_type":"article","og_title":"ABTTF T\u00fcrkiye\u2019deki \u015fehitler i\u00e7in ba\u015fsa\u011fl\u0131\u011f\u0131 mesaj\u0131 yay\u0131mlad\u0131...","og_description":"ABTTF T\u00fcrkiye\u2019deki \u015fehitler i\u00e7in ba\u015fsa\u011fl\u0131\u011f\u0131 mesaj\u0131 yay\u0131mlad\u0131","og_url":"https:\/\/batitrakya.live\/index.php\/abttf-turkiyedeki-sehitler-icin-bassagligi-mesaji-yayimladi\/","og_site_name":"Bat\u0131 Trakya Haber","article_published_time":"2023-12-26T12:30:59+00:00","og_image":[{"width":720,"height":348,"url":"https:\/\/batitrakya.live\/wp-content\/uploads\/2022\/02\/abttf_habipoglu3.jpg","type":"image\/jpeg"}],"author":"tamer","twitter_card":"summary_large_image","twitter_misc":{"Yazan:":"tamer","Tahmini okuma s\u00fcresi":"1 dakika"},"schema":{"@context":"https:\/\/schema.org","@graph":[{"@type":"Article","@id":"https:\/\/batitrakya.live\/index.php\/abttf-turkiyedeki-sehitler-icin-bassagligi-mesaji-yayimladi\/#article","isPartOf":{"@id":"https:\/\/batitrakya.live\/index.php\/abttf-turkiyedeki-sehitler-icin-bassagligi-mesaji-yayimladi\/"},"author":{"name":"tamer","@id":"https:\/\/batitrakya.live\/#\/schema\/person\/61b86abbc19e5fa0bbc3059670546fe5"},"headline":"ABTTF T\u00fcrkiye\u2019deki \u015fehitler i\u00e7in ba\u015fsa\u011fl\u0131\u011f\u0131 mesaj\u0131 yay\u0131mlad\u0131&#8230;","datePublished":"2023-12-26T12:30:59+00:00","mainEntityOfPage":{"@id":"https:\/\/batitrakya.live\/index.php\/abttf-turkiyedeki-sehitler-icin-bassagligi-mesaji-yayimladi\/"},"wordCount":149,"commentCount":0,"image":{"@id":"https:\/\/batitrakya.live\/index.php\/abttf-turkiyedeki-sehitler-icin-bassagligi-mesaji-yayimladi\/#primaryimage"},"thumbnailUrl":"https:\/\/batitrakya.live\/wp-content\/uploads\/2022\/02\/abttf_habipoglu3.jpg","keywords":["ABTTF","\u015eehit"],"articleSection":["Bat\u0131 Trakyam Haber"],"inLanguage":"tr","potentialAction":[{"@type":"CommentAction","name":"Comment","target":["https:\/\/batitrakya.live\/index.php\/abttf-turkiyedeki-sehitler-icin-bassagligi-mesaji-yayimladi\/#respond"]}],"copyrightYear":"2023","copyrightHolder":{"@id":"https:\/\/batitrakya.live\/#organization"}},{"@type":"WebPage","@id":"https:\/\/batitrakya.live\/index.php\/abttf-turkiyedeki-sehitler-icin-bassagligi-mesaji-yayimladi\/","url":"https:\/\/batitrakya.live\/index.php\/abttf-turkiyedeki-sehitler-icin-bassagligi-mesaji-yayimladi\/","name":"ABTTF T\u00fcrkiye\u2019deki \u015fehitler i\u00e7in ba\u015fsa\u011fl\u0131\u011f\u0131 mesaj\u0131 yay\u0131mlad\u0131... - Bat\u0131 Trakya Haber","isPartOf":{"@id":"https:\/\/batitrakya.live\/#website"},"primaryImageOfPage":{"@id":"https:\/\/batitrakya.live\/index.php\/abttf-turkiyedeki-sehitler-icin-bassagligi-mesaji-yayimladi\/#primaryimage"},"image":{"@id":"https:\/\/batitrakya.live\/index.php\/abttf-turkiyedeki-sehitler-icin-bassagligi-mesaji-yayimladi\/#primaryimage"},"thumbnailUrl":"https:\/\/batitrakya.live\/wp-content\/uploads\/2022\/02\/abttf_habipoglu3.jpg","datePublished":"2023-12-26T12:30:59+00:00","author":{"@id":"https:\/\/batitrakya.live\/#\/schema\/person\/61b86abbc19e5fa0bbc3059670546fe5"},"description":"ABTTF T\u00fcrkiye\u2019deki \u015fehitler i\u00e7in ba\u015fsa\u011fl\u0131\u011f\u0131 mesaj\u0131 yay\u0131mlad\u0131","breadcrumb":{"@id":"https:\/\/batitrakya.live\/index.php\/abttf-turkiyedeki-sehitler-icin-bassagligi-mesaji-yayimladi\/#breadcrumb"},"inLanguage":"tr","potentialAction":[{"@type":"ReadAction","target":["https:\/\/batitrakya.live\/index.php\/abttf-turkiyedeki-sehitler-icin-bassagligi-mesaji-yayimladi\/"]}]},{"@type":"ImageObject","inLanguage":"tr","@id":"https:\/\/batitrakya.live\/index.php\/abttf-turkiyedeki-sehitler-icin-bassagligi-mesaji-yayimladi\/#primaryimage","url":"https:\/\/batitrakya.live\/wp-content\/uploads\/2022\/02\/abttf_habipoglu3.jpg","contentUrl":"https:\/\/batitrakya.live\/wp-content\/uploads\/2022\/02\/abttf_habipoglu3.jpg","width":720,"height":348},{"@type":"BreadcrumbList","@id":"https:\/\/batitrakya.live\/index.php\/abttf-turkiyedeki-sehitler-icin-bassagligi-mesaji-yayimladi\/#breadcrumb","itemListElement":[{"@type":"ListItem","position":1,"name":"Anasayfa","item":"https:\/\/batitrakya.live\/"},{"@type":"ListItem","position":2,"name":"ABTTF T\u00fcrkiye\u2019deki \u015fehitler i\u00e7in ba\u015fsa\u011fl\u0131\u011f\u0131 mesaj\u0131 yay\u0131mlad\u0131&#8230;"}]},{"@type":"WebSite","@id":"https:\/\/batitrakya.live\/#website","url":"https:\/\/batitrakya.live\/","name":"Bat\u0131 Trakya Haber","description":"Bat\u0131 Trakyan\u0131n internetteki sesi..","potentialAction":[{"@type":"SearchAction","target":{"@type":"EntryPoint","urlTemplate":"https:\/\/batitrakya.live\/?s={search_term_string}"},"query-input":{"@type":"PropertyValueSpecification","valueRequired":true,"valueName":"search_term_string"}}],"inLanguage":"tr"},{"@type":"Person","@id":"https:\/\/batitrakya.live\/#\/schema\/person\/61b86abbc19e5fa0bbc3059670546fe5","name":"tamer","image":{"@type":"ImageObject","inLanguage":"tr","@id":"https:\/\/secure.gravatar.com\/avatar\/60b0ff14c4376999cea9565d28b91fc61ff0f727c28cd083506a6d83ad6df9c9?s=96&d=mm&r=g","url":"https:\/\/secure.gravatar.com\/avatar\/60b0ff14c4376999cea9565d28b91fc61ff0f727c28cd083506a6d83ad6df9c9?s=96&d=mm&r=g","contentUrl":"https:\/\/secure.gravatar.com\/avatar\/60b0ff14c4376999cea9565d28b91fc61ff0f727c28cd083506a6d83ad6df9c9?s=96&d=mm&r=g","caption":"tamer"},"sameAs":["https:\/\/batitrakya.live"],"url":"https:\/\/batitrakya.live\/index.php\/author\/tamer\/"}]}},"_links":{"self":[{"href":"https:\/\/batitrakya.live\/index.php\/wp-json\/wp\/v2\/posts\/42696","targetHints":{"allow":["GET"]}}],"collection":[{"href":"https:\/\/batitrakya.live\/index.php\/wp-json\/wp\/v2\/posts"}],"about":[{"href":"https:\/\/batitrakya.live\/index.php\/wp-json\/wp\/v2\/types\/post"}],"author":[{"embeddable":true,"href":"https:\/\/batitrakya.live\/index.php\/wp-json\/wp\/v2\/users\/1"}],"replies":[{"embeddable":true,"href":"https:\/\/batitrakya.live\/index.php\/wp-json\/wp\/v2\/comments?post=42696"}],"version-history":[{"count":1,"href":"https:\/\/batitrakya.live\/index.php\/wp-json\/wp\/v2\/posts\/42696\/revisions"}],"predecessor-version":[{"id":42698,"href":"https:\/\/batitrakya.live\/index.php\/wp-json\/wp\/v2\/posts\/42696\/revisions\/42698"}],"wp:featuredmedia":[{"embeddable":true,"href":"https:\/\/batitrakya.live\/index.php\/wp-json\/wp\/v2\/media\/39616"}],"wp:attachment":[{"href":"https:\/\/batitrakya.live\/index.php\/wp-json\/wp\/v2\/media?parent=42696"}],"wp:term":[{"taxonomy":"category","embeddable":true,"href":"https:\/\/batitrakya.live\/index.php\/wp-json\/wp\/v2\/categories?post=42696"},{"taxonomy":"post_tag","embeddable":true,"href":"https:\/\/batitrakya.live\/index.php\/wp-json\/wp\/v2\/tags?post=42696"}],"curies":[{"name":"wp","href":"https:\/\/api.w.org\/{rel}","templated":true}]}}