{"id":42601,"date":"2023-12-14T15:28:36","date_gmt":"2023-12-14T12:28:36","guid":{"rendered":"https:\/\/batitrakya.live\/?p=42601"},"modified":"2023-12-14T15:28:36","modified_gmt":"2023-12-14T12:28:36","slug":"secilen-yerel-yoneticiler-yemin-edecekler","status":"publish","type":"post","link":"https:\/\/batitrakya.live\/index.php\/secilen-yerel-yoneticiler-yemin-edecekler\/","title":{"rendered":"Se\u00e7ilen yerel y\u00f6neticiler yemin edecekler&#8230;"},"content":{"rendered":"<p>Yunanistan\u2019da, ge\u00e7ti\u011fimiz yerel se\u00e7imlerde ba\u015far\u0131 elde ederek se\u00e7ilen Eyalet Ba\u015fkan\u0131, Eyalet meclis \u00fcyeleri, belediye ba\u015fkanlar\u0131, belediye meclis \u00fcyeleri v.d. yerel y\u00f6neticiler yemin ederek 1 Ocak 2024 y\u0131l\u0131nda g\u00f6reve ba\u015flayacaklar.<\/p>\n<p>Yemin program\u0131 ise \u015f\u00f6yle:<\/p>\n<h3><strong>Do\u011fu Makedonya \u2013 Trakya Eyaleti<\/strong><\/h3>\n<p>17 Aral\u0131k 2023 Pazar saat 18:00- G\u00fcm\u00fclcine M\u00fczikhol\u2019\u00fc -\u039c\u03ad\u03b3\u03b1\u03c1\u03bf\u03c5 \u039c\u03bf\u03c5\u03c3\u03b9\u03ba\u03ae\u03c2.<\/p>\n<h3><strong>G\u00fcm\u00fclcine Belediyesi<\/strong><\/h3>\n<ul>\n<li>17 Aral\u0131k 2023 Pazar saat 12:00<\/li>\n<\/ul>\n<p>Eski Rex sinema salonu.<\/p>\n<h3><strong>Kozlukebir \u2013 Arriana Belediyesi<\/strong><\/h3>\n<ul>\n<li>17 Aral\u0131k 2023 Pazar saat: 15:000<\/li>\n<\/ul>\n<p>Sirkeli \u2013 Filira k\u00f6y meydan\u0131.<\/p>\n<h3><strong>Mustaf\u00e7ova \u2013 Miki Belediyesi<\/strong><\/h3>\n<ul>\n<li>17 Aral\u0131k 2023 saat 12:00<\/li>\n<\/ul>\n<p>Dolaphan Az\u0131nl\u0131k \u0130lkokulu bah\u00e7esi.<\/p>\n<h3><strong>Maronya \u2013 \u015eap\u00e7\u0131 Belediyesi<\/strong><\/h3>\n<ul>\n<li>16 Aral\u0131k 2023 Cumartesi saat: 17:00 K\u00fclt\u00fcrleraras\u0131 Ortaokulu konferans salonu (\u0392. \u039a\u03bf\u03c5\u03c4\u03bf\u03c5\u03bc\u03ac\u03bd\u03b7 1, \u03a3\u03ac\u03c0\u03b5\u03c2)<\/li>\n<\/ul>\n<h3><strong>Yass\u0131k\u00f6y &#8211; \u0130asmos Belediyesi<\/strong><\/h3>\n<ul>\n<li>Hen\u00fcz tarih belirlenmedi.<\/li>\n<\/ul>\n","protected":false},"excerpt":{"rendered":"<p>Yunanistan\u2019da, ge\u00e7ti\u011fimiz yerel se\u00e7imlerde ba\u015far\u0131 elde ederek se\u00e7ilen Eyalet Ba\u015fkan\u0131, Eyalet meclis \u00fcyeleri, belediye ba\u015fkanlar\u0131, belediye meclis \u00fcyeleri v.d. yerel y\u00f6neticiler yemin ederek 1 Ocak 2024 y\u0131l\u0131nda g\u00f6reve ba\u015flayacaklar. Yemin program\u0131 ise \u015f\u00f6yle: Do\u011fu Makedonya \u2013 Trakya Eyaleti 17 Aral\u0131k 2023 Pazar saat 18:00- G\u00fcm\u00fclcine M\u00fczikhol\u2019\u00fc -\u039c\u03ad\u03b3\u03b1\u03c1\u03bf\u03c5 \u039c\u03bf\u03c5\u03c3\u03b9\u03ba\u03ae\u03c2. G\u00fcm\u00fclcine Belediyesi 17 Aral\u0131k 2023 Pazar saat &hellip;<\/p>\n","protected":false},"author":1,"featured_media":35056,"comment_status":"open","ping_status":"open","sticky":false,"template":"","format":"standard","meta":{"footnotes":""},"categories":[24],"tags":[68,507],"class_list":["post-42601","post","type-post","status-publish","format-standard","has-post-thumbnail","hentry","category-bati-trakyam-haber","tag-secim","tag-toren"],"yoast_head":"<!-- This site is optimized with the Yoast SEO Premium plugin v26.3 (Yoast SEO v27.3) - https:\/\/yoast.com\/product\/yoast-seo-premium-wordpress\/ -->\n<title>Se\u00e7ilen yerel y\u00f6neticiler yemin edecekler... - Bat\u0131 Trakya Haber<\/title>\n<meta name=\"robots\" content=\"index, follow, max-snippet:-1, max-image-preview:large, max-video-preview:-1\" \/>\n<link rel=\"canonical\" href=\"https:\/\/batitrakya.live\/index.php\/secilen-yerel-yoneticiler-yemin-edecekler\/\" \/>\n<meta property=\"og:locale\" content=\"tr_TR\" \/>\n<meta property=\"og:type\" content=\"article\" \/>\n<meta property=\"og:title\" content=\"Se\u00e7ilen yerel y\u00f6neticiler yemin edecekler...\" \/>\n<meta property=\"og:description\" content=\"Yunanistan\u2019da, ge\u00e7ti\u011fimiz yerel se\u00e7imlerde ba\u015far\u0131 elde ederek se\u00e7ilen Eyalet Ba\u015fkan\u0131, Eyalet meclis \u00fcyeleri, belediye ba\u015fkanlar\u0131, belediye meclis \u00fcyeleri v.d. yerel y\u00f6neticiler yemin ederek 1 Ocak 2024 y\u0131l\u0131nda g\u00f6reve ba\u015flayacaklar. Yemin program\u0131 ise \u015f\u00f6yle: Do\u011fu Makedonya \u2013 Trakya Eyaleti 17 Aral\u0131k 2023 Pazar saat 18:00- G\u00fcm\u00fclcine M\u00fczikhol\u2019\u00fc -\u039c\u03ad\u03b3\u03b1\u03c1\u03bf\u03c5 \u039c\u03bf\u03c5\u03c3\u03b9\u03ba\u03ae\u03c2. G\u00fcm\u00fclcine Belediyesi 17 Aral\u0131k 2023 Pazar saat &hellip;\" \/>\n<meta property=\"og:url\" content=\"https:\/\/batitrakya.live\/index.php\/secilen-yerel-yoneticiler-yemin-edecekler\/\" \/>\n<meta property=\"og:site_name\" content=\"Bat\u0131 Trakya Haber\" \/>\n<meta property=\"article:published_time\" content=\"2023-12-14T12:28:36+00:00\" \/>\n<meta property=\"og:image\" content=\"https:\/\/batitrakya.live\/wp-content\/uploads\/2021\/05\/belediye_gumulcine.jpg\" \/>\n\t<meta property=\"og:image:width\" content=\"649\" \/>\n\t<meta property=\"og:image:height\" content=\"346\" \/>\n\t<meta property=\"og:image:type\" content=\"image\/jpeg\" \/>\n<meta name=\"author\" content=\"tamer\" \/>\n<meta name=\"twitter:card\" content=\"summary_large_image\" \/>\n<meta name=\"twitter:label1\" content=\"Yazan:\" \/>\n\t<meta name=\"twitter:data1\" content=\"tamer\" \/>\n\t<meta name=\"twitter:label2\" content=\"Tahmini okuma s\u00fcresi\" \/>\n\t<meta name=\"twitter:data2\" content=\"1 dakika\" \/>\n<script type=\"application\/ld+json\" class=\"yoast-schema-graph\">{\"@context\":\"https:\\\/\\\/schema.org\",\"@graph\":[{\"@type\":\"Article\",\"@id\":\"https:\\\/\\\/batitrakya.live\\\/index.php\\\/secilen-yerel-yoneticiler-yemin-edecekler\\\/#article\",\"isPartOf\":{\"@id\":\"https:\\\/\\\/batitrakya.live\\\/index.php\\\/secilen-yerel-yoneticiler-yemin-edecekler\\\/\"},\"author\":{\"name\":\"tamer\",\"@id\":\"https:\\\/\\\/batitrakya.live\\\/#\\\/schema\\\/person\\\/61b86abbc19e5fa0bbc3059670546fe5\"},\"headline\":\"Se\u00e7ilen yerel y\u00f6neticiler yemin edecekler&#8230;\",\"datePublished\":\"2023-12-14T12:28:36+00:00\",\"mainEntityOfPage\":{\"@id\":\"https:\\\/\\\/batitrakya.live\\\/index.php\\\/secilen-yerel-yoneticiler-yemin-edecekler\\\/\"},\"wordCount\":129,\"commentCount\":0,\"image\":{\"@id\":\"https:\\\/\\\/batitrakya.live\\\/index.php\\\/secilen-yerel-yoneticiler-yemin-edecekler\\\/#primaryimage\"},\"thumbnailUrl\":\"https:\\\/\\\/batitrakya.live\\\/wp-content\\\/uploads\\\/2021\\\/05\\\/belediye_gumulcine.jpg\",\"keywords\":[\"Se\u00e7im\",\"T\u00f6ren\"],\"articleSection\":[\"Bat\u0131 Trakyam Haber\"],\"inLanguage\":\"tr\",\"potentialAction\":[{\"@type\":\"CommentAction\",\"name\":\"Comment\",\"target\":[\"https:\\\/\\\/batitrakya.live\\\/index.php\\\/secilen-yerel-yoneticiler-yemin-edecekler\\\/#respond\"]}],\"copyrightYear\":\"2023\",\"copyrightHolder\":{\"@id\":\"https:\\\/\\\/batitrakya.live\\\/#organization\"}},{\"@type\":\"WebPage\",\"@id\":\"https:\\\/\\\/batitrakya.live\\\/index.php\\\/secilen-yerel-yoneticiler-yemin-edecekler\\\/\",\"url\":\"https:\\\/\\\/batitrakya.live\\\/index.php\\\/secilen-yerel-yoneticiler-yemin-edecekler\\\/\",\"name\":\"Se\u00e7ilen yerel y\u00f6neticiler yemin edecekler... - Bat\u0131 Trakya Haber\",\"isPartOf\":{\"@id\":\"https:\\\/\\\/batitrakya.live\\\/#website\"},\"primaryImageOfPage\":{\"@id\":\"https:\\\/\\\/batitrakya.live\\\/index.php\\\/secilen-yerel-yoneticiler-yemin-edecekler\\\/#primaryimage\"},\"image\":{\"@id\":\"https:\\\/\\\/batitrakya.live\\\/index.php\\\/secilen-yerel-yoneticiler-yemin-edecekler\\\/#primaryimage\"},\"thumbnailUrl\":\"https:\\\/\\\/batitrakya.live\\\/wp-content\\\/uploads\\\/2021\\\/05\\\/belediye_gumulcine.jpg\",\"datePublished\":\"2023-12-14T12:28:36+00:00\",\"author\":{\"@id\":\"https:\\\/\\\/batitrakya.live\\\/#\\\/schema\\\/person\\\/61b86abbc19e5fa0bbc3059670546fe5\"},\"breadcrumb\":{\"@id\":\"https:\\\/\\\/batitrakya.live\\\/index.php\\\/secilen-yerel-yoneticiler-yemin-edecekler\\\/#breadcrumb\"},\"inLanguage\":\"tr\",\"potentialAction\":[{\"@type\":\"ReadAction\",\"target\":[\"https:\\\/\\\/batitrakya.live\\\/index.php\\\/secilen-yerel-yoneticiler-yemin-edecekler\\\/\"]}]},{\"@type\":\"ImageObject\",\"inLanguage\":\"tr\",\"@id\":\"https:\\\/\\\/batitrakya.live\\\/index.php\\\/secilen-yerel-yoneticiler-yemin-edecekler\\\/#primaryimage\",\"url\":\"https:\\\/\\\/batitrakya.live\\\/wp-content\\\/uploads\\\/2021\\\/05\\\/belediye_gumulcine.jpg\",\"contentUrl\":\"https:\\\/\\\/batitrakya.live\\\/wp-content\\\/uploads\\\/2021\\\/05\\\/belediye_gumulcine.jpg\",\"width\":649,\"height\":346},{\"@type\":\"BreadcrumbList\",\"@id\":\"https:\\\/\\\/batitrakya.live\\\/index.php\\\/secilen-yerel-yoneticiler-yemin-edecekler\\\/#breadcrumb\",\"itemListElement\":[{\"@type\":\"ListItem\",\"position\":1,\"name\":\"Anasayfa\",\"item\":\"https:\\\/\\\/batitrakya.live\\\/\"},{\"@type\":\"ListItem\",\"position\":2,\"name\":\"Se\u00e7ilen yerel y\u00f6neticiler yemin edecekler&#8230;\"}]},{\"@type\":\"WebSite\",\"@id\":\"https:\\\/\\\/batitrakya.live\\\/#website\",\"url\":\"https:\\\/\\\/batitrakya.live\\\/\",\"name\":\"Bat\u0131 Trakya Haber\",\"description\":\"Bat\u0131 Trakyan\u0131n internetteki sesi..\",\"potentialAction\":[{\"@type\":\"SearchAction\",\"target\":{\"@type\":\"EntryPoint\",\"urlTemplate\":\"https:\\\/\\\/batitrakya.live\\\/?s={search_term_string}\"},\"query-input\":{\"@type\":\"PropertyValueSpecification\",\"valueRequired\":true,\"valueName\":\"search_term_string\"}}],\"inLanguage\":\"tr\"},{\"@type\":\"Person\",\"@id\":\"https:\\\/\\\/batitrakya.live\\\/#\\\/schema\\\/person\\\/61b86abbc19e5fa0bbc3059670546fe5\",\"name\":\"tamer\",\"image\":{\"@type\":\"ImageObject\",\"inLanguage\":\"tr\",\"@id\":\"https:\\\/\\\/secure.gravatar.com\\\/avatar\\\/60b0ff14c4376999cea9565d28b91fc61ff0f727c28cd083506a6d83ad6df9c9?s=96&d=mm&r=g\",\"url\":\"https:\\\/\\\/secure.gravatar.com\\\/avatar\\\/60b0ff14c4376999cea9565d28b91fc61ff0f727c28cd083506a6d83ad6df9c9?s=96&d=mm&r=g\",\"contentUrl\":\"https:\\\/\\\/secure.gravatar.com\\\/avatar\\\/60b0ff14c4376999cea9565d28b91fc61ff0f727c28cd083506a6d83ad6df9c9?s=96&d=mm&r=g\",\"caption\":\"tamer\"},\"sameAs\":[\"https:\\\/\\\/batitrakya.live\"],\"url\":\"https:\\\/\\\/batitrakya.live\\\/index.php\\\/author\\\/tamer\\\/\"}]}<\/script>\n<!-- \/ Yoast SEO Premium plugin. -->","yoast_head_json":{"title":"Se\u00e7ilen yerel y\u00f6neticiler yemin edecekler... - Bat\u0131 Trakya Haber","robots":{"index":"index","follow":"follow","max-snippet":"max-snippet:-1","max-image-preview":"max-image-preview:large","max-video-preview":"max-video-preview:-1"},"canonical":"https:\/\/batitrakya.live\/index.php\/secilen-yerel-yoneticiler-yemin-edecekler\/","og_locale":"tr_TR","og_type":"article","og_title":"Se\u00e7ilen yerel y\u00f6neticiler yemin edecekler...","og_description":"Yunanistan\u2019da, ge\u00e7ti\u011fimiz yerel se\u00e7imlerde ba\u015far\u0131 elde ederek se\u00e7ilen Eyalet Ba\u015fkan\u0131, Eyalet meclis \u00fcyeleri, belediye ba\u015fkanlar\u0131, belediye meclis \u00fcyeleri v.d. yerel y\u00f6neticiler yemin ederek 1 Ocak 2024 y\u0131l\u0131nda g\u00f6reve ba\u015flayacaklar. Yemin program\u0131 ise \u015f\u00f6yle: Do\u011fu Makedonya \u2013 Trakya Eyaleti 17 Aral\u0131k 2023 Pazar saat 18:00- G\u00fcm\u00fclcine M\u00fczikhol\u2019\u00fc -\u039c\u03ad\u03b3\u03b1\u03c1\u03bf\u03c5 \u039c\u03bf\u03c5\u03c3\u03b9\u03ba\u03ae\u03c2. G\u00fcm\u00fclcine Belediyesi 17 Aral\u0131k 2023 Pazar saat &hellip;","og_url":"https:\/\/batitrakya.live\/index.php\/secilen-yerel-yoneticiler-yemin-edecekler\/","og_site_name":"Bat\u0131 Trakya Haber","article_published_time":"2023-12-14T12:28:36+00:00","og_image":[{"width":649,"height":346,"url":"https:\/\/batitrakya.live\/wp-content\/uploads\/2021\/05\/belediye_gumulcine.jpg","type":"image\/jpeg"}],"author":"tamer","twitter_card":"summary_large_image","twitter_misc":{"Yazan:":"tamer","Tahmini okuma s\u00fcresi":"1 dakika"},"schema":{"@context":"https:\/\/schema.org","@graph":[{"@type":"Article","@id":"https:\/\/batitrakya.live\/index.php\/secilen-yerel-yoneticiler-yemin-edecekler\/#article","isPartOf":{"@id":"https:\/\/batitrakya.live\/index.php\/secilen-yerel-yoneticiler-yemin-edecekler\/"},"author":{"name":"tamer","@id":"https:\/\/batitrakya.live\/#\/schema\/person\/61b86abbc19e5fa0bbc3059670546fe5"},"headline":"Se\u00e7ilen yerel y\u00f6neticiler yemin edecekler&#8230;","datePublished":"2023-12-14T12:28:36+00:00","mainEntityOfPage":{"@id":"https:\/\/batitrakya.live\/index.php\/secilen-yerel-yoneticiler-yemin-edecekler\/"},"wordCount":129,"commentCount":0,"image":{"@id":"https:\/\/batitrakya.live\/index.php\/secilen-yerel-yoneticiler-yemin-edecekler\/#primaryimage"},"thumbnailUrl":"https:\/\/batitrakya.live\/wp-content\/uploads\/2021\/05\/belediye_gumulcine.jpg","keywords":["Se\u00e7im","T\u00f6ren"],"articleSection":["Bat\u0131 Trakyam Haber"],"inLanguage":"tr","potentialAction":[{"@type":"CommentAction","name":"Comment","target":["https:\/\/batitrakya.live\/index.php\/secilen-yerel-yoneticiler-yemin-edecekler\/#respond"]}],"copyrightYear":"2023","copyrightHolder":{"@id":"https:\/\/batitrakya.live\/#organization"}},{"@type":"WebPage","@id":"https:\/\/batitrakya.live\/index.php\/secilen-yerel-yoneticiler-yemin-edecekler\/","url":"https:\/\/batitrakya.live\/index.php\/secilen-yerel-yoneticiler-yemin-edecekler\/","name":"Se\u00e7ilen yerel y\u00f6neticiler yemin edecekler... - Bat\u0131 Trakya Haber","isPartOf":{"@id":"https:\/\/batitrakya.live\/#website"},"primaryImageOfPage":{"@id":"https:\/\/batitrakya.live\/index.php\/secilen-yerel-yoneticiler-yemin-edecekler\/#primaryimage"},"image":{"@id":"https:\/\/batitrakya.live\/index.php\/secilen-yerel-yoneticiler-yemin-edecekler\/#primaryimage"},"thumbnailUrl":"https:\/\/batitrakya.live\/wp-content\/uploads\/2021\/05\/belediye_gumulcine.jpg","datePublished":"2023-12-14T12:28:36+00:00","author":{"@id":"https:\/\/batitrakya.live\/#\/schema\/person\/61b86abbc19e5fa0bbc3059670546fe5"},"breadcrumb":{"@id":"https:\/\/batitrakya.live\/index.php\/secilen-yerel-yoneticiler-yemin-edecekler\/#breadcrumb"},"inLanguage":"tr","potentialAction":[{"@type":"ReadAction","target":["https:\/\/batitrakya.live\/index.php\/secilen-yerel-yoneticiler-yemin-edecekler\/"]}]},{"@type":"ImageObject","inLanguage":"tr","@id":"https:\/\/batitrakya.live\/index.php\/secilen-yerel-yoneticiler-yemin-edecekler\/#primaryimage","url":"https:\/\/batitrakya.live\/wp-content\/uploads\/2021\/05\/belediye_gumulcine.jpg","contentUrl":"https:\/\/batitrakya.live\/wp-content\/uploads\/2021\/05\/belediye_gumulcine.jpg","width":649,"height":346},{"@type":"BreadcrumbList","@id":"https:\/\/batitrakya.live\/index.php\/secilen-yerel-yoneticiler-yemin-edecekler\/#breadcrumb","itemListElement":[{"@type":"ListItem","position":1,"name":"Anasayfa","item":"https:\/\/batitrakya.live\/"},{"@type":"ListItem","position":2,"name":"Se\u00e7ilen yerel y\u00f6neticiler yemin edecekler&#8230;"}]},{"@type":"WebSite","@id":"https:\/\/batitrakya.live\/#website","url":"https:\/\/batitrakya.live\/","name":"Bat\u0131 Trakya Haber","description":"Bat\u0131 Trakyan\u0131n internetteki sesi..","potentialAction":[{"@type":"SearchAction","target":{"@type":"EntryPoint","urlTemplate":"https:\/\/batitrakya.live\/?s={search_term_string}"},"query-input":{"@type":"PropertyValueSpecification","valueRequired":true,"valueName":"search_term_string"}}],"inLanguage":"tr"},{"@type":"Person","@id":"https:\/\/batitrakya.live\/#\/schema\/person\/61b86abbc19e5fa0bbc3059670546fe5","name":"tamer","image":{"@type":"ImageObject","inLanguage":"tr","@id":"https:\/\/secure.gravatar.com\/avatar\/60b0ff14c4376999cea9565d28b91fc61ff0f727c28cd083506a6d83ad6df9c9?s=96&d=mm&r=g","url":"https:\/\/secure.gravatar.com\/avatar\/60b0ff14c4376999cea9565d28b91fc61ff0f727c28cd083506a6d83ad6df9c9?s=96&d=mm&r=g","contentUrl":"https:\/\/secure.gravatar.com\/avatar\/60b0ff14c4376999cea9565d28b91fc61ff0f727c28cd083506a6d83ad6df9c9?s=96&d=mm&r=g","caption":"tamer"},"sameAs":["https:\/\/batitrakya.live"],"url":"https:\/\/batitrakya.live\/index.php\/author\/tamer\/"}]}},"_links":{"self":[{"href":"https:\/\/batitrakya.live\/index.php\/wp-json\/wp\/v2\/posts\/42601","targetHints":{"allow":["GET"]}}],"collection":[{"href":"https:\/\/batitrakya.live\/index.php\/wp-json\/wp\/v2\/posts"}],"about":[{"href":"https:\/\/batitrakya.live\/index.php\/wp-json\/wp\/v2\/types\/post"}],"author":[{"embeddable":true,"href":"https:\/\/batitrakya.live\/index.php\/wp-json\/wp\/v2\/users\/1"}],"replies":[{"embeddable":true,"href":"https:\/\/batitrakya.live\/index.php\/wp-json\/wp\/v2\/comments?post=42601"}],"version-history":[{"count":1,"href":"https:\/\/batitrakya.live\/index.php\/wp-json\/wp\/v2\/posts\/42601\/revisions"}],"predecessor-version":[{"id":42603,"href":"https:\/\/batitrakya.live\/index.php\/wp-json\/wp\/v2\/posts\/42601\/revisions\/42603"}],"wp:featuredmedia":[{"embeddable":true,"href":"https:\/\/batitrakya.live\/index.php\/wp-json\/wp\/v2\/media\/35056"}],"wp:attachment":[{"href":"https:\/\/batitrakya.live\/index.php\/wp-json\/wp\/v2\/media?parent=42601"}],"wp:term":[{"taxonomy":"category","embeddable":true,"href":"https:\/\/batitrakya.live\/index.php\/wp-json\/wp\/v2\/categories?post=42601"},{"taxonomy":"post_tag","embeddable":true,"href":"https:\/\/batitrakya.live\/index.php\/wp-json\/wp\/v2\/tags?post=42601"}],"curies":[{"name":"wp","href":"https:\/\/api.w.org\/{rel}","templated":true}]}}