{"id":42590,"date":"2023-12-11T23:20:12","date_gmt":"2023-12-11T20:20:12","guid":{"rendered":"https:\/\/batitrakya.live\/?p=42590"},"modified":"2023-12-11T23:20:13","modified_gmt":"2023-12-11T20:20:13","slug":"mizanli-koyunde-ki-kiza-carpan-polis-cikti","status":"publish","type":"post","link":"https:\/\/batitrakya.live\/index.php\/mizanli-koyunde-ki-kiza-carpan-polis-cikti\/","title":{"rendered":"Mizanl\u0131 k\u00f6y\u00fcnde ki k\u0131za \u00e7arpan Polis \u00e7\u0131kt\u0131&#8230;"},"content":{"rendered":"<p>\u0130ske\u00e7e\u2019ye ba\u011fl\u0131 Mizanl\u0131 k\u00f6y\u00fcnde ya\u015fayan 19 ya\u015f\u0131ndaki bir T\u00fcrk k\u0131z\u0131na \u00e7arpan arac\u0131n olay yerinden ka\u00e7mas\u0131yla ilgili trafik kazas\u0131nda yeni geli\u015fmeler ya\u015fan\u0131yor. Bas\u0131nda \u00e7\u0131kan haberlere g\u00f6re, talihsiz k\u0131za \u00e7arpan ki\u015finin polis arac\u0131n\u0131 s\u00fcren bir polis memuru oldu\u011fu anla\u015f\u0131ld\u0131.<\/p>\n<p>6 Aral\u0131k \u00c7ar\u015famba ak\u015fam\u0131 meydana gelen kaza s\u0131ras\u0131nda soyda\u015f gence \u00e7arpan \u015fahs\u0131n olay yerinden ka\u00e7t\u0131\u011f\u0131 y\u00f6n\u00fcnde haberler duyulmu\u015ftu. S\u00f6z konusu ki\u015finin olay yerinden ka\u00e7mad\u0131\u011f\u0131, amb\u00fclansa haber verdi\u011fi ancak k\u0131za \u00e7arpan ki\u015finin kendisi oldu\u011funu gizledi\u011fi belirtildi.<\/p>\n<p>Olay\u0131 ara\u015ft\u0131ran polislerin, meslekta\u015flar\u0131n\u0131n ifadelerinden \u015f\u00fcphelenmesi \u00fczerine soru\u015fturmay\u0131 derinle\u015ftirdikleri ve k\u0131sa s\u00fcrede ger\u00e7e\u011fe ula\u015ft\u0131klar\u0131 kaydedildi.<\/p>\n<p>34 ya\u015f\u0131ndaki polis memurunun Ay\u015fe ad\u0131ndaki k\u0131za \u00e7arpt\u0131\u011f\u0131n\u0131 itiraf etti\u011fi ifade edildi. Olayla ilgili Polis Te\u015fkilat\u0131n\u0131n resmi a\u00e7\u0131klama yapmas\u0131n\u0131n beklendi\u011fi de ifade edildi.<\/p>\n<p>6 Aral\u0131k \u00c7ar\u015famba ak\u015fam\u0131 saat 21.00 s\u0131ralar\u0131nda Ay\u015fe isminde 19 ya\u015f\u0131ndaki gen\u00e7 k\u0131z k\u00f6pe\u011fini gezdirmek i\u00e7in d\u0131\u015far\u0131ya \u00e7\u0131kt\u0131\u011f\u0131nda bir arac\u0131n kendisine \u00e7arpmas\u0131 sonucunda k\u0131z\u0131n ciddi \u015fekilde yaralanm\u0131\u015ft\u0131. \u0130lk olarak \u0130ske\u00e7e Devlet Hastanesine kald\u0131r\u0131lan gen\u00e7 k\u0131z daha sonra Kavala Hastanesinde sevkedilmi\u015fti.<\/p>\n<p>Mizanl\u0131 k\u00f6y\u00fcnde ikamet eden gen\u00e7 k\u0131z\u0131n sa\u011fl\u0131k durumunun kritik oldu\u011fu belirtildi.<\/p>\n","protected":false},"excerpt":{"rendered":"<p>\u0130ske\u00e7e\u2019ye ba\u011fl\u0131 Mizanl\u0131 k\u00f6y\u00fcnde ya\u015fayan 19 ya\u015f\u0131ndaki bir T\u00fcrk k\u0131z\u0131na \u00e7arpan arac\u0131n olay yerinden ka\u00e7mas\u0131yla ilgili trafik kazas\u0131nda yeni geli\u015fmeler ya\u015fan\u0131yor. Bas\u0131nda \u00e7\u0131kan haberlere g\u00f6re, talihsiz k\u0131za \u00e7arpan ki\u015finin polis arac\u0131n\u0131 s\u00fcren bir polis memuru oldu\u011fu anla\u015f\u0131ld\u0131. 6 Aral\u0131k \u00c7ar\u015famba ak\u015fam\u0131 meydana gelen kaza s\u0131ras\u0131nda soyda\u015f gence \u00e7arpan \u015fahs\u0131n olay yerinden ka\u00e7t\u0131\u011f\u0131 y\u00f6n\u00fcnde haberler duyulmu\u015ftu. &hellip;<\/p>\n","protected":false},"author":1,"featured_media":42592,"comment_status":"open","ping_status":"open","sticky":false,"template":"","format":"standard","meta":{"footnotes":""},"categories":[24],"tags":[43,95],"class_list":["post-42590","post","type-post","status-publish","format-standard","has-post-thumbnail","hentry","category-bati-trakyam-haber","tag-iskece","tag-kaza"],"yoast_head":"<!-- This site is optimized with the Yoast SEO Premium plugin v26.3 (Yoast SEO v27.3) - https:\/\/yoast.com\/product\/yoast-seo-premium-wordpress\/ -->\n<title>Mizanl\u0131 k\u00f6y\u00fcnde ki k\u0131za \u00e7arpan Polis \u00e7\u0131kt\u0131... - Bat\u0131 Trakya Haber<\/title>\n<meta name=\"robots\" content=\"index, follow, max-snippet:-1, max-image-preview:large, max-video-preview:-1\" \/>\n<link rel=\"canonical\" href=\"https:\/\/batitrakya.live\/index.php\/mizanli-koyunde-ki-kiza-carpan-polis-cikti\/\" \/>\n<meta property=\"og:locale\" content=\"tr_TR\" \/>\n<meta property=\"og:type\" content=\"article\" \/>\n<meta property=\"og:title\" content=\"Mizanl\u0131 k\u00f6y\u00fcnde ki k\u0131za \u00e7arpan Polis \u00e7\u0131kt\u0131...\" \/>\n<meta property=\"og:description\" content=\"\u0130ske\u00e7e\u2019ye ba\u011fl\u0131 Mizanl\u0131 k\u00f6y\u00fcnde ya\u015fayan 19 ya\u015f\u0131ndaki bir T\u00fcrk k\u0131z\u0131na \u00e7arpan arac\u0131n olay yerinden ka\u00e7mas\u0131yla ilgili trafik kazas\u0131nda yeni geli\u015fmeler ya\u015fan\u0131yor. Bas\u0131nda \u00e7\u0131kan haberlere g\u00f6re, talihsiz k\u0131za \u00e7arpan ki\u015finin polis arac\u0131n\u0131 s\u00fcren bir polis memuru oldu\u011fu anla\u015f\u0131ld\u0131. 6 Aral\u0131k \u00c7ar\u015famba ak\u015fam\u0131 meydana gelen kaza s\u0131ras\u0131nda soyda\u015f gence \u00e7arpan \u015fahs\u0131n olay yerinden ka\u00e7t\u0131\u011f\u0131 y\u00f6n\u00fcnde haberler duyulmu\u015ftu. &hellip;\" \/>\n<meta property=\"og:url\" content=\"https:\/\/batitrakya.live\/index.php\/mizanli-koyunde-ki-kiza-carpan-polis-cikti\/\" \/>\n<meta property=\"og:site_name\" content=\"Bat\u0131 Trakya Haber\" \/>\n<meta property=\"article:published_time\" content=\"2023-12-11T20:20:12+00:00\" \/>\n<meta property=\"article:modified_time\" content=\"2023-12-11T20:20:13+00:00\" \/>\n<meta property=\"og:image\" content=\"https:\/\/batitrakya.live\/wp-content\/uploads\/2023\/12\/asthenoforo.jpg\" \/>\n\t<meta property=\"og:image:width\" content=\"720\" \/>\n\t<meta property=\"og:image:height\" content=\"348\" \/>\n\t<meta property=\"og:image:type\" content=\"image\/jpeg\" \/>\n<meta name=\"author\" content=\"tamer\" \/>\n<meta name=\"twitter:card\" content=\"summary_large_image\" \/>\n<meta name=\"twitter:label1\" content=\"Yazan:\" \/>\n\t<meta name=\"twitter:data1\" content=\"tamer\" \/>\n\t<meta name=\"twitter:label2\" content=\"Tahmini okuma s\u00fcresi\" \/>\n\t<meta name=\"twitter:data2\" content=\"1 dakika\" \/>\n<script type=\"application\/ld+json\" class=\"yoast-schema-graph\">{\"@context\":\"https:\\\/\\\/schema.org\",\"@graph\":[{\"@type\":\"Article\",\"@id\":\"https:\\\/\\\/batitrakya.live\\\/index.php\\\/mizanli-koyunde-ki-kiza-carpan-polis-cikti\\\/#article\",\"isPartOf\":{\"@id\":\"https:\\\/\\\/batitrakya.live\\\/index.php\\\/mizanli-koyunde-ki-kiza-carpan-polis-cikti\\\/\"},\"author\":{\"name\":\"tamer\",\"@id\":\"https:\\\/\\\/batitrakya.live\\\/#\\\/schema\\\/person\\\/61b86abbc19e5fa0bbc3059670546fe5\"},\"headline\":\"Mizanl\u0131 k\u00f6y\u00fcnde ki k\u0131za \u00e7arpan Polis \u00e7\u0131kt\u0131&#8230;\",\"datePublished\":\"2023-12-11T20:20:12+00:00\",\"dateModified\":\"2023-12-11T20:20:13+00:00\",\"mainEntityOfPage\":{\"@id\":\"https:\\\/\\\/batitrakya.live\\\/index.php\\\/mizanli-koyunde-ki-kiza-carpan-polis-cikti\\\/\"},\"wordCount\":265,\"commentCount\":0,\"image\":{\"@id\":\"https:\\\/\\\/batitrakya.live\\\/index.php\\\/mizanli-koyunde-ki-kiza-carpan-polis-cikti\\\/#primaryimage\"},\"thumbnailUrl\":\"https:\\\/\\\/batitrakya.live\\\/wp-content\\\/uploads\\\/2023\\\/12\\\/asthenoforo.jpg\",\"keywords\":[\"\u0130ske\u00e7e\",\"Kaza\"],\"articleSection\":[\"Bat\u0131 Trakyam Haber\"],\"inLanguage\":\"tr\",\"potentialAction\":[{\"@type\":\"CommentAction\",\"name\":\"Comment\",\"target\":[\"https:\\\/\\\/batitrakya.live\\\/index.php\\\/mizanli-koyunde-ki-kiza-carpan-polis-cikti\\\/#respond\"]}],\"copyrightYear\":\"2023\",\"copyrightHolder\":{\"@id\":\"https:\\\/\\\/batitrakya.live\\\/#organization\"}},{\"@type\":\"WebPage\",\"@id\":\"https:\\\/\\\/batitrakya.live\\\/index.php\\\/mizanli-koyunde-ki-kiza-carpan-polis-cikti\\\/\",\"url\":\"https:\\\/\\\/batitrakya.live\\\/index.php\\\/mizanli-koyunde-ki-kiza-carpan-polis-cikti\\\/\",\"name\":\"Mizanl\u0131 k\u00f6y\u00fcnde ki k\u0131za \u00e7arpan Polis \u00e7\u0131kt\u0131... - Bat\u0131 Trakya Haber\",\"isPartOf\":{\"@id\":\"https:\\\/\\\/batitrakya.live\\\/#website\"},\"primaryImageOfPage\":{\"@id\":\"https:\\\/\\\/batitrakya.live\\\/index.php\\\/mizanli-koyunde-ki-kiza-carpan-polis-cikti\\\/#primaryimage\"},\"image\":{\"@id\":\"https:\\\/\\\/batitrakya.live\\\/index.php\\\/mizanli-koyunde-ki-kiza-carpan-polis-cikti\\\/#primaryimage\"},\"thumbnailUrl\":\"https:\\\/\\\/batitrakya.live\\\/wp-content\\\/uploads\\\/2023\\\/12\\\/asthenoforo.jpg\",\"datePublished\":\"2023-12-11T20:20:12+00:00\",\"dateModified\":\"2023-12-11T20:20:13+00:00\",\"author\":{\"@id\":\"https:\\\/\\\/batitrakya.live\\\/#\\\/schema\\\/person\\\/61b86abbc19e5fa0bbc3059670546fe5\"},\"breadcrumb\":{\"@id\":\"https:\\\/\\\/batitrakya.live\\\/index.php\\\/mizanli-koyunde-ki-kiza-carpan-polis-cikti\\\/#breadcrumb\"},\"inLanguage\":\"tr\",\"potentialAction\":[{\"@type\":\"ReadAction\",\"target\":[\"https:\\\/\\\/batitrakya.live\\\/index.php\\\/mizanli-koyunde-ki-kiza-carpan-polis-cikti\\\/\"]}]},{\"@type\":\"ImageObject\",\"inLanguage\":\"tr\",\"@id\":\"https:\\\/\\\/batitrakya.live\\\/index.php\\\/mizanli-koyunde-ki-kiza-carpan-polis-cikti\\\/#primaryimage\",\"url\":\"https:\\\/\\\/batitrakya.live\\\/wp-content\\\/uploads\\\/2023\\\/12\\\/asthenoforo.jpg\",\"contentUrl\":\"https:\\\/\\\/batitrakya.live\\\/wp-content\\\/uploads\\\/2023\\\/12\\\/asthenoforo.jpg\",\"width\":720,\"height\":348},{\"@type\":\"BreadcrumbList\",\"@id\":\"https:\\\/\\\/batitrakya.live\\\/index.php\\\/mizanli-koyunde-ki-kiza-carpan-polis-cikti\\\/#breadcrumb\",\"itemListElement\":[{\"@type\":\"ListItem\",\"position\":1,\"name\":\"Anasayfa\",\"item\":\"https:\\\/\\\/batitrakya.live\\\/\"},{\"@type\":\"ListItem\",\"position\":2,\"name\":\"Mizanl\u0131 k\u00f6y\u00fcnde ki k\u0131za \u00e7arpan Polis \u00e7\u0131kt\u0131&#8230;\"}]},{\"@type\":\"WebSite\",\"@id\":\"https:\\\/\\\/batitrakya.live\\\/#website\",\"url\":\"https:\\\/\\\/batitrakya.live\\\/\",\"name\":\"Bat\u0131 Trakya Haber\",\"description\":\"Bat\u0131 Trakyan\u0131n internetteki sesi..\",\"potentialAction\":[{\"@type\":\"SearchAction\",\"target\":{\"@type\":\"EntryPoint\",\"urlTemplate\":\"https:\\\/\\\/batitrakya.live\\\/?s={search_term_string}\"},\"query-input\":{\"@type\":\"PropertyValueSpecification\",\"valueRequired\":true,\"valueName\":\"search_term_string\"}}],\"inLanguage\":\"tr\"},{\"@type\":\"Person\",\"@id\":\"https:\\\/\\\/batitrakya.live\\\/#\\\/schema\\\/person\\\/61b86abbc19e5fa0bbc3059670546fe5\",\"name\":\"tamer\",\"image\":{\"@type\":\"ImageObject\",\"inLanguage\":\"tr\",\"@id\":\"https:\\\/\\\/secure.gravatar.com\\\/avatar\\\/60b0ff14c4376999cea9565d28b91fc61ff0f727c28cd083506a6d83ad6df9c9?s=96&d=mm&r=g\",\"url\":\"https:\\\/\\\/secure.gravatar.com\\\/avatar\\\/60b0ff14c4376999cea9565d28b91fc61ff0f727c28cd083506a6d83ad6df9c9?s=96&d=mm&r=g\",\"contentUrl\":\"https:\\\/\\\/secure.gravatar.com\\\/avatar\\\/60b0ff14c4376999cea9565d28b91fc61ff0f727c28cd083506a6d83ad6df9c9?s=96&d=mm&r=g\",\"caption\":\"tamer\"},\"sameAs\":[\"https:\\\/\\\/batitrakya.live\"],\"url\":\"https:\\\/\\\/batitrakya.live\\\/index.php\\\/author\\\/tamer\\\/\"}]}<\/script>\n<!-- \/ Yoast SEO Premium plugin. -->","yoast_head_json":{"title":"Mizanl\u0131 k\u00f6y\u00fcnde ki k\u0131za \u00e7arpan Polis \u00e7\u0131kt\u0131... - Bat\u0131 Trakya Haber","robots":{"index":"index","follow":"follow","max-snippet":"max-snippet:-1","max-image-preview":"max-image-preview:large","max-video-preview":"max-video-preview:-1"},"canonical":"https:\/\/batitrakya.live\/index.php\/mizanli-koyunde-ki-kiza-carpan-polis-cikti\/","og_locale":"tr_TR","og_type":"article","og_title":"Mizanl\u0131 k\u00f6y\u00fcnde ki k\u0131za \u00e7arpan Polis \u00e7\u0131kt\u0131...","og_description":"\u0130ske\u00e7e\u2019ye ba\u011fl\u0131 Mizanl\u0131 k\u00f6y\u00fcnde ya\u015fayan 19 ya\u015f\u0131ndaki bir T\u00fcrk k\u0131z\u0131na \u00e7arpan arac\u0131n olay yerinden ka\u00e7mas\u0131yla ilgili trafik kazas\u0131nda yeni geli\u015fmeler ya\u015fan\u0131yor. Bas\u0131nda \u00e7\u0131kan haberlere g\u00f6re, talihsiz k\u0131za \u00e7arpan ki\u015finin polis arac\u0131n\u0131 s\u00fcren bir polis memuru oldu\u011fu anla\u015f\u0131ld\u0131. 6 Aral\u0131k \u00c7ar\u015famba ak\u015fam\u0131 meydana gelen kaza s\u0131ras\u0131nda soyda\u015f gence \u00e7arpan \u015fahs\u0131n olay yerinden ka\u00e7t\u0131\u011f\u0131 y\u00f6n\u00fcnde haberler duyulmu\u015ftu. &hellip;","og_url":"https:\/\/batitrakya.live\/index.php\/mizanli-koyunde-ki-kiza-carpan-polis-cikti\/","og_site_name":"Bat\u0131 Trakya Haber","article_published_time":"2023-12-11T20:20:12+00:00","article_modified_time":"2023-12-11T20:20:13+00:00","og_image":[{"width":720,"height":348,"url":"https:\/\/batitrakya.live\/wp-content\/uploads\/2023\/12\/asthenoforo.jpg","type":"image\/jpeg"}],"author":"tamer","twitter_card":"summary_large_image","twitter_misc":{"Yazan:":"tamer","Tahmini okuma s\u00fcresi":"1 dakika"},"schema":{"@context":"https:\/\/schema.org","@graph":[{"@type":"Article","@id":"https:\/\/batitrakya.live\/index.php\/mizanli-koyunde-ki-kiza-carpan-polis-cikti\/#article","isPartOf":{"@id":"https:\/\/batitrakya.live\/index.php\/mizanli-koyunde-ki-kiza-carpan-polis-cikti\/"},"author":{"name":"tamer","@id":"https:\/\/batitrakya.live\/#\/schema\/person\/61b86abbc19e5fa0bbc3059670546fe5"},"headline":"Mizanl\u0131 k\u00f6y\u00fcnde ki k\u0131za \u00e7arpan Polis \u00e7\u0131kt\u0131&#8230;","datePublished":"2023-12-11T20:20:12+00:00","dateModified":"2023-12-11T20:20:13+00:00","mainEntityOfPage":{"@id":"https:\/\/batitrakya.live\/index.php\/mizanli-koyunde-ki-kiza-carpan-polis-cikti\/"},"wordCount":265,"commentCount":0,"image":{"@id":"https:\/\/batitrakya.live\/index.php\/mizanli-koyunde-ki-kiza-carpan-polis-cikti\/#primaryimage"},"thumbnailUrl":"https:\/\/batitrakya.live\/wp-content\/uploads\/2023\/12\/asthenoforo.jpg","keywords":["\u0130ske\u00e7e","Kaza"],"articleSection":["Bat\u0131 Trakyam Haber"],"inLanguage":"tr","potentialAction":[{"@type":"CommentAction","name":"Comment","target":["https:\/\/batitrakya.live\/index.php\/mizanli-koyunde-ki-kiza-carpan-polis-cikti\/#respond"]}],"copyrightYear":"2023","copyrightHolder":{"@id":"https:\/\/batitrakya.live\/#organization"}},{"@type":"WebPage","@id":"https:\/\/batitrakya.live\/index.php\/mizanli-koyunde-ki-kiza-carpan-polis-cikti\/","url":"https:\/\/batitrakya.live\/index.php\/mizanli-koyunde-ki-kiza-carpan-polis-cikti\/","name":"Mizanl\u0131 k\u00f6y\u00fcnde ki k\u0131za \u00e7arpan Polis \u00e7\u0131kt\u0131... - Bat\u0131 Trakya Haber","isPartOf":{"@id":"https:\/\/batitrakya.live\/#website"},"primaryImageOfPage":{"@id":"https:\/\/batitrakya.live\/index.php\/mizanli-koyunde-ki-kiza-carpan-polis-cikti\/#primaryimage"},"image":{"@id":"https:\/\/batitrakya.live\/index.php\/mizanli-koyunde-ki-kiza-carpan-polis-cikti\/#primaryimage"},"thumbnailUrl":"https:\/\/batitrakya.live\/wp-content\/uploads\/2023\/12\/asthenoforo.jpg","datePublished":"2023-12-11T20:20:12+00:00","dateModified":"2023-12-11T20:20:13+00:00","author":{"@id":"https:\/\/batitrakya.live\/#\/schema\/person\/61b86abbc19e5fa0bbc3059670546fe5"},"breadcrumb":{"@id":"https:\/\/batitrakya.live\/index.php\/mizanli-koyunde-ki-kiza-carpan-polis-cikti\/#breadcrumb"},"inLanguage":"tr","potentialAction":[{"@type":"ReadAction","target":["https:\/\/batitrakya.live\/index.php\/mizanli-koyunde-ki-kiza-carpan-polis-cikti\/"]}]},{"@type":"ImageObject","inLanguage":"tr","@id":"https:\/\/batitrakya.live\/index.php\/mizanli-koyunde-ki-kiza-carpan-polis-cikti\/#primaryimage","url":"https:\/\/batitrakya.live\/wp-content\/uploads\/2023\/12\/asthenoforo.jpg","contentUrl":"https:\/\/batitrakya.live\/wp-content\/uploads\/2023\/12\/asthenoforo.jpg","width":720,"height":348},{"@type":"BreadcrumbList","@id":"https:\/\/batitrakya.live\/index.php\/mizanli-koyunde-ki-kiza-carpan-polis-cikti\/#breadcrumb","itemListElement":[{"@type":"ListItem","position":1,"name":"Anasayfa","item":"https:\/\/batitrakya.live\/"},{"@type":"ListItem","position":2,"name":"Mizanl\u0131 k\u00f6y\u00fcnde ki k\u0131za \u00e7arpan Polis \u00e7\u0131kt\u0131&#8230;"}]},{"@type":"WebSite","@id":"https:\/\/batitrakya.live\/#website","url":"https:\/\/batitrakya.live\/","name":"Bat\u0131 Trakya Haber","description":"Bat\u0131 Trakyan\u0131n internetteki sesi..","potentialAction":[{"@type":"SearchAction","target":{"@type":"EntryPoint","urlTemplate":"https:\/\/batitrakya.live\/?s={search_term_string}"},"query-input":{"@type":"PropertyValueSpecification","valueRequired":true,"valueName":"search_term_string"}}],"inLanguage":"tr"},{"@type":"Person","@id":"https:\/\/batitrakya.live\/#\/schema\/person\/61b86abbc19e5fa0bbc3059670546fe5","name":"tamer","image":{"@type":"ImageObject","inLanguage":"tr","@id":"https:\/\/secure.gravatar.com\/avatar\/60b0ff14c4376999cea9565d28b91fc61ff0f727c28cd083506a6d83ad6df9c9?s=96&d=mm&r=g","url":"https:\/\/secure.gravatar.com\/avatar\/60b0ff14c4376999cea9565d28b91fc61ff0f727c28cd083506a6d83ad6df9c9?s=96&d=mm&r=g","contentUrl":"https:\/\/secure.gravatar.com\/avatar\/60b0ff14c4376999cea9565d28b91fc61ff0f727c28cd083506a6d83ad6df9c9?s=96&d=mm&r=g","caption":"tamer"},"sameAs":["https:\/\/batitrakya.live"],"url":"https:\/\/batitrakya.live\/index.php\/author\/tamer\/"}]}},"_links":{"self":[{"href":"https:\/\/batitrakya.live\/index.php\/wp-json\/wp\/v2\/posts\/42590","targetHints":{"allow":["GET"]}}],"collection":[{"href":"https:\/\/batitrakya.live\/index.php\/wp-json\/wp\/v2\/posts"}],"about":[{"href":"https:\/\/batitrakya.live\/index.php\/wp-json\/wp\/v2\/types\/post"}],"author":[{"embeddable":true,"href":"https:\/\/batitrakya.live\/index.php\/wp-json\/wp\/v2\/users\/1"}],"replies":[{"embeddable":true,"href":"https:\/\/batitrakya.live\/index.php\/wp-json\/wp\/v2\/comments?post=42590"}],"version-history":[{"count":1,"href":"https:\/\/batitrakya.live\/index.php\/wp-json\/wp\/v2\/posts\/42590\/revisions"}],"predecessor-version":[{"id":42593,"href":"https:\/\/batitrakya.live\/index.php\/wp-json\/wp\/v2\/posts\/42590\/revisions\/42593"}],"wp:featuredmedia":[{"embeddable":true,"href":"https:\/\/batitrakya.live\/index.php\/wp-json\/wp\/v2\/media\/42592"}],"wp:attachment":[{"href":"https:\/\/batitrakya.live\/index.php\/wp-json\/wp\/v2\/media?parent=42590"}],"wp:term":[{"taxonomy":"category","embeddable":true,"href":"https:\/\/batitrakya.live\/index.php\/wp-json\/wp\/v2\/categories?post=42590"},{"taxonomy":"post_tag","embeddable":true,"href":"https:\/\/batitrakya.live\/index.php\/wp-json\/wp\/v2\/tags?post=42590"}],"curies":[{"name":"wp","href":"https:\/\/api.w.org\/{rel}","templated":true}]}}