{"id":42046,"date":"2023-07-11T01:17:10","date_gmt":"2023-07-10T22:17:10","guid":{"rendered":"https:\/\/batitrakya.live\/?p=42046"},"modified":"2023-07-11T01:17:10","modified_gmt":"2023-07-10T22:17:10","slug":"gumulcinede-ayni-gun-gerceklesen-iki-farkli-kazada-iki-kisi-yasamini-yitirdi","status":"publish","type":"post","link":"https:\/\/batitrakya.live\/index.php\/gumulcinede-ayni-gun-gerceklesen-iki-farkli-kazada-iki-kisi-yasamini-yitirdi\/","title":{"rendered":"G\u00fcm\u00fclcine&#8217;de ayn\u0131 g\u00fcn ger\u00e7ekle\u015fen iki farkl\u0131 kazada iki ki\u015fi ya\u015fam\u0131n\u0131 yitirdi&#8230;"},"content":{"rendered":"<p>G\u00fcm\u00fclcine&#8217;de ayn\u0131 g\u00fcn ger\u00e7ekle\u015fen iki farkl\u0131 kazada iki vatanda\u015f\u0131n hayat\u0131n\u0131 kaybetti\u011fi bildirildi.<\/p>\n<p>Cumartesi g\u00fcn\u00fc saat 15.00&#8217;te, G\u00fcm\u00fclcine&#8217;deki Kara Kurcal\u0131 (Krovili) ve Salmanl\u0131 (Salmoni) k\u00f6yleri aras\u0131ndaki bir yol \u00fczerinde, bir motosiklet s\u00fcr\u00fcc\u00fcs\u00fcyle bir otomobil \u00e7arp\u0131\u015ft\u0131. Motosiklet s\u00fcr\u00fcc\u00fcs\u00fc kazada hayat\u0131n\u0131 kaybetti. Olayla ilgili soru\u015fturma \u015eap\u00e7\u0131 Polis Merkezi taraf\u0131ndan y\u00fcr\u00fct\u00fclmekte.<\/p>\n<p>Ayn\u0131 g\u00fcn saat 17.00&#8217;de ise G\u00fcm\u00fclcine &#8211; \u015eap\u00e7\u0131 yolunun 10. kilometresinde bir otomobil s\u00fcr\u00fcc\u00fcs\u00fc, arac\u0131n yoldan \u00e7\u0131kmas\u0131 sonucu hayat\u0131n\u0131 kaybetti. Olayla ilgili bir soru\u015fturma ba\u015flat\u0131ld\u0131.<\/p>\n","protected":false},"excerpt":{"rendered":"<p>G\u00fcm\u00fclcine&#8217;de ayn\u0131 g\u00fcn ger\u00e7ekle\u015fen iki farkl\u0131 kazada iki vatanda\u015f\u0131n hayat\u0131n\u0131 kaybetti\u011fi bildirildi. Cumartesi g\u00fcn\u00fc saat 15.00&#8217;te, G\u00fcm\u00fclcine&#8217;deki Kara Kurcal\u0131 (Krovili) ve Salmanl\u0131 (Salmoni) k\u00f6yleri aras\u0131ndaki bir yol \u00fczerinde, bir motosiklet s\u00fcr\u00fcc\u00fcs\u00fcyle bir otomobil \u00e7arp\u0131\u015ft\u0131. Motosiklet s\u00fcr\u00fcc\u00fcs\u00fc kazada hayat\u0131n\u0131 kaybetti. Olayla ilgili soru\u015fturma \u015eap\u00e7\u0131 Polis Merkezi taraf\u0131ndan y\u00fcr\u00fct\u00fclmekte. Ayn\u0131 g\u00fcn saat 17.00&#8217;de ise G\u00fcm\u00fclcine &#8211; \u015eap\u00e7\u0131 &hellip;<\/p>\n","protected":false},"author":1,"featured_media":42048,"comment_status":"open","ping_status":"open","sticky":false,"template":"","format":"standard","meta":{"footnotes":""},"categories":[24],"tags":[95,105],"class_list":["post-42046","post","type-post","status-publish","format-standard","has-post-thumbnail","hentry","category-bati-trakyam-haber","tag-kaza","tag-olum"],"yoast_head":"<!-- This site is optimized with the Yoast SEO Premium plugin v26.3 (Yoast SEO v27.3) - https:\/\/yoast.com\/product\/yoast-seo-premium-wordpress\/ -->\n<title>G\u00fcm\u00fclcine&#039;de ayn\u0131 g\u00fcn ger\u00e7ekle\u015fen iki farkl\u0131 kazada iki ki\u015fi ya\u015fam\u0131n\u0131 yitirdi... - Bat\u0131 Trakya Haber<\/title>\n<meta name=\"robots\" content=\"index, follow, max-snippet:-1, max-image-preview:large, max-video-preview:-1\" \/>\n<link rel=\"canonical\" href=\"https:\/\/batitrakya.live\/index.php\/gumulcinede-ayni-gun-gerceklesen-iki-farkli-kazada-iki-kisi-yasamini-yitirdi\/\" \/>\n<meta property=\"og:locale\" content=\"tr_TR\" \/>\n<meta property=\"og:type\" content=\"article\" \/>\n<meta property=\"og:title\" content=\"G\u00fcm\u00fclcine&#039;de ayn\u0131 g\u00fcn ger\u00e7ekle\u015fen iki farkl\u0131 kazada iki ki\u015fi ya\u015fam\u0131n\u0131 yitirdi...\" \/>\n<meta property=\"og:description\" content=\"G\u00fcm\u00fclcine&#8217;de ayn\u0131 g\u00fcn ger\u00e7ekle\u015fen iki farkl\u0131 kazada iki vatanda\u015f\u0131n hayat\u0131n\u0131 kaybetti\u011fi bildirildi. Cumartesi g\u00fcn\u00fc saat 15.00&#8217;te, G\u00fcm\u00fclcine&#8217;deki Kara Kurcal\u0131 (Krovili) ve Salmanl\u0131 (Salmoni) k\u00f6yleri aras\u0131ndaki bir yol \u00fczerinde, bir motosiklet s\u00fcr\u00fcc\u00fcs\u00fcyle bir otomobil \u00e7arp\u0131\u015ft\u0131. Motosiklet s\u00fcr\u00fcc\u00fcs\u00fc kazada hayat\u0131n\u0131 kaybetti. Olayla ilgili soru\u015fturma \u015eap\u00e7\u0131 Polis Merkezi taraf\u0131ndan y\u00fcr\u00fct\u00fclmekte. Ayn\u0131 g\u00fcn saat 17.00&#8217;de ise G\u00fcm\u00fclcine &#8211; \u015eap\u00e7\u0131 &hellip;\" \/>\n<meta property=\"og:url\" content=\"https:\/\/batitrakya.live\/index.php\/gumulcinede-ayni-gun-gerceklesen-iki-farkli-kazada-iki-kisi-yasamini-yitirdi\/\" \/>\n<meta property=\"og:site_name\" content=\"Bat\u0131 Trakya Haber\" \/>\n<meta property=\"article:published_time\" content=\"2023-07-10T22:17:10+00:00\" \/>\n<meta property=\"og:image\" content=\"https:\/\/batitrakya.live\/wp-content\/uploads\/2023\/07\/kaza_karakurcali.jpg\" \/>\n\t<meta property=\"og:image:width\" content=\"720\" \/>\n\t<meta property=\"og:image:height\" content=\"348\" \/>\n\t<meta property=\"og:image:type\" content=\"image\/jpeg\" \/>\n<meta name=\"author\" content=\"tamer\" \/>\n<meta name=\"twitter:card\" content=\"summary_large_image\" \/>\n<meta name=\"twitter:label1\" content=\"Yazan:\" \/>\n\t<meta name=\"twitter:data1\" content=\"tamer\" \/>\n\t<meta name=\"twitter:label2\" content=\"Tahmini okuma s\u00fcresi\" \/>\n\t<meta name=\"twitter:data2\" content=\"1 dakika\" \/>\n<script type=\"application\/ld+json\" class=\"yoast-schema-graph\">{\"@context\":\"https:\\\/\\\/schema.org\",\"@graph\":[{\"@type\":\"Article\",\"@id\":\"https:\\\/\\\/batitrakya.live\\\/index.php\\\/gumulcinede-ayni-gun-gerceklesen-iki-farkli-kazada-iki-kisi-yasamini-yitirdi\\\/#article\",\"isPartOf\":{\"@id\":\"https:\\\/\\\/batitrakya.live\\\/index.php\\\/gumulcinede-ayni-gun-gerceklesen-iki-farkli-kazada-iki-kisi-yasamini-yitirdi\\\/\"},\"author\":{\"name\":\"tamer\",\"@id\":\"https:\\\/\\\/batitrakya.live\\\/#\\\/schema\\\/person\\\/61b86abbc19e5fa0bbc3059670546fe5\"},\"headline\":\"G\u00fcm\u00fclcine&#8217;de ayn\u0131 g\u00fcn ger\u00e7ekle\u015fen iki farkl\u0131 kazada iki ki\u015fi ya\u015fam\u0131n\u0131 yitirdi&#8230;\",\"datePublished\":\"2023-07-10T22:17:10+00:00\",\"mainEntityOfPage\":{\"@id\":\"https:\\\/\\\/batitrakya.live\\\/index.php\\\/gumulcinede-ayni-gun-gerceklesen-iki-farkli-kazada-iki-kisi-yasamini-yitirdi\\\/\"},\"wordCount\":131,\"commentCount\":0,\"image\":{\"@id\":\"https:\\\/\\\/batitrakya.live\\\/index.php\\\/gumulcinede-ayni-gun-gerceklesen-iki-farkli-kazada-iki-kisi-yasamini-yitirdi\\\/#primaryimage\"},\"thumbnailUrl\":\"https:\\\/\\\/batitrakya.live\\\/wp-content\\\/uploads\\\/2023\\\/07\\\/kaza_karakurcali.jpg\",\"keywords\":[\"Kaza\",\"\u00d6l\u00fcm\"],\"articleSection\":[\"Bat\u0131 Trakyam Haber\"],\"inLanguage\":\"tr\",\"potentialAction\":[{\"@type\":\"CommentAction\",\"name\":\"Comment\",\"target\":[\"https:\\\/\\\/batitrakya.live\\\/index.php\\\/gumulcinede-ayni-gun-gerceklesen-iki-farkli-kazada-iki-kisi-yasamini-yitirdi\\\/#respond\"]}],\"copyrightYear\":\"2023\",\"copyrightHolder\":{\"@id\":\"https:\\\/\\\/batitrakya.live\\\/#organization\"}},{\"@type\":\"WebPage\",\"@id\":\"https:\\\/\\\/batitrakya.live\\\/index.php\\\/gumulcinede-ayni-gun-gerceklesen-iki-farkli-kazada-iki-kisi-yasamini-yitirdi\\\/\",\"url\":\"https:\\\/\\\/batitrakya.live\\\/index.php\\\/gumulcinede-ayni-gun-gerceklesen-iki-farkli-kazada-iki-kisi-yasamini-yitirdi\\\/\",\"name\":\"G\u00fcm\u00fclcine'de ayn\u0131 g\u00fcn ger\u00e7ekle\u015fen iki farkl\u0131 kazada iki ki\u015fi ya\u015fam\u0131n\u0131 yitirdi... - Bat\u0131 Trakya Haber\",\"isPartOf\":{\"@id\":\"https:\\\/\\\/batitrakya.live\\\/#website\"},\"primaryImageOfPage\":{\"@id\":\"https:\\\/\\\/batitrakya.live\\\/index.php\\\/gumulcinede-ayni-gun-gerceklesen-iki-farkli-kazada-iki-kisi-yasamini-yitirdi\\\/#primaryimage\"},\"image\":{\"@id\":\"https:\\\/\\\/batitrakya.live\\\/index.php\\\/gumulcinede-ayni-gun-gerceklesen-iki-farkli-kazada-iki-kisi-yasamini-yitirdi\\\/#primaryimage\"},\"thumbnailUrl\":\"https:\\\/\\\/batitrakya.live\\\/wp-content\\\/uploads\\\/2023\\\/07\\\/kaza_karakurcali.jpg\",\"datePublished\":\"2023-07-10T22:17:10+00:00\",\"author\":{\"@id\":\"https:\\\/\\\/batitrakya.live\\\/#\\\/schema\\\/person\\\/61b86abbc19e5fa0bbc3059670546fe5\"},\"breadcrumb\":{\"@id\":\"https:\\\/\\\/batitrakya.live\\\/index.php\\\/gumulcinede-ayni-gun-gerceklesen-iki-farkli-kazada-iki-kisi-yasamini-yitirdi\\\/#breadcrumb\"},\"inLanguage\":\"tr\",\"potentialAction\":[{\"@type\":\"ReadAction\",\"target\":[\"https:\\\/\\\/batitrakya.live\\\/index.php\\\/gumulcinede-ayni-gun-gerceklesen-iki-farkli-kazada-iki-kisi-yasamini-yitirdi\\\/\"]}]},{\"@type\":\"ImageObject\",\"inLanguage\":\"tr\",\"@id\":\"https:\\\/\\\/batitrakya.live\\\/index.php\\\/gumulcinede-ayni-gun-gerceklesen-iki-farkli-kazada-iki-kisi-yasamini-yitirdi\\\/#primaryimage\",\"url\":\"https:\\\/\\\/batitrakya.live\\\/wp-content\\\/uploads\\\/2023\\\/07\\\/kaza_karakurcali.jpg\",\"contentUrl\":\"https:\\\/\\\/batitrakya.live\\\/wp-content\\\/uploads\\\/2023\\\/07\\\/kaza_karakurcali.jpg\",\"width\":720,\"height\":348},{\"@type\":\"BreadcrumbList\",\"@id\":\"https:\\\/\\\/batitrakya.live\\\/index.php\\\/gumulcinede-ayni-gun-gerceklesen-iki-farkli-kazada-iki-kisi-yasamini-yitirdi\\\/#breadcrumb\",\"itemListElement\":[{\"@type\":\"ListItem\",\"position\":1,\"name\":\"Anasayfa\",\"item\":\"https:\\\/\\\/batitrakya.live\\\/\"},{\"@type\":\"ListItem\",\"position\":2,\"name\":\"G\u00fcm\u00fclcine&#8217;de ayn\u0131 g\u00fcn ger\u00e7ekle\u015fen iki farkl\u0131 kazada iki ki\u015fi ya\u015fam\u0131n\u0131 yitirdi&#8230;\"}]},{\"@type\":\"WebSite\",\"@id\":\"https:\\\/\\\/batitrakya.live\\\/#website\",\"url\":\"https:\\\/\\\/batitrakya.live\\\/\",\"name\":\"Bat\u0131 Trakya Haber\",\"description\":\"Bat\u0131 Trakyan\u0131n internetteki sesi..\",\"potentialAction\":[{\"@type\":\"SearchAction\",\"target\":{\"@type\":\"EntryPoint\",\"urlTemplate\":\"https:\\\/\\\/batitrakya.live\\\/?s={search_term_string}\"},\"query-input\":{\"@type\":\"PropertyValueSpecification\",\"valueRequired\":true,\"valueName\":\"search_term_string\"}}],\"inLanguage\":\"tr\"},{\"@type\":\"Person\",\"@id\":\"https:\\\/\\\/batitrakya.live\\\/#\\\/schema\\\/person\\\/61b86abbc19e5fa0bbc3059670546fe5\",\"name\":\"tamer\",\"image\":{\"@type\":\"ImageObject\",\"inLanguage\":\"tr\",\"@id\":\"https:\\\/\\\/secure.gravatar.com\\\/avatar\\\/60b0ff14c4376999cea9565d28b91fc61ff0f727c28cd083506a6d83ad6df9c9?s=96&d=mm&r=g\",\"url\":\"https:\\\/\\\/secure.gravatar.com\\\/avatar\\\/60b0ff14c4376999cea9565d28b91fc61ff0f727c28cd083506a6d83ad6df9c9?s=96&d=mm&r=g\",\"contentUrl\":\"https:\\\/\\\/secure.gravatar.com\\\/avatar\\\/60b0ff14c4376999cea9565d28b91fc61ff0f727c28cd083506a6d83ad6df9c9?s=96&d=mm&r=g\",\"caption\":\"tamer\"},\"sameAs\":[\"https:\\\/\\\/batitrakya.live\"],\"url\":\"https:\\\/\\\/batitrakya.live\\\/index.php\\\/author\\\/tamer\\\/\"}]}<\/script>\n<!-- \/ Yoast SEO Premium plugin. -->","yoast_head_json":{"title":"G\u00fcm\u00fclcine'de ayn\u0131 g\u00fcn ger\u00e7ekle\u015fen iki farkl\u0131 kazada iki ki\u015fi ya\u015fam\u0131n\u0131 yitirdi... - Bat\u0131 Trakya Haber","robots":{"index":"index","follow":"follow","max-snippet":"max-snippet:-1","max-image-preview":"max-image-preview:large","max-video-preview":"max-video-preview:-1"},"canonical":"https:\/\/batitrakya.live\/index.php\/gumulcinede-ayni-gun-gerceklesen-iki-farkli-kazada-iki-kisi-yasamini-yitirdi\/","og_locale":"tr_TR","og_type":"article","og_title":"G\u00fcm\u00fclcine'de ayn\u0131 g\u00fcn ger\u00e7ekle\u015fen iki farkl\u0131 kazada iki ki\u015fi ya\u015fam\u0131n\u0131 yitirdi...","og_description":"G\u00fcm\u00fclcine&#8217;de ayn\u0131 g\u00fcn ger\u00e7ekle\u015fen iki farkl\u0131 kazada iki vatanda\u015f\u0131n hayat\u0131n\u0131 kaybetti\u011fi bildirildi. Cumartesi g\u00fcn\u00fc saat 15.00&#8217;te, G\u00fcm\u00fclcine&#8217;deki Kara Kurcal\u0131 (Krovili) ve Salmanl\u0131 (Salmoni) k\u00f6yleri aras\u0131ndaki bir yol \u00fczerinde, bir motosiklet s\u00fcr\u00fcc\u00fcs\u00fcyle bir otomobil \u00e7arp\u0131\u015ft\u0131. Motosiklet s\u00fcr\u00fcc\u00fcs\u00fc kazada hayat\u0131n\u0131 kaybetti. Olayla ilgili soru\u015fturma \u015eap\u00e7\u0131 Polis Merkezi taraf\u0131ndan y\u00fcr\u00fct\u00fclmekte. Ayn\u0131 g\u00fcn saat 17.00&#8217;de ise G\u00fcm\u00fclcine &#8211; \u015eap\u00e7\u0131 &hellip;","og_url":"https:\/\/batitrakya.live\/index.php\/gumulcinede-ayni-gun-gerceklesen-iki-farkli-kazada-iki-kisi-yasamini-yitirdi\/","og_site_name":"Bat\u0131 Trakya Haber","article_published_time":"2023-07-10T22:17:10+00:00","og_image":[{"width":720,"height":348,"url":"https:\/\/batitrakya.live\/wp-content\/uploads\/2023\/07\/kaza_karakurcali.jpg","type":"image\/jpeg"}],"author":"tamer","twitter_card":"summary_large_image","twitter_misc":{"Yazan:":"tamer","Tahmini okuma s\u00fcresi":"1 dakika"},"schema":{"@context":"https:\/\/schema.org","@graph":[{"@type":"Article","@id":"https:\/\/batitrakya.live\/index.php\/gumulcinede-ayni-gun-gerceklesen-iki-farkli-kazada-iki-kisi-yasamini-yitirdi\/#article","isPartOf":{"@id":"https:\/\/batitrakya.live\/index.php\/gumulcinede-ayni-gun-gerceklesen-iki-farkli-kazada-iki-kisi-yasamini-yitirdi\/"},"author":{"name":"tamer","@id":"https:\/\/batitrakya.live\/#\/schema\/person\/61b86abbc19e5fa0bbc3059670546fe5"},"headline":"G\u00fcm\u00fclcine&#8217;de ayn\u0131 g\u00fcn ger\u00e7ekle\u015fen iki farkl\u0131 kazada iki ki\u015fi ya\u015fam\u0131n\u0131 yitirdi&#8230;","datePublished":"2023-07-10T22:17:10+00:00","mainEntityOfPage":{"@id":"https:\/\/batitrakya.live\/index.php\/gumulcinede-ayni-gun-gerceklesen-iki-farkli-kazada-iki-kisi-yasamini-yitirdi\/"},"wordCount":131,"commentCount":0,"image":{"@id":"https:\/\/batitrakya.live\/index.php\/gumulcinede-ayni-gun-gerceklesen-iki-farkli-kazada-iki-kisi-yasamini-yitirdi\/#primaryimage"},"thumbnailUrl":"https:\/\/batitrakya.live\/wp-content\/uploads\/2023\/07\/kaza_karakurcali.jpg","keywords":["Kaza","\u00d6l\u00fcm"],"articleSection":["Bat\u0131 Trakyam Haber"],"inLanguage":"tr","potentialAction":[{"@type":"CommentAction","name":"Comment","target":["https:\/\/batitrakya.live\/index.php\/gumulcinede-ayni-gun-gerceklesen-iki-farkli-kazada-iki-kisi-yasamini-yitirdi\/#respond"]}],"copyrightYear":"2023","copyrightHolder":{"@id":"https:\/\/batitrakya.live\/#organization"}},{"@type":"WebPage","@id":"https:\/\/batitrakya.live\/index.php\/gumulcinede-ayni-gun-gerceklesen-iki-farkli-kazada-iki-kisi-yasamini-yitirdi\/","url":"https:\/\/batitrakya.live\/index.php\/gumulcinede-ayni-gun-gerceklesen-iki-farkli-kazada-iki-kisi-yasamini-yitirdi\/","name":"G\u00fcm\u00fclcine'de ayn\u0131 g\u00fcn ger\u00e7ekle\u015fen iki farkl\u0131 kazada iki ki\u015fi ya\u015fam\u0131n\u0131 yitirdi... - Bat\u0131 Trakya Haber","isPartOf":{"@id":"https:\/\/batitrakya.live\/#website"},"primaryImageOfPage":{"@id":"https:\/\/batitrakya.live\/index.php\/gumulcinede-ayni-gun-gerceklesen-iki-farkli-kazada-iki-kisi-yasamini-yitirdi\/#primaryimage"},"image":{"@id":"https:\/\/batitrakya.live\/index.php\/gumulcinede-ayni-gun-gerceklesen-iki-farkli-kazada-iki-kisi-yasamini-yitirdi\/#primaryimage"},"thumbnailUrl":"https:\/\/batitrakya.live\/wp-content\/uploads\/2023\/07\/kaza_karakurcali.jpg","datePublished":"2023-07-10T22:17:10+00:00","author":{"@id":"https:\/\/batitrakya.live\/#\/schema\/person\/61b86abbc19e5fa0bbc3059670546fe5"},"breadcrumb":{"@id":"https:\/\/batitrakya.live\/index.php\/gumulcinede-ayni-gun-gerceklesen-iki-farkli-kazada-iki-kisi-yasamini-yitirdi\/#breadcrumb"},"inLanguage":"tr","potentialAction":[{"@type":"ReadAction","target":["https:\/\/batitrakya.live\/index.php\/gumulcinede-ayni-gun-gerceklesen-iki-farkli-kazada-iki-kisi-yasamini-yitirdi\/"]}]},{"@type":"ImageObject","inLanguage":"tr","@id":"https:\/\/batitrakya.live\/index.php\/gumulcinede-ayni-gun-gerceklesen-iki-farkli-kazada-iki-kisi-yasamini-yitirdi\/#primaryimage","url":"https:\/\/batitrakya.live\/wp-content\/uploads\/2023\/07\/kaza_karakurcali.jpg","contentUrl":"https:\/\/batitrakya.live\/wp-content\/uploads\/2023\/07\/kaza_karakurcali.jpg","width":720,"height":348},{"@type":"BreadcrumbList","@id":"https:\/\/batitrakya.live\/index.php\/gumulcinede-ayni-gun-gerceklesen-iki-farkli-kazada-iki-kisi-yasamini-yitirdi\/#breadcrumb","itemListElement":[{"@type":"ListItem","position":1,"name":"Anasayfa","item":"https:\/\/batitrakya.live\/"},{"@type":"ListItem","position":2,"name":"G\u00fcm\u00fclcine&#8217;de ayn\u0131 g\u00fcn ger\u00e7ekle\u015fen iki farkl\u0131 kazada iki ki\u015fi ya\u015fam\u0131n\u0131 yitirdi&#8230;"}]},{"@type":"WebSite","@id":"https:\/\/batitrakya.live\/#website","url":"https:\/\/batitrakya.live\/","name":"Bat\u0131 Trakya Haber","description":"Bat\u0131 Trakyan\u0131n internetteki sesi..","potentialAction":[{"@type":"SearchAction","target":{"@type":"EntryPoint","urlTemplate":"https:\/\/batitrakya.live\/?s={search_term_string}"},"query-input":{"@type":"PropertyValueSpecification","valueRequired":true,"valueName":"search_term_string"}}],"inLanguage":"tr"},{"@type":"Person","@id":"https:\/\/batitrakya.live\/#\/schema\/person\/61b86abbc19e5fa0bbc3059670546fe5","name":"tamer","image":{"@type":"ImageObject","inLanguage":"tr","@id":"https:\/\/secure.gravatar.com\/avatar\/60b0ff14c4376999cea9565d28b91fc61ff0f727c28cd083506a6d83ad6df9c9?s=96&d=mm&r=g","url":"https:\/\/secure.gravatar.com\/avatar\/60b0ff14c4376999cea9565d28b91fc61ff0f727c28cd083506a6d83ad6df9c9?s=96&d=mm&r=g","contentUrl":"https:\/\/secure.gravatar.com\/avatar\/60b0ff14c4376999cea9565d28b91fc61ff0f727c28cd083506a6d83ad6df9c9?s=96&d=mm&r=g","caption":"tamer"},"sameAs":["https:\/\/batitrakya.live"],"url":"https:\/\/batitrakya.live\/index.php\/author\/tamer\/"}]}},"_links":{"self":[{"href":"https:\/\/batitrakya.live\/index.php\/wp-json\/wp\/v2\/posts\/42046","targetHints":{"allow":["GET"]}}],"collection":[{"href":"https:\/\/batitrakya.live\/index.php\/wp-json\/wp\/v2\/posts"}],"about":[{"href":"https:\/\/batitrakya.live\/index.php\/wp-json\/wp\/v2\/types\/post"}],"author":[{"embeddable":true,"href":"https:\/\/batitrakya.live\/index.php\/wp-json\/wp\/v2\/users\/1"}],"replies":[{"embeddable":true,"href":"https:\/\/batitrakya.live\/index.php\/wp-json\/wp\/v2\/comments?post=42046"}],"version-history":[{"count":0,"href":"https:\/\/batitrakya.live\/index.php\/wp-json\/wp\/v2\/posts\/42046\/revisions"}],"wp:featuredmedia":[{"embeddable":true,"href":"https:\/\/batitrakya.live\/index.php\/wp-json\/wp\/v2\/media\/42048"}],"wp:attachment":[{"href":"https:\/\/batitrakya.live\/index.php\/wp-json\/wp\/v2\/media?parent=42046"}],"wp:term":[{"taxonomy":"category","embeddable":true,"href":"https:\/\/batitrakya.live\/index.php\/wp-json\/wp\/v2\/categories?post=42046"},{"taxonomy":"post_tag","embeddable":true,"href":"https:\/\/batitrakya.live\/index.php\/wp-json\/wp\/v2\/tags?post=42046"}],"curies":[{"name":"wp","href":"https:\/\/api.w.org\/{rel}","templated":true}]}}