{"id":42020,"date":"2023-06-10T19:05:01","date_gmt":"2023-06-10T16:05:01","guid":{"rendered":"https:\/\/batitrakya.live\/?p=42020"},"modified":"2023-06-10T19:05:01","modified_gmt":"2023-06-10T16:05:01","slug":"nufus-sayiminda-etnik-koken-seceneginin-de-olmasini-talep-ediyoruz","status":"publish","type":"post","link":"https:\/\/batitrakya.live\/index.php\/nufus-sayiminda-etnik-koken-seceneginin-de-olmasini-talep-ediyoruz\/","title":{"rendered":"N\u00fcfus say\u0131m\u0131nda etnik k\u00f6ken se\u00e7ene\u011finin de olmas\u0131n\u0131 talep ediyoruz&#8230;"},"content":{"rendered":"<p>ABTTF Ba\u015fkan\u0131 Halit Habipo\u011flu, \u201cYunanistan\u2019da varl\u0131\u011f\u0131m\u0131z\u0131n ispat\u0131 i\u00e7in n\u00fcfus say\u0131m\u0131nda etnik k\u00f6ken se\u00e7ene\u011finin de olmas\u0131n\u0131 talep ediyoruz.&#8221; dedi.<\/p>\n<p>\u00dclkemiz Yunanistan\u2019\u0131n Eski Ba\u015fbakan\u0131 ve Yeni Demokrasi Partisi (YDP) Ba\u015fkan\u0131 Kiryakos Mi\u00e7otakis\u2019in SYRIZA Rodop Milletvekili \u00d6zg\u00fcr Ferhat\u2019\u0131n T.C. G\u00fcm\u00fclcine Ba\u015fkonsoloslu\u011fu\u2019nun m\u00fcdahalesi sonucunda se\u00e7ildi\u011fini iddia eden a\u00e7\u0131klamas\u0131n\u0131n ard\u0131ndan YDP ve SYRIZA aras\u0131nda ba\u015flayan tart\u0131\u015fmalar h\u0131z kesmeden devam ediyor.<\/p>\n<p>7 Haziran 2023 tarihinde Attica TV\u2019de yay\u0131nlanan \u201cCasus Belli\u201d isimli programda YDP\u2019den eski E\u011fitim Bakan Yard\u0131mc\u0131s\u0131 Angelos Sirigos, SYR\u0130ZA milletvekillerinin (Bat\u0131) Trakya\u2019da T\u00fcrk az\u0131nl\u0131\u011f\u0131n\u0131n varl\u0131\u011f\u0131n\u0131 savundu\u011funu iddia etti. Sirigos\u2019un bahse konu g\u00f6r\u00fc\u015f\u00fc payla\u015f\u0131p payla\u015fmad\u0131\u011f\u0131na dair sorusuna cevaben SYRIZA\u2019dan eski E\u011fitim Bakan\u0131 Nikos Filis, SYRIZA\u2019n\u0131n bir g\u00f6r\u00fc\u015f\u00fc oldu\u011funu, buna g\u00f6re Az\u0131nl\u0131k\u2019\u0131n kendilerini T\u00fcrk olarak tan\u0131mlayan T\u00fcrk k\u00f6kenliler ile Pomaklar ve \u00c7ingeneler olmak \u00fczere \u00fc\u00e7 b\u00f6l\u00fcmden olu\u015ftu\u011funu s\u00f6yledi. Program sunucusunun bu g\u00f6r\u00fc\u015f\u00fcn d\u0131\u015f\u0131nda SYRIZA\u2019n\u0131n farkl\u0131 bir \u015fey s\u00f6yleyen aday\u0131n\u0131n olup olamayaca\u011f\u0131na dair sorusuna olumlu yan\u0131t veren Filis, tabii ki de s\u00f6yleyebilece\u011fini belirtti.<\/p>\n<p>B\u00f6lgedeki insanlar\u0131n az\u0131nl\u0131klar\u0131n n\u00fcfus say\u0131m\u0131n\u0131n yap\u0131lmas\u0131n\u0131 istediklerini ve bu taleplerinde hakl\u0131 olduklar\u0131n\u0131 belirten Filis, Yunan devletinin (Bat\u0131) Trakya\u2019da az\u0131nl\u0131klar\u0131n n\u00fcfus say\u0131m\u0131n\u0131 yapmad\u0131\u011f\u0131n\u0131 kaydetti. Filis, Avrupa Konseyi\u2019nin Ulusal Az\u0131nl\u0131klar\u0131n Korunmas\u0131na Dair \u00c7er\u00e7eve S\u00f6zle\u015fmesi\u2019nin bu y\u00f6nde n\u00fcfus say\u0131m\u0131ndan bahsetti\u011fini not ederek, Yunanistan\u2019\u0131n bu s\u00f6zle\u015fmeyi imzalad\u0131\u011f\u0131n\u0131 ancak mecliste onaylamad\u0131\u011f\u0131n\u0131, b\u00f6lgedeki insanlar\u0131n bu s\u00f6zle\u015fmenin uygulanmas\u0131n\u0131 istediklerine i\u015faret etti.<\/p>\n<p>Konuyla ilgili olarak Avrupa Bat\u0131 Trakya T\u00fcrk Federasyonu (ABTTF) Ba\u015fkan\u0131 Halit Habip O\u011flu,<em><strong> \u201cG\u00f6r\u00fcnen o ki Mi\u00e7otakis\u2019in SYRIZA Rodop Milletvekili \u00d6zg\u00fcr Ferhat \u00fczerinden Bat\u0131 Trakya T\u00fcrk toplumunu hedef alan su\u00e7lay\u0131c\u0131 ve \u00f6tekile\u015ftirici a\u00e7\u0131klamas\u0131n\u0131n ard\u0131ndan YDP ve SYRIZA aras\u0131nda ba\u015flayan tart\u0131\u015fmalar 25 Haziran 2023\u2019teki genel se\u00e7imler \u00f6ncesi \u00fclkemizin siyaset g\u00fcndeminin en \u00fcst s\u0131ralar\u0131nda yer almay\u0131 s\u00fcrd\u00fcrecek. YDP\u2019nin varl\u0131\u011f\u0131m\u0131z\u0131 ve T\u00fcrk kimli\u011fimizi inkar eden parti politikas\u0131n\u0131n olumsuz sonu\u00e7lar\u0131n\u0131 iktidarda kald\u0131klar\u0131 son d\u00f6rt y\u0131lda toplum olarak a\u00e7\u0131k \u015fekilde hissettik. Mi\u00e7otakis, her f\u0131rsatta toplumumuza kimlik dayatma \u0131srar\u0131n\u0131 s\u00fcrd\u00fcrd\u00fc, T\u00fcrk k\u00f6y\u00fc Pa\u015fevik\u2019teki devlet anaokulunda e\u011fitim g\u00f6ren \u00e7ocuklar\u0131m\u0131z i\u00e7in \u2018Yunan \u00e7ocuklar\u0131\u2019 nitelemesinde bulunmas\u0131 \u00f6rne\u011finde oldu\u011fu gibi. Evet, televizyon program\u0131nda Filis\u2019in de belirtti\u011fi gibi \u00fclkemizdeki n\u00fcfus say\u0131m\u0131nda etnik k\u00f6kenin de sorulmas\u0131n\u0131 talep ediyor, Avrupa Konseyi \u00fcyesi \u00fclkemizi az\u0131nl\u0131klar\u0131n haklar\u0131n\u0131 koruyan ve g\u00f6zeten Ulusal Az\u0131nl\u0131klar\u0131n Korunmas\u0131na Dair \u00c7er\u00e7eve S\u00f6zle\u015fme\u2019yi daha fazla vakit kaybetmeden ivedilikle onaylamaya \u00e7a\u011f\u0131r\u0131yoruz.\u201d<\/strong><\/em> dedi.<\/p>\n","protected":false},"excerpt":{"rendered":"<p>ABTTF Ba\u015fkan\u0131 Halit Habipo\u011flu, \u201cYunanistan\u2019da varl\u0131\u011f\u0131m\u0131z\u0131n ispat\u0131 i\u00e7in n\u00fcfus say\u0131m\u0131nda etnik k\u00f6ken se\u00e7ene\u011finin de olmas\u0131n\u0131 talep ediyoruz.&#8221; dedi. \u00dclkemiz Yunanistan\u2019\u0131n Eski Ba\u015fbakan\u0131 ve Yeni Demokrasi Partisi (YDP) Ba\u015fkan\u0131 Kiryakos Mi\u00e7otakis\u2019in SYRIZA Rodop Milletvekili \u00d6zg\u00fcr Ferhat\u2019\u0131n T.C. G\u00fcm\u00fclcine Ba\u015fkonsoloslu\u011fu\u2019nun m\u00fcdahalesi sonucunda se\u00e7ildi\u011fini iddia eden a\u00e7\u0131klamas\u0131n\u0131n ard\u0131ndan YDP ve SYRIZA aras\u0131nda ba\u015flayan tart\u0131\u015fmalar h\u0131z kesmeden devam ediyor. &hellip;<\/p>\n","protected":false},"author":1,"featured_media":31054,"comment_status":"open","ping_status":"open","sticky":false,"template":"","format":"standard","meta":{"footnotes":""},"categories":[24],"tags":[78,100],"class_list":["post-42020","post","type-post","status-publish","format-standard","has-post-thumbnail","hentry","category-bati-trakyam-haber","tag-abttf","tag-h-habipoglu"],"yoast_head":"<!-- This site is optimized with the Yoast SEO Premium plugin v26.3 (Yoast SEO v27.3) - https:\/\/yoast.com\/product\/yoast-seo-premium-wordpress\/ -->\n<title>N\u00fcfus say\u0131m\u0131nda etnik k\u00f6ken se\u00e7ene\u011finin de olmas\u0131n\u0131 talep ediyoruz... - Bat\u0131 Trakya Haber<\/title>\n<meta name=\"robots\" content=\"index, follow, max-snippet:-1, max-image-preview:large, max-video-preview:-1\" \/>\n<link rel=\"canonical\" href=\"https:\/\/batitrakya.live\/index.php\/nufus-sayiminda-etnik-koken-seceneginin-de-olmasini-talep-ediyoruz\/\" \/>\n<meta property=\"og:locale\" content=\"tr_TR\" \/>\n<meta property=\"og:type\" content=\"article\" \/>\n<meta property=\"og:title\" content=\"N\u00fcfus say\u0131m\u0131nda etnik k\u00f6ken se\u00e7ene\u011finin de olmas\u0131n\u0131 talep ediyoruz...\" \/>\n<meta property=\"og:description\" content=\"ABTTF Ba\u015fkan\u0131 Halit Habipo\u011flu, \u201cYunanistan\u2019da varl\u0131\u011f\u0131m\u0131z\u0131n ispat\u0131 i\u00e7in n\u00fcfus say\u0131m\u0131nda etnik k\u00f6ken se\u00e7ene\u011finin de olmas\u0131n\u0131 talep ediyoruz.&#8221; dedi. \u00dclkemiz Yunanistan\u2019\u0131n Eski Ba\u015fbakan\u0131 ve Yeni Demokrasi Partisi (YDP) Ba\u015fkan\u0131 Kiryakos Mi\u00e7otakis\u2019in SYRIZA Rodop Milletvekili \u00d6zg\u00fcr Ferhat\u2019\u0131n T.C. G\u00fcm\u00fclcine Ba\u015fkonsoloslu\u011fu\u2019nun m\u00fcdahalesi sonucunda se\u00e7ildi\u011fini iddia eden a\u00e7\u0131klamas\u0131n\u0131n ard\u0131ndan YDP ve SYRIZA aras\u0131nda ba\u015flayan tart\u0131\u015fmalar h\u0131z kesmeden devam ediyor. &hellip;\" \/>\n<meta property=\"og:url\" content=\"https:\/\/batitrakya.live\/index.php\/nufus-sayiminda-etnik-koken-seceneginin-de-olmasini-talep-ediyoruz\/\" \/>\n<meta property=\"og:site_name\" content=\"Bat\u0131 Trakya Haber\" \/>\n<meta property=\"article:published_time\" content=\"2023-06-10T16:05:01+00:00\" \/>\n<meta property=\"og:image\" content=\"https:\/\/batitrakya.live\/wp-content\/uploads\/2021\/01\/halit_abttf.png\" \/>\n\t<meta property=\"og:image:width\" content=\"720\" \/>\n\t<meta property=\"og:image:height\" content=\"348\" \/>\n\t<meta property=\"og:image:type\" content=\"image\/png\" \/>\n<meta name=\"author\" content=\"tamer\" \/>\n<meta name=\"twitter:card\" content=\"summary_large_image\" \/>\n<meta name=\"twitter:label1\" content=\"Yazan:\" \/>\n\t<meta name=\"twitter:data1\" content=\"tamer\" \/>\n\t<meta name=\"twitter:label2\" content=\"Tahmini okuma s\u00fcresi\" \/>\n\t<meta name=\"twitter:data2\" content=\"3 dakika\" \/>\n<script type=\"application\/ld+json\" class=\"yoast-schema-graph\">{\"@context\":\"https:\\\/\\\/schema.org\",\"@graph\":[{\"@type\":\"Article\",\"@id\":\"https:\\\/\\\/batitrakya.live\\\/index.php\\\/nufus-sayiminda-etnik-koken-seceneginin-de-olmasini-talep-ediyoruz\\\/#article\",\"isPartOf\":{\"@id\":\"https:\\\/\\\/batitrakya.live\\\/index.php\\\/nufus-sayiminda-etnik-koken-seceneginin-de-olmasini-talep-ediyoruz\\\/\"},\"author\":{\"name\":\"tamer\",\"@id\":\"https:\\\/\\\/batitrakya.live\\\/#\\\/schema\\\/person\\\/61b86abbc19e5fa0bbc3059670546fe5\"},\"headline\":\"N\u00fcfus say\u0131m\u0131nda etnik k\u00f6ken se\u00e7ene\u011finin de olmas\u0131n\u0131 talep ediyoruz&#8230;\",\"datePublished\":\"2023-06-10T16:05:01+00:00\",\"mainEntityOfPage\":{\"@id\":\"https:\\\/\\\/batitrakya.live\\\/index.php\\\/nufus-sayiminda-etnik-koken-seceneginin-de-olmasini-talep-ediyoruz\\\/\"},\"wordCount\":560,\"commentCount\":0,\"image\":{\"@id\":\"https:\\\/\\\/batitrakya.live\\\/index.php\\\/nufus-sayiminda-etnik-koken-seceneginin-de-olmasini-talep-ediyoruz\\\/#primaryimage\"},\"thumbnailUrl\":\"https:\\\/\\\/batitrakya.live\\\/wp-content\\\/uploads\\\/2021\\\/01\\\/halit_abttf.png\",\"keywords\":[\"ABTTF\",\"H.Habipo\u011flu\"],\"articleSection\":[\"Bat\u0131 Trakyam Haber\"],\"inLanguage\":\"tr\",\"potentialAction\":[{\"@type\":\"CommentAction\",\"name\":\"Comment\",\"target\":[\"https:\\\/\\\/batitrakya.live\\\/index.php\\\/nufus-sayiminda-etnik-koken-seceneginin-de-olmasini-talep-ediyoruz\\\/#respond\"]}],\"copyrightYear\":\"2023\",\"copyrightHolder\":{\"@id\":\"https:\\\/\\\/batitrakya.live\\\/#organization\"}},{\"@type\":\"WebPage\",\"@id\":\"https:\\\/\\\/batitrakya.live\\\/index.php\\\/nufus-sayiminda-etnik-koken-seceneginin-de-olmasini-talep-ediyoruz\\\/\",\"url\":\"https:\\\/\\\/batitrakya.live\\\/index.php\\\/nufus-sayiminda-etnik-koken-seceneginin-de-olmasini-talep-ediyoruz\\\/\",\"name\":\"N\u00fcfus say\u0131m\u0131nda etnik k\u00f6ken se\u00e7ene\u011finin de olmas\u0131n\u0131 talep ediyoruz... - Bat\u0131 Trakya Haber\",\"isPartOf\":{\"@id\":\"https:\\\/\\\/batitrakya.live\\\/#website\"},\"primaryImageOfPage\":{\"@id\":\"https:\\\/\\\/batitrakya.live\\\/index.php\\\/nufus-sayiminda-etnik-koken-seceneginin-de-olmasini-talep-ediyoruz\\\/#primaryimage\"},\"image\":{\"@id\":\"https:\\\/\\\/batitrakya.live\\\/index.php\\\/nufus-sayiminda-etnik-koken-seceneginin-de-olmasini-talep-ediyoruz\\\/#primaryimage\"},\"thumbnailUrl\":\"https:\\\/\\\/batitrakya.live\\\/wp-content\\\/uploads\\\/2021\\\/01\\\/halit_abttf.png\",\"datePublished\":\"2023-06-10T16:05:01+00:00\",\"author\":{\"@id\":\"https:\\\/\\\/batitrakya.live\\\/#\\\/schema\\\/person\\\/61b86abbc19e5fa0bbc3059670546fe5\"},\"breadcrumb\":{\"@id\":\"https:\\\/\\\/batitrakya.live\\\/index.php\\\/nufus-sayiminda-etnik-koken-seceneginin-de-olmasini-talep-ediyoruz\\\/#breadcrumb\"},\"inLanguage\":\"tr\",\"potentialAction\":[{\"@type\":\"ReadAction\",\"target\":[\"https:\\\/\\\/batitrakya.live\\\/index.php\\\/nufus-sayiminda-etnik-koken-seceneginin-de-olmasini-talep-ediyoruz\\\/\"]}]},{\"@type\":\"ImageObject\",\"inLanguage\":\"tr\",\"@id\":\"https:\\\/\\\/batitrakya.live\\\/index.php\\\/nufus-sayiminda-etnik-koken-seceneginin-de-olmasini-talep-ediyoruz\\\/#primaryimage\",\"url\":\"https:\\\/\\\/batitrakya.live\\\/wp-content\\\/uploads\\\/2021\\\/01\\\/halit_abttf.png\",\"contentUrl\":\"https:\\\/\\\/batitrakya.live\\\/wp-content\\\/uploads\\\/2021\\\/01\\\/halit_abttf.png\",\"width\":720,\"height\":348},{\"@type\":\"BreadcrumbList\",\"@id\":\"https:\\\/\\\/batitrakya.live\\\/index.php\\\/nufus-sayiminda-etnik-koken-seceneginin-de-olmasini-talep-ediyoruz\\\/#breadcrumb\",\"itemListElement\":[{\"@type\":\"ListItem\",\"position\":1,\"name\":\"Anasayfa\",\"item\":\"https:\\\/\\\/batitrakya.live\\\/\"},{\"@type\":\"ListItem\",\"position\":2,\"name\":\"N\u00fcfus say\u0131m\u0131nda etnik k\u00f6ken se\u00e7ene\u011finin de olmas\u0131n\u0131 talep ediyoruz&#8230;\"}]},{\"@type\":\"WebSite\",\"@id\":\"https:\\\/\\\/batitrakya.live\\\/#website\",\"url\":\"https:\\\/\\\/batitrakya.live\\\/\",\"name\":\"Bat\u0131 Trakya Haber\",\"description\":\"Bat\u0131 Trakyan\u0131n internetteki sesi..\",\"potentialAction\":[{\"@type\":\"SearchAction\",\"target\":{\"@type\":\"EntryPoint\",\"urlTemplate\":\"https:\\\/\\\/batitrakya.live\\\/?s={search_term_string}\"},\"query-input\":{\"@type\":\"PropertyValueSpecification\",\"valueRequired\":true,\"valueName\":\"search_term_string\"}}],\"inLanguage\":\"tr\"},{\"@type\":\"Person\",\"@id\":\"https:\\\/\\\/batitrakya.live\\\/#\\\/schema\\\/person\\\/61b86abbc19e5fa0bbc3059670546fe5\",\"name\":\"tamer\",\"image\":{\"@type\":\"ImageObject\",\"inLanguage\":\"tr\",\"@id\":\"https:\\\/\\\/secure.gravatar.com\\\/avatar\\\/60b0ff14c4376999cea9565d28b91fc61ff0f727c28cd083506a6d83ad6df9c9?s=96&d=mm&r=g\",\"url\":\"https:\\\/\\\/secure.gravatar.com\\\/avatar\\\/60b0ff14c4376999cea9565d28b91fc61ff0f727c28cd083506a6d83ad6df9c9?s=96&d=mm&r=g\",\"contentUrl\":\"https:\\\/\\\/secure.gravatar.com\\\/avatar\\\/60b0ff14c4376999cea9565d28b91fc61ff0f727c28cd083506a6d83ad6df9c9?s=96&d=mm&r=g\",\"caption\":\"tamer\"},\"sameAs\":[\"https:\\\/\\\/batitrakya.live\"],\"url\":\"https:\\\/\\\/batitrakya.live\\\/index.php\\\/author\\\/tamer\\\/\"}]}<\/script>\n<!-- \/ Yoast SEO Premium plugin. -->","yoast_head_json":{"title":"N\u00fcfus say\u0131m\u0131nda etnik k\u00f6ken se\u00e7ene\u011finin de olmas\u0131n\u0131 talep ediyoruz... - Bat\u0131 Trakya Haber","robots":{"index":"index","follow":"follow","max-snippet":"max-snippet:-1","max-image-preview":"max-image-preview:large","max-video-preview":"max-video-preview:-1"},"canonical":"https:\/\/batitrakya.live\/index.php\/nufus-sayiminda-etnik-koken-seceneginin-de-olmasini-talep-ediyoruz\/","og_locale":"tr_TR","og_type":"article","og_title":"N\u00fcfus say\u0131m\u0131nda etnik k\u00f6ken se\u00e7ene\u011finin de olmas\u0131n\u0131 talep ediyoruz...","og_description":"ABTTF Ba\u015fkan\u0131 Halit Habipo\u011flu, \u201cYunanistan\u2019da varl\u0131\u011f\u0131m\u0131z\u0131n ispat\u0131 i\u00e7in n\u00fcfus say\u0131m\u0131nda etnik k\u00f6ken se\u00e7ene\u011finin de olmas\u0131n\u0131 talep ediyoruz.&#8221; dedi. \u00dclkemiz Yunanistan\u2019\u0131n Eski Ba\u015fbakan\u0131 ve Yeni Demokrasi Partisi (YDP) Ba\u015fkan\u0131 Kiryakos Mi\u00e7otakis\u2019in SYRIZA Rodop Milletvekili \u00d6zg\u00fcr Ferhat\u2019\u0131n T.C. G\u00fcm\u00fclcine Ba\u015fkonsoloslu\u011fu\u2019nun m\u00fcdahalesi sonucunda se\u00e7ildi\u011fini iddia eden a\u00e7\u0131klamas\u0131n\u0131n ard\u0131ndan YDP ve SYRIZA aras\u0131nda ba\u015flayan tart\u0131\u015fmalar h\u0131z kesmeden devam ediyor. &hellip;","og_url":"https:\/\/batitrakya.live\/index.php\/nufus-sayiminda-etnik-koken-seceneginin-de-olmasini-talep-ediyoruz\/","og_site_name":"Bat\u0131 Trakya Haber","article_published_time":"2023-06-10T16:05:01+00:00","og_image":[{"width":720,"height":348,"url":"https:\/\/batitrakya.live\/wp-content\/uploads\/2021\/01\/halit_abttf.png","type":"image\/png"}],"author":"tamer","twitter_card":"summary_large_image","twitter_misc":{"Yazan:":"tamer","Tahmini okuma s\u00fcresi":"3 dakika"},"schema":{"@context":"https:\/\/schema.org","@graph":[{"@type":"Article","@id":"https:\/\/batitrakya.live\/index.php\/nufus-sayiminda-etnik-koken-seceneginin-de-olmasini-talep-ediyoruz\/#article","isPartOf":{"@id":"https:\/\/batitrakya.live\/index.php\/nufus-sayiminda-etnik-koken-seceneginin-de-olmasini-talep-ediyoruz\/"},"author":{"name":"tamer","@id":"https:\/\/batitrakya.live\/#\/schema\/person\/61b86abbc19e5fa0bbc3059670546fe5"},"headline":"N\u00fcfus say\u0131m\u0131nda etnik k\u00f6ken se\u00e7ene\u011finin de olmas\u0131n\u0131 talep ediyoruz&#8230;","datePublished":"2023-06-10T16:05:01+00:00","mainEntityOfPage":{"@id":"https:\/\/batitrakya.live\/index.php\/nufus-sayiminda-etnik-koken-seceneginin-de-olmasini-talep-ediyoruz\/"},"wordCount":560,"commentCount":0,"image":{"@id":"https:\/\/batitrakya.live\/index.php\/nufus-sayiminda-etnik-koken-seceneginin-de-olmasini-talep-ediyoruz\/#primaryimage"},"thumbnailUrl":"https:\/\/batitrakya.live\/wp-content\/uploads\/2021\/01\/halit_abttf.png","keywords":["ABTTF","H.Habipo\u011flu"],"articleSection":["Bat\u0131 Trakyam Haber"],"inLanguage":"tr","potentialAction":[{"@type":"CommentAction","name":"Comment","target":["https:\/\/batitrakya.live\/index.php\/nufus-sayiminda-etnik-koken-seceneginin-de-olmasini-talep-ediyoruz\/#respond"]}],"copyrightYear":"2023","copyrightHolder":{"@id":"https:\/\/batitrakya.live\/#organization"}},{"@type":"WebPage","@id":"https:\/\/batitrakya.live\/index.php\/nufus-sayiminda-etnik-koken-seceneginin-de-olmasini-talep-ediyoruz\/","url":"https:\/\/batitrakya.live\/index.php\/nufus-sayiminda-etnik-koken-seceneginin-de-olmasini-talep-ediyoruz\/","name":"N\u00fcfus say\u0131m\u0131nda etnik k\u00f6ken se\u00e7ene\u011finin de olmas\u0131n\u0131 talep ediyoruz... - Bat\u0131 Trakya Haber","isPartOf":{"@id":"https:\/\/batitrakya.live\/#website"},"primaryImageOfPage":{"@id":"https:\/\/batitrakya.live\/index.php\/nufus-sayiminda-etnik-koken-seceneginin-de-olmasini-talep-ediyoruz\/#primaryimage"},"image":{"@id":"https:\/\/batitrakya.live\/index.php\/nufus-sayiminda-etnik-koken-seceneginin-de-olmasini-talep-ediyoruz\/#primaryimage"},"thumbnailUrl":"https:\/\/batitrakya.live\/wp-content\/uploads\/2021\/01\/halit_abttf.png","datePublished":"2023-06-10T16:05:01+00:00","author":{"@id":"https:\/\/batitrakya.live\/#\/schema\/person\/61b86abbc19e5fa0bbc3059670546fe5"},"breadcrumb":{"@id":"https:\/\/batitrakya.live\/index.php\/nufus-sayiminda-etnik-koken-seceneginin-de-olmasini-talep-ediyoruz\/#breadcrumb"},"inLanguage":"tr","potentialAction":[{"@type":"ReadAction","target":["https:\/\/batitrakya.live\/index.php\/nufus-sayiminda-etnik-koken-seceneginin-de-olmasini-talep-ediyoruz\/"]}]},{"@type":"ImageObject","inLanguage":"tr","@id":"https:\/\/batitrakya.live\/index.php\/nufus-sayiminda-etnik-koken-seceneginin-de-olmasini-talep-ediyoruz\/#primaryimage","url":"https:\/\/batitrakya.live\/wp-content\/uploads\/2021\/01\/halit_abttf.png","contentUrl":"https:\/\/batitrakya.live\/wp-content\/uploads\/2021\/01\/halit_abttf.png","width":720,"height":348},{"@type":"BreadcrumbList","@id":"https:\/\/batitrakya.live\/index.php\/nufus-sayiminda-etnik-koken-seceneginin-de-olmasini-talep-ediyoruz\/#breadcrumb","itemListElement":[{"@type":"ListItem","position":1,"name":"Anasayfa","item":"https:\/\/batitrakya.live\/"},{"@type":"ListItem","position":2,"name":"N\u00fcfus say\u0131m\u0131nda etnik k\u00f6ken se\u00e7ene\u011finin de olmas\u0131n\u0131 talep ediyoruz&#8230;"}]},{"@type":"WebSite","@id":"https:\/\/batitrakya.live\/#website","url":"https:\/\/batitrakya.live\/","name":"Bat\u0131 Trakya Haber","description":"Bat\u0131 Trakyan\u0131n internetteki sesi..","potentialAction":[{"@type":"SearchAction","target":{"@type":"EntryPoint","urlTemplate":"https:\/\/batitrakya.live\/?s={search_term_string}"},"query-input":{"@type":"PropertyValueSpecification","valueRequired":true,"valueName":"search_term_string"}}],"inLanguage":"tr"},{"@type":"Person","@id":"https:\/\/batitrakya.live\/#\/schema\/person\/61b86abbc19e5fa0bbc3059670546fe5","name":"tamer","image":{"@type":"ImageObject","inLanguage":"tr","@id":"https:\/\/secure.gravatar.com\/avatar\/60b0ff14c4376999cea9565d28b91fc61ff0f727c28cd083506a6d83ad6df9c9?s=96&d=mm&r=g","url":"https:\/\/secure.gravatar.com\/avatar\/60b0ff14c4376999cea9565d28b91fc61ff0f727c28cd083506a6d83ad6df9c9?s=96&d=mm&r=g","contentUrl":"https:\/\/secure.gravatar.com\/avatar\/60b0ff14c4376999cea9565d28b91fc61ff0f727c28cd083506a6d83ad6df9c9?s=96&d=mm&r=g","caption":"tamer"},"sameAs":["https:\/\/batitrakya.live"],"url":"https:\/\/batitrakya.live\/index.php\/author\/tamer\/"}]}},"_links":{"self":[{"href":"https:\/\/batitrakya.live\/index.php\/wp-json\/wp\/v2\/posts\/42020","targetHints":{"allow":["GET"]}}],"collection":[{"href":"https:\/\/batitrakya.live\/index.php\/wp-json\/wp\/v2\/posts"}],"about":[{"href":"https:\/\/batitrakya.live\/index.php\/wp-json\/wp\/v2\/types\/post"}],"author":[{"embeddable":true,"href":"https:\/\/batitrakya.live\/index.php\/wp-json\/wp\/v2\/users\/1"}],"replies":[{"embeddable":true,"href":"https:\/\/batitrakya.live\/index.php\/wp-json\/wp\/v2\/comments?post=42020"}],"version-history":[{"count":0,"href":"https:\/\/batitrakya.live\/index.php\/wp-json\/wp\/v2\/posts\/42020\/revisions"}],"wp:featuredmedia":[{"embeddable":true,"href":"https:\/\/batitrakya.live\/index.php\/wp-json\/wp\/v2\/media\/31054"}],"wp:attachment":[{"href":"https:\/\/batitrakya.live\/index.php\/wp-json\/wp\/v2\/media?parent=42020"}],"wp:term":[{"taxonomy":"category","embeddable":true,"href":"https:\/\/batitrakya.live\/index.php\/wp-json\/wp\/v2\/categories?post=42020"},{"taxonomy":"post_tag","embeddable":true,"href":"https:\/\/batitrakya.live\/index.php\/wp-json\/wp\/v2\/tags?post=42020"}],"curies":[{"name":"wp","href":"https:\/\/api.w.org\/{rel}","templated":true}]}}