{"id":41720,"date":"2023-04-13T20:18:04","date_gmt":"2023-04-13T17:18:04","guid":{"rendered":"https:\/\/batitrakya.live\/?p=41720"},"modified":"2023-04-13T20:18:04","modified_gmt":"2023-04-13T17:18:04","slug":"gumulcinedeki-kazada-genc-soydas-hayatini-kaybetti","status":"publish","type":"post","link":"https:\/\/batitrakya.live\/index.php\/gumulcinedeki-kazada-genc-soydas-hayatini-kaybetti\/","title":{"rendered":"G\u00fcm\u00fclcine&#8217;deki kazada gen\u00e7 soyda\u015f hayat\u0131n\u0131 kaybetti&#8230;"},"content":{"rendered":"<p>G\u00fcm\u00fclcine&#8217;de bug\u00fcn \u00f6\u011fle saatlerinde trafik kazas\u0131 meydana geldi. Bir motosiklet ile arac\u0131n kar\u0131\u015ft\u0131\u011f\u0131 kazada gen\u00e7 soyda\u015f hayat\u0131n\u0131 kaybetti.<\/p>\n<p>G\u00fcm\u00fclcine&#8217;de halk pazar\u0131n\u0131n yap\u0131ld\u0131\u011f\u0131 b\u00f6lgede bug\u00fcn trafik kazas\u0131 ya\u015fand\u0131. Kaza \u00f6\u011fle saatlerinde Georgiou Zarifis ve Apostolidis Mirtilos Kosmas caddelerin birle\u015fti\u011fi noktada meydana geldi.<\/p>\n<p>\u00dczerinde iki gen\u00e7 soyda\u015f\u0131m\u0131z\u0131n oldu\u011fu motosiklet ile yine bir soyda\u015f\u0131n kulland\u0131\u011f\u0131 arac\u0131n kar\u0131\u015ft\u0131\u011f\u0131 kazada, motosikletin araca \u015fiddetli \u00e7arpmas\u0131 sonucunda gen\u00e7lerin yola savruldu\u011fu belirtildi.<\/p>\n<p>Yere d\u00fc\u015fen gen\u00e7lerden biri olay yerinden hayat\u0131n\u0131 kaybederken, di\u011fer gencin ise a\u011f\u0131r yaraland\u0131\u011f\u0131 belirtildi.<\/p>\n<p>Kazan\u0131n ard\u0131ndan olay yerine polis ekibi ve ambulans sevk edildi.Motosikletteki gen\u00e7lerin 19 ve 17 ya\u015f\u0131nda oldu\u011fu kaydedildi.<\/p>\n<p>Sa\u011fl\u0131k ekibi taraf\u0131ndan olay yerinde yapt\u0131\u011f\u0131 m\u00fcdahalenin ard\u0131ndan yaral\u0131 olan gen\u00e7 Dedea\u011fa\u00e7 Hastanesine g\u00f6t\u00fcr\u00fcl\u00fcr iken, hayat\u0131n\u0131 kaybeden gen\u00e7 ise otopsi i\u00e7in G\u00fcm\u00fclcine Hastanesine g\u00f6t\u00fcr\u00fcld\u00fc\u011f\u00fc ifade edildi.<\/p>\n<p>Polis ekibi olay yerinden incelemelerde bulundu.<\/p>\n<p>Hayat\u0131n\u0131 kaybeden gen\u00e7 karde\u015fimize Allah&#8217;tan rahmet, kederli ailesine ba\u015fsa\u011fl\u0131\u011f\u0131 dilerken, yo\u011fun bak\u0131ma al\u0131narak tedavi g\u00f6ren gen\u00e7 karde\u015fimize ac\u0131l \u015fifalar ailesine de sab\u0131rlar diliyoruz.<\/p>\n","protected":false},"excerpt":{"rendered":"<p>G\u00fcm\u00fclcine&#8217;de bug\u00fcn \u00f6\u011fle saatlerinde trafik kazas\u0131 meydana geldi. Bir motosiklet ile arac\u0131n kar\u0131\u015ft\u0131\u011f\u0131 kazada gen\u00e7 soyda\u015f hayat\u0131n\u0131 kaybetti. G\u00fcm\u00fclcine&#8217;de halk pazar\u0131n\u0131n yap\u0131ld\u0131\u011f\u0131 b\u00f6lgede bug\u00fcn trafik kazas\u0131 ya\u015fand\u0131. Kaza \u00f6\u011fle saatlerinde Georgiou Zarifis ve Apostolidis Mirtilos Kosmas caddelerin birle\u015fti\u011fi noktada meydana geldi. \u00dczerinde iki gen\u00e7 soyda\u015f\u0131m\u0131z\u0131n oldu\u011fu motosiklet ile yine bir soyda\u015f\u0131n kulland\u0131\u011f\u0131 arac\u0131n kar\u0131\u015ft\u0131\u011f\u0131 kazada, &hellip;<\/p>\n","protected":false},"author":1,"featured_media":41722,"comment_status":"open","ping_status":"open","sticky":false,"template":"","format":"standard","meta":{"footnotes":""},"categories":[24],"tags":[95,121],"class_list":["post-41720","post","type-post","status-publish","format-standard","has-post-thumbnail","hentry","category-bati-trakyam-haber","tag-kaza","tag-vefat"],"yoast_head":"<!-- This site is optimized with the Yoast SEO Premium plugin v26.3 (Yoast SEO v27.3) - https:\/\/yoast.com\/product\/yoast-seo-premium-wordpress\/ -->\n<title>G\u00fcm\u00fclcine&#039;deki kazada gen\u00e7 soyda\u015f hayat\u0131n\u0131 kaybetti... - Bat\u0131 Trakya Haber<\/title>\n<meta name=\"robots\" content=\"index, follow, max-snippet:-1, max-image-preview:large, max-video-preview:-1\" \/>\n<link rel=\"canonical\" href=\"https:\/\/batitrakya.live\/index.php\/gumulcinedeki-kazada-genc-soydas-hayatini-kaybetti\/\" \/>\n<meta property=\"og:locale\" content=\"tr_TR\" \/>\n<meta property=\"og:type\" content=\"article\" \/>\n<meta property=\"og:title\" content=\"G\u00fcm\u00fclcine&#039;deki kazada gen\u00e7 soyda\u015f hayat\u0131n\u0131 kaybetti...\" \/>\n<meta property=\"og:description\" content=\"G\u00fcm\u00fclcine&#8217;de bug\u00fcn \u00f6\u011fle saatlerinde trafik kazas\u0131 meydana geldi. Bir motosiklet ile arac\u0131n kar\u0131\u015ft\u0131\u011f\u0131 kazada gen\u00e7 soyda\u015f hayat\u0131n\u0131 kaybetti. G\u00fcm\u00fclcine&#8217;de halk pazar\u0131n\u0131n yap\u0131ld\u0131\u011f\u0131 b\u00f6lgede bug\u00fcn trafik kazas\u0131 ya\u015fand\u0131. Kaza \u00f6\u011fle saatlerinde Georgiou Zarifis ve Apostolidis Mirtilos Kosmas caddelerin birle\u015fti\u011fi noktada meydana geldi. \u00dczerinde iki gen\u00e7 soyda\u015f\u0131m\u0131z\u0131n oldu\u011fu motosiklet ile yine bir soyda\u015f\u0131n kulland\u0131\u011f\u0131 arac\u0131n kar\u0131\u015ft\u0131\u011f\u0131 kazada, &hellip;\" \/>\n<meta property=\"og:url\" content=\"https:\/\/batitrakya.live\/index.php\/gumulcinedeki-kazada-genc-soydas-hayatini-kaybetti\/\" \/>\n<meta property=\"og:site_name\" content=\"Bat\u0131 Trakya Haber\" \/>\n<meta property=\"article:published_time\" content=\"2023-04-13T17:18:04+00:00\" \/>\n<meta property=\"og:image\" content=\"https:\/\/batitrakya.live\/wp-content\/uploads\/2023\/04\/kaza_motosiklet.jpg\" \/>\n\t<meta property=\"og:image:width\" content=\"720\" \/>\n\t<meta property=\"og:image:height\" content=\"348\" \/>\n\t<meta property=\"og:image:type\" content=\"image\/jpeg\" \/>\n<meta name=\"author\" content=\"tamer\" \/>\n<meta name=\"twitter:card\" content=\"summary_large_image\" \/>\n<meta name=\"twitter:label1\" content=\"Yazan:\" \/>\n\t<meta name=\"twitter:data1\" content=\"tamer\" \/>\n\t<meta name=\"twitter:label2\" content=\"Tahmini okuma s\u00fcresi\" \/>\n\t<meta name=\"twitter:data2\" content=\"1 dakika\" \/>\n<script type=\"application\/ld+json\" class=\"yoast-schema-graph\">{\"@context\":\"https:\\\/\\\/schema.org\",\"@graph\":[{\"@type\":\"Article\",\"@id\":\"https:\\\/\\\/batitrakya.live\\\/index.php\\\/gumulcinedeki-kazada-genc-soydas-hayatini-kaybetti\\\/#article\",\"isPartOf\":{\"@id\":\"https:\\\/\\\/batitrakya.live\\\/index.php\\\/gumulcinedeki-kazada-genc-soydas-hayatini-kaybetti\\\/\"},\"author\":{\"name\":\"tamer\",\"@id\":\"https:\\\/\\\/batitrakya.live\\\/#\\\/schema\\\/person\\\/61b86abbc19e5fa0bbc3059670546fe5\"},\"headline\":\"G\u00fcm\u00fclcine&#8217;deki kazada gen\u00e7 soyda\u015f hayat\u0131n\u0131 kaybetti&#8230;\",\"datePublished\":\"2023-04-13T17:18:04+00:00\",\"mainEntityOfPage\":{\"@id\":\"https:\\\/\\\/batitrakya.live\\\/index.php\\\/gumulcinedeki-kazada-genc-soydas-hayatini-kaybetti\\\/\"},\"wordCount\":225,\"commentCount\":0,\"image\":{\"@id\":\"https:\\\/\\\/batitrakya.live\\\/index.php\\\/gumulcinedeki-kazada-genc-soydas-hayatini-kaybetti\\\/#primaryimage\"},\"thumbnailUrl\":\"https:\\\/\\\/batitrakya.live\\\/wp-content\\\/uploads\\\/2023\\\/04\\\/kaza_motosiklet.jpg\",\"keywords\":[\"Kaza\",\"Vefat\"],\"articleSection\":[\"Bat\u0131 Trakyam Haber\"],\"inLanguage\":\"tr\",\"potentialAction\":[{\"@type\":\"CommentAction\",\"name\":\"Comment\",\"target\":[\"https:\\\/\\\/batitrakya.live\\\/index.php\\\/gumulcinedeki-kazada-genc-soydas-hayatini-kaybetti\\\/#respond\"]}],\"copyrightYear\":\"2023\",\"copyrightHolder\":{\"@id\":\"https:\\\/\\\/batitrakya.live\\\/#organization\"}},{\"@type\":\"WebPage\",\"@id\":\"https:\\\/\\\/batitrakya.live\\\/index.php\\\/gumulcinedeki-kazada-genc-soydas-hayatini-kaybetti\\\/\",\"url\":\"https:\\\/\\\/batitrakya.live\\\/index.php\\\/gumulcinedeki-kazada-genc-soydas-hayatini-kaybetti\\\/\",\"name\":\"G\u00fcm\u00fclcine'deki kazada gen\u00e7 soyda\u015f hayat\u0131n\u0131 kaybetti... - Bat\u0131 Trakya Haber\",\"isPartOf\":{\"@id\":\"https:\\\/\\\/batitrakya.live\\\/#website\"},\"primaryImageOfPage\":{\"@id\":\"https:\\\/\\\/batitrakya.live\\\/index.php\\\/gumulcinedeki-kazada-genc-soydas-hayatini-kaybetti\\\/#primaryimage\"},\"image\":{\"@id\":\"https:\\\/\\\/batitrakya.live\\\/index.php\\\/gumulcinedeki-kazada-genc-soydas-hayatini-kaybetti\\\/#primaryimage\"},\"thumbnailUrl\":\"https:\\\/\\\/batitrakya.live\\\/wp-content\\\/uploads\\\/2023\\\/04\\\/kaza_motosiklet.jpg\",\"datePublished\":\"2023-04-13T17:18:04+00:00\",\"author\":{\"@id\":\"https:\\\/\\\/batitrakya.live\\\/#\\\/schema\\\/person\\\/61b86abbc19e5fa0bbc3059670546fe5\"},\"breadcrumb\":{\"@id\":\"https:\\\/\\\/batitrakya.live\\\/index.php\\\/gumulcinedeki-kazada-genc-soydas-hayatini-kaybetti\\\/#breadcrumb\"},\"inLanguage\":\"tr\",\"potentialAction\":[{\"@type\":\"ReadAction\",\"target\":[\"https:\\\/\\\/batitrakya.live\\\/index.php\\\/gumulcinedeki-kazada-genc-soydas-hayatini-kaybetti\\\/\"]}]},{\"@type\":\"ImageObject\",\"inLanguage\":\"tr\",\"@id\":\"https:\\\/\\\/batitrakya.live\\\/index.php\\\/gumulcinedeki-kazada-genc-soydas-hayatini-kaybetti\\\/#primaryimage\",\"url\":\"https:\\\/\\\/batitrakya.live\\\/wp-content\\\/uploads\\\/2023\\\/04\\\/kaza_motosiklet.jpg\",\"contentUrl\":\"https:\\\/\\\/batitrakya.live\\\/wp-content\\\/uploads\\\/2023\\\/04\\\/kaza_motosiklet.jpg\",\"width\":720,\"height\":348},{\"@type\":\"BreadcrumbList\",\"@id\":\"https:\\\/\\\/batitrakya.live\\\/index.php\\\/gumulcinedeki-kazada-genc-soydas-hayatini-kaybetti\\\/#breadcrumb\",\"itemListElement\":[{\"@type\":\"ListItem\",\"position\":1,\"name\":\"Anasayfa\",\"item\":\"https:\\\/\\\/batitrakya.live\\\/\"},{\"@type\":\"ListItem\",\"position\":2,\"name\":\"G\u00fcm\u00fclcine&#8217;deki kazada gen\u00e7 soyda\u015f hayat\u0131n\u0131 kaybetti&#8230;\"}]},{\"@type\":\"WebSite\",\"@id\":\"https:\\\/\\\/batitrakya.live\\\/#website\",\"url\":\"https:\\\/\\\/batitrakya.live\\\/\",\"name\":\"Bat\u0131 Trakya Haber\",\"description\":\"Bat\u0131 Trakyan\u0131n internetteki sesi..\",\"potentialAction\":[{\"@type\":\"SearchAction\",\"target\":{\"@type\":\"EntryPoint\",\"urlTemplate\":\"https:\\\/\\\/batitrakya.live\\\/?s={search_term_string}\"},\"query-input\":{\"@type\":\"PropertyValueSpecification\",\"valueRequired\":true,\"valueName\":\"search_term_string\"}}],\"inLanguage\":\"tr\"},{\"@type\":\"Person\",\"@id\":\"https:\\\/\\\/batitrakya.live\\\/#\\\/schema\\\/person\\\/61b86abbc19e5fa0bbc3059670546fe5\",\"name\":\"tamer\",\"image\":{\"@type\":\"ImageObject\",\"inLanguage\":\"tr\",\"@id\":\"https:\\\/\\\/secure.gravatar.com\\\/avatar\\\/60b0ff14c4376999cea9565d28b91fc61ff0f727c28cd083506a6d83ad6df9c9?s=96&d=mm&r=g\",\"url\":\"https:\\\/\\\/secure.gravatar.com\\\/avatar\\\/60b0ff14c4376999cea9565d28b91fc61ff0f727c28cd083506a6d83ad6df9c9?s=96&d=mm&r=g\",\"contentUrl\":\"https:\\\/\\\/secure.gravatar.com\\\/avatar\\\/60b0ff14c4376999cea9565d28b91fc61ff0f727c28cd083506a6d83ad6df9c9?s=96&d=mm&r=g\",\"caption\":\"tamer\"},\"sameAs\":[\"https:\\\/\\\/batitrakya.live\"],\"url\":\"https:\\\/\\\/batitrakya.live\\\/index.php\\\/author\\\/tamer\\\/\"}]}<\/script>\n<!-- \/ Yoast SEO Premium plugin. -->","yoast_head_json":{"title":"G\u00fcm\u00fclcine'deki kazada gen\u00e7 soyda\u015f hayat\u0131n\u0131 kaybetti... - Bat\u0131 Trakya Haber","robots":{"index":"index","follow":"follow","max-snippet":"max-snippet:-1","max-image-preview":"max-image-preview:large","max-video-preview":"max-video-preview:-1"},"canonical":"https:\/\/batitrakya.live\/index.php\/gumulcinedeki-kazada-genc-soydas-hayatini-kaybetti\/","og_locale":"tr_TR","og_type":"article","og_title":"G\u00fcm\u00fclcine'deki kazada gen\u00e7 soyda\u015f hayat\u0131n\u0131 kaybetti...","og_description":"G\u00fcm\u00fclcine&#8217;de bug\u00fcn \u00f6\u011fle saatlerinde trafik kazas\u0131 meydana geldi. Bir motosiklet ile arac\u0131n kar\u0131\u015ft\u0131\u011f\u0131 kazada gen\u00e7 soyda\u015f hayat\u0131n\u0131 kaybetti. G\u00fcm\u00fclcine&#8217;de halk pazar\u0131n\u0131n yap\u0131ld\u0131\u011f\u0131 b\u00f6lgede bug\u00fcn trafik kazas\u0131 ya\u015fand\u0131. Kaza \u00f6\u011fle saatlerinde Georgiou Zarifis ve Apostolidis Mirtilos Kosmas caddelerin birle\u015fti\u011fi noktada meydana geldi. \u00dczerinde iki gen\u00e7 soyda\u015f\u0131m\u0131z\u0131n oldu\u011fu motosiklet ile yine bir soyda\u015f\u0131n kulland\u0131\u011f\u0131 arac\u0131n kar\u0131\u015ft\u0131\u011f\u0131 kazada, &hellip;","og_url":"https:\/\/batitrakya.live\/index.php\/gumulcinedeki-kazada-genc-soydas-hayatini-kaybetti\/","og_site_name":"Bat\u0131 Trakya Haber","article_published_time":"2023-04-13T17:18:04+00:00","og_image":[{"width":720,"height":348,"url":"https:\/\/batitrakya.live\/wp-content\/uploads\/2023\/04\/kaza_motosiklet.jpg","type":"image\/jpeg"}],"author":"tamer","twitter_card":"summary_large_image","twitter_misc":{"Yazan:":"tamer","Tahmini okuma s\u00fcresi":"1 dakika"},"schema":{"@context":"https:\/\/schema.org","@graph":[{"@type":"Article","@id":"https:\/\/batitrakya.live\/index.php\/gumulcinedeki-kazada-genc-soydas-hayatini-kaybetti\/#article","isPartOf":{"@id":"https:\/\/batitrakya.live\/index.php\/gumulcinedeki-kazada-genc-soydas-hayatini-kaybetti\/"},"author":{"name":"tamer","@id":"https:\/\/batitrakya.live\/#\/schema\/person\/61b86abbc19e5fa0bbc3059670546fe5"},"headline":"G\u00fcm\u00fclcine&#8217;deki kazada gen\u00e7 soyda\u015f hayat\u0131n\u0131 kaybetti&#8230;","datePublished":"2023-04-13T17:18:04+00:00","mainEntityOfPage":{"@id":"https:\/\/batitrakya.live\/index.php\/gumulcinedeki-kazada-genc-soydas-hayatini-kaybetti\/"},"wordCount":225,"commentCount":0,"image":{"@id":"https:\/\/batitrakya.live\/index.php\/gumulcinedeki-kazada-genc-soydas-hayatini-kaybetti\/#primaryimage"},"thumbnailUrl":"https:\/\/batitrakya.live\/wp-content\/uploads\/2023\/04\/kaza_motosiklet.jpg","keywords":["Kaza","Vefat"],"articleSection":["Bat\u0131 Trakyam Haber"],"inLanguage":"tr","potentialAction":[{"@type":"CommentAction","name":"Comment","target":["https:\/\/batitrakya.live\/index.php\/gumulcinedeki-kazada-genc-soydas-hayatini-kaybetti\/#respond"]}],"copyrightYear":"2023","copyrightHolder":{"@id":"https:\/\/batitrakya.live\/#organization"}},{"@type":"WebPage","@id":"https:\/\/batitrakya.live\/index.php\/gumulcinedeki-kazada-genc-soydas-hayatini-kaybetti\/","url":"https:\/\/batitrakya.live\/index.php\/gumulcinedeki-kazada-genc-soydas-hayatini-kaybetti\/","name":"G\u00fcm\u00fclcine'deki kazada gen\u00e7 soyda\u015f hayat\u0131n\u0131 kaybetti... - Bat\u0131 Trakya Haber","isPartOf":{"@id":"https:\/\/batitrakya.live\/#website"},"primaryImageOfPage":{"@id":"https:\/\/batitrakya.live\/index.php\/gumulcinedeki-kazada-genc-soydas-hayatini-kaybetti\/#primaryimage"},"image":{"@id":"https:\/\/batitrakya.live\/index.php\/gumulcinedeki-kazada-genc-soydas-hayatini-kaybetti\/#primaryimage"},"thumbnailUrl":"https:\/\/batitrakya.live\/wp-content\/uploads\/2023\/04\/kaza_motosiklet.jpg","datePublished":"2023-04-13T17:18:04+00:00","author":{"@id":"https:\/\/batitrakya.live\/#\/schema\/person\/61b86abbc19e5fa0bbc3059670546fe5"},"breadcrumb":{"@id":"https:\/\/batitrakya.live\/index.php\/gumulcinedeki-kazada-genc-soydas-hayatini-kaybetti\/#breadcrumb"},"inLanguage":"tr","potentialAction":[{"@type":"ReadAction","target":["https:\/\/batitrakya.live\/index.php\/gumulcinedeki-kazada-genc-soydas-hayatini-kaybetti\/"]}]},{"@type":"ImageObject","inLanguage":"tr","@id":"https:\/\/batitrakya.live\/index.php\/gumulcinedeki-kazada-genc-soydas-hayatini-kaybetti\/#primaryimage","url":"https:\/\/batitrakya.live\/wp-content\/uploads\/2023\/04\/kaza_motosiklet.jpg","contentUrl":"https:\/\/batitrakya.live\/wp-content\/uploads\/2023\/04\/kaza_motosiklet.jpg","width":720,"height":348},{"@type":"BreadcrumbList","@id":"https:\/\/batitrakya.live\/index.php\/gumulcinedeki-kazada-genc-soydas-hayatini-kaybetti\/#breadcrumb","itemListElement":[{"@type":"ListItem","position":1,"name":"Anasayfa","item":"https:\/\/batitrakya.live\/"},{"@type":"ListItem","position":2,"name":"G\u00fcm\u00fclcine&#8217;deki kazada gen\u00e7 soyda\u015f hayat\u0131n\u0131 kaybetti&#8230;"}]},{"@type":"WebSite","@id":"https:\/\/batitrakya.live\/#website","url":"https:\/\/batitrakya.live\/","name":"Bat\u0131 Trakya Haber","description":"Bat\u0131 Trakyan\u0131n internetteki sesi..","potentialAction":[{"@type":"SearchAction","target":{"@type":"EntryPoint","urlTemplate":"https:\/\/batitrakya.live\/?s={search_term_string}"},"query-input":{"@type":"PropertyValueSpecification","valueRequired":true,"valueName":"search_term_string"}}],"inLanguage":"tr"},{"@type":"Person","@id":"https:\/\/batitrakya.live\/#\/schema\/person\/61b86abbc19e5fa0bbc3059670546fe5","name":"tamer","image":{"@type":"ImageObject","inLanguage":"tr","@id":"https:\/\/secure.gravatar.com\/avatar\/60b0ff14c4376999cea9565d28b91fc61ff0f727c28cd083506a6d83ad6df9c9?s=96&d=mm&r=g","url":"https:\/\/secure.gravatar.com\/avatar\/60b0ff14c4376999cea9565d28b91fc61ff0f727c28cd083506a6d83ad6df9c9?s=96&d=mm&r=g","contentUrl":"https:\/\/secure.gravatar.com\/avatar\/60b0ff14c4376999cea9565d28b91fc61ff0f727c28cd083506a6d83ad6df9c9?s=96&d=mm&r=g","caption":"tamer"},"sameAs":["https:\/\/batitrakya.live"],"url":"https:\/\/batitrakya.live\/index.php\/author\/tamer\/"}]}},"_links":{"self":[{"href":"https:\/\/batitrakya.live\/index.php\/wp-json\/wp\/v2\/posts\/41720","targetHints":{"allow":["GET"]}}],"collection":[{"href":"https:\/\/batitrakya.live\/index.php\/wp-json\/wp\/v2\/posts"}],"about":[{"href":"https:\/\/batitrakya.live\/index.php\/wp-json\/wp\/v2\/types\/post"}],"author":[{"embeddable":true,"href":"https:\/\/batitrakya.live\/index.php\/wp-json\/wp\/v2\/users\/1"}],"replies":[{"embeddable":true,"href":"https:\/\/batitrakya.live\/index.php\/wp-json\/wp\/v2\/comments?post=41720"}],"version-history":[{"count":0,"href":"https:\/\/batitrakya.live\/index.php\/wp-json\/wp\/v2\/posts\/41720\/revisions"}],"wp:featuredmedia":[{"embeddable":true,"href":"https:\/\/batitrakya.live\/index.php\/wp-json\/wp\/v2\/media\/41722"}],"wp:attachment":[{"href":"https:\/\/batitrakya.live\/index.php\/wp-json\/wp\/v2\/media?parent=41720"}],"wp:term":[{"taxonomy":"category","embeddable":true,"href":"https:\/\/batitrakya.live\/index.php\/wp-json\/wp\/v2\/categories?post=41720"},{"taxonomy":"post_tag","embeddable":true,"href":"https:\/\/batitrakya.live\/index.php\/wp-json\/wp\/v2\/tags?post=41720"}],"curies":[{"name":"wp","href":"https:\/\/api.w.org\/{rel}","templated":true}]}}