{"id":40638,"date":"2022-05-13T20:10:25","date_gmt":"2022-05-13T17:10:25","guid":{"rendered":"https:\/\/batitrakya.live\/?p=40638"},"modified":"2022-05-13T20:10:25","modified_gmt":"2022-05-13T17:10:25","slug":"iskece-muftulugundeniskece-cami-ve-mescitleri-kitabi","status":"publish","type":"post","link":"https:\/\/batitrakya.live\/index.php\/iskece-muftulugundeniskece-cami-ve-mescitleri-kitabi\/","title":{"rendered":"\u0130ske\u00e7e M\u00fcft\u00fcl\u00fc\u011f\u00fcnden\u201c\u0130ske\u00e7e Cami ve Mescitleri\u201d kitab\u0131&#8230;"},"content":{"rendered":"<p>\u0130ske\u00e7e M\u00fcft\u00fcl\u00fc\u011f\u00fc taraf\u0131ndan M\u00fcft\u00fc Ahmet Mete koordinat\u00f6rl\u011f\u00fcnde iki ciltten olu\u015fan eserin yay\u0131nland\u0131\u011f\u0131 duyuruldu.<\/p>\n<p>Metin yazarl\u0131\u011f\u0131n\u0131n Mustafa Trampa\u2019ya, redaksiyonun Emine H\u00fcseyin Palazl\u0131, foto\u011fraf ve dizayn\u0131n Ali Ferhat\u2019a ait oldu\u011fu belirtilen eserin kapak tasar\u0131m\u0131n\u0131 \u00dcmit Farzl\u0131\u2019n\u0131n yapt\u0131\u011f\u0131 bildirildi.<\/p>\n<p>Eserin birinci cildinde \u0130ske\u00e7e Merkez, Yaka ve Ova b\u00f6lgelerindeki eserler ele al\u0131n\u0131rken, ikinci ciltte ise Balkan kolunda bulunan cami ve mescitlerin ele al\u0131nd\u0131\u011f\u0131 belirtildi.<\/p>\n<p>Eserle ilgili olarak \u0130ske\u00e7e M\u00fcft\u00fc\u011f\u00fc taraf\u0131ndan yay\u0131nlanan a\u00e7\u0131klama a\u015fa\u011f\u0131daki gibidir:<\/p>\n<p>\u201cKaleme al\u0131nan iki ciltlik eser, \u0130ske\u00e7e b\u00f6lgesinde yer alan cami ve mescitlerin tarihi varl\u0131\u011f\u0131n\u0131 ve potansiyelini ortaya \u00e7\u0131karmakt\u0131r. Ara\u015f\u00adt\u0131rma alan\u0131 olarak \u0130ske\u00e7e ilinin merkez, yaka, ova ve Balkan b\u00f6l\u00adgeleri ele al\u0131nm\u0131\u015ft\u0131r.<\/p>\n<p>Kitap \u00e7al\u0131\u015fmam\u0131zda hedeflenen nokta, T\u00fcrk \u0130sl\u00e2m medeniyetinin bir par\u00e7as\u0131 ve Bat\u0131 Trakya M\u00fcsl\u00fcman T\u00fcrk varl\u0131\u011f\u0131n\u0131n ana sembol\u00fc olan cami ve mescitlerimizin tan\u0131t\u0131m\u0131n\u0131 ve \u00f6zelliklerini ortaya \u00e7\u0131karmak ve kay\u0131t alt\u0131na almakt\u0131r.<\/p>\n<p>Eserler ara\u015ft\u0131r\u0131l\u0131rken yeri ve konumu, tarih\u00e7esi, mimari \u00f6zellikleri ve tezyinat y\u00f6n\u00fcyle ele al\u0131nm\u0131\u015ft\u0131r.<\/p>\n<p>Kaynak ki\u015filer olarak belirlenen \u015fah\u0131slar\u0131n \u00f6zellikle b\u00f6lgeyi \u00e7ok iyi bi\u00adlen din g\u00f6revlilerinin ve b\u00f6lgenin en ya\u015fl\u0131 ki\u015filerinin olmas\u0131na \u00f6zen g\u00f6s\u00adterilmi\u015ftir. Ayr\u0131ca belge, foto\u011fraf ve mezarta\u015flar\u0131n\u0131 inceleyerek ama\u00e7lad\u0131\u011f\u0131m\u0131z sonuca ula\u015fmaya \u00e7al\u0131\u015f\u0131ld\u0131.<\/p>\n<p>B\u00fct\u00fcn bu \u00e7al\u0131\u015fmalar\u0131n neticesinde <em><strong>\u2018\u2018\u0130ske\u00e7e Cami ve Mescitleri\u2019\u2019<\/strong> <\/em>ismiyle iki cilt eser ortaya \u00e7\u0131kar\u0131ld\u0131. Birinci ciltte \u0130ske\u00e7e merkez 12, yaka b\u00f6lgesi 22 ve ova b\u00f6lgesinde yer alan 37 cami ve mescit b\u00fct\u00fcn y\u00f6nleriyle incelendi, eski ile yeni halleri kay\u0131t alt\u0131na al\u0131nd\u0131.<\/p>\n<p>Ayn\u0131 \u015fekilde ikinci cilti de \u0130ske\u00e7e Balkan b\u00f6lgesinde bulunan 68 cami ve mescit ara\u015ft\u0131r\u0131ld\u0131 ve muhtelif y\u00f6nleriyle i\u015flendi.<\/p>\n<p>Faziletli \u0130ske\u00e7e M\u00fcft\u00fcm\u00fcz Ahmet Mete eseri \u015fu ifadelerle takdim eder: <em><strong>\u2018\u2018Uzun bir \u00e7al\u0131\u015fman\u0131n \u00fcr\u00fcn\u00fc olarak haz\u0131rlanan \u2018\u0130ske\u00e7e Cami ve Mescitleri\u2019 adl\u0131 kitap \u00e7al\u0131\u015fmam\u0131z bu topra\u011f\u0131n temel yap\u0131s\u0131n\u0131 ve mayas\u0131n\u0131 ortaya \u00e7\u0131karan varl\u0131\u011f\u0131m\u0131z\u0131n sembol\u00fc olan ibadethanelerimiz hakk\u0131nda verimli ve faydal\u0131 bilgiler sunmay\u0131 hedeflemektedir.\u2019\u2019<\/strong><\/em><\/p>\n<p>\u015eunu da ifade etmeliyiz ki, yap\u0131lan ara\u015ft\u0131rmalar neticesinde g\u00f6r\u00fcl\u00add\u00fc ki baz\u0131 metruk k\u00f6ylerde hi\u00e7bir soyda\u015f\u0131n bulunmam\u0131\u015f olmas\u0131 mevcut cami ve mescitlerin harabe haline d\u00f6n\u00fc\u015fmesine sebep olmu\u015ftur.<\/p>\n<p>\u0130ske\u00e7e M\u00fcft\u00fcl\u00fc\u011f\u00fc Yay\u0131nlar\u0131 aras\u0131ndan \u00e7\u0131kan Kitap 2022 y\u0131l\u0131nda bas\u0131lm\u0131\u015ft\u0131r. <em><strong>\u2018\u2018\u0130ske\u00e7e Cami ve Mescitleri\u2019\u2019<\/strong> <\/em>adl\u0131 \u00e7al\u0131\u015fman\u0131n Proje Koordinat\u00f6r\u00fc faziletli \u0130ske\u00e7e M\u00fcft\u00fcm\u00fcz Ahmet Mete olup; metin yazar\u0131 Mustafa Trampa\u2019d\u0131r. Dizayn ve foto Ali Ferhat\u2019a ait olup redaksiyon Emine H\u00fcseyin Palazl\u0131 taraf\u0131ndan yap\u0131lm\u0131\u015ft\u0131r. Kapak, \u00dcmit Farzl\u0131 taraf\u0131ndan tasarlanm\u0131\u015ft\u0131r.<\/p>\n<p>Netice itibariyle, \u0130ske\u00e7e M\u00fcft\u00fcl\u00fc\u011f\u00fc \u00e7at\u0131s\u0131 alt\u0131nda ekip ruhuyla haz\u0131rlanan s\u00f6z konusu \u00e7al\u0131\u015fman\u0131n fayda getirmesini diler hay\u0131rl\u0131 ve bereketli istifadeler temenni ederiz.\u201d<\/p>\n","protected":false},"excerpt":{"rendered":"<p>\u0130ske\u00e7e M\u00fcft\u00fcl\u00fc\u011f\u00fc taraf\u0131ndan M\u00fcft\u00fc Ahmet Mete koordinat\u00f6rl\u011f\u00fcnde iki ciltten olu\u015fan eserin yay\u0131nland\u0131\u011f\u0131 duyuruldu. Metin yazarl\u0131\u011f\u0131n\u0131n Mustafa Trampa\u2019ya, redaksiyonun Emine H\u00fcseyin Palazl\u0131, foto\u011fraf ve dizayn\u0131n Ali Ferhat\u2019a ait oldu\u011fu belirtilen eserin kapak tasar\u0131m\u0131n\u0131 \u00dcmit Farzl\u0131\u2019n\u0131n yapt\u0131\u011f\u0131 bildirildi. Eserin birinci cildinde \u0130ske\u00e7e Merkez, Yaka ve Ova b\u00f6lgelerindeki eserler ele al\u0131n\u0131rken, ikinci ciltte ise Balkan kolunda bulunan cami &hellip;<\/p>\n","protected":false},"author":1,"featured_media":40640,"comment_status":"open","ping_status":"open","sticky":false,"template":"","format":"standard","meta":{"footnotes":""},"categories":[24],"tags":[43,132,136],"class_list":["post-40638","post","type-post","status-publish","format-standard","has-post-thumbnail","hentry","category-bati-trakyam-haber","tag-iskece","tag-kitap","tag-muftu"],"yoast_head":"<!-- This site is optimized with the Yoast SEO Premium plugin v26.3 (Yoast SEO v27.3) - https:\/\/yoast.com\/product\/yoast-seo-premium-wordpress\/ -->\n<title>\u0130ske\u00e7e M\u00fcft\u00fcl\u00fc\u011f\u00fcnden\u201c\u0130ske\u00e7e Cami ve Mescitleri\u201d kitab\u0131... - Bat\u0131 Trakya Haber<\/title>\n<meta name=\"robots\" content=\"index, follow, max-snippet:-1, max-image-preview:large, max-video-preview:-1\" \/>\n<link rel=\"canonical\" href=\"https:\/\/batitrakya.live\/index.php\/iskece-muftulugundeniskece-cami-ve-mescitleri-kitabi\/\" \/>\n<meta property=\"og:locale\" content=\"tr_TR\" \/>\n<meta property=\"og:type\" content=\"article\" \/>\n<meta property=\"og:title\" content=\"\u0130ske\u00e7e M\u00fcft\u00fcl\u00fc\u011f\u00fcnden\u201c\u0130ske\u00e7e Cami ve Mescitleri\u201d kitab\u0131...\" \/>\n<meta property=\"og:description\" content=\"\u0130ske\u00e7e M\u00fcft\u00fcl\u00fc\u011f\u00fc taraf\u0131ndan M\u00fcft\u00fc Ahmet Mete koordinat\u00f6rl\u011f\u00fcnde iki ciltten olu\u015fan eserin yay\u0131nland\u0131\u011f\u0131 duyuruldu. Metin yazarl\u0131\u011f\u0131n\u0131n Mustafa Trampa\u2019ya, redaksiyonun Emine H\u00fcseyin Palazl\u0131, foto\u011fraf ve dizayn\u0131n Ali Ferhat\u2019a ait oldu\u011fu belirtilen eserin kapak tasar\u0131m\u0131n\u0131 \u00dcmit Farzl\u0131\u2019n\u0131n yapt\u0131\u011f\u0131 bildirildi. Eserin birinci cildinde \u0130ske\u00e7e Merkez, Yaka ve Ova b\u00f6lgelerindeki eserler ele al\u0131n\u0131rken, ikinci ciltte ise Balkan kolunda bulunan cami &hellip;\" \/>\n<meta property=\"og:url\" content=\"https:\/\/batitrakya.live\/index.php\/iskece-muftulugundeniskece-cami-ve-mescitleri-kitabi\/\" \/>\n<meta property=\"og:site_name\" content=\"Bat\u0131 Trakya Haber\" \/>\n<meta property=\"article:published_time\" content=\"2022-05-13T17:10:25+00:00\" \/>\n<meta property=\"og:image\" content=\"https:\/\/batitrakya.live\/wp-content\/uploads\/2022\/05\/iskece_kitap.jpg\" \/>\n\t<meta property=\"og:image:width\" content=\"720\" \/>\n\t<meta property=\"og:image:height\" content=\"348\" \/>\n\t<meta property=\"og:image:type\" content=\"image\/jpeg\" \/>\n<meta name=\"author\" content=\"tamer\" \/>\n<meta name=\"twitter:card\" content=\"summary_large_image\" \/>\n<meta name=\"twitter:label1\" content=\"Yazan:\" \/>\n\t<meta name=\"twitter:data1\" content=\"tamer\" \/>\n\t<meta name=\"twitter:label2\" content=\"Tahmini okuma s\u00fcresi\" \/>\n\t<meta name=\"twitter:data2\" content=\"3 dakika\" \/>\n<script type=\"application\/ld+json\" class=\"yoast-schema-graph\">{\"@context\":\"https:\\\/\\\/schema.org\",\"@graph\":[{\"@type\":\"Article\",\"@id\":\"https:\\\/\\\/batitrakya.live\\\/index.php\\\/iskece-muftulugundeniskece-cami-ve-mescitleri-kitabi\\\/#article\",\"isPartOf\":{\"@id\":\"https:\\\/\\\/batitrakya.live\\\/index.php\\\/iskece-muftulugundeniskece-cami-ve-mescitleri-kitabi\\\/\"},\"author\":{\"name\":\"tamer\",\"@id\":\"https:\\\/\\\/batitrakya.live\\\/#\\\/schema\\\/person\\\/61b86abbc19e5fa0bbc3059670546fe5\"},\"headline\":\"\u0130ske\u00e7e M\u00fcft\u00fcl\u00fc\u011f\u00fcnden\u201c\u0130ske\u00e7e Cami ve Mescitleri\u201d kitab\u0131&#8230;\",\"datePublished\":\"2022-05-13T17:10:25+00:00\",\"mainEntityOfPage\":{\"@id\":\"https:\\\/\\\/batitrakya.live\\\/index.php\\\/iskece-muftulugundeniskece-cami-ve-mescitleri-kitabi\\\/\"},\"wordCount\":560,\"commentCount\":0,\"image\":{\"@id\":\"https:\\\/\\\/batitrakya.live\\\/index.php\\\/iskece-muftulugundeniskece-cami-ve-mescitleri-kitabi\\\/#primaryimage\"},\"thumbnailUrl\":\"https:\\\/\\\/batitrakya.live\\\/wp-content\\\/uploads\\\/2022\\\/05\\\/iskece_kitap.jpg\",\"keywords\":[\"\u0130ske\u00e7e\",\"Kitap\",\"M\u00fcft\u00fc\"],\"articleSection\":[\"Bat\u0131 Trakyam Haber\"],\"inLanguage\":\"tr\",\"potentialAction\":[{\"@type\":\"CommentAction\",\"name\":\"Comment\",\"target\":[\"https:\\\/\\\/batitrakya.live\\\/index.php\\\/iskece-muftulugundeniskece-cami-ve-mescitleri-kitabi\\\/#respond\"]}],\"copyrightYear\":\"2022\",\"copyrightHolder\":{\"@id\":\"https:\\\/\\\/batitrakya.live\\\/#organization\"}},{\"@type\":\"WebPage\",\"@id\":\"https:\\\/\\\/batitrakya.live\\\/index.php\\\/iskece-muftulugundeniskece-cami-ve-mescitleri-kitabi\\\/\",\"url\":\"https:\\\/\\\/batitrakya.live\\\/index.php\\\/iskece-muftulugundeniskece-cami-ve-mescitleri-kitabi\\\/\",\"name\":\"\u0130ske\u00e7e M\u00fcft\u00fcl\u00fc\u011f\u00fcnden\u201c\u0130ske\u00e7e Cami ve Mescitleri\u201d kitab\u0131... - Bat\u0131 Trakya Haber\",\"isPartOf\":{\"@id\":\"https:\\\/\\\/batitrakya.live\\\/#website\"},\"primaryImageOfPage\":{\"@id\":\"https:\\\/\\\/batitrakya.live\\\/index.php\\\/iskece-muftulugundeniskece-cami-ve-mescitleri-kitabi\\\/#primaryimage\"},\"image\":{\"@id\":\"https:\\\/\\\/batitrakya.live\\\/index.php\\\/iskece-muftulugundeniskece-cami-ve-mescitleri-kitabi\\\/#primaryimage\"},\"thumbnailUrl\":\"https:\\\/\\\/batitrakya.live\\\/wp-content\\\/uploads\\\/2022\\\/05\\\/iskece_kitap.jpg\",\"datePublished\":\"2022-05-13T17:10:25+00:00\",\"author\":{\"@id\":\"https:\\\/\\\/batitrakya.live\\\/#\\\/schema\\\/person\\\/61b86abbc19e5fa0bbc3059670546fe5\"},\"breadcrumb\":{\"@id\":\"https:\\\/\\\/batitrakya.live\\\/index.php\\\/iskece-muftulugundeniskece-cami-ve-mescitleri-kitabi\\\/#breadcrumb\"},\"inLanguage\":\"tr\",\"potentialAction\":[{\"@type\":\"ReadAction\",\"target\":[\"https:\\\/\\\/batitrakya.live\\\/index.php\\\/iskece-muftulugundeniskece-cami-ve-mescitleri-kitabi\\\/\"]}]},{\"@type\":\"ImageObject\",\"inLanguage\":\"tr\",\"@id\":\"https:\\\/\\\/batitrakya.live\\\/index.php\\\/iskece-muftulugundeniskece-cami-ve-mescitleri-kitabi\\\/#primaryimage\",\"url\":\"https:\\\/\\\/batitrakya.live\\\/wp-content\\\/uploads\\\/2022\\\/05\\\/iskece_kitap.jpg\",\"contentUrl\":\"https:\\\/\\\/batitrakya.live\\\/wp-content\\\/uploads\\\/2022\\\/05\\\/iskece_kitap.jpg\",\"width\":720,\"height\":348},{\"@type\":\"BreadcrumbList\",\"@id\":\"https:\\\/\\\/batitrakya.live\\\/index.php\\\/iskece-muftulugundeniskece-cami-ve-mescitleri-kitabi\\\/#breadcrumb\",\"itemListElement\":[{\"@type\":\"ListItem\",\"position\":1,\"name\":\"Anasayfa\",\"item\":\"https:\\\/\\\/batitrakya.live\\\/\"},{\"@type\":\"ListItem\",\"position\":2,\"name\":\"\u0130ske\u00e7e M\u00fcft\u00fcl\u00fc\u011f\u00fcnden\u201c\u0130ske\u00e7e Cami ve Mescitleri\u201d kitab\u0131&#8230;\"}]},{\"@type\":\"WebSite\",\"@id\":\"https:\\\/\\\/batitrakya.live\\\/#website\",\"url\":\"https:\\\/\\\/batitrakya.live\\\/\",\"name\":\"Bat\u0131 Trakya Haber\",\"description\":\"Bat\u0131 Trakyan\u0131n internetteki sesi..\",\"potentialAction\":[{\"@type\":\"SearchAction\",\"target\":{\"@type\":\"EntryPoint\",\"urlTemplate\":\"https:\\\/\\\/batitrakya.live\\\/?s={search_term_string}\"},\"query-input\":{\"@type\":\"PropertyValueSpecification\",\"valueRequired\":true,\"valueName\":\"search_term_string\"}}],\"inLanguage\":\"tr\"},{\"@type\":\"Person\",\"@id\":\"https:\\\/\\\/batitrakya.live\\\/#\\\/schema\\\/person\\\/61b86abbc19e5fa0bbc3059670546fe5\",\"name\":\"tamer\",\"image\":{\"@type\":\"ImageObject\",\"inLanguage\":\"tr\",\"@id\":\"https:\\\/\\\/secure.gravatar.com\\\/avatar\\\/60b0ff14c4376999cea9565d28b91fc61ff0f727c28cd083506a6d83ad6df9c9?s=96&d=mm&r=g\",\"url\":\"https:\\\/\\\/secure.gravatar.com\\\/avatar\\\/60b0ff14c4376999cea9565d28b91fc61ff0f727c28cd083506a6d83ad6df9c9?s=96&d=mm&r=g\",\"contentUrl\":\"https:\\\/\\\/secure.gravatar.com\\\/avatar\\\/60b0ff14c4376999cea9565d28b91fc61ff0f727c28cd083506a6d83ad6df9c9?s=96&d=mm&r=g\",\"caption\":\"tamer\"},\"sameAs\":[\"https:\\\/\\\/batitrakya.live\"],\"url\":\"https:\\\/\\\/batitrakya.live\\\/index.php\\\/author\\\/tamer\\\/\"}]}<\/script>\n<!-- \/ Yoast SEO Premium plugin. -->","yoast_head_json":{"title":"\u0130ske\u00e7e M\u00fcft\u00fcl\u00fc\u011f\u00fcnden\u201c\u0130ske\u00e7e Cami ve Mescitleri\u201d kitab\u0131... - Bat\u0131 Trakya Haber","robots":{"index":"index","follow":"follow","max-snippet":"max-snippet:-1","max-image-preview":"max-image-preview:large","max-video-preview":"max-video-preview:-1"},"canonical":"https:\/\/batitrakya.live\/index.php\/iskece-muftulugundeniskece-cami-ve-mescitleri-kitabi\/","og_locale":"tr_TR","og_type":"article","og_title":"\u0130ske\u00e7e M\u00fcft\u00fcl\u00fc\u011f\u00fcnden\u201c\u0130ske\u00e7e Cami ve Mescitleri\u201d kitab\u0131...","og_description":"\u0130ske\u00e7e M\u00fcft\u00fcl\u00fc\u011f\u00fc taraf\u0131ndan M\u00fcft\u00fc Ahmet Mete koordinat\u00f6rl\u011f\u00fcnde iki ciltten olu\u015fan eserin yay\u0131nland\u0131\u011f\u0131 duyuruldu. Metin yazarl\u0131\u011f\u0131n\u0131n Mustafa Trampa\u2019ya, redaksiyonun Emine H\u00fcseyin Palazl\u0131, foto\u011fraf ve dizayn\u0131n Ali Ferhat\u2019a ait oldu\u011fu belirtilen eserin kapak tasar\u0131m\u0131n\u0131 \u00dcmit Farzl\u0131\u2019n\u0131n yapt\u0131\u011f\u0131 bildirildi. Eserin birinci cildinde \u0130ske\u00e7e Merkez, Yaka ve Ova b\u00f6lgelerindeki eserler ele al\u0131n\u0131rken, ikinci ciltte ise Balkan kolunda bulunan cami &hellip;","og_url":"https:\/\/batitrakya.live\/index.php\/iskece-muftulugundeniskece-cami-ve-mescitleri-kitabi\/","og_site_name":"Bat\u0131 Trakya Haber","article_published_time":"2022-05-13T17:10:25+00:00","og_image":[{"width":720,"height":348,"url":"https:\/\/batitrakya.live\/wp-content\/uploads\/2022\/05\/iskece_kitap.jpg","type":"image\/jpeg"}],"author":"tamer","twitter_card":"summary_large_image","twitter_misc":{"Yazan:":"tamer","Tahmini okuma s\u00fcresi":"3 dakika"},"schema":{"@context":"https:\/\/schema.org","@graph":[{"@type":"Article","@id":"https:\/\/batitrakya.live\/index.php\/iskece-muftulugundeniskece-cami-ve-mescitleri-kitabi\/#article","isPartOf":{"@id":"https:\/\/batitrakya.live\/index.php\/iskece-muftulugundeniskece-cami-ve-mescitleri-kitabi\/"},"author":{"name":"tamer","@id":"https:\/\/batitrakya.live\/#\/schema\/person\/61b86abbc19e5fa0bbc3059670546fe5"},"headline":"\u0130ske\u00e7e M\u00fcft\u00fcl\u00fc\u011f\u00fcnden\u201c\u0130ske\u00e7e Cami ve Mescitleri\u201d kitab\u0131&#8230;","datePublished":"2022-05-13T17:10:25+00:00","mainEntityOfPage":{"@id":"https:\/\/batitrakya.live\/index.php\/iskece-muftulugundeniskece-cami-ve-mescitleri-kitabi\/"},"wordCount":560,"commentCount":0,"image":{"@id":"https:\/\/batitrakya.live\/index.php\/iskece-muftulugundeniskece-cami-ve-mescitleri-kitabi\/#primaryimage"},"thumbnailUrl":"https:\/\/batitrakya.live\/wp-content\/uploads\/2022\/05\/iskece_kitap.jpg","keywords":["\u0130ske\u00e7e","Kitap","M\u00fcft\u00fc"],"articleSection":["Bat\u0131 Trakyam Haber"],"inLanguage":"tr","potentialAction":[{"@type":"CommentAction","name":"Comment","target":["https:\/\/batitrakya.live\/index.php\/iskece-muftulugundeniskece-cami-ve-mescitleri-kitabi\/#respond"]}],"copyrightYear":"2022","copyrightHolder":{"@id":"https:\/\/batitrakya.live\/#organization"}},{"@type":"WebPage","@id":"https:\/\/batitrakya.live\/index.php\/iskece-muftulugundeniskece-cami-ve-mescitleri-kitabi\/","url":"https:\/\/batitrakya.live\/index.php\/iskece-muftulugundeniskece-cami-ve-mescitleri-kitabi\/","name":"\u0130ske\u00e7e M\u00fcft\u00fcl\u00fc\u011f\u00fcnden\u201c\u0130ske\u00e7e Cami ve Mescitleri\u201d kitab\u0131... - Bat\u0131 Trakya Haber","isPartOf":{"@id":"https:\/\/batitrakya.live\/#website"},"primaryImageOfPage":{"@id":"https:\/\/batitrakya.live\/index.php\/iskece-muftulugundeniskece-cami-ve-mescitleri-kitabi\/#primaryimage"},"image":{"@id":"https:\/\/batitrakya.live\/index.php\/iskece-muftulugundeniskece-cami-ve-mescitleri-kitabi\/#primaryimage"},"thumbnailUrl":"https:\/\/batitrakya.live\/wp-content\/uploads\/2022\/05\/iskece_kitap.jpg","datePublished":"2022-05-13T17:10:25+00:00","author":{"@id":"https:\/\/batitrakya.live\/#\/schema\/person\/61b86abbc19e5fa0bbc3059670546fe5"},"breadcrumb":{"@id":"https:\/\/batitrakya.live\/index.php\/iskece-muftulugundeniskece-cami-ve-mescitleri-kitabi\/#breadcrumb"},"inLanguage":"tr","potentialAction":[{"@type":"ReadAction","target":["https:\/\/batitrakya.live\/index.php\/iskece-muftulugundeniskece-cami-ve-mescitleri-kitabi\/"]}]},{"@type":"ImageObject","inLanguage":"tr","@id":"https:\/\/batitrakya.live\/index.php\/iskece-muftulugundeniskece-cami-ve-mescitleri-kitabi\/#primaryimage","url":"https:\/\/batitrakya.live\/wp-content\/uploads\/2022\/05\/iskece_kitap.jpg","contentUrl":"https:\/\/batitrakya.live\/wp-content\/uploads\/2022\/05\/iskece_kitap.jpg","width":720,"height":348},{"@type":"BreadcrumbList","@id":"https:\/\/batitrakya.live\/index.php\/iskece-muftulugundeniskece-cami-ve-mescitleri-kitabi\/#breadcrumb","itemListElement":[{"@type":"ListItem","position":1,"name":"Anasayfa","item":"https:\/\/batitrakya.live\/"},{"@type":"ListItem","position":2,"name":"\u0130ske\u00e7e M\u00fcft\u00fcl\u00fc\u011f\u00fcnden\u201c\u0130ske\u00e7e Cami ve Mescitleri\u201d kitab\u0131&#8230;"}]},{"@type":"WebSite","@id":"https:\/\/batitrakya.live\/#website","url":"https:\/\/batitrakya.live\/","name":"Bat\u0131 Trakya Haber","description":"Bat\u0131 Trakyan\u0131n internetteki sesi..","potentialAction":[{"@type":"SearchAction","target":{"@type":"EntryPoint","urlTemplate":"https:\/\/batitrakya.live\/?s={search_term_string}"},"query-input":{"@type":"PropertyValueSpecification","valueRequired":true,"valueName":"search_term_string"}}],"inLanguage":"tr"},{"@type":"Person","@id":"https:\/\/batitrakya.live\/#\/schema\/person\/61b86abbc19e5fa0bbc3059670546fe5","name":"tamer","image":{"@type":"ImageObject","inLanguage":"tr","@id":"https:\/\/secure.gravatar.com\/avatar\/60b0ff14c4376999cea9565d28b91fc61ff0f727c28cd083506a6d83ad6df9c9?s=96&d=mm&r=g","url":"https:\/\/secure.gravatar.com\/avatar\/60b0ff14c4376999cea9565d28b91fc61ff0f727c28cd083506a6d83ad6df9c9?s=96&d=mm&r=g","contentUrl":"https:\/\/secure.gravatar.com\/avatar\/60b0ff14c4376999cea9565d28b91fc61ff0f727c28cd083506a6d83ad6df9c9?s=96&d=mm&r=g","caption":"tamer"},"sameAs":["https:\/\/batitrakya.live"],"url":"https:\/\/batitrakya.live\/index.php\/author\/tamer\/"}]}},"_links":{"self":[{"href":"https:\/\/batitrakya.live\/index.php\/wp-json\/wp\/v2\/posts\/40638","targetHints":{"allow":["GET"]}}],"collection":[{"href":"https:\/\/batitrakya.live\/index.php\/wp-json\/wp\/v2\/posts"}],"about":[{"href":"https:\/\/batitrakya.live\/index.php\/wp-json\/wp\/v2\/types\/post"}],"author":[{"embeddable":true,"href":"https:\/\/batitrakya.live\/index.php\/wp-json\/wp\/v2\/users\/1"}],"replies":[{"embeddable":true,"href":"https:\/\/batitrakya.live\/index.php\/wp-json\/wp\/v2\/comments?post=40638"}],"version-history":[{"count":0,"href":"https:\/\/batitrakya.live\/index.php\/wp-json\/wp\/v2\/posts\/40638\/revisions"}],"wp:featuredmedia":[{"embeddable":true,"href":"https:\/\/batitrakya.live\/index.php\/wp-json\/wp\/v2\/media\/40640"}],"wp:attachment":[{"href":"https:\/\/batitrakya.live\/index.php\/wp-json\/wp\/v2\/media?parent=40638"}],"wp:term":[{"taxonomy":"category","embeddable":true,"href":"https:\/\/batitrakya.live\/index.php\/wp-json\/wp\/v2\/categories?post=40638"},{"taxonomy":"post_tag","embeddable":true,"href":"https:\/\/batitrakya.live\/index.php\/wp-json\/wp\/v2\/tags?post=40638"}],"curies":[{"name":"wp","href":"https:\/\/api.w.org\/{rel}","templated":true}]}}