{"id":39471,"date":"2022-01-29T23:12:24","date_gmt":"2022-01-29T20:12:24","guid":{"rendered":"https:\/\/batitrakya.live\/?p=39471"},"modified":"2022-01-29T23:12:24","modified_gmt":"2022-01-29T20:12:24","slug":"29-ocaklari-anmak-icin-cevrim-ici-etkinlik-duzenledi","status":"publish","type":"post","link":"https:\/\/batitrakya.live\/index.php\/29-ocaklari-anmak-icin-cevrim-ici-etkinlik-duzenledi\/","title":{"rendered":"29 Ocaklar\u0131 anmak i\u00e7in \u00e7evrim i\u00e7i etkinlik d\u00fczenledi&#8230;"},"content":{"rendered":"<p>Bat\u0131 Trakya T\u00fcrk Az\u0131nl\u0131\u011f\u0131 Dan\u0131\u015fma Kurulu (BTTADK), 29 Ocaklar\u0131 anmak i\u00e7in \u00e7evrim i\u00e7i etkinlik d\u00fczenledi.<\/p>\n<p>29 Ocaklarda ya\u015fananlar\u0131n konu\u015fuldu\u011fu video sosyal medya hesaplar\u0131ndan payla\u015f\u0131ld\u0131.<\/p>\n<p>Bat\u0131 Trakya K\u00fclt\u00fcr ve E\u011fitim \u015eirketi Genel M\u00fcd\u00fcr\u00fc Pervin Hayrullah\u2019\u0131n moderat\u00f6rl\u00fc\u011f\u00fcn\u00fc yapt\u0131\u011f\u0131 etkinlikte Bat\u0131 Trakya T\u00fcrk Az\u0131nl\u0131\u011f\u0131 Dan\u0131\u015fma Kurulu Ba\u015fkan\u0131 ve G\u00fcm\u00fclcine Se\u00e7ilmi\u015f M\u00fcft\u00fcs\u00fc \u0130brahim \u015eerif, \u00d6\u011fretmen \u2013 Yazar Tevfik H\u00fcseyino\u011flu, Sab\u0131k Milletvekili Galip Galip ile \u0130ske\u00e7e T\u00fcrk Birli\u011fi Ba\u015fkan\u0131 Gazeteci Ozan Ahmeto\u011flu konu\u015fmac\u0131 olarak yer ald\u0131lar.<\/p>\n","protected":false},"excerpt":{"rendered":"<p>Bat\u0131 Trakya T\u00fcrk Az\u0131nl\u0131\u011f\u0131 Dan\u0131\u015fma Kurulu (BTTADK), 29 Ocaklar\u0131 anmak i\u00e7in \u00e7evrim i\u00e7i etkinlik d\u00fczenledi. 29 Ocaklarda ya\u015fananlar\u0131n konu\u015fuldu\u011fu video sosyal medya hesaplar\u0131ndan payla\u015f\u0131ld\u0131. Bat\u0131 Trakya K\u00fclt\u00fcr ve E\u011fitim \u015eirketi Genel M\u00fcd\u00fcr\u00fc Pervin Hayrullah\u2019\u0131n moderat\u00f6rl\u00fc\u011f\u00fcn\u00fc yapt\u0131\u011f\u0131 etkinlikte Bat\u0131 Trakya T\u00fcrk Az\u0131nl\u0131\u011f\u0131 Dan\u0131\u015fma Kurulu Ba\u015fkan\u0131 ve G\u00fcm\u00fclcine Se\u00e7ilmi\u015f M\u00fcft\u00fcs\u00fc \u0130brahim \u015eerif, \u00d6\u011fretmen \u2013 Yazar Tevfik H\u00fcseyino\u011flu, &hellip;<\/p>\n","protected":false},"author":1,"featured_media":39474,"comment_status":"open","ping_status":"open","sticky":false,"template":"","format":"standard","meta":{"footnotes":""},"categories":[24,66],"tags":[200,187],"class_list":["post-39471","post","type-post","status-publish","format-standard","has-post-thumbnail","hentry","category-bati-trakyam-haber","category-video-haber","tag-29-ocak","tag-bttadk"],"yoast_head":"<!-- This site is optimized with the Yoast SEO Premium plugin v26.3 (Yoast SEO v27.3) - https:\/\/yoast.com\/product\/yoast-seo-premium-wordpress\/ -->\n<title>29 Ocaklar\u0131 anmak i\u00e7in \u00e7evrim i\u00e7i etkinlik d\u00fczenledi... - Bat\u0131 Trakya Haber<\/title>\n<meta name=\"robots\" content=\"index, follow, max-snippet:-1, max-image-preview:large, max-video-preview:-1\" \/>\n<link rel=\"canonical\" href=\"https:\/\/batitrakya.live\/index.php\/29-ocaklari-anmak-icin-cevrim-ici-etkinlik-duzenledi\/\" \/>\n<meta property=\"og:locale\" content=\"tr_TR\" \/>\n<meta property=\"og:type\" content=\"article\" \/>\n<meta property=\"og:title\" content=\"29 Ocaklar\u0131 anmak i\u00e7in \u00e7evrim i\u00e7i etkinlik d\u00fczenledi...\" \/>\n<meta property=\"og:description\" content=\"Bat\u0131 Trakya T\u00fcrk Az\u0131nl\u0131\u011f\u0131 Dan\u0131\u015fma Kurulu (BTTADK), 29 Ocaklar\u0131 anmak i\u00e7in \u00e7evrim i\u00e7i etkinlik d\u00fczenledi. 29 Ocaklarda ya\u015fananlar\u0131n konu\u015fuldu\u011fu video sosyal medya hesaplar\u0131ndan payla\u015f\u0131ld\u0131. Bat\u0131 Trakya K\u00fclt\u00fcr ve E\u011fitim \u015eirketi Genel M\u00fcd\u00fcr\u00fc Pervin Hayrullah\u2019\u0131n moderat\u00f6rl\u00fc\u011f\u00fcn\u00fc yapt\u0131\u011f\u0131 etkinlikte Bat\u0131 Trakya T\u00fcrk Az\u0131nl\u0131\u011f\u0131 Dan\u0131\u015fma Kurulu Ba\u015fkan\u0131 ve G\u00fcm\u00fclcine Se\u00e7ilmi\u015f M\u00fcft\u00fcs\u00fc \u0130brahim \u015eerif, \u00d6\u011fretmen \u2013 Yazar Tevfik H\u00fcseyino\u011flu, &hellip;\" \/>\n<meta property=\"og:url\" content=\"https:\/\/batitrakya.live\/index.php\/29-ocaklari-anmak-icin-cevrim-ici-etkinlik-duzenledi\/\" \/>\n<meta property=\"og:site_name\" content=\"Bat\u0131 Trakya Haber\" \/>\n<meta property=\"article:published_time\" content=\"2022-01-29T20:12:24+00:00\" \/>\n<meta property=\"og:image\" content=\"https:\/\/batitrakya.live\/wp-content\/uploads\/2022\/01\/29ocak_konusu.jpg\" \/>\n\t<meta property=\"og:image:width\" content=\"720\" \/>\n\t<meta property=\"og:image:height\" content=\"348\" \/>\n\t<meta property=\"og:image:type\" content=\"image\/jpeg\" \/>\n<meta name=\"author\" content=\"tamer\" \/>\n<meta name=\"twitter:card\" content=\"summary_large_image\" \/>\n<meta name=\"twitter:label1\" content=\"Yazan:\" \/>\n\t<meta name=\"twitter:data1\" content=\"tamer\" \/>\n\t<meta name=\"twitter:label2\" content=\"Tahmini okuma s\u00fcresi\" \/>\n\t<meta name=\"twitter:data2\" content=\"1 dakika\" \/>\n<script type=\"application\/ld+json\" class=\"yoast-schema-graph\">{\"@context\":\"https:\\\/\\\/schema.org\",\"@graph\":[{\"@type\":\"Article\",\"@id\":\"https:\\\/\\\/batitrakya.live\\\/index.php\\\/29-ocaklari-anmak-icin-cevrim-ici-etkinlik-duzenledi\\\/#article\",\"isPartOf\":{\"@id\":\"https:\\\/\\\/batitrakya.live\\\/index.php\\\/29-ocaklari-anmak-icin-cevrim-ici-etkinlik-duzenledi\\\/\"},\"author\":{\"name\":\"tamer\",\"@id\":\"https:\\\/\\\/batitrakya.live\\\/#\\\/schema\\\/person\\\/61b86abbc19e5fa0bbc3059670546fe5\"},\"headline\":\"29 Ocaklar\u0131 anmak i\u00e7in \u00e7evrim i\u00e7i etkinlik d\u00fczenledi&#8230;\",\"datePublished\":\"2022-01-29T20:12:24+00:00\",\"mainEntityOfPage\":{\"@id\":\"https:\\\/\\\/batitrakya.live\\\/index.php\\\/29-ocaklari-anmak-icin-cevrim-ici-etkinlik-duzenledi\\\/\"},\"wordCount\":117,\"commentCount\":0,\"image\":{\"@id\":\"https:\\\/\\\/batitrakya.live\\\/index.php\\\/29-ocaklari-anmak-icin-cevrim-ici-etkinlik-duzenledi\\\/#primaryimage\"},\"thumbnailUrl\":\"https:\\\/\\\/batitrakya.live\\\/wp-content\\\/uploads\\\/2022\\\/01\\\/29ocak_konusu.jpg\",\"keywords\":[\"29.Ocak\",\"BTTADK\"],\"articleSection\":[\"Bat\u0131 Trakyam Haber\",\"Video Haber\"],\"inLanguage\":\"tr\",\"potentialAction\":[{\"@type\":\"CommentAction\",\"name\":\"Comment\",\"target\":[\"https:\\\/\\\/batitrakya.live\\\/index.php\\\/29-ocaklari-anmak-icin-cevrim-ici-etkinlik-duzenledi\\\/#respond\"]}],\"copyrightYear\":\"2022\",\"copyrightHolder\":{\"@id\":\"https:\\\/\\\/batitrakya.live\\\/#organization\"}},{\"@type\":\"WebPage\",\"@id\":\"https:\\\/\\\/batitrakya.live\\\/index.php\\\/29-ocaklari-anmak-icin-cevrim-ici-etkinlik-duzenledi\\\/\",\"url\":\"https:\\\/\\\/batitrakya.live\\\/index.php\\\/29-ocaklari-anmak-icin-cevrim-ici-etkinlik-duzenledi\\\/\",\"name\":\"29 Ocaklar\u0131 anmak i\u00e7in \u00e7evrim i\u00e7i etkinlik d\u00fczenledi... - Bat\u0131 Trakya Haber\",\"isPartOf\":{\"@id\":\"https:\\\/\\\/batitrakya.live\\\/#website\"},\"primaryImageOfPage\":{\"@id\":\"https:\\\/\\\/batitrakya.live\\\/index.php\\\/29-ocaklari-anmak-icin-cevrim-ici-etkinlik-duzenledi\\\/#primaryimage\"},\"image\":{\"@id\":\"https:\\\/\\\/batitrakya.live\\\/index.php\\\/29-ocaklari-anmak-icin-cevrim-ici-etkinlik-duzenledi\\\/#primaryimage\"},\"thumbnailUrl\":\"https:\\\/\\\/batitrakya.live\\\/wp-content\\\/uploads\\\/2022\\\/01\\\/29ocak_konusu.jpg\",\"datePublished\":\"2022-01-29T20:12:24+00:00\",\"author\":{\"@id\":\"https:\\\/\\\/batitrakya.live\\\/#\\\/schema\\\/person\\\/61b86abbc19e5fa0bbc3059670546fe5\"},\"breadcrumb\":{\"@id\":\"https:\\\/\\\/batitrakya.live\\\/index.php\\\/29-ocaklari-anmak-icin-cevrim-ici-etkinlik-duzenledi\\\/#breadcrumb\"},\"inLanguage\":\"tr\",\"potentialAction\":[{\"@type\":\"ReadAction\",\"target\":[\"https:\\\/\\\/batitrakya.live\\\/index.php\\\/29-ocaklari-anmak-icin-cevrim-ici-etkinlik-duzenledi\\\/\"]}]},{\"@type\":\"ImageObject\",\"inLanguage\":\"tr\",\"@id\":\"https:\\\/\\\/batitrakya.live\\\/index.php\\\/29-ocaklari-anmak-icin-cevrim-ici-etkinlik-duzenledi\\\/#primaryimage\",\"url\":\"https:\\\/\\\/batitrakya.live\\\/wp-content\\\/uploads\\\/2022\\\/01\\\/29ocak_konusu.jpg\",\"contentUrl\":\"https:\\\/\\\/batitrakya.live\\\/wp-content\\\/uploads\\\/2022\\\/01\\\/29ocak_konusu.jpg\",\"width\":720,\"height\":348},{\"@type\":\"BreadcrumbList\",\"@id\":\"https:\\\/\\\/batitrakya.live\\\/index.php\\\/29-ocaklari-anmak-icin-cevrim-ici-etkinlik-duzenledi\\\/#breadcrumb\",\"itemListElement\":[{\"@type\":\"ListItem\",\"position\":1,\"name\":\"Anasayfa\",\"item\":\"https:\\\/\\\/batitrakya.live\\\/\"},{\"@type\":\"ListItem\",\"position\":2,\"name\":\"29 Ocaklar\u0131 anmak i\u00e7in \u00e7evrim i\u00e7i etkinlik d\u00fczenledi&#8230;\"}]},{\"@type\":\"WebSite\",\"@id\":\"https:\\\/\\\/batitrakya.live\\\/#website\",\"url\":\"https:\\\/\\\/batitrakya.live\\\/\",\"name\":\"Bat\u0131 Trakya Haber\",\"description\":\"Bat\u0131 Trakyan\u0131n internetteki sesi..\",\"potentialAction\":[{\"@type\":\"SearchAction\",\"target\":{\"@type\":\"EntryPoint\",\"urlTemplate\":\"https:\\\/\\\/batitrakya.live\\\/?s={search_term_string}\"},\"query-input\":{\"@type\":\"PropertyValueSpecification\",\"valueRequired\":true,\"valueName\":\"search_term_string\"}}],\"inLanguage\":\"tr\"},{\"@type\":\"Person\",\"@id\":\"https:\\\/\\\/batitrakya.live\\\/#\\\/schema\\\/person\\\/61b86abbc19e5fa0bbc3059670546fe5\",\"name\":\"tamer\",\"image\":{\"@type\":\"ImageObject\",\"inLanguage\":\"tr\",\"@id\":\"https:\\\/\\\/secure.gravatar.com\\\/avatar\\\/60b0ff14c4376999cea9565d28b91fc61ff0f727c28cd083506a6d83ad6df9c9?s=96&d=mm&r=g\",\"url\":\"https:\\\/\\\/secure.gravatar.com\\\/avatar\\\/60b0ff14c4376999cea9565d28b91fc61ff0f727c28cd083506a6d83ad6df9c9?s=96&d=mm&r=g\",\"contentUrl\":\"https:\\\/\\\/secure.gravatar.com\\\/avatar\\\/60b0ff14c4376999cea9565d28b91fc61ff0f727c28cd083506a6d83ad6df9c9?s=96&d=mm&r=g\",\"caption\":\"tamer\"},\"sameAs\":[\"https:\\\/\\\/batitrakya.live\"],\"url\":\"https:\\\/\\\/batitrakya.live\\\/index.php\\\/author\\\/tamer\\\/\"}]}<\/script>\n<!-- \/ Yoast SEO Premium plugin. -->","yoast_head_json":{"title":"29 Ocaklar\u0131 anmak i\u00e7in \u00e7evrim i\u00e7i etkinlik d\u00fczenledi... - Bat\u0131 Trakya Haber","robots":{"index":"index","follow":"follow","max-snippet":"max-snippet:-1","max-image-preview":"max-image-preview:large","max-video-preview":"max-video-preview:-1"},"canonical":"https:\/\/batitrakya.live\/index.php\/29-ocaklari-anmak-icin-cevrim-ici-etkinlik-duzenledi\/","og_locale":"tr_TR","og_type":"article","og_title":"29 Ocaklar\u0131 anmak i\u00e7in \u00e7evrim i\u00e7i etkinlik d\u00fczenledi...","og_description":"Bat\u0131 Trakya T\u00fcrk Az\u0131nl\u0131\u011f\u0131 Dan\u0131\u015fma Kurulu (BTTADK), 29 Ocaklar\u0131 anmak i\u00e7in \u00e7evrim i\u00e7i etkinlik d\u00fczenledi. 29 Ocaklarda ya\u015fananlar\u0131n konu\u015fuldu\u011fu video sosyal medya hesaplar\u0131ndan payla\u015f\u0131ld\u0131. Bat\u0131 Trakya K\u00fclt\u00fcr ve E\u011fitim \u015eirketi Genel M\u00fcd\u00fcr\u00fc Pervin Hayrullah\u2019\u0131n moderat\u00f6rl\u00fc\u011f\u00fcn\u00fc yapt\u0131\u011f\u0131 etkinlikte Bat\u0131 Trakya T\u00fcrk Az\u0131nl\u0131\u011f\u0131 Dan\u0131\u015fma Kurulu Ba\u015fkan\u0131 ve G\u00fcm\u00fclcine Se\u00e7ilmi\u015f M\u00fcft\u00fcs\u00fc \u0130brahim \u015eerif, \u00d6\u011fretmen \u2013 Yazar Tevfik H\u00fcseyino\u011flu, &hellip;","og_url":"https:\/\/batitrakya.live\/index.php\/29-ocaklari-anmak-icin-cevrim-ici-etkinlik-duzenledi\/","og_site_name":"Bat\u0131 Trakya Haber","article_published_time":"2022-01-29T20:12:24+00:00","og_image":[{"width":720,"height":348,"url":"https:\/\/batitrakya.live\/wp-content\/uploads\/2022\/01\/29ocak_konusu.jpg","type":"image\/jpeg"}],"author":"tamer","twitter_card":"summary_large_image","twitter_misc":{"Yazan:":"tamer","Tahmini okuma s\u00fcresi":"1 dakika"},"schema":{"@context":"https:\/\/schema.org","@graph":[{"@type":"Article","@id":"https:\/\/batitrakya.live\/index.php\/29-ocaklari-anmak-icin-cevrim-ici-etkinlik-duzenledi\/#article","isPartOf":{"@id":"https:\/\/batitrakya.live\/index.php\/29-ocaklari-anmak-icin-cevrim-ici-etkinlik-duzenledi\/"},"author":{"name":"tamer","@id":"https:\/\/batitrakya.live\/#\/schema\/person\/61b86abbc19e5fa0bbc3059670546fe5"},"headline":"29 Ocaklar\u0131 anmak i\u00e7in \u00e7evrim i\u00e7i etkinlik d\u00fczenledi&#8230;","datePublished":"2022-01-29T20:12:24+00:00","mainEntityOfPage":{"@id":"https:\/\/batitrakya.live\/index.php\/29-ocaklari-anmak-icin-cevrim-ici-etkinlik-duzenledi\/"},"wordCount":117,"commentCount":0,"image":{"@id":"https:\/\/batitrakya.live\/index.php\/29-ocaklari-anmak-icin-cevrim-ici-etkinlik-duzenledi\/#primaryimage"},"thumbnailUrl":"https:\/\/batitrakya.live\/wp-content\/uploads\/2022\/01\/29ocak_konusu.jpg","keywords":["29.Ocak","BTTADK"],"articleSection":["Bat\u0131 Trakyam Haber","Video Haber"],"inLanguage":"tr","potentialAction":[{"@type":"CommentAction","name":"Comment","target":["https:\/\/batitrakya.live\/index.php\/29-ocaklari-anmak-icin-cevrim-ici-etkinlik-duzenledi\/#respond"]}],"copyrightYear":"2022","copyrightHolder":{"@id":"https:\/\/batitrakya.live\/#organization"}},{"@type":"WebPage","@id":"https:\/\/batitrakya.live\/index.php\/29-ocaklari-anmak-icin-cevrim-ici-etkinlik-duzenledi\/","url":"https:\/\/batitrakya.live\/index.php\/29-ocaklari-anmak-icin-cevrim-ici-etkinlik-duzenledi\/","name":"29 Ocaklar\u0131 anmak i\u00e7in \u00e7evrim i\u00e7i etkinlik d\u00fczenledi... - Bat\u0131 Trakya Haber","isPartOf":{"@id":"https:\/\/batitrakya.live\/#website"},"primaryImageOfPage":{"@id":"https:\/\/batitrakya.live\/index.php\/29-ocaklari-anmak-icin-cevrim-ici-etkinlik-duzenledi\/#primaryimage"},"image":{"@id":"https:\/\/batitrakya.live\/index.php\/29-ocaklari-anmak-icin-cevrim-ici-etkinlik-duzenledi\/#primaryimage"},"thumbnailUrl":"https:\/\/batitrakya.live\/wp-content\/uploads\/2022\/01\/29ocak_konusu.jpg","datePublished":"2022-01-29T20:12:24+00:00","author":{"@id":"https:\/\/batitrakya.live\/#\/schema\/person\/61b86abbc19e5fa0bbc3059670546fe5"},"breadcrumb":{"@id":"https:\/\/batitrakya.live\/index.php\/29-ocaklari-anmak-icin-cevrim-ici-etkinlik-duzenledi\/#breadcrumb"},"inLanguage":"tr","potentialAction":[{"@type":"ReadAction","target":["https:\/\/batitrakya.live\/index.php\/29-ocaklari-anmak-icin-cevrim-ici-etkinlik-duzenledi\/"]}]},{"@type":"ImageObject","inLanguage":"tr","@id":"https:\/\/batitrakya.live\/index.php\/29-ocaklari-anmak-icin-cevrim-ici-etkinlik-duzenledi\/#primaryimage","url":"https:\/\/batitrakya.live\/wp-content\/uploads\/2022\/01\/29ocak_konusu.jpg","contentUrl":"https:\/\/batitrakya.live\/wp-content\/uploads\/2022\/01\/29ocak_konusu.jpg","width":720,"height":348},{"@type":"BreadcrumbList","@id":"https:\/\/batitrakya.live\/index.php\/29-ocaklari-anmak-icin-cevrim-ici-etkinlik-duzenledi\/#breadcrumb","itemListElement":[{"@type":"ListItem","position":1,"name":"Anasayfa","item":"https:\/\/batitrakya.live\/"},{"@type":"ListItem","position":2,"name":"29 Ocaklar\u0131 anmak i\u00e7in \u00e7evrim i\u00e7i etkinlik d\u00fczenledi&#8230;"}]},{"@type":"WebSite","@id":"https:\/\/batitrakya.live\/#website","url":"https:\/\/batitrakya.live\/","name":"Bat\u0131 Trakya Haber","description":"Bat\u0131 Trakyan\u0131n internetteki sesi..","potentialAction":[{"@type":"SearchAction","target":{"@type":"EntryPoint","urlTemplate":"https:\/\/batitrakya.live\/?s={search_term_string}"},"query-input":{"@type":"PropertyValueSpecification","valueRequired":true,"valueName":"search_term_string"}}],"inLanguage":"tr"},{"@type":"Person","@id":"https:\/\/batitrakya.live\/#\/schema\/person\/61b86abbc19e5fa0bbc3059670546fe5","name":"tamer","image":{"@type":"ImageObject","inLanguage":"tr","@id":"https:\/\/secure.gravatar.com\/avatar\/60b0ff14c4376999cea9565d28b91fc61ff0f727c28cd083506a6d83ad6df9c9?s=96&d=mm&r=g","url":"https:\/\/secure.gravatar.com\/avatar\/60b0ff14c4376999cea9565d28b91fc61ff0f727c28cd083506a6d83ad6df9c9?s=96&d=mm&r=g","contentUrl":"https:\/\/secure.gravatar.com\/avatar\/60b0ff14c4376999cea9565d28b91fc61ff0f727c28cd083506a6d83ad6df9c9?s=96&d=mm&r=g","caption":"tamer"},"sameAs":["https:\/\/batitrakya.live"],"url":"https:\/\/batitrakya.live\/index.php\/author\/tamer\/"}]}},"_links":{"self":[{"href":"https:\/\/batitrakya.live\/index.php\/wp-json\/wp\/v2\/posts\/39471","targetHints":{"allow":["GET"]}}],"collection":[{"href":"https:\/\/batitrakya.live\/index.php\/wp-json\/wp\/v2\/posts"}],"about":[{"href":"https:\/\/batitrakya.live\/index.php\/wp-json\/wp\/v2\/types\/post"}],"author":[{"embeddable":true,"href":"https:\/\/batitrakya.live\/index.php\/wp-json\/wp\/v2\/users\/1"}],"replies":[{"embeddable":true,"href":"https:\/\/batitrakya.live\/index.php\/wp-json\/wp\/v2\/comments?post=39471"}],"version-history":[{"count":0,"href":"https:\/\/batitrakya.live\/index.php\/wp-json\/wp\/v2\/posts\/39471\/revisions"}],"wp:featuredmedia":[{"embeddable":true,"href":"https:\/\/batitrakya.live\/index.php\/wp-json\/wp\/v2\/media\/39474"}],"wp:attachment":[{"href":"https:\/\/batitrakya.live\/index.php\/wp-json\/wp\/v2\/media?parent=39471"}],"wp:term":[{"taxonomy":"category","embeddable":true,"href":"https:\/\/batitrakya.live\/index.php\/wp-json\/wp\/v2\/categories?post=39471"},{"taxonomy":"post_tag","embeddable":true,"href":"https:\/\/batitrakya.live\/index.php\/wp-json\/wp\/v2\/tags?post=39471"}],"curies":[{"name":"wp","href":"https:\/\/api.w.org\/{rel}","templated":true}]}}