{"id":38755,"date":"2021-11-21T00:24:44","date_gmt":"2021-11-20T21:24:44","guid":{"rendered":"https:\/\/batitrakya.live\/?p=38755"},"modified":"2021-11-21T00:24:44","modified_gmt":"2021-11-20T21:24:44","slug":"ilhan-ahmet-pnomotoraks-akciger-sonmesi-gecirdi","status":"publish","type":"post","link":"https:\/\/batitrakya.live\/index.php\/ilhan-ahmet-pnomotoraks-akciger-sonmesi-gecirdi\/","title":{"rendered":"\u0130lhan Ahmet, pn\u00f6motoraks (akci\u011fer s\u00f6nmesi) ge\u00e7irdi&#8230;"},"content":{"rendered":"<p>Rahats\u0131zlanarak G\u00fcm\u00fclcine Devlet Hastanesi\u2019ne ba\u015fvuran K\u0130NAL Rodop Milletvekili \u0130lhan Ahmet\u2019e pn\u00f6motoraks tan\u0131s\u0131 kondu. Acilen ameliyata al\u0131nan \u0130lhan Ahmet\u2019in sa\u011fl\u0131k durumu iyi.<\/p>\n<p>\u0130lhan Ahmet sosyla medya hesab\u0131ndan yapt\u0131\u011f\u0131 a\u00e7\u0131klamada, rahats\u0131zl\u0131\u011f\u0131n\u0131 kamuoyu ile payla\u015ft\u0131. Yorgo Papandreu\u2019nun G\u00fcm\u00fclcine ziyaretinin tamamlanmas\u0131n\u0131n ard\u0131ndan ufak bir rahats\u0131zl\u0131k ge\u00e7irerek hastaneye ba\u015fvurdu\u011funu belirten \u0130lhan Ahmet, ge\u00e7irdi\u011fi operasyonun ard\u0131ndan sa\u011fl\u0131k durumunun iyi oldu\u011funu ve m\u00fc\u015fahede amac\u0131yla \u00fc\u00e7 g\u00fcn hastanede kalaca\u011f\u0131n\u0131 duyurdu.<\/p>\n<p>\u0130lhan Ahmet\u2019in sosyal medya hesab\u0131ndan yapt\u0131\u011f\u0131 a\u00e7\u0131klama \u015f\u00f6yle:<\/p>\n<p><em><strong>\u201cSevgili soyda\u015flar\u0131m,<\/strong><\/em><\/p>\n<p><em><strong>Bug\u00fcn \u00f6\u011fleden sonra, say\u0131n Yorgo Papandreu\u2019nun G\u00fcm\u00fclcine ziyaretinin tamamlanmas\u0131n\u0131n hemen ard\u0131ndan, ufak bir rahats\u0131zl\u0131k hissederek G\u00fcm\u00fclcine Devlet Hastanesi\u2019ne ba\u015fvurdum.<\/strong><\/em><\/p>\n<p><em><strong>Yap\u0131lan muayene sonucu otomatik pnevmotoraks te\u015fhisi konularak, an\u0131nda m\u00fcdahale edildi.<\/strong><\/em><\/p>\n<p><em><strong>De\u011ferli doktorlar\u0131m\u0131z\u0131n gayreti ile ba\u015far\u0131l\u0131 bir operasyon ge\u00e7irdim. \u015eu an sa\u011fl\u0131k durumum gayet iyi. \u00d6n\u00fcm\u00fczdeki \u00fc\u00e7 g\u00fcn boyunca m\u00fc\u015fahade alt\u0131nda hastanede kalmam \u00f6nerildi.<\/strong><\/em><\/p>\n<p><em><strong>Acil m\u00fcdahale ve tedavi s\u00fcrecinde yan\u0131mda olan G\u00fcm\u00fclcine hastanesinin de\u011ferli m\u00fcd\u00fcr\u00fcne, de\u011ferli doktor ve hem\u015firelerine, \u00fcst\u00fcn gayretlerinden dolay\u0131 te\u015fekk\u00fcr ediyorum.<\/strong><\/em><\/p>\n<p><em><strong>Ge\u00e7mi\u015f olsun mesajlar\u0131 ve iyi dileklerinizden dolay\u0131 t\u00fcm dostlar\u0131ma ve hem\u015fehrilerime \u015f\u00fckranlar\u0131m\u0131 sunuyorum.<\/strong><\/em><\/p>\n<p><em><strong>Bu vesileyle, pandemiyle birlikte i\u00e7inden ge\u00e7ti\u011fimiz bu zorlu d\u00f6nemde, Ulusal Sa\u011fl\u0131k Sistemi, toplumumuzun temelidir ve her ne pahas\u0131na olursa olsun, devlet bu sa\u011fl\u0131k sistemini korumakla y\u00fck\u00fcml\u00fcd\u00fcr.<\/strong><\/em><\/p>\n<p><em><strong>Bir kez daha hepinize destek mesajlar\u0131n\u0131z i\u00e7in sonsuz te\u015fekk\u00fcrlerimi sunuyorum. Sa\u011folun, varolun.\u201d<\/strong><\/em><\/p>\n","protected":false},"excerpt":{"rendered":"<p>Rahats\u0131zlanarak G\u00fcm\u00fclcine Devlet Hastanesi\u2019ne ba\u015fvuran K\u0130NAL Rodop Milletvekili \u0130lhan Ahmet\u2019e pn\u00f6motoraks tan\u0131s\u0131 kondu. Acilen ameliyata al\u0131nan \u0130lhan Ahmet\u2019in sa\u011fl\u0131k durumu iyi. \u0130lhan Ahmet sosyla medya hesab\u0131ndan yapt\u0131\u011f\u0131 a\u00e7\u0131klamada, rahats\u0131zl\u0131\u011f\u0131n\u0131 kamuoyu ile payla\u015ft\u0131. Yorgo Papandreu\u2019nun G\u00fcm\u00fclcine ziyaretinin tamamlanmas\u0131n\u0131n ard\u0131ndan ufak bir rahats\u0131zl\u0131k ge\u00e7irerek hastaneye ba\u015fvurdu\u011funu belirten \u0130lhan Ahmet, ge\u00e7irdi\u011fi operasyonun ard\u0131ndan sa\u011fl\u0131k durumunun iyi oldu\u011funu ve &hellip;<\/p>\n","protected":false},"author":1,"featured_media":29425,"comment_status":"open","ping_status":"open","sticky":false,"template":"","format":"standard","meta":{"footnotes":""},"categories":[24],"tags":[244,146],"class_list":["post-38755","post","type-post","status-publish","format-standard","has-post-thumbnail","hentry","category-bati-trakyam-haber","tag-ilhan-ahmet","tag-saglik"],"yoast_head":"<!-- This site is optimized with the Yoast SEO Premium plugin v26.3 (Yoast SEO v27.3) - https:\/\/yoast.com\/product\/yoast-seo-premium-wordpress\/ -->\n<title>\u0130lhan Ahmet, pn\u00f6motoraks (akci\u011fer s\u00f6nmesi) ge\u00e7irdi... - Bat\u0131 Trakya Haber<\/title>\n<meta name=\"robots\" content=\"index, follow, max-snippet:-1, max-image-preview:large, max-video-preview:-1\" \/>\n<link rel=\"canonical\" href=\"https:\/\/batitrakya.live\/index.php\/ilhan-ahmet-pnomotoraks-akciger-sonmesi-gecirdi\/\" \/>\n<meta property=\"og:locale\" content=\"tr_TR\" \/>\n<meta property=\"og:type\" content=\"article\" \/>\n<meta property=\"og:title\" content=\"\u0130lhan Ahmet, pn\u00f6motoraks (akci\u011fer s\u00f6nmesi) ge\u00e7irdi...\" \/>\n<meta property=\"og:description\" content=\"Rahats\u0131zlanarak G\u00fcm\u00fclcine Devlet Hastanesi\u2019ne ba\u015fvuran K\u0130NAL Rodop Milletvekili \u0130lhan Ahmet\u2019e pn\u00f6motoraks tan\u0131s\u0131 kondu. Acilen ameliyata al\u0131nan \u0130lhan Ahmet\u2019in sa\u011fl\u0131k durumu iyi. \u0130lhan Ahmet sosyla medya hesab\u0131ndan yapt\u0131\u011f\u0131 a\u00e7\u0131klamada, rahats\u0131zl\u0131\u011f\u0131n\u0131 kamuoyu ile payla\u015ft\u0131. Yorgo Papandreu\u2019nun G\u00fcm\u00fclcine ziyaretinin tamamlanmas\u0131n\u0131n ard\u0131ndan ufak bir rahats\u0131zl\u0131k ge\u00e7irerek hastaneye ba\u015fvurdu\u011funu belirten \u0130lhan Ahmet, ge\u00e7irdi\u011fi operasyonun ard\u0131ndan sa\u011fl\u0131k durumunun iyi oldu\u011funu ve &hellip;\" \/>\n<meta property=\"og:url\" content=\"https:\/\/batitrakya.live\/index.php\/ilhan-ahmet-pnomotoraks-akciger-sonmesi-gecirdi\/\" \/>\n<meta property=\"og:site_name\" content=\"Bat\u0131 Trakya Haber\" \/>\n<meta property=\"article:published_time\" content=\"2021-11-20T21:24:44+00:00\" \/>\n<meta property=\"og:image\" content=\"https:\/\/batitrakya.live\/wp-content\/uploads\/2020\/10\/ilhan_ahmet1.jpg\" \/>\n\t<meta property=\"og:image:width\" content=\"720\" \/>\n\t<meta property=\"og:image:height\" content=\"348\" \/>\n\t<meta property=\"og:image:type\" content=\"image\/jpeg\" \/>\n<meta name=\"author\" content=\"tamer\" \/>\n<meta name=\"twitter:card\" content=\"summary_large_image\" \/>\n<meta name=\"twitter:label1\" content=\"Yazan:\" \/>\n\t<meta name=\"twitter:data1\" content=\"tamer\" \/>\n\t<meta name=\"twitter:label2\" content=\"Tahmini okuma s\u00fcresi\" \/>\n\t<meta name=\"twitter:data2\" content=\"1 dakika\" \/>\n<script type=\"application\/ld+json\" class=\"yoast-schema-graph\">{\"@context\":\"https:\\\/\\\/schema.org\",\"@graph\":[{\"@type\":\"Article\",\"@id\":\"https:\\\/\\\/batitrakya.live\\\/index.php\\\/ilhan-ahmet-pnomotoraks-akciger-sonmesi-gecirdi\\\/#article\",\"isPartOf\":{\"@id\":\"https:\\\/\\\/batitrakya.live\\\/index.php\\\/ilhan-ahmet-pnomotoraks-akciger-sonmesi-gecirdi\\\/\"},\"author\":{\"name\":\"tamer\",\"@id\":\"https:\\\/\\\/batitrakya.live\\\/#\\\/schema\\\/person\\\/61b86abbc19e5fa0bbc3059670546fe5\"},\"headline\":\"\u0130lhan Ahmet, pn\u00f6motoraks (akci\u011fer s\u00f6nmesi) ge\u00e7irdi&#8230;\",\"datePublished\":\"2021-11-20T21:24:44+00:00\",\"mainEntityOfPage\":{\"@id\":\"https:\\\/\\\/batitrakya.live\\\/index.php\\\/ilhan-ahmet-pnomotoraks-akciger-sonmesi-gecirdi\\\/\"},\"wordCount\":317,\"commentCount\":0,\"image\":{\"@id\":\"https:\\\/\\\/batitrakya.live\\\/index.php\\\/ilhan-ahmet-pnomotoraks-akciger-sonmesi-gecirdi\\\/#primaryimage\"},\"thumbnailUrl\":\"https:\\\/\\\/batitrakya.live\\\/wp-content\\\/uploads\\\/2020\\\/10\\\/ilhan_ahmet1.jpg\",\"keywords\":[\"\u0130lhan Ahmet\",\"Sa\u011fl\u0131k\"],\"articleSection\":[\"Bat\u0131 Trakyam Haber\"],\"inLanguage\":\"tr\",\"potentialAction\":[{\"@type\":\"CommentAction\",\"name\":\"Comment\",\"target\":[\"https:\\\/\\\/batitrakya.live\\\/index.php\\\/ilhan-ahmet-pnomotoraks-akciger-sonmesi-gecirdi\\\/#respond\"]}],\"copyrightYear\":\"2021\",\"copyrightHolder\":{\"@id\":\"https:\\\/\\\/batitrakya.live\\\/#organization\"}},{\"@type\":\"WebPage\",\"@id\":\"https:\\\/\\\/batitrakya.live\\\/index.php\\\/ilhan-ahmet-pnomotoraks-akciger-sonmesi-gecirdi\\\/\",\"url\":\"https:\\\/\\\/batitrakya.live\\\/index.php\\\/ilhan-ahmet-pnomotoraks-akciger-sonmesi-gecirdi\\\/\",\"name\":\"\u0130lhan Ahmet, pn\u00f6motoraks (akci\u011fer s\u00f6nmesi) ge\u00e7irdi... - Bat\u0131 Trakya Haber\",\"isPartOf\":{\"@id\":\"https:\\\/\\\/batitrakya.live\\\/#website\"},\"primaryImageOfPage\":{\"@id\":\"https:\\\/\\\/batitrakya.live\\\/index.php\\\/ilhan-ahmet-pnomotoraks-akciger-sonmesi-gecirdi\\\/#primaryimage\"},\"image\":{\"@id\":\"https:\\\/\\\/batitrakya.live\\\/index.php\\\/ilhan-ahmet-pnomotoraks-akciger-sonmesi-gecirdi\\\/#primaryimage\"},\"thumbnailUrl\":\"https:\\\/\\\/batitrakya.live\\\/wp-content\\\/uploads\\\/2020\\\/10\\\/ilhan_ahmet1.jpg\",\"datePublished\":\"2021-11-20T21:24:44+00:00\",\"author\":{\"@id\":\"https:\\\/\\\/batitrakya.live\\\/#\\\/schema\\\/person\\\/61b86abbc19e5fa0bbc3059670546fe5\"},\"breadcrumb\":{\"@id\":\"https:\\\/\\\/batitrakya.live\\\/index.php\\\/ilhan-ahmet-pnomotoraks-akciger-sonmesi-gecirdi\\\/#breadcrumb\"},\"inLanguage\":\"tr\",\"potentialAction\":[{\"@type\":\"ReadAction\",\"target\":[\"https:\\\/\\\/batitrakya.live\\\/index.php\\\/ilhan-ahmet-pnomotoraks-akciger-sonmesi-gecirdi\\\/\"]}]},{\"@type\":\"ImageObject\",\"inLanguage\":\"tr\",\"@id\":\"https:\\\/\\\/batitrakya.live\\\/index.php\\\/ilhan-ahmet-pnomotoraks-akciger-sonmesi-gecirdi\\\/#primaryimage\",\"url\":\"https:\\\/\\\/batitrakya.live\\\/wp-content\\\/uploads\\\/2020\\\/10\\\/ilhan_ahmet1.jpg\",\"contentUrl\":\"https:\\\/\\\/batitrakya.live\\\/wp-content\\\/uploads\\\/2020\\\/10\\\/ilhan_ahmet1.jpg\",\"width\":720,\"height\":348},{\"@type\":\"BreadcrumbList\",\"@id\":\"https:\\\/\\\/batitrakya.live\\\/index.php\\\/ilhan-ahmet-pnomotoraks-akciger-sonmesi-gecirdi\\\/#breadcrumb\",\"itemListElement\":[{\"@type\":\"ListItem\",\"position\":1,\"name\":\"Anasayfa\",\"item\":\"https:\\\/\\\/batitrakya.live\\\/\"},{\"@type\":\"ListItem\",\"position\":2,\"name\":\"\u0130lhan Ahmet, pn\u00f6motoraks (akci\u011fer s\u00f6nmesi) ge\u00e7irdi&#8230;\"}]},{\"@type\":\"WebSite\",\"@id\":\"https:\\\/\\\/batitrakya.live\\\/#website\",\"url\":\"https:\\\/\\\/batitrakya.live\\\/\",\"name\":\"Bat\u0131 Trakya Haber\",\"description\":\"Bat\u0131 Trakyan\u0131n internetteki sesi..\",\"potentialAction\":[{\"@type\":\"SearchAction\",\"target\":{\"@type\":\"EntryPoint\",\"urlTemplate\":\"https:\\\/\\\/batitrakya.live\\\/?s={search_term_string}\"},\"query-input\":{\"@type\":\"PropertyValueSpecification\",\"valueRequired\":true,\"valueName\":\"search_term_string\"}}],\"inLanguage\":\"tr\"},{\"@type\":\"Person\",\"@id\":\"https:\\\/\\\/batitrakya.live\\\/#\\\/schema\\\/person\\\/61b86abbc19e5fa0bbc3059670546fe5\",\"name\":\"tamer\",\"image\":{\"@type\":\"ImageObject\",\"inLanguage\":\"tr\",\"@id\":\"https:\\\/\\\/secure.gravatar.com\\\/avatar\\\/60b0ff14c4376999cea9565d28b91fc61ff0f727c28cd083506a6d83ad6df9c9?s=96&d=mm&r=g\",\"url\":\"https:\\\/\\\/secure.gravatar.com\\\/avatar\\\/60b0ff14c4376999cea9565d28b91fc61ff0f727c28cd083506a6d83ad6df9c9?s=96&d=mm&r=g\",\"contentUrl\":\"https:\\\/\\\/secure.gravatar.com\\\/avatar\\\/60b0ff14c4376999cea9565d28b91fc61ff0f727c28cd083506a6d83ad6df9c9?s=96&d=mm&r=g\",\"caption\":\"tamer\"},\"sameAs\":[\"https:\\\/\\\/batitrakya.live\"],\"url\":\"https:\\\/\\\/batitrakya.live\\\/index.php\\\/author\\\/tamer\\\/\"}]}<\/script>\n<!-- \/ Yoast SEO Premium plugin. -->","yoast_head_json":{"title":"\u0130lhan Ahmet, pn\u00f6motoraks (akci\u011fer s\u00f6nmesi) ge\u00e7irdi... - Bat\u0131 Trakya Haber","robots":{"index":"index","follow":"follow","max-snippet":"max-snippet:-1","max-image-preview":"max-image-preview:large","max-video-preview":"max-video-preview:-1"},"canonical":"https:\/\/batitrakya.live\/index.php\/ilhan-ahmet-pnomotoraks-akciger-sonmesi-gecirdi\/","og_locale":"tr_TR","og_type":"article","og_title":"\u0130lhan Ahmet, pn\u00f6motoraks (akci\u011fer s\u00f6nmesi) ge\u00e7irdi...","og_description":"Rahats\u0131zlanarak G\u00fcm\u00fclcine Devlet Hastanesi\u2019ne ba\u015fvuran K\u0130NAL Rodop Milletvekili \u0130lhan Ahmet\u2019e pn\u00f6motoraks tan\u0131s\u0131 kondu. Acilen ameliyata al\u0131nan \u0130lhan Ahmet\u2019in sa\u011fl\u0131k durumu iyi. \u0130lhan Ahmet sosyla medya hesab\u0131ndan yapt\u0131\u011f\u0131 a\u00e7\u0131klamada, rahats\u0131zl\u0131\u011f\u0131n\u0131 kamuoyu ile payla\u015ft\u0131. Yorgo Papandreu\u2019nun G\u00fcm\u00fclcine ziyaretinin tamamlanmas\u0131n\u0131n ard\u0131ndan ufak bir rahats\u0131zl\u0131k ge\u00e7irerek hastaneye ba\u015fvurdu\u011funu belirten \u0130lhan Ahmet, ge\u00e7irdi\u011fi operasyonun ard\u0131ndan sa\u011fl\u0131k durumunun iyi oldu\u011funu ve &hellip;","og_url":"https:\/\/batitrakya.live\/index.php\/ilhan-ahmet-pnomotoraks-akciger-sonmesi-gecirdi\/","og_site_name":"Bat\u0131 Trakya Haber","article_published_time":"2021-11-20T21:24:44+00:00","og_image":[{"width":720,"height":348,"url":"https:\/\/batitrakya.live\/wp-content\/uploads\/2020\/10\/ilhan_ahmet1.jpg","type":"image\/jpeg"}],"author":"tamer","twitter_card":"summary_large_image","twitter_misc":{"Yazan:":"tamer","Tahmini okuma s\u00fcresi":"1 dakika"},"schema":{"@context":"https:\/\/schema.org","@graph":[{"@type":"Article","@id":"https:\/\/batitrakya.live\/index.php\/ilhan-ahmet-pnomotoraks-akciger-sonmesi-gecirdi\/#article","isPartOf":{"@id":"https:\/\/batitrakya.live\/index.php\/ilhan-ahmet-pnomotoraks-akciger-sonmesi-gecirdi\/"},"author":{"name":"tamer","@id":"https:\/\/batitrakya.live\/#\/schema\/person\/61b86abbc19e5fa0bbc3059670546fe5"},"headline":"\u0130lhan Ahmet, pn\u00f6motoraks (akci\u011fer s\u00f6nmesi) ge\u00e7irdi&#8230;","datePublished":"2021-11-20T21:24:44+00:00","mainEntityOfPage":{"@id":"https:\/\/batitrakya.live\/index.php\/ilhan-ahmet-pnomotoraks-akciger-sonmesi-gecirdi\/"},"wordCount":317,"commentCount":0,"image":{"@id":"https:\/\/batitrakya.live\/index.php\/ilhan-ahmet-pnomotoraks-akciger-sonmesi-gecirdi\/#primaryimage"},"thumbnailUrl":"https:\/\/batitrakya.live\/wp-content\/uploads\/2020\/10\/ilhan_ahmet1.jpg","keywords":["\u0130lhan Ahmet","Sa\u011fl\u0131k"],"articleSection":["Bat\u0131 Trakyam Haber"],"inLanguage":"tr","potentialAction":[{"@type":"CommentAction","name":"Comment","target":["https:\/\/batitrakya.live\/index.php\/ilhan-ahmet-pnomotoraks-akciger-sonmesi-gecirdi\/#respond"]}],"copyrightYear":"2021","copyrightHolder":{"@id":"https:\/\/batitrakya.live\/#organization"}},{"@type":"WebPage","@id":"https:\/\/batitrakya.live\/index.php\/ilhan-ahmet-pnomotoraks-akciger-sonmesi-gecirdi\/","url":"https:\/\/batitrakya.live\/index.php\/ilhan-ahmet-pnomotoraks-akciger-sonmesi-gecirdi\/","name":"\u0130lhan Ahmet, pn\u00f6motoraks (akci\u011fer s\u00f6nmesi) ge\u00e7irdi... - Bat\u0131 Trakya Haber","isPartOf":{"@id":"https:\/\/batitrakya.live\/#website"},"primaryImageOfPage":{"@id":"https:\/\/batitrakya.live\/index.php\/ilhan-ahmet-pnomotoraks-akciger-sonmesi-gecirdi\/#primaryimage"},"image":{"@id":"https:\/\/batitrakya.live\/index.php\/ilhan-ahmet-pnomotoraks-akciger-sonmesi-gecirdi\/#primaryimage"},"thumbnailUrl":"https:\/\/batitrakya.live\/wp-content\/uploads\/2020\/10\/ilhan_ahmet1.jpg","datePublished":"2021-11-20T21:24:44+00:00","author":{"@id":"https:\/\/batitrakya.live\/#\/schema\/person\/61b86abbc19e5fa0bbc3059670546fe5"},"breadcrumb":{"@id":"https:\/\/batitrakya.live\/index.php\/ilhan-ahmet-pnomotoraks-akciger-sonmesi-gecirdi\/#breadcrumb"},"inLanguage":"tr","potentialAction":[{"@type":"ReadAction","target":["https:\/\/batitrakya.live\/index.php\/ilhan-ahmet-pnomotoraks-akciger-sonmesi-gecirdi\/"]}]},{"@type":"ImageObject","inLanguage":"tr","@id":"https:\/\/batitrakya.live\/index.php\/ilhan-ahmet-pnomotoraks-akciger-sonmesi-gecirdi\/#primaryimage","url":"https:\/\/batitrakya.live\/wp-content\/uploads\/2020\/10\/ilhan_ahmet1.jpg","contentUrl":"https:\/\/batitrakya.live\/wp-content\/uploads\/2020\/10\/ilhan_ahmet1.jpg","width":720,"height":348},{"@type":"BreadcrumbList","@id":"https:\/\/batitrakya.live\/index.php\/ilhan-ahmet-pnomotoraks-akciger-sonmesi-gecirdi\/#breadcrumb","itemListElement":[{"@type":"ListItem","position":1,"name":"Anasayfa","item":"https:\/\/batitrakya.live\/"},{"@type":"ListItem","position":2,"name":"\u0130lhan Ahmet, pn\u00f6motoraks (akci\u011fer s\u00f6nmesi) ge\u00e7irdi&#8230;"}]},{"@type":"WebSite","@id":"https:\/\/batitrakya.live\/#website","url":"https:\/\/batitrakya.live\/","name":"Bat\u0131 Trakya Haber","description":"Bat\u0131 Trakyan\u0131n internetteki sesi..","potentialAction":[{"@type":"SearchAction","target":{"@type":"EntryPoint","urlTemplate":"https:\/\/batitrakya.live\/?s={search_term_string}"},"query-input":{"@type":"PropertyValueSpecification","valueRequired":true,"valueName":"search_term_string"}}],"inLanguage":"tr"},{"@type":"Person","@id":"https:\/\/batitrakya.live\/#\/schema\/person\/61b86abbc19e5fa0bbc3059670546fe5","name":"tamer","image":{"@type":"ImageObject","inLanguage":"tr","@id":"https:\/\/secure.gravatar.com\/avatar\/60b0ff14c4376999cea9565d28b91fc61ff0f727c28cd083506a6d83ad6df9c9?s=96&d=mm&r=g","url":"https:\/\/secure.gravatar.com\/avatar\/60b0ff14c4376999cea9565d28b91fc61ff0f727c28cd083506a6d83ad6df9c9?s=96&d=mm&r=g","contentUrl":"https:\/\/secure.gravatar.com\/avatar\/60b0ff14c4376999cea9565d28b91fc61ff0f727c28cd083506a6d83ad6df9c9?s=96&d=mm&r=g","caption":"tamer"},"sameAs":["https:\/\/batitrakya.live"],"url":"https:\/\/batitrakya.live\/index.php\/author\/tamer\/"}]}},"_links":{"self":[{"href":"https:\/\/batitrakya.live\/index.php\/wp-json\/wp\/v2\/posts\/38755","targetHints":{"allow":["GET"]}}],"collection":[{"href":"https:\/\/batitrakya.live\/index.php\/wp-json\/wp\/v2\/posts"}],"about":[{"href":"https:\/\/batitrakya.live\/index.php\/wp-json\/wp\/v2\/types\/post"}],"author":[{"embeddable":true,"href":"https:\/\/batitrakya.live\/index.php\/wp-json\/wp\/v2\/users\/1"}],"replies":[{"embeddable":true,"href":"https:\/\/batitrakya.live\/index.php\/wp-json\/wp\/v2\/comments?post=38755"}],"version-history":[{"count":0,"href":"https:\/\/batitrakya.live\/index.php\/wp-json\/wp\/v2\/posts\/38755\/revisions"}],"wp:featuredmedia":[{"embeddable":true,"href":"https:\/\/batitrakya.live\/index.php\/wp-json\/wp\/v2\/media\/29425"}],"wp:attachment":[{"href":"https:\/\/batitrakya.live\/index.php\/wp-json\/wp\/v2\/media?parent=38755"}],"wp:term":[{"taxonomy":"category","embeddable":true,"href":"https:\/\/batitrakya.live\/index.php\/wp-json\/wp\/v2\/categories?post=38755"},{"taxonomy":"post_tag","embeddable":true,"href":"https:\/\/batitrakya.live\/index.php\/wp-json\/wp\/v2\/tags?post=38755"}],"curies":[{"name":"wp","href":"https:\/\/api.w.org\/{rel}","templated":true}]}}