{"id":38598,"date":"2021-11-14T20:13:53","date_gmt":"2021-11-14T17:13:53","guid":{"rendered":"https:\/\/batitrakya.live\/?p=38598"},"modified":"2021-11-14T20:13:53","modified_gmt":"2021-11-14T17:13:53","slug":"ahiska-turklerinin-surgun-edilisinin-77-yili","status":"publish","type":"post","link":"https:\/\/batitrakya.live\/index.php\/ahiska-turklerinin-surgun-edilisinin-77-yili\/","title":{"rendered":"Ah\u0131ska T\u00fcrklerinin s\u00fcrg\u00fcn edili\u015finin 77. y\u0131l\u0131&#8230;"},"content":{"rendered":"<p>Sovyet Sosyalist Cumhuriyetler Birli\u011fi&#8217;nin (SSCB) lideri Josef Stalin taraf\u0131ndan 77 y\u0131l \u00f6nce ana vatanlar\u0131ndan kopar\u0131lan Ah\u0131ska T\u00fcrklerinin kalbinde s\u00fcrg\u00fcn\u00fcn ac\u0131s\u0131 ve vatan hasreti ilk g\u00fcnk\u00fc gibi tazeli\u011fini koruyor.<\/p>\n<p>G\u00fcrcistan&#8217;\u0131n T\u00fcrkiye s\u0131n\u0131r\u0131nda yer alan Ah\u0131ska, 1828-1829 Osmanl\u0131-Rus Sava\u015f\u0131&#8217;n\u0131n ard\u0131ndan imzalanan antla\u015fmayla Rusya&#8217;ya b\u0131rak\u0131ld\u0131. B\u00f6lge, Birinci D\u00fcnya Sava\u015f\u0131&#8217;ndan sonra Sovyetler Birli\u011fi s\u0131n\u0131rlar\u0131 i\u00e7inde kalan G\u00fcrcistan&#8217;a ba\u011fland\u0131. Bu d\u00f6nem, SSCB i\u00e7indeki t\u00fcm T\u00fcrk ve M\u00fcsl\u00fcman topluluklar gibi Ah\u0131ska T\u00fcrkleri i\u00e7in de ac\u0131lar\u0131n ba\u015flang\u0131c\u0131 oldu.<\/p>\n<p>D\u00f6nemin SSCB Lideri Stalin, \u0130kinci D\u00fcnya Sava\u015f\u0131&#8217;nda Rus ordusunda sava\u015fmalar\u0131na ra\u011fmen Ah\u0131ska T\u00fcrkleri i\u00e7in s\u00fcrg\u00fcn karar\u0131n\u0131 imzalad\u0131.<\/p>\n<p>Stalin&#8217;in emriyle bir gece ans\u0131z\u0131n gelen haber \u00fczerine do\u011fup b\u00fcy\u00fcd\u00fckleri vatanlar\u0131ndan zorla terk ettirilen Ah\u0131ska T\u00fcrkleri,<strong> &#8220;\u00f6l\u00fcm katar\u0131&#8221;<\/strong> olarak adland\u0131r\u0131lan hayvan vagonlar\u0131na istiflenerek bilinmez bir yolculu\u011fa \u00e7\u0131kt\u0131.<\/p>\n<p>Yine Sovyetlerin i\u00e7 b\u00f6lgelerine g\u00f6nderilen 90 bin ile 117 bin civar\u0131nda Ah\u0131ska T\u00fcrk\u00fc&#8217;n\u00fcn bir\u00e7o\u011fu yolda hastal\u0131ktan, a\u00e7l\u0131ktan ya\u015fam\u0131n\u0131 yitirdi. Ayr\u0131 ayr\u0131 b\u00f6lgelere da\u011f\u0131t\u0131lan Ah\u0131ska T\u00fcrkleri y\u0131llarca birbirinden haber alamadan ya\u015fad\u0131.<\/p>\n<p>Ana vatanlar\u0131ndan kopar\u0131lan ve gittikleri yerde hayatta kalan Ah\u0131skal\u0131lar\u0131n torunlar\u0131 bug\u00fcn Kazakistan, K\u0131rg\u0131zistan, \u00d6zbekistan, Azerbaycan, Rusya Federasyonu, Ukrayna, ABD ve T\u00fcrkiye\u2019de ya\u015famlar\u0131n\u0131 s\u00fcrd\u00fcr\u00fcyor.<\/p>\n<p>1944&#8217;te s\u00fcrg\u00fcn edilen Kafkas halklar\u0131ndan hi\u00e7bir \u015fekilde yurtlar\u0131na d\u00f6n\u00fc\u015f yapamayanlar ise Ah\u0131skal\u0131lar oldu.<\/p>\n<p>G\u00fcrcistan, Avrupa Konseyine kabul edilirken Ah\u0131skal\u0131lar\u0131n yeniden kendi vatanlar\u0131na yerle\u015ftirilmesi konusunda taahh\u00fct alt\u0131na girdi ancak bug\u00fcne kadar verilen s\u00f6zleri muhalefetin tepkisi \u00fczerine yerine getiremedi.<\/p>\n<h3>Stalin, Karadeniz \u00e7evresini T\u00fcrklerden temizlemeyi ama\u00e7lad\u0131<\/h3>\n<p>G\u00fcrcistan&#8217;\u0131n T\u00fcrkiye s\u0131n\u0131r\u0131nda yer alan Ah\u0131ska, 1828-1829 Osmanl\u0131-Rus Sava\u015f\u0131&#8217;n\u0131n ard\u0131ndan imzalanan 1829 tarihli Edirne Antla\u015fmas\u0131&#8217;yla Rusya&#8217;ya b\u0131rak\u0131ld\u0131.<\/p>\n<p>Rus \u00c7arl\u0131\u011f\u0131n\u0131n y\u0131k\u0131lmas\u0131yla 1917 y\u0131l\u0131nda yeniden Osmanl\u0131 Devleti\u2019ne kat\u0131lan Ah\u0131ska, Osmanl\u0131&#8217;n\u0131n 1. D\u00fcnya Sava\u015f\u0131n\u0131 yenilgiyle bitirmesinin ard\u0131ndan k\u0131sa bir ba\u011f\u0131ms\u0131zl\u0131k d\u00f6nemi ya\u015fad\u0131.<\/p>\n<p>Ah\u0131ska, T\u00fcrkiye Cumhuriyeti ile Sovyetler Birli\u011fi aras\u0131nda 1921&#8217;de imzalanan Moskova Antla\u015fmas\u0131 sonucu yeniden Rusya&#8217;ya b\u0131rak\u0131ld\u0131.<\/p>\n<p>SSCB lideri Stalin, 2. D\u00fcnya Sava\u015f\u0131&#8217;nda Ah\u0131skal\u0131lar\u0131n Rus ordusunda sava\u015fmalar\u0131na ra\u011fmen bu topluluk i\u00e7in s\u00fcrg\u00fcn karar\u0131 imzalad\u0131.<\/p>\n<p>Stalin y\u00f6netimi, s\u00fcrg\u00fcn\u00fcn gerek\u00e7esini &#8220;T\u00fcm erkekleri Ruslarla cephede olan Ah\u0131ska T\u00fcrklerinin, 2. D\u00fcnya Sava\u015f\u0131&#8217;nda Nazilerle i\u015f birli\u011fi yapmas\u0131&#8221; olarak g\u00f6sterdi.<\/p>\n<p>Ancak Sovyetlerin da\u011f\u0131lmas\u0131yla, bu iddian\u0131n do\u011fru olmad\u0131\u011f\u0131 ve ger\u00e7ek amac\u0131n ba\u015fka oldu\u011fu ortaya \u00e7\u0131kt\u0131.<\/p>\n<p>SSCB kay\u0131tlar\u0131na g\u00f6re, K\u0131r\u0131m ve Ah\u0131ska T\u00fcrklerinin s\u00fcrg\u00fcn\u00fc, Karadeniz \u00e7evresini T\u00fcrklerden temizlemek amac\u0131yla yap\u0131ld\u0131\u011f\u0131 anla\u015f\u0131ld\u0131.<\/p>\n<h3>14 Kas\u0131m 1944&#8217;te ya\u015fananlar<\/h3>\n<p>Ah\u0131ska T\u00fcrkleri, \u0130kinci D\u00fcnya Sava\u015f\u0131&#8217;n\u0131n (9 May\u0131s 1945) sonuna 6 ay kala, Stalin&#8217;in emriyle G\u00fcrcistan&#8217;\u0131n Ah\u0131ska B\u00f6lgesi&#8217;nden Orta Asya&#8217;ya s\u00fcrg\u00fcn etme a\u015famas\u0131na ge\u00e7ildi.<\/p>\n<p>Kas\u0131m ba\u015flar\u0131nda Ah\u0131ska&#8217;daki 220 k\u00f6y\u00fcn yer ald\u0131\u011f\u0131 Ad\u0131g\u00f6n, Ah\u0131ska, Aspinza, Ah\u0131lkelek ve Bagdonovka il\u00e7eleri askeri birlikler taraf\u0131ndan ku\u015fat\u0131ld\u0131.<\/p>\n<p>D\u00f6nemin Moskova y\u00f6netimi taraf\u0131ndan Sovyetler Birli\u011fi ile T\u00fcrkiye Cumhuriyeti s\u0131n\u0131r\u0131ndaki Ah\u0131ska b\u00f6lgesindeki M\u00fcsl\u00fcmanlar\u0131 bo\u015faltmak i\u00e7in 4 bin ila 6 bin asker g\u00f6revlendirildi.<\/p>\n<p>Bu arada, askere al\u0131nan Ah\u0131skal\u0131lar \u0130kinci D\u00fcnya Sava\u015f\u0131\u2019nda cephede sava\u015f\u0131rken geride kalan kad\u0131nlar ve ya\u015fl\u0131lar Ah\u0131ska-Borjomi demir yolu hatt\u0131n\u0131n yap\u0131m\u0131nda \u00e7al\u0131\u015ft\u0131r\u0131ld\u0131.<\/p>\n<p>Askerler, Ah\u0131ska b\u00f6lgesinde ya\u015fayan T\u00fcrkler, K\u00fcrtler ve Hem\u015finlilerin yan\u0131 s\u0131ra Batum\u2019da ya\u015fayan Lazlar\u0131n evlerinin kap\u0131s\u0131n\u0131 \u00e7ald\u0131.<\/p>\n<p>Kamyonlar\u0131n e\u015fli\u011findeki askerler, daha yata\u011f\u0131nda olan \u00e7oluk \u00e7ocuk, sabah namaz\u0131n\u0131 k\u0131lan ihtiyarlara yolculuk i\u00e7in iki saat i\u00e7inde toplanma emrini verdi.<\/p>\n<p>Ah\u0131ska T\u00fcrkleri, tren vagonlar\u0131n\u0131n bekletildi\u011fi noktalara askeri kamyonlarla ta\u015f\u0131nd\u0131 ve \u00fc\u00e7 g\u00fcn istasyonlarda bekletildikten sonra vagonlara bindirildi.<\/p>\n<p>\u0130ki saat i\u00e7inde y\u00fck ta\u015f\u0131nan vagonlara bindirilen ailelerin, bir boh\u00e7a e\u015fya d\u0131\u015f\u0131nda yan\u0131na hi\u00e7bir \u015fey almalar\u0131na izin verilmedi.<\/p>\n<p>Baz\u0131 aileler evlerine geri d\u00f6necek umuduyla yan\u0131na hi\u00e7 e\u015fya almazken, baz\u0131lar\u0131 da un ve m\u0131s\u0131r ald\u0131.<\/p>\n<p>Dedeler ve nineler, e\u015fyalar\u0131n aras\u0131nda saklad\u0131klar\u0131 Kur\u2019an Kerim ve Osmanl\u0131ca kitaplar\u0131n\u0131 yan\u0131nda g\u00f6t\u00fcrd\u00fc.<\/p>\n<p>Vagonlara \u00fcst \u00fcste bindirilen Ah\u0131skal\u0131lar\u0131n zorunlu yolculu\u011fu 30 g\u00fcn s\u00fcrd\u00fc.<\/p>\n<p>B\u00f6ylece, Ah\u0131ska&#8217;da, s\u00fcrg\u00fcne giden halklar\u0131n evleri, k\u0131ymetli ve ziynet e\u015fyalar\u0131, k\u0131\u015f i\u00e7in haz\u0131rlanan yiyecekleri, k\u00fc\u00e7\u00fck ve b\u00fcy\u00fck ba\u015f hayvanlar\u0131 kald\u0131.<\/p>\n<p>Derme \u00e7atma vagonlarda mevsimin en so\u011fuk ve karl\u0131 d\u00f6neminde ya\u015fanan s\u00fcrg\u00fcnde yakla\u015f\u0131k 17 bin Ah\u0131skal\u0131, a\u00e7l\u0131k, so\u011fuk ve hastal\u0131k nedenleriyle hayat\u0131n\u0131 kaybetti.<\/p>\n<p>Hayatta kalan Ah\u0131skal\u0131lar, bug\u00fcnk\u00fc Kazakistan, K\u0131rg\u0131zistan ve \u00d6zbekistan topraklar\u0131 i\u00e7inde b\u0131rak\u0131ld\u0131.<\/p>\n<h3>Ah\u0131ska T\u00fcrklerine s\u0131k\u0131 y\u00f6netim uyguland\u0131<\/h3>\n<p>S\u00fcrg\u00fcn\u00fcn, a\u00e7l\u0131\u011f\u0131n, zorlu\u011fun ve hasretin ac\u0131s\u0131n\u0131 \u00e7eken Ah\u0131skal\u0131lara getirildikleri Orta Asya&#8217;da da zul\u00fcm s\u00fcrd\u00fc.<\/p>\n<p>Ba\u015fta \u00d6zbekistan, Kazakistan ve K\u0131rg\u0131zistan&#8217;a getirilen Ah\u0131ska T\u00fcrkleri, 1956 y\u0131l\u0131na kadar s\u0131k\u0131 y\u00f6netim rejimi alt\u0131nda ya\u015fad\u0131.<\/p>\n<p>Bu s\u00fcre zarf\u0131nda devletin imkanlardan yararlanmalar\u0131na ve oturdu\u011fu k\u00f6y evinden kom\u015fu k\u00f6ye gitmelerine izin verilmedi.<\/p>\n<p>Sovyet y\u00f6netimi, olu\u015fturdu\u011fu \u00e7al\u0131\u015fma kamplar\u0131nda kad\u0131n, ya\u015fl\u0131, \u00e7ocuk ayr\u0131m\u0131 yapmadan Ah\u0131skal\u0131lar\u0131 en a\u011f\u0131r i\u015flerde \u00e7al\u0131\u015ft\u0131rd\u0131, eziyete maruz b\u0131rakt\u0131.<\/p>\n<h3>Ah\u0131ska T\u00fcrklerinin \u015fehirlere yerle\u015fmelerine yasak getirildi.<\/h3>\n<p>Bulunduklar\u0131 yerlerden izin almadan ayr\u0131lmamalar\u0131 i\u00e7in kural konuldu. Bu kural\u0131 ihlal eden Ah\u0131skal\u0131lar cezaland\u0131r\u0131ld\u0131.<\/p>\n<p>Baz\u0131 b\u00f6lgelere b\u0131rak\u0131lan aileler ise yerel halklar\u0131n yard\u0131mlar\u0131yla ya\u015fama tutundu.<\/p>\n<p>G\u00fcrc\u00fc as\u0131ll\u0131 Stalin\u2019in 5 Mart 1953&#8217;te \u00f6l\u00fcm\u00fcnden sonra Ah\u0131skal\u0131lar\u0131n s\u00fcrg\u00fcn\u00fcn\u00fc bizzat organize eden Stalin rejiminin en ac\u0131mas\u0131z g\u00fcvenlik g\u00f6revlisi Sovyetler Birli\u011fi Mare\u015fali Lavrentiy Beria yeni rejim taraf\u0131ndan 23 Aral\u0131k 1953&#8217;te idam edildi.<\/p>\n<h4>Ah\u0131ska T\u00fcrklerinin \u00e7ileli ya\u015fam\u0131<\/h4>\n<p>Ah\u0131ska T\u00fcrkleri i\u00e7in s\u0131k\u0131 y\u00f6netim uygulamas\u0131 1956\u2019da kald\u0131r\u0131ld\u0131 ve G\u00fcrcistan d\u0131\u015f\u0131nda Kafkaslara d\u00f6nmelerine izin verildi.<\/p>\n<p>Kazakistan, K\u0131rg\u0131zistan ve \u00d6zbekistan topraklar\u0131nda ya\u015fayan Ah\u0131skal\u0131lar\u0131n bir k\u0131sm\u0131 Ah\u0131ska\u2019ya yak\u0131n olan Azerbaycan topraklar\u0131na g\u00f6\u00e7 etti, halk\u0131n b\u00fcy\u00fck b\u00f6l\u00fcm\u00fc ise Orta Asya\u2019da kalmay\u0131 tercih etti.<\/p>\n<p>\u00d6zbekistan\u2019\u0131n Fergana vadisinde ya\u015fayan yakla\u015f\u0131k 20 bin Ah\u0131ska T\u00fcrk\u00fc ise 5-10 Haziran 1989\u2019da ya\u015fanan trajik olaylar\u0131n ard\u0131ndan Rusya\u2019n\u0131n Krasnodar b\u00f6lgesine Sovyet ordusu taraf\u0131ndan g\u00f6t\u00fcr\u00fcld\u00fc.<\/p>\n<h3>T\u00fcrklerin bir b\u00f6l\u00fcm\u00fc de Ukrayna\u2019n\u0131n do\u011fusuna g\u00f6\u00e7 etti.<\/h3>\n<p>Rusya\u2019n\u0131n Krasnodar b\u00f6lgesine yerle\u015ftirilen Ah\u0131skal\u0131lara t\u00fcm vaatlere ra\u011fmen ikamet ve oturma izni verilmedi, e\u011fitim ve sa\u011fl\u0131k hizmetlerden yararlanmalar\u0131 sa\u011flanmad\u0131.<\/p>\n<p>Durumun giderek a\u011f\u0131rla\u015fmas\u0131 sonucu Ah\u0131skal\u0131lar \u00e7e\u015fitli yollara ba\u015fvurarak \u00e7areler aramaya ba\u015flad\u0131.<\/p>\n<p>Birle\u015fmi\u015f Milletler (BM) Uluslararas\u0131 G\u00f6\u00e7 \u00d6rg\u00fct\u00fcn\u00fcn yard\u0131m\u0131 ile 13 bin Ah\u0131skal\u0131, 2004 ve 2005 y\u0131llar\u0131 i\u00e7erisinde k\u0131smen ve g\u00f6n\u00fcll\u00fc olmak \u00fczere ABD\u2019nin \u00e7e\u015fitli eyaletlerinde g\u00f6t\u00fcr\u00fclerek yerle\u015ftirildi.<\/p>\n<p>Ukrayna\u2019n\u0131n do\u011fusunda 2014\u2019te kitlesel g\u00f6sterilerin s\u0131cak \u00e7at\u0131\u015fmaya d\u00f6n\u00fc\u015fmesinin ard\u0131ndan ise Donbas b\u00f6lgesinde ya\u015fayan Ah\u0131skal\u0131lar ate\u015f alt\u0131nda kald\u0131.<\/p>\n<p>Cumhurba\u015fkan\u0131 Recep Tayyip Erdo\u011fan&#8217;\u0131n talimat\u0131 ve d\u00f6nemin Ba\u015fbakan\u0131 Binali Y\u0131ld\u0131r\u0131m&#8217;\u0131n koordinasyonu do\u011frultusunda T\u00fcrkiye&#8217;de iskan ettirilmek \u00fczere Ah\u0131ska T\u00fcrkleri, Erzincan\u2019\u0131n \u00dcz\u00fcml\u00fc il\u00e7esine ve Bitlis&#8217;in Ahlat il\u00e7esine getirildi.<\/p>\n<h3>Ah\u0131skal\u0131lar, 162 y\u0131l sonra Anadolu\u2019ya ayak bast\u0131<\/h3>\n<p>Sovyetler Birli\u011fi&#8217;nin y\u0131k\u0131lmas\u0131n\u0131n ard\u0131ndan 1991 y\u0131l\u0131nda ba\u011f\u0131ms\u0131zl\u0131klar\u0131n\u0131 ilan eden Orta Asya&#8217;daki cumhuriyetleri ilk tan\u0131yan T\u00fcrkiye Cumhuriyeti devleti oldu.<\/p>\n<p>Orta Asya\u2019da ya\u015fayan Ah\u0131skal\u0131lar da \u00fclkelerinin ba\u011f\u0131ms\u0131zl\u0131klar\u0131 sayesinde 162 y\u0131l sonra ana vatan olarak bildi\u011fi Anadolu topraklar\u0131n\u0131 ziyaret etmeye ba\u015flad\u0131.<\/p>\n<p>D\u00f6nemin T\u00fcrkiye Cumhuriyeti Cumhurba\u015fkan\u0131 Turgut \u00d6zal\u2019\u0131n Ah\u0131ska T\u00fcrkleriyle yak\u0131ndan ilgilenmesi sonucu T\u00fcrkiye B\u00fcy\u00fck Millet Meclisi (TBMM) taraf\u0131ndan \u00e7\u0131kar\u0131lan Ah\u0131ska T\u00fcrklerinin Kabul ve \u0130skan\u0131na Dair Kanun gere\u011fince bir grup Ah\u0131ska T\u00fcrk\u00fc 1991\u2019de T\u00fcrkiye\u2019nin I\u011fd\u0131r \u015fehrine yerle\u015ftirildi.<\/p>\n<p>Bu ilk yerle\u015ftirilenler d\u0131\u015f\u0131nda T\u00fcrkiye\u2019ye kendi imkanlar\u0131yla gitmeyi s\u00fcrd\u00fcren Ah\u0131skal\u0131lar, \u0130stanbul, Bursa, Ankara, \u0130zmir, Denizli, Kocaeli, Eski\u015fehir ve Antalya gibi \u015fehirleri tercih etti.<\/p>\n<p>Ah\u0131skal\u0131lara deste\u011fini esirgemeyen T\u00fcrkiye Cumhuriyeti devletinin kurumlar\u0131ndan Yurtd\u0131\u015f\u0131 T\u00fcrkler ve Akraba Topluluklar Ba\u015fkanl\u0131\u011f\u0131 (YTB), Ah\u0131skal\u0131lar\u0131n s\u00fcrg\u00fcn an\u0131lar\u0131n\u0131 canl\u0131 tutmak ve gelecek nesillere aktarmak amac\u0131yla bir\u00e7ok projeye imza att\u0131.<\/p>\n<p>YTB ve merkezi \u0130stanbul&#8217;da olan D\u00fcnya Ah\u0131ska T\u00fcrkleri Birli\u011finin (DAT\u00dcB) Cumhurba\u015fkan\u0131 Recep Tayyip Erdo\u011fan\u2019\u0131n kat\u0131l\u0131m\u0131yla Cumhurba\u015fkanl\u0131\u011f\u0131 K\u00fclliyesi Kongre ve K\u00fclt\u00fcr Merkezi\u2019nde 2019\u2019da d\u00fczenledi\u011fi &#8220;Ah\u0131ska S\u00fcrg\u00fcn\u00fcn\u00fcn 75. Y\u0131l Anma Program\u0131&#8221; ile bir ilke imza at\u0131ld\u0131.<\/p>\n<p>Ah\u0131ska T\u00fcrkleri, son 8 y\u0131lda bir\u00e7ok kez T\u00fcrkiye D\u0131\u015fi\u015fleri Bakanl\u0131\u011f\u0131 ile T\u00fcrk \u0130\u015fbirli\u011fi ve Koordinasyon Ajans\u0131 Ba\u015fkanl\u0131\u011f\u0131n\u0131n (T\u0130KA) deste\u011fiyle G\u00fcrcistan&#8217;\u0131n Ah\u0131ska b\u00f6lgesini ziyaret etti.<\/p>\n<h3>14 Kas\u0131m\u2019\u0131 dualarla an\u0131yorlar<\/h3>\n<p>D\u00fcnyan\u0131n 9 \u00fclkesinde ya\u015fayan Ah\u0131skal\u0131lar\u0131n s\u00fcrg\u00fcn ac\u0131s\u0131 hi\u00e7 dinmedi. Ah\u0131skal\u0131lar, her y\u0131l 14 Kas\u0131m s\u00fcrg\u00fcn g\u00fcn\u00fc dolay\u0131s\u0131yla s\u00fcrg\u00fcn s\u0131ras\u0131nda ve sonras\u0131nda ya\u015fam\u0131n\u0131 yitirenlerin ruhlar\u0131 i\u00e7in Kur&#8217;an-\u0131 Kerim okuyor ve dua ediyor.<\/p>\n<p>Ah\u0131skal\u0131 sivil toplum \u00f6rg\u00fctleri de bu tarihte anma programlar\u0131 d\u00fczenleyerek, 1944 ve 1945 ile daha sonraki y\u0131llarda, Ah\u0131skal\u0131lara evlerini a\u00e7an ve ekme\u011fini payla\u015fan K\u0131rg\u0131z, Kazak, \u00d6zbek ve Azerbaycan T\u00fcrklerine te\u015fekk\u00fcr ediyor.<\/p>\n","protected":false},"excerpt":{"rendered":"<p>Sovyet Sosyalist Cumhuriyetler Birli\u011fi&#8217;nin (SSCB) lideri Josef Stalin taraf\u0131ndan 77 y\u0131l \u00f6nce ana vatanlar\u0131ndan kopar\u0131lan Ah\u0131ska T\u00fcrklerinin kalbinde s\u00fcrg\u00fcn\u00fcn ac\u0131s\u0131 ve vatan hasreti ilk g\u00fcnk\u00fc gibi tazeli\u011fini koruyor. G\u00fcrcistan&#8217;\u0131n T\u00fcrkiye s\u0131n\u0131r\u0131nda yer alan Ah\u0131ska, 1828-1829 Osmanl\u0131-Rus Sava\u015f\u0131&#8217;n\u0131n ard\u0131ndan imzalanan antla\u015fmayla Rusya&#8217;ya b\u0131rak\u0131ld\u0131. B\u00f6lge, Birinci D\u00fcnya Sava\u015f\u0131&#8217;ndan sonra Sovyetler Birli\u011fi s\u0131n\u0131rlar\u0131 i\u00e7inde kalan G\u00fcrcistan&#8217;a ba\u011fland\u0131. Bu &hellip;<\/p>\n","protected":false},"author":1,"featured_media":38600,"comment_status":"open","ping_status":"open","sticky":false,"template":"","format":"standard","meta":{"footnotes":""},"categories":[134,29],"tags":[573,496,497],"class_list":["post-38598","post","type-post","status-publish","format-standard","has-post-thumbnail","hentry","category-tarihkultur","category-dunya-gundem","tag-ahiska-turkleri","tag-surgun","tag-turk-tarihi"],"yoast_head":"<!-- This site is optimized with the Yoast SEO Premium plugin v26.3 (Yoast SEO v27.3) - https:\/\/yoast.com\/product\/yoast-seo-premium-wordpress\/ -->\n<title>Ah\u0131ska T\u00fcrklerinin s\u00fcrg\u00fcn edili\u015finin 77. y\u0131l\u0131... - Bat\u0131 Trakya Haber<\/title>\n<meta name=\"robots\" content=\"index, follow, max-snippet:-1, max-image-preview:large, max-video-preview:-1\" \/>\n<link rel=\"canonical\" href=\"https:\/\/batitrakya.live\/index.php\/ahiska-turklerinin-surgun-edilisinin-77-yili\/\" \/>\n<meta property=\"og:locale\" content=\"tr_TR\" \/>\n<meta property=\"og:type\" content=\"article\" \/>\n<meta property=\"og:title\" content=\"Ah\u0131ska T\u00fcrklerinin s\u00fcrg\u00fcn edili\u015finin 77. y\u0131l\u0131...\" \/>\n<meta property=\"og:description\" content=\"Sovyet Sosyalist Cumhuriyetler Birli\u011fi&#8217;nin (SSCB) lideri Josef Stalin taraf\u0131ndan 77 y\u0131l \u00f6nce ana vatanlar\u0131ndan kopar\u0131lan Ah\u0131ska T\u00fcrklerinin kalbinde s\u00fcrg\u00fcn\u00fcn ac\u0131s\u0131 ve vatan hasreti ilk g\u00fcnk\u00fc gibi tazeli\u011fini koruyor. G\u00fcrcistan&#8217;\u0131n T\u00fcrkiye s\u0131n\u0131r\u0131nda yer alan Ah\u0131ska, 1828-1829 Osmanl\u0131-Rus Sava\u015f\u0131&#8217;n\u0131n ard\u0131ndan imzalanan antla\u015fmayla Rusya&#8217;ya b\u0131rak\u0131ld\u0131. B\u00f6lge, Birinci D\u00fcnya Sava\u015f\u0131&#8217;ndan sonra Sovyetler Birli\u011fi s\u0131n\u0131rlar\u0131 i\u00e7inde kalan G\u00fcrcistan&#8217;a ba\u011fland\u0131. Bu &hellip;\" \/>\n<meta property=\"og:url\" content=\"https:\/\/batitrakya.live\/index.php\/ahiska-turklerinin-surgun-edilisinin-77-yili\/\" \/>\n<meta property=\"og:site_name\" content=\"Bat\u0131 Trakya Haber\" \/>\n<meta property=\"article:published_time\" content=\"2021-11-14T17:13:53+00:00\" \/>\n<meta property=\"og:image\" content=\"https:\/\/batitrakya.live\/wp-content\/uploads\/2021\/11\/ahiska_turkleri.jpg\" \/>\n\t<meta property=\"og:image:width\" content=\"720\" \/>\n\t<meta property=\"og:image:height\" content=\"348\" \/>\n\t<meta property=\"og:image:type\" content=\"image\/jpeg\" \/>\n<meta name=\"author\" content=\"tamer\" \/>\n<meta name=\"twitter:card\" content=\"summary_large_image\" \/>\n<meta name=\"twitter:label1\" content=\"Yazan:\" \/>\n\t<meta name=\"twitter:data1\" content=\"tamer\" \/>\n\t<meta name=\"twitter:label2\" content=\"Tahmini okuma s\u00fcresi\" \/>\n\t<meta name=\"twitter:data2\" content=\"6 dakika\" \/>\n<script type=\"application\/ld+json\" class=\"yoast-schema-graph\">{\"@context\":\"https:\\\/\\\/schema.org\",\"@graph\":[{\"@type\":\"Article\",\"@id\":\"https:\\\/\\\/batitrakya.live\\\/index.php\\\/ahiska-turklerinin-surgun-edilisinin-77-yili\\\/#article\",\"isPartOf\":{\"@id\":\"https:\\\/\\\/batitrakya.live\\\/index.php\\\/ahiska-turklerinin-surgun-edilisinin-77-yili\\\/\"},\"author\":{\"name\":\"tamer\",\"@id\":\"https:\\\/\\\/batitrakya.live\\\/#\\\/schema\\\/person\\\/61b86abbc19e5fa0bbc3059670546fe5\"},\"headline\":\"Ah\u0131ska T\u00fcrklerinin s\u00fcrg\u00fcn edili\u015finin 77. y\u0131l\u0131&#8230;\",\"datePublished\":\"2021-11-14T17:13:53+00:00\",\"mainEntityOfPage\":{\"@id\":\"https:\\\/\\\/batitrakya.live\\\/index.php\\\/ahiska-turklerinin-surgun-edilisinin-77-yili\\\/\"},\"wordCount\":1874,\"commentCount\":0,\"image\":{\"@id\":\"https:\\\/\\\/batitrakya.live\\\/index.php\\\/ahiska-turklerinin-surgun-edilisinin-77-yili\\\/#primaryimage\"},\"thumbnailUrl\":\"https:\\\/\\\/batitrakya.live\\\/wp-content\\\/uploads\\\/2021\\\/11\\\/ahiska_turkleri.jpg\",\"keywords\":[\"Ah\u0131ska T\u00fcrkleri\",\"S\u00fcrg\u00fcn\",\"T\u00fcrk Tarihi\"],\"articleSection\":[\"Tarih | K\u00fclt\u00fcr\",\"T\u00fcrkiye | D\u00fcnya | G\u00fcndem\"],\"inLanguage\":\"tr\",\"potentialAction\":[{\"@type\":\"CommentAction\",\"name\":\"Comment\",\"target\":[\"https:\\\/\\\/batitrakya.live\\\/index.php\\\/ahiska-turklerinin-surgun-edilisinin-77-yili\\\/#respond\"]}],\"copyrightYear\":\"2021\",\"copyrightHolder\":{\"@id\":\"https:\\\/\\\/batitrakya.live\\\/#organization\"}},{\"@type\":\"WebPage\",\"@id\":\"https:\\\/\\\/batitrakya.live\\\/index.php\\\/ahiska-turklerinin-surgun-edilisinin-77-yili\\\/\",\"url\":\"https:\\\/\\\/batitrakya.live\\\/index.php\\\/ahiska-turklerinin-surgun-edilisinin-77-yili\\\/\",\"name\":\"Ah\u0131ska T\u00fcrklerinin s\u00fcrg\u00fcn edili\u015finin 77. y\u0131l\u0131... - Bat\u0131 Trakya Haber\",\"isPartOf\":{\"@id\":\"https:\\\/\\\/batitrakya.live\\\/#website\"},\"primaryImageOfPage\":{\"@id\":\"https:\\\/\\\/batitrakya.live\\\/index.php\\\/ahiska-turklerinin-surgun-edilisinin-77-yili\\\/#primaryimage\"},\"image\":{\"@id\":\"https:\\\/\\\/batitrakya.live\\\/index.php\\\/ahiska-turklerinin-surgun-edilisinin-77-yili\\\/#primaryimage\"},\"thumbnailUrl\":\"https:\\\/\\\/batitrakya.live\\\/wp-content\\\/uploads\\\/2021\\\/11\\\/ahiska_turkleri.jpg\",\"datePublished\":\"2021-11-14T17:13:53+00:00\",\"author\":{\"@id\":\"https:\\\/\\\/batitrakya.live\\\/#\\\/schema\\\/person\\\/61b86abbc19e5fa0bbc3059670546fe5\"},\"breadcrumb\":{\"@id\":\"https:\\\/\\\/batitrakya.live\\\/index.php\\\/ahiska-turklerinin-surgun-edilisinin-77-yili\\\/#breadcrumb\"},\"inLanguage\":\"tr\",\"potentialAction\":[{\"@type\":\"ReadAction\",\"target\":[\"https:\\\/\\\/batitrakya.live\\\/index.php\\\/ahiska-turklerinin-surgun-edilisinin-77-yili\\\/\"]}]},{\"@type\":\"ImageObject\",\"inLanguage\":\"tr\",\"@id\":\"https:\\\/\\\/batitrakya.live\\\/index.php\\\/ahiska-turklerinin-surgun-edilisinin-77-yili\\\/#primaryimage\",\"url\":\"https:\\\/\\\/batitrakya.live\\\/wp-content\\\/uploads\\\/2021\\\/11\\\/ahiska_turkleri.jpg\",\"contentUrl\":\"https:\\\/\\\/batitrakya.live\\\/wp-content\\\/uploads\\\/2021\\\/11\\\/ahiska_turkleri.jpg\",\"width\":720,\"height\":348},{\"@type\":\"BreadcrumbList\",\"@id\":\"https:\\\/\\\/batitrakya.live\\\/index.php\\\/ahiska-turklerinin-surgun-edilisinin-77-yili\\\/#breadcrumb\",\"itemListElement\":[{\"@type\":\"ListItem\",\"position\":1,\"name\":\"Anasayfa\",\"item\":\"https:\\\/\\\/batitrakya.live\\\/\"},{\"@type\":\"ListItem\",\"position\":2,\"name\":\"Ah\u0131ska T\u00fcrklerinin s\u00fcrg\u00fcn edili\u015finin 77. y\u0131l\u0131&#8230;\"}]},{\"@type\":\"WebSite\",\"@id\":\"https:\\\/\\\/batitrakya.live\\\/#website\",\"url\":\"https:\\\/\\\/batitrakya.live\\\/\",\"name\":\"Bat\u0131 Trakya Haber\",\"description\":\"Bat\u0131 Trakyan\u0131n internetteki sesi..\",\"potentialAction\":[{\"@type\":\"SearchAction\",\"target\":{\"@type\":\"EntryPoint\",\"urlTemplate\":\"https:\\\/\\\/batitrakya.live\\\/?s={search_term_string}\"},\"query-input\":{\"@type\":\"PropertyValueSpecification\",\"valueRequired\":true,\"valueName\":\"search_term_string\"}}],\"inLanguage\":\"tr\"},{\"@type\":\"Person\",\"@id\":\"https:\\\/\\\/batitrakya.live\\\/#\\\/schema\\\/person\\\/61b86abbc19e5fa0bbc3059670546fe5\",\"name\":\"tamer\",\"image\":{\"@type\":\"ImageObject\",\"inLanguage\":\"tr\",\"@id\":\"https:\\\/\\\/secure.gravatar.com\\\/avatar\\\/60b0ff14c4376999cea9565d28b91fc61ff0f727c28cd083506a6d83ad6df9c9?s=96&d=mm&r=g\",\"url\":\"https:\\\/\\\/secure.gravatar.com\\\/avatar\\\/60b0ff14c4376999cea9565d28b91fc61ff0f727c28cd083506a6d83ad6df9c9?s=96&d=mm&r=g\",\"contentUrl\":\"https:\\\/\\\/secure.gravatar.com\\\/avatar\\\/60b0ff14c4376999cea9565d28b91fc61ff0f727c28cd083506a6d83ad6df9c9?s=96&d=mm&r=g\",\"caption\":\"tamer\"},\"sameAs\":[\"https:\\\/\\\/batitrakya.live\"],\"url\":\"https:\\\/\\\/batitrakya.live\\\/index.php\\\/author\\\/tamer\\\/\"}]}<\/script>\n<!-- \/ Yoast SEO Premium plugin. -->","yoast_head_json":{"title":"Ah\u0131ska T\u00fcrklerinin s\u00fcrg\u00fcn edili\u015finin 77. y\u0131l\u0131... - Bat\u0131 Trakya Haber","robots":{"index":"index","follow":"follow","max-snippet":"max-snippet:-1","max-image-preview":"max-image-preview:large","max-video-preview":"max-video-preview:-1"},"canonical":"https:\/\/batitrakya.live\/index.php\/ahiska-turklerinin-surgun-edilisinin-77-yili\/","og_locale":"tr_TR","og_type":"article","og_title":"Ah\u0131ska T\u00fcrklerinin s\u00fcrg\u00fcn edili\u015finin 77. y\u0131l\u0131...","og_description":"Sovyet Sosyalist Cumhuriyetler Birli\u011fi&#8217;nin (SSCB) lideri Josef Stalin taraf\u0131ndan 77 y\u0131l \u00f6nce ana vatanlar\u0131ndan kopar\u0131lan Ah\u0131ska T\u00fcrklerinin kalbinde s\u00fcrg\u00fcn\u00fcn ac\u0131s\u0131 ve vatan hasreti ilk g\u00fcnk\u00fc gibi tazeli\u011fini koruyor. G\u00fcrcistan&#8217;\u0131n T\u00fcrkiye s\u0131n\u0131r\u0131nda yer alan Ah\u0131ska, 1828-1829 Osmanl\u0131-Rus Sava\u015f\u0131&#8217;n\u0131n ard\u0131ndan imzalanan antla\u015fmayla Rusya&#8217;ya b\u0131rak\u0131ld\u0131. B\u00f6lge, Birinci D\u00fcnya Sava\u015f\u0131&#8217;ndan sonra Sovyetler Birli\u011fi s\u0131n\u0131rlar\u0131 i\u00e7inde kalan G\u00fcrcistan&#8217;a ba\u011fland\u0131. Bu &hellip;","og_url":"https:\/\/batitrakya.live\/index.php\/ahiska-turklerinin-surgun-edilisinin-77-yili\/","og_site_name":"Bat\u0131 Trakya Haber","article_published_time":"2021-11-14T17:13:53+00:00","og_image":[{"width":720,"height":348,"url":"https:\/\/batitrakya.live\/wp-content\/uploads\/2021\/11\/ahiska_turkleri.jpg","type":"image\/jpeg"}],"author":"tamer","twitter_card":"summary_large_image","twitter_misc":{"Yazan:":"tamer","Tahmini okuma s\u00fcresi":"6 dakika"},"schema":{"@context":"https:\/\/schema.org","@graph":[{"@type":"Article","@id":"https:\/\/batitrakya.live\/index.php\/ahiska-turklerinin-surgun-edilisinin-77-yili\/#article","isPartOf":{"@id":"https:\/\/batitrakya.live\/index.php\/ahiska-turklerinin-surgun-edilisinin-77-yili\/"},"author":{"name":"tamer","@id":"https:\/\/batitrakya.live\/#\/schema\/person\/61b86abbc19e5fa0bbc3059670546fe5"},"headline":"Ah\u0131ska T\u00fcrklerinin s\u00fcrg\u00fcn edili\u015finin 77. y\u0131l\u0131&#8230;","datePublished":"2021-11-14T17:13:53+00:00","mainEntityOfPage":{"@id":"https:\/\/batitrakya.live\/index.php\/ahiska-turklerinin-surgun-edilisinin-77-yili\/"},"wordCount":1874,"commentCount":0,"image":{"@id":"https:\/\/batitrakya.live\/index.php\/ahiska-turklerinin-surgun-edilisinin-77-yili\/#primaryimage"},"thumbnailUrl":"https:\/\/batitrakya.live\/wp-content\/uploads\/2021\/11\/ahiska_turkleri.jpg","keywords":["Ah\u0131ska T\u00fcrkleri","S\u00fcrg\u00fcn","T\u00fcrk Tarihi"],"articleSection":["Tarih | K\u00fclt\u00fcr","T\u00fcrkiye | D\u00fcnya | G\u00fcndem"],"inLanguage":"tr","potentialAction":[{"@type":"CommentAction","name":"Comment","target":["https:\/\/batitrakya.live\/index.php\/ahiska-turklerinin-surgun-edilisinin-77-yili\/#respond"]}],"copyrightYear":"2021","copyrightHolder":{"@id":"https:\/\/batitrakya.live\/#organization"}},{"@type":"WebPage","@id":"https:\/\/batitrakya.live\/index.php\/ahiska-turklerinin-surgun-edilisinin-77-yili\/","url":"https:\/\/batitrakya.live\/index.php\/ahiska-turklerinin-surgun-edilisinin-77-yili\/","name":"Ah\u0131ska T\u00fcrklerinin s\u00fcrg\u00fcn edili\u015finin 77. y\u0131l\u0131... - Bat\u0131 Trakya Haber","isPartOf":{"@id":"https:\/\/batitrakya.live\/#website"},"primaryImageOfPage":{"@id":"https:\/\/batitrakya.live\/index.php\/ahiska-turklerinin-surgun-edilisinin-77-yili\/#primaryimage"},"image":{"@id":"https:\/\/batitrakya.live\/index.php\/ahiska-turklerinin-surgun-edilisinin-77-yili\/#primaryimage"},"thumbnailUrl":"https:\/\/batitrakya.live\/wp-content\/uploads\/2021\/11\/ahiska_turkleri.jpg","datePublished":"2021-11-14T17:13:53+00:00","author":{"@id":"https:\/\/batitrakya.live\/#\/schema\/person\/61b86abbc19e5fa0bbc3059670546fe5"},"breadcrumb":{"@id":"https:\/\/batitrakya.live\/index.php\/ahiska-turklerinin-surgun-edilisinin-77-yili\/#breadcrumb"},"inLanguage":"tr","potentialAction":[{"@type":"ReadAction","target":["https:\/\/batitrakya.live\/index.php\/ahiska-turklerinin-surgun-edilisinin-77-yili\/"]}]},{"@type":"ImageObject","inLanguage":"tr","@id":"https:\/\/batitrakya.live\/index.php\/ahiska-turklerinin-surgun-edilisinin-77-yili\/#primaryimage","url":"https:\/\/batitrakya.live\/wp-content\/uploads\/2021\/11\/ahiska_turkleri.jpg","contentUrl":"https:\/\/batitrakya.live\/wp-content\/uploads\/2021\/11\/ahiska_turkleri.jpg","width":720,"height":348},{"@type":"BreadcrumbList","@id":"https:\/\/batitrakya.live\/index.php\/ahiska-turklerinin-surgun-edilisinin-77-yili\/#breadcrumb","itemListElement":[{"@type":"ListItem","position":1,"name":"Anasayfa","item":"https:\/\/batitrakya.live\/"},{"@type":"ListItem","position":2,"name":"Ah\u0131ska T\u00fcrklerinin s\u00fcrg\u00fcn edili\u015finin 77. y\u0131l\u0131&#8230;"}]},{"@type":"WebSite","@id":"https:\/\/batitrakya.live\/#website","url":"https:\/\/batitrakya.live\/","name":"Bat\u0131 Trakya Haber","description":"Bat\u0131 Trakyan\u0131n internetteki sesi..","potentialAction":[{"@type":"SearchAction","target":{"@type":"EntryPoint","urlTemplate":"https:\/\/batitrakya.live\/?s={search_term_string}"},"query-input":{"@type":"PropertyValueSpecification","valueRequired":true,"valueName":"search_term_string"}}],"inLanguage":"tr"},{"@type":"Person","@id":"https:\/\/batitrakya.live\/#\/schema\/person\/61b86abbc19e5fa0bbc3059670546fe5","name":"tamer","image":{"@type":"ImageObject","inLanguage":"tr","@id":"https:\/\/secure.gravatar.com\/avatar\/60b0ff14c4376999cea9565d28b91fc61ff0f727c28cd083506a6d83ad6df9c9?s=96&d=mm&r=g","url":"https:\/\/secure.gravatar.com\/avatar\/60b0ff14c4376999cea9565d28b91fc61ff0f727c28cd083506a6d83ad6df9c9?s=96&d=mm&r=g","contentUrl":"https:\/\/secure.gravatar.com\/avatar\/60b0ff14c4376999cea9565d28b91fc61ff0f727c28cd083506a6d83ad6df9c9?s=96&d=mm&r=g","caption":"tamer"},"sameAs":["https:\/\/batitrakya.live"],"url":"https:\/\/batitrakya.live\/index.php\/author\/tamer\/"}]}},"_links":{"self":[{"href":"https:\/\/batitrakya.live\/index.php\/wp-json\/wp\/v2\/posts\/38598","targetHints":{"allow":["GET"]}}],"collection":[{"href":"https:\/\/batitrakya.live\/index.php\/wp-json\/wp\/v2\/posts"}],"about":[{"href":"https:\/\/batitrakya.live\/index.php\/wp-json\/wp\/v2\/types\/post"}],"author":[{"embeddable":true,"href":"https:\/\/batitrakya.live\/index.php\/wp-json\/wp\/v2\/users\/1"}],"replies":[{"embeddable":true,"href":"https:\/\/batitrakya.live\/index.php\/wp-json\/wp\/v2\/comments?post=38598"}],"version-history":[{"count":0,"href":"https:\/\/batitrakya.live\/index.php\/wp-json\/wp\/v2\/posts\/38598\/revisions"}],"wp:featuredmedia":[{"embeddable":true,"href":"https:\/\/batitrakya.live\/index.php\/wp-json\/wp\/v2\/media\/38600"}],"wp:attachment":[{"href":"https:\/\/batitrakya.live\/index.php\/wp-json\/wp\/v2\/media?parent=38598"}],"wp:term":[{"taxonomy":"category","embeddable":true,"href":"https:\/\/batitrakya.live\/index.php\/wp-json\/wp\/v2\/categories?post=38598"},{"taxonomy":"post_tag","embeddable":true,"href":"https:\/\/batitrakya.live\/index.php\/wp-json\/wp\/v2\/tags?post=38598"}],"curies":[{"name":"wp","href":"https:\/\/api.w.org\/{rel}","templated":true}]}}