{"id":37940,"date":"2021-10-04T19:30:21","date_gmt":"2021-10-04T16:30:21","guid":{"rendered":"https:\/\/batitrakya.live\/?p=37940"},"modified":"2021-10-04T19:30:21","modified_gmt":"2021-10-04T16:30:21","slug":"yunanistan-mufredatinin-urettigi-kafa-turk-nefreti","status":"publish","type":"post","link":"https:\/\/batitrakya.live\/index.php\/yunanistan-mufredatinin-urettigi-kafa-turk-nefreti\/","title":{"rendered":"Yunanistan m\u00fcfredat\u0131n\u0131n \u00fcretti\u011fi kafa: &#8221;T\u00fcrk nefreti&#8221;&#8230;!"},"content":{"rendered":"<p>Yunan futbol grubu Olympiakos\u2019un sahibi Evangelos Marinakis\u2019in Fenerbah\u00e7e ma\u00e7\u0131n\u0131n akabinde sarf etti\u011fi \u201c\u0130stanbul\u2019da, kendi kentimizde bu t\u00fcrl\u00fc bir galibiyet elde etmek \u00e7ok \u00f6nemliydi\u201d s\u00f6zleri tart\u0131\u015f\u0131lmaya devam ediyor.<\/p>\n<p>Marinakis\u2019in s\u00f6zleri ferdi bir \u00e7\u0131k\u0131\u015f \u00fczere sunulsa da, bu hezeyan\u0131n alt\u0131nda Yunanistan e\u011fitim m\u00fcfredat\u0131 ve kilisede verilen e\u011fitimdeki nefret yat\u0131yor.<\/p>\n<p>Yunanistan\u2019da birinci, orta ve y\u00fcksek\u00f6\u011fretimde ders kitaplar\u0131n sistematik olarak T\u00fcrk d\u00fc\u015fmanl\u0131\u011f\u0131 i\u015fleniyor. \u0130lk\u00f6\u011fretim okullar\u0131nda \u0130stanbul\u2019dan Konstantinopolis olarak bahsedilirken, \u2018\u0130stanbul diye bir yer olmad\u0131\u011f\u0131&#8217; vurgulan\u0131yor.<\/p>\n<h3><strong>T\u00dcRKLERE CANAVAR YAKI\u015eTIRMASI<\/strong><\/h3>\n<p>Bir lise kitab\u0131nda ise \u0130stanbul\u2019u fetheden T\u00fcrklerden \u2018canavarlar\u2019 olarak bahsediliyor.<em><strong> \u201cBu g\u00fcc\u00fc izlemek vahim ve hem de pervas\u0131zl\u0131kt\u0131r. Gionvanni Giustiniani (Cenevizli general) \u00fczere birka\u00e7 sava\u015f\u00e7\u0131 korkusuzca, \u00e7\u0131\u011fl\u0131klarla ko\u015fup T\u00fcrklere kar\u015f\u0131l\u0131k verdi\u2026\u201d<\/strong><\/em> tabirleri kullan\u0131l\u0131yor. Bir \u00f6b\u00fcr ders kitab\u0131nda ise \u0130stanbul\u2019un d\u00fc\u015fmesinden felaket ve yas g\u00fcn\u00fc olarak bahsedilerek<em><strong> \u201c\u015eehir militanlar\u0131 teslim oldu. Katliam ve ya\u011fma \u00fc\u00e7 g\u00fcn s\u00fcrd\u00fc\u201d<\/strong><\/em> \u00fczere c\u00fcmlelerle T\u00fcrk d\u00fc\u015fmanl\u0131\u011f\u0131 k\u00f6r\u00fckleniyor<\/p>\n<p>Ders kitaplar\u0131nda yer alan haritalarda \u0130zmir ve \u0130stanbul dahil t\u00fcm Trakya Yunan topraklar\u0131 ile t\u0131pk\u0131 renkte g\u00f6steriliyor.<\/p>\n<p>Tekrar birebir ders kitab\u0131nda<em><strong> \u201c\u0130sl\u00e2m hukukuna nazaran fethedilen topraklar\u0131n sakinlerinin \u0130slamla\u015fma ve katliam ortas\u0131nda se\u00e7imi vard\u0131\u201d<\/strong> <\/em>denilerek Osmanl\u0131\u2019n\u0131n Rum halk\u0131n\u0131 zorla M\u00fcsl\u00fcmanla\u015ft\u0131rd\u0131\u011f\u0131 tez ediliyor. M\u00fcsl\u00fcman olmayanlar\u0131n ise katledildi\u011fi \u00f6ne s\u00fcr\u00fcl\u00fcyor.<\/p>\n<p>Kitaplardaki yak\u0131n tarih bilgilerinde de ise daha \u00fcrk\u00fct\u00fcc\u00fc tablolar \u00e7iziliyor. \u0130zmir\u2019in Yunan i\u015fgalinden temizlenmesi \u2018T\u00fcrkler \u0130zmir\u2019i yakt\u0131\u2019, \u2018Rumlar g\u00f6\u00e7e zorland\u0131\u2019 \u00fczere vurgular yer al\u0131yor.<\/p>\n<p>Kitaplardaki yak\u0131n tarih bilgilerinde ise yer verilen bir g\u00f6rselde Osmanl\u0131 sar\u0131kl\u0131 bir y\u0131lan olarak tasvir edildi.<\/p>\n<p>Her sat\u0131r\u0131 T\u00fcrk d\u00fc\u015fmanl\u0131\u011f\u0131 ile dolu e\u011fitim kitaplar\u0131nda \u0130stanbul\u2019u fetheden T\u00fcrklerden \u2018canavarlar\u2019 olarak bahsediliyor.<\/p>\n<p>1932 y\u0131l\u0131nda binlerce Rum\u2019un \u2018Konstantinopolis\u2019i terk etmeye zorland\u0131\u011f\u0131\u2019 \u00f6ne s\u00fcr\u00fcl\u00fcyor.<\/p>\n<p><em><strong>\u201cTarihi Bahisler II\u201d isimli ders kitab\u0131nda ise \u201cK\u0131br\u0131s Trajedisi\u201d ba\u015fl\u0131\u011f\u0131 alt\u0131nda \u015fu bilgiler veriliyor: \u201cBinlerce insan ve y\u00fczlerce sivil, sald\u0131rganlar taraf\u0131ndan istismar edildi ve \u00f6ld\u00fcr\u00fcld\u00fc. 1974 yaz\u0131nda i\u015fgal kurban\u0131 3.000 meyyit oldu\u011fu kestirim ediliyor. Kurbanlar d\u0131\u015f\u0131nda sivil, bayan ve \u00e7ocuklar d\u00e2hil olmak \u00fczere bir 619 ki\u015fi kayboldu\u2026\u201d<\/strong><\/em><\/p>\n<p>T\u00fcrk d\u00fc\u015fmanl\u0131\u011f\u0131 yaln\u0131zca okullarda de\u011fil, kilise ve k\u0131\u015flalarda da ilmek ilmek i\u015fleniyor. Yunan kilisesi ve askeri k\u0131\u015flalara yolu d\u00fc\u015fen her Yunan vatanda\u015f\u0131n\u0131n T\u00fcrk tersi bir s\u00f6yleme maruz kald\u0131\u011f\u0131 belirtiliyor.<\/p>\n","protected":false},"excerpt":{"rendered":"<p>Yunan futbol grubu Olympiakos\u2019un sahibi Evangelos Marinakis\u2019in Fenerbah\u00e7e ma\u00e7\u0131n\u0131n akabinde sarf etti\u011fi \u201c\u0130stanbul\u2019da, kendi kentimizde bu t\u00fcrl\u00fc bir galibiyet elde etmek \u00e7ok \u00f6nemliydi\u201d s\u00f6zleri tart\u0131\u015f\u0131lmaya devam ediyor. Marinakis\u2019in s\u00f6zleri ferdi bir \u00e7\u0131k\u0131\u015f \u00fczere sunulsa da, bu hezeyan\u0131n alt\u0131nda Yunanistan e\u011fitim m\u00fcfredat\u0131 ve kilisede verilen e\u011fitimdeki nefret yat\u0131yor. Yunanistan\u2019da birinci, orta ve y\u00fcksek\u00f6\u011fretimde ders kitaplar\u0131n sistematik &hellip;<\/p>\n","protected":false},"author":1,"featured_media":37942,"comment_status":"open","ping_status":"open","sticky":false,"template":"","format":"standard","meta":{"footnotes":""},"categories":[49],"tags":[44,26],"class_list":["post-37940","post","type-post","status-publish","format-standard","has-post-thumbnail","hentry","category-editorun-sectikleri","tag-egitim","tag-yunanistan"],"yoast_head":"<!-- This site is optimized with the Yoast SEO Premium plugin v26.3 (Yoast SEO v27.3) - https:\/\/yoast.com\/product\/yoast-seo-premium-wordpress\/ -->\n<title>Yunanistan m\u00fcfredat\u0131n\u0131n \u00fcretti\u011fi kafa: &#039;&#039;T\u00fcrk nefreti&#039;&#039;...! - Bat\u0131 Trakya Haber<\/title>\n<meta name=\"robots\" content=\"index, follow, max-snippet:-1, max-image-preview:large, max-video-preview:-1\" \/>\n<link rel=\"canonical\" href=\"https:\/\/batitrakya.live\/index.php\/yunanistan-mufredatinin-urettigi-kafa-turk-nefreti\/\" \/>\n<meta property=\"og:locale\" content=\"tr_TR\" \/>\n<meta property=\"og:type\" content=\"article\" \/>\n<meta property=\"og:title\" content=\"Yunanistan m\u00fcfredat\u0131n\u0131n \u00fcretti\u011fi kafa: &#039;&#039;T\u00fcrk nefreti&#039;&#039;...!\" \/>\n<meta property=\"og:description\" content=\"Yunan futbol grubu Olympiakos\u2019un sahibi Evangelos Marinakis\u2019in Fenerbah\u00e7e ma\u00e7\u0131n\u0131n akabinde sarf etti\u011fi \u201c\u0130stanbul\u2019da, kendi kentimizde bu t\u00fcrl\u00fc bir galibiyet elde etmek \u00e7ok \u00f6nemliydi\u201d s\u00f6zleri tart\u0131\u015f\u0131lmaya devam ediyor. Marinakis\u2019in s\u00f6zleri ferdi bir \u00e7\u0131k\u0131\u015f \u00fczere sunulsa da, bu hezeyan\u0131n alt\u0131nda Yunanistan e\u011fitim m\u00fcfredat\u0131 ve kilisede verilen e\u011fitimdeki nefret yat\u0131yor. Yunanistan\u2019da birinci, orta ve y\u00fcksek\u00f6\u011fretimde ders kitaplar\u0131n sistematik &hellip;\" \/>\n<meta property=\"og:url\" content=\"https:\/\/batitrakya.live\/index.php\/yunanistan-mufredatinin-urettigi-kafa-turk-nefreti\/\" \/>\n<meta property=\"og:site_name\" content=\"Bat\u0131 Trakya Haber\" \/>\n<meta property=\"article:published_time\" content=\"2021-10-04T16:30:21+00:00\" \/>\n<meta property=\"og:image\" content=\"https:\/\/batitrakya.live\/wp-content\/uploads\/2021\/10\/nefret_yunan.jpg\" \/>\n\t<meta property=\"og:image:width\" content=\"720\" \/>\n\t<meta property=\"og:image:height\" content=\"348\" \/>\n\t<meta property=\"og:image:type\" content=\"image\/jpeg\" \/>\n<meta name=\"author\" content=\"tamer\" \/>\n<meta name=\"twitter:card\" content=\"summary_large_image\" \/>\n<meta name=\"twitter:label1\" content=\"Yazan:\" \/>\n\t<meta name=\"twitter:data1\" content=\"tamer\" \/>\n\t<meta name=\"twitter:label2\" content=\"Tahmini okuma s\u00fcresi\" \/>\n\t<meta name=\"twitter:data2\" content=\"2 dakika\" \/>\n<script type=\"application\/ld+json\" class=\"yoast-schema-graph\">{\"@context\":\"https:\\\/\\\/schema.org\",\"@graph\":[{\"@type\":\"Article\",\"@id\":\"https:\\\/\\\/batitrakya.live\\\/index.php\\\/yunanistan-mufredatinin-urettigi-kafa-turk-nefreti\\\/#article\",\"isPartOf\":{\"@id\":\"https:\\\/\\\/batitrakya.live\\\/index.php\\\/yunanistan-mufredatinin-urettigi-kafa-turk-nefreti\\\/\"},\"author\":{\"name\":\"tamer\",\"@id\":\"https:\\\/\\\/batitrakya.live\\\/#\\\/schema\\\/person\\\/61b86abbc19e5fa0bbc3059670546fe5\"},\"headline\":\"Yunanistan m\u00fcfredat\u0131n\u0131n \u00fcretti\u011fi kafa: &#8221;T\u00fcrk nefreti&#8221;&#8230;!\",\"datePublished\":\"2021-10-04T16:30:21+00:00\",\"mainEntityOfPage\":{\"@id\":\"https:\\\/\\\/batitrakya.live\\\/index.php\\\/yunanistan-mufredatinin-urettigi-kafa-turk-nefreti\\\/\"},\"wordCount\":465,\"commentCount\":0,\"image\":{\"@id\":\"https:\\\/\\\/batitrakya.live\\\/index.php\\\/yunanistan-mufredatinin-urettigi-kafa-turk-nefreti\\\/#primaryimage\"},\"thumbnailUrl\":\"https:\\\/\\\/batitrakya.live\\\/wp-content\\\/uploads\\\/2021\\\/10\\\/nefret_yunan.jpg\",\"keywords\":[\"E\u011fitim\",\"Yunanistan\"],\"articleSection\":[\"Edit\u00f6r\u00fcn Se\u00e7tikleri\"],\"inLanguage\":\"tr\",\"potentialAction\":[{\"@type\":\"CommentAction\",\"name\":\"Comment\",\"target\":[\"https:\\\/\\\/batitrakya.live\\\/index.php\\\/yunanistan-mufredatinin-urettigi-kafa-turk-nefreti\\\/#respond\"]}],\"copyrightYear\":\"2021\",\"copyrightHolder\":{\"@id\":\"https:\\\/\\\/batitrakya.live\\\/#organization\"}},{\"@type\":\"WebPage\",\"@id\":\"https:\\\/\\\/batitrakya.live\\\/index.php\\\/yunanistan-mufredatinin-urettigi-kafa-turk-nefreti\\\/\",\"url\":\"https:\\\/\\\/batitrakya.live\\\/index.php\\\/yunanistan-mufredatinin-urettigi-kafa-turk-nefreti\\\/\",\"name\":\"Yunanistan m\u00fcfredat\u0131n\u0131n \u00fcretti\u011fi kafa: ''T\u00fcrk nefreti''...! - Bat\u0131 Trakya Haber\",\"isPartOf\":{\"@id\":\"https:\\\/\\\/batitrakya.live\\\/#website\"},\"primaryImageOfPage\":{\"@id\":\"https:\\\/\\\/batitrakya.live\\\/index.php\\\/yunanistan-mufredatinin-urettigi-kafa-turk-nefreti\\\/#primaryimage\"},\"image\":{\"@id\":\"https:\\\/\\\/batitrakya.live\\\/index.php\\\/yunanistan-mufredatinin-urettigi-kafa-turk-nefreti\\\/#primaryimage\"},\"thumbnailUrl\":\"https:\\\/\\\/batitrakya.live\\\/wp-content\\\/uploads\\\/2021\\\/10\\\/nefret_yunan.jpg\",\"datePublished\":\"2021-10-04T16:30:21+00:00\",\"author\":{\"@id\":\"https:\\\/\\\/batitrakya.live\\\/#\\\/schema\\\/person\\\/61b86abbc19e5fa0bbc3059670546fe5\"},\"breadcrumb\":{\"@id\":\"https:\\\/\\\/batitrakya.live\\\/index.php\\\/yunanistan-mufredatinin-urettigi-kafa-turk-nefreti\\\/#breadcrumb\"},\"inLanguage\":\"tr\",\"potentialAction\":[{\"@type\":\"ReadAction\",\"target\":[\"https:\\\/\\\/batitrakya.live\\\/index.php\\\/yunanistan-mufredatinin-urettigi-kafa-turk-nefreti\\\/\"]}]},{\"@type\":\"ImageObject\",\"inLanguage\":\"tr\",\"@id\":\"https:\\\/\\\/batitrakya.live\\\/index.php\\\/yunanistan-mufredatinin-urettigi-kafa-turk-nefreti\\\/#primaryimage\",\"url\":\"https:\\\/\\\/batitrakya.live\\\/wp-content\\\/uploads\\\/2021\\\/10\\\/nefret_yunan.jpg\",\"contentUrl\":\"https:\\\/\\\/batitrakya.live\\\/wp-content\\\/uploads\\\/2021\\\/10\\\/nefret_yunan.jpg\",\"width\":720,\"height\":348},{\"@type\":\"BreadcrumbList\",\"@id\":\"https:\\\/\\\/batitrakya.live\\\/index.php\\\/yunanistan-mufredatinin-urettigi-kafa-turk-nefreti\\\/#breadcrumb\",\"itemListElement\":[{\"@type\":\"ListItem\",\"position\":1,\"name\":\"Anasayfa\",\"item\":\"https:\\\/\\\/batitrakya.live\\\/\"},{\"@type\":\"ListItem\",\"position\":2,\"name\":\"Yunanistan m\u00fcfredat\u0131n\u0131n \u00fcretti\u011fi kafa: &#8221;T\u00fcrk nefreti&#8221;&#8230;!\"}]},{\"@type\":\"WebSite\",\"@id\":\"https:\\\/\\\/batitrakya.live\\\/#website\",\"url\":\"https:\\\/\\\/batitrakya.live\\\/\",\"name\":\"Bat\u0131 Trakya Haber\",\"description\":\"Bat\u0131 Trakyan\u0131n internetteki sesi..\",\"potentialAction\":[{\"@type\":\"SearchAction\",\"target\":{\"@type\":\"EntryPoint\",\"urlTemplate\":\"https:\\\/\\\/batitrakya.live\\\/?s={search_term_string}\"},\"query-input\":{\"@type\":\"PropertyValueSpecification\",\"valueRequired\":true,\"valueName\":\"search_term_string\"}}],\"inLanguage\":\"tr\"},{\"@type\":\"Person\",\"@id\":\"https:\\\/\\\/batitrakya.live\\\/#\\\/schema\\\/person\\\/61b86abbc19e5fa0bbc3059670546fe5\",\"name\":\"tamer\",\"image\":{\"@type\":\"ImageObject\",\"inLanguage\":\"tr\",\"@id\":\"https:\\\/\\\/secure.gravatar.com\\\/avatar\\\/60b0ff14c4376999cea9565d28b91fc61ff0f727c28cd083506a6d83ad6df9c9?s=96&d=mm&r=g\",\"url\":\"https:\\\/\\\/secure.gravatar.com\\\/avatar\\\/60b0ff14c4376999cea9565d28b91fc61ff0f727c28cd083506a6d83ad6df9c9?s=96&d=mm&r=g\",\"contentUrl\":\"https:\\\/\\\/secure.gravatar.com\\\/avatar\\\/60b0ff14c4376999cea9565d28b91fc61ff0f727c28cd083506a6d83ad6df9c9?s=96&d=mm&r=g\",\"caption\":\"tamer\"},\"sameAs\":[\"https:\\\/\\\/batitrakya.live\"],\"url\":\"https:\\\/\\\/batitrakya.live\\\/index.php\\\/author\\\/tamer\\\/\"}]}<\/script>\n<!-- \/ Yoast SEO Premium plugin. -->","yoast_head_json":{"title":"Yunanistan m\u00fcfredat\u0131n\u0131n \u00fcretti\u011fi kafa: ''T\u00fcrk nefreti''...! - Bat\u0131 Trakya Haber","robots":{"index":"index","follow":"follow","max-snippet":"max-snippet:-1","max-image-preview":"max-image-preview:large","max-video-preview":"max-video-preview:-1"},"canonical":"https:\/\/batitrakya.live\/index.php\/yunanistan-mufredatinin-urettigi-kafa-turk-nefreti\/","og_locale":"tr_TR","og_type":"article","og_title":"Yunanistan m\u00fcfredat\u0131n\u0131n \u00fcretti\u011fi kafa: ''T\u00fcrk nefreti''...!","og_description":"Yunan futbol grubu Olympiakos\u2019un sahibi Evangelos Marinakis\u2019in Fenerbah\u00e7e ma\u00e7\u0131n\u0131n akabinde sarf etti\u011fi \u201c\u0130stanbul\u2019da, kendi kentimizde bu t\u00fcrl\u00fc bir galibiyet elde etmek \u00e7ok \u00f6nemliydi\u201d s\u00f6zleri tart\u0131\u015f\u0131lmaya devam ediyor. Marinakis\u2019in s\u00f6zleri ferdi bir \u00e7\u0131k\u0131\u015f \u00fczere sunulsa da, bu hezeyan\u0131n alt\u0131nda Yunanistan e\u011fitim m\u00fcfredat\u0131 ve kilisede verilen e\u011fitimdeki nefret yat\u0131yor. Yunanistan\u2019da birinci, orta ve y\u00fcksek\u00f6\u011fretimde ders kitaplar\u0131n sistematik &hellip;","og_url":"https:\/\/batitrakya.live\/index.php\/yunanistan-mufredatinin-urettigi-kafa-turk-nefreti\/","og_site_name":"Bat\u0131 Trakya Haber","article_published_time":"2021-10-04T16:30:21+00:00","og_image":[{"width":720,"height":348,"url":"https:\/\/batitrakya.live\/wp-content\/uploads\/2021\/10\/nefret_yunan.jpg","type":"image\/jpeg"}],"author":"tamer","twitter_card":"summary_large_image","twitter_misc":{"Yazan:":"tamer","Tahmini okuma s\u00fcresi":"2 dakika"},"schema":{"@context":"https:\/\/schema.org","@graph":[{"@type":"Article","@id":"https:\/\/batitrakya.live\/index.php\/yunanistan-mufredatinin-urettigi-kafa-turk-nefreti\/#article","isPartOf":{"@id":"https:\/\/batitrakya.live\/index.php\/yunanistan-mufredatinin-urettigi-kafa-turk-nefreti\/"},"author":{"name":"tamer","@id":"https:\/\/batitrakya.live\/#\/schema\/person\/61b86abbc19e5fa0bbc3059670546fe5"},"headline":"Yunanistan m\u00fcfredat\u0131n\u0131n \u00fcretti\u011fi kafa: &#8221;T\u00fcrk nefreti&#8221;&#8230;!","datePublished":"2021-10-04T16:30:21+00:00","mainEntityOfPage":{"@id":"https:\/\/batitrakya.live\/index.php\/yunanistan-mufredatinin-urettigi-kafa-turk-nefreti\/"},"wordCount":465,"commentCount":0,"image":{"@id":"https:\/\/batitrakya.live\/index.php\/yunanistan-mufredatinin-urettigi-kafa-turk-nefreti\/#primaryimage"},"thumbnailUrl":"https:\/\/batitrakya.live\/wp-content\/uploads\/2021\/10\/nefret_yunan.jpg","keywords":["E\u011fitim","Yunanistan"],"articleSection":["Edit\u00f6r\u00fcn Se\u00e7tikleri"],"inLanguage":"tr","potentialAction":[{"@type":"CommentAction","name":"Comment","target":["https:\/\/batitrakya.live\/index.php\/yunanistan-mufredatinin-urettigi-kafa-turk-nefreti\/#respond"]}],"copyrightYear":"2021","copyrightHolder":{"@id":"https:\/\/batitrakya.live\/#organization"}},{"@type":"WebPage","@id":"https:\/\/batitrakya.live\/index.php\/yunanistan-mufredatinin-urettigi-kafa-turk-nefreti\/","url":"https:\/\/batitrakya.live\/index.php\/yunanistan-mufredatinin-urettigi-kafa-turk-nefreti\/","name":"Yunanistan m\u00fcfredat\u0131n\u0131n \u00fcretti\u011fi kafa: ''T\u00fcrk nefreti''...! - Bat\u0131 Trakya Haber","isPartOf":{"@id":"https:\/\/batitrakya.live\/#website"},"primaryImageOfPage":{"@id":"https:\/\/batitrakya.live\/index.php\/yunanistan-mufredatinin-urettigi-kafa-turk-nefreti\/#primaryimage"},"image":{"@id":"https:\/\/batitrakya.live\/index.php\/yunanistan-mufredatinin-urettigi-kafa-turk-nefreti\/#primaryimage"},"thumbnailUrl":"https:\/\/batitrakya.live\/wp-content\/uploads\/2021\/10\/nefret_yunan.jpg","datePublished":"2021-10-04T16:30:21+00:00","author":{"@id":"https:\/\/batitrakya.live\/#\/schema\/person\/61b86abbc19e5fa0bbc3059670546fe5"},"breadcrumb":{"@id":"https:\/\/batitrakya.live\/index.php\/yunanistan-mufredatinin-urettigi-kafa-turk-nefreti\/#breadcrumb"},"inLanguage":"tr","potentialAction":[{"@type":"ReadAction","target":["https:\/\/batitrakya.live\/index.php\/yunanistan-mufredatinin-urettigi-kafa-turk-nefreti\/"]}]},{"@type":"ImageObject","inLanguage":"tr","@id":"https:\/\/batitrakya.live\/index.php\/yunanistan-mufredatinin-urettigi-kafa-turk-nefreti\/#primaryimage","url":"https:\/\/batitrakya.live\/wp-content\/uploads\/2021\/10\/nefret_yunan.jpg","contentUrl":"https:\/\/batitrakya.live\/wp-content\/uploads\/2021\/10\/nefret_yunan.jpg","width":720,"height":348},{"@type":"BreadcrumbList","@id":"https:\/\/batitrakya.live\/index.php\/yunanistan-mufredatinin-urettigi-kafa-turk-nefreti\/#breadcrumb","itemListElement":[{"@type":"ListItem","position":1,"name":"Anasayfa","item":"https:\/\/batitrakya.live\/"},{"@type":"ListItem","position":2,"name":"Yunanistan m\u00fcfredat\u0131n\u0131n \u00fcretti\u011fi kafa: &#8221;T\u00fcrk nefreti&#8221;&#8230;!"}]},{"@type":"WebSite","@id":"https:\/\/batitrakya.live\/#website","url":"https:\/\/batitrakya.live\/","name":"Bat\u0131 Trakya Haber","description":"Bat\u0131 Trakyan\u0131n internetteki sesi..","potentialAction":[{"@type":"SearchAction","target":{"@type":"EntryPoint","urlTemplate":"https:\/\/batitrakya.live\/?s={search_term_string}"},"query-input":{"@type":"PropertyValueSpecification","valueRequired":true,"valueName":"search_term_string"}}],"inLanguage":"tr"},{"@type":"Person","@id":"https:\/\/batitrakya.live\/#\/schema\/person\/61b86abbc19e5fa0bbc3059670546fe5","name":"tamer","image":{"@type":"ImageObject","inLanguage":"tr","@id":"https:\/\/secure.gravatar.com\/avatar\/60b0ff14c4376999cea9565d28b91fc61ff0f727c28cd083506a6d83ad6df9c9?s=96&d=mm&r=g","url":"https:\/\/secure.gravatar.com\/avatar\/60b0ff14c4376999cea9565d28b91fc61ff0f727c28cd083506a6d83ad6df9c9?s=96&d=mm&r=g","contentUrl":"https:\/\/secure.gravatar.com\/avatar\/60b0ff14c4376999cea9565d28b91fc61ff0f727c28cd083506a6d83ad6df9c9?s=96&d=mm&r=g","caption":"tamer"},"sameAs":["https:\/\/batitrakya.live"],"url":"https:\/\/batitrakya.live\/index.php\/author\/tamer\/"}]}},"_links":{"self":[{"href":"https:\/\/batitrakya.live\/index.php\/wp-json\/wp\/v2\/posts\/37940","targetHints":{"allow":["GET"]}}],"collection":[{"href":"https:\/\/batitrakya.live\/index.php\/wp-json\/wp\/v2\/posts"}],"about":[{"href":"https:\/\/batitrakya.live\/index.php\/wp-json\/wp\/v2\/types\/post"}],"author":[{"embeddable":true,"href":"https:\/\/batitrakya.live\/index.php\/wp-json\/wp\/v2\/users\/1"}],"replies":[{"embeddable":true,"href":"https:\/\/batitrakya.live\/index.php\/wp-json\/wp\/v2\/comments?post=37940"}],"version-history":[{"count":0,"href":"https:\/\/batitrakya.live\/index.php\/wp-json\/wp\/v2\/posts\/37940\/revisions"}],"wp:featuredmedia":[{"embeddable":true,"href":"https:\/\/batitrakya.live\/index.php\/wp-json\/wp\/v2\/media\/37942"}],"wp:attachment":[{"href":"https:\/\/batitrakya.live\/index.php\/wp-json\/wp\/v2\/media?parent=37940"}],"wp:term":[{"taxonomy":"category","embeddable":true,"href":"https:\/\/batitrakya.live\/index.php\/wp-json\/wp\/v2\/categories?post=37940"},{"taxonomy":"post_tag","embeddable":true,"href":"https:\/\/batitrakya.live\/index.php\/wp-json\/wp\/v2\/tags?post=37940"}],"curies":[{"name":"wp","href":"https:\/\/api.w.org\/{rel}","templated":true}]}}