{"id":37526,"date":"2021-09-07T20:02:01","date_gmt":"2021-09-07T17:02:01","guid":{"rendered":"https:\/\/batitrakya.live\/?p=37526"},"modified":"2021-09-07T20:02:01","modified_gmt":"2021-09-07T17:02:01","slug":"yunanistan-din-ogreticilerinin-isimlerini-isimleri-acikladi","status":"publish","type":"post","link":"https:\/\/batitrakya.live\/index.php\/yunanistan-din-ogreticilerinin-isimlerini-isimleri-acikladi\/","title":{"rendered":"Yunanistan din \u00f6\u011freticilerinin isimlerini a\u00e7\u0131klad\u0131!&#8230;"},"content":{"rendered":"\n<p>Yunanistan E\u011fitim ve Din \u0130\u015fleri Bakanl\u0131\u011f\u0131 \u201c240 \u0130mam yasas\u0131\u201d kapsam\u0131nda Bat\u0131 Trakya\u2019da g\u00f6revlendirece\u011fi din \u00f6\u011freticilerinin isimlerini a\u00e7\u0131klad\u0131 ve ilgili M\u00fcft\u00fcl\u00fcklere g\u00f6nderdi.<\/p>\n\n\n\n<p>Yunanistan E\u011fitim ve Din \u0130\u015fleri Bakanl\u0131\u011f\u0131 taraf\u0131ndan a\u00e7\u0131klanan ve \u039a.\u03a5.\u0391. 76574\/\u03981\/28-06-2021 (\u03a6\u0395\u039a \u0391\u03a3\u0395\u03a0 37\/30-06-2021) tarihli ve say\u0131l\u0131 Resmi Gazete\u2019de yay\u0131nlanan karar gere\u011fi, G\u00fcm\u00fclcine, \u0130ske\u00e7e ve Dimetoka Tayinli M\u00fcft\u00fcl\u00fcklerine ba\u011fl\u0131 olarak, \u0130slam Dini \u00d6\u011freticisi olarak g\u00f6revlendirilecek adaylar\u0131n isimlerini i\u00e7eren bir tablo a\u00e7\u0131kland\u0131.<\/p>\n\n\n\n<p>Toplamda \u00fc\u00e7 ilde g\u00f6rev alacak 85 ki\u015fiden olu\u015fan (G\u00fcm\u00fclcine-Komotini 39, \u0130ske\u00e7e \u2013 Ksanthi 22 ve Meri\u00e7-Evros 24) s\u00f6zle\u015fmeli memur olarak g\u00f6revlendirilecek adaylar\u0131n en ge\u00e7 ilan edildi\u011fi tarihten 10 Eyl\u00fcl 2021 Cuma g\u00fcn\u00fc saat 11:00\u2019e kadar ilgili Orta\u00f6\u011fretim M\u00fcd\u00fcrl\u00fcklerine itiraz hakk\u0131 oldu\u011fu belirtiliyor.<\/p>\n\n\n\n<p>A\u00e7\u0131klanan isimler \u015funlar:<\/p>\n\n\n\n<p class=\"has-text-align-center\"><strong>Rodop \u2013 Rodopi \u0130li<\/strong><\/p>\n\n\n<div class=\"wp-block-image\">\n<figure class=\"aligncenter\"><a href=\"https:\/\/birlikgazetesi.org\/wp-content\/uploads\/2021\/09\/240-gum-1.jpg\"><img decoding=\"async\" src=\"https:\/\/birlikgazetesi.org\/wp-content\/uploads\/2021\/09\/240-gum-1.jpg\" alt=\"\" class=\"wp-image-26376\"\/><\/a><\/figure>\n<\/div>\n\n<div class=\"wp-block-image\">\n<figure class=\"aligncenter\"><a href=\"https:\/\/birlikgazetesi.org\/wp-content\/uploads\/2021\/09\/240-gum-2.jpg\"><img decoding=\"async\" src=\"https:\/\/birlikgazetesi.org\/wp-content\/uploads\/2021\/09\/240-gum-2.jpg\" alt=\"\" class=\"wp-image-26377\"\/><\/a><\/figure>\n<\/div>\n\n<div class=\"wp-block-image\">\n<figure class=\"aligncenter\"><a href=\"https:\/\/birlikgazetesi.org\/wp-content\/uploads\/2021\/09\/240-gum-3.jpg\"><img decoding=\"async\" src=\"https:\/\/birlikgazetesi.org\/wp-content\/uploads\/2021\/09\/240-gum-3.jpg\" alt=\"\" class=\"wp-image-26378\"\/><\/a><\/figure>\n<\/div>\n\n\n<hr class=\"wp-block-separator has-css-opacity\"\/>\n\n\n\n<h2 class=\"wp-block-heading\" id=\"h-i-ske-e-ksanthi-i-li\">&nbsp; &nbsp; &nbsp; &nbsp; &nbsp; &nbsp; &nbsp; &nbsp; &nbsp; &nbsp; &nbsp; &nbsp; &nbsp; &nbsp; &nbsp;              &nbsp; &nbsp; \u0130ske\u00e7e \u2013 Ksanthi \u0130li<\/h2>\n\n\n<div class=\"wp-block-image\">\n<figure class=\"aligncenter is-resized\"><a href=\"https:\/\/birlikgazetesi.org\/wp-content\/uploads\/2021\/09\/240-isimler-1.jpg\"><img loading=\"lazy\" decoding=\"async\" src=\"https:\/\/birlikgazetesi.org\/wp-content\/uploads\/2021\/09\/240-isimler-1.jpg\" alt=\"\" class=\"wp-image-26379\" style=\"width:470px;height:592px\" width=\"470\" height=\"592\"\/><\/a><\/figure>\n<\/div>\n\n<div class=\"wp-block-image\">\n<figure class=\"aligncenter is-resized\"><a href=\"https:\/\/birlikgazetesi.org\/wp-content\/uploads\/2021\/09\/240-isimler-2.jpg\"><img loading=\"lazy\" decoding=\"async\" src=\"https:\/\/birlikgazetesi.org\/wp-content\/uploads\/2021\/09\/240-isimler-2.jpg\" alt=\"\" class=\"wp-image-26380\" style=\"width:464px;height:441px\" width=\"464\" height=\"441\"\/><\/a><\/figure>\n<\/div>\n\n\n<hr class=\"wp-block-separator has-css-opacity\"\/>\n\n\n\n<h2 class=\"wp-block-heading has-text-align-center\" id=\"h-meri-evros-i-li\"> &nbsp;Meri\u00e7-Evros \u0130li<a href=\"https:\/\/birlikgazetesi.org\/wp-content\/uploads\/2021\/09\/240-dim-1.jpg\"><\/a><\/h2>\n\n\n<div class=\"wp-block-image\">\n<figure class=\"aligncenter is-resized\"><a href=\"https:\/\/birlikgazetesi.org\/wp-content\/uploads\/2021\/09\/240-dim-2.jpg\"><img loading=\"lazy\" decoding=\"async\" src=\"https:\/\/birlikgazetesi.org\/wp-content\/uploads\/2021\/09\/240-dim-2.jpg\" alt=\"\" class=\"wp-image-26382\" style=\"width:466px;height:459px\" width=\"466\" height=\"459\"\/><\/a><\/figure>\n<\/div>","protected":false},"excerpt":{"rendered":"<p>Yunanistan E\u011fitim ve Din \u0130\u015fleri Bakanl\u0131\u011f\u0131 \u201c240 \u0130mam yasas\u0131\u201d kapsam\u0131nda Bat\u0131 Trakya\u2019da g\u00f6revlendirece\u011fi din \u00f6\u011freticilerinin isimlerini a\u00e7\u0131klad\u0131 ve ilgili M\u00fcft\u00fcl\u00fcklere g\u00f6nderdi. Yunanistan E\u011fitim ve Din \u0130\u015fleri Bakanl\u0131\u011f\u0131 taraf\u0131ndan a\u00e7\u0131klanan ve \u039a.\u03a5.\u0391. 76574\/\u03981\/28-06-2021 (\u03a6\u0395\u039a \u0391\u03a3\u0395\u03a0 37\/30-06-2021) tarihli ve say\u0131l\u0131 Resmi Gazete\u2019de yay\u0131nlanan karar gere\u011fi, G\u00fcm\u00fclcine, \u0130ske\u00e7e ve Dimetoka Tayinli M\u00fcft\u00fcl\u00fcklerine ba\u011fl\u0131 olarak, \u0130slam Dini \u00d6\u011freticisi olarak &hellip;<\/p>\n","protected":false},"author":1,"featured_media":37528,"comment_status":"open","ping_status":"open","sticky":false,"template":"","format":"standard","meta":{"footnotes":""},"categories":[24],"tags":[419,360],"class_list":["post-37526","post","type-post","status-publish","format-standard","has-post-thumbnail","hentry","category-bati-trakyam-haber","tag-240-imam","tag-din"],"yoast_head":"<!-- This site is optimized with the Yoast SEO Premium plugin v26.3 (Yoast SEO v27.3) - https:\/\/yoast.com\/product\/yoast-seo-premium-wordpress\/ -->\n<title>Yunanistan din \u00f6\u011freticilerinin isimlerini a\u00e7\u0131klad\u0131!... - Bat\u0131 Trakya Haber<\/title>\n<meta name=\"robots\" content=\"index, follow, max-snippet:-1, max-image-preview:large, max-video-preview:-1\" \/>\n<link rel=\"canonical\" href=\"https:\/\/batitrakya.live\/index.php\/yunanistan-din-ogreticilerinin-isimlerini-isimleri-acikladi\/\" \/>\n<meta property=\"og:locale\" content=\"tr_TR\" \/>\n<meta property=\"og:type\" content=\"article\" \/>\n<meta property=\"og:title\" content=\"Yunanistan din \u00f6\u011freticilerinin isimlerini a\u00e7\u0131klad\u0131!...\" \/>\n<meta property=\"og:description\" content=\"Yunanistan E\u011fitim ve Din \u0130\u015fleri Bakanl\u0131\u011f\u0131 \u201c240 \u0130mam yasas\u0131\u201d kapsam\u0131nda Bat\u0131 Trakya\u2019da g\u00f6revlendirece\u011fi din \u00f6\u011freticilerinin isimlerini a\u00e7\u0131klad\u0131 ve ilgili M\u00fcft\u00fcl\u00fcklere g\u00f6nderdi. Yunanistan E\u011fitim ve Din \u0130\u015fleri Bakanl\u0131\u011f\u0131 taraf\u0131ndan a\u00e7\u0131klanan ve \u039a.\u03a5.\u0391. 76574\/\u03981\/28-06-2021 (\u03a6\u0395\u039a \u0391\u03a3\u0395\u03a0 37\/30-06-2021) tarihli ve say\u0131l\u0131 Resmi Gazete\u2019de yay\u0131nlanan karar gere\u011fi, G\u00fcm\u00fclcine, \u0130ske\u00e7e ve Dimetoka Tayinli M\u00fcft\u00fcl\u00fcklerine ba\u011fl\u0131 olarak, \u0130slam Dini \u00d6\u011freticisi olarak &hellip;\" \/>\n<meta property=\"og:url\" content=\"https:\/\/batitrakya.live\/index.php\/yunanistan-din-ogreticilerinin-isimlerini-isimleri-acikladi\/\" \/>\n<meta property=\"og:site_name\" content=\"Bat\u0131 Trakya Haber\" \/>\n<meta property=\"article:published_time\" content=\"2021-09-07T17:02:01+00:00\" \/>\n<meta property=\"og:image\" content=\"https:\/\/batitrakya.live\/wp-content\/uploads\/2021\/09\/imam-bayrak.jpg\" \/>\n\t<meta property=\"og:image:width\" content=\"720\" \/>\n\t<meta property=\"og:image:height\" content=\"348\" \/>\n\t<meta property=\"og:image:type\" content=\"image\/jpeg\" \/>\n<meta name=\"author\" content=\"tamer\" \/>\n<meta name=\"twitter:card\" content=\"summary_large_image\" \/>\n<meta name=\"twitter:label1\" content=\"Yazan:\" \/>\n\t<meta name=\"twitter:data1\" content=\"tamer\" \/>\n\t<meta name=\"twitter:label2\" content=\"Tahmini okuma s\u00fcresi\" \/>\n\t<meta name=\"twitter:data2\" content=\"2 dakika\" \/>\n<script type=\"application\/ld+json\" class=\"yoast-schema-graph\">{\"@context\":\"https:\\\/\\\/schema.org\",\"@graph\":[{\"@type\":\"Article\",\"@id\":\"https:\\\/\\\/batitrakya.live\\\/index.php\\\/yunanistan-din-ogreticilerinin-isimlerini-isimleri-acikladi\\\/#article\",\"isPartOf\":{\"@id\":\"https:\\\/\\\/batitrakya.live\\\/index.php\\\/yunanistan-din-ogreticilerinin-isimlerini-isimleri-acikladi\\\/\"},\"author\":{\"name\":\"tamer\",\"@id\":\"https:\\\/\\\/batitrakya.live\\\/#\\\/schema\\\/person\\\/61b86abbc19e5fa0bbc3059670546fe5\"},\"headline\":\"Yunanistan din \u00f6\u011freticilerinin isimlerini a\u00e7\u0131klad\u0131!&#8230;\",\"datePublished\":\"2021-09-07T17:02:01+00:00\",\"mainEntityOfPage\":{\"@id\":\"https:\\\/\\\/batitrakya.live\\\/index.php\\\/yunanistan-din-ogreticilerinin-isimlerini-isimleri-acikladi\\\/\"},\"wordCount\":179,\"commentCount\":0,\"image\":{\"@id\":\"https:\\\/\\\/batitrakya.live\\\/index.php\\\/yunanistan-din-ogreticilerinin-isimlerini-isimleri-acikladi\\\/#primaryimage\"},\"thumbnailUrl\":\"https:\\\/\\\/batitrakya.live\\\/wp-content\\\/uploads\\\/2021\\\/09\\\/imam-bayrak.jpg\",\"keywords\":[\"240 imam\",\"Din\"],\"articleSection\":[\"Bat\u0131 Trakyam Haber\"],\"inLanguage\":\"tr\",\"potentialAction\":[{\"@type\":\"CommentAction\",\"name\":\"Comment\",\"target\":[\"https:\\\/\\\/batitrakya.live\\\/index.php\\\/yunanistan-din-ogreticilerinin-isimlerini-isimleri-acikladi\\\/#respond\"]}],\"copyrightYear\":\"2021\",\"copyrightHolder\":{\"@id\":\"https:\\\/\\\/batitrakya.live\\\/#organization\"}},{\"@type\":\"WebPage\",\"@id\":\"https:\\\/\\\/batitrakya.live\\\/index.php\\\/yunanistan-din-ogreticilerinin-isimlerini-isimleri-acikladi\\\/\",\"url\":\"https:\\\/\\\/batitrakya.live\\\/index.php\\\/yunanistan-din-ogreticilerinin-isimlerini-isimleri-acikladi\\\/\",\"name\":\"Yunanistan din \u00f6\u011freticilerinin isimlerini a\u00e7\u0131klad\u0131!... - Bat\u0131 Trakya Haber\",\"isPartOf\":{\"@id\":\"https:\\\/\\\/batitrakya.live\\\/#website\"},\"primaryImageOfPage\":{\"@id\":\"https:\\\/\\\/batitrakya.live\\\/index.php\\\/yunanistan-din-ogreticilerinin-isimlerini-isimleri-acikladi\\\/#primaryimage\"},\"image\":{\"@id\":\"https:\\\/\\\/batitrakya.live\\\/index.php\\\/yunanistan-din-ogreticilerinin-isimlerini-isimleri-acikladi\\\/#primaryimage\"},\"thumbnailUrl\":\"https:\\\/\\\/batitrakya.live\\\/wp-content\\\/uploads\\\/2021\\\/09\\\/imam-bayrak.jpg\",\"datePublished\":\"2021-09-07T17:02:01+00:00\",\"author\":{\"@id\":\"https:\\\/\\\/batitrakya.live\\\/#\\\/schema\\\/person\\\/61b86abbc19e5fa0bbc3059670546fe5\"},\"breadcrumb\":{\"@id\":\"https:\\\/\\\/batitrakya.live\\\/index.php\\\/yunanistan-din-ogreticilerinin-isimlerini-isimleri-acikladi\\\/#breadcrumb\"},\"inLanguage\":\"tr\",\"potentialAction\":[{\"@type\":\"ReadAction\",\"target\":[\"https:\\\/\\\/batitrakya.live\\\/index.php\\\/yunanistan-din-ogreticilerinin-isimlerini-isimleri-acikladi\\\/\"]}]},{\"@type\":\"ImageObject\",\"inLanguage\":\"tr\",\"@id\":\"https:\\\/\\\/batitrakya.live\\\/index.php\\\/yunanistan-din-ogreticilerinin-isimlerini-isimleri-acikladi\\\/#primaryimage\",\"url\":\"https:\\\/\\\/batitrakya.live\\\/wp-content\\\/uploads\\\/2021\\\/09\\\/imam-bayrak.jpg\",\"contentUrl\":\"https:\\\/\\\/batitrakya.live\\\/wp-content\\\/uploads\\\/2021\\\/09\\\/imam-bayrak.jpg\",\"width\":720,\"height\":348},{\"@type\":\"BreadcrumbList\",\"@id\":\"https:\\\/\\\/batitrakya.live\\\/index.php\\\/yunanistan-din-ogreticilerinin-isimlerini-isimleri-acikladi\\\/#breadcrumb\",\"itemListElement\":[{\"@type\":\"ListItem\",\"position\":1,\"name\":\"Anasayfa\",\"item\":\"https:\\\/\\\/batitrakya.live\\\/\"},{\"@type\":\"ListItem\",\"position\":2,\"name\":\"Yunanistan din \u00f6\u011freticilerinin isimlerini a\u00e7\u0131klad\u0131!&#8230;\"}]},{\"@type\":\"WebSite\",\"@id\":\"https:\\\/\\\/batitrakya.live\\\/#website\",\"url\":\"https:\\\/\\\/batitrakya.live\\\/\",\"name\":\"Bat\u0131 Trakya Haber\",\"description\":\"Bat\u0131 Trakyan\u0131n internetteki sesi..\",\"potentialAction\":[{\"@type\":\"SearchAction\",\"target\":{\"@type\":\"EntryPoint\",\"urlTemplate\":\"https:\\\/\\\/batitrakya.live\\\/?s={search_term_string}\"},\"query-input\":{\"@type\":\"PropertyValueSpecification\",\"valueRequired\":true,\"valueName\":\"search_term_string\"}}],\"inLanguage\":\"tr\"},{\"@type\":\"Person\",\"@id\":\"https:\\\/\\\/batitrakya.live\\\/#\\\/schema\\\/person\\\/61b86abbc19e5fa0bbc3059670546fe5\",\"name\":\"tamer\",\"image\":{\"@type\":\"ImageObject\",\"inLanguage\":\"tr\",\"@id\":\"https:\\\/\\\/secure.gravatar.com\\\/avatar\\\/60b0ff14c4376999cea9565d28b91fc61ff0f727c28cd083506a6d83ad6df9c9?s=96&d=mm&r=g\",\"url\":\"https:\\\/\\\/secure.gravatar.com\\\/avatar\\\/60b0ff14c4376999cea9565d28b91fc61ff0f727c28cd083506a6d83ad6df9c9?s=96&d=mm&r=g\",\"contentUrl\":\"https:\\\/\\\/secure.gravatar.com\\\/avatar\\\/60b0ff14c4376999cea9565d28b91fc61ff0f727c28cd083506a6d83ad6df9c9?s=96&d=mm&r=g\",\"caption\":\"tamer\"},\"sameAs\":[\"https:\\\/\\\/batitrakya.live\"],\"url\":\"https:\\\/\\\/batitrakya.live\\\/index.php\\\/author\\\/tamer\\\/\"}]}<\/script>\n<!-- \/ Yoast SEO Premium plugin. -->","yoast_head_json":{"title":"Yunanistan din \u00f6\u011freticilerinin isimlerini a\u00e7\u0131klad\u0131!... - Bat\u0131 Trakya Haber","robots":{"index":"index","follow":"follow","max-snippet":"max-snippet:-1","max-image-preview":"max-image-preview:large","max-video-preview":"max-video-preview:-1"},"canonical":"https:\/\/batitrakya.live\/index.php\/yunanistan-din-ogreticilerinin-isimlerini-isimleri-acikladi\/","og_locale":"tr_TR","og_type":"article","og_title":"Yunanistan din \u00f6\u011freticilerinin isimlerini a\u00e7\u0131klad\u0131!...","og_description":"Yunanistan E\u011fitim ve Din \u0130\u015fleri Bakanl\u0131\u011f\u0131 \u201c240 \u0130mam yasas\u0131\u201d kapsam\u0131nda Bat\u0131 Trakya\u2019da g\u00f6revlendirece\u011fi din \u00f6\u011freticilerinin isimlerini a\u00e7\u0131klad\u0131 ve ilgili M\u00fcft\u00fcl\u00fcklere g\u00f6nderdi. Yunanistan E\u011fitim ve Din \u0130\u015fleri Bakanl\u0131\u011f\u0131 taraf\u0131ndan a\u00e7\u0131klanan ve \u039a.\u03a5.\u0391. 76574\/\u03981\/28-06-2021 (\u03a6\u0395\u039a \u0391\u03a3\u0395\u03a0 37\/30-06-2021) tarihli ve say\u0131l\u0131 Resmi Gazete\u2019de yay\u0131nlanan karar gere\u011fi, G\u00fcm\u00fclcine, \u0130ske\u00e7e ve Dimetoka Tayinli M\u00fcft\u00fcl\u00fcklerine ba\u011fl\u0131 olarak, \u0130slam Dini \u00d6\u011freticisi olarak &hellip;","og_url":"https:\/\/batitrakya.live\/index.php\/yunanistan-din-ogreticilerinin-isimlerini-isimleri-acikladi\/","og_site_name":"Bat\u0131 Trakya Haber","article_published_time":"2021-09-07T17:02:01+00:00","og_image":[{"width":720,"height":348,"url":"https:\/\/batitrakya.live\/wp-content\/uploads\/2021\/09\/imam-bayrak.jpg","type":"image\/jpeg"}],"author":"tamer","twitter_card":"summary_large_image","twitter_misc":{"Yazan:":"tamer","Tahmini okuma s\u00fcresi":"2 dakika"},"schema":{"@context":"https:\/\/schema.org","@graph":[{"@type":"Article","@id":"https:\/\/batitrakya.live\/index.php\/yunanistan-din-ogreticilerinin-isimlerini-isimleri-acikladi\/#article","isPartOf":{"@id":"https:\/\/batitrakya.live\/index.php\/yunanistan-din-ogreticilerinin-isimlerini-isimleri-acikladi\/"},"author":{"name":"tamer","@id":"https:\/\/batitrakya.live\/#\/schema\/person\/61b86abbc19e5fa0bbc3059670546fe5"},"headline":"Yunanistan din \u00f6\u011freticilerinin isimlerini a\u00e7\u0131klad\u0131!&#8230;","datePublished":"2021-09-07T17:02:01+00:00","mainEntityOfPage":{"@id":"https:\/\/batitrakya.live\/index.php\/yunanistan-din-ogreticilerinin-isimlerini-isimleri-acikladi\/"},"wordCount":179,"commentCount":0,"image":{"@id":"https:\/\/batitrakya.live\/index.php\/yunanistan-din-ogreticilerinin-isimlerini-isimleri-acikladi\/#primaryimage"},"thumbnailUrl":"https:\/\/batitrakya.live\/wp-content\/uploads\/2021\/09\/imam-bayrak.jpg","keywords":["240 imam","Din"],"articleSection":["Bat\u0131 Trakyam Haber"],"inLanguage":"tr","potentialAction":[{"@type":"CommentAction","name":"Comment","target":["https:\/\/batitrakya.live\/index.php\/yunanistan-din-ogreticilerinin-isimlerini-isimleri-acikladi\/#respond"]}],"copyrightYear":"2021","copyrightHolder":{"@id":"https:\/\/batitrakya.live\/#organization"}},{"@type":"WebPage","@id":"https:\/\/batitrakya.live\/index.php\/yunanistan-din-ogreticilerinin-isimlerini-isimleri-acikladi\/","url":"https:\/\/batitrakya.live\/index.php\/yunanistan-din-ogreticilerinin-isimlerini-isimleri-acikladi\/","name":"Yunanistan din \u00f6\u011freticilerinin isimlerini a\u00e7\u0131klad\u0131!... - Bat\u0131 Trakya Haber","isPartOf":{"@id":"https:\/\/batitrakya.live\/#website"},"primaryImageOfPage":{"@id":"https:\/\/batitrakya.live\/index.php\/yunanistan-din-ogreticilerinin-isimlerini-isimleri-acikladi\/#primaryimage"},"image":{"@id":"https:\/\/batitrakya.live\/index.php\/yunanistan-din-ogreticilerinin-isimlerini-isimleri-acikladi\/#primaryimage"},"thumbnailUrl":"https:\/\/batitrakya.live\/wp-content\/uploads\/2021\/09\/imam-bayrak.jpg","datePublished":"2021-09-07T17:02:01+00:00","author":{"@id":"https:\/\/batitrakya.live\/#\/schema\/person\/61b86abbc19e5fa0bbc3059670546fe5"},"breadcrumb":{"@id":"https:\/\/batitrakya.live\/index.php\/yunanistan-din-ogreticilerinin-isimlerini-isimleri-acikladi\/#breadcrumb"},"inLanguage":"tr","potentialAction":[{"@type":"ReadAction","target":["https:\/\/batitrakya.live\/index.php\/yunanistan-din-ogreticilerinin-isimlerini-isimleri-acikladi\/"]}]},{"@type":"ImageObject","inLanguage":"tr","@id":"https:\/\/batitrakya.live\/index.php\/yunanistan-din-ogreticilerinin-isimlerini-isimleri-acikladi\/#primaryimage","url":"https:\/\/batitrakya.live\/wp-content\/uploads\/2021\/09\/imam-bayrak.jpg","contentUrl":"https:\/\/batitrakya.live\/wp-content\/uploads\/2021\/09\/imam-bayrak.jpg","width":720,"height":348},{"@type":"BreadcrumbList","@id":"https:\/\/batitrakya.live\/index.php\/yunanistan-din-ogreticilerinin-isimlerini-isimleri-acikladi\/#breadcrumb","itemListElement":[{"@type":"ListItem","position":1,"name":"Anasayfa","item":"https:\/\/batitrakya.live\/"},{"@type":"ListItem","position":2,"name":"Yunanistan din \u00f6\u011freticilerinin isimlerini a\u00e7\u0131klad\u0131!&#8230;"}]},{"@type":"WebSite","@id":"https:\/\/batitrakya.live\/#website","url":"https:\/\/batitrakya.live\/","name":"Bat\u0131 Trakya Haber","description":"Bat\u0131 Trakyan\u0131n internetteki sesi..","potentialAction":[{"@type":"SearchAction","target":{"@type":"EntryPoint","urlTemplate":"https:\/\/batitrakya.live\/?s={search_term_string}"},"query-input":{"@type":"PropertyValueSpecification","valueRequired":true,"valueName":"search_term_string"}}],"inLanguage":"tr"},{"@type":"Person","@id":"https:\/\/batitrakya.live\/#\/schema\/person\/61b86abbc19e5fa0bbc3059670546fe5","name":"tamer","image":{"@type":"ImageObject","inLanguage":"tr","@id":"https:\/\/secure.gravatar.com\/avatar\/60b0ff14c4376999cea9565d28b91fc61ff0f727c28cd083506a6d83ad6df9c9?s=96&d=mm&r=g","url":"https:\/\/secure.gravatar.com\/avatar\/60b0ff14c4376999cea9565d28b91fc61ff0f727c28cd083506a6d83ad6df9c9?s=96&d=mm&r=g","contentUrl":"https:\/\/secure.gravatar.com\/avatar\/60b0ff14c4376999cea9565d28b91fc61ff0f727c28cd083506a6d83ad6df9c9?s=96&d=mm&r=g","caption":"tamer"},"sameAs":["https:\/\/batitrakya.live"],"url":"https:\/\/batitrakya.live\/index.php\/author\/tamer\/"}]}},"_links":{"self":[{"href":"https:\/\/batitrakya.live\/index.php\/wp-json\/wp\/v2\/posts\/37526","targetHints":{"allow":["GET"]}}],"collection":[{"href":"https:\/\/batitrakya.live\/index.php\/wp-json\/wp\/v2\/posts"}],"about":[{"href":"https:\/\/batitrakya.live\/index.php\/wp-json\/wp\/v2\/types\/post"}],"author":[{"embeddable":true,"href":"https:\/\/batitrakya.live\/index.php\/wp-json\/wp\/v2\/users\/1"}],"replies":[{"embeddable":true,"href":"https:\/\/batitrakya.live\/index.php\/wp-json\/wp\/v2\/comments?post=37526"}],"version-history":[{"count":0,"href":"https:\/\/batitrakya.live\/index.php\/wp-json\/wp\/v2\/posts\/37526\/revisions"}],"wp:featuredmedia":[{"embeddable":true,"href":"https:\/\/batitrakya.live\/index.php\/wp-json\/wp\/v2\/media\/37528"}],"wp:attachment":[{"href":"https:\/\/batitrakya.live\/index.php\/wp-json\/wp\/v2\/media?parent=37526"}],"wp:term":[{"taxonomy":"category","embeddable":true,"href":"https:\/\/batitrakya.live\/index.php\/wp-json\/wp\/v2\/categories?post=37526"},{"taxonomy":"post_tag","embeddable":true,"href":"https:\/\/batitrakya.live\/index.php\/wp-json\/wp\/v2\/tags?post=37526"}],"curies":[{"name":"wp","href":"https:\/\/api.w.org\/{rel}","templated":true}]}}