{"id":37435,"date":"2021-09-02T23:30:47","date_gmt":"2021-09-02T20:30:47","guid":{"rendered":"https:\/\/batitrakya.live\/?p=37435"},"modified":"2021-09-02T23:30:47","modified_gmt":"2021-09-02T20:30:47","slug":"ismail-rodoplu-vefatinin-yil-donumunde-anildi","status":"publish","type":"post","link":"https:\/\/batitrakya.live\/index.php\/ismail-rodoplu-vefatinin-yil-donumunde-anildi\/","title":{"rendered":"\u0130smail Rodoplu vefat\u0131n\u0131n y\u0131l d\u00f6n\u00fcm\u00fcnde an\u0131ld\u0131&#8230;"},"content":{"rendered":"<p>Rodop ili eski ba\u011f\u0131ms\u0131z milletvekili ve Bat\u0131 Trakya Az\u0131nl\u0131\u011f\u0131 Y\u00fcksek Tahsilliler Derne\u011fi kurucular\u0131ndan ve eski ba\u015fkan\u0131 \u0130smail Rodoplu, vefat\u0131n\u0131n birinci y\u0131l d\u00f6n\u00fcm\u00fcnde an\u0131ld\u0131. Bat\u0131 Trakya Az\u0131nl\u0131\u011f\u0131 Y\u00fcksek Tahsilliler Derne\u011fi (BTAYTD) taraf\u0131ndan d\u00fczenlenen anma t\u00f6reni, 2 Eyl\u00fcl Per\u015fembe g\u00fcn\u00fc Rodoplu\u2019nun do\u011fum yeri olan G\u00fcm\u00fclcine\u2019ye ba\u011fl\u0131 Semetli k\u00f6y\u00fc mezarl\u0131\u011f\u0131ndaki kabri ba\u015f\u0131nda ger\u00e7ekle\u015ftirildi.<\/p>\n<p>Rodoplu i\u00e7in d\u00fczenlenen anma t\u00f6reni G\u00fcm\u00fclcine M\u00fcft\u00fcl\u00fc\u011f\u00fc g\u00f6revlilerinden \u0130smail Karag\u00f6z\u2019\u00fcn okudu\u011fu sala ve Kur\u2019an-\u0131 Kerim\u2019le ba\u015flad\u0131. Daha sonra ise BTAYTD Ba\u015fkan\u0131 H\u00fcseyin Baltac\u0131 konu\u015ftu. \u0130smail Rodoplu\u2019nun \u00f6zge\u00e7mi\u015fini okuyan Baltac\u0131, derne\u011fin kurucular\u0131ndan ve eski ba\u015fkanlar\u0131ndan biri olan \u0130smail Rodoplu\u2019nun Bat\u0131 Trakya T\u00fcrk az\u0131nl\u0131\u011f\u0131na yapt\u0131\u011f\u0131 hizmetlere de\u011findi. Dernek ba\u015fkan\u0131 Baltac\u0131,<em><strong> \u201cEn uzun s\u00fcre dernek ba\u015fkanl\u0131\u011f\u0131 yapan say\u0131n Rodoplu\u2019nun hizmeti \u00f6denmez. Kendisine te\u015fekk\u00fcr ediyor, \u015f\u00fckranlar\u0131m\u0131z\u0131 sunuyoruz. Mekan\u0131 cennet olsun.\u201d<\/strong> <\/em>diye konu\u015ftu.<\/p>\n<p>Daha sonra ise Bat\u0131 Trakya T\u00fcrk Az\u0131nl\u0131\u011f\u0131 Dan\u0131\u015fma Kurulu Ba\u015fkan\u0131 ve G\u00fcm\u00fclcine M\u00fcft\u00fcs\u00fc \u0130brahim \u015eerif konu\u015ftu. Rodoplu ile nas\u0131l tan\u0131\u015ft\u0131\u011f\u0131n\u0131 anlatan m\u00fcft\u00fc \u0130brahim \u015eerif, kendisiyle y\u0131llar i\u00e7inde ya\u015fad\u0131\u011f\u0131 an\u0131lar\u0131 payla\u015ft\u0131. 1989 y\u0131l\u0131nda ba\u011f\u0131ms\u0131z milletvekili aday\u0131 olmas\u0131yla ilgili an\u0131s\u0131n\u0131 da anlatan \u0130brahim \u015eerif, <em><strong>\u201cE\u015fimle birlkte Hask\u00f6y\u2019de pamuk tarlas\u0131nda pamuk tarlas\u0131ndayd\u0131k. Sonbahar aylar\u0131yd\u0131. Ismail Rodoplu e\u015fi Ay\u015fe han\u0131mla tarlam\u0131za kadar geldi. Han\u0131mlar tarlada kald\u0131 pamuk toplamaya devam etti. Biz kendisinin arabas\u0131yla G\u00fcm\u00fclcine\u2019ye gelip, ba\u011f\u0131ms\u0131z milletvekili adayl\u0131\u011f\u0131 ba\u015fvurusunda bulunduk. Bat\u0131 Trakya T\u00fcrk\u00fcne hizmet etti. M\u00fccadeleci bir insand\u0131.\u201d<\/strong> <\/em>diye konu\u015ftu.<\/p>\n<p>\u0130brahim \u015eerif \u015f\u00f6yle konu\u015ftu: <em><strong>\u201cRodoplu\u2019yu \u00fc\u00e7 d\u00f6rt kelimeyle anlat deseler, \u015f\u00f6yle anlat\u0131r\u0131m; zeki, c\u00f6mert, mert, ho\u015fg\u00f6r\u00fcl\u00fc. \u00c7ok \u00f6nemli miras b\u0131rakt\u0131. Her\u015feyden \u00f6nce ba\u011f\u0131ms\u0131z milletvekilli\u011fi b\u0131rakt\u0131. Ba\u011f\u0131ms\u0131z milletvekili hareketi i\u00e7in sarf etti\u011fi gayretleri b\u0131rakt\u0131. Bir de tabii ki gazetesini b\u0131rakt\u0131. Arkada\u015flar\u0131n\u0131 \u00e7ok sever ve de\u011fer verirdi. O bir a\u011fabey ve bir liderdi. Kendisiyle \u00e7ok \u00e7al\u0131\u015ft\u0131k. Arkada\u015fl\u0131k yapt\u0131k. M\u00fccadele arkada\u015fl\u0131\u011f\u0131 yapt\u0131k. Allah rahmet eylesin. Bug\u00fcn buradaki t\u00f6rene kat\u0131lan sizlere de \u00e7ok te\u015fekk\u00fcr ediyorum.\u201d<\/strong><\/em><\/p>\n<p>Ismail Rodoplu i\u00e7in d\u00fczenlenen anma t\u00f6renine T\u00fcrkiye\u2019nin G\u00fcm\u00fclcine Ba\u015fkonsolosu Murat \u00d6mero\u011flu, Rodop ili milletvekili \u0130lhan Ahmet, Eyalet Ba\u015fkan Yard\u0131mc\u0131s\u0131 Cihan \u0130mamo\u011flu, Kozlukebir Belediye Ba\u015fkan Yard\u0131mc\u0131 G\u00fcner Ke\u00e7eci \u0130brahim, DEB Partisi Genel Ba\u015fkan Yard\u0131mc\u0131s\u0131 Metin Hac\u0131osman, \u0130ske\u00e7e T\u00fcrk Birli\u011fi Ba\u015fkan\u0131 Ozan Ahmeto\u011flu, G\u00fcm\u00fclcine T\u00fcrk Gen\u00e7ler Birli\u011fi Ba\u015fkan\u0131 Sedat Hasan, Bat\u0131 Trakya T\u00fcrk \u00d6\u011fretmenler Birli\u011fi Ba\u015fkan\u0131 Ayd\u0131n Ahmet, BAKE\u015e Ba\u015fkan\u0131 H\u00fcseyin Bostanc\u0131 ve di\u011fer yetkililer kat\u0131ld\u0131.<\/p>\n\n\n<figure class=\"wp-block-gallery columns-3 is-cropped wp-block-gallery-1 is-layout-flex wp-block-gallery-is-layout-flex\"><ul class=\"blocks-gallery-grid\"><li class=\"blocks-gallery-item\"><figure><a href=\"https:\/\/batitrakya.live\/wp-content\/uploads\/2021\/09\/rodoplu_kabri3.jpg\"><img loading=\"lazy\" decoding=\"async\" width=\"720\" height=\"348\" src=\"https:\/\/batitrakya.live\/wp-content\/uploads\/2021\/09\/rodoplu_kabri3.jpg\" alt=\"\" data-id=\"37437\" data-full-url=\"https:\/\/batitrakya.live\/wp-content\/uploads\/2021\/09\/rodoplu_kabri3.jpg\" data-link=\"https:\/\/batitrakya.live\/?attachment_id=37437\" class=\"wp-image-37437\" srcset=\"https:\/\/batitrakya.live\/wp-content\/uploads\/2021\/09\/rodoplu_kabri3.jpg 720w, https:\/\/batitrakya.live\/wp-content\/uploads\/2021\/09\/rodoplu_kabri3-300x145.jpg 300w\" sizes=\"auto, (max-width: 720px) 100vw, 720px\" \/><\/a><\/figure><\/li><li class=\"blocks-gallery-item\"><figure><a href=\"https:\/\/batitrakya.live\/wp-content\/uploads\/2021\/09\/rodoplu_kabri2.jpg\"><img loading=\"lazy\" decoding=\"async\" width=\"720\" height=\"348\" src=\"https:\/\/batitrakya.live\/wp-content\/uploads\/2021\/09\/rodoplu_kabri2.jpg\" alt=\"\" data-id=\"37438\" data-full-url=\"https:\/\/batitrakya.live\/wp-content\/uploads\/2021\/09\/rodoplu_kabri2.jpg\" data-link=\"https:\/\/batitrakya.live\/?attachment_id=37438\" class=\"wp-image-37438\" srcset=\"https:\/\/batitrakya.live\/wp-content\/uploads\/2021\/09\/rodoplu_kabri2.jpg 720w, https:\/\/batitrakya.live\/wp-content\/uploads\/2021\/09\/rodoplu_kabri2-300x145.jpg 300w\" sizes=\"auto, (max-width: 720px) 100vw, 720px\" \/><\/a><\/figure><\/li><li class=\"blocks-gallery-item\"><figure><a href=\"https:\/\/batitrakya.live\/wp-content\/uploads\/2021\/09\/rodoplu_kabri1.jpg\"><img loading=\"lazy\" decoding=\"async\" width=\"720\" height=\"367\" src=\"https:\/\/batitrakya.live\/wp-content\/uploads\/2021\/09\/rodoplu_kabri1.jpg\" alt=\"\" data-id=\"37439\" data-full-url=\"https:\/\/batitrakya.live\/wp-content\/uploads\/2021\/09\/rodoplu_kabri1.jpg\" data-link=\"https:\/\/batitrakya.live\/?attachment_id=37439\" class=\"wp-image-37439\" srcset=\"https:\/\/batitrakya.live\/wp-content\/uploads\/2021\/09\/rodoplu_kabri1.jpg 720w, https:\/\/batitrakya.live\/wp-content\/uploads\/2021\/09\/rodoplu_kabri1-300x153.jpg 300w\" sizes=\"auto, (max-width: 720px) 100vw, 720px\" \/><\/a><\/figure><\/li><li class=\"blocks-gallery-item\"><figure><a href=\"https:\/\/batitrakya.live\/wp-content\/uploads\/2021\/09\/rodoplu_kabri.jpeg\"><img loading=\"lazy\" decoding=\"async\" width=\"720\" height=\"360\" src=\"https:\/\/batitrakya.live\/wp-content\/uploads\/2021\/09\/rodoplu_kabri.jpeg\" alt=\"\" data-id=\"37440\" data-full-url=\"https:\/\/batitrakya.live\/wp-content\/uploads\/2021\/09\/rodoplu_kabri.jpeg\" data-link=\"https:\/\/batitrakya.live\/?attachment_id=37440\" class=\"wp-image-37440\" srcset=\"https:\/\/batitrakya.live\/wp-content\/uploads\/2021\/09\/rodoplu_kabri.jpeg 720w, https:\/\/batitrakya.live\/wp-content\/uploads\/2021\/09\/rodoplu_kabri-300x150.jpeg 300w\" sizes=\"auto, (max-width: 720px) 100vw, 720px\" \/><\/a><\/figure><\/li><\/ul><\/figure>\n","protected":false},"excerpt":{"rendered":"<p>Rodop ili eski ba\u011f\u0131ms\u0131z milletvekili ve Bat\u0131 Trakya Az\u0131nl\u0131\u011f\u0131 Y\u00fcksek Tahsilliler Derne\u011fi kurucular\u0131ndan ve eski ba\u015fkan\u0131 \u0130smail Rodoplu, vefat\u0131n\u0131n birinci y\u0131l d\u00f6n\u00fcm\u00fcnde an\u0131ld\u0131. Bat\u0131 Trakya Az\u0131nl\u0131\u011f\u0131 Y\u00fcksek Tahsilliler Derne\u011fi (BTAYTD) taraf\u0131ndan d\u00fczenlenen anma t\u00f6reni, 2 Eyl\u00fcl Per\u015fembe g\u00fcn\u00fc Rodoplu\u2019nun do\u011fum yeri olan G\u00fcm\u00fclcine\u2019ye ba\u011fl\u0131 Semetli k\u00f6y\u00fc mezarl\u0131\u011f\u0131ndaki kabri ba\u015f\u0131nda ger\u00e7ekle\u015ftirildi. Rodoplu i\u00e7in d\u00fczenlenen anma t\u00f6reni &hellip;<\/p>\n","protected":false},"author":1,"featured_media":37437,"comment_status":"open","ping_status":"open","sticky":false,"template":"","format":"standard","meta":{"footnotes":""},"categories":[24],"tags":[122],"class_list":["post-37435","post","type-post","status-publish","format-standard","has-post-thumbnail","hentry","category-bati-trakyam-haber","tag-anma-toreni"],"yoast_head":"<!-- This site is optimized with the Yoast SEO Premium plugin v26.3 (Yoast SEO v27.3) - https:\/\/yoast.com\/product\/yoast-seo-premium-wordpress\/ -->\n<title>\u0130smail Rodoplu vefat\u0131n\u0131n y\u0131l d\u00f6n\u00fcm\u00fcnde an\u0131ld\u0131... - Bat\u0131 Trakya Haber<\/title>\n<meta name=\"robots\" content=\"index, follow, max-snippet:-1, max-image-preview:large, max-video-preview:-1\" \/>\n<link rel=\"canonical\" href=\"https:\/\/batitrakya.live\/index.php\/ismail-rodoplu-vefatinin-yil-donumunde-anildi\/\" \/>\n<meta property=\"og:locale\" content=\"tr_TR\" \/>\n<meta property=\"og:type\" content=\"article\" \/>\n<meta property=\"og:title\" content=\"\u0130smail Rodoplu vefat\u0131n\u0131n y\u0131l d\u00f6n\u00fcm\u00fcnde an\u0131ld\u0131...\" \/>\n<meta property=\"og:description\" content=\"Rodop ili eski ba\u011f\u0131ms\u0131z milletvekili ve Bat\u0131 Trakya Az\u0131nl\u0131\u011f\u0131 Y\u00fcksek Tahsilliler Derne\u011fi kurucular\u0131ndan ve eski ba\u015fkan\u0131 \u0130smail Rodoplu, vefat\u0131n\u0131n birinci y\u0131l d\u00f6n\u00fcm\u00fcnde an\u0131ld\u0131. Bat\u0131 Trakya Az\u0131nl\u0131\u011f\u0131 Y\u00fcksek Tahsilliler Derne\u011fi (BTAYTD) taraf\u0131ndan d\u00fczenlenen anma t\u00f6reni, 2 Eyl\u00fcl Per\u015fembe g\u00fcn\u00fc Rodoplu\u2019nun do\u011fum yeri olan G\u00fcm\u00fclcine\u2019ye ba\u011fl\u0131 Semetli k\u00f6y\u00fc mezarl\u0131\u011f\u0131ndaki kabri ba\u015f\u0131nda ger\u00e7ekle\u015ftirildi. Rodoplu i\u00e7in d\u00fczenlenen anma t\u00f6reni &hellip;\" \/>\n<meta property=\"og:url\" content=\"https:\/\/batitrakya.live\/index.php\/ismail-rodoplu-vefatinin-yil-donumunde-anildi\/\" \/>\n<meta property=\"og:site_name\" content=\"Bat\u0131 Trakya Haber\" \/>\n<meta property=\"article:published_time\" content=\"2021-09-02T20:30:47+00:00\" \/>\n<meta property=\"og:image\" content=\"https:\/\/batitrakya.live\/wp-content\/uploads\/2021\/09\/rodoplu_kabri3.jpg\" \/>\n\t<meta property=\"og:image:width\" content=\"720\" \/>\n\t<meta property=\"og:image:height\" content=\"348\" \/>\n\t<meta property=\"og:image:type\" content=\"image\/jpeg\" \/>\n<meta name=\"author\" content=\"tamer\" \/>\n<meta name=\"twitter:card\" content=\"summary_large_image\" \/>\n<meta name=\"twitter:label1\" content=\"Yazan:\" \/>\n\t<meta name=\"twitter:data1\" content=\"tamer\" \/>\n\t<meta name=\"twitter:label2\" content=\"Tahmini okuma s\u00fcresi\" \/>\n\t<meta name=\"twitter:data2\" content=\"3 dakika\" \/>\n<script type=\"application\/ld+json\" class=\"yoast-schema-graph\">{\"@context\":\"https:\\\/\\\/schema.org\",\"@graph\":[{\"@type\":\"Article\",\"@id\":\"https:\\\/\\\/batitrakya.live\\\/index.php\\\/ismail-rodoplu-vefatinin-yil-donumunde-anildi\\\/#article\",\"isPartOf\":{\"@id\":\"https:\\\/\\\/batitrakya.live\\\/index.php\\\/ismail-rodoplu-vefatinin-yil-donumunde-anildi\\\/\"},\"author\":{\"name\":\"tamer\",\"@id\":\"https:\\\/\\\/batitrakya.live\\\/#\\\/schema\\\/person\\\/61b86abbc19e5fa0bbc3059670546fe5\"},\"headline\":\"\u0130smail Rodoplu vefat\u0131n\u0131n y\u0131l d\u00f6n\u00fcm\u00fcnde an\u0131ld\u0131&#8230;\",\"datePublished\":\"2021-09-02T20:30:47+00:00\",\"mainEntityOfPage\":{\"@id\":\"https:\\\/\\\/batitrakya.live\\\/index.php\\\/ismail-rodoplu-vefatinin-yil-donumunde-anildi\\\/\"},\"wordCount\":548,\"commentCount\":0,\"image\":{\"@id\":\"https:\\\/\\\/batitrakya.live\\\/index.php\\\/ismail-rodoplu-vefatinin-yil-donumunde-anildi\\\/#primaryimage\"},\"thumbnailUrl\":\"https:\\\/\\\/batitrakya.live\\\/wp-content\\\/uploads\\\/2021\\\/09\\\/rodoplu_kabri3.jpg\",\"keywords\":[\"Anma T\u00f6reni\"],\"articleSection\":[\"Bat\u0131 Trakyam Haber\"],\"inLanguage\":\"tr\",\"potentialAction\":[{\"@type\":\"CommentAction\",\"name\":\"Comment\",\"target\":[\"https:\\\/\\\/batitrakya.live\\\/index.php\\\/ismail-rodoplu-vefatinin-yil-donumunde-anildi\\\/#respond\"]}],\"copyrightYear\":\"2021\",\"copyrightHolder\":{\"@id\":\"https:\\\/\\\/batitrakya.live\\\/#organization\"}},{\"@type\":\"WebPage\",\"@id\":\"https:\\\/\\\/batitrakya.live\\\/index.php\\\/ismail-rodoplu-vefatinin-yil-donumunde-anildi\\\/\",\"url\":\"https:\\\/\\\/batitrakya.live\\\/index.php\\\/ismail-rodoplu-vefatinin-yil-donumunde-anildi\\\/\",\"name\":\"\u0130smail Rodoplu vefat\u0131n\u0131n y\u0131l d\u00f6n\u00fcm\u00fcnde an\u0131ld\u0131... - Bat\u0131 Trakya Haber\",\"isPartOf\":{\"@id\":\"https:\\\/\\\/batitrakya.live\\\/#website\"},\"primaryImageOfPage\":{\"@id\":\"https:\\\/\\\/batitrakya.live\\\/index.php\\\/ismail-rodoplu-vefatinin-yil-donumunde-anildi\\\/#primaryimage\"},\"image\":{\"@id\":\"https:\\\/\\\/batitrakya.live\\\/index.php\\\/ismail-rodoplu-vefatinin-yil-donumunde-anildi\\\/#primaryimage\"},\"thumbnailUrl\":\"https:\\\/\\\/batitrakya.live\\\/wp-content\\\/uploads\\\/2021\\\/09\\\/rodoplu_kabri3.jpg\",\"datePublished\":\"2021-09-02T20:30:47+00:00\",\"author\":{\"@id\":\"https:\\\/\\\/batitrakya.live\\\/#\\\/schema\\\/person\\\/61b86abbc19e5fa0bbc3059670546fe5\"},\"breadcrumb\":{\"@id\":\"https:\\\/\\\/batitrakya.live\\\/index.php\\\/ismail-rodoplu-vefatinin-yil-donumunde-anildi\\\/#breadcrumb\"},\"inLanguage\":\"tr\",\"potentialAction\":[{\"@type\":\"ReadAction\",\"target\":[\"https:\\\/\\\/batitrakya.live\\\/index.php\\\/ismail-rodoplu-vefatinin-yil-donumunde-anildi\\\/\"]}]},{\"@type\":\"ImageObject\",\"inLanguage\":\"tr\",\"@id\":\"https:\\\/\\\/batitrakya.live\\\/index.php\\\/ismail-rodoplu-vefatinin-yil-donumunde-anildi\\\/#primaryimage\",\"url\":\"https:\\\/\\\/batitrakya.live\\\/wp-content\\\/uploads\\\/2021\\\/09\\\/rodoplu_kabri3.jpg\",\"contentUrl\":\"https:\\\/\\\/batitrakya.live\\\/wp-content\\\/uploads\\\/2021\\\/09\\\/rodoplu_kabri3.jpg\",\"width\":720,\"height\":348},{\"@type\":\"BreadcrumbList\",\"@id\":\"https:\\\/\\\/batitrakya.live\\\/index.php\\\/ismail-rodoplu-vefatinin-yil-donumunde-anildi\\\/#breadcrumb\",\"itemListElement\":[{\"@type\":\"ListItem\",\"position\":1,\"name\":\"Anasayfa\",\"item\":\"https:\\\/\\\/batitrakya.live\\\/\"},{\"@type\":\"ListItem\",\"position\":2,\"name\":\"\u0130smail Rodoplu vefat\u0131n\u0131n y\u0131l d\u00f6n\u00fcm\u00fcnde an\u0131ld\u0131&#8230;\"}]},{\"@type\":\"WebSite\",\"@id\":\"https:\\\/\\\/batitrakya.live\\\/#website\",\"url\":\"https:\\\/\\\/batitrakya.live\\\/\",\"name\":\"Bat\u0131 Trakya Haber\",\"description\":\"Bat\u0131 Trakyan\u0131n internetteki sesi..\",\"potentialAction\":[{\"@type\":\"SearchAction\",\"target\":{\"@type\":\"EntryPoint\",\"urlTemplate\":\"https:\\\/\\\/batitrakya.live\\\/?s={search_term_string}\"},\"query-input\":{\"@type\":\"PropertyValueSpecification\",\"valueRequired\":true,\"valueName\":\"search_term_string\"}}],\"inLanguage\":\"tr\"},{\"@type\":\"Person\",\"@id\":\"https:\\\/\\\/batitrakya.live\\\/#\\\/schema\\\/person\\\/61b86abbc19e5fa0bbc3059670546fe5\",\"name\":\"tamer\",\"image\":{\"@type\":\"ImageObject\",\"inLanguage\":\"tr\",\"@id\":\"https:\\\/\\\/secure.gravatar.com\\\/avatar\\\/60b0ff14c4376999cea9565d28b91fc61ff0f727c28cd083506a6d83ad6df9c9?s=96&d=mm&r=g\",\"url\":\"https:\\\/\\\/secure.gravatar.com\\\/avatar\\\/60b0ff14c4376999cea9565d28b91fc61ff0f727c28cd083506a6d83ad6df9c9?s=96&d=mm&r=g\",\"contentUrl\":\"https:\\\/\\\/secure.gravatar.com\\\/avatar\\\/60b0ff14c4376999cea9565d28b91fc61ff0f727c28cd083506a6d83ad6df9c9?s=96&d=mm&r=g\",\"caption\":\"tamer\"},\"sameAs\":[\"https:\\\/\\\/batitrakya.live\"],\"url\":\"https:\\\/\\\/batitrakya.live\\\/index.php\\\/author\\\/tamer\\\/\"}]}<\/script>\n<!-- \/ Yoast SEO Premium plugin. -->","yoast_head_json":{"title":"\u0130smail Rodoplu vefat\u0131n\u0131n y\u0131l d\u00f6n\u00fcm\u00fcnde an\u0131ld\u0131... - Bat\u0131 Trakya Haber","robots":{"index":"index","follow":"follow","max-snippet":"max-snippet:-1","max-image-preview":"max-image-preview:large","max-video-preview":"max-video-preview:-1"},"canonical":"https:\/\/batitrakya.live\/index.php\/ismail-rodoplu-vefatinin-yil-donumunde-anildi\/","og_locale":"tr_TR","og_type":"article","og_title":"\u0130smail Rodoplu vefat\u0131n\u0131n y\u0131l d\u00f6n\u00fcm\u00fcnde an\u0131ld\u0131...","og_description":"Rodop ili eski ba\u011f\u0131ms\u0131z milletvekili ve Bat\u0131 Trakya Az\u0131nl\u0131\u011f\u0131 Y\u00fcksek Tahsilliler Derne\u011fi kurucular\u0131ndan ve eski ba\u015fkan\u0131 \u0130smail Rodoplu, vefat\u0131n\u0131n birinci y\u0131l d\u00f6n\u00fcm\u00fcnde an\u0131ld\u0131. Bat\u0131 Trakya Az\u0131nl\u0131\u011f\u0131 Y\u00fcksek Tahsilliler Derne\u011fi (BTAYTD) taraf\u0131ndan d\u00fczenlenen anma t\u00f6reni, 2 Eyl\u00fcl Per\u015fembe g\u00fcn\u00fc Rodoplu\u2019nun do\u011fum yeri olan G\u00fcm\u00fclcine\u2019ye ba\u011fl\u0131 Semetli k\u00f6y\u00fc mezarl\u0131\u011f\u0131ndaki kabri ba\u015f\u0131nda ger\u00e7ekle\u015ftirildi. Rodoplu i\u00e7in d\u00fczenlenen anma t\u00f6reni &hellip;","og_url":"https:\/\/batitrakya.live\/index.php\/ismail-rodoplu-vefatinin-yil-donumunde-anildi\/","og_site_name":"Bat\u0131 Trakya Haber","article_published_time":"2021-09-02T20:30:47+00:00","og_image":[{"width":720,"height":348,"url":"https:\/\/batitrakya.live\/wp-content\/uploads\/2021\/09\/rodoplu_kabri3.jpg","type":"image\/jpeg"}],"author":"tamer","twitter_card":"summary_large_image","twitter_misc":{"Yazan:":"tamer","Tahmini okuma s\u00fcresi":"3 dakika"},"schema":{"@context":"https:\/\/schema.org","@graph":[{"@type":"Article","@id":"https:\/\/batitrakya.live\/index.php\/ismail-rodoplu-vefatinin-yil-donumunde-anildi\/#article","isPartOf":{"@id":"https:\/\/batitrakya.live\/index.php\/ismail-rodoplu-vefatinin-yil-donumunde-anildi\/"},"author":{"name":"tamer","@id":"https:\/\/batitrakya.live\/#\/schema\/person\/61b86abbc19e5fa0bbc3059670546fe5"},"headline":"\u0130smail Rodoplu vefat\u0131n\u0131n y\u0131l d\u00f6n\u00fcm\u00fcnde an\u0131ld\u0131&#8230;","datePublished":"2021-09-02T20:30:47+00:00","mainEntityOfPage":{"@id":"https:\/\/batitrakya.live\/index.php\/ismail-rodoplu-vefatinin-yil-donumunde-anildi\/"},"wordCount":548,"commentCount":0,"image":{"@id":"https:\/\/batitrakya.live\/index.php\/ismail-rodoplu-vefatinin-yil-donumunde-anildi\/#primaryimage"},"thumbnailUrl":"https:\/\/batitrakya.live\/wp-content\/uploads\/2021\/09\/rodoplu_kabri3.jpg","keywords":["Anma T\u00f6reni"],"articleSection":["Bat\u0131 Trakyam Haber"],"inLanguage":"tr","potentialAction":[{"@type":"CommentAction","name":"Comment","target":["https:\/\/batitrakya.live\/index.php\/ismail-rodoplu-vefatinin-yil-donumunde-anildi\/#respond"]}],"copyrightYear":"2021","copyrightHolder":{"@id":"https:\/\/batitrakya.live\/#organization"}},{"@type":"WebPage","@id":"https:\/\/batitrakya.live\/index.php\/ismail-rodoplu-vefatinin-yil-donumunde-anildi\/","url":"https:\/\/batitrakya.live\/index.php\/ismail-rodoplu-vefatinin-yil-donumunde-anildi\/","name":"\u0130smail Rodoplu vefat\u0131n\u0131n y\u0131l d\u00f6n\u00fcm\u00fcnde an\u0131ld\u0131... - Bat\u0131 Trakya Haber","isPartOf":{"@id":"https:\/\/batitrakya.live\/#website"},"primaryImageOfPage":{"@id":"https:\/\/batitrakya.live\/index.php\/ismail-rodoplu-vefatinin-yil-donumunde-anildi\/#primaryimage"},"image":{"@id":"https:\/\/batitrakya.live\/index.php\/ismail-rodoplu-vefatinin-yil-donumunde-anildi\/#primaryimage"},"thumbnailUrl":"https:\/\/batitrakya.live\/wp-content\/uploads\/2021\/09\/rodoplu_kabri3.jpg","datePublished":"2021-09-02T20:30:47+00:00","author":{"@id":"https:\/\/batitrakya.live\/#\/schema\/person\/61b86abbc19e5fa0bbc3059670546fe5"},"breadcrumb":{"@id":"https:\/\/batitrakya.live\/index.php\/ismail-rodoplu-vefatinin-yil-donumunde-anildi\/#breadcrumb"},"inLanguage":"tr","potentialAction":[{"@type":"ReadAction","target":["https:\/\/batitrakya.live\/index.php\/ismail-rodoplu-vefatinin-yil-donumunde-anildi\/"]}]},{"@type":"ImageObject","inLanguage":"tr","@id":"https:\/\/batitrakya.live\/index.php\/ismail-rodoplu-vefatinin-yil-donumunde-anildi\/#primaryimage","url":"https:\/\/batitrakya.live\/wp-content\/uploads\/2021\/09\/rodoplu_kabri3.jpg","contentUrl":"https:\/\/batitrakya.live\/wp-content\/uploads\/2021\/09\/rodoplu_kabri3.jpg","width":720,"height":348},{"@type":"BreadcrumbList","@id":"https:\/\/batitrakya.live\/index.php\/ismail-rodoplu-vefatinin-yil-donumunde-anildi\/#breadcrumb","itemListElement":[{"@type":"ListItem","position":1,"name":"Anasayfa","item":"https:\/\/batitrakya.live\/"},{"@type":"ListItem","position":2,"name":"\u0130smail Rodoplu vefat\u0131n\u0131n y\u0131l d\u00f6n\u00fcm\u00fcnde an\u0131ld\u0131&#8230;"}]},{"@type":"WebSite","@id":"https:\/\/batitrakya.live\/#website","url":"https:\/\/batitrakya.live\/","name":"Bat\u0131 Trakya Haber","description":"Bat\u0131 Trakyan\u0131n internetteki sesi..","potentialAction":[{"@type":"SearchAction","target":{"@type":"EntryPoint","urlTemplate":"https:\/\/batitrakya.live\/?s={search_term_string}"},"query-input":{"@type":"PropertyValueSpecification","valueRequired":true,"valueName":"search_term_string"}}],"inLanguage":"tr"},{"@type":"Person","@id":"https:\/\/batitrakya.live\/#\/schema\/person\/61b86abbc19e5fa0bbc3059670546fe5","name":"tamer","image":{"@type":"ImageObject","inLanguage":"tr","@id":"https:\/\/secure.gravatar.com\/avatar\/60b0ff14c4376999cea9565d28b91fc61ff0f727c28cd083506a6d83ad6df9c9?s=96&d=mm&r=g","url":"https:\/\/secure.gravatar.com\/avatar\/60b0ff14c4376999cea9565d28b91fc61ff0f727c28cd083506a6d83ad6df9c9?s=96&d=mm&r=g","contentUrl":"https:\/\/secure.gravatar.com\/avatar\/60b0ff14c4376999cea9565d28b91fc61ff0f727c28cd083506a6d83ad6df9c9?s=96&d=mm&r=g","caption":"tamer"},"sameAs":["https:\/\/batitrakya.live"],"url":"https:\/\/batitrakya.live\/index.php\/author\/tamer\/"}]}},"_links":{"self":[{"href":"https:\/\/batitrakya.live\/index.php\/wp-json\/wp\/v2\/posts\/37435","targetHints":{"allow":["GET"]}}],"collection":[{"href":"https:\/\/batitrakya.live\/index.php\/wp-json\/wp\/v2\/posts"}],"about":[{"href":"https:\/\/batitrakya.live\/index.php\/wp-json\/wp\/v2\/types\/post"}],"author":[{"embeddable":true,"href":"https:\/\/batitrakya.live\/index.php\/wp-json\/wp\/v2\/users\/1"}],"replies":[{"embeddable":true,"href":"https:\/\/batitrakya.live\/index.php\/wp-json\/wp\/v2\/comments?post=37435"}],"version-history":[{"count":0,"href":"https:\/\/batitrakya.live\/index.php\/wp-json\/wp\/v2\/posts\/37435\/revisions"}],"wp:featuredmedia":[{"embeddable":true,"href":"https:\/\/batitrakya.live\/index.php\/wp-json\/wp\/v2\/media\/37437"}],"wp:attachment":[{"href":"https:\/\/batitrakya.live\/index.php\/wp-json\/wp\/v2\/media?parent=37435"}],"wp:term":[{"taxonomy":"category","embeddable":true,"href":"https:\/\/batitrakya.live\/index.php\/wp-json\/wp\/v2\/categories?post=37435"},{"taxonomy":"post_tag","embeddable":true,"href":"https:\/\/batitrakya.live\/index.php\/wp-json\/wp\/v2\/tags?post=37435"}],"curies":[{"name":"wp","href":"https:\/\/api.w.org\/{rel}","templated":true}]}}