{"id":37017,"date":"2021-08-14T12:36:13","date_gmt":"2021-08-14T09:36:13","guid":{"rendered":"https:\/\/batitrakya.live\/?p=37017"},"modified":"2021-08-14T12:36:13","modified_gmt":"2021-08-14T09:36:13","slug":"gozaltinda-bana-yapilan-uygulamanin-cevabini-bekliyorum","status":"publish","type":"post","link":"https:\/\/batitrakya.live\/index.php\/gozaltinda-bana-yapilan-uygulamanin-cevabini-bekliyorum\/","title":{"rendered":"G\u00f6zalt\u0131nda Bana Yap\u0131lan Uygulaman\u0131n Cevab\u0131n\u0131 Bekliyorum&#8230;"},"content":{"rendered":"\n<p>Bir an durdum d\u00fc\u015f\u00fcnd\u00fcm ve yazmaya nereden ba\u015flasam dedim. Ya\u015fananlar\u0131 akl\u0131m hayalim alm\u0131yor. Yunanistan vatanda\u015f\u0131y\u0131m, \u00fclkeme t\u00fcm yasal yollar\u0131 kullanarak gerekli belgeleri g\u00f6stererek giriyorum ve sonras\u0131n\u0131 yaz\u0131n\u0131n devam\u0131nda okuyunuz.<\/p>\n\n\n\n<p>Bir ter\u00f6riste, \u00fclkeye ka\u00e7ak yollardan giren bir m\u00fclteciye, davas\u0131 g\u00f6r\u00fclm\u00fc\u015f ve su\u00e7lu bulunmu\u015f bir a\u011f\u0131r sab\u0131kal\u0131 su\u00e7luya yap\u0131lan bu muamele bana neden yap\u0131ld\u0131? Bunun cevab\u0131n\u0131 Yunanistan Emniyet Te\u015fkilat\u0131 (EL.AS) ba\u015fkan\u0131ndan talep ediyorum. Bu benim gayet do\u011fal hakk\u0131m diye d\u00fc\u015f\u00fcn\u00fcyorum.<\/p>\n\n\n\n<p>Ben bir gazeteciyim ve g\u00f6revimi Yunanistan\u2019da \u015fu ana kadar gerekti\u011fi \u015fekilde \u00fclkemin yasalar\u0131na uygun ve yalan yanl\u0131\u015f as\u0131ls\u0131z ve kayna\u011f\u0131 belli olmayan, \u00fclkem Yunanistan\u2019\u0131n ve halk\u0131n\u0131n g\u00fcvenli\u011fini tehlikeye atabilecek herhangi bir haber veya payla\u015f\u0131m veya yasad\u0131\u015f\u0131 bir harekette asla bulunmad\u0131m. Bunun ispat\u0131 da ta ki 11 A\u011fustos 2021 tarihine kadar Yunanistan\u2019daki Mahkemelerde kay\u0131tl\u0131 olan sicilimdir.<\/p>\n\n\n\n<p>Ancak 11 A\u011fustos 2021 \u00c7ar\u015famba g\u00fcn\u00fc ben ve e\u015fim \u00f6yle bir olayla kar\u015f\u0131 kar\u015f\u0131ya kald\u0131k ki anla\u015f\u0131lmas\u0131 m\u00fcmk\u00fcn de\u011fil. Nedendir, ne i\u00e7in yap\u0131ld\u0131 ve neden yapt\u0131lar, \u015fu ana kadar biz bir anlam veremedik.<\/p>\n\n\n\n<div class=\"wp-block-image\"><figure class=\"aligncenter\"><a href=\"https:\/\/birlikgazetesi.org\/wp-content\/uploads\/2021\/08\/il-yil-olis.jpg\"><img decoding=\"async\" src=\"https:\/\/birlikgazetesi.org\/wp-content\/uploads\/2021\/08\/il-yil-olis.jpg\" alt=\"\" class=\"wp-image-25928\"\/><\/a><\/figure><\/div>\n\n\n\n<p>Yaz\u0131m\u0131n ba\u015f\u0131nda belirtti\u011fim gibi, polis taraf\u0131ndan hakk\u0131mda yap\u0131lan i\u015flemler, su\u00e7u kan\u0131tlanm\u0131\u015f ve cezas\u0131n\u0131 \u00e7ekmek \u00fczere hapis cezas\u0131na mahkum edilenlere y\u00f6nelik, sab\u0131kal\u0131lara yap\u0131lan bir i\u015fleme tabi tutulmam asla kabul edilecek bir durum de\u011fil.<\/p>\n\n\n\n<p>Hele hele her\u015fey Kipi (Bah\u00e7ek\u00f6y) G\u00fcmr\u00fck Kap\u0131s\u0131\u2019ndan Egnatia Otoyolu\u2019nda arac\u0131mla yakla\u015f\u0131k 1 saat yolculuk esnas\u0131nda, polislerin de bulundu\u011fu iki gi\u015fe merkezinden sorunsuz bir \u015fekilde ge\u00e7tikten sonra, G\u00fcm\u00fclcine \u015fehir merkezine girdi\u011fim s\u0131rada polis otosunun arkamdan sirenlerini \u00e7alarak yol ortas\u0131nda durmam\u0131 ve t\u00fcm gerekli belgeleri istemesinden sonra ba\u015flad\u0131. Devam\u0131nda e\u015fim ve ben G\u00fcm\u00fclcine Emniyet M\u00fcd\u00fcrl\u00fc\u011f\u00fc\u2019ne g\u00f6t\u00fcr\u00fclerek \u00f6\u011flen saat 14:00 civar\u0131ndan ak\u015fam saat 20:00 gibi g\u00f6zalt\u0131nda tutulduk ve belli bir bekleme s\u00fcresinden sonra e\u015fim ak\u015fam \u00fczeri serbest b\u0131rak\u0131ld\u0131.<\/p>\n\n\n\n<p>Benim i\u00e7in esas olay bundan sonra ba\u015flad\u0131 ve takvimler 12 A\u011fustos gece yar\u0131s\u0131n\u0131 g\u00f6sterdi\u011finde ve sorgulamam saat 24:00 civar\u0131nda tamamland\u0131\u011f\u0131nda bunlar ne i\u00e7in yap\u0131ld\u0131 ve ya\u015fand\u0131 halen bir anlam veremiyorum.<\/p>\n\n\n\n<h3 class=\"wp-block-heading\" id=\"h-olaylar-yle-geli-ti\"><strong>Olaylar \u015f\u00f6yle geli\u015fti<\/strong><\/h3>\n\n\n\n<p>Bir g\u00fcnl\u00fck i\u015f seyahati yapmak \u00fczere T\u00fcrkiye\u2019ye giri\u015f yapt\u0131m ve ayn\u0131 g\u00fcn i\u00e7erisinde yakla\u015f\u0131k 4 saat sonra da tekrar \u00fclkem Yunanistan\u2019a, yasalar\u0131n ve Covid-19 \u00f6nlemleri kapsam\u0131nda (EU DIGITAL COV\u0130D-19 CERT\u0130F\u0130CATE) a\u015f\u0131 sertifikas\u0131 ve di\u011fer gerekli evraklarla birlikte giri\u015f yapmak \u00fczere g\u00fcmr\u00fck sahas\u0131na polis kontrol noktas\u0131na geldim. G\u00f6revli polis t\u00fcm evraklar\u0131 inceledikten sonra bana d\u00f6nerek<em><strong> \u201csay\u0131n \u0130lhan gidebilirsiniz\u201d<\/strong> <\/em>dedi ve devam\u0131nda arac\u0131mla g\u00fcmr\u00fck memurlar\u0131n\u0131n bulundu\u011fu noktaya geldim. G\u00fcmr\u00fck memuruna g\u00fcmr\u00fc\u011fe tabi e\u015fyam olmad\u0131\u011f\u0131n\u0131 s\u00f6yledim<em><strong> \u201cgidebilirsin\u201d<\/strong><\/em> dedi.<\/p>\n\n\n\n<p>Kipi G\u00fcmr\u00fck Kap\u0131s\u0131\u2019nda bulunan EODY ekibi de hemen sa\u011f\u0131m\u0131zda park halinde bulunan yabanc\u0131 plakal\u0131 ara\u00e7lardaki yolculara rapid test uygulamas\u0131 yap\u0131yordu.<\/p>\n\n\n\n<p>Arac\u0131m\u0131n Yunan plakas\u0131 oldu\u011funu g\u00f6ren EODY ekibinden bir bayan g\u00f6revlisi <em><strong>\u201cb\u0131rak\u0131n ge\u00e7sin Yunan plakal\u0131 o ara\u00e7\u201d<\/strong><\/em> dedi ve bana seslenerek <em><strong>\u201cge\u00e7in beyefendi\u201d<\/strong><\/em> dedi ve ben de hafif\u00e7e gaza basarak g\u00fcmr\u00fck sahas\u0131ndan ayr\u0131ld\u0131m.<\/p>\n\n\n\n<p>Ne olduysa, ne ya\u015fand\u0131ysa buradan ayr\u0131ld\u0131ktan sonra olmu\u015f ve ben ve e\u015fim arkam\u0131zdan ya\u015fananlardan habersiz yolumuza gayet normal bir \u015fekilde devam ettik.<\/p>\n\n\n\n<p>G\u00fcm\u00fclcine\u2019de bana polis merkezinde s\u00f6ylenen ve daha sonra da hakk\u0131mdaki yaz\u0131l\u0131 su\u00e7lama, rapid test yapmay\u0131 kabul etmemi\u015fim ve buna kar\u015f\u0131 \u00e7\u0131karak h\u0131zla arac\u0131mla g\u00fcmr\u00fck sahas\u0131ndan ka\u00e7m\u0131\u015f\u0131m. Gerek\u00e7e ve su\u00e7lama bundan ibaret.<\/p>\n\n\n\n<p>T\u00fcm bunlar\u0131n neticesinde, g\u00fcmr\u00fck sahas\u0131ndaki yo\u011funluk, oradaki konu\u015fmalar ve g\u00fcr\u00fclt\u00fcl\u00fc ortam baz\u0131 yanl\u0131\u015f anla\u015f\u0131lmalara ve duymamazl\u0131\u011fa sebebiyet vermi\u015f olabilir.<\/p>\n\n\n\n<p>Ancak beni ve e\u015fimi saatlerce G\u00fcm\u00fclcine Emniyet M\u00fcd\u00fcrl\u00fc\u011f\u00fc\u2019nde g\u00f6zalt\u0131nda tutmalar\u0131na, sonra da e\u015fimi serbest b\u0131rat\u0131ktan sonra, beni Dedea\u011fa\u00e7\u2019a n\u00f6bet\u00e7i Savc\u0131ya sevk edeceklerini s\u00f6ylemeleri, sonra da Savc\u0131n\u0131n kar\u015f\u0131s\u0131na uygun giysiyle \u00e7\u0131kmak isteme talebim \u00fczere polis ekibiyle birlikte evime kadar g\u00f6t\u00fcrmeleri, \u00fczerimi de\u011fi\u015ftirdikten sonra da yine sirenler \u00e7alarak beni G\u00fcm\u00fclcine-Dedea\u011fa\u00e7 otoyolu \u00fczerinde bulunan gi\u015felere kadar g\u00f6t\u00fcrerek, oradan da ba\u015fka bir sivil polis arac\u0131 ile \u00f6nce Dedea\u011fa\u00e7 sonra da ani bir de\u011fi\u015fiklik ya\u015fanarak Dedea\u011fa\u00e7 Savc\u0131l\u0131\u011f\u0131 yerine, Ferecik kasabas\u0131nda bulunan Ka\u00e7ak G\u00f6\u00e7men Kabul ve Kimlik Tespiti Merkezine sevketmelerine bir anlam veremedim.<\/p>\n\n\n\n<h3 class=\"wp-block-heading\" id=\"h-boy-boy-foto-raflar-daha-neler-neler\"><strong>Boy boy foto\u011fraflar, daha neler neler<\/strong><\/h3>\n\n\n\n<p>Esasen bu merkezde ifademin al\u0131nmas\u0131ndan sonra, ki bunu da normal kar\u015f\u0131l\u0131yorum, sonras\u0131nda tabi tutuldu\u011fum uygulamaya gelince de asla kabul edilemeyecek bir durum oldu\u011funu d\u00fc\u015f\u00fcn\u00fcyorum ve buna bir a\u00e7\u0131kl\u0131k getirilmesini talep ediyorum.<\/p>\n\n\n\n<p>Duvarda bulunan sabit metre \u00f6l\u00e7e\u011fi ile boyumu \u00f6l\u00e7t\u00fcler, sab\u0131kal\u0131 tabelas\u0131 ile kay\u0131t numaras\u0131 olu\u015fturdular, boy boy uzaktan ve yak\u0131ndan g\u00f6zl\u00fckl\u00fc g\u00f6zl\u00fcks\u00fcz maskeli maskesiz d\u00fcz ve yan profil foto\u011fraflar\u0131m\u0131 \u00e7ektiler.<\/p>\n\n\n\n<p>\u0130ki elimin ser\u00e7e parmaklar\u0131ndan tutun da ba\u015f parmaklar\u0131ma kadar, avu\u00e7 i\u00e7lerimi, avu\u00e7 i\u00e7i yanlar\u0131n\u0131 defalarca \u0131\u015f\u0131kl\u0131 cihazda tarayarak izlerini kaydettiler. Bu da yetmedi, siyah boya s\u00fcrerek tekrardan parmak izi ald\u0131lar. Bu da yetmedi, bir krem s\u00fcrerek tekrar ba\u015f parmaklar\u0131m\u0131n izlerini kaydettiler. Sonra da bir belge imazalatt\u0131lar. Sordu\u011fumda, bu i\u015flemlerin yap\u0131lmas\u0131 ve hakk\u0131n\u0131zda dosya olu\u015fturulmas\u0131 i\u00e7in dediler.<\/p>\n\n\n\n<p>Sonra da en \u00f6nemlisi <em><strong>\u201cSavc\u0131 art\u0131k serbest kalma karar\u0131 verdi\u201d<\/strong> <\/em>dediler ve 5.000 Euro da ceza makbuzunu elime verdiler. <em><strong>\u201cTutuksuz yarg\u0131lanmak \u00fczere art\u0131k buradan evine gidebilirsin\u201d<\/strong><\/em> dediler.<\/p>\n\n\n\n<p>G\u00fcm\u00fclcine\u2019den polis ekipleriyle al\u0131p getirdikleri 91 km mesafedeki Ferecik\u2019ten evime sa\u011folsun de\u011ferli bir karde\u015fimin yard\u0131m\u0131yla ancak sabaha kar\u015f\u0131 saat 03:30 ula\u015fabildim.<\/p>\n\n\n\n<p>Evet, ben bu muameleyi hak edecek hi\u00e7 bir k\u00f6t\u00fc olay yaratmad\u0131m. Rapid testi yapmay\u0131 redetmedim \u00e7\u00fcnk\u00fc benden b\u00f6yle bir talepte bulunulmad\u0131. Kald\u0131 ki bir dava da g\u00f6r\u00fclmedi, su\u00e7um belli de\u011fil, ama yukar\u0131daki ak\u0131l almaz uygulamalar\u0131 bizzat ya\u015fad\u0131m.<\/p>\n\n\n\n<p>Bunlar\u0131 neden yaz\u0131yorum, ben bir gazeteciyim, ben bir ka\u00e7ak g\u00f6\u00e7men veya m\u00fclteci de\u011filim, ter\u00f6rist asla de\u011filim, ya\u015fad\u0131\u011f\u0131m vatan\u0131ma ka\u00e7ak girmedim, bu sebepten dolay\u0131 su\u00e7suzum, hakl\u0131y\u0131m, g\u00fc\u00e7l\u00fcy\u00fcm. Vatan\u0131m Yunanistan\u2019\u0131n yasalar\u0131na sayg\u0131l\u0131y\u0131m, adaletine g\u00fcvenmek istiyorum.<\/p>\n\n\n\n<p>Tabii ki de e\u011fer bir su\u00e7 i\u015flemi\u015fsem ve bu yarg\u0131lanma sonucu kan\u0131tlanm\u0131\u015fsa ki hen\u00fcz mahkemeye dahi \u00e7\u0131kar\u0131lmad\u0131m, Dedea\u011fa\u00e7\u2019taki n\u00f6bet\u00e7i mahkemeye de\u011fil de neden gece vakti iki polis arac\u0131 de\u011fi\u015ftirilerek Ferecik Ka\u00e7ak G\u00f6\u00e7men Kabul ve Kimlik Tespiti Merkezine sevk edildim.<\/p>\n\n\n\n<p>Burada tekrardan saatlerce neden g\u00f6zalt\u0131nda tutuldum ve neden bu yukar\u0131da belirtti\u011fim uygulama yap\u0131ld\u0131? \u0130fade vermek istedim ve ifademi verdikten sonra serbest kalmam gerekiyordu. Onun da G\u00fcm\u00fclcine\u2019de g\u00f6zalt\u0131nda tutuldu\u011fum saatler i\u00e7erisinde yap\u0131labilirdi. Ancak ifademden sonra nezaret b\u00f6l\u00fcm\u00fcnde foto\u011fraf \u00e7al\u0131\u015fmas\u0131 ve fi\u015fleme i\u015flemi ba\u015flad\u0131 ve dakikalarca s\u00fcrd\u00fc.<\/p>\n\n\n\n<p>Bu sorunun cevab\u0131n\u0131 sonuna kadar hukuki yollarla arayaca\u011f\u0131m. Gerekirse i\u00e7 yarg\u0131ndan sonra Avrupa \u0130nsan Haklar\u0131 Mahkemesi\u2019ne kadar gidece\u011fimi de belirtmek isterim.<\/p>\n\n\n\n<p>Not: Son olarak yukar\u0131da yazd\u0131\u011f\u0131m t\u00fcm do\u011frular gibi \u015funu da belirtmeliyim. G\u00fcm\u00fclcine Emniyet M\u00fcd\u00fcrl\u00fc\u011f\u00fc\u2019nde bulundu\u011fum s\u00fcrece g\u00f6revlilerin ve ilgilenenlerin davran\u0131\u015f \u015fekli gayet iyiydi. Ferecik Ka\u00e7ak G\u00f6\u00e7men Kabul ve Kimlik Tespiti Merkezin\u2019de de personelin davran\u0131\u015f\u0131 gayet iyiydi. G\u00fcn\u00fcn sonunda saatler sonra kahve, sandvi\u00e7 ve kahve ihtiyac\u0131m\u0131 da giderdikleri i\u00e7in kendilerine te\u015fekk\u00fcr ediyorum.<\/p>\n","protected":false},"excerpt":{"rendered":"<p>Bir an durdum d\u00fc\u015f\u00fcnd\u00fcm ve yazmaya nereden ba\u015flasam dedim. Ya\u015fananlar\u0131 akl\u0131m hayalim alm\u0131yor. Yunanistan vatanda\u015f\u0131y\u0131m, \u00fclkeme t\u00fcm yasal yollar\u0131 kullanarak gerekli belgeleri g\u00f6stererek giriyorum ve sonras\u0131n\u0131 yaz\u0131n\u0131n devam\u0131nda okuyunuz. Bir ter\u00f6riste, \u00fclkeye ka\u00e7ak yollardan giren bir m\u00fclteciye, davas\u0131 g\u00f6r\u00fclm\u00fc\u015f ve su\u00e7lu bulunmu\u015f bir a\u011f\u0131r sab\u0131kal\u0131 su\u00e7luya yap\u0131lan bu muamele bana neden yap\u0131ld\u0131? Bunun cevab\u0131n\u0131 Yunanistan &hellip;<\/p>\n","protected":false},"author":1,"featured_media":37020,"comment_status":"open","ping_status":"open","sticky":false,"template":"","format":"standard","meta":{"footnotes":""},"categories":[24,49],"tags":[361,158,33],"class_list":["post-37017","post","type-post","status-publish","format-standard","has-post-thumbnail","hentry","category-bati-trakyam-haber","category-editorun-sectikleri","tag-kipi-ipsala","tag-polis","tag-sinir"],"yoast_head":"<!-- This site is optimized with the Yoast SEO Premium plugin v26.3 (Yoast SEO v27.3) - https:\/\/yoast.com\/product\/yoast-seo-premium-wordpress\/ -->\n<title>G\u00f6zalt\u0131nda Bana Yap\u0131lan Uygulaman\u0131n Cevab\u0131n\u0131 Bekliyorum... - Bat\u0131 Trakya Haber<\/title>\n<meta name=\"robots\" content=\"index, follow, max-snippet:-1, max-image-preview:large, max-video-preview:-1\" \/>\n<link rel=\"canonical\" href=\"https:\/\/batitrakya.live\/index.php\/gozaltinda-bana-yapilan-uygulamanin-cevabini-bekliyorum\/\" \/>\n<meta property=\"og:locale\" content=\"tr_TR\" \/>\n<meta property=\"og:type\" content=\"article\" \/>\n<meta property=\"og:title\" content=\"G\u00f6zalt\u0131nda Bana Yap\u0131lan Uygulaman\u0131n Cevab\u0131n\u0131 Bekliyorum...\" \/>\n<meta property=\"og:description\" content=\"Bir an durdum d\u00fc\u015f\u00fcnd\u00fcm ve yazmaya nereden ba\u015flasam dedim. Ya\u015fananlar\u0131 akl\u0131m hayalim alm\u0131yor. Yunanistan vatanda\u015f\u0131y\u0131m, \u00fclkeme t\u00fcm yasal yollar\u0131 kullanarak gerekli belgeleri g\u00f6stererek giriyorum ve sonras\u0131n\u0131 yaz\u0131n\u0131n devam\u0131nda okuyunuz. Bir ter\u00f6riste, \u00fclkeye ka\u00e7ak yollardan giren bir m\u00fclteciye, davas\u0131 g\u00f6r\u00fclm\u00fc\u015f ve su\u00e7lu bulunmu\u015f bir a\u011f\u0131r sab\u0131kal\u0131 su\u00e7luya yap\u0131lan bu muamele bana neden yap\u0131ld\u0131? Bunun cevab\u0131n\u0131 Yunanistan &hellip;\" \/>\n<meta property=\"og:url\" content=\"https:\/\/batitrakya.live\/index.php\/gozaltinda-bana-yapilan-uygulamanin-cevabini-bekliyorum\/\" \/>\n<meta property=\"og:site_name\" content=\"Bat\u0131 Trakya Haber\" \/>\n<meta property=\"article:published_time\" content=\"2021-08-14T09:36:13+00:00\" \/>\n<meta property=\"og:image\" content=\"https:\/\/batitrakya.live\/wp-content\/uploads\/2021\/08\/ilhan-feres.jpeg\" \/>\n\t<meta property=\"og:image:width\" content=\"720\" \/>\n\t<meta property=\"og:image:height\" content=\"348\" \/>\n\t<meta property=\"og:image:type\" content=\"image\/jpeg\" \/>\n<meta name=\"author\" content=\"tamer\" \/>\n<meta name=\"twitter:card\" content=\"summary_large_image\" \/>\n<meta name=\"twitter:label1\" content=\"Yazan:\" \/>\n\t<meta name=\"twitter:data1\" content=\"tamer\" \/>\n\t<meta name=\"twitter:label2\" content=\"Tahmini okuma s\u00fcresi\" \/>\n\t<meta name=\"twitter:data2\" content=\"5 dakika\" \/>\n<script type=\"application\/ld+json\" class=\"yoast-schema-graph\">{\"@context\":\"https:\\\/\\\/schema.org\",\"@graph\":[{\"@type\":\"Article\",\"@id\":\"https:\\\/\\\/batitrakya.live\\\/index.php\\\/gozaltinda-bana-yapilan-uygulamanin-cevabini-bekliyorum\\\/#article\",\"isPartOf\":{\"@id\":\"https:\\\/\\\/batitrakya.live\\\/index.php\\\/gozaltinda-bana-yapilan-uygulamanin-cevabini-bekliyorum\\\/\"},\"author\":{\"name\":\"tamer\",\"@id\":\"https:\\\/\\\/batitrakya.live\\\/#\\\/schema\\\/person\\\/61b86abbc19e5fa0bbc3059670546fe5\"},\"headline\":\"G\u00f6zalt\u0131nda Bana Yap\u0131lan Uygulaman\u0131n Cevab\u0131n\u0131 Bekliyorum&#8230;\",\"datePublished\":\"2021-08-14T09:36:13+00:00\",\"mainEntityOfPage\":{\"@id\":\"https:\\\/\\\/batitrakya.live\\\/index.php\\\/gozaltinda-bana-yapilan-uygulamanin-cevabini-bekliyorum\\\/\"},\"wordCount\":1410,\"commentCount\":0,\"image\":{\"@id\":\"https:\\\/\\\/batitrakya.live\\\/index.php\\\/gozaltinda-bana-yapilan-uygulamanin-cevabini-bekliyorum\\\/#primaryimage\"},\"thumbnailUrl\":\"https:\\\/\\\/batitrakya.live\\\/wp-content\\\/uploads\\\/2021\\\/08\\\/ilhan-feres.jpeg\",\"keywords\":[\"Kipi-\u0130psala\",\"Polis\",\"S\u0131n\u0131r\"],\"articleSection\":[\"Bat\u0131 Trakyam Haber\",\"Edit\u00f6r\u00fcn Se\u00e7tikleri\"],\"inLanguage\":\"tr\",\"potentialAction\":[{\"@type\":\"CommentAction\",\"name\":\"Comment\",\"target\":[\"https:\\\/\\\/batitrakya.live\\\/index.php\\\/gozaltinda-bana-yapilan-uygulamanin-cevabini-bekliyorum\\\/#respond\"]}],\"copyrightYear\":\"2021\",\"copyrightHolder\":{\"@id\":\"https:\\\/\\\/batitrakya.live\\\/#organization\"}},{\"@type\":\"WebPage\",\"@id\":\"https:\\\/\\\/batitrakya.live\\\/index.php\\\/gozaltinda-bana-yapilan-uygulamanin-cevabini-bekliyorum\\\/\",\"url\":\"https:\\\/\\\/batitrakya.live\\\/index.php\\\/gozaltinda-bana-yapilan-uygulamanin-cevabini-bekliyorum\\\/\",\"name\":\"G\u00f6zalt\u0131nda Bana Yap\u0131lan Uygulaman\u0131n Cevab\u0131n\u0131 Bekliyorum... - Bat\u0131 Trakya Haber\",\"isPartOf\":{\"@id\":\"https:\\\/\\\/batitrakya.live\\\/#website\"},\"primaryImageOfPage\":{\"@id\":\"https:\\\/\\\/batitrakya.live\\\/index.php\\\/gozaltinda-bana-yapilan-uygulamanin-cevabini-bekliyorum\\\/#primaryimage\"},\"image\":{\"@id\":\"https:\\\/\\\/batitrakya.live\\\/index.php\\\/gozaltinda-bana-yapilan-uygulamanin-cevabini-bekliyorum\\\/#primaryimage\"},\"thumbnailUrl\":\"https:\\\/\\\/batitrakya.live\\\/wp-content\\\/uploads\\\/2021\\\/08\\\/ilhan-feres.jpeg\",\"datePublished\":\"2021-08-14T09:36:13+00:00\",\"author\":{\"@id\":\"https:\\\/\\\/batitrakya.live\\\/#\\\/schema\\\/person\\\/61b86abbc19e5fa0bbc3059670546fe5\"},\"breadcrumb\":{\"@id\":\"https:\\\/\\\/batitrakya.live\\\/index.php\\\/gozaltinda-bana-yapilan-uygulamanin-cevabini-bekliyorum\\\/#breadcrumb\"},\"inLanguage\":\"tr\",\"potentialAction\":[{\"@type\":\"ReadAction\",\"target\":[\"https:\\\/\\\/batitrakya.live\\\/index.php\\\/gozaltinda-bana-yapilan-uygulamanin-cevabini-bekliyorum\\\/\"]}]},{\"@type\":\"ImageObject\",\"inLanguage\":\"tr\",\"@id\":\"https:\\\/\\\/batitrakya.live\\\/index.php\\\/gozaltinda-bana-yapilan-uygulamanin-cevabini-bekliyorum\\\/#primaryimage\",\"url\":\"https:\\\/\\\/batitrakya.live\\\/wp-content\\\/uploads\\\/2021\\\/08\\\/ilhan-feres.jpeg\",\"contentUrl\":\"https:\\\/\\\/batitrakya.live\\\/wp-content\\\/uploads\\\/2021\\\/08\\\/ilhan-feres.jpeg\",\"width\":720,\"height\":348},{\"@type\":\"BreadcrumbList\",\"@id\":\"https:\\\/\\\/batitrakya.live\\\/index.php\\\/gozaltinda-bana-yapilan-uygulamanin-cevabini-bekliyorum\\\/#breadcrumb\",\"itemListElement\":[{\"@type\":\"ListItem\",\"position\":1,\"name\":\"Anasayfa\",\"item\":\"https:\\\/\\\/batitrakya.live\\\/\"},{\"@type\":\"ListItem\",\"position\":2,\"name\":\"G\u00f6zalt\u0131nda Bana Yap\u0131lan Uygulaman\u0131n Cevab\u0131n\u0131 Bekliyorum&#8230;\"}]},{\"@type\":\"WebSite\",\"@id\":\"https:\\\/\\\/batitrakya.live\\\/#website\",\"url\":\"https:\\\/\\\/batitrakya.live\\\/\",\"name\":\"Bat\u0131 Trakya Haber\",\"description\":\"Bat\u0131 Trakyan\u0131n internetteki sesi..\",\"potentialAction\":[{\"@type\":\"SearchAction\",\"target\":{\"@type\":\"EntryPoint\",\"urlTemplate\":\"https:\\\/\\\/batitrakya.live\\\/?s={search_term_string}\"},\"query-input\":{\"@type\":\"PropertyValueSpecification\",\"valueRequired\":true,\"valueName\":\"search_term_string\"}}],\"inLanguage\":\"tr\"},{\"@type\":\"Person\",\"@id\":\"https:\\\/\\\/batitrakya.live\\\/#\\\/schema\\\/person\\\/61b86abbc19e5fa0bbc3059670546fe5\",\"name\":\"tamer\",\"image\":{\"@type\":\"ImageObject\",\"inLanguage\":\"tr\",\"@id\":\"https:\\\/\\\/secure.gravatar.com\\\/avatar\\\/60b0ff14c4376999cea9565d28b91fc61ff0f727c28cd083506a6d83ad6df9c9?s=96&d=mm&r=g\",\"url\":\"https:\\\/\\\/secure.gravatar.com\\\/avatar\\\/60b0ff14c4376999cea9565d28b91fc61ff0f727c28cd083506a6d83ad6df9c9?s=96&d=mm&r=g\",\"contentUrl\":\"https:\\\/\\\/secure.gravatar.com\\\/avatar\\\/60b0ff14c4376999cea9565d28b91fc61ff0f727c28cd083506a6d83ad6df9c9?s=96&d=mm&r=g\",\"caption\":\"tamer\"},\"sameAs\":[\"https:\\\/\\\/batitrakya.live\"],\"url\":\"https:\\\/\\\/batitrakya.live\\\/index.php\\\/author\\\/tamer\\\/\"}]}<\/script>\n<!-- \/ Yoast SEO Premium plugin. -->","yoast_head_json":{"title":"G\u00f6zalt\u0131nda Bana Yap\u0131lan Uygulaman\u0131n Cevab\u0131n\u0131 Bekliyorum... - Bat\u0131 Trakya Haber","robots":{"index":"index","follow":"follow","max-snippet":"max-snippet:-1","max-image-preview":"max-image-preview:large","max-video-preview":"max-video-preview:-1"},"canonical":"https:\/\/batitrakya.live\/index.php\/gozaltinda-bana-yapilan-uygulamanin-cevabini-bekliyorum\/","og_locale":"tr_TR","og_type":"article","og_title":"G\u00f6zalt\u0131nda Bana Yap\u0131lan Uygulaman\u0131n Cevab\u0131n\u0131 Bekliyorum...","og_description":"Bir an durdum d\u00fc\u015f\u00fcnd\u00fcm ve yazmaya nereden ba\u015flasam dedim. Ya\u015fananlar\u0131 akl\u0131m hayalim alm\u0131yor. Yunanistan vatanda\u015f\u0131y\u0131m, \u00fclkeme t\u00fcm yasal yollar\u0131 kullanarak gerekli belgeleri g\u00f6stererek giriyorum ve sonras\u0131n\u0131 yaz\u0131n\u0131n devam\u0131nda okuyunuz. Bir ter\u00f6riste, \u00fclkeye ka\u00e7ak yollardan giren bir m\u00fclteciye, davas\u0131 g\u00f6r\u00fclm\u00fc\u015f ve su\u00e7lu bulunmu\u015f bir a\u011f\u0131r sab\u0131kal\u0131 su\u00e7luya yap\u0131lan bu muamele bana neden yap\u0131ld\u0131? Bunun cevab\u0131n\u0131 Yunanistan &hellip;","og_url":"https:\/\/batitrakya.live\/index.php\/gozaltinda-bana-yapilan-uygulamanin-cevabini-bekliyorum\/","og_site_name":"Bat\u0131 Trakya Haber","article_published_time":"2021-08-14T09:36:13+00:00","og_image":[{"width":720,"height":348,"url":"https:\/\/batitrakya.live\/wp-content\/uploads\/2021\/08\/ilhan-feres.jpeg","type":"image\/jpeg"}],"author":"tamer","twitter_card":"summary_large_image","twitter_misc":{"Yazan:":"tamer","Tahmini okuma s\u00fcresi":"5 dakika"},"schema":{"@context":"https:\/\/schema.org","@graph":[{"@type":"Article","@id":"https:\/\/batitrakya.live\/index.php\/gozaltinda-bana-yapilan-uygulamanin-cevabini-bekliyorum\/#article","isPartOf":{"@id":"https:\/\/batitrakya.live\/index.php\/gozaltinda-bana-yapilan-uygulamanin-cevabini-bekliyorum\/"},"author":{"name":"tamer","@id":"https:\/\/batitrakya.live\/#\/schema\/person\/61b86abbc19e5fa0bbc3059670546fe5"},"headline":"G\u00f6zalt\u0131nda Bana Yap\u0131lan Uygulaman\u0131n Cevab\u0131n\u0131 Bekliyorum&#8230;","datePublished":"2021-08-14T09:36:13+00:00","mainEntityOfPage":{"@id":"https:\/\/batitrakya.live\/index.php\/gozaltinda-bana-yapilan-uygulamanin-cevabini-bekliyorum\/"},"wordCount":1410,"commentCount":0,"image":{"@id":"https:\/\/batitrakya.live\/index.php\/gozaltinda-bana-yapilan-uygulamanin-cevabini-bekliyorum\/#primaryimage"},"thumbnailUrl":"https:\/\/batitrakya.live\/wp-content\/uploads\/2021\/08\/ilhan-feres.jpeg","keywords":["Kipi-\u0130psala","Polis","S\u0131n\u0131r"],"articleSection":["Bat\u0131 Trakyam Haber","Edit\u00f6r\u00fcn Se\u00e7tikleri"],"inLanguage":"tr","potentialAction":[{"@type":"CommentAction","name":"Comment","target":["https:\/\/batitrakya.live\/index.php\/gozaltinda-bana-yapilan-uygulamanin-cevabini-bekliyorum\/#respond"]}],"copyrightYear":"2021","copyrightHolder":{"@id":"https:\/\/batitrakya.live\/#organization"}},{"@type":"WebPage","@id":"https:\/\/batitrakya.live\/index.php\/gozaltinda-bana-yapilan-uygulamanin-cevabini-bekliyorum\/","url":"https:\/\/batitrakya.live\/index.php\/gozaltinda-bana-yapilan-uygulamanin-cevabini-bekliyorum\/","name":"G\u00f6zalt\u0131nda Bana Yap\u0131lan Uygulaman\u0131n Cevab\u0131n\u0131 Bekliyorum... - Bat\u0131 Trakya Haber","isPartOf":{"@id":"https:\/\/batitrakya.live\/#website"},"primaryImageOfPage":{"@id":"https:\/\/batitrakya.live\/index.php\/gozaltinda-bana-yapilan-uygulamanin-cevabini-bekliyorum\/#primaryimage"},"image":{"@id":"https:\/\/batitrakya.live\/index.php\/gozaltinda-bana-yapilan-uygulamanin-cevabini-bekliyorum\/#primaryimage"},"thumbnailUrl":"https:\/\/batitrakya.live\/wp-content\/uploads\/2021\/08\/ilhan-feres.jpeg","datePublished":"2021-08-14T09:36:13+00:00","author":{"@id":"https:\/\/batitrakya.live\/#\/schema\/person\/61b86abbc19e5fa0bbc3059670546fe5"},"breadcrumb":{"@id":"https:\/\/batitrakya.live\/index.php\/gozaltinda-bana-yapilan-uygulamanin-cevabini-bekliyorum\/#breadcrumb"},"inLanguage":"tr","potentialAction":[{"@type":"ReadAction","target":["https:\/\/batitrakya.live\/index.php\/gozaltinda-bana-yapilan-uygulamanin-cevabini-bekliyorum\/"]}]},{"@type":"ImageObject","inLanguage":"tr","@id":"https:\/\/batitrakya.live\/index.php\/gozaltinda-bana-yapilan-uygulamanin-cevabini-bekliyorum\/#primaryimage","url":"https:\/\/batitrakya.live\/wp-content\/uploads\/2021\/08\/ilhan-feres.jpeg","contentUrl":"https:\/\/batitrakya.live\/wp-content\/uploads\/2021\/08\/ilhan-feres.jpeg","width":720,"height":348},{"@type":"BreadcrumbList","@id":"https:\/\/batitrakya.live\/index.php\/gozaltinda-bana-yapilan-uygulamanin-cevabini-bekliyorum\/#breadcrumb","itemListElement":[{"@type":"ListItem","position":1,"name":"Anasayfa","item":"https:\/\/batitrakya.live\/"},{"@type":"ListItem","position":2,"name":"G\u00f6zalt\u0131nda Bana Yap\u0131lan Uygulaman\u0131n Cevab\u0131n\u0131 Bekliyorum&#8230;"}]},{"@type":"WebSite","@id":"https:\/\/batitrakya.live\/#website","url":"https:\/\/batitrakya.live\/","name":"Bat\u0131 Trakya Haber","description":"Bat\u0131 Trakyan\u0131n internetteki sesi..","potentialAction":[{"@type":"SearchAction","target":{"@type":"EntryPoint","urlTemplate":"https:\/\/batitrakya.live\/?s={search_term_string}"},"query-input":{"@type":"PropertyValueSpecification","valueRequired":true,"valueName":"search_term_string"}}],"inLanguage":"tr"},{"@type":"Person","@id":"https:\/\/batitrakya.live\/#\/schema\/person\/61b86abbc19e5fa0bbc3059670546fe5","name":"tamer","image":{"@type":"ImageObject","inLanguage":"tr","@id":"https:\/\/secure.gravatar.com\/avatar\/60b0ff14c4376999cea9565d28b91fc61ff0f727c28cd083506a6d83ad6df9c9?s=96&d=mm&r=g","url":"https:\/\/secure.gravatar.com\/avatar\/60b0ff14c4376999cea9565d28b91fc61ff0f727c28cd083506a6d83ad6df9c9?s=96&d=mm&r=g","contentUrl":"https:\/\/secure.gravatar.com\/avatar\/60b0ff14c4376999cea9565d28b91fc61ff0f727c28cd083506a6d83ad6df9c9?s=96&d=mm&r=g","caption":"tamer"},"sameAs":["https:\/\/batitrakya.live"],"url":"https:\/\/batitrakya.live\/index.php\/author\/tamer\/"}]}},"_links":{"self":[{"href":"https:\/\/batitrakya.live\/index.php\/wp-json\/wp\/v2\/posts\/37017","targetHints":{"allow":["GET"]}}],"collection":[{"href":"https:\/\/batitrakya.live\/index.php\/wp-json\/wp\/v2\/posts"}],"about":[{"href":"https:\/\/batitrakya.live\/index.php\/wp-json\/wp\/v2\/types\/post"}],"author":[{"embeddable":true,"href":"https:\/\/batitrakya.live\/index.php\/wp-json\/wp\/v2\/users\/1"}],"replies":[{"embeddable":true,"href":"https:\/\/batitrakya.live\/index.php\/wp-json\/wp\/v2\/comments?post=37017"}],"version-history":[{"count":0,"href":"https:\/\/batitrakya.live\/index.php\/wp-json\/wp\/v2\/posts\/37017\/revisions"}],"wp:featuredmedia":[{"embeddable":true,"href":"https:\/\/batitrakya.live\/index.php\/wp-json\/wp\/v2\/media\/37020"}],"wp:attachment":[{"href":"https:\/\/batitrakya.live\/index.php\/wp-json\/wp\/v2\/media?parent=37017"}],"wp:term":[{"taxonomy":"category","embeddable":true,"href":"https:\/\/batitrakya.live\/index.php\/wp-json\/wp\/v2\/categories?post=37017"},{"taxonomy":"post_tag","embeddable":true,"href":"https:\/\/batitrakya.live\/index.php\/wp-json\/wp\/v2\/tags?post=37017"}],"curies":[{"name":"wp","href":"https:\/\/api.w.org\/{rel}","templated":true}]}}