{"id":36330,"date":"2021-07-15T18:13:02","date_gmt":"2021-07-15T15:13:02","guid":{"rendered":"https:\/\/batitrakya.live\/?p=36330"},"modified":"2021-07-15T18:13:02","modified_gmt":"2021-07-15T15:13:02","slug":"almanyada-sel-felaketi-olu-sayisi-artiyor-onlarca-kisi-kayip","status":"publish","type":"post","link":"https:\/\/batitrakya.live\/index.php\/almanyada-sel-felaketi-olu-sayisi-artiyor-onlarca-kisi-kayip\/","title":{"rendered":"Almanya&#8217;da sel felaketi: \u00d6l\u00fc say\u0131s\u0131 art\u0131yor onlarca ki\u015fi kay\u0131p&#8230;"},"content":{"rendered":"<p>Almanya&#8217;da \u015fiddetli ya\u011fmurun neden oldu\u011fu sel nedeniyle 6 bina \u00e7\u00f6kt\u00fc. Gelen son dakika bilgisine g\u00f6re, 80 den fazla ki\u015fi hayat\u0131n\u0131 kaybetti. Onlarca ki\u015finin ise kay\u0131p oldu\u011fu a\u00e7\u0131kland\u0131. B\u00f6lgede acil durum ilan edildi. Bel\u00e7ika&#8217;da ise 2 ki\u015fi hayat\u0131n\u0131 kaybetti.<\/p>\n<p>\u015eiddetli ya\u011fmurun Almanya&#8217;n\u0131n bat\u0131 b\u00f6lgelerinde sele yol a\u00e7mas\u0131n\u0131n ard\u0131ndan alt\u0131 bina \u00e7\u00f6kt\u00fc.<\/p>\n<p>Uluslararas\u0131 haber ajans\u0131 Gelen son dakika bilgisine g\u00f6re, 80 ki\u015fi hayat\u0131n\u0131 kaybetti. Yakla\u015f\u0131k 10 larcada\u00a0 kay\u0131p oldu\u011fu a\u00e7\u0131kland\u0131.<\/p>\n<p>Altena ve Wedohl kasabalar\u0131nda g\u00f6rev ba\u015f\u0131ndaki iki itfaiyecinin de arama kurtarma \u00e7al\u0131\u015fmalar\u0131 s\u0131ras\u0131nda hayatlar\u0131n\u0131 kaybettikleri duyuruldu.<\/p>\n<p>Schuld bei Adenau b\u00f6lgesinde yakla\u015f\u0131k 25 evin daha \u00e7\u00f6kme tehlikesi alt\u0131nda oldu\u011fu da gelen haberler aras\u0131nda.<\/p>\n<p>Yap\u0131lan resmi a\u00e7\u0131klamada Schuld isimli k\u00f6yde \u00e7\u00f6ken evlerde ya\u015fayan ki\u015filer i\u00e7in arama kurtarma \u00e7al\u0131\u015fmalar\u0131n\u0131n s\u00fcrd\u00fc\u011f\u00fc bilgisine yer verildi.<\/p>\n<p>G\u00fcvenlik g\u00fc\u00e7leri felaketin boyutu hakk\u0131nda net bir bilgi payla\u015fmazken son durum hakk\u0131nda bilgi veren J\u00fcrgen Pfoehleer, insanlar\u0131 evde kalmaya ve m\u00fcmk\u00fcnse evlerinin \u00fcst katlar\u0131na \u00e7\u0131kmaya \u00e7a\u011f\u0131rd\u0131.<\/p>\n<p>Gelen ilk bilgiler sel felaketinin ya\u015fand\u0131\u011f\u0131 baz\u0131 b\u00f6lgelere kara yolu ula\u015f\u0131m\u0131n\u0131n kapand\u0131\u011f\u0131na i\u015faret ediyor.<\/p>\n<p>Ayr\u0131ca Almanya&#8217;n\u0131n en kalabal\u0131k eyaleti olan Kuzey Ren Vestfalya&#8217;n\u0131n b\u00fcy\u00fck b\u00f6l\u00fcm\u00fcnde demiryolu ba\u011flant\u0131lar\u0131 ask\u0131ya al\u0131nd\u0131.<\/p>\n<p>Arama kurtarma faaliyetleri kapsam\u0131nda baz\u0131 b\u00f6lgelerde ordudan da yard\u0131m istenildi\u011fi belirtiliyor.<\/p>\n<p>Sele neden olan ya\u011f\u0131\u015flar\u0131n yar\u0131n itibari ile azalmas\u0131 bekleniyor.<\/p>\n<p>\u00dclkede d\u00fcn ba\u015flayan yo\u011fun ya\u011f\u0131\u015flar, b\u00f6lgede g\u00f6rev yapan bir itfaiye erininin bo\u011fularak \u00f6lmesine neden olmu\u015ftu.<\/p>\n\n\n<figure class=\"wp-block-gallery columns-3 is-cropped wp-block-gallery-1 is-layout-flex wp-block-gallery-is-layout-flex\"><ul class=\"blocks-gallery-grid\"><li class=\"blocks-gallery-item\"><figure><a href=\"https:\/\/haber.batitrakya.live\/wp-content\/uploads\/2021\/07\/almanya_sel1.jpg\"><img loading=\"lazy\" decoding=\"async\" width=\"720\" height=\"348\" src=\"https:\/\/haber.batitrakya.live\/wp-content\/uploads\/2021\/07\/almanya_sel1.jpg\" alt=\"\" data-id=\"36333\" data-full-url=\"https:\/\/haber.batitrakya.live\/wp-content\/uploads\/2021\/07\/almanya_sel1.jpg\" data-link=\"https:\/\/batitrakya.live\/?attachment_id=36333\" class=\"wp-image-36333\" srcset=\"https:\/\/batitrakya.live\/wp-content\/uploads\/2021\/07\/almanya_sel1.jpg 720w, https:\/\/batitrakya.live\/wp-content\/uploads\/2021\/07\/almanya_sel1-300x145.jpg 300w\" sizes=\"auto, (max-width: 720px) 100vw, 720px\" \/><\/a><\/figure><\/li><li class=\"blocks-gallery-item\"><figure><a href=\"https:\/\/haber.batitrakya.live\/wp-content\/uploads\/2021\/07\/almanya_sel-1.jpg\"><img loading=\"lazy\" decoding=\"async\" width=\"720\" height=\"348\" src=\"https:\/\/haber.batitrakya.live\/wp-content\/uploads\/2021\/07\/almanya_sel-1.jpg\" alt=\"\" data-id=\"36334\" data-full-url=\"https:\/\/haber.batitrakya.live\/wp-content\/uploads\/2021\/07\/almanya_sel-1.jpg\" data-link=\"https:\/\/batitrakya.live\/?attachment_id=36334\" class=\"wp-image-36334\" srcset=\"https:\/\/batitrakya.live\/wp-content\/uploads\/2021\/07\/almanya_sel-1.jpg 720w, https:\/\/batitrakya.live\/wp-content\/uploads\/2021\/07\/almanya_sel-1-300x145.jpg 300w\" sizes=\"auto, (max-width: 720px) 100vw, 720px\" \/><\/a><\/figure><\/li><li class=\"blocks-gallery-item\"><figure><a href=\"https:\/\/haber.batitrakya.live\/wp-content\/uploads\/2021\/07\/almanya_sel6.jpg\"><img loading=\"lazy\" decoding=\"async\" width=\"750\" height=\"558\" src=\"https:\/\/haber.batitrakya.live\/wp-content\/uploads\/2021\/07\/almanya_sel6.jpg\" alt=\"\" data-id=\"36335\" data-full-url=\"https:\/\/haber.batitrakya.live\/wp-content\/uploads\/2021\/07\/almanya_sel6.jpg\" data-link=\"https:\/\/batitrakya.live\/?attachment_id=36335\" class=\"wp-image-36335\" srcset=\"https:\/\/batitrakya.live\/wp-content\/uploads\/2021\/07\/almanya_sel6.jpg 750w, https:\/\/batitrakya.live\/wp-content\/uploads\/2021\/07\/almanya_sel6-300x223.jpg 300w\" sizes=\"auto, (max-width: 750px) 100vw, 750px\" \/><\/a><\/figure><\/li><li class=\"blocks-gallery-item\"><figure><a href=\"https:\/\/haber.batitrakya.live\/wp-content\/uploads\/2021\/07\/almanya_sel5.jpg\"><img loading=\"lazy\" decoding=\"async\" width=\"750\" height=\"501\" src=\"https:\/\/haber.batitrakya.live\/wp-content\/uploads\/2021\/07\/almanya_sel5.jpg\" alt=\"\" data-id=\"36336\" data-full-url=\"https:\/\/haber.batitrakya.live\/wp-content\/uploads\/2021\/07\/almanya_sel5.jpg\" data-link=\"https:\/\/batitrakya.live\/?attachment_id=36336\" class=\"wp-image-36336\" srcset=\"https:\/\/batitrakya.live\/wp-content\/uploads\/2021\/07\/almanya_sel5.jpg 750w, https:\/\/batitrakya.live\/wp-content\/uploads\/2021\/07\/almanya_sel5-300x200.jpg 300w\" sizes=\"auto, (max-width: 750px) 100vw, 750px\" \/><\/a><\/figure><\/li><li class=\"blocks-gallery-item\"><figure><a href=\"https:\/\/haber.batitrakya.live\/wp-content\/uploads\/2021\/07\/almanya_sel4.jpg\"><img loading=\"lazy\" decoding=\"async\" width=\"750\" height=\"563\" src=\"https:\/\/haber.batitrakya.live\/wp-content\/uploads\/2021\/07\/almanya_sel4.jpg\" alt=\"\" data-id=\"36337\" data-full-url=\"https:\/\/haber.batitrakya.live\/wp-content\/uploads\/2021\/07\/almanya_sel4.jpg\" data-link=\"https:\/\/batitrakya.live\/?attachment_id=36337\" class=\"wp-image-36337\" srcset=\"https:\/\/batitrakya.live\/wp-content\/uploads\/2021\/07\/almanya_sel4.jpg 750w, https:\/\/batitrakya.live\/wp-content\/uploads\/2021\/07\/almanya_sel4-300x225.jpg 300w\" sizes=\"auto, (max-width: 750px) 100vw, 750px\" \/><\/a><\/figure><\/li><li class=\"blocks-gallery-item\"><figure><a href=\"https:\/\/haber.batitrakya.live\/wp-content\/uploads\/2021\/07\/almanya_sel3.jpg\"><img loading=\"lazy\" decoding=\"async\" width=\"864\" height=\"486\" src=\"https:\/\/haber.batitrakya.live\/wp-content\/uploads\/2021\/07\/almanya_sel3.jpg\" alt=\"\" data-id=\"36338\" data-full-url=\"https:\/\/haber.batitrakya.live\/wp-content\/uploads\/2021\/07\/almanya_sel3.jpg\" data-link=\"https:\/\/batitrakya.live\/?attachment_id=36338\" class=\"wp-image-36338\" srcset=\"https:\/\/batitrakya.live\/wp-content\/uploads\/2021\/07\/almanya_sel3.jpg 864w, https:\/\/batitrakya.live\/wp-content\/uploads\/2021\/07\/almanya_sel3-300x169.jpg 300w, https:\/\/batitrakya.live\/wp-content\/uploads\/2021\/07\/almanya_sel3-768x432.jpg 768w, https:\/\/batitrakya.live\/wp-content\/uploads\/2021\/07\/almanya_sel3-390x220.jpg 390w\" sizes=\"auto, (max-width: 864px) 100vw, 864px\" \/><\/a><\/figure><\/li><li class=\"blocks-gallery-item\"><figure><a href=\"https:\/\/haber.batitrakya.live\/wp-content\/uploads\/2021\/07\/almanya_sel2.jpg\"><img loading=\"lazy\" decoding=\"async\" width=\"750\" height=\"483\" src=\"https:\/\/haber.batitrakya.live\/wp-content\/uploads\/2021\/07\/almanya_sel2.jpg\" alt=\"\" data-id=\"36339\" data-full-url=\"https:\/\/haber.batitrakya.live\/wp-content\/uploads\/2021\/07\/almanya_sel2.jpg\" data-link=\"https:\/\/batitrakya.live\/?attachment_id=36339\" class=\"wp-image-36339\" srcset=\"https:\/\/batitrakya.live\/wp-content\/uploads\/2021\/07\/almanya_sel2.jpg 750w, https:\/\/batitrakya.live\/wp-content\/uploads\/2021\/07\/almanya_sel2-300x193.jpg 300w\" sizes=\"auto, (max-width: 750px) 100vw, 750px\" \/><\/a><\/figure><\/li><\/ul><\/figure>\n","protected":false},"excerpt":{"rendered":"<p>Almanya&#8217;da \u015fiddetli ya\u011fmurun neden oldu\u011fu sel nedeniyle 6 bina \u00e7\u00f6kt\u00fc. Gelen son dakika bilgisine g\u00f6re, 80 den fazla ki\u015fi hayat\u0131n\u0131 kaybetti. Onlarca ki\u015finin ise kay\u0131p oldu\u011fu a\u00e7\u0131kland\u0131. B\u00f6lgede acil durum ilan edildi. Bel\u00e7ika&#8217;da ise 2 ki\u015fi hayat\u0131n\u0131 kaybetti. \u015eiddetli ya\u011fmurun Almanya&#8217;n\u0131n bat\u0131 b\u00f6lgelerinde sele yol a\u00e7mas\u0131n\u0131n ard\u0131ndan alt\u0131 bina \u00e7\u00f6kt\u00fc. Uluslararas\u0131 haber ajans\u0131 Gelen son &hellip;<\/p>\n","protected":false},"author":1,"featured_media":36332,"comment_status":"open","ping_status":"open","sticky":false,"template":"","format":"standard","meta":{"footnotes":""},"categories":[46,66],"tags":[229,384],"class_list":["post-36330","post","type-post","status-publish","format-standard","has-post-thumbnail","hentry","category-balkanlar","category-video-haber","tag-almanya","tag-sel"],"yoast_head":"<!-- This site is optimized with the Yoast SEO Premium plugin v26.3 (Yoast SEO v27.3) - https:\/\/yoast.com\/product\/yoast-seo-premium-wordpress\/ -->\n<title>Almanya&#039;da sel felaketi: \u00d6l\u00fc say\u0131s\u0131 art\u0131yor onlarca ki\u015fi kay\u0131p... - Bat\u0131 Trakya Haber<\/title>\n<meta name=\"robots\" content=\"index, follow, max-snippet:-1, max-image-preview:large, max-video-preview:-1\" \/>\n<link rel=\"canonical\" href=\"https:\/\/batitrakya.live\/index.php\/almanyada-sel-felaketi-olu-sayisi-artiyor-onlarca-kisi-kayip\/\" \/>\n<meta property=\"og:locale\" content=\"tr_TR\" \/>\n<meta property=\"og:type\" content=\"article\" \/>\n<meta property=\"og:title\" content=\"Almanya&#039;da sel felaketi: \u00d6l\u00fc say\u0131s\u0131 art\u0131yor onlarca ki\u015fi kay\u0131p...\" \/>\n<meta property=\"og:description\" content=\"Almanya&#8217;da \u015fiddetli ya\u011fmurun neden oldu\u011fu sel nedeniyle 6 bina \u00e7\u00f6kt\u00fc. Gelen son dakika bilgisine g\u00f6re, 80 den fazla ki\u015fi hayat\u0131n\u0131 kaybetti. Onlarca ki\u015finin ise kay\u0131p oldu\u011fu a\u00e7\u0131kland\u0131. B\u00f6lgede acil durum ilan edildi. Bel\u00e7ika&#8217;da ise 2 ki\u015fi hayat\u0131n\u0131 kaybetti. \u015eiddetli ya\u011fmurun Almanya&#8217;n\u0131n bat\u0131 b\u00f6lgelerinde sele yol a\u00e7mas\u0131n\u0131n ard\u0131ndan alt\u0131 bina \u00e7\u00f6kt\u00fc. Uluslararas\u0131 haber ajans\u0131 Gelen son &hellip;\" \/>\n<meta property=\"og:url\" content=\"https:\/\/batitrakya.live\/index.php\/almanyada-sel-felaketi-olu-sayisi-artiyor-onlarca-kisi-kayip\/\" \/>\n<meta property=\"og:site_name\" content=\"Bat\u0131 Trakya Haber\" \/>\n<meta property=\"article:published_time\" content=\"2021-07-15T15:13:02+00:00\" \/>\n<meta property=\"og:image\" content=\"https:\/\/batitrakya.live\/wp-content\/uploads\/2021\/07\/almanya_sel.jpg\" \/>\n\t<meta property=\"og:image:width\" content=\"720\" \/>\n\t<meta property=\"og:image:height\" content=\"348\" \/>\n\t<meta property=\"og:image:type\" content=\"image\/jpeg\" \/>\n<meta name=\"author\" content=\"tamer\" \/>\n<meta name=\"twitter:card\" content=\"summary_large_image\" \/>\n<meta name=\"twitter:label1\" content=\"Yazan:\" \/>\n\t<meta name=\"twitter:data1\" content=\"tamer\" \/>\n\t<meta name=\"twitter:label2\" content=\"Tahmini okuma s\u00fcresi\" \/>\n\t<meta name=\"twitter:data2\" content=\"3 dakika\" \/>\n<script type=\"application\/ld+json\" class=\"yoast-schema-graph\">{\"@context\":\"https:\\\/\\\/schema.org\",\"@graph\":[{\"@type\":\"Article\",\"@id\":\"https:\\\/\\\/batitrakya.live\\\/index.php\\\/almanyada-sel-felaketi-olu-sayisi-artiyor-onlarca-kisi-kayip\\\/#article\",\"isPartOf\":{\"@id\":\"https:\\\/\\\/batitrakya.live\\\/index.php\\\/almanyada-sel-felaketi-olu-sayisi-artiyor-onlarca-kisi-kayip\\\/\"},\"author\":{\"name\":\"tamer\",\"@id\":\"https:\\\/\\\/batitrakya.live\\\/#\\\/schema\\\/person\\\/61b86abbc19e5fa0bbc3059670546fe5\"},\"headline\":\"Almanya&#8217;da sel felaketi: \u00d6l\u00fc say\u0131s\u0131 art\u0131yor onlarca ki\u015fi kay\u0131p&#8230;\",\"datePublished\":\"2021-07-15T15:13:02+00:00\",\"mainEntityOfPage\":{\"@id\":\"https:\\\/\\\/batitrakya.live\\\/index.php\\\/almanyada-sel-felaketi-olu-sayisi-artiyor-onlarca-kisi-kayip\\\/\"},\"wordCount\":315,\"commentCount\":0,\"image\":{\"@id\":\"https:\\\/\\\/batitrakya.live\\\/index.php\\\/almanyada-sel-felaketi-olu-sayisi-artiyor-onlarca-kisi-kayip\\\/#primaryimage\"},\"thumbnailUrl\":\"https:\\\/\\\/batitrakya.live\\\/wp-content\\\/uploads\\\/2021\\\/07\\\/almanya_sel.jpg\",\"keywords\":[\"Almanya\",\"Sel\"],\"articleSection\":[\"Balkanlar | Avrupa Haber\",\"Video Haber\"],\"inLanguage\":\"tr\",\"potentialAction\":[{\"@type\":\"CommentAction\",\"name\":\"Comment\",\"target\":[\"https:\\\/\\\/batitrakya.live\\\/index.php\\\/almanyada-sel-felaketi-olu-sayisi-artiyor-onlarca-kisi-kayip\\\/#respond\"]}],\"copyrightYear\":\"2021\",\"copyrightHolder\":{\"@id\":\"https:\\\/\\\/batitrakya.live\\\/#organization\"}},{\"@type\":\"WebPage\",\"@id\":\"https:\\\/\\\/batitrakya.live\\\/index.php\\\/almanyada-sel-felaketi-olu-sayisi-artiyor-onlarca-kisi-kayip\\\/\",\"url\":\"https:\\\/\\\/batitrakya.live\\\/index.php\\\/almanyada-sel-felaketi-olu-sayisi-artiyor-onlarca-kisi-kayip\\\/\",\"name\":\"Almanya'da sel felaketi: \u00d6l\u00fc say\u0131s\u0131 art\u0131yor onlarca ki\u015fi kay\u0131p... - Bat\u0131 Trakya Haber\",\"isPartOf\":{\"@id\":\"https:\\\/\\\/batitrakya.live\\\/#website\"},\"primaryImageOfPage\":{\"@id\":\"https:\\\/\\\/batitrakya.live\\\/index.php\\\/almanyada-sel-felaketi-olu-sayisi-artiyor-onlarca-kisi-kayip\\\/#primaryimage\"},\"image\":{\"@id\":\"https:\\\/\\\/batitrakya.live\\\/index.php\\\/almanyada-sel-felaketi-olu-sayisi-artiyor-onlarca-kisi-kayip\\\/#primaryimage\"},\"thumbnailUrl\":\"https:\\\/\\\/batitrakya.live\\\/wp-content\\\/uploads\\\/2021\\\/07\\\/almanya_sel.jpg\",\"datePublished\":\"2021-07-15T15:13:02+00:00\",\"author\":{\"@id\":\"https:\\\/\\\/batitrakya.live\\\/#\\\/schema\\\/person\\\/61b86abbc19e5fa0bbc3059670546fe5\"},\"breadcrumb\":{\"@id\":\"https:\\\/\\\/batitrakya.live\\\/index.php\\\/almanyada-sel-felaketi-olu-sayisi-artiyor-onlarca-kisi-kayip\\\/#breadcrumb\"},\"inLanguage\":\"tr\",\"potentialAction\":[{\"@type\":\"ReadAction\",\"target\":[\"https:\\\/\\\/batitrakya.live\\\/index.php\\\/almanyada-sel-felaketi-olu-sayisi-artiyor-onlarca-kisi-kayip\\\/\"]}]},{\"@type\":\"ImageObject\",\"inLanguage\":\"tr\",\"@id\":\"https:\\\/\\\/batitrakya.live\\\/index.php\\\/almanyada-sel-felaketi-olu-sayisi-artiyor-onlarca-kisi-kayip\\\/#primaryimage\",\"url\":\"https:\\\/\\\/batitrakya.live\\\/wp-content\\\/uploads\\\/2021\\\/07\\\/almanya_sel.jpg\",\"contentUrl\":\"https:\\\/\\\/batitrakya.live\\\/wp-content\\\/uploads\\\/2021\\\/07\\\/almanya_sel.jpg\",\"width\":720,\"height\":348},{\"@type\":\"BreadcrumbList\",\"@id\":\"https:\\\/\\\/batitrakya.live\\\/index.php\\\/almanyada-sel-felaketi-olu-sayisi-artiyor-onlarca-kisi-kayip\\\/#breadcrumb\",\"itemListElement\":[{\"@type\":\"ListItem\",\"position\":1,\"name\":\"Anasayfa\",\"item\":\"https:\\\/\\\/batitrakya.live\\\/\"},{\"@type\":\"ListItem\",\"position\":2,\"name\":\"Almanya&#8217;da sel felaketi: \u00d6l\u00fc say\u0131s\u0131 art\u0131yor onlarca ki\u015fi kay\u0131p&#8230;\"}]},{\"@type\":\"WebSite\",\"@id\":\"https:\\\/\\\/batitrakya.live\\\/#website\",\"url\":\"https:\\\/\\\/batitrakya.live\\\/\",\"name\":\"Bat\u0131 Trakya Haber\",\"description\":\"Bat\u0131 Trakyan\u0131n internetteki sesi..\",\"potentialAction\":[{\"@type\":\"SearchAction\",\"target\":{\"@type\":\"EntryPoint\",\"urlTemplate\":\"https:\\\/\\\/batitrakya.live\\\/?s={search_term_string}\"},\"query-input\":{\"@type\":\"PropertyValueSpecification\",\"valueRequired\":true,\"valueName\":\"search_term_string\"}}],\"inLanguage\":\"tr\"},{\"@type\":\"Person\",\"@id\":\"https:\\\/\\\/batitrakya.live\\\/#\\\/schema\\\/person\\\/61b86abbc19e5fa0bbc3059670546fe5\",\"name\":\"tamer\",\"image\":{\"@type\":\"ImageObject\",\"inLanguage\":\"tr\",\"@id\":\"https:\\\/\\\/secure.gravatar.com\\\/avatar\\\/60b0ff14c4376999cea9565d28b91fc61ff0f727c28cd083506a6d83ad6df9c9?s=96&d=mm&r=g\",\"url\":\"https:\\\/\\\/secure.gravatar.com\\\/avatar\\\/60b0ff14c4376999cea9565d28b91fc61ff0f727c28cd083506a6d83ad6df9c9?s=96&d=mm&r=g\",\"contentUrl\":\"https:\\\/\\\/secure.gravatar.com\\\/avatar\\\/60b0ff14c4376999cea9565d28b91fc61ff0f727c28cd083506a6d83ad6df9c9?s=96&d=mm&r=g\",\"caption\":\"tamer\"},\"sameAs\":[\"https:\\\/\\\/batitrakya.live\"],\"url\":\"https:\\\/\\\/batitrakya.live\\\/index.php\\\/author\\\/tamer\\\/\"}]}<\/script>\n<!-- \/ Yoast SEO Premium plugin. -->","yoast_head_json":{"title":"Almanya'da sel felaketi: \u00d6l\u00fc say\u0131s\u0131 art\u0131yor onlarca ki\u015fi kay\u0131p... - Bat\u0131 Trakya Haber","robots":{"index":"index","follow":"follow","max-snippet":"max-snippet:-1","max-image-preview":"max-image-preview:large","max-video-preview":"max-video-preview:-1"},"canonical":"https:\/\/batitrakya.live\/index.php\/almanyada-sel-felaketi-olu-sayisi-artiyor-onlarca-kisi-kayip\/","og_locale":"tr_TR","og_type":"article","og_title":"Almanya'da sel felaketi: \u00d6l\u00fc say\u0131s\u0131 art\u0131yor onlarca ki\u015fi kay\u0131p...","og_description":"Almanya&#8217;da \u015fiddetli ya\u011fmurun neden oldu\u011fu sel nedeniyle 6 bina \u00e7\u00f6kt\u00fc. Gelen son dakika bilgisine g\u00f6re, 80 den fazla ki\u015fi hayat\u0131n\u0131 kaybetti. Onlarca ki\u015finin ise kay\u0131p oldu\u011fu a\u00e7\u0131kland\u0131. B\u00f6lgede acil durum ilan edildi. Bel\u00e7ika&#8217;da ise 2 ki\u015fi hayat\u0131n\u0131 kaybetti. \u015eiddetli ya\u011fmurun Almanya&#8217;n\u0131n bat\u0131 b\u00f6lgelerinde sele yol a\u00e7mas\u0131n\u0131n ard\u0131ndan alt\u0131 bina \u00e7\u00f6kt\u00fc. Uluslararas\u0131 haber ajans\u0131 Gelen son &hellip;","og_url":"https:\/\/batitrakya.live\/index.php\/almanyada-sel-felaketi-olu-sayisi-artiyor-onlarca-kisi-kayip\/","og_site_name":"Bat\u0131 Trakya Haber","article_published_time":"2021-07-15T15:13:02+00:00","og_image":[{"width":720,"height":348,"url":"https:\/\/batitrakya.live\/wp-content\/uploads\/2021\/07\/almanya_sel.jpg","type":"image\/jpeg"}],"author":"tamer","twitter_card":"summary_large_image","twitter_misc":{"Yazan:":"tamer","Tahmini okuma s\u00fcresi":"3 dakika"},"schema":{"@context":"https:\/\/schema.org","@graph":[{"@type":"Article","@id":"https:\/\/batitrakya.live\/index.php\/almanyada-sel-felaketi-olu-sayisi-artiyor-onlarca-kisi-kayip\/#article","isPartOf":{"@id":"https:\/\/batitrakya.live\/index.php\/almanyada-sel-felaketi-olu-sayisi-artiyor-onlarca-kisi-kayip\/"},"author":{"name":"tamer","@id":"https:\/\/batitrakya.live\/#\/schema\/person\/61b86abbc19e5fa0bbc3059670546fe5"},"headline":"Almanya&#8217;da sel felaketi: \u00d6l\u00fc say\u0131s\u0131 art\u0131yor onlarca ki\u015fi kay\u0131p&#8230;","datePublished":"2021-07-15T15:13:02+00:00","mainEntityOfPage":{"@id":"https:\/\/batitrakya.live\/index.php\/almanyada-sel-felaketi-olu-sayisi-artiyor-onlarca-kisi-kayip\/"},"wordCount":315,"commentCount":0,"image":{"@id":"https:\/\/batitrakya.live\/index.php\/almanyada-sel-felaketi-olu-sayisi-artiyor-onlarca-kisi-kayip\/#primaryimage"},"thumbnailUrl":"https:\/\/batitrakya.live\/wp-content\/uploads\/2021\/07\/almanya_sel.jpg","keywords":["Almanya","Sel"],"articleSection":["Balkanlar | Avrupa Haber","Video Haber"],"inLanguage":"tr","potentialAction":[{"@type":"CommentAction","name":"Comment","target":["https:\/\/batitrakya.live\/index.php\/almanyada-sel-felaketi-olu-sayisi-artiyor-onlarca-kisi-kayip\/#respond"]}],"copyrightYear":"2021","copyrightHolder":{"@id":"https:\/\/batitrakya.live\/#organization"}},{"@type":"WebPage","@id":"https:\/\/batitrakya.live\/index.php\/almanyada-sel-felaketi-olu-sayisi-artiyor-onlarca-kisi-kayip\/","url":"https:\/\/batitrakya.live\/index.php\/almanyada-sel-felaketi-olu-sayisi-artiyor-onlarca-kisi-kayip\/","name":"Almanya'da sel felaketi: \u00d6l\u00fc say\u0131s\u0131 art\u0131yor onlarca ki\u015fi kay\u0131p... - Bat\u0131 Trakya Haber","isPartOf":{"@id":"https:\/\/batitrakya.live\/#website"},"primaryImageOfPage":{"@id":"https:\/\/batitrakya.live\/index.php\/almanyada-sel-felaketi-olu-sayisi-artiyor-onlarca-kisi-kayip\/#primaryimage"},"image":{"@id":"https:\/\/batitrakya.live\/index.php\/almanyada-sel-felaketi-olu-sayisi-artiyor-onlarca-kisi-kayip\/#primaryimage"},"thumbnailUrl":"https:\/\/batitrakya.live\/wp-content\/uploads\/2021\/07\/almanya_sel.jpg","datePublished":"2021-07-15T15:13:02+00:00","author":{"@id":"https:\/\/batitrakya.live\/#\/schema\/person\/61b86abbc19e5fa0bbc3059670546fe5"},"breadcrumb":{"@id":"https:\/\/batitrakya.live\/index.php\/almanyada-sel-felaketi-olu-sayisi-artiyor-onlarca-kisi-kayip\/#breadcrumb"},"inLanguage":"tr","potentialAction":[{"@type":"ReadAction","target":["https:\/\/batitrakya.live\/index.php\/almanyada-sel-felaketi-olu-sayisi-artiyor-onlarca-kisi-kayip\/"]}]},{"@type":"ImageObject","inLanguage":"tr","@id":"https:\/\/batitrakya.live\/index.php\/almanyada-sel-felaketi-olu-sayisi-artiyor-onlarca-kisi-kayip\/#primaryimage","url":"https:\/\/batitrakya.live\/wp-content\/uploads\/2021\/07\/almanya_sel.jpg","contentUrl":"https:\/\/batitrakya.live\/wp-content\/uploads\/2021\/07\/almanya_sel.jpg","width":720,"height":348},{"@type":"BreadcrumbList","@id":"https:\/\/batitrakya.live\/index.php\/almanyada-sel-felaketi-olu-sayisi-artiyor-onlarca-kisi-kayip\/#breadcrumb","itemListElement":[{"@type":"ListItem","position":1,"name":"Anasayfa","item":"https:\/\/batitrakya.live\/"},{"@type":"ListItem","position":2,"name":"Almanya&#8217;da sel felaketi: \u00d6l\u00fc say\u0131s\u0131 art\u0131yor onlarca ki\u015fi kay\u0131p&#8230;"}]},{"@type":"WebSite","@id":"https:\/\/batitrakya.live\/#website","url":"https:\/\/batitrakya.live\/","name":"Bat\u0131 Trakya Haber","description":"Bat\u0131 Trakyan\u0131n internetteki sesi..","potentialAction":[{"@type":"SearchAction","target":{"@type":"EntryPoint","urlTemplate":"https:\/\/batitrakya.live\/?s={search_term_string}"},"query-input":{"@type":"PropertyValueSpecification","valueRequired":true,"valueName":"search_term_string"}}],"inLanguage":"tr"},{"@type":"Person","@id":"https:\/\/batitrakya.live\/#\/schema\/person\/61b86abbc19e5fa0bbc3059670546fe5","name":"tamer","image":{"@type":"ImageObject","inLanguage":"tr","@id":"https:\/\/secure.gravatar.com\/avatar\/60b0ff14c4376999cea9565d28b91fc61ff0f727c28cd083506a6d83ad6df9c9?s=96&d=mm&r=g","url":"https:\/\/secure.gravatar.com\/avatar\/60b0ff14c4376999cea9565d28b91fc61ff0f727c28cd083506a6d83ad6df9c9?s=96&d=mm&r=g","contentUrl":"https:\/\/secure.gravatar.com\/avatar\/60b0ff14c4376999cea9565d28b91fc61ff0f727c28cd083506a6d83ad6df9c9?s=96&d=mm&r=g","caption":"tamer"},"sameAs":["https:\/\/batitrakya.live"],"url":"https:\/\/batitrakya.live\/index.php\/author\/tamer\/"}]}},"_links":{"self":[{"href":"https:\/\/batitrakya.live\/index.php\/wp-json\/wp\/v2\/posts\/36330","targetHints":{"allow":["GET"]}}],"collection":[{"href":"https:\/\/batitrakya.live\/index.php\/wp-json\/wp\/v2\/posts"}],"about":[{"href":"https:\/\/batitrakya.live\/index.php\/wp-json\/wp\/v2\/types\/post"}],"author":[{"embeddable":true,"href":"https:\/\/batitrakya.live\/index.php\/wp-json\/wp\/v2\/users\/1"}],"replies":[{"embeddable":true,"href":"https:\/\/batitrakya.live\/index.php\/wp-json\/wp\/v2\/comments?post=36330"}],"version-history":[{"count":0,"href":"https:\/\/batitrakya.live\/index.php\/wp-json\/wp\/v2\/posts\/36330\/revisions"}],"wp:featuredmedia":[{"embeddable":true,"href":"https:\/\/batitrakya.live\/index.php\/wp-json\/wp\/v2\/media\/36332"}],"wp:attachment":[{"href":"https:\/\/batitrakya.live\/index.php\/wp-json\/wp\/v2\/media?parent=36330"}],"wp:term":[{"taxonomy":"category","embeddable":true,"href":"https:\/\/batitrakya.live\/index.php\/wp-json\/wp\/v2\/categories?post=36330"},{"taxonomy":"post_tag","embeddable":true,"href":"https:\/\/batitrakya.live\/index.php\/wp-json\/wp\/v2\/tags?post=36330"}],"curies":[{"name":"wp","href":"https:\/\/api.w.org\/{rel}","templated":true}]}}