{"id":35983,"date":"2021-06-29T12:30:20","date_gmt":"2021-06-29T09:30:20","guid":{"rendered":"https:\/\/batitrakya.live\/?p=35983"},"modified":"2021-06-29T12:30:20","modified_gmt":"2021-06-29T09:30:20","slug":"musilaj-deniz-salyasi-bati-trakya-sahillerinde-de-goruldu","status":"publish","type":"post","link":"https:\/\/batitrakya.live\/index.php\/musilaj-deniz-salyasi-bati-trakya-sahillerinde-de-goruldu\/","title":{"rendered":"M\u00fcsilaj (deniz salyas\u0131) Bat\u0131 Trakya sahillerinde de g\u00f6r\u00fcld\u00fc&#8230;"},"content":{"rendered":"<p>Son g\u00fcnlerde Bat\u0131 Trakya sahillerinde baz\u0131 noktalarda m\u00fcsilaj tespit edildi\u011fi bildirildi. M\u00fcsilaj\u0131n k\u00fc\u00e7\u00fck miktarda ve az yo\u011funlukta oldu\u011fu belirtilirken, yo\u011funlu\u011fun \u00f6n\u00fcm\u00fczdeki g\u00fcnlerde artmas\u0131ndan endi\u015fe ediliyor.<\/p>\n<p>Trakya denizinde bal\u0131k\u00e7\u0131l\u0131k yapan denizcilerin son haftalarda b\u00f6lgede yer yer m\u00fcsilaja rastlad\u0131klar\u0131 ifade edilirken, son birka\u00e7 g\u00fcn i\u00e7inde sahillerde de m\u00fcsilaj g\u00f6r\u00fcld\u00fc\u011f\u00fc vurguland\u0131. Buna g\u00f6re \u0130ske\u00e7e\u2019de Kalfalar (Mirodato), G\u00fcm\u00fclcine\u2019de Maronya ve Ta\u015f\u00f6z adas\u0131 kar\u015f\u0131s\u0131nda bulunan Kiremitli (Keramoti) sahilinde m\u00fcsilaja rastland\u0131\u011f\u0131 ifade edildi. Bat\u0131 Trakya b\u00f6lgesinde ba\u015fka sahillerde de az miktar ve yo\u011funlukta m\u00fcsilaj (deniz salyas\u0131) g\u00f6r\u00fcld\u00fc\u011f\u00fc belirtildi.<\/p>\n<p>M\u00fcsilaj\u0131n b\u00f6lge sahillerinde g\u00f6r\u00fclmesinden endi\u015fe eden vatanda\u015flar, artan s\u0131caklarla deniz sezonunun ba\u015flamas\u0131 nedeniyle yetkililerin a\u00e7\u0131klama bekliyor.<\/p>\n","protected":false},"excerpt":{"rendered":"<p>Son g\u00fcnlerde Bat\u0131 Trakya sahillerinde baz\u0131 noktalarda m\u00fcsilaj tespit edildi\u011fi bildirildi. M\u00fcsilaj\u0131n k\u00fc\u00e7\u00fck miktarda ve az yo\u011funlukta oldu\u011fu belirtilirken, yo\u011funlu\u011fun \u00f6n\u00fcm\u00fczdeki g\u00fcnlerde artmas\u0131ndan endi\u015fe ediliyor. Trakya denizinde bal\u0131k\u00e7\u0131l\u0131k yapan denizcilerin son haftalarda b\u00f6lgede yer yer m\u00fcsilaja rastlad\u0131klar\u0131 ifade edilirken, son birka\u00e7 g\u00fcn i\u00e7inde sahillerde de m\u00fcsilaj g\u00f6r\u00fcld\u00fc\u011f\u00fc vurguland\u0131. Buna g\u00f6re \u0130ske\u00e7e\u2019de Kalfalar (Mirodato), G\u00fcm\u00fclcine\u2019de Maronya &hellip;<\/p>\n","protected":false},"author":1,"featured_media":35984,"comment_status":"open","ping_status":"open","sticky":false,"template":"","format":"standard","meta":{"footnotes":""},"categories":[24],"tags":[511,113],"class_list":["post-35983","post","type-post","status-publish","format-standard","has-post-thumbnail","hentry","category-bati-trakyam-haber","tag-musilajdeniz-salyasi","tag-sahil"],"yoast_head":"<!-- This site is optimized with the Yoast SEO Premium plugin v26.3 (Yoast SEO v27.3) - https:\/\/yoast.com\/product\/yoast-seo-premium-wordpress\/ -->\n<title>M\u00fcsilaj (deniz salyas\u0131) Bat\u0131 Trakya sahillerinde de g\u00f6r\u00fcld\u00fc... - Bat\u0131 Trakya Haber<\/title>\n<meta name=\"robots\" content=\"index, follow, max-snippet:-1, max-image-preview:large, max-video-preview:-1\" \/>\n<link rel=\"canonical\" href=\"https:\/\/batitrakya.live\/index.php\/musilaj-deniz-salyasi-bati-trakya-sahillerinde-de-goruldu\/\" \/>\n<meta property=\"og:locale\" content=\"tr_TR\" \/>\n<meta property=\"og:type\" content=\"article\" \/>\n<meta property=\"og:title\" content=\"M\u00fcsilaj (deniz salyas\u0131) Bat\u0131 Trakya sahillerinde de g\u00f6r\u00fcld\u00fc...\" \/>\n<meta property=\"og:description\" content=\"Son g\u00fcnlerde Bat\u0131 Trakya sahillerinde baz\u0131 noktalarda m\u00fcsilaj tespit edildi\u011fi bildirildi. M\u00fcsilaj\u0131n k\u00fc\u00e7\u00fck miktarda ve az yo\u011funlukta oldu\u011fu belirtilirken, yo\u011funlu\u011fun \u00f6n\u00fcm\u00fczdeki g\u00fcnlerde artmas\u0131ndan endi\u015fe ediliyor. Trakya denizinde bal\u0131k\u00e7\u0131l\u0131k yapan denizcilerin son haftalarda b\u00f6lgede yer yer m\u00fcsilaja rastlad\u0131klar\u0131 ifade edilirken, son birka\u00e7 g\u00fcn i\u00e7inde sahillerde de m\u00fcsilaj g\u00f6r\u00fcld\u00fc\u011f\u00fc vurguland\u0131. Buna g\u00f6re \u0130ske\u00e7e\u2019de Kalfalar (Mirodato), G\u00fcm\u00fclcine\u2019de Maronya &hellip;\" \/>\n<meta property=\"og:url\" content=\"https:\/\/batitrakya.live\/index.php\/musilaj-deniz-salyasi-bati-trakya-sahillerinde-de-goruldu\/\" \/>\n<meta property=\"og:site_name\" content=\"Bat\u0131 Trakya Haber\" \/>\n<meta property=\"article:published_time\" content=\"2021-06-29T09:30:20+00:00\" \/>\n<meta property=\"og:image\" content=\"https:\/\/batitrakya.live\/wp-content\/uploads\/2021\/06\/musilaj.jpg\" \/>\n\t<meta property=\"og:image:width\" content=\"720\" \/>\n\t<meta property=\"og:image:height\" content=\"348\" \/>\n\t<meta property=\"og:image:type\" content=\"image\/jpeg\" \/>\n<meta name=\"author\" content=\"tamer\" \/>\n<meta name=\"twitter:card\" content=\"summary_large_image\" \/>\n<meta name=\"twitter:label1\" content=\"Yazan:\" \/>\n\t<meta name=\"twitter:data1\" content=\"tamer\" \/>\n\t<meta name=\"twitter:label2\" content=\"Tahmini okuma s\u00fcresi\" \/>\n\t<meta name=\"twitter:data2\" content=\"1 dakika\" \/>\n<script type=\"application\/ld+json\" class=\"yoast-schema-graph\">{\"@context\":\"https:\\\/\\\/schema.org\",\"@graph\":[{\"@type\":\"Article\",\"@id\":\"https:\\\/\\\/batitrakya.live\\\/index.php\\\/musilaj-deniz-salyasi-bati-trakya-sahillerinde-de-goruldu\\\/#article\",\"isPartOf\":{\"@id\":\"https:\\\/\\\/batitrakya.live\\\/index.php\\\/musilaj-deniz-salyasi-bati-trakya-sahillerinde-de-goruldu\\\/\"},\"author\":{\"name\":\"tamer\",\"@id\":\"https:\\\/\\\/batitrakya.live\\\/#\\\/schema\\\/person\\\/61b86abbc19e5fa0bbc3059670546fe5\"},\"headline\":\"M\u00fcsilaj (deniz salyas\u0131) Bat\u0131 Trakya sahillerinde de g\u00f6r\u00fcld\u00fc&#8230;\",\"datePublished\":\"2021-06-29T09:30:20+00:00\",\"mainEntityOfPage\":{\"@id\":\"https:\\\/\\\/batitrakya.live\\\/index.php\\\/musilaj-deniz-salyasi-bati-trakya-sahillerinde-de-goruldu\\\/\"},\"wordCount\":161,\"commentCount\":0,\"image\":{\"@id\":\"https:\\\/\\\/batitrakya.live\\\/index.php\\\/musilaj-deniz-salyasi-bati-trakya-sahillerinde-de-goruldu\\\/#primaryimage\"},\"thumbnailUrl\":\"https:\\\/\\\/batitrakya.live\\\/wp-content\\\/uploads\\\/2021\\\/06\\\/musilaj.jpg\",\"keywords\":[\"M\u00fcsilaj(deniz salyas\u0131)\",\"Sahil\"],\"articleSection\":[\"Bat\u0131 Trakyam Haber\"],\"inLanguage\":\"tr\",\"potentialAction\":[{\"@type\":\"CommentAction\",\"name\":\"Comment\",\"target\":[\"https:\\\/\\\/batitrakya.live\\\/index.php\\\/musilaj-deniz-salyasi-bati-trakya-sahillerinde-de-goruldu\\\/#respond\"]}],\"copyrightYear\":\"2021\",\"copyrightHolder\":{\"@id\":\"https:\\\/\\\/batitrakya.live\\\/#organization\"}},{\"@type\":\"WebPage\",\"@id\":\"https:\\\/\\\/batitrakya.live\\\/index.php\\\/musilaj-deniz-salyasi-bati-trakya-sahillerinde-de-goruldu\\\/\",\"url\":\"https:\\\/\\\/batitrakya.live\\\/index.php\\\/musilaj-deniz-salyasi-bati-trakya-sahillerinde-de-goruldu\\\/\",\"name\":\"M\u00fcsilaj (deniz salyas\u0131) Bat\u0131 Trakya sahillerinde de g\u00f6r\u00fcld\u00fc... - Bat\u0131 Trakya Haber\",\"isPartOf\":{\"@id\":\"https:\\\/\\\/batitrakya.live\\\/#website\"},\"primaryImageOfPage\":{\"@id\":\"https:\\\/\\\/batitrakya.live\\\/index.php\\\/musilaj-deniz-salyasi-bati-trakya-sahillerinde-de-goruldu\\\/#primaryimage\"},\"image\":{\"@id\":\"https:\\\/\\\/batitrakya.live\\\/index.php\\\/musilaj-deniz-salyasi-bati-trakya-sahillerinde-de-goruldu\\\/#primaryimage\"},\"thumbnailUrl\":\"https:\\\/\\\/batitrakya.live\\\/wp-content\\\/uploads\\\/2021\\\/06\\\/musilaj.jpg\",\"datePublished\":\"2021-06-29T09:30:20+00:00\",\"author\":{\"@id\":\"https:\\\/\\\/batitrakya.live\\\/#\\\/schema\\\/person\\\/61b86abbc19e5fa0bbc3059670546fe5\"},\"breadcrumb\":{\"@id\":\"https:\\\/\\\/batitrakya.live\\\/index.php\\\/musilaj-deniz-salyasi-bati-trakya-sahillerinde-de-goruldu\\\/#breadcrumb\"},\"inLanguage\":\"tr\",\"potentialAction\":[{\"@type\":\"ReadAction\",\"target\":[\"https:\\\/\\\/batitrakya.live\\\/index.php\\\/musilaj-deniz-salyasi-bati-trakya-sahillerinde-de-goruldu\\\/\"]}]},{\"@type\":\"ImageObject\",\"inLanguage\":\"tr\",\"@id\":\"https:\\\/\\\/batitrakya.live\\\/index.php\\\/musilaj-deniz-salyasi-bati-trakya-sahillerinde-de-goruldu\\\/#primaryimage\",\"url\":\"https:\\\/\\\/batitrakya.live\\\/wp-content\\\/uploads\\\/2021\\\/06\\\/musilaj.jpg\",\"contentUrl\":\"https:\\\/\\\/batitrakya.live\\\/wp-content\\\/uploads\\\/2021\\\/06\\\/musilaj.jpg\",\"width\":720,\"height\":348},{\"@type\":\"BreadcrumbList\",\"@id\":\"https:\\\/\\\/batitrakya.live\\\/index.php\\\/musilaj-deniz-salyasi-bati-trakya-sahillerinde-de-goruldu\\\/#breadcrumb\",\"itemListElement\":[{\"@type\":\"ListItem\",\"position\":1,\"name\":\"Anasayfa\",\"item\":\"https:\\\/\\\/batitrakya.live\\\/\"},{\"@type\":\"ListItem\",\"position\":2,\"name\":\"M\u00fcsilaj (deniz salyas\u0131) Bat\u0131 Trakya sahillerinde de g\u00f6r\u00fcld\u00fc&#8230;\"}]},{\"@type\":\"WebSite\",\"@id\":\"https:\\\/\\\/batitrakya.live\\\/#website\",\"url\":\"https:\\\/\\\/batitrakya.live\\\/\",\"name\":\"Bat\u0131 Trakya Haber\",\"description\":\"Bat\u0131 Trakyan\u0131n internetteki sesi..\",\"potentialAction\":[{\"@type\":\"SearchAction\",\"target\":{\"@type\":\"EntryPoint\",\"urlTemplate\":\"https:\\\/\\\/batitrakya.live\\\/?s={search_term_string}\"},\"query-input\":{\"@type\":\"PropertyValueSpecification\",\"valueRequired\":true,\"valueName\":\"search_term_string\"}}],\"inLanguage\":\"tr\"},{\"@type\":\"Person\",\"@id\":\"https:\\\/\\\/batitrakya.live\\\/#\\\/schema\\\/person\\\/61b86abbc19e5fa0bbc3059670546fe5\",\"name\":\"tamer\",\"image\":{\"@type\":\"ImageObject\",\"inLanguage\":\"tr\",\"@id\":\"https:\\\/\\\/secure.gravatar.com\\\/avatar\\\/60b0ff14c4376999cea9565d28b91fc61ff0f727c28cd083506a6d83ad6df9c9?s=96&d=mm&r=g\",\"url\":\"https:\\\/\\\/secure.gravatar.com\\\/avatar\\\/60b0ff14c4376999cea9565d28b91fc61ff0f727c28cd083506a6d83ad6df9c9?s=96&d=mm&r=g\",\"contentUrl\":\"https:\\\/\\\/secure.gravatar.com\\\/avatar\\\/60b0ff14c4376999cea9565d28b91fc61ff0f727c28cd083506a6d83ad6df9c9?s=96&d=mm&r=g\",\"caption\":\"tamer\"},\"sameAs\":[\"https:\\\/\\\/batitrakya.live\"],\"url\":\"https:\\\/\\\/batitrakya.live\\\/index.php\\\/author\\\/tamer\\\/\"}]}<\/script>\n<!-- \/ Yoast SEO Premium plugin. -->","yoast_head_json":{"title":"M\u00fcsilaj (deniz salyas\u0131) Bat\u0131 Trakya sahillerinde de g\u00f6r\u00fcld\u00fc... - Bat\u0131 Trakya Haber","robots":{"index":"index","follow":"follow","max-snippet":"max-snippet:-1","max-image-preview":"max-image-preview:large","max-video-preview":"max-video-preview:-1"},"canonical":"https:\/\/batitrakya.live\/index.php\/musilaj-deniz-salyasi-bati-trakya-sahillerinde-de-goruldu\/","og_locale":"tr_TR","og_type":"article","og_title":"M\u00fcsilaj (deniz salyas\u0131) Bat\u0131 Trakya sahillerinde de g\u00f6r\u00fcld\u00fc...","og_description":"Son g\u00fcnlerde Bat\u0131 Trakya sahillerinde baz\u0131 noktalarda m\u00fcsilaj tespit edildi\u011fi bildirildi. M\u00fcsilaj\u0131n k\u00fc\u00e7\u00fck miktarda ve az yo\u011funlukta oldu\u011fu belirtilirken, yo\u011funlu\u011fun \u00f6n\u00fcm\u00fczdeki g\u00fcnlerde artmas\u0131ndan endi\u015fe ediliyor. Trakya denizinde bal\u0131k\u00e7\u0131l\u0131k yapan denizcilerin son haftalarda b\u00f6lgede yer yer m\u00fcsilaja rastlad\u0131klar\u0131 ifade edilirken, son birka\u00e7 g\u00fcn i\u00e7inde sahillerde de m\u00fcsilaj g\u00f6r\u00fcld\u00fc\u011f\u00fc vurguland\u0131. Buna g\u00f6re \u0130ske\u00e7e\u2019de Kalfalar (Mirodato), G\u00fcm\u00fclcine\u2019de Maronya &hellip;","og_url":"https:\/\/batitrakya.live\/index.php\/musilaj-deniz-salyasi-bati-trakya-sahillerinde-de-goruldu\/","og_site_name":"Bat\u0131 Trakya Haber","article_published_time":"2021-06-29T09:30:20+00:00","og_image":[{"width":720,"height":348,"url":"https:\/\/batitrakya.live\/wp-content\/uploads\/2021\/06\/musilaj.jpg","type":"image\/jpeg"}],"author":"tamer","twitter_card":"summary_large_image","twitter_misc":{"Yazan:":"tamer","Tahmini okuma s\u00fcresi":"1 dakika"},"schema":{"@context":"https:\/\/schema.org","@graph":[{"@type":"Article","@id":"https:\/\/batitrakya.live\/index.php\/musilaj-deniz-salyasi-bati-trakya-sahillerinde-de-goruldu\/#article","isPartOf":{"@id":"https:\/\/batitrakya.live\/index.php\/musilaj-deniz-salyasi-bati-trakya-sahillerinde-de-goruldu\/"},"author":{"name":"tamer","@id":"https:\/\/batitrakya.live\/#\/schema\/person\/61b86abbc19e5fa0bbc3059670546fe5"},"headline":"M\u00fcsilaj (deniz salyas\u0131) Bat\u0131 Trakya sahillerinde de g\u00f6r\u00fcld\u00fc&#8230;","datePublished":"2021-06-29T09:30:20+00:00","mainEntityOfPage":{"@id":"https:\/\/batitrakya.live\/index.php\/musilaj-deniz-salyasi-bati-trakya-sahillerinde-de-goruldu\/"},"wordCount":161,"commentCount":0,"image":{"@id":"https:\/\/batitrakya.live\/index.php\/musilaj-deniz-salyasi-bati-trakya-sahillerinde-de-goruldu\/#primaryimage"},"thumbnailUrl":"https:\/\/batitrakya.live\/wp-content\/uploads\/2021\/06\/musilaj.jpg","keywords":["M\u00fcsilaj(deniz salyas\u0131)","Sahil"],"articleSection":["Bat\u0131 Trakyam Haber"],"inLanguage":"tr","potentialAction":[{"@type":"CommentAction","name":"Comment","target":["https:\/\/batitrakya.live\/index.php\/musilaj-deniz-salyasi-bati-trakya-sahillerinde-de-goruldu\/#respond"]}],"copyrightYear":"2021","copyrightHolder":{"@id":"https:\/\/batitrakya.live\/#organization"}},{"@type":"WebPage","@id":"https:\/\/batitrakya.live\/index.php\/musilaj-deniz-salyasi-bati-trakya-sahillerinde-de-goruldu\/","url":"https:\/\/batitrakya.live\/index.php\/musilaj-deniz-salyasi-bati-trakya-sahillerinde-de-goruldu\/","name":"M\u00fcsilaj (deniz salyas\u0131) Bat\u0131 Trakya sahillerinde de g\u00f6r\u00fcld\u00fc... - Bat\u0131 Trakya Haber","isPartOf":{"@id":"https:\/\/batitrakya.live\/#website"},"primaryImageOfPage":{"@id":"https:\/\/batitrakya.live\/index.php\/musilaj-deniz-salyasi-bati-trakya-sahillerinde-de-goruldu\/#primaryimage"},"image":{"@id":"https:\/\/batitrakya.live\/index.php\/musilaj-deniz-salyasi-bati-trakya-sahillerinde-de-goruldu\/#primaryimage"},"thumbnailUrl":"https:\/\/batitrakya.live\/wp-content\/uploads\/2021\/06\/musilaj.jpg","datePublished":"2021-06-29T09:30:20+00:00","author":{"@id":"https:\/\/batitrakya.live\/#\/schema\/person\/61b86abbc19e5fa0bbc3059670546fe5"},"breadcrumb":{"@id":"https:\/\/batitrakya.live\/index.php\/musilaj-deniz-salyasi-bati-trakya-sahillerinde-de-goruldu\/#breadcrumb"},"inLanguage":"tr","potentialAction":[{"@type":"ReadAction","target":["https:\/\/batitrakya.live\/index.php\/musilaj-deniz-salyasi-bati-trakya-sahillerinde-de-goruldu\/"]}]},{"@type":"ImageObject","inLanguage":"tr","@id":"https:\/\/batitrakya.live\/index.php\/musilaj-deniz-salyasi-bati-trakya-sahillerinde-de-goruldu\/#primaryimage","url":"https:\/\/batitrakya.live\/wp-content\/uploads\/2021\/06\/musilaj.jpg","contentUrl":"https:\/\/batitrakya.live\/wp-content\/uploads\/2021\/06\/musilaj.jpg","width":720,"height":348},{"@type":"BreadcrumbList","@id":"https:\/\/batitrakya.live\/index.php\/musilaj-deniz-salyasi-bati-trakya-sahillerinde-de-goruldu\/#breadcrumb","itemListElement":[{"@type":"ListItem","position":1,"name":"Anasayfa","item":"https:\/\/batitrakya.live\/"},{"@type":"ListItem","position":2,"name":"M\u00fcsilaj (deniz salyas\u0131) Bat\u0131 Trakya sahillerinde de g\u00f6r\u00fcld\u00fc&#8230;"}]},{"@type":"WebSite","@id":"https:\/\/batitrakya.live\/#website","url":"https:\/\/batitrakya.live\/","name":"Bat\u0131 Trakya Haber","description":"Bat\u0131 Trakyan\u0131n internetteki sesi..","potentialAction":[{"@type":"SearchAction","target":{"@type":"EntryPoint","urlTemplate":"https:\/\/batitrakya.live\/?s={search_term_string}"},"query-input":{"@type":"PropertyValueSpecification","valueRequired":true,"valueName":"search_term_string"}}],"inLanguage":"tr"},{"@type":"Person","@id":"https:\/\/batitrakya.live\/#\/schema\/person\/61b86abbc19e5fa0bbc3059670546fe5","name":"tamer","image":{"@type":"ImageObject","inLanguage":"tr","@id":"https:\/\/secure.gravatar.com\/avatar\/60b0ff14c4376999cea9565d28b91fc61ff0f727c28cd083506a6d83ad6df9c9?s=96&d=mm&r=g","url":"https:\/\/secure.gravatar.com\/avatar\/60b0ff14c4376999cea9565d28b91fc61ff0f727c28cd083506a6d83ad6df9c9?s=96&d=mm&r=g","contentUrl":"https:\/\/secure.gravatar.com\/avatar\/60b0ff14c4376999cea9565d28b91fc61ff0f727c28cd083506a6d83ad6df9c9?s=96&d=mm&r=g","caption":"tamer"},"sameAs":["https:\/\/batitrakya.live"],"url":"https:\/\/batitrakya.live\/index.php\/author\/tamer\/"}]}},"_links":{"self":[{"href":"https:\/\/batitrakya.live\/index.php\/wp-json\/wp\/v2\/posts\/35983","targetHints":{"allow":["GET"]}}],"collection":[{"href":"https:\/\/batitrakya.live\/index.php\/wp-json\/wp\/v2\/posts"}],"about":[{"href":"https:\/\/batitrakya.live\/index.php\/wp-json\/wp\/v2\/types\/post"}],"author":[{"embeddable":true,"href":"https:\/\/batitrakya.live\/index.php\/wp-json\/wp\/v2\/users\/1"}],"replies":[{"embeddable":true,"href":"https:\/\/batitrakya.live\/index.php\/wp-json\/wp\/v2\/comments?post=35983"}],"version-history":[{"count":0,"href":"https:\/\/batitrakya.live\/index.php\/wp-json\/wp\/v2\/posts\/35983\/revisions"}],"wp:featuredmedia":[{"embeddable":true,"href":"https:\/\/batitrakya.live\/index.php\/wp-json\/wp\/v2\/media\/35984"}],"wp:attachment":[{"href":"https:\/\/batitrakya.live\/index.php\/wp-json\/wp\/v2\/media?parent=35983"}],"wp:term":[{"taxonomy":"category","embeddable":true,"href":"https:\/\/batitrakya.live\/index.php\/wp-json\/wp\/v2\/categories?post=35983"},{"taxonomy":"post_tag","embeddable":true,"href":"https:\/\/batitrakya.live\/index.php\/wp-json\/wp\/v2\/tags?post=35983"}],"curies":[{"name":"wp","href":"https:\/\/api.w.org\/{rel}","templated":true}]}}