{"id":35889,"date":"2021-06-23T17:33:30","date_gmt":"2021-06-23T14:33:30","guid":{"rendered":"https:\/\/batitrakya.live\/?p=35889"},"modified":"2021-06-23T17:33:30","modified_gmt":"2021-06-23T14:33:30","slug":"turkiyeden-yunanistana-navtexli-yanit","status":"publish","type":"post","link":"https:\/\/batitrakya.live\/index.php\/turkiyeden-yunanistana-navtexli-yanit\/","title":{"rendered":"T\u00fcrkiye&#8217;den Yunanistan&#8217;a NAVTEX&#8217;li yan\u0131t&#8230;"},"content":{"rendered":"<p>T\u00fcrkiye ile imzalad\u0131\u011f\u0131 Atina Mutabakat Muht\u0131ras\u0131&#8217;na uymayan Yunanistan, mutabakata ayk\u0131r\u0131 olarak turizm sezonunda tatbikat i\u00e7in Ege Denizi&#8217;nin uluslararas\u0131 sular\u0131nda askeri e\u011fitim sahas\u0131 ilan\u0131 yapt\u0131.<\/p>\n<p>T\u00fcrkiye de Navtex ile kar\u015f\u0131l\u0131k verdi.<br \/>\nT\u00fcrkiye ve Yunanistan aras\u0131nda 1988&#8217;de imzalanan Atina Mutabakat Muht\u0131ras\u0131 ile yo\u011fun turizm sezonunun oldu\u011fu 15 Haziran \u2013 15 Eyl\u00fcl aras\u0131nda Ege Denizi\u2019nin uluslararas\u0131 sular\u0131nda tatbikat yap\u0131lmamas\u0131 ve askeri e\u011fitim sahas\u0131 ilan edilmemesi karara ba\u011flanm\u0131\u015ft\u0131.<\/p>\n<p>Mutabakat muht\u0131ras\u0131 ile tesis edilen Moratoryum (erteleme-yasal geciktirme) periyodunu dikkate alan T\u00fcrkiye, 2021 y\u0131l\u0131 harekat-e\u011fitim faaliyetleri planlanmalar\u0131 s\u0131ras\u0131nda 15 Haziran \u2013 15 Eyl\u00fcl aras\u0131nda Ege Denizi uluslararas\u0131 sularda saha ilan\u0131 yapmad\u0131.<\/p>\n<blockquote class=\"twitter-tweet\" data-width=\"500\" data-dnt=\"true\">\n<p lang=\"tr\" dir=\"ltr\">T\u00fcrkiye, Ege Denizi&#39;nin uluslararas\u0131 sular\u0131nda NAVTEX ilan etti. Karar, mutabakata ra\u011fmen Atina&#39;n\u0131n turizm sezonunda NAVTEX ilan etmesi \u00fczerine al\u0131nd\u0131.<a href=\"https:\/\/t.co\/rKiwSWb7ZR\">https:\/\/t.co\/rKiwSWb7ZR<\/a> <a href=\"https:\/\/t.co\/3lff0GawHa\">pic.twitter.com\/3lff0GawHa<\/a><\/p>\n<p>&mdash; TRT Haber Canl\u0131 (@trthabercanli) <a href=\"https:\/\/twitter.com\/trthabercanli\/status\/1407643043616940033?ref_src=twsrc%5Etfw\">June 23, 2021<\/a><\/p><\/blockquote>\n<p><script async src=\"https:\/\/platform.twitter.com\/widgets.js\" charset=\"utf-8\"><\/script><\/p>\n<p><strong>Yunanistan&#8217;dan turizm sezonunda e\u011fitim ve tatbikat ilan\u0131<\/strong><\/p>\n<p>Yunanistan ise mutabakata uymayarak bu sene i\u00e7in belirlenen d\u00f6nemi de kapsayacak \u015fekilde e\u011fitim ve tatbikat i\u00e7in saha ilan etti. T\u00fcrkiye\u2019nin erteleme takvimine sayg\u0131l\u0131 tutumu ve diplomatik giri\u015fimlerine ra\u011fmen Yunanistan, ilan etti\u011fi sahalarda geri ad\u0131m atmad\u0131.<\/p>\n<p><a href=\"https:\/\/haber.batitrakya.live\/wp-content\/uploads\/2021\/06\/navtex_ege.jpg\"><img loading=\"lazy\" decoding=\"async\" class=\"aligncenter size-full wp-image-35890\" src=\"https:\/\/haber.batitrakya.live\/wp-content\/uploads\/2021\/06\/navtex_ege.jpg\" alt=\"\" width=\"856\" height=\"481\" srcset=\"https:\/\/batitrakya.live\/wp-content\/uploads\/2021\/06\/navtex_ege.jpg 856w, https:\/\/batitrakya.live\/wp-content\/uploads\/2021\/06\/navtex_ege-300x169.jpg 300w, https:\/\/batitrakya.live\/wp-content\/uploads\/2021\/06\/navtex_ege-768x432.jpg 768w, https:\/\/batitrakya.live\/wp-content\/uploads\/2021\/06\/navtex_ege-390x220.jpg 390w\" sizes=\"auto, (max-width: 856px) 100vw, 856px\" \/><\/a><\/p>\n<p><strong>T\u00fcrkiye de kar\u015f\u0131 Navtex ile yeni saha ilan etti<\/strong><\/p>\n<p>Yunanistan\u2019\u0131n ihlallerini yak\u0131ndan takip eden T\u00fcrkiye i\u00e7in m\u00fctekabiliyet \u00e7er\u00e7evesinde ayn\u0131yla mukabele etmek zorunlulu\u011fu do\u011fdu. Bunun \u00fczerine T\u00fcrkiye taraf\u0131ndan 22 Haziran 2021 tarihinde yay\u0131mlanan Navtex ile Ege Denizi uluslararas\u0131 sular\u0131nda e\u011fitim sahalar\u0131 ilan edildi.<\/p>\n<p><strong>&#8220;Navtex ilan\u0131n\u0131n sorumlusu tamamen Yunanistan&#8217;d\u0131r&#8221;<\/strong><\/p>\n<p>Yunanistan\u2019\u0131n mutabakata uymamas\u0131 \u00fczerine al\u0131nan Navtex karar\u0131n\u0131, Galatasaray \u00dcniversitesi \u00d6\u011fretim \u00dcyesi Prof. Dr. Enis Tul\u00e7a TRT Haber\u2019de de\u011ferlendirdi.<\/p>\n<blockquote class=\"twitter-tweet\" data-width=\"500\" data-dnt=\"true\">\n<p lang=\"tr\" dir=\"ltr\">T\u00fcrkiye, Ege Denizi&#39;nin uluslararas\u0131 sular\u0131nda Navtex ilan etti.<br \/>Yunanistan\u2019\u0131n mutabakata uymamas\u0131 \u00fczerine al\u0131nan Navtex karar\u0131n\u0131, Galatasaray \u00dcniversitesi \u00d6\u011fretim \u00dcyesi Prof. Dr. Enis Tul\u00e7a <a href=\"https:\/\/twitter.com\/trthaber?ref_src=twsrc%5Etfw\">@trthaber<\/a>\u2019de de\u011ferlendirdi. <a href=\"https:\/\/t.co\/ypbTyGJruF\">pic.twitter.com\/ypbTyGJruF<\/a><\/p>\n<p>&mdash; TRT Haber Canl\u0131 (@trthabercanli) <a href=\"https:\/\/twitter.com\/trthabercanli\/status\/1407663858072834050?ref_src=twsrc%5Etfw\">June 23, 2021<\/a><\/p><\/blockquote>\n<p><script async src=\"https:\/\/platform.twitter.com\/widgets.js\" charset=\"utf-8\"><\/script><\/p>\n","protected":false},"excerpt":{"rendered":"<p>T\u00fcrkiye ile imzalad\u0131\u011f\u0131 Atina Mutabakat Muht\u0131ras\u0131&#8217;na uymayan Yunanistan, mutabakata ayk\u0131r\u0131 olarak turizm sezonunda tatbikat i\u00e7in Ege Denizi&#8217;nin uluslararas\u0131 sular\u0131nda askeri e\u011fitim sahas\u0131 ilan\u0131 yapt\u0131. T\u00fcrkiye de Navtex ile kar\u015f\u0131l\u0131k verdi. T\u00fcrkiye ve Yunanistan aras\u0131nda 1988&#8217;de imzalanan Atina Mutabakat Muht\u0131ras\u0131 ile yo\u011fun turizm sezonunun oldu\u011fu 15 Haziran \u2013 15 Eyl\u00fcl aras\u0131nda Ege Denizi\u2019nin uluslararas\u0131 sular\u0131nda tatbikat &hellip;<\/p>\n","protected":false},"author":1,"featured_media":35891,"comment_status":"open","ping_status":"open","sticky":false,"template":"","format":"standard","meta":{"footnotes":""},"categories":[29],"tags":[56,345],"class_list":["post-35889","post","type-post","status-publish","format-standard","has-post-thumbnail","hentry","category-dunya-gundem","tag-ege","tag-navtex"],"yoast_head":"<!-- This site is optimized with the Yoast SEO Premium plugin v26.3 (Yoast SEO v27.3) - https:\/\/yoast.com\/product\/yoast-seo-premium-wordpress\/ -->\n<title>T\u00fcrkiye&#039;den Yunanistan&#039;a NAVTEX&#039;li yan\u0131t... - Bat\u0131 Trakya Haber<\/title>\n<meta name=\"robots\" content=\"index, follow, max-snippet:-1, max-image-preview:large, max-video-preview:-1\" \/>\n<link rel=\"canonical\" href=\"https:\/\/batitrakya.live\/index.php\/turkiyeden-yunanistana-navtexli-yanit\/\" \/>\n<meta property=\"og:locale\" content=\"tr_TR\" \/>\n<meta property=\"og:type\" content=\"article\" \/>\n<meta property=\"og:title\" content=\"T\u00fcrkiye&#039;den Yunanistan&#039;a NAVTEX&#039;li yan\u0131t...\" \/>\n<meta property=\"og:description\" content=\"T\u00fcrkiye ile imzalad\u0131\u011f\u0131 Atina Mutabakat Muht\u0131ras\u0131&#8217;na uymayan Yunanistan, mutabakata ayk\u0131r\u0131 olarak turizm sezonunda tatbikat i\u00e7in Ege Denizi&#8217;nin uluslararas\u0131 sular\u0131nda askeri e\u011fitim sahas\u0131 ilan\u0131 yapt\u0131. T\u00fcrkiye de Navtex ile kar\u015f\u0131l\u0131k verdi. T\u00fcrkiye ve Yunanistan aras\u0131nda 1988&#8217;de imzalanan Atina Mutabakat Muht\u0131ras\u0131 ile yo\u011fun turizm sezonunun oldu\u011fu 15 Haziran \u2013 15 Eyl\u00fcl aras\u0131nda Ege Denizi\u2019nin uluslararas\u0131 sular\u0131nda tatbikat &hellip;\" \/>\n<meta property=\"og:url\" content=\"https:\/\/batitrakya.live\/index.php\/turkiyeden-yunanistana-navtexli-yanit\/\" \/>\n<meta property=\"og:site_name\" content=\"Bat\u0131 Trakya Haber\" \/>\n<meta property=\"article:published_time\" content=\"2021-06-23T14:33:30+00:00\" \/>\n<meta property=\"og:image\" content=\"https:\/\/batitrakya.live\/wp-content\/uploads\/2021\/06\/navtex-.jpg\" \/>\n\t<meta property=\"og:image:width\" content=\"720\" \/>\n\t<meta property=\"og:image:height\" content=\"348\" \/>\n\t<meta property=\"og:image:type\" content=\"image\/jpeg\" \/>\n<meta name=\"author\" content=\"tamer\" \/>\n<meta name=\"twitter:card\" content=\"summary_large_image\" \/>\n<meta name=\"twitter:label1\" content=\"Yazan:\" \/>\n\t<meta name=\"twitter:data1\" content=\"tamer\" \/>\n\t<meta name=\"twitter:label2\" content=\"Tahmini okuma s\u00fcresi\" \/>\n\t<meta name=\"twitter:data2\" content=\"2 dakika\" \/>\n<script type=\"application\/ld+json\" class=\"yoast-schema-graph\">{\"@context\":\"https:\\\/\\\/schema.org\",\"@graph\":[{\"@type\":\"Article\",\"@id\":\"https:\\\/\\\/batitrakya.live\\\/index.php\\\/turkiyeden-yunanistana-navtexli-yanit\\\/#article\",\"isPartOf\":{\"@id\":\"https:\\\/\\\/batitrakya.live\\\/index.php\\\/turkiyeden-yunanistana-navtexli-yanit\\\/\"},\"author\":{\"name\":\"tamer\",\"@id\":\"https:\\\/\\\/batitrakya.live\\\/#\\\/schema\\\/person\\\/61b86abbc19e5fa0bbc3059670546fe5\"},\"headline\":\"T\u00fcrkiye&#8217;den Yunanistan&#8217;a NAVTEX&#8217;li yan\u0131t&#8230;\",\"datePublished\":\"2021-06-23T14:33:30+00:00\",\"mainEntityOfPage\":{\"@id\":\"https:\\\/\\\/batitrakya.live\\\/index.php\\\/turkiyeden-yunanistana-navtexli-yanit\\\/\"},\"wordCount\":334,\"commentCount\":0,\"image\":{\"@id\":\"https:\\\/\\\/batitrakya.live\\\/index.php\\\/turkiyeden-yunanistana-navtexli-yanit\\\/#primaryimage\"},\"thumbnailUrl\":\"https:\\\/\\\/batitrakya.live\\\/wp-content\\\/uploads\\\/2021\\\/06\\\/navtex-.jpg\",\"keywords\":[\"Ege\",\"Navtex\"],\"articleSection\":[\"T\u00fcrkiye | D\u00fcnya | G\u00fcndem\"],\"inLanguage\":\"tr\",\"potentialAction\":[{\"@type\":\"CommentAction\",\"name\":\"Comment\",\"target\":[\"https:\\\/\\\/batitrakya.live\\\/index.php\\\/turkiyeden-yunanistana-navtexli-yanit\\\/#respond\"]}],\"copyrightYear\":\"2021\",\"copyrightHolder\":{\"@id\":\"https:\\\/\\\/batitrakya.live\\\/#organization\"}},{\"@type\":\"WebPage\",\"@id\":\"https:\\\/\\\/batitrakya.live\\\/index.php\\\/turkiyeden-yunanistana-navtexli-yanit\\\/\",\"url\":\"https:\\\/\\\/batitrakya.live\\\/index.php\\\/turkiyeden-yunanistana-navtexli-yanit\\\/\",\"name\":\"T\u00fcrkiye'den Yunanistan'a NAVTEX'li yan\u0131t... - Bat\u0131 Trakya Haber\",\"isPartOf\":{\"@id\":\"https:\\\/\\\/batitrakya.live\\\/#website\"},\"primaryImageOfPage\":{\"@id\":\"https:\\\/\\\/batitrakya.live\\\/index.php\\\/turkiyeden-yunanistana-navtexli-yanit\\\/#primaryimage\"},\"image\":{\"@id\":\"https:\\\/\\\/batitrakya.live\\\/index.php\\\/turkiyeden-yunanistana-navtexli-yanit\\\/#primaryimage\"},\"thumbnailUrl\":\"https:\\\/\\\/batitrakya.live\\\/wp-content\\\/uploads\\\/2021\\\/06\\\/navtex-.jpg\",\"datePublished\":\"2021-06-23T14:33:30+00:00\",\"author\":{\"@id\":\"https:\\\/\\\/batitrakya.live\\\/#\\\/schema\\\/person\\\/61b86abbc19e5fa0bbc3059670546fe5\"},\"breadcrumb\":{\"@id\":\"https:\\\/\\\/batitrakya.live\\\/index.php\\\/turkiyeden-yunanistana-navtexli-yanit\\\/#breadcrumb\"},\"inLanguage\":\"tr\",\"potentialAction\":[{\"@type\":\"ReadAction\",\"target\":[\"https:\\\/\\\/batitrakya.live\\\/index.php\\\/turkiyeden-yunanistana-navtexli-yanit\\\/\"]}]},{\"@type\":\"ImageObject\",\"inLanguage\":\"tr\",\"@id\":\"https:\\\/\\\/batitrakya.live\\\/index.php\\\/turkiyeden-yunanistana-navtexli-yanit\\\/#primaryimage\",\"url\":\"https:\\\/\\\/batitrakya.live\\\/wp-content\\\/uploads\\\/2021\\\/06\\\/navtex-.jpg\",\"contentUrl\":\"https:\\\/\\\/batitrakya.live\\\/wp-content\\\/uploads\\\/2021\\\/06\\\/navtex-.jpg\",\"width\":720,\"height\":348},{\"@type\":\"BreadcrumbList\",\"@id\":\"https:\\\/\\\/batitrakya.live\\\/index.php\\\/turkiyeden-yunanistana-navtexli-yanit\\\/#breadcrumb\",\"itemListElement\":[{\"@type\":\"ListItem\",\"position\":1,\"name\":\"Anasayfa\",\"item\":\"https:\\\/\\\/batitrakya.live\\\/\"},{\"@type\":\"ListItem\",\"position\":2,\"name\":\"T\u00fcrkiye&#8217;den Yunanistan&#8217;a NAVTEX&#8217;li yan\u0131t&#8230;\"}]},{\"@type\":\"WebSite\",\"@id\":\"https:\\\/\\\/batitrakya.live\\\/#website\",\"url\":\"https:\\\/\\\/batitrakya.live\\\/\",\"name\":\"Bat\u0131 Trakya Haber\",\"description\":\"Bat\u0131 Trakyan\u0131n internetteki sesi..\",\"potentialAction\":[{\"@type\":\"SearchAction\",\"target\":{\"@type\":\"EntryPoint\",\"urlTemplate\":\"https:\\\/\\\/batitrakya.live\\\/?s={search_term_string}\"},\"query-input\":{\"@type\":\"PropertyValueSpecification\",\"valueRequired\":true,\"valueName\":\"search_term_string\"}}],\"inLanguage\":\"tr\"},{\"@type\":\"Person\",\"@id\":\"https:\\\/\\\/batitrakya.live\\\/#\\\/schema\\\/person\\\/61b86abbc19e5fa0bbc3059670546fe5\",\"name\":\"tamer\",\"image\":{\"@type\":\"ImageObject\",\"inLanguage\":\"tr\",\"@id\":\"https:\\\/\\\/secure.gravatar.com\\\/avatar\\\/60b0ff14c4376999cea9565d28b91fc61ff0f727c28cd083506a6d83ad6df9c9?s=96&d=mm&r=g\",\"url\":\"https:\\\/\\\/secure.gravatar.com\\\/avatar\\\/60b0ff14c4376999cea9565d28b91fc61ff0f727c28cd083506a6d83ad6df9c9?s=96&d=mm&r=g\",\"contentUrl\":\"https:\\\/\\\/secure.gravatar.com\\\/avatar\\\/60b0ff14c4376999cea9565d28b91fc61ff0f727c28cd083506a6d83ad6df9c9?s=96&d=mm&r=g\",\"caption\":\"tamer\"},\"sameAs\":[\"https:\\\/\\\/batitrakya.live\"],\"url\":\"https:\\\/\\\/batitrakya.live\\\/index.php\\\/author\\\/tamer\\\/\"}]}<\/script>\n<!-- \/ Yoast SEO Premium plugin. -->","yoast_head_json":{"title":"T\u00fcrkiye'den Yunanistan'a NAVTEX'li yan\u0131t... - Bat\u0131 Trakya Haber","robots":{"index":"index","follow":"follow","max-snippet":"max-snippet:-1","max-image-preview":"max-image-preview:large","max-video-preview":"max-video-preview:-1"},"canonical":"https:\/\/batitrakya.live\/index.php\/turkiyeden-yunanistana-navtexli-yanit\/","og_locale":"tr_TR","og_type":"article","og_title":"T\u00fcrkiye'den Yunanistan'a NAVTEX'li yan\u0131t...","og_description":"T\u00fcrkiye ile imzalad\u0131\u011f\u0131 Atina Mutabakat Muht\u0131ras\u0131&#8217;na uymayan Yunanistan, mutabakata ayk\u0131r\u0131 olarak turizm sezonunda tatbikat i\u00e7in Ege Denizi&#8217;nin uluslararas\u0131 sular\u0131nda askeri e\u011fitim sahas\u0131 ilan\u0131 yapt\u0131. T\u00fcrkiye de Navtex ile kar\u015f\u0131l\u0131k verdi. T\u00fcrkiye ve Yunanistan aras\u0131nda 1988&#8217;de imzalanan Atina Mutabakat Muht\u0131ras\u0131 ile yo\u011fun turizm sezonunun oldu\u011fu 15 Haziran \u2013 15 Eyl\u00fcl aras\u0131nda Ege Denizi\u2019nin uluslararas\u0131 sular\u0131nda tatbikat &hellip;","og_url":"https:\/\/batitrakya.live\/index.php\/turkiyeden-yunanistana-navtexli-yanit\/","og_site_name":"Bat\u0131 Trakya Haber","article_published_time":"2021-06-23T14:33:30+00:00","og_image":[{"width":720,"height":348,"url":"https:\/\/batitrakya.live\/wp-content\/uploads\/2021\/06\/navtex-.jpg","type":"image\/jpeg"}],"author":"tamer","twitter_card":"summary_large_image","twitter_misc":{"Yazan:":"tamer","Tahmini okuma s\u00fcresi":"2 dakika"},"schema":{"@context":"https:\/\/schema.org","@graph":[{"@type":"Article","@id":"https:\/\/batitrakya.live\/index.php\/turkiyeden-yunanistana-navtexli-yanit\/#article","isPartOf":{"@id":"https:\/\/batitrakya.live\/index.php\/turkiyeden-yunanistana-navtexli-yanit\/"},"author":{"name":"tamer","@id":"https:\/\/batitrakya.live\/#\/schema\/person\/61b86abbc19e5fa0bbc3059670546fe5"},"headline":"T\u00fcrkiye&#8217;den Yunanistan&#8217;a NAVTEX&#8217;li yan\u0131t&#8230;","datePublished":"2021-06-23T14:33:30+00:00","mainEntityOfPage":{"@id":"https:\/\/batitrakya.live\/index.php\/turkiyeden-yunanistana-navtexli-yanit\/"},"wordCount":334,"commentCount":0,"image":{"@id":"https:\/\/batitrakya.live\/index.php\/turkiyeden-yunanistana-navtexli-yanit\/#primaryimage"},"thumbnailUrl":"https:\/\/batitrakya.live\/wp-content\/uploads\/2021\/06\/navtex-.jpg","keywords":["Ege","Navtex"],"articleSection":["T\u00fcrkiye | D\u00fcnya | G\u00fcndem"],"inLanguage":"tr","potentialAction":[{"@type":"CommentAction","name":"Comment","target":["https:\/\/batitrakya.live\/index.php\/turkiyeden-yunanistana-navtexli-yanit\/#respond"]}],"copyrightYear":"2021","copyrightHolder":{"@id":"https:\/\/batitrakya.live\/#organization"}},{"@type":"WebPage","@id":"https:\/\/batitrakya.live\/index.php\/turkiyeden-yunanistana-navtexli-yanit\/","url":"https:\/\/batitrakya.live\/index.php\/turkiyeden-yunanistana-navtexli-yanit\/","name":"T\u00fcrkiye'den Yunanistan'a NAVTEX'li yan\u0131t... - Bat\u0131 Trakya Haber","isPartOf":{"@id":"https:\/\/batitrakya.live\/#website"},"primaryImageOfPage":{"@id":"https:\/\/batitrakya.live\/index.php\/turkiyeden-yunanistana-navtexli-yanit\/#primaryimage"},"image":{"@id":"https:\/\/batitrakya.live\/index.php\/turkiyeden-yunanistana-navtexli-yanit\/#primaryimage"},"thumbnailUrl":"https:\/\/batitrakya.live\/wp-content\/uploads\/2021\/06\/navtex-.jpg","datePublished":"2021-06-23T14:33:30+00:00","author":{"@id":"https:\/\/batitrakya.live\/#\/schema\/person\/61b86abbc19e5fa0bbc3059670546fe5"},"breadcrumb":{"@id":"https:\/\/batitrakya.live\/index.php\/turkiyeden-yunanistana-navtexli-yanit\/#breadcrumb"},"inLanguage":"tr","potentialAction":[{"@type":"ReadAction","target":["https:\/\/batitrakya.live\/index.php\/turkiyeden-yunanistana-navtexli-yanit\/"]}]},{"@type":"ImageObject","inLanguage":"tr","@id":"https:\/\/batitrakya.live\/index.php\/turkiyeden-yunanistana-navtexli-yanit\/#primaryimage","url":"https:\/\/batitrakya.live\/wp-content\/uploads\/2021\/06\/navtex-.jpg","contentUrl":"https:\/\/batitrakya.live\/wp-content\/uploads\/2021\/06\/navtex-.jpg","width":720,"height":348},{"@type":"BreadcrumbList","@id":"https:\/\/batitrakya.live\/index.php\/turkiyeden-yunanistana-navtexli-yanit\/#breadcrumb","itemListElement":[{"@type":"ListItem","position":1,"name":"Anasayfa","item":"https:\/\/batitrakya.live\/"},{"@type":"ListItem","position":2,"name":"T\u00fcrkiye&#8217;den Yunanistan&#8217;a NAVTEX&#8217;li yan\u0131t&#8230;"}]},{"@type":"WebSite","@id":"https:\/\/batitrakya.live\/#website","url":"https:\/\/batitrakya.live\/","name":"Bat\u0131 Trakya Haber","description":"Bat\u0131 Trakyan\u0131n internetteki sesi..","potentialAction":[{"@type":"SearchAction","target":{"@type":"EntryPoint","urlTemplate":"https:\/\/batitrakya.live\/?s={search_term_string}"},"query-input":{"@type":"PropertyValueSpecification","valueRequired":true,"valueName":"search_term_string"}}],"inLanguage":"tr"},{"@type":"Person","@id":"https:\/\/batitrakya.live\/#\/schema\/person\/61b86abbc19e5fa0bbc3059670546fe5","name":"tamer","image":{"@type":"ImageObject","inLanguage":"tr","@id":"https:\/\/secure.gravatar.com\/avatar\/60b0ff14c4376999cea9565d28b91fc61ff0f727c28cd083506a6d83ad6df9c9?s=96&d=mm&r=g","url":"https:\/\/secure.gravatar.com\/avatar\/60b0ff14c4376999cea9565d28b91fc61ff0f727c28cd083506a6d83ad6df9c9?s=96&d=mm&r=g","contentUrl":"https:\/\/secure.gravatar.com\/avatar\/60b0ff14c4376999cea9565d28b91fc61ff0f727c28cd083506a6d83ad6df9c9?s=96&d=mm&r=g","caption":"tamer"},"sameAs":["https:\/\/batitrakya.live"],"url":"https:\/\/batitrakya.live\/index.php\/author\/tamer\/"}]}},"_links":{"self":[{"href":"https:\/\/batitrakya.live\/index.php\/wp-json\/wp\/v2\/posts\/35889","targetHints":{"allow":["GET"]}}],"collection":[{"href":"https:\/\/batitrakya.live\/index.php\/wp-json\/wp\/v2\/posts"}],"about":[{"href":"https:\/\/batitrakya.live\/index.php\/wp-json\/wp\/v2\/types\/post"}],"author":[{"embeddable":true,"href":"https:\/\/batitrakya.live\/index.php\/wp-json\/wp\/v2\/users\/1"}],"replies":[{"embeddable":true,"href":"https:\/\/batitrakya.live\/index.php\/wp-json\/wp\/v2\/comments?post=35889"}],"version-history":[{"count":0,"href":"https:\/\/batitrakya.live\/index.php\/wp-json\/wp\/v2\/posts\/35889\/revisions"}],"wp:featuredmedia":[{"embeddable":true,"href":"https:\/\/batitrakya.live\/index.php\/wp-json\/wp\/v2\/media\/35891"}],"wp:attachment":[{"href":"https:\/\/batitrakya.live\/index.php\/wp-json\/wp\/v2\/media?parent=35889"}],"wp:term":[{"taxonomy":"category","embeddable":true,"href":"https:\/\/batitrakya.live\/index.php\/wp-json\/wp\/v2\/categories?post=35889"},{"taxonomy":"post_tag","embeddable":true,"href":"https:\/\/batitrakya.live\/index.php\/wp-json\/wp\/v2\/tags?post=35889"}],"curies":[{"name":"wp","href":"https:\/\/api.w.org\/{rel}","templated":true}]}}