{"id":35376,"date":"2021-05-26T14:20:51","date_gmt":"2021-05-26T11:20:51","guid":{"rendered":"https:\/\/batitrakya.live\/?p=35376"},"modified":"2021-05-26T14:20:51","modified_gmt":"2021-05-26T11:20:51","slug":"iskeceli-mumin-kapsuza-son-vedasini-yapti","status":"publish","type":"post","link":"https:\/\/batitrakya.live\/index.php\/iskeceli-mumin-kapsuza-son-vedasini-yapti\/","title":{"rendered":"\u0130ske\u00e7eli M\u00fcmin Kapsuz&#8217;a son vedas\u0131n\u0131 yapt\u0131&#8230;"},"content":{"rendered":"<p>\u0130ske\u00e7e\u2019nin sevilen gen\u00e7 esnaflar\u0131ndan M\u00fcmin Kapsuz son yolculu\u011funa u\u011fruland\u0131. Bug\u00fcn (25 May\u0131s Sal\u0131) S\u00fcnne Mahallede\u2019de k\u0131l\u0131nan ikindi namaz\u0131n\u0131n ard\u0131ndan \u0130ske\u00e7e A\u015fa\u011f\u0131mahalle mezarl\u0131\u011f\u0131na defnedilen M\u00fcmin Kapsuz\u2019un cenaze t\u00f6renine \u00e7ok say\u0131da seveni kat\u0131ld\u0131.<\/p>\n<p>38 ya\u015f\u0131nda hayata veda eden Kapsuz i\u00e7in \u00f6nce \u0130ske\u00e7e S\u00fcnnemahalle&#8217;deki baba evinde dua edildi. Burada yap\u0131lan t\u00f6rende talihsiz gencin anne ve babas\u0131n\u0131n zor anlar ge\u00e7irdi\u011fi g\u00f6zlendi. \u00d6zellikle evlad\u0131n\u0131 gen\u00e7 ya\u015fta kaybetmenin ac\u0131s\u0131n\u0131 ya\u015fayan annesinin feryatlar\u0131 t\u00f6rene kat\u0131lanlar\u0131 h\u00fcz\u00fcnlendirdi. Kapsuz&#8217;un cenazesi daha sonra \u0130ske\u00e7e A\u015fa\u011f\u0131mahalle mezarl\u0131\u011f\u0131na getirildi.<\/p>\n<p>\u0130ske\u00e7e M\u00fcft\u00fcs\u00fc Ahmet Mete\u2019nin k\u0131ld\u0131rd\u0131\u011f\u0131 cenaze namaz\u0131n\u0131n ard\u0131ndan, M\u00fcmin Kapsuz sevenleri taraf\u0131ndan son yolculu\u011funa u\u011furland\u0131. Cenazeye koronavir\u00fcs tebrirlerine uygun \u015fekilde kat\u0131lan sevenleri M\u00fcmin Kapsuz i\u00e7in son g\u00f6revlerini yerine getirdi. Cenaze t\u00f6reni s\u0131ras\u0131nda Kapsuz&#8217;un yak\u0131nlar\u0131 ve baz\u0131 arkada\u015flar\u0131 g\u00f6z ya\u015flar\u0131na engel olamad\u0131.<\/p>\n<p>Cenazeye kat\u0131lanlar aras\u0131nda \u0130ske\u00e7e M\u00fcft\u00fcs\u00fc Ahmet Mete&#8217;nin yan\u0131 s\u0131ra, \u0130ske\u00e7e milletvekili Burhan Baran, Mustaf\u00e7ova Belediye Ba\u015fkan\u0131 R\u0131dvan Delih\u00fcseyin, \u0130ske\u00e7e T\u00fcrk Birli\u011fi Ba\u015fkan\u0131 Ozan Ahmeto\u011flu, Bat\u0131 Trakya Az\u0131nl\u0131\u011f\u0131 Y\u00fcksek Tahsilliler Derne\u011fi Ba\u015fkan\u0131 H\u00fcseyin Baltac\u0131, \u0130ske\u00e7e Belediye Ba\u015fkan Yard\u0131mc\u0131s\u0131 S\u00fcha Bekiro\u011flu ve di\u011fer az\u0131nl\u0131k temsilcileri yer ald\u0131.<\/p>\n","protected":false},"excerpt":{"rendered":"<p>\u0130ske\u00e7e\u2019nin sevilen gen\u00e7 esnaflar\u0131ndan M\u00fcmin Kapsuz son yolculu\u011funa u\u011fruland\u0131. Bug\u00fcn (25 May\u0131s Sal\u0131) S\u00fcnne Mahallede\u2019de k\u0131l\u0131nan ikindi namaz\u0131n\u0131n ard\u0131ndan \u0130ske\u00e7e A\u015fa\u011f\u0131mahalle mezarl\u0131\u011f\u0131na defnedilen M\u00fcmin Kapsuz\u2019un cenaze t\u00f6renine \u00e7ok say\u0131da seveni kat\u0131ld\u0131. 38 ya\u015f\u0131nda hayata veda eden Kapsuz i\u00e7in \u00f6nce \u0130ske\u00e7e S\u00fcnnemahalle&#8217;deki baba evinde dua edildi. Burada yap\u0131lan t\u00f6rende talihsiz gencin anne ve babas\u0131n\u0131n zor anlar &hellip;<\/p>\n","protected":false},"author":1,"featured_media":35378,"comment_status":"open","ping_status":"open","sticky":false,"template":"","format":"standard","meta":{"footnotes":""},"categories":[24],"tags":[500,121],"class_list":["post-35376","post","type-post","status-publish","format-standard","has-post-thumbnail","hentry","category-bati-trakyam-haber","tag-cenaze","tag-vefat"],"yoast_head":"<!-- This site is optimized with the Yoast SEO Premium plugin v26.3 (Yoast SEO v27.3) - https:\/\/yoast.com\/product\/yoast-seo-premium-wordpress\/ -->\n<title>\u0130ske\u00e7eli M\u00fcmin Kapsuz&#039;a son vedas\u0131n\u0131 yapt\u0131... - Bat\u0131 Trakya Haber<\/title>\n<meta name=\"robots\" content=\"index, follow, max-snippet:-1, max-image-preview:large, max-video-preview:-1\" \/>\n<link rel=\"canonical\" href=\"https:\/\/batitrakya.live\/index.php\/iskeceli-mumin-kapsuza-son-vedasini-yapti\/\" \/>\n<meta property=\"og:locale\" content=\"tr_TR\" \/>\n<meta property=\"og:type\" content=\"article\" \/>\n<meta property=\"og:title\" content=\"\u0130ske\u00e7eli M\u00fcmin Kapsuz&#039;a son vedas\u0131n\u0131 yapt\u0131...\" \/>\n<meta property=\"og:description\" content=\"\u0130ske\u00e7e\u2019nin sevilen gen\u00e7 esnaflar\u0131ndan M\u00fcmin Kapsuz son yolculu\u011funa u\u011fruland\u0131. Bug\u00fcn (25 May\u0131s Sal\u0131) S\u00fcnne Mahallede\u2019de k\u0131l\u0131nan ikindi namaz\u0131n\u0131n ard\u0131ndan \u0130ske\u00e7e A\u015fa\u011f\u0131mahalle mezarl\u0131\u011f\u0131na defnedilen M\u00fcmin Kapsuz\u2019un cenaze t\u00f6renine \u00e7ok say\u0131da seveni kat\u0131ld\u0131. 38 ya\u015f\u0131nda hayata veda eden Kapsuz i\u00e7in \u00f6nce \u0130ske\u00e7e S\u00fcnnemahalle&#8217;deki baba evinde dua edildi. Burada yap\u0131lan t\u00f6rende talihsiz gencin anne ve babas\u0131n\u0131n zor anlar &hellip;\" \/>\n<meta property=\"og:url\" content=\"https:\/\/batitrakya.live\/index.php\/iskeceli-mumin-kapsuza-son-vedasini-yapti\/\" \/>\n<meta property=\"og:site_name\" content=\"Bat\u0131 Trakya Haber\" \/>\n<meta property=\"article:published_time\" content=\"2021-05-26T11:20:51+00:00\" \/>\n<meta property=\"og:image\" content=\"https:\/\/batitrakya.live\/wp-content\/uploads\/2021\/05\/kapsuz-1.jpeg\" \/>\n\t<meta property=\"og:image:width\" content=\"720\" \/>\n\t<meta property=\"og:image:height\" content=\"348\" \/>\n\t<meta property=\"og:image:type\" content=\"image\/jpeg\" \/>\n<meta name=\"author\" content=\"tamer\" \/>\n<meta name=\"twitter:card\" content=\"summary_large_image\" \/>\n<meta name=\"twitter:label1\" content=\"Yazan:\" \/>\n\t<meta name=\"twitter:data1\" content=\"tamer\" \/>\n\t<meta name=\"twitter:label2\" content=\"Tahmini okuma s\u00fcresi\" \/>\n\t<meta name=\"twitter:data2\" content=\"1 dakika\" \/>\n<script type=\"application\/ld+json\" class=\"yoast-schema-graph\">{\"@context\":\"https:\\\/\\\/schema.org\",\"@graph\":[{\"@type\":\"Article\",\"@id\":\"https:\\\/\\\/batitrakya.live\\\/index.php\\\/iskeceli-mumin-kapsuza-son-vedasini-yapti\\\/#article\",\"isPartOf\":{\"@id\":\"https:\\\/\\\/batitrakya.live\\\/index.php\\\/iskeceli-mumin-kapsuza-son-vedasini-yapti\\\/\"},\"author\":{\"name\":\"tamer\",\"@id\":\"https:\\\/\\\/batitrakya.live\\\/#\\\/schema\\\/person\\\/61b86abbc19e5fa0bbc3059670546fe5\"},\"headline\":\"\u0130ske\u00e7eli M\u00fcmin Kapsuz&#8217;a son vedas\u0131n\u0131 yapt\u0131&#8230;\",\"datePublished\":\"2021-05-26T11:20:51+00:00\",\"mainEntityOfPage\":{\"@id\":\"https:\\\/\\\/batitrakya.live\\\/index.php\\\/iskeceli-mumin-kapsuza-son-vedasini-yapti\\\/\"},\"wordCount\":279,\"commentCount\":0,\"image\":{\"@id\":\"https:\\\/\\\/batitrakya.live\\\/index.php\\\/iskeceli-mumin-kapsuza-son-vedasini-yapti\\\/#primaryimage\"},\"thumbnailUrl\":\"https:\\\/\\\/batitrakya.live\\\/wp-content\\\/uploads\\\/2021\\\/05\\\/kapsuz-1.jpeg\",\"keywords\":[\"Cenaze\",\"Vefat\"],\"articleSection\":[\"Bat\u0131 Trakyam Haber\"],\"inLanguage\":\"tr\",\"potentialAction\":[{\"@type\":\"CommentAction\",\"name\":\"Comment\",\"target\":[\"https:\\\/\\\/batitrakya.live\\\/index.php\\\/iskeceli-mumin-kapsuza-son-vedasini-yapti\\\/#respond\"]}],\"copyrightYear\":\"2021\",\"copyrightHolder\":{\"@id\":\"https:\\\/\\\/batitrakya.live\\\/#organization\"}},{\"@type\":\"WebPage\",\"@id\":\"https:\\\/\\\/batitrakya.live\\\/index.php\\\/iskeceli-mumin-kapsuza-son-vedasini-yapti\\\/\",\"url\":\"https:\\\/\\\/batitrakya.live\\\/index.php\\\/iskeceli-mumin-kapsuza-son-vedasini-yapti\\\/\",\"name\":\"\u0130ske\u00e7eli M\u00fcmin Kapsuz'a son vedas\u0131n\u0131 yapt\u0131... - Bat\u0131 Trakya Haber\",\"isPartOf\":{\"@id\":\"https:\\\/\\\/batitrakya.live\\\/#website\"},\"primaryImageOfPage\":{\"@id\":\"https:\\\/\\\/batitrakya.live\\\/index.php\\\/iskeceli-mumin-kapsuza-son-vedasini-yapti\\\/#primaryimage\"},\"image\":{\"@id\":\"https:\\\/\\\/batitrakya.live\\\/index.php\\\/iskeceli-mumin-kapsuza-son-vedasini-yapti\\\/#primaryimage\"},\"thumbnailUrl\":\"https:\\\/\\\/batitrakya.live\\\/wp-content\\\/uploads\\\/2021\\\/05\\\/kapsuz-1.jpeg\",\"datePublished\":\"2021-05-26T11:20:51+00:00\",\"author\":{\"@id\":\"https:\\\/\\\/batitrakya.live\\\/#\\\/schema\\\/person\\\/61b86abbc19e5fa0bbc3059670546fe5\"},\"breadcrumb\":{\"@id\":\"https:\\\/\\\/batitrakya.live\\\/index.php\\\/iskeceli-mumin-kapsuza-son-vedasini-yapti\\\/#breadcrumb\"},\"inLanguage\":\"tr\",\"potentialAction\":[{\"@type\":\"ReadAction\",\"target\":[\"https:\\\/\\\/batitrakya.live\\\/index.php\\\/iskeceli-mumin-kapsuza-son-vedasini-yapti\\\/\"]}]},{\"@type\":\"ImageObject\",\"inLanguage\":\"tr\",\"@id\":\"https:\\\/\\\/batitrakya.live\\\/index.php\\\/iskeceli-mumin-kapsuza-son-vedasini-yapti\\\/#primaryimage\",\"url\":\"https:\\\/\\\/batitrakya.live\\\/wp-content\\\/uploads\\\/2021\\\/05\\\/kapsuz-1.jpeg\",\"contentUrl\":\"https:\\\/\\\/batitrakya.live\\\/wp-content\\\/uploads\\\/2021\\\/05\\\/kapsuz-1.jpeg\",\"width\":720,\"height\":348},{\"@type\":\"BreadcrumbList\",\"@id\":\"https:\\\/\\\/batitrakya.live\\\/index.php\\\/iskeceli-mumin-kapsuza-son-vedasini-yapti\\\/#breadcrumb\",\"itemListElement\":[{\"@type\":\"ListItem\",\"position\":1,\"name\":\"Anasayfa\",\"item\":\"https:\\\/\\\/batitrakya.live\\\/\"},{\"@type\":\"ListItem\",\"position\":2,\"name\":\"\u0130ske\u00e7eli M\u00fcmin Kapsuz&#8217;a son vedas\u0131n\u0131 yapt\u0131&#8230;\"}]},{\"@type\":\"WebSite\",\"@id\":\"https:\\\/\\\/batitrakya.live\\\/#website\",\"url\":\"https:\\\/\\\/batitrakya.live\\\/\",\"name\":\"Bat\u0131 Trakya Haber\",\"description\":\"Bat\u0131 Trakyan\u0131n internetteki sesi..\",\"potentialAction\":[{\"@type\":\"SearchAction\",\"target\":{\"@type\":\"EntryPoint\",\"urlTemplate\":\"https:\\\/\\\/batitrakya.live\\\/?s={search_term_string}\"},\"query-input\":{\"@type\":\"PropertyValueSpecification\",\"valueRequired\":true,\"valueName\":\"search_term_string\"}}],\"inLanguage\":\"tr\"},{\"@type\":\"Person\",\"@id\":\"https:\\\/\\\/batitrakya.live\\\/#\\\/schema\\\/person\\\/61b86abbc19e5fa0bbc3059670546fe5\",\"name\":\"tamer\",\"image\":{\"@type\":\"ImageObject\",\"inLanguage\":\"tr\",\"@id\":\"https:\\\/\\\/secure.gravatar.com\\\/avatar\\\/60b0ff14c4376999cea9565d28b91fc61ff0f727c28cd083506a6d83ad6df9c9?s=96&d=mm&r=g\",\"url\":\"https:\\\/\\\/secure.gravatar.com\\\/avatar\\\/60b0ff14c4376999cea9565d28b91fc61ff0f727c28cd083506a6d83ad6df9c9?s=96&d=mm&r=g\",\"contentUrl\":\"https:\\\/\\\/secure.gravatar.com\\\/avatar\\\/60b0ff14c4376999cea9565d28b91fc61ff0f727c28cd083506a6d83ad6df9c9?s=96&d=mm&r=g\",\"caption\":\"tamer\"},\"sameAs\":[\"https:\\\/\\\/batitrakya.live\"],\"url\":\"https:\\\/\\\/batitrakya.live\\\/index.php\\\/author\\\/tamer\\\/\"}]}<\/script>\n<!-- \/ Yoast SEO Premium plugin. -->","yoast_head_json":{"title":"\u0130ske\u00e7eli M\u00fcmin Kapsuz'a son vedas\u0131n\u0131 yapt\u0131... - Bat\u0131 Trakya Haber","robots":{"index":"index","follow":"follow","max-snippet":"max-snippet:-1","max-image-preview":"max-image-preview:large","max-video-preview":"max-video-preview:-1"},"canonical":"https:\/\/batitrakya.live\/index.php\/iskeceli-mumin-kapsuza-son-vedasini-yapti\/","og_locale":"tr_TR","og_type":"article","og_title":"\u0130ske\u00e7eli M\u00fcmin Kapsuz'a son vedas\u0131n\u0131 yapt\u0131...","og_description":"\u0130ske\u00e7e\u2019nin sevilen gen\u00e7 esnaflar\u0131ndan M\u00fcmin Kapsuz son yolculu\u011funa u\u011fruland\u0131. Bug\u00fcn (25 May\u0131s Sal\u0131) S\u00fcnne Mahallede\u2019de k\u0131l\u0131nan ikindi namaz\u0131n\u0131n ard\u0131ndan \u0130ske\u00e7e A\u015fa\u011f\u0131mahalle mezarl\u0131\u011f\u0131na defnedilen M\u00fcmin Kapsuz\u2019un cenaze t\u00f6renine \u00e7ok say\u0131da seveni kat\u0131ld\u0131. 38 ya\u015f\u0131nda hayata veda eden Kapsuz i\u00e7in \u00f6nce \u0130ske\u00e7e S\u00fcnnemahalle&#8217;deki baba evinde dua edildi. Burada yap\u0131lan t\u00f6rende talihsiz gencin anne ve babas\u0131n\u0131n zor anlar &hellip;","og_url":"https:\/\/batitrakya.live\/index.php\/iskeceli-mumin-kapsuza-son-vedasini-yapti\/","og_site_name":"Bat\u0131 Trakya Haber","article_published_time":"2021-05-26T11:20:51+00:00","og_image":[{"width":720,"height":348,"url":"https:\/\/batitrakya.live\/wp-content\/uploads\/2021\/05\/kapsuz-1.jpeg","type":"image\/jpeg"}],"author":"tamer","twitter_card":"summary_large_image","twitter_misc":{"Yazan:":"tamer","Tahmini okuma s\u00fcresi":"1 dakika"},"schema":{"@context":"https:\/\/schema.org","@graph":[{"@type":"Article","@id":"https:\/\/batitrakya.live\/index.php\/iskeceli-mumin-kapsuza-son-vedasini-yapti\/#article","isPartOf":{"@id":"https:\/\/batitrakya.live\/index.php\/iskeceli-mumin-kapsuza-son-vedasini-yapti\/"},"author":{"name":"tamer","@id":"https:\/\/batitrakya.live\/#\/schema\/person\/61b86abbc19e5fa0bbc3059670546fe5"},"headline":"\u0130ske\u00e7eli M\u00fcmin Kapsuz&#8217;a son vedas\u0131n\u0131 yapt\u0131&#8230;","datePublished":"2021-05-26T11:20:51+00:00","mainEntityOfPage":{"@id":"https:\/\/batitrakya.live\/index.php\/iskeceli-mumin-kapsuza-son-vedasini-yapti\/"},"wordCount":279,"commentCount":0,"image":{"@id":"https:\/\/batitrakya.live\/index.php\/iskeceli-mumin-kapsuza-son-vedasini-yapti\/#primaryimage"},"thumbnailUrl":"https:\/\/batitrakya.live\/wp-content\/uploads\/2021\/05\/kapsuz-1.jpeg","keywords":["Cenaze","Vefat"],"articleSection":["Bat\u0131 Trakyam Haber"],"inLanguage":"tr","potentialAction":[{"@type":"CommentAction","name":"Comment","target":["https:\/\/batitrakya.live\/index.php\/iskeceli-mumin-kapsuza-son-vedasini-yapti\/#respond"]}],"copyrightYear":"2021","copyrightHolder":{"@id":"https:\/\/batitrakya.live\/#organization"}},{"@type":"WebPage","@id":"https:\/\/batitrakya.live\/index.php\/iskeceli-mumin-kapsuza-son-vedasini-yapti\/","url":"https:\/\/batitrakya.live\/index.php\/iskeceli-mumin-kapsuza-son-vedasini-yapti\/","name":"\u0130ske\u00e7eli M\u00fcmin Kapsuz'a son vedas\u0131n\u0131 yapt\u0131... - Bat\u0131 Trakya Haber","isPartOf":{"@id":"https:\/\/batitrakya.live\/#website"},"primaryImageOfPage":{"@id":"https:\/\/batitrakya.live\/index.php\/iskeceli-mumin-kapsuza-son-vedasini-yapti\/#primaryimage"},"image":{"@id":"https:\/\/batitrakya.live\/index.php\/iskeceli-mumin-kapsuza-son-vedasini-yapti\/#primaryimage"},"thumbnailUrl":"https:\/\/batitrakya.live\/wp-content\/uploads\/2021\/05\/kapsuz-1.jpeg","datePublished":"2021-05-26T11:20:51+00:00","author":{"@id":"https:\/\/batitrakya.live\/#\/schema\/person\/61b86abbc19e5fa0bbc3059670546fe5"},"breadcrumb":{"@id":"https:\/\/batitrakya.live\/index.php\/iskeceli-mumin-kapsuza-son-vedasini-yapti\/#breadcrumb"},"inLanguage":"tr","potentialAction":[{"@type":"ReadAction","target":["https:\/\/batitrakya.live\/index.php\/iskeceli-mumin-kapsuza-son-vedasini-yapti\/"]}]},{"@type":"ImageObject","inLanguage":"tr","@id":"https:\/\/batitrakya.live\/index.php\/iskeceli-mumin-kapsuza-son-vedasini-yapti\/#primaryimage","url":"https:\/\/batitrakya.live\/wp-content\/uploads\/2021\/05\/kapsuz-1.jpeg","contentUrl":"https:\/\/batitrakya.live\/wp-content\/uploads\/2021\/05\/kapsuz-1.jpeg","width":720,"height":348},{"@type":"BreadcrumbList","@id":"https:\/\/batitrakya.live\/index.php\/iskeceli-mumin-kapsuza-son-vedasini-yapti\/#breadcrumb","itemListElement":[{"@type":"ListItem","position":1,"name":"Anasayfa","item":"https:\/\/batitrakya.live\/"},{"@type":"ListItem","position":2,"name":"\u0130ske\u00e7eli M\u00fcmin Kapsuz&#8217;a son vedas\u0131n\u0131 yapt\u0131&#8230;"}]},{"@type":"WebSite","@id":"https:\/\/batitrakya.live\/#website","url":"https:\/\/batitrakya.live\/","name":"Bat\u0131 Trakya Haber","description":"Bat\u0131 Trakyan\u0131n internetteki sesi..","potentialAction":[{"@type":"SearchAction","target":{"@type":"EntryPoint","urlTemplate":"https:\/\/batitrakya.live\/?s={search_term_string}"},"query-input":{"@type":"PropertyValueSpecification","valueRequired":true,"valueName":"search_term_string"}}],"inLanguage":"tr"},{"@type":"Person","@id":"https:\/\/batitrakya.live\/#\/schema\/person\/61b86abbc19e5fa0bbc3059670546fe5","name":"tamer","image":{"@type":"ImageObject","inLanguage":"tr","@id":"https:\/\/secure.gravatar.com\/avatar\/60b0ff14c4376999cea9565d28b91fc61ff0f727c28cd083506a6d83ad6df9c9?s=96&d=mm&r=g","url":"https:\/\/secure.gravatar.com\/avatar\/60b0ff14c4376999cea9565d28b91fc61ff0f727c28cd083506a6d83ad6df9c9?s=96&d=mm&r=g","contentUrl":"https:\/\/secure.gravatar.com\/avatar\/60b0ff14c4376999cea9565d28b91fc61ff0f727c28cd083506a6d83ad6df9c9?s=96&d=mm&r=g","caption":"tamer"},"sameAs":["https:\/\/batitrakya.live"],"url":"https:\/\/batitrakya.live\/index.php\/author\/tamer\/"}]}},"_links":{"self":[{"href":"https:\/\/batitrakya.live\/index.php\/wp-json\/wp\/v2\/posts\/35376","targetHints":{"allow":["GET"]}}],"collection":[{"href":"https:\/\/batitrakya.live\/index.php\/wp-json\/wp\/v2\/posts"}],"about":[{"href":"https:\/\/batitrakya.live\/index.php\/wp-json\/wp\/v2\/types\/post"}],"author":[{"embeddable":true,"href":"https:\/\/batitrakya.live\/index.php\/wp-json\/wp\/v2\/users\/1"}],"replies":[{"embeddable":true,"href":"https:\/\/batitrakya.live\/index.php\/wp-json\/wp\/v2\/comments?post=35376"}],"version-history":[{"count":0,"href":"https:\/\/batitrakya.live\/index.php\/wp-json\/wp\/v2\/posts\/35376\/revisions"}],"wp:featuredmedia":[{"embeddable":true,"href":"https:\/\/batitrakya.live\/index.php\/wp-json\/wp\/v2\/media\/35378"}],"wp:attachment":[{"href":"https:\/\/batitrakya.live\/index.php\/wp-json\/wp\/v2\/media?parent=35376"}],"wp:term":[{"taxonomy":"category","embeddable":true,"href":"https:\/\/batitrakya.live\/index.php\/wp-json\/wp\/v2\/categories?post=35376"},{"taxonomy":"post_tag","embeddable":true,"href":"https:\/\/batitrakya.live\/index.php\/wp-json\/wp\/v2\/tags?post=35376"}],"curies":[{"name":"wp","href":"https:\/\/api.w.org\/{rel}","templated":true}]}}