{"id":34361,"date":"2021-04-06T07:49:12","date_gmt":"2021-04-06T04:49:12","guid":{"rendered":"https:\/\/batitrakya.live\/?p=34361"},"modified":"2021-04-06T07:49:12","modified_gmt":"2021-04-06T04:49:12","slug":"ilhan-ahmetmilletimizi-hak-ettigi-seviyeye-mutlaka-kavusturacagiz","status":"publish","type":"post","link":"https:\/\/batitrakya.live\/index.php\/ilhan-ahmetmilletimizi-hak-ettigi-seviyeye-mutlaka-kavusturacagiz\/","title":{"rendered":"\u0130lhan Ahmet;milletimizi hak etti\u011fi seviyeye mutlaka kavu\u015fturaca\u011f\u0131z&#8230;"},"content":{"rendered":"<p>G\u00f6r\u00fc\u015fmeye ili\u015fkin a\u00e7\u0131klamalarda bulunan milletvekili \u0130lhan Ahmet, Trakya&#8217;da tar\u0131msal kalk\u0131nma ve s\u00fcrd\u00fcr\u00fclebilir tar\u0131m i\u00e7in teklif ve \u00f6nerilerini birinci a\u011f\u0131zdan bakana iletti\u011fini belirterek, \u201cAz\u0131nl\u0131k \u00e7ift\u00e7isinin, \u00f6zellikle de t\u00fct\u00fcn \u00fcreticisinin bir \u00f6nceki bakan d\u00f6neminde verilen ekonomik destek vaadlerinin yerine getirilmemesinden dolay\u0131 Yeni Demokrasi iktidar\u0131na kar\u015f\u0131 b\u00fcy\u00fck hayal k\u0131r\u0131kl\u0131\u011f\u0131 i\u00e7erisinde oldu\u011funu hat\u0131rlatt\u0131m\u201d a\u00e7\u0131klamas\u0131nda bulundu.<\/p>\n<p>G\u00f6r\u00fc\u015fme sonras\u0131 milletvekili \u0130lhan Ahmet\u2019in yapt\u0131\u011f\u0131 yaz\u0131l\u0131 a\u00e7\u0131klama \u015f\u00f6yle:<\/p>\n<p><strong>\u201c\u00c7ok \u00e7al\u0131\u015faca\u011f\u0131z ve milletimizi hak etti\u011fi seviyeye mutlaka kavu\u015fturaca\u011f\u0131z\u201d<\/strong><\/p>\n<p>\u201cPazartesi ( 29\/3\/2021 ) Meclis genel kurulundaki g\u00f6r\u00fc\u015fmemizde Tar\u0131m Bakan\u0131 Livanos taraf\u0131ndan konu\u015fmas\u0131 esnas\u0131nda \u015fahs\u0131ma yapm\u0131\u015f oldu\u011fu \u015fahsi ve aleni davete icabet ettim.<\/p>\n<p>Ge\u00e7ti\u011fimiz Cuma (02.04.2021) g\u00fcn\u00fc ger\u00e7ekle\u015fen g\u00f6r\u00fc\u015fmede, Trakya&#8217;da tar\u0131msal kalk\u0131nma ve s\u00fcrd\u00fcr\u00fclebilir tar\u0131m i\u00e7in teklif ve \u00f6nerilerimi birinci a\u011f\u0131zdan bakana ilettim.<\/p>\n<p>\u0130kili g\u00f6r\u00fc\u015fmede, meclis k\u00fcrs\u00fcs\u00fcnde de dile getirdi\u011fim hususlar olan b\u00f6lge \u00e7ift\u00e7isinin ve \u00f6zellikle de Az\u0131nl\u0131k \u00e7ift\u00e7isinin kar\u015f\u0131 kar\u015f\u0131ya kald\u0131\u011f\u0131 b\u00fcy\u00fck ekonomik haks\u0131zl\u0131klara, bir kez daha dikkat \u00e7ektim.<\/p>\n<p>Az\u0131nl\u0131k \u00e7ift\u00e7isinin, \u00f6zellikle de t\u00fct\u00fcn \u00fcreticisinin bir \u00f6nceki bakan d\u00f6neminde verilen ekonomik destek vaadlerinin yerine getirilmemesinden dolay\u0131 Yeni Demokrasi iktidar\u0131na kar\u015f\u0131 b\u00fcy\u00fck hayal k\u0131r\u0131kl\u0131\u011f\u0131 i\u00e7erisinde oldu\u011funu hat\u0131rlatt\u0131m.<\/p>\n<p>Bakandan, 2018 y\u0131l\u0131na ait t\u00fct\u00fcn zararlar\u0131n\u0131n tazmin edilmesi i\u00e7in gerekli komisyonu i\u015fler k\u0131larak, raporun bir an \u00f6nce haz\u0131rlanmas\u0131n\u0131 talep ettim. Ayr\u0131ca, pandemi s\u00fcrecinde ya\u015fanan gelir kayb\u0131 nedeniyle de acil ekonomik destek iste\u011fimi yineledim.<\/p>\n<p>S\u00f6z konusu zarar tazminleri i\u00e7in hazineyi i\u015faret ederek, h\u00fck\u00fcmet ve bakanl\u0131k taraf\u0131ndan sunulacak &#8216;b\u00fct\u00e7ede maddi imkans\u0131zl\u0131k&#8217; oldu\u011funa dair olas\u0131 bir mazeretin, Az\u0131nl\u0131k \u00e7ift\u00e7ileri taraf\u0131ndan asla kabul edilmeyece\u011finin \u00f6zelikle alt\u0131n\u0131 \u00e7izdim.<\/p>\n<p>G\u00f6r\u00fc\u015fmede ayr\u0131ca, AB Yeni Tar\u0131m Politikas\u0131&#8217;nda (KAP) \u00f6n\u00fcm\u00fczdeki be\u015f y\u0131l\u0131 kapsayacak \u015fekilde d\u00fczenlenecek olan tar\u0131m b\u00fct\u00e7esinden, her y\u0131l, d\u00f6n\u00fcm ba\u015f\u0131na belirli miktar prim deste\u011fi verilmesini \u00f6n g\u00f6ren teklifimin yer ald\u0131\u011f\u0131 \u00e7al\u0131\u015fmay\u0131 da bakana sundum.<\/p>\n<p>\u00c7ift\u00e7imizin ve t\u00fcm b\u00f6lge halk\u0131n\u0131n hakl\u0131 taleplerini dile getirmeye, ekonomik imkanlardan faydalanmalar\u0131 i\u00e7in f\u0131rsatlar\u0131 yak\u0131ndan takip etmeye devam edece\u011fim.<\/p>\n<p>B\u00f6lge ve Az\u0131nl\u0131k milletvekili olarak meclis \u00e7at\u0131s\u0131 alt\u0131nda, t\u00fcm kanallar\u0131 kullanarak, diyalog i\u00e7erisinde, Yeni Demokrasi iktidar\u0131 taraf\u0131ndan gereken iyi niyetin g\u00f6sterilip, b\u00f6lge ve Az\u0131nl\u0131k \u00e7ift\u00e7isine kar\u015f\u0131 mevcut ekonomik haks\u0131zl\u0131klar\u0131n giderilmesi i\u00e7in ve milletimizin menfaatleri y\u00f6n\u00fcnde yap\u0131c\u0131, s\u0131k\u0131 ve bask\u0131c\u0131 muhalefet yapmay\u0131 s\u00fcrd\u00fcrece\u011fim.\u201d<\/p>\n","protected":false},"excerpt":{"rendered":"<p>G\u00f6r\u00fc\u015fmeye ili\u015fkin a\u00e7\u0131klamalarda bulunan milletvekili \u0130lhan Ahmet, Trakya&#8217;da tar\u0131msal kalk\u0131nma ve s\u00fcrd\u00fcr\u00fclebilir tar\u0131m i\u00e7in teklif ve \u00f6nerilerini birinci a\u011f\u0131zdan bakana iletti\u011fini belirterek, \u201cAz\u0131nl\u0131k \u00e7ift\u00e7isinin, \u00f6zellikle de t\u00fct\u00fcn \u00fcreticisinin bir \u00f6nceki bakan d\u00f6neminde verilen ekonomik destek vaadlerinin yerine getirilmemesinden dolay\u0131 Yeni Demokrasi iktidar\u0131na kar\u015f\u0131 b\u00fcy\u00fck hayal k\u0131r\u0131kl\u0131\u011f\u0131 i\u00e7erisinde oldu\u011funu hat\u0131rlatt\u0131m\u201d a\u00e7\u0131klamas\u0131nda bulundu. G\u00f6r\u00fc\u015fme sonras\u0131 milletvekili \u0130lhan &hellip;<\/p>\n","protected":false},"author":1,"featured_media":30772,"comment_status":"open","ping_status":"open","sticky":false,"template":"","format":"standard","meta":{"footnotes":""},"categories":[24],"tags":[244,263,86],"class_list":["post-34361","post","type-post","status-publish","format-standard","has-post-thumbnail","hentry","category-bati-trakyam-haber","tag-ilhan-ahmet","tag-kinal","tag-milletvekili"],"yoast_head":"<!-- This site is optimized with the Yoast SEO Premium plugin v26.3 (Yoast SEO v27.3) - https:\/\/yoast.com\/product\/yoast-seo-premium-wordpress\/ -->\n<title>\u0130lhan Ahmet;milletimizi hak etti\u011fi seviyeye mutlaka kavu\u015fturaca\u011f\u0131z... - Bat\u0131 Trakya Haber<\/title>\n<meta name=\"robots\" content=\"index, follow, max-snippet:-1, max-image-preview:large, max-video-preview:-1\" \/>\n<link rel=\"canonical\" href=\"https:\/\/batitrakya.live\/index.php\/ilhan-ahmetmilletimizi-hak-ettigi-seviyeye-mutlaka-kavusturacagiz\/\" \/>\n<meta property=\"og:locale\" content=\"tr_TR\" \/>\n<meta property=\"og:type\" content=\"article\" \/>\n<meta property=\"og:title\" content=\"\u0130lhan Ahmet;milletimizi hak etti\u011fi seviyeye mutlaka kavu\u015fturaca\u011f\u0131z...\" \/>\n<meta property=\"og:description\" content=\"G\u00f6r\u00fc\u015fmeye ili\u015fkin a\u00e7\u0131klamalarda bulunan milletvekili \u0130lhan Ahmet, Trakya&#8217;da tar\u0131msal kalk\u0131nma ve s\u00fcrd\u00fcr\u00fclebilir tar\u0131m i\u00e7in teklif ve \u00f6nerilerini birinci a\u011f\u0131zdan bakana iletti\u011fini belirterek, \u201cAz\u0131nl\u0131k \u00e7ift\u00e7isinin, \u00f6zellikle de t\u00fct\u00fcn \u00fcreticisinin bir \u00f6nceki bakan d\u00f6neminde verilen ekonomik destek vaadlerinin yerine getirilmemesinden dolay\u0131 Yeni Demokrasi iktidar\u0131na kar\u015f\u0131 b\u00fcy\u00fck hayal k\u0131r\u0131kl\u0131\u011f\u0131 i\u00e7erisinde oldu\u011funu hat\u0131rlatt\u0131m\u201d a\u00e7\u0131klamas\u0131nda bulundu. G\u00f6r\u00fc\u015fme sonras\u0131 milletvekili \u0130lhan &hellip;\" \/>\n<meta property=\"og:url\" content=\"https:\/\/batitrakya.live\/index.php\/ilhan-ahmetmilletimizi-hak-ettigi-seviyeye-mutlaka-kavusturacagiz\/\" \/>\n<meta property=\"og:site_name\" content=\"Bat\u0131 Trakya Haber\" \/>\n<meta property=\"article:published_time\" content=\"2021-04-06T04:49:12+00:00\" \/>\n<meta property=\"og:image\" content=\"https:\/\/batitrakya.live\/wp-content\/uploads\/2020\/12\/ilhan_ahmet.png\" \/>\n\t<meta property=\"og:image:width\" content=\"720\" \/>\n\t<meta property=\"og:image:height\" content=\"348\" \/>\n\t<meta property=\"og:image:type\" content=\"image\/png\" \/>\n<meta name=\"author\" content=\"tamer\" \/>\n<meta name=\"twitter:card\" content=\"summary_large_image\" \/>\n<meta name=\"twitter:label1\" content=\"Yazan:\" \/>\n\t<meta name=\"twitter:data1\" content=\"tamer\" \/>\n\t<meta name=\"twitter:label2\" content=\"Tahmini okuma s\u00fcresi\" \/>\n\t<meta name=\"twitter:data2\" content=\"2 dakika\" \/>\n<script type=\"application\/ld+json\" class=\"yoast-schema-graph\">{\"@context\":\"https:\\\/\\\/schema.org\",\"@graph\":[{\"@type\":\"Article\",\"@id\":\"https:\\\/\\\/batitrakya.live\\\/index.php\\\/ilhan-ahmetmilletimizi-hak-ettigi-seviyeye-mutlaka-kavusturacagiz\\\/#article\",\"isPartOf\":{\"@id\":\"https:\\\/\\\/batitrakya.live\\\/index.php\\\/ilhan-ahmetmilletimizi-hak-ettigi-seviyeye-mutlaka-kavusturacagiz\\\/\"},\"author\":{\"name\":\"tamer\",\"@id\":\"https:\\\/\\\/batitrakya.live\\\/#\\\/schema\\\/person\\\/61b86abbc19e5fa0bbc3059670546fe5\"},\"headline\":\"\u0130lhan Ahmet;milletimizi hak etti\u011fi seviyeye mutlaka kavu\u015fturaca\u011f\u0131z&#8230;\",\"datePublished\":\"2021-04-06T04:49:12+00:00\",\"mainEntityOfPage\":{\"@id\":\"https:\\\/\\\/batitrakya.live\\\/index.php\\\/ilhan-ahmetmilletimizi-hak-ettigi-seviyeye-mutlaka-kavusturacagiz\\\/\"},\"wordCount\":512,\"commentCount\":0,\"image\":{\"@id\":\"https:\\\/\\\/batitrakya.live\\\/index.php\\\/ilhan-ahmetmilletimizi-hak-ettigi-seviyeye-mutlaka-kavusturacagiz\\\/#primaryimage\"},\"thumbnailUrl\":\"https:\\\/\\\/batitrakya.live\\\/wp-content\\\/uploads\\\/2020\\\/12\\\/ilhan_ahmet.png\",\"keywords\":[\"\u0130lhan Ahmet\",\"K\u0130NAL\",\"Milletvekili\"],\"articleSection\":[\"Bat\u0131 Trakyam Haber\"],\"inLanguage\":\"tr\",\"potentialAction\":[{\"@type\":\"CommentAction\",\"name\":\"Comment\",\"target\":[\"https:\\\/\\\/batitrakya.live\\\/index.php\\\/ilhan-ahmetmilletimizi-hak-ettigi-seviyeye-mutlaka-kavusturacagiz\\\/#respond\"]}],\"copyrightYear\":\"2021\",\"copyrightHolder\":{\"@id\":\"https:\\\/\\\/batitrakya.live\\\/#organization\"}},{\"@type\":\"WebPage\",\"@id\":\"https:\\\/\\\/batitrakya.live\\\/index.php\\\/ilhan-ahmetmilletimizi-hak-ettigi-seviyeye-mutlaka-kavusturacagiz\\\/\",\"url\":\"https:\\\/\\\/batitrakya.live\\\/index.php\\\/ilhan-ahmetmilletimizi-hak-ettigi-seviyeye-mutlaka-kavusturacagiz\\\/\",\"name\":\"\u0130lhan Ahmet;milletimizi hak etti\u011fi seviyeye mutlaka kavu\u015fturaca\u011f\u0131z... - Bat\u0131 Trakya Haber\",\"isPartOf\":{\"@id\":\"https:\\\/\\\/batitrakya.live\\\/#website\"},\"primaryImageOfPage\":{\"@id\":\"https:\\\/\\\/batitrakya.live\\\/index.php\\\/ilhan-ahmetmilletimizi-hak-ettigi-seviyeye-mutlaka-kavusturacagiz\\\/#primaryimage\"},\"image\":{\"@id\":\"https:\\\/\\\/batitrakya.live\\\/index.php\\\/ilhan-ahmetmilletimizi-hak-ettigi-seviyeye-mutlaka-kavusturacagiz\\\/#primaryimage\"},\"thumbnailUrl\":\"https:\\\/\\\/batitrakya.live\\\/wp-content\\\/uploads\\\/2020\\\/12\\\/ilhan_ahmet.png\",\"datePublished\":\"2021-04-06T04:49:12+00:00\",\"author\":{\"@id\":\"https:\\\/\\\/batitrakya.live\\\/#\\\/schema\\\/person\\\/61b86abbc19e5fa0bbc3059670546fe5\"},\"breadcrumb\":{\"@id\":\"https:\\\/\\\/batitrakya.live\\\/index.php\\\/ilhan-ahmetmilletimizi-hak-ettigi-seviyeye-mutlaka-kavusturacagiz\\\/#breadcrumb\"},\"inLanguage\":\"tr\",\"potentialAction\":[{\"@type\":\"ReadAction\",\"target\":[\"https:\\\/\\\/batitrakya.live\\\/index.php\\\/ilhan-ahmetmilletimizi-hak-ettigi-seviyeye-mutlaka-kavusturacagiz\\\/\"]}]},{\"@type\":\"ImageObject\",\"inLanguage\":\"tr\",\"@id\":\"https:\\\/\\\/batitrakya.live\\\/index.php\\\/ilhan-ahmetmilletimizi-hak-ettigi-seviyeye-mutlaka-kavusturacagiz\\\/#primaryimage\",\"url\":\"https:\\\/\\\/batitrakya.live\\\/wp-content\\\/uploads\\\/2020\\\/12\\\/ilhan_ahmet.png\",\"contentUrl\":\"https:\\\/\\\/batitrakya.live\\\/wp-content\\\/uploads\\\/2020\\\/12\\\/ilhan_ahmet.png\",\"width\":720,\"height\":348},{\"@type\":\"BreadcrumbList\",\"@id\":\"https:\\\/\\\/batitrakya.live\\\/index.php\\\/ilhan-ahmetmilletimizi-hak-ettigi-seviyeye-mutlaka-kavusturacagiz\\\/#breadcrumb\",\"itemListElement\":[{\"@type\":\"ListItem\",\"position\":1,\"name\":\"Anasayfa\",\"item\":\"https:\\\/\\\/batitrakya.live\\\/\"},{\"@type\":\"ListItem\",\"position\":2,\"name\":\"\u0130lhan Ahmet;milletimizi hak etti\u011fi seviyeye mutlaka kavu\u015fturaca\u011f\u0131z&#8230;\"}]},{\"@type\":\"WebSite\",\"@id\":\"https:\\\/\\\/batitrakya.live\\\/#website\",\"url\":\"https:\\\/\\\/batitrakya.live\\\/\",\"name\":\"Bat\u0131 Trakya Haber\",\"description\":\"Bat\u0131 Trakyan\u0131n internetteki sesi..\",\"potentialAction\":[{\"@type\":\"SearchAction\",\"target\":{\"@type\":\"EntryPoint\",\"urlTemplate\":\"https:\\\/\\\/batitrakya.live\\\/?s={search_term_string}\"},\"query-input\":{\"@type\":\"PropertyValueSpecification\",\"valueRequired\":true,\"valueName\":\"search_term_string\"}}],\"inLanguage\":\"tr\"},{\"@type\":\"Person\",\"@id\":\"https:\\\/\\\/batitrakya.live\\\/#\\\/schema\\\/person\\\/61b86abbc19e5fa0bbc3059670546fe5\",\"name\":\"tamer\",\"image\":{\"@type\":\"ImageObject\",\"inLanguage\":\"tr\",\"@id\":\"https:\\\/\\\/secure.gravatar.com\\\/avatar\\\/60b0ff14c4376999cea9565d28b91fc61ff0f727c28cd083506a6d83ad6df9c9?s=96&d=mm&r=g\",\"url\":\"https:\\\/\\\/secure.gravatar.com\\\/avatar\\\/60b0ff14c4376999cea9565d28b91fc61ff0f727c28cd083506a6d83ad6df9c9?s=96&d=mm&r=g\",\"contentUrl\":\"https:\\\/\\\/secure.gravatar.com\\\/avatar\\\/60b0ff14c4376999cea9565d28b91fc61ff0f727c28cd083506a6d83ad6df9c9?s=96&d=mm&r=g\",\"caption\":\"tamer\"},\"sameAs\":[\"https:\\\/\\\/batitrakya.live\"],\"url\":\"https:\\\/\\\/batitrakya.live\\\/index.php\\\/author\\\/tamer\\\/\"}]}<\/script>\n<!-- \/ Yoast SEO Premium plugin. -->","yoast_head_json":{"title":"\u0130lhan Ahmet;milletimizi hak etti\u011fi seviyeye mutlaka kavu\u015fturaca\u011f\u0131z... - Bat\u0131 Trakya Haber","robots":{"index":"index","follow":"follow","max-snippet":"max-snippet:-1","max-image-preview":"max-image-preview:large","max-video-preview":"max-video-preview:-1"},"canonical":"https:\/\/batitrakya.live\/index.php\/ilhan-ahmetmilletimizi-hak-ettigi-seviyeye-mutlaka-kavusturacagiz\/","og_locale":"tr_TR","og_type":"article","og_title":"\u0130lhan Ahmet;milletimizi hak etti\u011fi seviyeye mutlaka kavu\u015fturaca\u011f\u0131z...","og_description":"G\u00f6r\u00fc\u015fmeye ili\u015fkin a\u00e7\u0131klamalarda bulunan milletvekili \u0130lhan Ahmet, Trakya&#8217;da tar\u0131msal kalk\u0131nma ve s\u00fcrd\u00fcr\u00fclebilir tar\u0131m i\u00e7in teklif ve \u00f6nerilerini birinci a\u011f\u0131zdan bakana iletti\u011fini belirterek, \u201cAz\u0131nl\u0131k \u00e7ift\u00e7isinin, \u00f6zellikle de t\u00fct\u00fcn \u00fcreticisinin bir \u00f6nceki bakan d\u00f6neminde verilen ekonomik destek vaadlerinin yerine getirilmemesinden dolay\u0131 Yeni Demokrasi iktidar\u0131na kar\u015f\u0131 b\u00fcy\u00fck hayal k\u0131r\u0131kl\u0131\u011f\u0131 i\u00e7erisinde oldu\u011funu hat\u0131rlatt\u0131m\u201d a\u00e7\u0131klamas\u0131nda bulundu. G\u00f6r\u00fc\u015fme sonras\u0131 milletvekili \u0130lhan &hellip;","og_url":"https:\/\/batitrakya.live\/index.php\/ilhan-ahmetmilletimizi-hak-ettigi-seviyeye-mutlaka-kavusturacagiz\/","og_site_name":"Bat\u0131 Trakya Haber","article_published_time":"2021-04-06T04:49:12+00:00","og_image":[{"width":720,"height":348,"url":"https:\/\/batitrakya.live\/wp-content\/uploads\/2020\/12\/ilhan_ahmet.png","type":"image\/png"}],"author":"tamer","twitter_card":"summary_large_image","twitter_misc":{"Yazan:":"tamer","Tahmini okuma s\u00fcresi":"2 dakika"},"schema":{"@context":"https:\/\/schema.org","@graph":[{"@type":"Article","@id":"https:\/\/batitrakya.live\/index.php\/ilhan-ahmetmilletimizi-hak-ettigi-seviyeye-mutlaka-kavusturacagiz\/#article","isPartOf":{"@id":"https:\/\/batitrakya.live\/index.php\/ilhan-ahmetmilletimizi-hak-ettigi-seviyeye-mutlaka-kavusturacagiz\/"},"author":{"name":"tamer","@id":"https:\/\/batitrakya.live\/#\/schema\/person\/61b86abbc19e5fa0bbc3059670546fe5"},"headline":"\u0130lhan Ahmet;milletimizi hak etti\u011fi seviyeye mutlaka kavu\u015fturaca\u011f\u0131z&#8230;","datePublished":"2021-04-06T04:49:12+00:00","mainEntityOfPage":{"@id":"https:\/\/batitrakya.live\/index.php\/ilhan-ahmetmilletimizi-hak-ettigi-seviyeye-mutlaka-kavusturacagiz\/"},"wordCount":512,"commentCount":0,"image":{"@id":"https:\/\/batitrakya.live\/index.php\/ilhan-ahmetmilletimizi-hak-ettigi-seviyeye-mutlaka-kavusturacagiz\/#primaryimage"},"thumbnailUrl":"https:\/\/batitrakya.live\/wp-content\/uploads\/2020\/12\/ilhan_ahmet.png","keywords":["\u0130lhan Ahmet","K\u0130NAL","Milletvekili"],"articleSection":["Bat\u0131 Trakyam Haber"],"inLanguage":"tr","potentialAction":[{"@type":"CommentAction","name":"Comment","target":["https:\/\/batitrakya.live\/index.php\/ilhan-ahmetmilletimizi-hak-ettigi-seviyeye-mutlaka-kavusturacagiz\/#respond"]}],"copyrightYear":"2021","copyrightHolder":{"@id":"https:\/\/batitrakya.live\/#organization"}},{"@type":"WebPage","@id":"https:\/\/batitrakya.live\/index.php\/ilhan-ahmetmilletimizi-hak-ettigi-seviyeye-mutlaka-kavusturacagiz\/","url":"https:\/\/batitrakya.live\/index.php\/ilhan-ahmetmilletimizi-hak-ettigi-seviyeye-mutlaka-kavusturacagiz\/","name":"\u0130lhan Ahmet;milletimizi hak etti\u011fi seviyeye mutlaka kavu\u015fturaca\u011f\u0131z... - Bat\u0131 Trakya Haber","isPartOf":{"@id":"https:\/\/batitrakya.live\/#website"},"primaryImageOfPage":{"@id":"https:\/\/batitrakya.live\/index.php\/ilhan-ahmetmilletimizi-hak-ettigi-seviyeye-mutlaka-kavusturacagiz\/#primaryimage"},"image":{"@id":"https:\/\/batitrakya.live\/index.php\/ilhan-ahmetmilletimizi-hak-ettigi-seviyeye-mutlaka-kavusturacagiz\/#primaryimage"},"thumbnailUrl":"https:\/\/batitrakya.live\/wp-content\/uploads\/2020\/12\/ilhan_ahmet.png","datePublished":"2021-04-06T04:49:12+00:00","author":{"@id":"https:\/\/batitrakya.live\/#\/schema\/person\/61b86abbc19e5fa0bbc3059670546fe5"},"breadcrumb":{"@id":"https:\/\/batitrakya.live\/index.php\/ilhan-ahmetmilletimizi-hak-ettigi-seviyeye-mutlaka-kavusturacagiz\/#breadcrumb"},"inLanguage":"tr","potentialAction":[{"@type":"ReadAction","target":["https:\/\/batitrakya.live\/index.php\/ilhan-ahmetmilletimizi-hak-ettigi-seviyeye-mutlaka-kavusturacagiz\/"]}]},{"@type":"ImageObject","inLanguage":"tr","@id":"https:\/\/batitrakya.live\/index.php\/ilhan-ahmetmilletimizi-hak-ettigi-seviyeye-mutlaka-kavusturacagiz\/#primaryimage","url":"https:\/\/batitrakya.live\/wp-content\/uploads\/2020\/12\/ilhan_ahmet.png","contentUrl":"https:\/\/batitrakya.live\/wp-content\/uploads\/2020\/12\/ilhan_ahmet.png","width":720,"height":348},{"@type":"BreadcrumbList","@id":"https:\/\/batitrakya.live\/index.php\/ilhan-ahmetmilletimizi-hak-ettigi-seviyeye-mutlaka-kavusturacagiz\/#breadcrumb","itemListElement":[{"@type":"ListItem","position":1,"name":"Anasayfa","item":"https:\/\/batitrakya.live\/"},{"@type":"ListItem","position":2,"name":"\u0130lhan Ahmet;milletimizi hak etti\u011fi seviyeye mutlaka kavu\u015fturaca\u011f\u0131z&#8230;"}]},{"@type":"WebSite","@id":"https:\/\/batitrakya.live\/#website","url":"https:\/\/batitrakya.live\/","name":"Bat\u0131 Trakya Haber","description":"Bat\u0131 Trakyan\u0131n internetteki sesi..","potentialAction":[{"@type":"SearchAction","target":{"@type":"EntryPoint","urlTemplate":"https:\/\/batitrakya.live\/?s={search_term_string}"},"query-input":{"@type":"PropertyValueSpecification","valueRequired":true,"valueName":"search_term_string"}}],"inLanguage":"tr"},{"@type":"Person","@id":"https:\/\/batitrakya.live\/#\/schema\/person\/61b86abbc19e5fa0bbc3059670546fe5","name":"tamer","image":{"@type":"ImageObject","inLanguage":"tr","@id":"https:\/\/secure.gravatar.com\/avatar\/60b0ff14c4376999cea9565d28b91fc61ff0f727c28cd083506a6d83ad6df9c9?s=96&d=mm&r=g","url":"https:\/\/secure.gravatar.com\/avatar\/60b0ff14c4376999cea9565d28b91fc61ff0f727c28cd083506a6d83ad6df9c9?s=96&d=mm&r=g","contentUrl":"https:\/\/secure.gravatar.com\/avatar\/60b0ff14c4376999cea9565d28b91fc61ff0f727c28cd083506a6d83ad6df9c9?s=96&d=mm&r=g","caption":"tamer"},"sameAs":["https:\/\/batitrakya.live"],"url":"https:\/\/batitrakya.live\/index.php\/author\/tamer\/"}]}},"_links":{"self":[{"href":"https:\/\/batitrakya.live\/index.php\/wp-json\/wp\/v2\/posts\/34361","targetHints":{"allow":["GET"]}}],"collection":[{"href":"https:\/\/batitrakya.live\/index.php\/wp-json\/wp\/v2\/posts"}],"about":[{"href":"https:\/\/batitrakya.live\/index.php\/wp-json\/wp\/v2\/types\/post"}],"author":[{"embeddable":true,"href":"https:\/\/batitrakya.live\/index.php\/wp-json\/wp\/v2\/users\/1"}],"replies":[{"embeddable":true,"href":"https:\/\/batitrakya.live\/index.php\/wp-json\/wp\/v2\/comments?post=34361"}],"version-history":[{"count":0,"href":"https:\/\/batitrakya.live\/index.php\/wp-json\/wp\/v2\/posts\/34361\/revisions"}],"wp:featuredmedia":[{"embeddable":true,"href":"https:\/\/batitrakya.live\/index.php\/wp-json\/wp\/v2\/media\/30772"}],"wp:attachment":[{"href":"https:\/\/batitrakya.live\/index.php\/wp-json\/wp\/v2\/media?parent=34361"}],"wp:term":[{"taxonomy":"category","embeddable":true,"href":"https:\/\/batitrakya.live\/index.php\/wp-json\/wp\/v2\/categories?post=34361"},{"taxonomy":"post_tag","embeddable":true,"href":"https:\/\/batitrakya.live\/index.php\/wp-json\/wp\/v2\/tags?post=34361"}],"curies":[{"name":"wp","href":"https:\/\/api.w.org\/{rel}","templated":true}]}}