{"id":33978,"date":"2021-03-23T19:36:10","date_gmt":"2021-03-23T16:36:10","guid":{"rendered":"https:\/\/batitrakya.live\/?p=33978"},"modified":"2021-03-23T19:36:10","modified_gmt":"2021-03-23T16:36:10","slug":"basbakan-micotakis-giritte-abd-ucak-gemisini-ziyaret-etti","status":"publish","type":"post","link":"https:\/\/batitrakya.live\/index.php\/basbakan-micotakis-giritte-abd-ucak-gemisini-ziyaret-etti\/","title":{"rendered":"Ba\u015fbakan Mi\u00e7otakis, Girit&#8217;te ABD u\u00e7ak gemisini ziyaret etti&#8230;"},"content":{"rendered":"<p>Mi\u00e7otakis, Girit Adas\u0131&#8217;ndaki Suda \u00dcss\u00fc&#8217;nde bulunan ABD u\u00e7ak gemisi USS Dwight D. Eisenhower&#8217;i ziyaret etti.<\/p>\n<p>Mi\u00e7otakis&#8217;e, Savunma Bakan\u0131 Nikos Panagiotopoulos ve Genelkurmay Ba\u015fkan\u0131 Konstantinos Floros e\u015flik etti.<\/p>\n<p><strong>&#8220;ABD \u0130LE \u0130\u015e B\u0130RL\u0130\u011e\u0130 SON DERECE Y\u00dcKSEK SEV\u0130YEDE&#8221;<\/strong><\/p>\n<p>Mi\u00e7otakis, T\u00fcrk Silahl\u0131 Kuvvetleri (TSK) unsurlar\u0131 ile Do\u011fu Akdeniz&#8217;de ger\u00e7ekle\u015ftirilen e\u011fitimden sonra Suda \u00dcss\u00fc&#8217;ne gelen ABD u\u00e7ak gemisini ziyaretinin ard\u0131ndan yapt\u0131\u011f\u0131 a\u00e7\u0131klamada, &#8220;ABD ile Yunanistan aras\u0131ndaki askeri i\u015f birli\u011fi son derece y\u00fcksek bir seviyede.&#8221; dedi.<\/p>\n<p><strong>&#8220;\u0130K\u0130 \u00dcLKE ARASINDAK\u0130 BA\u011eLAR G\u00dc\u00c7L\u00dc&#8221;<\/strong><\/p>\n<p>Gemide bulunmaktan mutluluk duydu\u011funu s\u00f6yleyen Mi\u00e7otakis, iki \u00fclke aras\u0131ndaki ba\u011flar\u0131n her zamankinden daha g\u00fc\u00e7l\u00fc oldu\u011funu belirterek, Yunanistan&#8217;\u0131n ba\u011f\u0131ms\u0131zl\u0131\u011f\u0131n\u0131n 200&#8217;\u00fcnc\u00fc y\u0131l d\u00f6n\u00fcm\u00fc dolay\u0131s\u0131yla mesaj yay\u0131nlayan ABD Ba\u015fkan\u0131 Joe Biden&#8217;e te\u015fekk\u00fcr etti.Mi\u00e7otakis&#8217;e ayr\u0131ca gemide, Yunanistan&#8217;\u0131n ABD&#8217;den sat\u0131n alaca\u011f\u0131 MH-60R tipi helikopterler de yak\u0131ndan tan\u0131t\u0131ld\u0131. Ziyarete ili\u015fkin g\u00f6r\u00fcnt\u00fcler, Yunan bas\u0131n\u0131 taraf\u0131ndan payla\u015f\u0131ld\u0131.<a href=\"https:\/\/haber.batitrakya.live\/wp-content\/uploads\/2021\/03\/mico_savas_gemisi0.jpg\"><img loading=\"lazy\" decoding=\"async\" class=\"aligncenter size-full wp-image-33981\" src=\"https:\/\/haber.batitrakya.live\/wp-content\/uploads\/2021\/03\/mico_savas_gemisi0.jpg\" alt=\"\" width=\"720\" height=\"348\" srcset=\"https:\/\/batitrakya.live\/wp-content\/uploads\/2021\/03\/mico_savas_gemisi0.jpg 720w, https:\/\/batitrakya.live\/wp-content\/uploads\/2021\/03\/mico_savas_gemisi0-300x145.jpg 300w\" sizes=\"auto, (max-width: 720px) 100vw, 720px\" \/><\/a><\/p>\n<p><strong>EISENHOWER&#8217;IN GEL\u0130\u015e\u0130N\u0130N PROTESTO ED\u0130LMES\u0130<\/strong><\/p>\n<p>Eisenhower&#8217;in Yunanistan&#8217;\u0131n Girit Adas\u0131&#8217;ndaki Suda \u00dcss\u00fc&#8217;ne geli\u015fi, 20 Mart g\u00fcn\u00fc baz\u0131 gruplar taraf\u0131ndan protesto edilmi\u015fti.<\/p>\n<p>\u00dcss\u00fcn bulundu\u011fu Hanya b\u00f6lgesindeki Dikastiria Meydan\u0131&#8217;nda toplanan g\u00f6stericiler, ABD kar\u015f\u0131t\u0131 sloganlar atarak ABD ile Yunanistan&#8217;\u0131n askeri konularda i\u015f birli\u011fi yapmamas\u0131n\u0131 istemi\u015fti.<\/p>\n<p>Grup taraf\u0131ndan yay\u0131mlanan bildiride, &#8220;Eisenhower&#8217;in adam\u0131za geli\u015fi b\u00f6lge halk\u0131na g\u00fcven duygusu a\u015f\u0131lam\u0131yor. Aksine korku ve g\u00fcvensizlik duygular\u0131 do\u011furuyor.&#8221; ifadeleri kullan\u0131lm\u0131\u015ft\u0131.<\/p>\n<p>Yunan bas\u0131n\u0131nda yer alan haberlere g\u00f6re, geminin ikmal yap\u0131lmas\u0131 i\u00e7in Suda \u00dcss\u00fc&#8217;ne geldi\u011fi ifade edildi.<\/p>\n","protected":false},"excerpt":{"rendered":"<p>Mi\u00e7otakis, Girit Adas\u0131&#8217;ndaki Suda \u00dcss\u00fc&#8217;nde bulunan ABD u\u00e7ak gemisi USS Dwight D. Eisenhower&#8217;i ziyaret etti. Mi\u00e7otakis&#8217;e, Savunma Bakan\u0131 Nikos Panagiotopoulos ve Genelkurmay Ba\u015fkan\u0131 Konstantinos Floros e\u015flik etti. &#8220;ABD \u0130LE \u0130\u015e B\u0130RL\u0130\u011e\u0130 SON DERECE Y\u00dcKSEK SEV\u0130YEDE&#8221; Mi\u00e7otakis, T\u00fcrk Silahl\u0131 Kuvvetleri (TSK) unsurlar\u0131 ile Do\u011fu Akdeniz&#8217;de ger\u00e7ekle\u015ftirilen e\u011fitimden sonra Suda \u00dcss\u00fc&#8217;ne gelen ABD u\u00e7ak gemisini ziyaretinin ard\u0131ndan &hellip;<\/p>\n","protected":false},"author":1,"featured_media":33980,"comment_status":"open","ping_status":"open","sticky":false,"template":"","format":"standard","meta":{"footnotes":""},"categories":[57],"tags":[77,76],"class_list":["post-33978","post","type-post","status-publish","format-standard","has-post-thumbnail","hentry","category-yunanistan","tag-abd","tag-micotakis"],"yoast_head":"<!-- This site is optimized with the Yoast SEO Premium plugin v26.3 (Yoast SEO v27.3) - https:\/\/yoast.com\/product\/yoast-seo-premium-wordpress\/ -->\n<title>Ba\u015fbakan Mi\u00e7otakis, Girit&#039;te ABD u\u00e7ak gemisini ziyaret etti... - Bat\u0131 Trakya Haber<\/title>\n<meta name=\"description\" content=\"Ba\u015fbakan Mi\u00e7otakis, Girit&#039;te ABD u\u00e7ak gemisini ziyaret etti\" \/>\n<meta name=\"robots\" content=\"index, follow, max-snippet:-1, max-image-preview:large, max-video-preview:-1\" \/>\n<link rel=\"canonical\" href=\"https:\/\/batitrakya.live\/index.php\/basbakan-micotakis-giritte-abd-ucak-gemisini-ziyaret-etti\/\" \/>\n<meta property=\"og:locale\" content=\"tr_TR\" \/>\n<meta property=\"og:type\" content=\"article\" \/>\n<meta property=\"og:title\" content=\"Ba\u015fbakan Mi\u00e7otakis, Girit&#039;te ABD u\u00e7ak gemisini ziyaret etti...\" \/>\n<meta property=\"og:description\" content=\"Ba\u015fbakan Mi\u00e7otakis, Girit&#039;te ABD u\u00e7ak gemisini ziyaret etti\" \/>\n<meta property=\"og:url\" content=\"https:\/\/batitrakya.live\/index.php\/basbakan-micotakis-giritte-abd-ucak-gemisini-ziyaret-etti\/\" \/>\n<meta property=\"og:site_name\" content=\"Bat\u0131 Trakya Haber\" \/>\n<meta property=\"article:published_time\" content=\"2021-03-23T16:36:10+00:00\" \/>\n<meta property=\"og:image\" content=\"https:\/\/batitrakya.live\/wp-content\/uploads\/2021\/03\/mico_savas_gemisi.jpg\" \/>\n\t<meta property=\"og:image:width\" content=\"720\" \/>\n\t<meta property=\"og:image:height\" content=\"348\" \/>\n\t<meta property=\"og:image:type\" content=\"image\/jpeg\" \/>\n<meta name=\"author\" content=\"tamer\" \/>\n<meta name=\"twitter:card\" content=\"summary_large_image\" \/>\n<meta name=\"twitter:label1\" content=\"Yazan:\" \/>\n\t<meta name=\"twitter:data1\" content=\"tamer\" \/>\n\t<meta name=\"twitter:label2\" content=\"Tahmini okuma s\u00fcresi\" \/>\n\t<meta name=\"twitter:data2\" content=\"2 dakika\" \/>\n<script type=\"application\/ld+json\" class=\"yoast-schema-graph\">{\"@context\":\"https:\\\/\\\/schema.org\",\"@graph\":[{\"@type\":\"Article\",\"@id\":\"https:\\\/\\\/batitrakya.live\\\/index.php\\\/basbakan-micotakis-giritte-abd-ucak-gemisini-ziyaret-etti\\\/#article\",\"isPartOf\":{\"@id\":\"https:\\\/\\\/batitrakya.live\\\/index.php\\\/basbakan-micotakis-giritte-abd-ucak-gemisini-ziyaret-etti\\\/\"},\"author\":{\"name\":\"tamer\",\"@id\":\"https:\\\/\\\/batitrakya.live\\\/#\\\/schema\\\/person\\\/61b86abbc19e5fa0bbc3059670546fe5\"},\"headline\":\"Ba\u015fbakan Mi\u00e7otakis, Girit&#8217;te ABD u\u00e7ak gemisini ziyaret etti&#8230;\",\"datePublished\":\"2021-03-23T16:36:10+00:00\",\"mainEntityOfPage\":{\"@id\":\"https:\\\/\\\/batitrakya.live\\\/index.php\\\/basbakan-micotakis-giritte-abd-ucak-gemisini-ziyaret-etti\\\/\"},\"wordCount\":321,\"commentCount\":0,\"image\":{\"@id\":\"https:\\\/\\\/batitrakya.live\\\/index.php\\\/basbakan-micotakis-giritte-abd-ucak-gemisini-ziyaret-etti\\\/#primaryimage\"},\"thumbnailUrl\":\"https:\\\/\\\/batitrakya.live\\\/wp-content\\\/uploads\\\/2021\\\/03\\\/mico_savas_gemisi.jpg\",\"keywords\":[\"ABD\",\"Mi\u00e7otakis\"],\"articleSection\":[\"Yunanistan Haber\"],\"inLanguage\":\"tr\",\"potentialAction\":[{\"@type\":\"CommentAction\",\"name\":\"Comment\",\"target\":[\"https:\\\/\\\/batitrakya.live\\\/index.php\\\/basbakan-micotakis-giritte-abd-ucak-gemisini-ziyaret-etti\\\/#respond\"]}],\"copyrightYear\":\"2021\",\"copyrightHolder\":{\"@id\":\"https:\\\/\\\/batitrakya.live\\\/#organization\"}},{\"@type\":\"WebPage\",\"@id\":\"https:\\\/\\\/batitrakya.live\\\/index.php\\\/basbakan-micotakis-giritte-abd-ucak-gemisini-ziyaret-etti\\\/\",\"url\":\"https:\\\/\\\/batitrakya.live\\\/index.php\\\/basbakan-micotakis-giritte-abd-ucak-gemisini-ziyaret-etti\\\/\",\"name\":\"Ba\u015fbakan Mi\u00e7otakis, Girit'te ABD u\u00e7ak gemisini ziyaret etti... - Bat\u0131 Trakya Haber\",\"isPartOf\":{\"@id\":\"https:\\\/\\\/batitrakya.live\\\/#website\"},\"primaryImageOfPage\":{\"@id\":\"https:\\\/\\\/batitrakya.live\\\/index.php\\\/basbakan-micotakis-giritte-abd-ucak-gemisini-ziyaret-etti\\\/#primaryimage\"},\"image\":{\"@id\":\"https:\\\/\\\/batitrakya.live\\\/index.php\\\/basbakan-micotakis-giritte-abd-ucak-gemisini-ziyaret-etti\\\/#primaryimage\"},\"thumbnailUrl\":\"https:\\\/\\\/batitrakya.live\\\/wp-content\\\/uploads\\\/2021\\\/03\\\/mico_savas_gemisi.jpg\",\"datePublished\":\"2021-03-23T16:36:10+00:00\",\"author\":{\"@id\":\"https:\\\/\\\/batitrakya.live\\\/#\\\/schema\\\/person\\\/61b86abbc19e5fa0bbc3059670546fe5\"},\"description\":\"Ba\u015fbakan Mi\u00e7otakis, Girit'te ABD u\u00e7ak gemisini ziyaret etti\",\"breadcrumb\":{\"@id\":\"https:\\\/\\\/batitrakya.live\\\/index.php\\\/basbakan-micotakis-giritte-abd-ucak-gemisini-ziyaret-etti\\\/#breadcrumb\"},\"inLanguage\":\"tr\",\"potentialAction\":[{\"@type\":\"ReadAction\",\"target\":[\"https:\\\/\\\/batitrakya.live\\\/index.php\\\/basbakan-micotakis-giritte-abd-ucak-gemisini-ziyaret-etti\\\/\"]}]},{\"@type\":\"ImageObject\",\"inLanguage\":\"tr\",\"@id\":\"https:\\\/\\\/batitrakya.live\\\/index.php\\\/basbakan-micotakis-giritte-abd-ucak-gemisini-ziyaret-etti\\\/#primaryimage\",\"url\":\"https:\\\/\\\/batitrakya.live\\\/wp-content\\\/uploads\\\/2021\\\/03\\\/mico_savas_gemisi.jpg\",\"contentUrl\":\"https:\\\/\\\/batitrakya.live\\\/wp-content\\\/uploads\\\/2021\\\/03\\\/mico_savas_gemisi.jpg\",\"width\":720,\"height\":348},{\"@type\":\"BreadcrumbList\",\"@id\":\"https:\\\/\\\/batitrakya.live\\\/index.php\\\/basbakan-micotakis-giritte-abd-ucak-gemisini-ziyaret-etti\\\/#breadcrumb\",\"itemListElement\":[{\"@type\":\"ListItem\",\"position\":1,\"name\":\"Anasayfa\",\"item\":\"https:\\\/\\\/batitrakya.live\\\/\"},{\"@type\":\"ListItem\",\"position\":2,\"name\":\"Ba\u015fbakan Mi\u00e7otakis, Girit&#8217;te ABD u\u00e7ak gemisini ziyaret etti&#8230;\"}]},{\"@type\":\"WebSite\",\"@id\":\"https:\\\/\\\/batitrakya.live\\\/#website\",\"url\":\"https:\\\/\\\/batitrakya.live\\\/\",\"name\":\"Bat\u0131 Trakya Haber\",\"description\":\"Bat\u0131 Trakyan\u0131n internetteki sesi..\",\"potentialAction\":[{\"@type\":\"SearchAction\",\"target\":{\"@type\":\"EntryPoint\",\"urlTemplate\":\"https:\\\/\\\/batitrakya.live\\\/?s={search_term_string}\"},\"query-input\":{\"@type\":\"PropertyValueSpecification\",\"valueRequired\":true,\"valueName\":\"search_term_string\"}}],\"inLanguage\":\"tr\"},{\"@type\":\"Person\",\"@id\":\"https:\\\/\\\/batitrakya.live\\\/#\\\/schema\\\/person\\\/61b86abbc19e5fa0bbc3059670546fe5\",\"name\":\"tamer\",\"image\":{\"@type\":\"ImageObject\",\"inLanguage\":\"tr\",\"@id\":\"https:\\\/\\\/secure.gravatar.com\\\/avatar\\\/60b0ff14c4376999cea9565d28b91fc61ff0f727c28cd083506a6d83ad6df9c9?s=96&d=mm&r=g\",\"url\":\"https:\\\/\\\/secure.gravatar.com\\\/avatar\\\/60b0ff14c4376999cea9565d28b91fc61ff0f727c28cd083506a6d83ad6df9c9?s=96&d=mm&r=g\",\"contentUrl\":\"https:\\\/\\\/secure.gravatar.com\\\/avatar\\\/60b0ff14c4376999cea9565d28b91fc61ff0f727c28cd083506a6d83ad6df9c9?s=96&d=mm&r=g\",\"caption\":\"tamer\"},\"sameAs\":[\"https:\\\/\\\/batitrakya.live\"],\"url\":\"https:\\\/\\\/batitrakya.live\\\/index.php\\\/author\\\/tamer\\\/\"}]}<\/script>\n<!-- \/ Yoast SEO Premium plugin. -->","yoast_head_json":{"title":"Ba\u015fbakan Mi\u00e7otakis, Girit'te ABD u\u00e7ak gemisini ziyaret etti... - Bat\u0131 Trakya Haber","description":"Ba\u015fbakan Mi\u00e7otakis, Girit'te ABD u\u00e7ak gemisini ziyaret etti","robots":{"index":"index","follow":"follow","max-snippet":"max-snippet:-1","max-image-preview":"max-image-preview:large","max-video-preview":"max-video-preview:-1"},"canonical":"https:\/\/batitrakya.live\/index.php\/basbakan-micotakis-giritte-abd-ucak-gemisini-ziyaret-etti\/","og_locale":"tr_TR","og_type":"article","og_title":"Ba\u015fbakan Mi\u00e7otakis, Girit'te ABD u\u00e7ak gemisini ziyaret etti...","og_description":"Ba\u015fbakan Mi\u00e7otakis, Girit'te ABD u\u00e7ak gemisini ziyaret etti","og_url":"https:\/\/batitrakya.live\/index.php\/basbakan-micotakis-giritte-abd-ucak-gemisini-ziyaret-etti\/","og_site_name":"Bat\u0131 Trakya Haber","article_published_time":"2021-03-23T16:36:10+00:00","og_image":[{"width":720,"height":348,"url":"https:\/\/batitrakya.live\/wp-content\/uploads\/2021\/03\/mico_savas_gemisi.jpg","type":"image\/jpeg"}],"author":"tamer","twitter_card":"summary_large_image","twitter_misc":{"Yazan:":"tamer","Tahmini okuma s\u00fcresi":"2 dakika"},"schema":{"@context":"https:\/\/schema.org","@graph":[{"@type":"Article","@id":"https:\/\/batitrakya.live\/index.php\/basbakan-micotakis-giritte-abd-ucak-gemisini-ziyaret-etti\/#article","isPartOf":{"@id":"https:\/\/batitrakya.live\/index.php\/basbakan-micotakis-giritte-abd-ucak-gemisini-ziyaret-etti\/"},"author":{"name":"tamer","@id":"https:\/\/batitrakya.live\/#\/schema\/person\/61b86abbc19e5fa0bbc3059670546fe5"},"headline":"Ba\u015fbakan Mi\u00e7otakis, Girit&#8217;te ABD u\u00e7ak gemisini ziyaret etti&#8230;","datePublished":"2021-03-23T16:36:10+00:00","mainEntityOfPage":{"@id":"https:\/\/batitrakya.live\/index.php\/basbakan-micotakis-giritte-abd-ucak-gemisini-ziyaret-etti\/"},"wordCount":321,"commentCount":0,"image":{"@id":"https:\/\/batitrakya.live\/index.php\/basbakan-micotakis-giritte-abd-ucak-gemisini-ziyaret-etti\/#primaryimage"},"thumbnailUrl":"https:\/\/batitrakya.live\/wp-content\/uploads\/2021\/03\/mico_savas_gemisi.jpg","keywords":["ABD","Mi\u00e7otakis"],"articleSection":["Yunanistan Haber"],"inLanguage":"tr","potentialAction":[{"@type":"CommentAction","name":"Comment","target":["https:\/\/batitrakya.live\/index.php\/basbakan-micotakis-giritte-abd-ucak-gemisini-ziyaret-etti\/#respond"]}],"copyrightYear":"2021","copyrightHolder":{"@id":"https:\/\/batitrakya.live\/#organization"}},{"@type":"WebPage","@id":"https:\/\/batitrakya.live\/index.php\/basbakan-micotakis-giritte-abd-ucak-gemisini-ziyaret-etti\/","url":"https:\/\/batitrakya.live\/index.php\/basbakan-micotakis-giritte-abd-ucak-gemisini-ziyaret-etti\/","name":"Ba\u015fbakan Mi\u00e7otakis, Girit'te ABD u\u00e7ak gemisini ziyaret etti... - Bat\u0131 Trakya Haber","isPartOf":{"@id":"https:\/\/batitrakya.live\/#website"},"primaryImageOfPage":{"@id":"https:\/\/batitrakya.live\/index.php\/basbakan-micotakis-giritte-abd-ucak-gemisini-ziyaret-etti\/#primaryimage"},"image":{"@id":"https:\/\/batitrakya.live\/index.php\/basbakan-micotakis-giritte-abd-ucak-gemisini-ziyaret-etti\/#primaryimage"},"thumbnailUrl":"https:\/\/batitrakya.live\/wp-content\/uploads\/2021\/03\/mico_savas_gemisi.jpg","datePublished":"2021-03-23T16:36:10+00:00","author":{"@id":"https:\/\/batitrakya.live\/#\/schema\/person\/61b86abbc19e5fa0bbc3059670546fe5"},"description":"Ba\u015fbakan Mi\u00e7otakis, Girit'te ABD u\u00e7ak gemisini ziyaret etti","breadcrumb":{"@id":"https:\/\/batitrakya.live\/index.php\/basbakan-micotakis-giritte-abd-ucak-gemisini-ziyaret-etti\/#breadcrumb"},"inLanguage":"tr","potentialAction":[{"@type":"ReadAction","target":["https:\/\/batitrakya.live\/index.php\/basbakan-micotakis-giritte-abd-ucak-gemisini-ziyaret-etti\/"]}]},{"@type":"ImageObject","inLanguage":"tr","@id":"https:\/\/batitrakya.live\/index.php\/basbakan-micotakis-giritte-abd-ucak-gemisini-ziyaret-etti\/#primaryimage","url":"https:\/\/batitrakya.live\/wp-content\/uploads\/2021\/03\/mico_savas_gemisi.jpg","contentUrl":"https:\/\/batitrakya.live\/wp-content\/uploads\/2021\/03\/mico_savas_gemisi.jpg","width":720,"height":348},{"@type":"BreadcrumbList","@id":"https:\/\/batitrakya.live\/index.php\/basbakan-micotakis-giritte-abd-ucak-gemisini-ziyaret-etti\/#breadcrumb","itemListElement":[{"@type":"ListItem","position":1,"name":"Anasayfa","item":"https:\/\/batitrakya.live\/"},{"@type":"ListItem","position":2,"name":"Ba\u015fbakan Mi\u00e7otakis, Girit&#8217;te ABD u\u00e7ak gemisini ziyaret etti&#8230;"}]},{"@type":"WebSite","@id":"https:\/\/batitrakya.live\/#website","url":"https:\/\/batitrakya.live\/","name":"Bat\u0131 Trakya Haber","description":"Bat\u0131 Trakyan\u0131n internetteki sesi..","potentialAction":[{"@type":"SearchAction","target":{"@type":"EntryPoint","urlTemplate":"https:\/\/batitrakya.live\/?s={search_term_string}"},"query-input":{"@type":"PropertyValueSpecification","valueRequired":true,"valueName":"search_term_string"}}],"inLanguage":"tr"},{"@type":"Person","@id":"https:\/\/batitrakya.live\/#\/schema\/person\/61b86abbc19e5fa0bbc3059670546fe5","name":"tamer","image":{"@type":"ImageObject","inLanguage":"tr","@id":"https:\/\/secure.gravatar.com\/avatar\/60b0ff14c4376999cea9565d28b91fc61ff0f727c28cd083506a6d83ad6df9c9?s=96&d=mm&r=g","url":"https:\/\/secure.gravatar.com\/avatar\/60b0ff14c4376999cea9565d28b91fc61ff0f727c28cd083506a6d83ad6df9c9?s=96&d=mm&r=g","contentUrl":"https:\/\/secure.gravatar.com\/avatar\/60b0ff14c4376999cea9565d28b91fc61ff0f727c28cd083506a6d83ad6df9c9?s=96&d=mm&r=g","caption":"tamer"},"sameAs":["https:\/\/batitrakya.live"],"url":"https:\/\/batitrakya.live\/index.php\/author\/tamer\/"}]}},"_links":{"self":[{"href":"https:\/\/batitrakya.live\/index.php\/wp-json\/wp\/v2\/posts\/33978","targetHints":{"allow":["GET"]}}],"collection":[{"href":"https:\/\/batitrakya.live\/index.php\/wp-json\/wp\/v2\/posts"}],"about":[{"href":"https:\/\/batitrakya.live\/index.php\/wp-json\/wp\/v2\/types\/post"}],"author":[{"embeddable":true,"href":"https:\/\/batitrakya.live\/index.php\/wp-json\/wp\/v2\/users\/1"}],"replies":[{"embeddable":true,"href":"https:\/\/batitrakya.live\/index.php\/wp-json\/wp\/v2\/comments?post=33978"}],"version-history":[{"count":0,"href":"https:\/\/batitrakya.live\/index.php\/wp-json\/wp\/v2\/posts\/33978\/revisions"}],"wp:featuredmedia":[{"embeddable":true,"href":"https:\/\/batitrakya.live\/index.php\/wp-json\/wp\/v2\/media\/33980"}],"wp:attachment":[{"href":"https:\/\/batitrakya.live\/index.php\/wp-json\/wp\/v2\/media?parent=33978"}],"wp:term":[{"taxonomy":"category","embeddable":true,"href":"https:\/\/batitrakya.live\/index.php\/wp-json\/wp\/v2\/categories?post=33978"},{"taxonomy":"post_tag","embeddable":true,"href":"https:\/\/batitrakya.live\/index.php\/wp-json\/wp\/v2\/tags?post=33978"}],"curies":[{"name":"wp","href":"https:\/\/api.w.org\/{rel}","templated":true}]}}