{"id":33974,"date":"2021-03-23T19:25:37","date_gmt":"2021-03-23T16:25:37","guid":{"rendered":"https:\/\/batitrakya.live\/?p=33974"},"modified":"2021-03-23T19:25:37","modified_gmt":"2021-03-23T16:25:37","slug":"almanyada-koronavirus-tedbirlerinin-suresi-18-nisana-kadar-uzatildi","status":"publish","type":"post","link":"https:\/\/batitrakya.live\/index.php\/almanyada-koronavirus-tedbirlerinin-suresi-18-nisana-kadar-uzatildi\/","title":{"rendered":"Almanya&#8217;da koronavir\u00fcs tedbirlerinin s\u00fcresi 18 Nisan&#8217;a kadar uzat\u0131ld\u0131&#8230;"},"content":{"rendered":"<p>Almanya&#8217;da, koronavir\u00fcs salg\u0131n\u0131yla m\u00fccadele kapsam\u0131nda 28 Mart\u2019a kadar ge\u00e7erli olan tedbirler sertle\u015ftirildi.<\/p>\n<p>Ba\u015fbakan Angela Merkel, eyalet ba\u015fbakanlar\u0131yla video konferans yoluyla yapt\u0131\u011f\u0131 toplant\u0131da, salg\u0131ndaki son durumu de\u011ferlendirdi.<\/p>\n<p><strong>TEDB\u0130RLER UZATILDI<\/strong><\/p>\n<p>11 saat s\u00fcren toplant\u0131n\u0131n ard\u0131ndan yap\u0131lan a\u00e7\u0131klamada, mevcut tedbirlerin 18 Nisan\u2019a kadar uzat\u0131lmas\u0131 karar\u0131n\u0131n al\u0131nd\u0131\u011f\u0131 belirtilerek, yeni vaka say\u0131lar\u0131n\u0131n artt\u0131\u011f\u0131 yerlerde ek \u00f6nlemlerin al\u0131naca\u011f\u0131 ifade edildi.<\/p>\n<p>Buna g\u00f6re son 7 g\u00fcnde 100 bin ki\u015fide yeni vaka say\u0131s\u0131n\u0131n 100\u2019\u00fc a\u015ft\u0131\u011f\u0131 b\u00f6lgelerde, \u00f6zel ara\u00e7larda s\u00fcr\u00fcc\u00fcyle ayn\u0131 haneden olmayan di\u011fer yolculara t\u0131bbi maske takma zorunlu\u011fu getirilmesi, maske ve mesafe kurallar\u0131na riayet edilmesinin zor oldu\u011fu yerlerde h\u0131zl\u0131 testlerin yap\u0131lmas\u0131, soka\u011fa \u00e7\u0131kma k\u0131s\u0131tlamalar\u0131n\u0131n uygulanmas\u0131 ve insanlar aras\u0131ndaki temaslar\u0131n k\u0131s\u0131tlanmas\u0131 gibi ek \u00f6nlemler al\u0131nabilece\u011fi aktar\u0131ld\u0131.<\/p>\n<p><strong>&#8220;AC\u0130L FREN&#8221; UYGULAMASI<\/strong><\/p>\n<p>Son 7 g\u00fcnde 100 bin ki\u015fide yeni vaka say\u0131s\u0131n\u0131n 3 g\u00fcn \u00fcst \u00fcste 100\u2019\u00fcn \u00fczerinde \u00e7\u0131kmas\u0131 durumunda \u201cacil fren\u201d uygulanmas\u0131n\u0131n kararl\u0131l\u0131kla tatbik edilmesi gerekti\u011fi vurgulanan a\u00e7\u0131klamada, bu durumda 7 Mart \u00f6ncesindeki tedbirlerin yeniden uygulanmaya konulmas\u0131 istendi.<\/p>\n<p><strong>PASKALYA \u0130\u00c7\u0130N \u00d6ZEL \u00d6NLEMLER<\/strong><\/p>\n<p>A\u00e7\u0131klamada nisan ba\u015f\u0131nda kutlanacak Paskalya Bayram\u0131 kapsam\u0131nda temaslar\u0131n azalt\u0131lmas\u0131 amac\u0131yla k\u0131s\u0131tlamalar\u0131n getirilmesinin kararla\u015ft\u0131r\u0131ld\u0131\u011f\u0131na i\u015faret edilerek, 1 ve 3 Nisan&#8217;\u0131n bir defaya mahsus &#8220;tatil g\u00fcn\u00fc&#8221; olarak tan\u0131mlanaca\u011f\u0131 ifade edildi. Paskalya Bayram\u0131 vesilesiyle 2 Nisan Cuma ve 5 Nisan Pazartesi daha \u00f6nce tatil g\u00fcn\u00fc olarak belirlenmi\u015fti.<\/p>\n<p>B\u00f6ylelikle 1-5 Nisan&#8217;da evde kalma prensibinin ge\u00e7erli olaca\u011f\u0131na i\u015faret edilen a\u00e7\u0131klamada, bu d\u00f6nemde en fazla iki hane halk\u0131n\u0131n bir araya gelmesine izin verilece\u011fi ancak toplanan ki\u015filerin say\u0131s\u0131n\u0131n 5 ile s\u0131n\u0131rland\u0131r\u0131laca\u011f\u0131, 14 ya\u015f alt\u0131ndaki \u00e7ocuklar\u0131n bu s\u0131n\u0131rlama kapsam\u0131na al\u0131nmayaca\u011f\u0131 aktar\u0131ld\u0131.<\/p>\n<p><strong>ALMANYA&#8217;YA G\u0130R\u0130\u015eLERDE TEST ZORUNLULU\u011eU GET\u0130R\u0130LECEK<\/strong><\/p>\n<p>Bu tarihlerde kamusal alanda toplanmalar\u0131n yasaklanaca\u011f\u0131, g\u0131da maddeleri satan marketlerin s\u0131n\u0131rl\u0131 bir \u015fekilde sadece 3 Nisan\u2019da a\u00e7\u0131lmas\u0131na izin verilece\u011fi belirtilen a\u00e7\u0131klamada, dini cemaatlerden de etkinliklerini \u00e7evrim i\u00e7i ger\u00e7ekle\u015ftirmelerinin rica edilece\u011fi kaydedildi.<\/p>\n<p>Nisandan itibaren salg\u0131nla m\u00fccadele kapsam\u0131nda testlerin yap\u0131lmas\u0131n\u0131n \u00f6nemli rol oynayaca\u011f\u0131 ifade edilen a\u00e7\u0131klamada, h\u00fck\u00fcmetin Enfeksiyon Yasas\u0131\u2019nda yapaca\u011f\u0131 de\u011fi\u015fiklikle \u00fclke d\u0131\u015f\u0131ndan Almanya\u2019ya giri\u015flerde yolculara test olma y\u00fck\u00fcml\u00fc\u011f\u00fcn\u00fcn getirilece\u011fi belirtildi.<\/p>\n<p>A\u00e7\u0131klamada ayr\u0131ca i\u015fverenlere, \u00e7al\u0131\u015fanlar\u0131na evden \u00e7al\u0131\u015fma imkan\u0131 vermeleri \u00e7a\u011f\u0131r\u0131s\u0131nda bulunulurken halktan da m\u00fcmk\u00fcn oldu\u011funca seyahat etmemeleri istendi.<\/p>\n<p><strong>&#8220;HEN\u00dcZ V\u0130R\u00dcS\u00dc YENEMED\u0130K&#8221;<\/strong><\/p>\n<p>Almanya Ba\u015fbakan\u0131 Angela Merkel, toplant\u0131n\u0131n ard\u0131ndan d\u00fczenledi\u011fi bas\u0131n toplant\u0131s\u0131nda al\u0131nan tedbirleri savunarak, \u201cHen\u00fcz vir\u00fcs\u00fc yenemedik, pe\u015fimizi b\u0131rakm\u0131yor.&#8221; dedi.<\/p>\n<p>Merkel, Almanya\u2019da salg\u0131ndaki durumun \u00e7ok ciddi oldu\u011funu vurgulayarak, \u0130ngiltere\u2019de ilk kez g\u00f6r\u00fclen koronavir\u00fcs\u00fcn mutasyona u\u011fram\u0131\u015f tehlikeli t\u00fcr\u00fcn\u00fcn Almanya\u2019da yay\u0131ld\u0131\u011f\u0131n\u0131, yeni vaka say\u0131lar\u0131n\u0131n h\u0131zla artt\u0131\u011f\u0131n\u0131 ve yo\u011fun bak\u0131mdaki yataklar\u0131n yeniden dolmaya ba\u015flad\u0131\u011f\u0131n\u0131 belirtti.<\/p>\n<p><strong>&#8220;B\u0130R\u00c7O\u011eUNUN HASTALI\u011eI A\u011eIR GE\u00c7MEYE BA\u015eLADI&#8221;<\/strong><\/p>\n<p>Sa\u011fl\u0131k sisteminin kapasitesinin sonuna gelmesini \u00f6nlemek istediklerini anlatan Merkel, bu d\u00f6nemde koronavir\u00fcse yakalanan bir\u00e7ok orta ya\u015fl\u0131 ve gencin hastal\u0131\u011f\u0131n\u0131n a\u011f\u0131r ge\u00e7meye ba\u015flad\u0131\u011f\u0131n\u0131 kaydetti.<\/p>\n<p>Ba\u015fbakan Merkel, koronavir\u00fcs a\u015f\u0131lar\u0131na genel bir ihracat yasa\u011f\u0131 getirilmesine kar\u015f\u0131 oldu\u011funu belirterek, a\u015f\u0131 \u00fcretiminde \u00e7e\u015fitli uluslararas\u0131 ba\u011f\u0131ml\u0131l\u0131klar\u0131n bulundu\u011funu, bu konuda tedarik zincirlerine bak\u0131lmas\u0131 gerekti\u011fini ifade etti.<\/p>\n<p>\u015eu anda en fazla Avrupa Birli\u011fi\u2019nden a\u015f\u0131n\u0131n ihra\u00e7 edildi\u011fine i\u015faret eden Merkel, bundan dolay\u0131 a\u015f\u0131 \u00fcreticilerinin y\u00fck\u00fcml\u00fcl\u00fcklerini yerine getirmelerini isteyen Avrupa Birli\u011fi (AB) Komisyonu Ba\u015fkan\u0131 Ursula von der Leyen\u2019i destekledi\u011fini kaydetti.<\/p>\n","protected":false},"excerpt":{"rendered":"<p>Almanya&#8217;da, koronavir\u00fcs salg\u0131n\u0131yla m\u00fccadele kapsam\u0131nda 28 Mart\u2019a kadar ge\u00e7erli olan tedbirler sertle\u015ftirildi. Ba\u015fbakan Angela Merkel, eyalet ba\u015fbakanlar\u0131yla video konferans yoluyla yapt\u0131\u011f\u0131 toplant\u0131da, salg\u0131ndaki son durumu de\u011ferlendirdi. TEDB\u0130RLER UZATILDI 11 saat s\u00fcren toplant\u0131n\u0131n ard\u0131ndan yap\u0131lan a\u00e7\u0131klamada, mevcut tedbirlerin 18 Nisan\u2019a kadar uzat\u0131lmas\u0131 karar\u0131n\u0131n al\u0131nd\u0131\u011f\u0131 belirtilerek, yeni vaka say\u0131lar\u0131n\u0131n artt\u0131\u011f\u0131 yerlerde ek \u00f6nlemlerin al\u0131naca\u011f\u0131 ifade edildi. Buna &hellip;<\/p>\n","protected":false},"author":1,"featured_media":33976,"comment_status":"open","ping_status":"open","sticky":false,"template":"","format":"standard","meta":{"footnotes":""},"categories":[46],"tags":[229,250],"class_list":["post-33974","post","type-post","status-publish","format-standard","has-post-thumbnail","hentry","category-balkanlar","tag-almanya","tag-onlemler"],"yoast_head":"<!-- This site is optimized with the Yoast SEO Premium plugin v26.3 (Yoast SEO v27.3) - https:\/\/yoast.com\/product\/yoast-seo-premium-wordpress\/ -->\n<title>Almanya&#039;da koronavir\u00fcs tedbirlerinin s\u00fcresi 18 Nisan&#039;a kadar uzat\u0131ld\u0131... - Bat\u0131 Trakya Haber<\/title>\n<meta name=\"description\" content=\"Almanya&#039;da koronavir\u00fcs tedbirlerinin s\u00fcresi\" \/>\n<meta name=\"robots\" content=\"index, follow, max-snippet:-1, max-image-preview:large, max-video-preview:-1\" \/>\n<link rel=\"canonical\" href=\"https:\/\/batitrakya.live\/index.php\/almanyada-koronavirus-tedbirlerinin-suresi-18-nisana-kadar-uzatildi\/\" \/>\n<meta property=\"og:locale\" content=\"tr_TR\" \/>\n<meta property=\"og:type\" content=\"article\" \/>\n<meta property=\"og:title\" content=\"Almanya&#039;da koronavir\u00fcs tedbirlerinin s\u00fcresi 18 Nisan&#039;a kadar uzat\u0131ld\u0131...\" \/>\n<meta property=\"og:description\" content=\"Almanya&#039;da koronavir\u00fcs tedbirlerinin s\u00fcresi\" \/>\n<meta property=\"og:url\" content=\"https:\/\/batitrakya.live\/index.php\/almanyada-koronavirus-tedbirlerinin-suresi-18-nisana-kadar-uzatildi\/\" \/>\n<meta property=\"og:site_name\" content=\"Bat\u0131 Trakya Haber\" \/>\n<meta property=\"article:published_time\" content=\"2021-03-23T16:25:37+00:00\" \/>\n<meta property=\"og:image\" content=\"https:\/\/batitrakya.live\/wp-content\/uploads\/2021\/03\/almanya-da-covid-19.jpg\" \/>\n\t<meta property=\"og:image:width\" content=\"720\" \/>\n\t<meta property=\"og:image:height\" content=\"348\" \/>\n\t<meta property=\"og:image:type\" content=\"image\/jpeg\" \/>\n<meta name=\"author\" content=\"tamer\" \/>\n<meta name=\"twitter:card\" content=\"summary_large_image\" \/>\n<meta name=\"twitter:label1\" content=\"Yazan:\" \/>\n\t<meta name=\"twitter:data1\" content=\"tamer\" \/>\n\t<meta name=\"twitter:label2\" content=\"Tahmini okuma s\u00fcresi\" \/>\n\t<meta name=\"twitter:data2\" content=\"2 dakika\" \/>\n<script type=\"application\/ld+json\" class=\"yoast-schema-graph\">{\"@context\":\"https:\\\/\\\/schema.org\",\"@graph\":[{\"@type\":\"Article\",\"@id\":\"https:\\\/\\\/batitrakya.live\\\/index.php\\\/almanyada-koronavirus-tedbirlerinin-suresi-18-nisana-kadar-uzatildi\\\/#article\",\"isPartOf\":{\"@id\":\"https:\\\/\\\/batitrakya.live\\\/index.php\\\/almanyada-koronavirus-tedbirlerinin-suresi-18-nisana-kadar-uzatildi\\\/\"},\"author\":{\"name\":\"tamer\",\"@id\":\"https:\\\/\\\/batitrakya.live\\\/#\\\/schema\\\/person\\\/61b86abbc19e5fa0bbc3059670546fe5\"},\"headline\":\"Almanya&#8217;da koronavir\u00fcs tedbirlerinin s\u00fcresi 18 Nisan&#8217;a kadar uzat\u0131ld\u0131&#8230;\",\"datePublished\":\"2021-03-23T16:25:37+00:00\",\"mainEntityOfPage\":{\"@id\":\"https:\\\/\\\/batitrakya.live\\\/index.php\\\/almanyada-koronavirus-tedbirlerinin-suresi-18-nisana-kadar-uzatildi\\\/\"},\"wordCount\":707,\"commentCount\":0,\"image\":{\"@id\":\"https:\\\/\\\/batitrakya.live\\\/index.php\\\/almanyada-koronavirus-tedbirlerinin-suresi-18-nisana-kadar-uzatildi\\\/#primaryimage\"},\"thumbnailUrl\":\"https:\\\/\\\/batitrakya.live\\\/wp-content\\\/uploads\\\/2021\\\/03\\\/almanya-da-covid-19.jpg\",\"keywords\":[\"Almanya\",\"\u00d6nlemler\"],\"articleSection\":[\"Balkanlar | Avrupa Haber\"],\"inLanguage\":\"tr\",\"potentialAction\":[{\"@type\":\"CommentAction\",\"name\":\"Comment\",\"target\":[\"https:\\\/\\\/batitrakya.live\\\/index.php\\\/almanyada-koronavirus-tedbirlerinin-suresi-18-nisana-kadar-uzatildi\\\/#respond\"]}],\"copyrightYear\":\"2021\",\"copyrightHolder\":{\"@id\":\"https:\\\/\\\/batitrakya.live\\\/#organization\"}},{\"@type\":\"WebPage\",\"@id\":\"https:\\\/\\\/batitrakya.live\\\/index.php\\\/almanyada-koronavirus-tedbirlerinin-suresi-18-nisana-kadar-uzatildi\\\/\",\"url\":\"https:\\\/\\\/batitrakya.live\\\/index.php\\\/almanyada-koronavirus-tedbirlerinin-suresi-18-nisana-kadar-uzatildi\\\/\",\"name\":\"Almanya'da koronavir\u00fcs tedbirlerinin s\u00fcresi 18 Nisan'a kadar uzat\u0131ld\u0131... - Bat\u0131 Trakya Haber\",\"isPartOf\":{\"@id\":\"https:\\\/\\\/batitrakya.live\\\/#website\"},\"primaryImageOfPage\":{\"@id\":\"https:\\\/\\\/batitrakya.live\\\/index.php\\\/almanyada-koronavirus-tedbirlerinin-suresi-18-nisana-kadar-uzatildi\\\/#primaryimage\"},\"image\":{\"@id\":\"https:\\\/\\\/batitrakya.live\\\/index.php\\\/almanyada-koronavirus-tedbirlerinin-suresi-18-nisana-kadar-uzatildi\\\/#primaryimage\"},\"thumbnailUrl\":\"https:\\\/\\\/batitrakya.live\\\/wp-content\\\/uploads\\\/2021\\\/03\\\/almanya-da-covid-19.jpg\",\"datePublished\":\"2021-03-23T16:25:37+00:00\",\"author\":{\"@id\":\"https:\\\/\\\/batitrakya.live\\\/#\\\/schema\\\/person\\\/61b86abbc19e5fa0bbc3059670546fe5\"},\"description\":\"Almanya'da koronavir\u00fcs tedbirlerinin s\u00fcresi\",\"breadcrumb\":{\"@id\":\"https:\\\/\\\/batitrakya.live\\\/index.php\\\/almanyada-koronavirus-tedbirlerinin-suresi-18-nisana-kadar-uzatildi\\\/#breadcrumb\"},\"inLanguage\":\"tr\",\"potentialAction\":[{\"@type\":\"ReadAction\",\"target\":[\"https:\\\/\\\/batitrakya.live\\\/index.php\\\/almanyada-koronavirus-tedbirlerinin-suresi-18-nisana-kadar-uzatildi\\\/\"]}]},{\"@type\":\"ImageObject\",\"inLanguage\":\"tr\",\"@id\":\"https:\\\/\\\/batitrakya.live\\\/index.php\\\/almanyada-koronavirus-tedbirlerinin-suresi-18-nisana-kadar-uzatildi\\\/#primaryimage\",\"url\":\"https:\\\/\\\/batitrakya.live\\\/wp-content\\\/uploads\\\/2021\\\/03\\\/almanya-da-covid-19.jpg\",\"contentUrl\":\"https:\\\/\\\/batitrakya.live\\\/wp-content\\\/uploads\\\/2021\\\/03\\\/almanya-da-covid-19.jpg\",\"width\":720,\"height\":348},{\"@type\":\"BreadcrumbList\",\"@id\":\"https:\\\/\\\/batitrakya.live\\\/index.php\\\/almanyada-koronavirus-tedbirlerinin-suresi-18-nisana-kadar-uzatildi\\\/#breadcrumb\",\"itemListElement\":[{\"@type\":\"ListItem\",\"position\":1,\"name\":\"Anasayfa\",\"item\":\"https:\\\/\\\/batitrakya.live\\\/\"},{\"@type\":\"ListItem\",\"position\":2,\"name\":\"Almanya&#8217;da koronavir\u00fcs tedbirlerinin s\u00fcresi 18 Nisan&#8217;a kadar uzat\u0131ld\u0131&#8230;\"}]},{\"@type\":\"WebSite\",\"@id\":\"https:\\\/\\\/batitrakya.live\\\/#website\",\"url\":\"https:\\\/\\\/batitrakya.live\\\/\",\"name\":\"Bat\u0131 Trakya Haber\",\"description\":\"Bat\u0131 Trakyan\u0131n internetteki sesi..\",\"potentialAction\":[{\"@type\":\"SearchAction\",\"target\":{\"@type\":\"EntryPoint\",\"urlTemplate\":\"https:\\\/\\\/batitrakya.live\\\/?s={search_term_string}\"},\"query-input\":{\"@type\":\"PropertyValueSpecification\",\"valueRequired\":true,\"valueName\":\"search_term_string\"}}],\"inLanguage\":\"tr\"},{\"@type\":\"Person\",\"@id\":\"https:\\\/\\\/batitrakya.live\\\/#\\\/schema\\\/person\\\/61b86abbc19e5fa0bbc3059670546fe5\",\"name\":\"tamer\",\"image\":{\"@type\":\"ImageObject\",\"inLanguage\":\"tr\",\"@id\":\"https:\\\/\\\/secure.gravatar.com\\\/avatar\\\/60b0ff14c4376999cea9565d28b91fc61ff0f727c28cd083506a6d83ad6df9c9?s=96&d=mm&r=g\",\"url\":\"https:\\\/\\\/secure.gravatar.com\\\/avatar\\\/60b0ff14c4376999cea9565d28b91fc61ff0f727c28cd083506a6d83ad6df9c9?s=96&d=mm&r=g\",\"contentUrl\":\"https:\\\/\\\/secure.gravatar.com\\\/avatar\\\/60b0ff14c4376999cea9565d28b91fc61ff0f727c28cd083506a6d83ad6df9c9?s=96&d=mm&r=g\",\"caption\":\"tamer\"},\"sameAs\":[\"https:\\\/\\\/batitrakya.live\"],\"url\":\"https:\\\/\\\/batitrakya.live\\\/index.php\\\/author\\\/tamer\\\/\"}]}<\/script>\n<!-- \/ Yoast SEO Premium plugin. -->","yoast_head_json":{"title":"Almanya'da koronavir\u00fcs tedbirlerinin s\u00fcresi 18 Nisan'a kadar uzat\u0131ld\u0131... - Bat\u0131 Trakya Haber","description":"Almanya'da koronavir\u00fcs tedbirlerinin s\u00fcresi","robots":{"index":"index","follow":"follow","max-snippet":"max-snippet:-1","max-image-preview":"max-image-preview:large","max-video-preview":"max-video-preview:-1"},"canonical":"https:\/\/batitrakya.live\/index.php\/almanyada-koronavirus-tedbirlerinin-suresi-18-nisana-kadar-uzatildi\/","og_locale":"tr_TR","og_type":"article","og_title":"Almanya'da koronavir\u00fcs tedbirlerinin s\u00fcresi 18 Nisan'a kadar uzat\u0131ld\u0131...","og_description":"Almanya'da koronavir\u00fcs tedbirlerinin s\u00fcresi","og_url":"https:\/\/batitrakya.live\/index.php\/almanyada-koronavirus-tedbirlerinin-suresi-18-nisana-kadar-uzatildi\/","og_site_name":"Bat\u0131 Trakya Haber","article_published_time":"2021-03-23T16:25:37+00:00","og_image":[{"width":720,"height":348,"url":"https:\/\/batitrakya.live\/wp-content\/uploads\/2021\/03\/almanya-da-covid-19.jpg","type":"image\/jpeg"}],"author":"tamer","twitter_card":"summary_large_image","twitter_misc":{"Yazan:":"tamer","Tahmini okuma s\u00fcresi":"2 dakika"},"schema":{"@context":"https:\/\/schema.org","@graph":[{"@type":"Article","@id":"https:\/\/batitrakya.live\/index.php\/almanyada-koronavirus-tedbirlerinin-suresi-18-nisana-kadar-uzatildi\/#article","isPartOf":{"@id":"https:\/\/batitrakya.live\/index.php\/almanyada-koronavirus-tedbirlerinin-suresi-18-nisana-kadar-uzatildi\/"},"author":{"name":"tamer","@id":"https:\/\/batitrakya.live\/#\/schema\/person\/61b86abbc19e5fa0bbc3059670546fe5"},"headline":"Almanya&#8217;da koronavir\u00fcs tedbirlerinin s\u00fcresi 18 Nisan&#8217;a kadar uzat\u0131ld\u0131&#8230;","datePublished":"2021-03-23T16:25:37+00:00","mainEntityOfPage":{"@id":"https:\/\/batitrakya.live\/index.php\/almanyada-koronavirus-tedbirlerinin-suresi-18-nisana-kadar-uzatildi\/"},"wordCount":707,"commentCount":0,"image":{"@id":"https:\/\/batitrakya.live\/index.php\/almanyada-koronavirus-tedbirlerinin-suresi-18-nisana-kadar-uzatildi\/#primaryimage"},"thumbnailUrl":"https:\/\/batitrakya.live\/wp-content\/uploads\/2021\/03\/almanya-da-covid-19.jpg","keywords":["Almanya","\u00d6nlemler"],"articleSection":["Balkanlar | Avrupa Haber"],"inLanguage":"tr","potentialAction":[{"@type":"CommentAction","name":"Comment","target":["https:\/\/batitrakya.live\/index.php\/almanyada-koronavirus-tedbirlerinin-suresi-18-nisana-kadar-uzatildi\/#respond"]}],"copyrightYear":"2021","copyrightHolder":{"@id":"https:\/\/batitrakya.live\/#organization"}},{"@type":"WebPage","@id":"https:\/\/batitrakya.live\/index.php\/almanyada-koronavirus-tedbirlerinin-suresi-18-nisana-kadar-uzatildi\/","url":"https:\/\/batitrakya.live\/index.php\/almanyada-koronavirus-tedbirlerinin-suresi-18-nisana-kadar-uzatildi\/","name":"Almanya'da koronavir\u00fcs tedbirlerinin s\u00fcresi 18 Nisan'a kadar uzat\u0131ld\u0131... - Bat\u0131 Trakya Haber","isPartOf":{"@id":"https:\/\/batitrakya.live\/#website"},"primaryImageOfPage":{"@id":"https:\/\/batitrakya.live\/index.php\/almanyada-koronavirus-tedbirlerinin-suresi-18-nisana-kadar-uzatildi\/#primaryimage"},"image":{"@id":"https:\/\/batitrakya.live\/index.php\/almanyada-koronavirus-tedbirlerinin-suresi-18-nisana-kadar-uzatildi\/#primaryimage"},"thumbnailUrl":"https:\/\/batitrakya.live\/wp-content\/uploads\/2021\/03\/almanya-da-covid-19.jpg","datePublished":"2021-03-23T16:25:37+00:00","author":{"@id":"https:\/\/batitrakya.live\/#\/schema\/person\/61b86abbc19e5fa0bbc3059670546fe5"},"description":"Almanya'da koronavir\u00fcs tedbirlerinin s\u00fcresi","breadcrumb":{"@id":"https:\/\/batitrakya.live\/index.php\/almanyada-koronavirus-tedbirlerinin-suresi-18-nisana-kadar-uzatildi\/#breadcrumb"},"inLanguage":"tr","potentialAction":[{"@type":"ReadAction","target":["https:\/\/batitrakya.live\/index.php\/almanyada-koronavirus-tedbirlerinin-suresi-18-nisana-kadar-uzatildi\/"]}]},{"@type":"ImageObject","inLanguage":"tr","@id":"https:\/\/batitrakya.live\/index.php\/almanyada-koronavirus-tedbirlerinin-suresi-18-nisana-kadar-uzatildi\/#primaryimage","url":"https:\/\/batitrakya.live\/wp-content\/uploads\/2021\/03\/almanya-da-covid-19.jpg","contentUrl":"https:\/\/batitrakya.live\/wp-content\/uploads\/2021\/03\/almanya-da-covid-19.jpg","width":720,"height":348},{"@type":"BreadcrumbList","@id":"https:\/\/batitrakya.live\/index.php\/almanyada-koronavirus-tedbirlerinin-suresi-18-nisana-kadar-uzatildi\/#breadcrumb","itemListElement":[{"@type":"ListItem","position":1,"name":"Anasayfa","item":"https:\/\/batitrakya.live\/"},{"@type":"ListItem","position":2,"name":"Almanya&#8217;da koronavir\u00fcs tedbirlerinin s\u00fcresi 18 Nisan&#8217;a kadar uzat\u0131ld\u0131&#8230;"}]},{"@type":"WebSite","@id":"https:\/\/batitrakya.live\/#website","url":"https:\/\/batitrakya.live\/","name":"Bat\u0131 Trakya Haber","description":"Bat\u0131 Trakyan\u0131n internetteki sesi..","potentialAction":[{"@type":"SearchAction","target":{"@type":"EntryPoint","urlTemplate":"https:\/\/batitrakya.live\/?s={search_term_string}"},"query-input":{"@type":"PropertyValueSpecification","valueRequired":true,"valueName":"search_term_string"}}],"inLanguage":"tr"},{"@type":"Person","@id":"https:\/\/batitrakya.live\/#\/schema\/person\/61b86abbc19e5fa0bbc3059670546fe5","name":"tamer","image":{"@type":"ImageObject","inLanguage":"tr","@id":"https:\/\/secure.gravatar.com\/avatar\/60b0ff14c4376999cea9565d28b91fc61ff0f727c28cd083506a6d83ad6df9c9?s=96&d=mm&r=g","url":"https:\/\/secure.gravatar.com\/avatar\/60b0ff14c4376999cea9565d28b91fc61ff0f727c28cd083506a6d83ad6df9c9?s=96&d=mm&r=g","contentUrl":"https:\/\/secure.gravatar.com\/avatar\/60b0ff14c4376999cea9565d28b91fc61ff0f727c28cd083506a6d83ad6df9c9?s=96&d=mm&r=g","caption":"tamer"},"sameAs":["https:\/\/batitrakya.live"],"url":"https:\/\/batitrakya.live\/index.php\/author\/tamer\/"}]}},"_links":{"self":[{"href":"https:\/\/batitrakya.live\/index.php\/wp-json\/wp\/v2\/posts\/33974","targetHints":{"allow":["GET"]}}],"collection":[{"href":"https:\/\/batitrakya.live\/index.php\/wp-json\/wp\/v2\/posts"}],"about":[{"href":"https:\/\/batitrakya.live\/index.php\/wp-json\/wp\/v2\/types\/post"}],"author":[{"embeddable":true,"href":"https:\/\/batitrakya.live\/index.php\/wp-json\/wp\/v2\/users\/1"}],"replies":[{"embeddable":true,"href":"https:\/\/batitrakya.live\/index.php\/wp-json\/wp\/v2\/comments?post=33974"}],"version-history":[{"count":0,"href":"https:\/\/batitrakya.live\/index.php\/wp-json\/wp\/v2\/posts\/33974\/revisions"}],"wp:featuredmedia":[{"embeddable":true,"href":"https:\/\/batitrakya.live\/index.php\/wp-json\/wp\/v2\/media\/33976"}],"wp:attachment":[{"href":"https:\/\/batitrakya.live\/index.php\/wp-json\/wp\/v2\/media?parent=33974"}],"wp:term":[{"taxonomy":"category","embeddable":true,"href":"https:\/\/batitrakya.live\/index.php\/wp-json\/wp\/v2\/categories?post=33974"},{"taxonomy":"post_tag","embeddable":true,"href":"https:\/\/batitrakya.live\/index.php\/wp-json\/wp\/v2\/tags?post=33974"}],"curies":[{"name":"wp","href":"https:\/\/api.w.org\/{rel}","templated":true}]}}