{"id":33914,"date":"2021-03-20T22:42:28","date_gmt":"2021-03-20T19:42:28","guid":{"rendered":"https:\/\/batitrakya.live\/?p=33914"},"modified":"2021-03-20T22:42:28","modified_gmt":"2021-03-20T19:42:28","slug":"kadikoy-metropoliti-adamakisin-goreve-baslamasi-dolayisiyla-ayin","status":"publish","type":"post","link":"https:\/\/batitrakya.live\/index.php\/kadikoy-metropoliti-adamakisin-goreve-baslamasi-dolayisiyla-ayin\/","title":{"rendered":"Kad\u0131k\u00f6y Metropoliti Adamakis&#8217;in g\u00f6reve ba\u015flamas\u0131 dolay\u0131s\u0131yla ayin.."},"content":{"rendered":"<p>Kad\u0131k\u00f6y Rum Ortodoks Metropoliti Emmanuil Adamakis, Kad\u0131k\u00f6y Aya Triada Rum Ortodoks Kilisesi&#8217;nde d\u00fczenlenen t\u00f6renle yeni g\u00f6revine ba\u015flad\u0131.<\/p>\n<p>T\u00f6rene Fener Rum Patri\u011fi Bartholomeos, Atina Belediye Ba\u015fkan\u0131 Kostas Bakoyannis, Yunanistan D\u0131\u015fi\u015fleri Bakan Yard\u0131mc\u0131s\u0131 Konstantinos Vlasis, Yunanistan E\u011fitim ve Dini\u015fleri Bakan Yard\u0131mc\u0131s\u0131 Zeta Makri, Sen Sinod Meclisi Genel Sekreteri Peder Grigorios ve Ukrayna, Kud\u00fcs, \u0130skenderiye Ortodoks Kilisesi temsilcileriyle T\u00fcrkiye&#8217;deki Hristiyan toplum temsilcileri ve Kad\u0131k\u00f6y Kaymakam\u0131 Mustafa \u00d6zarslan kat\u0131ld\u0131. T\u00f6rende ayr\u0131ca baz\u0131 yabanc\u0131 misyon temsilcileri kat\u0131ld\u0131.<\/p>\n<p>Patrik Bartholomeos taraf\u0131ndan y\u00f6netilen t\u00f6rende dualar edildi. Sen Sinod Meclisi Genel Sekreteri Peder Grigorios t\u00f6rende yapt\u0131\u011f\u0131 konu\u015fmada, meclisin ald\u0131\u011f\u0131 yeni g\u00f6rev de\u011fi\u015fimi karar\u0131n\u0131 okudu.<\/p>\n<p>Patrik Bartholomeos konu\u015fmas\u0131nda, Kad\u0131k\u00f6y Metropolitli\u011fi&#8217;nin Ortodoks d\u00fcnyas\u0131ndaki \u00f6neminden bahsederek, davetlilere Adamakis&#8217;in \u00f6zge\u00e7mi\u015fi hakk\u0131nda bilgi verdi. Adamakis ile \u00e7al\u0131\u015fmaktan memnuniyet duyaca\u011f\u0131n\u0131 dile getiren Bartholomeos, iyi dilek ve ba\u015far\u0131 temennisinde bulundu.<\/p>\n<h3><strong>&#8220;Art\u0131k ben de bir T\u00fcrkiyeliyim&#8221;<\/strong><\/h3>\n<p>Sen Sinod Meclisi taraf\u0131ndan al\u0131nan kararla Fransa Metropolitli\u011fi g\u00f6revini b\u0131rakarak T\u00fcrkiye&#8217;ye gelen Emmanuel Adamakis de konu\u015fmas\u0131n\u0131 T\u00fcrk\u00e7e, Yunanca, Frans\u0131zca ve \u0130ngilizce yapt\u0131.<\/p>\n<p>Girit&#8217;te do\u011fdu\u011funu, Yunanistan, Fransa ve ABD&#8217;de okudu\u011funu, Bel\u00e7ika ve Fransa&#8217;da g\u00f6rev yapt\u0131\u011f\u0131n\u0131 anlatan Adamakis, \u015funlar\u0131 s\u00f6yledi:<\/p>\n<p><em><strong>&#8220;40 y\u0131ll\u0131k ruhani hayat\u0131m\u0131 art\u0131k \u0130stanbul&#8217;da, Ek\u00fcmenik Patrikhanemizin bulundu\u011fu bu asil \u015fehirde Kad\u0131k\u00f6y Metropoliti olarak devam edece\u011fim. Vatanda\u015fl\u0131\u011fa beni kabul eden T\u00fcrkiye Cumhuriyeti Devleti&#8217;ne \u015f\u00fckranlar\u0131m\u0131 sunar\u0131m. Art\u0131k ben de bir T\u00fcrkiyeli, bir \u0130stanbullu ve bir Kad\u0131k\u00f6yl\u00fcy\u00fcm. Beni aran\u0131za kabul etti\u011finiz ve bug\u00fcnk\u00fc t\u00f6rene te\u015frif etti\u011finiz i\u00e7in hepinize ayr\u0131 ayr\u0131 te\u015fekk\u00fcr ederim. Yeni g\u00f6revimi en iyi \u015fekilde yapabilmem i\u00e7in hepinizin dualar\u0131na ihtiyac\u0131m var. Yeni ve umutlu bir yolculu\u011fa ba\u015fl\u0131yoruz. Bar\u0131\u015f, sevgi, anlay\u0131\u015f ve diyalo\u011fun hakim oldu\u011fu bir d\u00fcnya i\u00e7in el ele verece\u011fiz.&#8221;<\/strong><\/em><\/p>\n<p><strong>Benzer bir durum Yunanistan&#8217;da ba\u015fta Kilise taraf\u0131ndan &#8220;tehdit&#8221; ve &#8220;ihanet&#8221; olarak nitelendirilir<\/strong><\/p>\n<p><a href=\"https:\/\/haber.batitrakya.live\/wp-content\/uploads\/2021\/03\/metropolt-yemin.jpeg\"><img loading=\"lazy\" decoding=\"async\" class=\"aligncenter size-full wp-image-33916\" src=\"https:\/\/haber.batitrakya.live\/wp-content\/uploads\/2021\/03\/metropolt-yemin.jpeg\" alt=\"\" width=\"720\" height=\"369\" srcset=\"https:\/\/batitrakya.live\/wp-content\/uploads\/2021\/03\/metropolt-yemin.jpeg 720w, https:\/\/batitrakya.live\/wp-content\/uploads\/2021\/03\/metropolt-yemin-300x154.jpeg 300w\" sizes=\"auto, (max-width: 720px) 100vw, 720px\" \/><\/a><\/p>\n<p>Lozan Antla\u015fmas\u0131na g\u00f6re \u0130stanbul Rum Ortodoks Patrikhanesinin Sen Sinod (Kutsal Kurul) \u00fcyeli\u011fine ve Metropolitlik g\u00f6revine getirilecek ki\u015filerin yerli Rum Ortodoks Az\u0131nl\u0131k mensubu olmalar\u0131 gerekir. Ancak T\u00fcrk h\u00fck\u00fcmetinin Yunanistan&#8217;da ve d\u00fcnyada e\u015fi benzeri g\u00f6r\u00fclmeyen bir esneklik ve m\u00fcsamaha ile T\u00fcrkiye vatanda\u015f\u0131 olmayanlar\u0131n da Patrikhane Metropoliti olmalar\u0131na hak tan\u0131nm\u0131\u015ft\u0131r. Yeni Kad\u0131k\u00f6y Metropoliti Adamakis de yasalar\u0131n ve Lozan Antla\u015fmas\u0131&#8217;n\u0131n, T\u00fcrkiye Cumhurba\u015fkan\u0131 Erdo\u011fan&#8217;\u0131n deyimiyle &#8220;zorlanmas\u0131 ve esnetilmesiyle&#8221; g\u00f6reve getirilmi\u015ftir.<\/p>\n<p>Yunanistan&#8217;daki T\u00fcrk Az\u0131nl\u0131\u011f\u0131na g\u00f6re, benzer &#8220;esnekli\u011fin&#8221; Rum Az\u0131nl\u0131\u011f\u0131n kar\u015f\u0131l\u0131\u011f\u0131 olarak Bat\u0131 Trakya T\u00fcrklerine tan\u0131nmas\u0131n\u0131n Yunanistan&#8217;da d\u00fc\u015f\u00fcn\u00fclmesi veya konu\u015fulmas\u0131 dahi Kilise ve devlet taraf\u0131ndan sak\u0131ncal\u0131 bulundu\u011fu belirtiliyor. B\u00f6yle bir ihtimal dahi en b\u00fcy\u00fck &#8220;tehdit&#8221; olarak nitelendirilerek bu d\u00fc\u015f\u00fcncenin sahipleri hainlikle su\u00e7lan\u0131r, medyada lin\u00e7 edilir, vatanda\u015fl\u0131ktan ihrac\u0131 istenir. Ge\u00e7mi\u015fte ve bug\u00fcn Bat\u0131 Trakya&#8217;da Az\u0131nl\u0131\u011f\u0131n T\u00fcrk oldu\u011funu s\u00f6yleyenlere yap\u0131ld\u0131\u011f\u0131 gibi. Yunanistan&#8217;da T\u00fcrk Az\u0131nl\u0131\u011fa y\u00f6nelik bu t\u00fcr lin\u00e7 giri\u015fimlerinin ba\u015f\u0131n\u0131 \u00e7eken ve nefret s\u00f6ylemini k\u00f6r\u00fckleyenlerin \u00e7o\u011fu Kilise Metropolitleri olmu\u015ftur. G\u00fcm\u00fclcine&#8217;de T\u00fcrk Az\u0131nl\u0131\u011f\u0131n sokaklarda kovalanarak lin\u00e7 edildi\u011fi &#8220;29 Ocak&#8221; olaylar\u0131n\u0131n da Kilise taraf\u0131ndan ate\u015flendi\u011fi biliniyor.<\/p>\n<p>T\u00fcrkiye&#8217;de bir Giritli yasalara ve Lozan&#8217;a ra\u011fmen Metropolit yap\u0131ld\u0131\u011f\u0131 g\u00fcnlerde Yunanistan&#8217;da medya devlet kanal\u0131 ERT1&#8217;e konu\u015fan Bat\u0131 Trakya T\u00fcrk Az\u0131nl\u0131k temsilcileri H\u00fcseyin Baltac\u0131: <strong>&#8220;Yunanitan vatanda\u015f\u0131 oldu\u011fumuz i\u00e7in ne kadar gurur duyuyorsak, T\u00fcrk k\u00f6kenli oldu\u011fumuz i\u00e7in de bir o kadar gururluyuz.&#8221;; DEB Partisi Ba\u015fkan\u0131 \u00c7i\u011fdem Asafo\u011flu: &#8220;Biz T\u00fcrk&#8217;\u00fcz, Yunanistan bayra\u011f\u0131 da, T\u00fcrkiye bayra\u011f\u0131 da bizim bayra\u011f\u0131m\u0131zd\u0131r.&#8221;<\/strong> dedikleri i\u00e7in medya kendilerini ve T\u00fcrk Az\u0131nl\u0131\u011f\u0131 hedef haline getirildi ve ekranlarda lin\u00e7 s\u00fcrmektedir.<\/p>\n<p><strong>T\u00fcrkiye ve D\u00fcnyada bar\u0131\u015f el\u00e7isi kesilen Metropolitler, Yunanistan&#8217;da T\u00fcrk ve \u0130slam d\u00fc\u015fmanl\u0131\u011f\u0131n\u0131 k\u00f6r\u00fckl\u00fcyor<\/strong><\/p>\n<p>Kilise Metropolitlerinin T\u00fcrk kimli\u011fine ve \u0130slam&#8217;a y\u00f6nelik nefret s\u00f6ylemi ve tahrikleri ge\u00e7en y\u0131l d\u00fcnyan\u0131n g\u00fcndemine konu olmu\u015ftu. \u03a4\u00fcrk ve \u0130slam kar\u015f\u0131t\u0131 s\u00f6ylemleri ile bilinen Pire Metropoliti Serafim, &#8220;kendisini T\u00fcrk olarak tan\u0131mlayan Az\u0131nl\u0131k mensuplar\u0131n\u0131n Yunan vatanda\u015fl\u0131\u011f\u0131ndan ihra\u00e7 edilmesi \u00e7a\u011fr\u0131s\u0131nda bulundu. Ard\u0131ndan Kilise Ba\u015fpapaz\u0131 \u0130eronimos, &#8220;\u0130slam bir din de\u011fildir, M\u00fcsl\u00fcmanlar sava\u015f\u0131n insanlar\u0131d\u0131r.&#8221; diyerek b\u00fcy\u00fck bir provokasyona imza atm\u0131\u015ft\u0131.<\/p>\n","protected":false},"excerpt":{"rendered":"<p>Kad\u0131k\u00f6y Rum Ortodoks Metropoliti Emmanuil Adamakis, Kad\u0131k\u00f6y Aya Triada Rum Ortodoks Kilisesi&#8217;nde d\u00fczenlenen t\u00f6renle yeni g\u00f6revine ba\u015flad\u0131. T\u00f6rene Fener Rum Patri\u011fi Bartholomeos, Atina Belediye Ba\u015fkan\u0131 Kostas Bakoyannis, Yunanistan D\u0131\u015fi\u015fleri Bakan Yard\u0131mc\u0131s\u0131 Konstantinos Vlasis, Yunanistan E\u011fitim ve Dini\u015fleri Bakan Yard\u0131mc\u0131s\u0131 Zeta Makri, Sen Sinod Meclisi Genel Sekreteri Peder Grigorios ve Ukrayna, Kud\u00fcs, \u0130skenderiye Ortodoks Kilisesi temsilcileriyle &hellip;<\/p>\n","protected":false},"author":1,"featured_media":33917,"comment_status":"open","ping_status":"open","sticky":false,"template":"","format":"standard","meta":{"footnotes":""},"categories":[29,66],"tags":[198,447],"class_list":["post-33914","post","type-post","status-publish","format-standard","has-post-thumbnail","hentry","category-dunya-gundem","category-video-haber","tag-fener-rum-patrigi","tag-metropolit"],"yoast_head":"<!-- This site is optimized with the Yoast SEO Premium plugin v26.3 (Yoast SEO v27.3) - https:\/\/yoast.com\/product\/yoast-seo-premium-wordpress\/ -->\n<title>Kad\u0131k\u00f6y Metropoliti Adamakis&#039;in g\u00f6reve ba\u015flamas\u0131 dolay\u0131s\u0131yla ayin.. - Bat\u0131 Trakya Haber<\/title>\n<meta name=\"description\" content=\"Kad\u0131k\u00f6y Metropoliti Adamakis\" \/>\n<meta name=\"robots\" content=\"index, follow, max-snippet:-1, max-image-preview:large, max-video-preview:-1\" \/>\n<link rel=\"canonical\" href=\"https:\/\/batitrakya.live\/index.php\/kadikoy-metropoliti-adamakisin-goreve-baslamasi-dolayisiyla-ayin\/\" \/>\n<meta property=\"og:locale\" content=\"tr_TR\" \/>\n<meta property=\"og:type\" content=\"article\" \/>\n<meta property=\"og:title\" content=\"Kad\u0131k\u00f6y Metropoliti Adamakis&#039;in g\u00f6reve ba\u015flamas\u0131 dolay\u0131s\u0131yla ayin..\" \/>\n<meta property=\"og:description\" content=\"Kad\u0131k\u00f6y Metropoliti Adamakis\" \/>\n<meta property=\"og:url\" content=\"https:\/\/batitrakya.live\/index.php\/kadikoy-metropoliti-adamakisin-goreve-baslamasi-dolayisiyla-ayin\/\" \/>\n<meta property=\"og:site_name\" content=\"Bat\u0131 Trakya Haber\" \/>\n<meta property=\"article:published_time\" content=\"2021-03-20T19:42:28+00:00\" \/>\n<meta property=\"og:image\" content=\"https:\/\/batitrakya.live\/wp-content\/uploads\/2021\/03\/adamakis_klise.jpg\" \/>\n\t<meta property=\"og:image:width\" content=\"720\" \/>\n\t<meta property=\"og:image:height\" content=\"348\" \/>\n\t<meta property=\"og:image:type\" content=\"image\/jpeg\" \/>\n<meta name=\"author\" content=\"tamer\" \/>\n<meta name=\"twitter:card\" content=\"summary_large_image\" \/>\n<meta name=\"twitter:label1\" content=\"Yazan:\" \/>\n\t<meta name=\"twitter:data1\" content=\"tamer\" \/>\n\t<meta name=\"twitter:label2\" content=\"Tahmini okuma s\u00fcresi\" \/>\n\t<meta name=\"twitter:data2\" content=\"3 dakika\" \/>\n<script type=\"application\/ld+json\" class=\"yoast-schema-graph\">{\"@context\":\"https:\\\/\\\/schema.org\",\"@graph\":[{\"@type\":\"Article\",\"@id\":\"https:\\\/\\\/batitrakya.live\\\/index.php\\\/kadikoy-metropoliti-adamakisin-goreve-baslamasi-dolayisiyla-ayin\\\/#article\",\"isPartOf\":{\"@id\":\"https:\\\/\\\/batitrakya.live\\\/index.php\\\/kadikoy-metropoliti-adamakisin-goreve-baslamasi-dolayisiyla-ayin\\\/\"},\"author\":{\"name\":\"tamer\",\"@id\":\"https:\\\/\\\/batitrakya.live\\\/#\\\/schema\\\/person\\\/61b86abbc19e5fa0bbc3059670546fe5\"},\"headline\":\"Kad\u0131k\u00f6y Metropoliti Adamakis&#8217;in g\u00f6reve ba\u015flamas\u0131 dolay\u0131s\u0131yla ayin..\",\"datePublished\":\"2021-03-20T19:42:28+00:00\",\"mainEntityOfPage\":{\"@id\":\"https:\\\/\\\/batitrakya.live\\\/index.php\\\/kadikoy-metropoliti-adamakisin-goreve-baslamasi-dolayisiyla-ayin\\\/\"},\"wordCount\":864,\"commentCount\":0,\"image\":{\"@id\":\"https:\\\/\\\/batitrakya.live\\\/index.php\\\/kadikoy-metropoliti-adamakisin-goreve-baslamasi-dolayisiyla-ayin\\\/#primaryimage\"},\"thumbnailUrl\":\"https:\\\/\\\/batitrakya.live\\\/wp-content\\\/uploads\\\/2021\\\/03\\\/adamakis_klise.jpg\",\"keywords\":[\"Fener Rum Patri\u011fi\",\"Metropolit\"],\"articleSection\":[\"T\u00fcrkiye | D\u00fcnya | G\u00fcndem\",\"Video Haber\"],\"inLanguage\":\"tr\",\"potentialAction\":[{\"@type\":\"CommentAction\",\"name\":\"Comment\",\"target\":[\"https:\\\/\\\/batitrakya.live\\\/index.php\\\/kadikoy-metropoliti-adamakisin-goreve-baslamasi-dolayisiyla-ayin\\\/#respond\"]}],\"copyrightYear\":\"2021\",\"copyrightHolder\":{\"@id\":\"https:\\\/\\\/batitrakya.live\\\/#organization\"}},{\"@type\":\"WebPage\",\"@id\":\"https:\\\/\\\/batitrakya.live\\\/index.php\\\/kadikoy-metropoliti-adamakisin-goreve-baslamasi-dolayisiyla-ayin\\\/\",\"url\":\"https:\\\/\\\/batitrakya.live\\\/index.php\\\/kadikoy-metropoliti-adamakisin-goreve-baslamasi-dolayisiyla-ayin\\\/\",\"name\":\"Kad\u0131k\u00f6y Metropoliti Adamakis'in g\u00f6reve ba\u015flamas\u0131 dolay\u0131s\u0131yla ayin.. - Bat\u0131 Trakya Haber\",\"isPartOf\":{\"@id\":\"https:\\\/\\\/batitrakya.live\\\/#website\"},\"primaryImageOfPage\":{\"@id\":\"https:\\\/\\\/batitrakya.live\\\/index.php\\\/kadikoy-metropoliti-adamakisin-goreve-baslamasi-dolayisiyla-ayin\\\/#primaryimage\"},\"image\":{\"@id\":\"https:\\\/\\\/batitrakya.live\\\/index.php\\\/kadikoy-metropoliti-adamakisin-goreve-baslamasi-dolayisiyla-ayin\\\/#primaryimage\"},\"thumbnailUrl\":\"https:\\\/\\\/batitrakya.live\\\/wp-content\\\/uploads\\\/2021\\\/03\\\/adamakis_klise.jpg\",\"datePublished\":\"2021-03-20T19:42:28+00:00\",\"author\":{\"@id\":\"https:\\\/\\\/batitrakya.live\\\/#\\\/schema\\\/person\\\/61b86abbc19e5fa0bbc3059670546fe5\"},\"description\":\"Kad\u0131k\u00f6y Metropoliti Adamakis\",\"breadcrumb\":{\"@id\":\"https:\\\/\\\/batitrakya.live\\\/index.php\\\/kadikoy-metropoliti-adamakisin-goreve-baslamasi-dolayisiyla-ayin\\\/#breadcrumb\"},\"inLanguage\":\"tr\",\"potentialAction\":[{\"@type\":\"ReadAction\",\"target\":[\"https:\\\/\\\/batitrakya.live\\\/index.php\\\/kadikoy-metropoliti-adamakisin-goreve-baslamasi-dolayisiyla-ayin\\\/\"]}]},{\"@type\":\"ImageObject\",\"inLanguage\":\"tr\",\"@id\":\"https:\\\/\\\/batitrakya.live\\\/index.php\\\/kadikoy-metropoliti-adamakisin-goreve-baslamasi-dolayisiyla-ayin\\\/#primaryimage\",\"url\":\"https:\\\/\\\/batitrakya.live\\\/wp-content\\\/uploads\\\/2021\\\/03\\\/adamakis_klise.jpg\",\"contentUrl\":\"https:\\\/\\\/batitrakya.live\\\/wp-content\\\/uploads\\\/2021\\\/03\\\/adamakis_klise.jpg\",\"width\":720,\"height\":348},{\"@type\":\"BreadcrumbList\",\"@id\":\"https:\\\/\\\/batitrakya.live\\\/index.php\\\/kadikoy-metropoliti-adamakisin-goreve-baslamasi-dolayisiyla-ayin\\\/#breadcrumb\",\"itemListElement\":[{\"@type\":\"ListItem\",\"position\":1,\"name\":\"Anasayfa\",\"item\":\"https:\\\/\\\/batitrakya.live\\\/\"},{\"@type\":\"ListItem\",\"position\":2,\"name\":\"Kad\u0131k\u00f6y Metropoliti Adamakis&#8217;in g\u00f6reve ba\u015flamas\u0131 dolay\u0131s\u0131yla ayin..\"}]},{\"@type\":\"WebSite\",\"@id\":\"https:\\\/\\\/batitrakya.live\\\/#website\",\"url\":\"https:\\\/\\\/batitrakya.live\\\/\",\"name\":\"Bat\u0131 Trakya Haber\",\"description\":\"Bat\u0131 Trakyan\u0131n internetteki sesi..\",\"potentialAction\":[{\"@type\":\"SearchAction\",\"target\":{\"@type\":\"EntryPoint\",\"urlTemplate\":\"https:\\\/\\\/batitrakya.live\\\/?s={search_term_string}\"},\"query-input\":{\"@type\":\"PropertyValueSpecification\",\"valueRequired\":true,\"valueName\":\"search_term_string\"}}],\"inLanguage\":\"tr\"},{\"@type\":\"Person\",\"@id\":\"https:\\\/\\\/batitrakya.live\\\/#\\\/schema\\\/person\\\/61b86abbc19e5fa0bbc3059670546fe5\",\"name\":\"tamer\",\"image\":{\"@type\":\"ImageObject\",\"inLanguage\":\"tr\",\"@id\":\"https:\\\/\\\/secure.gravatar.com\\\/avatar\\\/60b0ff14c4376999cea9565d28b91fc61ff0f727c28cd083506a6d83ad6df9c9?s=96&d=mm&r=g\",\"url\":\"https:\\\/\\\/secure.gravatar.com\\\/avatar\\\/60b0ff14c4376999cea9565d28b91fc61ff0f727c28cd083506a6d83ad6df9c9?s=96&d=mm&r=g\",\"contentUrl\":\"https:\\\/\\\/secure.gravatar.com\\\/avatar\\\/60b0ff14c4376999cea9565d28b91fc61ff0f727c28cd083506a6d83ad6df9c9?s=96&d=mm&r=g\",\"caption\":\"tamer\"},\"sameAs\":[\"https:\\\/\\\/batitrakya.live\"],\"url\":\"https:\\\/\\\/batitrakya.live\\\/index.php\\\/author\\\/tamer\\\/\"}]}<\/script>\n<!-- \/ Yoast SEO Premium plugin. -->","yoast_head_json":{"title":"Kad\u0131k\u00f6y Metropoliti Adamakis'in g\u00f6reve ba\u015flamas\u0131 dolay\u0131s\u0131yla ayin.. - Bat\u0131 Trakya Haber","description":"Kad\u0131k\u00f6y Metropoliti Adamakis","robots":{"index":"index","follow":"follow","max-snippet":"max-snippet:-1","max-image-preview":"max-image-preview:large","max-video-preview":"max-video-preview:-1"},"canonical":"https:\/\/batitrakya.live\/index.php\/kadikoy-metropoliti-adamakisin-goreve-baslamasi-dolayisiyla-ayin\/","og_locale":"tr_TR","og_type":"article","og_title":"Kad\u0131k\u00f6y Metropoliti Adamakis'in g\u00f6reve ba\u015flamas\u0131 dolay\u0131s\u0131yla ayin..","og_description":"Kad\u0131k\u00f6y Metropoliti Adamakis","og_url":"https:\/\/batitrakya.live\/index.php\/kadikoy-metropoliti-adamakisin-goreve-baslamasi-dolayisiyla-ayin\/","og_site_name":"Bat\u0131 Trakya Haber","article_published_time":"2021-03-20T19:42:28+00:00","og_image":[{"width":720,"height":348,"url":"https:\/\/batitrakya.live\/wp-content\/uploads\/2021\/03\/adamakis_klise.jpg","type":"image\/jpeg"}],"author":"tamer","twitter_card":"summary_large_image","twitter_misc":{"Yazan:":"tamer","Tahmini okuma s\u00fcresi":"3 dakika"},"schema":{"@context":"https:\/\/schema.org","@graph":[{"@type":"Article","@id":"https:\/\/batitrakya.live\/index.php\/kadikoy-metropoliti-adamakisin-goreve-baslamasi-dolayisiyla-ayin\/#article","isPartOf":{"@id":"https:\/\/batitrakya.live\/index.php\/kadikoy-metropoliti-adamakisin-goreve-baslamasi-dolayisiyla-ayin\/"},"author":{"name":"tamer","@id":"https:\/\/batitrakya.live\/#\/schema\/person\/61b86abbc19e5fa0bbc3059670546fe5"},"headline":"Kad\u0131k\u00f6y Metropoliti Adamakis&#8217;in g\u00f6reve ba\u015flamas\u0131 dolay\u0131s\u0131yla ayin..","datePublished":"2021-03-20T19:42:28+00:00","mainEntityOfPage":{"@id":"https:\/\/batitrakya.live\/index.php\/kadikoy-metropoliti-adamakisin-goreve-baslamasi-dolayisiyla-ayin\/"},"wordCount":864,"commentCount":0,"image":{"@id":"https:\/\/batitrakya.live\/index.php\/kadikoy-metropoliti-adamakisin-goreve-baslamasi-dolayisiyla-ayin\/#primaryimage"},"thumbnailUrl":"https:\/\/batitrakya.live\/wp-content\/uploads\/2021\/03\/adamakis_klise.jpg","keywords":["Fener Rum Patri\u011fi","Metropolit"],"articleSection":["T\u00fcrkiye | D\u00fcnya | G\u00fcndem","Video Haber"],"inLanguage":"tr","potentialAction":[{"@type":"CommentAction","name":"Comment","target":["https:\/\/batitrakya.live\/index.php\/kadikoy-metropoliti-adamakisin-goreve-baslamasi-dolayisiyla-ayin\/#respond"]}],"copyrightYear":"2021","copyrightHolder":{"@id":"https:\/\/batitrakya.live\/#organization"}},{"@type":"WebPage","@id":"https:\/\/batitrakya.live\/index.php\/kadikoy-metropoliti-adamakisin-goreve-baslamasi-dolayisiyla-ayin\/","url":"https:\/\/batitrakya.live\/index.php\/kadikoy-metropoliti-adamakisin-goreve-baslamasi-dolayisiyla-ayin\/","name":"Kad\u0131k\u00f6y Metropoliti Adamakis'in g\u00f6reve ba\u015flamas\u0131 dolay\u0131s\u0131yla ayin.. - Bat\u0131 Trakya Haber","isPartOf":{"@id":"https:\/\/batitrakya.live\/#website"},"primaryImageOfPage":{"@id":"https:\/\/batitrakya.live\/index.php\/kadikoy-metropoliti-adamakisin-goreve-baslamasi-dolayisiyla-ayin\/#primaryimage"},"image":{"@id":"https:\/\/batitrakya.live\/index.php\/kadikoy-metropoliti-adamakisin-goreve-baslamasi-dolayisiyla-ayin\/#primaryimage"},"thumbnailUrl":"https:\/\/batitrakya.live\/wp-content\/uploads\/2021\/03\/adamakis_klise.jpg","datePublished":"2021-03-20T19:42:28+00:00","author":{"@id":"https:\/\/batitrakya.live\/#\/schema\/person\/61b86abbc19e5fa0bbc3059670546fe5"},"description":"Kad\u0131k\u00f6y Metropoliti Adamakis","breadcrumb":{"@id":"https:\/\/batitrakya.live\/index.php\/kadikoy-metropoliti-adamakisin-goreve-baslamasi-dolayisiyla-ayin\/#breadcrumb"},"inLanguage":"tr","potentialAction":[{"@type":"ReadAction","target":["https:\/\/batitrakya.live\/index.php\/kadikoy-metropoliti-adamakisin-goreve-baslamasi-dolayisiyla-ayin\/"]}]},{"@type":"ImageObject","inLanguage":"tr","@id":"https:\/\/batitrakya.live\/index.php\/kadikoy-metropoliti-adamakisin-goreve-baslamasi-dolayisiyla-ayin\/#primaryimage","url":"https:\/\/batitrakya.live\/wp-content\/uploads\/2021\/03\/adamakis_klise.jpg","contentUrl":"https:\/\/batitrakya.live\/wp-content\/uploads\/2021\/03\/adamakis_klise.jpg","width":720,"height":348},{"@type":"BreadcrumbList","@id":"https:\/\/batitrakya.live\/index.php\/kadikoy-metropoliti-adamakisin-goreve-baslamasi-dolayisiyla-ayin\/#breadcrumb","itemListElement":[{"@type":"ListItem","position":1,"name":"Anasayfa","item":"https:\/\/batitrakya.live\/"},{"@type":"ListItem","position":2,"name":"Kad\u0131k\u00f6y Metropoliti Adamakis&#8217;in g\u00f6reve ba\u015flamas\u0131 dolay\u0131s\u0131yla ayin.."}]},{"@type":"WebSite","@id":"https:\/\/batitrakya.live\/#website","url":"https:\/\/batitrakya.live\/","name":"Bat\u0131 Trakya Haber","description":"Bat\u0131 Trakyan\u0131n internetteki sesi..","potentialAction":[{"@type":"SearchAction","target":{"@type":"EntryPoint","urlTemplate":"https:\/\/batitrakya.live\/?s={search_term_string}"},"query-input":{"@type":"PropertyValueSpecification","valueRequired":true,"valueName":"search_term_string"}}],"inLanguage":"tr"},{"@type":"Person","@id":"https:\/\/batitrakya.live\/#\/schema\/person\/61b86abbc19e5fa0bbc3059670546fe5","name":"tamer","image":{"@type":"ImageObject","inLanguage":"tr","@id":"https:\/\/secure.gravatar.com\/avatar\/60b0ff14c4376999cea9565d28b91fc61ff0f727c28cd083506a6d83ad6df9c9?s=96&d=mm&r=g","url":"https:\/\/secure.gravatar.com\/avatar\/60b0ff14c4376999cea9565d28b91fc61ff0f727c28cd083506a6d83ad6df9c9?s=96&d=mm&r=g","contentUrl":"https:\/\/secure.gravatar.com\/avatar\/60b0ff14c4376999cea9565d28b91fc61ff0f727c28cd083506a6d83ad6df9c9?s=96&d=mm&r=g","caption":"tamer"},"sameAs":["https:\/\/batitrakya.live"],"url":"https:\/\/batitrakya.live\/index.php\/author\/tamer\/"}]}},"_links":{"self":[{"href":"https:\/\/batitrakya.live\/index.php\/wp-json\/wp\/v2\/posts\/33914","targetHints":{"allow":["GET"]}}],"collection":[{"href":"https:\/\/batitrakya.live\/index.php\/wp-json\/wp\/v2\/posts"}],"about":[{"href":"https:\/\/batitrakya.live\/index.php\/wp-json\/wp\/v2\/types\/post"}],"author":[{"embeddable":true,"href":"https:\/\/batitrakya.live\/index.php\/wp-json\/wp\/v2\/users\/1"}],"replies":[{"embeddable":true,"href":"https:\/\/batitrakya.live\/index.php\/wp-json\/wp\/v2\/comments?post=33914"}],"version-history":[{"count":0,"href":"https:\/\/batitrakya.live\/index.php\/wp-json\/wp\/v2\/posts\/33914\/revisions"}],"wp:featuredmedia":[{"embeddable":true,"href":"https:\/\/batitrakya.live\/index.php\/wp-json\/wp\/v2\/media\/33917"}],"wp:attachment":[{"href":"https:\/\/batitrakya.live\/index.php\/wp-json\/wp\/v2\/media?parent=33914"}],"wp:term":[{"taxonomy":"category","embeddable":true,"href":"https:\/\/batitrakya.live\/index.php\/wp-json\/wp\/v2\/categories?post=33914"},{"taxonomy":"post_tag","embeddable":true,"href":"https:\/\/batitrakya.live\/index.php\/wp-json\/wp\/v2\/tags?post=33914"}],"curies":[{"name":"wp","href":"https:\/\/api.w.org\/{rel}","templated":true}]}}