{"id":33896,"date":"2021-03-20T19:44:13","date_gmt":"2021-03-20T16:44:13","guid":{"rendered":"https:\/\/batitrakya.live\/?p=33896"},"modified":"2021-03-20T19:44:13","modified_gmt":"2021-03-20T16:44:13","slug":"prof-dr-halit-eren-islam-kultur-sanat-ve-tarihine-adanan-40-yil","status":"publish","type":"post","link":"https:\/\/batitrakya.live\/index.php\/prof-dr-halit-eren-islam-kultur-sanat-ve-tarihine-adanan-40-yil\/","title":{"rendered":"Prof. Dr. Halit Eren: \u0130slam k\u00fclt\u00fcr, sanat ve tarihine adanan 40 y\u0131l&#8230;"},"content":{"rendered":"<p>\u0130slam Tarih, sanat ve k\u00fclt\u00fcr Ara\u015ft\u0131rma Merkezinin Genel Direkt\u00f6rl\u00fc\u011f\u00fcn\u00fc 16 y\u0131l y\u00fcr\u00fcten Prof. Dr. Halit Eren, 1981&#8217;den itibaren \u00e7al\u0131\u015fmaya ba\u015flad\u0131\u011f\u0131 kurumda hayata ge\u00e7irdi\u011fi projelerle \u0130slam k\u00fclt\u00fcr ve medeniyetine \u00f6nemli katk\u0131 sundu.<\/p>\n<p>1953 y\u0131l\u0131nda G\u00fcm\u00fclcine&#8217;de (Bat\u0131 Trakya, Yunanistan) d\u00fcnyaya gelen Prof. Dr. Halit Eren, ilk ve orta tahsilini Bat\u0131 Trakya&#8217;da, lise \u00f6\u011frenimini Sakarya \u0130mam Hatip Lisesi\u2019nde, y\u00fcksek tahsilini ise 1976&#8217;da \u0130stanbul Y\u00fcksek \u0130slam Enstit\u00fcs\u00fc&#8217;nde tamamlad\u0131.<\/p>\n<h3>Eren, 1989&#8217;da Marmara \u00dcniversitesi Sosyal Bilimler Enstit\u00fcs\u00fc Tarih Ana Bilim Dal\u0131&#8217;nda y\u00fcksek lisans\u0131n\u0131 tamamlad\u0131ktan sonra 1995&#8217;te ayn\u0131 \u00fcniversitenin T\u00fcrkiyat Ara\u015ft\u0131rmalar\u0131 Enstit\u00fcs\u00fc T\u00fcrk Tarihi Ana Bilim Dal\u0131&#8217;ndan doktora derecesini ald\u0131. Ocak 2014&#8217;te Sosyal, Be\u015feri ve \u0130dari Bilimler alan\u0131nda do\u00e7ent unvan\u0131n\u0131 elde eden Eren&#8217;e, \u015eubat 2019&#8217;da ise profes\u00f6r unvan\u0131 verildi.<a href=\"https:\/\/haber.batitrakya.live\/wp-content\/uploads\/2021\/03\/halit_eren_ircica.jpg\"><img loading=\"lazy\" decoding=\"async\" class=\"aligncenter size-large wp-image-33898\" src=\"https:\/\/batitrakya.live\/wp-content\/uploads\/2021\/03\/halit_eren_ircica-663x1024.jpg\" alt=\"\" width=\"663\" height=\"1024\" srcset=\"https:\/\/batitrakya.live\/wp-content\/uploads\/2021\/03\/halit_eren_ircica-663x1024.jpg 663w, https:\/\/batitrakya.live\/wp-content\/uploads\/2021\/03\/halit_eren_ircica-194x300.jpg 194w, https:\/\/batitrakya.live\/wp-content\/uploads\/2021\/03\/halit_eren_ircica-768x1187.jpg 768w, https:\/\/batitrakya.live\/wp-content\/uploads\/2021\/03\/halit_eren_ircica.jpg 856w\" sizes=\"auto, (max-width: 663px) 100vw, 663px\" \/><\/a><br \/>\nHayat\u0131n\u0131n 40 y\u0131l\u0131n\u0131 IRCICA&#8217;da ge\u00e7irdi<\/h3>\n<p>Prof. Dr. Eren, 1981&#8217;de K\u00fct\u00fcphane ve Dok\u00fcmantasyon B\u00f6l\u00fcm Ba\u015fkan\u0131 ve ara\u015ft\u0131rmac\u0131 olarak kat\u0131ld\u0131\u011f\u0131 \u0130slam \u0130\u015fbirli\u011fi Te\u015fkilat\u0131n\u0131n (\u0130\u0130T) ba\u011fl\u0131 kurumlar\u0131ndan IRCICA&#8217;da, 2000-2004 aras\u0131 genel direkt\u00f6r yard\u0131mc\u0131l\u0131\u011f\u0131 g\u00f6revini y\u00fcr\u00fctt\u00fc.<\/p>\n<p>Hayat\u0131n\u0131n 40 y\u0131l\u0131n\u0131 \u0130slam Tarih, sanat ve k\u00fclt\u00fcr Ara\u015ft\u0131rma Merkezi (IRCICA) \u00e7at\u0131s\u0131 alt\u0131nda \u0130slam medeniyetinin hizmetinde ge\u00e7iren Eren, 2005 y\u0131l\u0131ndan itibaren 16 sene genel direkt\u00f6rl\u00fck g\u00f6revini \u00fcstlendi.<\/p>\n<p>G\u00f6rev yapt\u0131\u011f\u0131 s\u00fcre zarf\u0131nda ara\u015ft\u0131rmac\u0131lar i\u00e7in \u00e7ok \u00f6nemli kaynaklar\u0131n olu\u015fturulmas\u0131na gayret eden Eren, uluslararas\u0131 alanda IRCICA&#8217;y\u0131 asl\u0131na ve potansiyeline uygun olarak etkin hale getirirken, \u0130slam d\u00fcnyas\u0131nda referans kabul edilebilecek eserlerin \u00fcretimi i\u00e7in de projeler y\u00fcr\u00fctt\u00fc.<\/p>\n<p>Prof. Dr. Eren, g\u00f6revi boyunca Kud\u00fcs, \u0130slam tarihi ve k\u00fclt\u00fcr miras\u0131 alan\u0131nda ara\u015ft\u0131rmalar, yay\u0131nlar, kongreler ve sergiler d\u00fczenleyerek bu konulara birinci elden kaynaklar\u0131 te\u015fkil eden resmi ar\u015fiv belgelerinin ve kay\u0131tlar\u0131n istifadeye sunulmas\u0131n\u0131 ve bu konulardaki incelemelerin geli\u015ftirilmesini sa\u011flad\u0131.<\/p>\n<p>Bu \u00e7al\u0131\u015fmalardan &#8220;Kud\u00fcs \u015eer&#8217;iyye Sicilleri&#8221; konusunda 2017-2020 d\u00f6neminde yay\u0131mlanan 36 ciltte, birer sicil defteri incelendi. &#8220;Osmanl\u0131 Ar\u015fiv Belgelerinde Kud\u00fcs&#8221; projesinde 2016-2019 aras\u0131nda 9 cilt yay\u0131nlan\u0131rken, Kud\u00fcs tapu kay\u0131tlar\u0131n\u0131n incelemeli edisyonlar\u0131n\u0131n haz\u0131rland\u0131\u011f\u0131 projede ise 2018-2020&#8217;de ilk 3 cilt yay\u0131na haz\u0131rland\u0131. Eren, ayr\u0131ca Kud\u00fcs&#8217;\u00fcn tarihi foto\u011fraflar\u0131yla \u00e7e\u015fitli \u00fclkelerde sergiler d\u00fczenlenmesine destek oldu.<\/p>\n<h3><strong>IRCICA&#8217;da kadim mushaflarla ilgili uzun s\u00fcreli \u00e7al\u0131\u015fma y\u00fcr\u00fct\u00fcld\u00fc<\/strong><\/h3>\n<p>IRCICA bu d\u00f6nemde, Kur&#8217;an-\u0131 Kerim incelemeleri sahas\u0131nda 2007-2020 aras\u0131nda, Dr. Tayyar Alt\u0131kula\u00e7&#8217;\u0131n kadim mushaflar \u00fczerindeki incelemelerinden 11 cildin Arap\u00e7a, T\u00fcrk\u00e7e ve \u0130ngilizce olarak yay\u0131mlanmas\u0131 projesini ger\u00e7ekle\u015ftirdi.<\/p>\n<p>Ayr\u0131ca, 2010-2011 d\u00f6neminin \u0130\u0130T taraf\u0131ndan &#8220;Kur&#8217;an-\u0131 Kerim&#8217;in N\u00fczul\u00fcn\u00fcn 1400. Y\u0131l\u0131&#8221; olarak kutlanmas\u0131 fikrine katk\u0131 veren Prof. Dr. Eren, projenin te\u015fkilat\u00e7a onaylanmas\u0131yla ilgili faaliyetlerin uluslararas\u0131 a\u00e7\u0131l\u0131\u015f konferans\u0131n\u0131 \u0130stanbul&#8217;da d\u00fczenledi.<\/p>\n<p>Eren, 2016&#8217;da Gambiya Cumhurba\u015fkan\u0131&#8217;n\u0131n daveti \u00fczerine &#8220;Ba\u015fkan Yahya Jammeh Uluslararas\u0131 Kuran H\u0131fz\u0131 Yar\u0131\u015fmas\u0131&#8221;n\u0131n Banjul&#8217;da d\u00fczenlenmesi faaliyetine kat\u0131l\u0131rken, \u0130slam tarihi ve medeniyeti alan\u0131nda \u00fcye \u00fclkelerin h\u00fck\u00fcmetleri ve \u00fcniversiteleriyle i\u015f birli\u011fi i\u00e7inde \u00e7ok say\u0131da uluslararas\u0131 akademik toplant\u0131 ger\u00e7ekle\u015ftirdi.<\/p>\n<h3><strong>Bu konferanslar ve konu ald\u0131klar\u0131 b\u00f6lgeler \u015f\u00f6yle:<\/strong><\/h3>\n<p><em>&#8220;Balkanlar ve G\u00fcneydo\u011fu Avrupa (B\u00fckre\u015f 2006, \u00dcsk\u00fcp 2010, Saraybosna 2015); Orta Asya (Astana 2007; Bi\u015fkek 2012); Kafkasya (Bak\u00fc 2019); \u0130dil-Ural (Kazan 2002, 2005, 2012; Ufa 2008, 2010); G\u00fcney Asya (Dhaka 2008; \u0130slamabad\/Ke\u015fmir 2018); Akdeniz (Kuzey K\u0131br\u0131s 2010); Do\u011fu Afrika (Zanzibar 2013); G\u00fcney Afrika (Johannesburg 2006; Durban 2016; \u00e7evrimi\u00e7i konferans 2020); Bat\u0131 Afrika (Nijerya 2018; Nijer 2019); Orta Afrika (\u00c7ad 2019)&#8221;<\/em><\/p>\n<p><strong>Eren ayr\u0131ca, bu konferans dizilerine ek olarak \u00e7e\u015fitli tarih ve k\u00fclt\u00fcr alanlar\u0131nda \u00f6nemli sempozyumlar\u0131n d\u00fczenlenmesini y\u00f6netti. 2005&#8217;te \u015eam&#8217;da &#8220;Bilad-\u0131 \u015eam&#8221;, 2007&#8217;de Kahire&#8217;de &#8220;Osmanl\u0131 d\u00f6neminde M\u0131s\u0131r&#8221; sempozyumlar\u0131n\u0131 y\u00f6neten Eren&#8217;in hayata ge\u00e7irdi\u011fi di\u011fer etkinlikler ise \u015f\u00f6yle:<\/strong><\/p>\n<p><em>&#8220;Osmanl\u0131 d\u00f6neminde Ma\u011frip ve Bat\u0131 Akdeniz&#8221; (Rabat 2009), &#8220;Osmanl\u0131 d\u00f6neminde Yemen&#8221; (Sana 2009), &#8220;Osmanl\u0131 d\u00f6neminde Kud\u00fcs&#8221; (\u015eam 2009), &#8220;Me\u015frutiyet\u2019in 100. Y\u0131l\u0131&#8221; (\u0130stanbul 2008), &#8220;\u0130slam Arkeolojisi&#8221; (\u0130stanbul 2005; \u0130slamabad 2011), &#8220;Turizm ve Geleneksel Elsanatlar\u0131&#8221; (Riyad 2006), &#8220;Elsanatlar\u0131n\u0131n mimari projelerde kullan\u0131m\u0131&#8221; (Tunus 2008), &#8220;Bilad-\u0131 \u015eam mimari miras\u0131&#8221; (Amman 2014), &#8220;Kud\u00fcs \u0130slam miras\u0131n\u0131n korunmas\u0131&#8221; (2014), &#8220;\u0130slam medeniyetinde Konya&#8221; (Konya 2016), &#8220;Kazakistan&#8217;da \u015earkiyat incelemeleri: ba\u015far\u0131lar ve \u00f6ng\u00f6r\u00fcler&#8221; (Almat\u0131 2016), &#8220;Kazakistan&#8217;da elyazmas\u0131 miras\u0131&#8221; (Astana 2018), &#8220;Sadvakas Gilmani ve B\u00fcy\u00fck Bozk\u0131r\u0131n ulemas\u0131&#8221; (Astana 2019), &#8220;Kazakistan&#8217;\u0131n \u0130slam k\u00fclt\u00fcr\u00fcn\u00fcn geli\u015fmesine katk\u0131lar\u0131&#8221; (Astana 2018), &#8220;\u00d6zbekistan&#8217;da \u0130slam incelemeleri&#8221; (Ta\u015fkent 2019), &#8220;\u00d6zbekistan&#8217;da elyazmas\u0131 koleksiyonlar\u0131&#8221; (Semerkant 2019), &#8220;Tacikistan&#8217;da k\u00fclt\u00fcr ve tarih ara\u015ft\u0131rmalar\u0131&#8221; (Du\u015fanbe 2019), &#8220;Orta Asya milletlerinin k\u00fclt\u00fcr\u00fc, dini gelenekleri ve adetleri&#8221; (Ta\u015fkent 2020), &#8220;\u0130slam medeniyeti tarihinde T\u0131rm\u0131z&#8217;\u0131n yeri&#8221; (\u00c7evrimi\u00e7i konferans 2020), &#8220;Tarihin d\u00f6n\u00fcm noktalar\u0131 ve salg\u0131nlar\u0131n tesirleri&#8221; (2020), &#8220;\u0130slam d\u00fcnyas\u0131 \u015fehircilik tarihi ve salg\u0131n sonras\u0131 d\u00f6nem i\u00e7in \u00f6ng\u00f6r\u00fcler&#8221; (2020)&#8221;<\/em><\/p>\n<p>IRCICA&#8217;da ayr\u0131ca, d\u00fcnya medeniyetleri aras\u0131nda k\u00fclt\u00fcr, bilim ve sanat alanlar\u0131ndaki ili\u015fkiler ve kar\u015f\u0131l\u0131kl\u0131 etkile\u015fimler alan\u0131nda uzun d\u00f6nemli ara\u015ft\u0131rma projeleri ve uluslararas\u0131 konferanslar ger\u00e7ekle\u015ftirildi.<\/p>\n<p>Eren&#8217;in bu alandaki faaliyetleri aras\u0131nda, \u0130slam d\u00fcnyas\u0131 ile Bat\u0131 d\u00fcnyas\u0131 aras\u0131ndaki ili\u015fkiler konusunda 2006-2009&#8217;da &#8220;Tarih e\u011fitiminde \u00f6teki imaj\u0131&#8221;, 2009-2012&#8217;de &#8220;Akdeniz b\u00f6lgesi ve \u00e7evresinde ve Akdeniz ile di\u011fer b\u00f6lgeler aras\u0131nda k\u00fclt\u00fcrel etkile\u015fimlerin tarihi&#8221; ba\u015fl\u0131kl\u0131 ara\u015ft\u0131rma programlar\u0131 ve sempozyumlar bulunuyor.<\/p>\n<p>D\u00fcnyada a\u015f\u0131r\u0131 ak\u0131mlar ve ter\u00f6rizm ile m\u00fccadelede k\u00fclt\u00fcrel i\u015f birli\u011finin artt\u0131r\u0131lmas\u0131 amac\u0131yla 2009-2014 d\u00f6neminde BM Medeniyetler \u0130ttifak\u0131 K\u00fcresel Forumlar\u0131nda ve 2013-2017 d\u00f6neminde Bak\u00fc&#8217;de d\u00fczenlenen k\u00fclt\u00fcrleraras\u0131 Diyalog forumlar\u0131nda \u00e7ok k\u00fclt\u00fcrl\u00fc kat\u0131l\u0131mla uluslararas\u0131 oturumlar yapan Eren, \u0130slam d\u00fcnyas\u0131 ile \u00c7in, Kore, Avrupa ve Rusya aras\u0131ndaki ili\u015fkilerin tarihi \u00fczerine konferans dizileri d\u00fczenledi.<\/p>\n<h3><strong>Ulusal ve uluslararas\u0131 alanda g\u00f6revler ald\u0131<\/strong><\/h3>\n<p>\u0130ngiltere T\u00fcrk-\u0130slam Cemiyeti kurucusu ve y\u00f6neticisi, Bat\u0131 Trakya T\u00fcrkleri Dayan\u0131\u015fma Derne\u011fi Y\u00f6netim Kurulu \u00dcyesi ve Genel Ba\u015fkan\u0131, \u0130slam Tarih, sanat ve k\u00fclt\u00fcr Ara\u015ft\u0131rma Vakf\u0131 Genel Sekreteri, T\u00fcrk Bilim Tarihi Kurumu Kurucu \u00dcyesi, Do\u011fu Avrupal\u0131 M\u00fcsl\u00fcman Az\u0131nl\u0131klar Konseyi Kurucu \u00dcyesi ve Dan\u0131\u015fman\u0131, Rumeli E\u011fitim Vakf\u0131 Kurucu \u00dcyesi, T\u00fcrkiye Yedinci Be\u015f Y\u0131ll\u0131k Kalk\u0131nma Plan\u0131 \u0130htisas Komisyonu \u00dcyesi, Bat\u0131 Trakya E\u011fitim, k\u00fclt\u00fcr ve Sa\u011fl\u0131k Vakf\u0131 Kurucu \u00dcyesi ve Ba\u015fkanvekili, Rumeli T\u00fcrkleri k\u00fclt\u00fcr ve Dayan\u0131\u015fma Derne\u011fi \u0130kinci Ba\u015fkan\u0131, Rumeli T\u00fcrkleri k\u00fclt\u00fcr ve Dayan\u0131\u015fma Vakf\u0131 Y\u00f6netim Kurulu \u00dcyesi ve \u0130kinci Ba\u015fkan\u0131, T\u00fcrkiye Cumhuriyeti Devlet Bakanl\u0131\u011f\u0131 Balkan \u00dclkeleri Dan\u0131\u015fman\u0131, T\u00fcrkiye Cumhuriyeti k\u00fclt\u00fcr Bakanl\u0131\u011f\u0131 Milli k\u00fclt\u00fcr \u015euras\u0131 \u00dcyesi ve Balkanlar Medeniyet Merkezi (BALMED) Derne\u011finin Kurucu Ba\u015fkanl\u0131\u011f\u0131 g\u00f6revlerini yapan Eren, 2011&#8217;de UNESCO Milletleraras\u0131 Irak k\u00fclt\u00fcr Miras\u0131n\u0131 Koruma Koordinasyon Komitesi \u00dcyesi se\u00e7ildi.<\/p>\n<p>Eren ayr\u0131ca 2013&#8217;te kurulan T\u00fcrk-Arap Diyalogu Uluslararas\u0131 Birli\u011finin Kurucu \u00dcyesi ve Ba\u015fkan Yard\u0131mc\u0131s\u0131 olarak g\u00f6rev ald\u0131.<\/p>\n<p>Prof. Dr. Halit Eren, &#8220;M\u00fchimme Defterlerinde G\u00fcm\u00fclcine: Ba\u015fbakanl\u0131k Osmanl\u0131 Ar\u015fivi Divan-\u0131 H\u00fcmayun Sicillat\u0131 M\u00fchimme Defterleri: 74-129&#8221;, &#8220;Balkanlar\u2019da Osmanl\u0131 Vak\u0131flar\u0131: Vakfiyeler, Yunanistan&#8221;, &#8220;M\u00fchimme Defterlerinde G\u00fcm\u00fclcine: Ba\u015fbakanl\u0131k Osmanl\u0131 Ar\u015fivi Divan-\u0131 H\u00fcmayun Sicillat\u0131 M\u00fchimme Defterleri: 1-73&#8221;, &#8220;Restoration of Mosques in Bosnia and Herzegovina&#8221;, &#8220;Vakfiyelere G\u00f6re Osmanl\u0131 D\u00f6nemi\u2019nde Bulgaristan&#8217;\u0131n Sosyo-Ekonomik Durumu&#8221;, &#8220;Balkanlar\u2019da Osmanl\u0131 Vak\u0131flar\u0131: Vakfiyeler, Bulgaristan&#8221;, &#8220;World Bibliography of Translations of Meanings of the Holy Qur&#8217;an: Printed Translations 1515-1980&#8221; kitaplar\u0131n\u0131 kaleme al\u0131rken, \u00e7ok say\u0131da makaleye de imza att\u0131.<\/p>\n<p><em>&#8220;G\u00fcm\u00fclcineli Haf\u0131z Galip Efendi&#8221;, &#8220;The Muslim Minority in Bulgaria: A Status Report&#8221;, &#8220;Bat\u0131 Trakya T\u00fcrklerinin E\u011fitim Sorunlar\u0131: \u0130lgili Kanun, Andla\u015fma ve Protokoller&#8221;, &#8220;Cumhuriyet D\u00f6neminde G\u00f6\u00e7 ve \u0130ltica, Tarih Boyunca T\u00fcrklerde \u0130nsani De\u011ferler ve \u0130nsan Haklar\u0131&#8221;, &#8220;Bat\u0131 Trakya&#8221;, &#8220;Balkanlarda T\u00fcrk ve Di\u011fer M\u00fcsl\u00fcman Toplumlar\u0131 ve G\u00f6\u00e7 Olgusu&#8221;, &#8220;Kur&#8217;an&#8217;\u0131n Muhtelif D\u00fcnya Dillerine Terc\u00fcmesi&#8221;, &#8220;Bat\u0131 Trakya&#8217;da T\u00fcrk Vak\u0131flar\u0131: Tarihi S\u00fcre\u00e7 ve Bug\u00fcnk\u00fc Durum&#8221;, &#8220;Ottoman Administration in the Balkans&#8221; makalelerini yay\u0131mlayan Eren ayr\u0131ca &#8220;Osmanl\u0131 Miras\u0131 Bir Medrese \u00d6rne\u011fi: G\u00fcm\u00fclcine Medrese-i Hayriyesi&#8221;, &#8220;Yunanistan: Bat\u0131 Trakya T\u00fcrkleri&#8221;, &#8220;Bat\u0131 Trakya T\u00fcrk Cemaat ve Vak\u0131f \u0130dareleri&#8221;<\/em> adl\u0131 yay\u0131nlar\u0131 da akademi d\u00fcnyas\u0131na kazand\u0131rd\u0131.<\/p>\n<p>\u00c7ok say\u0131da tebli\u011fde de imzas\u0131 bulunan Eren, ulusal ve uluslararas\u0131 alanda bir\u00e7ok kez edit\u00f6rl\u00fck g\u00f6revi \u00fcstlendi.<\/p>\n<h3><strong>\u00c7al\u0131\u015fmalar\u0131 dolay\u0131s\u0131yla \u00e7ok say\u0131da fahri doktora unvan\u0131 ald\u0131<\/strong><\/h3>\n<p>Prof. Dr. Eren&#8217;e, \u0130slam k\u00fclt\u00fcr\u00fc ve sanat\u0131 dal\u0131ndaki sosyal ilimlerin geli\u015ftirilmesine ve uluslararas\u0131 ara\u015ft\u0131rma projelerinin organizasyonunun yan\u0131 s\u0131ra \u00fclkeleraras\u0131 ili\u015fkilere yapt\u0131\u011f\u0131 katk\u0131lardan dolay\u0131 Tataristan \u0130limler Akademisine ba\u011fl\u0131 \u015e. Mercani Tarih Enstit\u00fcs\u00fc taraf\u0131ndan 2006&#8217;da fahri doktora unvan\u0131 verildi.<\/p>\n<p>Tataristan Cumhuriyeti Kazan Federal \u00dcniversitesi taraf\u0131ndan Ekim 2010&#8217;da fahri doktora unvan\u0131na lay\u0131k g\u00f6r\u00fclen Eren&#8217;e, ayn\u0131 d\u00f6nemde Ba\u015fkurdistan Cumhuriyeti Ufa Ba\u015fk\u0131r Devlet \u00dcniversitesince fahri profes\u00f6rl\u00fck unvan\u0131 tevcih edildi.<\/p>\n<p>Aral\u0131k 2006&#8217;da Tataristan&#8217;\u0131n ba\u015fkenti Kazan&#8217;\u0131n geli\u015fmesine yapt\u0131\u011f\u0131 katk\u0131dan dolay\u0131 Rusya Federasyonu Devlet \u00d6d\u00fcl\u00fc Madalyas\u0131 ile taltif edilen Eren, k\u00fclt\u00fcr sahas\u0131ndaki ba\u015far\u0131lar\u0131ndan dolay\u0131 Tataristan Cumhuriyeti k\u00fclt\u00fcr Bakanl\u0131\u011f\u0131 taraf\u0131ndan Eyl\u00fcl 2010&#8217;da madalya ile \u00f6d\u00fcllendirildi.<\/p>\n<p>Eren, 22 \u015eubat 2012&#8217;de \u0130slam k\u00fclt\u00fcr\u00fc, sanat\u0131, medeniyet ve tarih ara\u015ft\u0131rmalar\u0131na ve milletleraras\u0131 k\u00fclt\u00fcrel ili\u015fkilere yapt\u0131\u011f\u0131 katk\u0131lar\u0131yla Umman Sultan\u0131 Kaboos Bin Said taraf\u0131ndan Birinci Derecede Sultan Kaboos k\u00fclt\u00fcr, Bilim ve sanat Ni\u015fan\u0131 ile taltif edildi.<\/p>\n<p>Eren&#8217;e ayr\u0131ca 2019&#8217;da Ta\u015fkent&#8217;teki \u00d6zbekistan Uluslararas\u0131 \u0130slam Akademisi taraf\u0131ndan fahri doktora unvan\u0131 tevcih edildi.<\/p>\n<p>\u0130yi derecede \u0130ngilizce, Arap\u00e7a ve Yunanca bilen Eren, Fars\u00e7a ve Slav dillerini de konu\u015fabiliyor. Evli olan Eren, biri k\u0131z, ikisi erkek \u00fc\u00e7 \u00e7ocuk babas\u0131d\u0131r.<\/p>\n<h3><strong>Kadim mushaflar, Kud\u00fcs \u00e7al\u0131\u015fmalar\u0131 ve Timbuktu yazmalar\u0131 IRCICA&#8217;n\u0131n \u00f6nemli projeleri oldu<\/strong><\/h3>\n<p>Prof. Dr. Halit Eren, g\u00f6rev ald\u0131\u011f\u0131 IRCICA&#8217;da \u00f6nemli projelere imza atarken, projeler sonunda haz\u0131rlanan yay\u0131nlar ve eserler, \u0130slam k\u00fclt\u00fcr, medeniyet ve tarihinde \u00f6nemli bo\u015fluklar\u0131 doldurdu.<\/p>\n<p>Ba\u015fta \u0130slam co\u011frafyas\u0131 olmak \u00fczere pek \u00e7ok b\u00f6lgede \u00e7al\u0131\u015fmalar yap\u0131lmas\u0131na gayret eden Eren, \u0130slam d\u00fcnyas\u0131n\u0131n k\u00fclt\u00fcr ve medeniyet alan\u0131ndaki birli\u011fi i\u00e7in \u00f6nemli eserlerin ortaya \u00e7\u0131kmas\u0131na \u00f6nayak oldu. En eski Kur&#8217;an-\u0131 Kerim n\u00fcshalar\u0131n\u0131n incelenip yay\u0131mlanmas\u0131n\u0131n yan\u0131 s\u0131ra Kud\u00fcs \u015eer&#8217;iyye Sicilleri ve tapu defterleri ile Timbuktu yazmalar\u0131na ili\u015fkin \u00f6nemli \u00e7al\u0131\u015fmalar y\u00fcr\u00fct\u00fcl\u00fcrken, bir yandan da \u0130slam Tarihi ve Medeniyeti Kongreleri&#8217;yle M\u00fcsl\u00fcman alim ve sanat\u00e7\u0131lar bir araya getirildi.<\/p>\n<p>Eren, ayr\u0131ca Osmanl\u0131 Devleti&#8217;nde Arap vilayetlerine ili\u015fkin \u00e7al\u0131\u015fmalar\u0131 ile Osmanl\u0131ca OSR (Optik Karakter Okuma) Projesi, vak\u0131f k\u00fclt\u00fcr\u00fcn\u00fcn Afrika&#8217;ya ta\u015f\u0131nmas\u0131 gibi k\u00fcresel \u00f6l\u00e7ekte projelere de imza att\u0131.<\/p>\n<p>\u0130slam medeniyet haf\u0131zas\u0131na IRCICA faaliyetleriyle katk\u0131 sunmaya \u00e7al\u0131\u015fan Eren, kurum b\u00fcnyesinde \u00e7ok \u00f6nemli foto\u011fraf alb\u00fcmlerinin haz\u0131rlanmas\u0131 i\u00e7in projeler d\u00fczenledi.<\/p>\n<p>Eren, IRCICA&#8217;n\u0131n uluslararas\u0131 alandaki etkinli\u011fini art\u0131racak i\u015f birliklerine \u00f6nem verdi ve \u0130slam sanat\u0131n\u0131n \u00f6nemli alanlar\u0131ndan olan hat konusunda da \u00e7e\u015fitli projeleri hayata ge\u00e7irdi.<\/p>\n<h3><strong>&#8220;Allah&#8217;\u0131n kelam\u0131n\u0131 d\u00fcnyaya yanl\u0131\u015f tan\u0131tmaya \u00e7al\u0131\u015fanlara verilen en g\u00fczel cevap&#8221;<\/strong><\/h3>\n<p>AA muhabirinin sorular\u0131n\u0131 yan\u0131tlayan Prof. Dr. Halit Eren, yap\u0131lan \u00e7al\u0131\u015fmalardan ba\u015fta en eski Kur&#8217;an-\u0131 Kerim n\u00fcshalar\u0131n\u0131n incelenip yay\u0131nlanmas\u0131n\u0131n \u00f6nemini anlatarak, di\u011fer projeler hakk\u0131nda da bilgiler verdi.<\/p>\n<p>Kur&#8217;an-\u0131 Kerim&#8217;le alakal\u0131 \u00e7al\u0131\u015fmalar\u0131n\u0131n merkezin ilk y\u0131llar\u0131ndan itibaren ba\u015flad\u0131\u011f\u0131na dikkati \u00e7eken Eren,<em><strong> &#8220;O projede de ben yer alm\u0131\u015ft\u0131m. Kur&#8217;an-\u0131 Kerim terc\u00fcmelerinin d\u00fcnya dillerindeki bibliyografyas\u0131n\u0131 yay\u0131nlad\u0131k. Ard\u0131ndan yazma halindeki terc\u00fcmelerin kataloglar\u0131n\u0131 yay\u0131nlad\u0131k. T\u00fcrk\u00e7e yazmalar, Fars\u00e7a yazmalar ve Urduca yazmalar gibi projeler devam etti. Bir \u00fc\u00e7\u00fcnc\u00fc safhas\u0131 ise \u015fifahi terc\u00fcmelerdi. Afrika&#8217;da yaz\u0131 gelene\u011fi olmad\u0131\u011f\u0131 i\u00e7in hoca, camide veya medresede oturur, tefsirini, terc\u00fcmesini \u015fifahi olarak yapar, talebeleri de \u00f6yle ezberler. Bunlar\u0131 da tescil ettik. Mahalli Afrika dillerindeki terc\u00fcmeleri kasede tescil ettik. K\u00fct\u00fcphanemizde bunlar da bulunuyor.&#8221;<\/strong> <\/em>diye konu\u015ftu.<\/p>\n<h3>Eren, 2005&#8217;ten sonra g\u00f6revi devral\u0131nca yeni bir proje ba\u015flatt\u0131klar\u0131n\u0131 belirterek, \u015f\u00f6yle devam etti:<\/h3>\n<p><em><strong>&#8220;En eski Kur&#8217;an-\u0131 Kerim n\u00fcshalar\u0131n\u0131n incelenip yay\u0131mlanmas\u0131&#8230; \u00c7\u00fcnk\u00fc biz M\u00fcsl\u00fcman olarak Kur&#8217;an-\u0131 Kerim&#8217;in indi\u011fi gibi muhafaza edildi\u011fine inan\u0131yoruz. &#8216;\u0130nna nahnu nezzelnaz zikre ve inna lehu le hafizun.&#8217; diyor Rabbimiz, Kur&#8217;an-\u0131 Kerim&#8217;de. &#8216;Zikri biz indirdik, onu biz koruyaca\u011f\u0131z.&#8217; diyor. Baz\u0131 m\u00fcste\u015frikler, oryantalistlerin Kur&#8217;an-\u0131 Kerim&#8217;in eski n\u00fcshalar\u0131nda bir hattat oray\u0131 karalam\u0131\u015fsa veya bir yanl\u0131\u015fl\u0131k yapm\u0131\u015f, yeni bir \u015fey yazm\u0131\u015fsa hemen &#8216;Kur&#8217;an-\u0131 Kerim de\u011fi\u015ftirildi, farkl\u0131 n\u00fcshalar var, Hazreti Ali&#8217;nin n\u00fcshas\u0131 farkl\u0131, Hazreti Osman&#8217;\u0131n n\u00fcshas\u0131 farkl\u0131.&#8217; gibi fitne ama\u00e7l\u0131 \u00e7al\u0131\u015fmalar\u0131 var. Bunlara cevap olsun diye bu Kur&#8217;an-\u0131 Kerim&#8217;lerin \u00e7al\u0131\u015fmas\u0131n\u0131 ba\u015flatt\u0131k. \u00d6nce Topkap\u0131 Saray\u0131&#8217;nda Mukaddes Emanetler B\u00f6l\u00fcm\u00fc&#8217;nde bulunan, Hazreti Osman&#8217;a nispet edilen b\u00fcy\u00fck mushaf\u0131 yay\u0131nlad\u0131k. Hem t\u0131pk\u0131bas\u0131m\u0131n\u0131 yapt\u0131k hem de incelemek i\u00e7in elimizdeki mushaflarla kar\u015f\u0131la\u015ft\u0131rmal\u0131 ne\u015frini yapt\u0131k ki bu \u00e7al\u0131\u015fmalar\u0131 da eski Diyanet \u0130\u015fleri Ba\u015fkan\u0131 Tayyar Alt\u0131kula\u00e7 yapt\u0131. Sonra Kahire&#8217;de el-Me\u015fhed&#8217;\u00fcl H\u00fcseyni&#8217;de muhafaza edilen yine Hazreti Osman&#8217;a nispet edilen b\u00fcy\u00fck bir mushaf var. Bunlar\u0131n hepsi derilere yaz\u0131lm\u0131\u015f mushaflar. Onun bir kopyas\u0131n\u0131 ald\u0131k, inceledik ve yay\u0131nlad\u0131k. Daha sonra Hazreti Ali&#8217;ye nispet edilen Sana&#8217;daki mushafa ula\u015ft\u0131k. Yemen&#8217;in eski Cumhurba\u015fkan\u0131 Ali Abdullah Salih\u2019in \u00f6zel izniyle bir kopyas\u0131n\u0131 ald\u0131k. O mushaf incelendi, onu ne\u015frettik. O mushafla Hazreti Osman&#8217;a nispet edilenler kar\u015f\u0131la\u015ft\u0131r\u0131ld\u0131. Onu da ne\u015frettik. Daha sonra Kahire&#8217;de \u0130slam sanatlar\u0131 M\u00fczesi&#8217;nde ba\u015fka bir mushaf vard\u0131. Onu ald\u0131k ve ne\u015frettik. Ard\u0131ndan T\u00fcbingen&#8217;de tam olmasa da k\u0131smi bir mushaf vard\u0131. Baz\u0131 b\u00f6l\u00fcmler g\u00f6t\u00fcr\u00fclm\u00fc\u015f. Oryantalistlerin yapt\u0131\u011f\u0131 i\u015fler, \u0130slam d\u00fcnyas\u0131ndan eserleri g\u00f6t\u00fcrm\u00fc\u015fler. T\u00fcbingen \u00dcniversitesinin k\u00fct\u00fcphanesinde bulunuyordu. En eski mushaflardan biridir. Karbon testinde Hazreti Osman&#8217;\u0131n son d\u00f6nemiyle Emeviler aras\u0131ndaki d\u00f6neme tekab\u00fcl ediyor. Bu n\u00fcshay\u0131 da yine kar\u015f\u0131la\u015ft\u0131rmal\u0131 olarak ne\u015frettik. Daha sonra Fransa Milli K\u00fct\u00fcphanesi, Londra&#8217;da Britanya K\u00fct\u00fcphanesi&#8217;ndeki n\u00fcshalara ula\u015ft\u0131k. Bunlar tam de\u011fil. Berlin&#8217;de bir n\u00fcsha vard\u0131. Bunu da ne\u015frettik. Son olarak da Fahrettin Pa\u015fa&#8217;n\u0131n Medine-i M\u00fcnevvere&#8217;den getirdi\u011fi Mukaddes Emanetler aras\u0131ndaki 1 numaraya kay\u0131tl\u0131 olan &#8216;Medine Mushaf\u0131&#8217;n\u0131 bundan birka\u00e7 ay \u00f6nce ne\u015frettik. Onu da di\u011ferleriyle kar\u015f\u0131la\u015ft\u0131rd\u0131k. B\u00fct\u00fcn bu mushaflar bizim tarihi miras\u0131m\u0131z, iftihar vesilesi.&#8221;<\/strong><\/em><\/p>\n<p>Kur&#8217;an-\u0131 Kerim&#8217;in Hazreti Muhammed&#8217;e (sav) nazil oldu\u011fu \u015fekilde bug\u00fcne kadar hem haf\u0131zlar taraf\u0131ndan hem tevat\u00fcren nakledildi\u011fini vurgulayan Eren, <em><strong>&#8220;Hi\u00e7bir harfi, hi\u00e7bir k\u0131raat \u015fekline halel gelmeden g\u00fcn\u00fcm\u00fcze kadar ula\u015ft\u0131. G\u00fcn\u00fcm\u00fczdeki ilmi ara\u015ft\u0131rma metotlar\u0131na uygun olarak bunlar\u0131n bu \u015fekilde ne\u015fri de ilim d\u00fcnyas\u0131na \u00f6nemli bir katk\u0131 sa\u011flayacakt\u0131r. Kur&#8217;an-\u0131 Kerim&#8217;in eski n\u00fcshalar\u0131nda hattatlar yazarken bir kelimeyi unutuyor, sonra k\u00fc\u00e7\u00fck bir \u00e7\u0131k\u0131nt\u0131 yaparak oraya ilave ediyor. Hattat kelimeyi yazarken hata yap\u0131yor, onu d\u00fczeltiyor, \u00fczerini temizleyip yeniden yaz\u0131yor. Bat\u0131&#8217;da eski n\u00fcshalarda bu t\u00fcr d\u00fczeltmeleri ele alarak &#8216;Kur&#8217;an-\u0131 Kerim de\u011fi\u015fime u\u011fram\u0131\u015ft\u0131r.'(!) iddialar\u0131nda, hezeyanlar\u0131nda bulunan birileri \u00e7\u0131kt\u0131. Nitekim onlara da bir cevap verdik. &#8216;Reddiye&#8217; diye yay\u0131n\u0131m\u0131z da geldi. Hem T\u00fcrk\u00e7e hem de \u0130ngilizce bunu yay\u0131nlad\u0131k. Bu \u00e7al\u0131\u015fmalar\u0131 yapana da n\u00fcshalar\u0131 g\u00f6nderdik. Bunu da yine Tayyar Hocam\u0131z titizlikle yapt\u0131.&#8221;<\/strong><\/em> ifadelerini kulland\u0131.<\/p>\n<p>Bu \u00e7al\u0131\u015fmalar\u0131 miraslar\u0131n\u0131, de\u011ferlerini ve mukaddesatlar\u0131n\u0131 korumak i\u00e7in yapt\u0131klar\u0131na i\u015faret eden Eren,<em><strong> &#8220;Bu merkezin yapt\u0131\u011f\u0131 belki de en \u00f6nemli i\u015flerin ba\u015f\u0131nda bu gelir diye d\u00fc\u015f\u00fcn\u00fcyorum. \u00c7\u00fcnk\u00fc bu Allah&#8217;\u0131n kelam\u0131n\u0131 d\u00fcnyaya yanl\u0131\u015f tan\u0131tmaya \u00e7al\u0131\u015fanlara verilen en g\u00fczel cevap.&#8221;<\/strong><\/em> dedi.<\/p>\n<h3><strong>&#8220;Kud\u00fcs&#8217;\u00fcn haf\u0131zas\u0131 ortaya \u00e7\u0131kar\u0131l\u0131yor&#8221;<\/strong><\/h3>\n<p>Vazifeye ba\u015flamadan \u00f6nce Mostar&#8217;la alakal\u0131 bir projeleri bulundu\u011funu anlatan Eren, s\u00f6zlerini \u015f\u00f6yle s\u00fcrd\u00fcrd\u00fc:<\/p>\n<p><em><strong>&#8220;Mostar, sava\u015f s\u0131ras\u0131nda y\u0131k\u0131l\u0131nca, k\u00f6pr\u00fcn\u00fcn yeniden in\u015fas\u0131 ve ihyas\u0131 i\u00e7in proje ba\u015flatt\u0131k. O proje \u00f6rnek oldu. 2005&#8217;ten sonra benzer bir projeyi de Kud\u00fcs i\u00e7in yapt\u0131m. Her yaz Kud\u00fcs&#8217;te yaz okullar\u0131 yapt\u0131k. D\u00fcnyan\u0131n \u00e7e\u015fitli \u00fcniversitelerinden y\u00fcksek lisans ve doktora \u00f6\u011frencilerini orada toplad\u0131k.<\/strong><\/em><\/p>\n<p><em><strong> Tarihi eserlerin r\u00f6l\u00f6velerini \u00e7\u0131kard\u0131k. Onlarla ilgili \u00e7al\u0131\u015fma ve seminerler yapt\u0131k. Raporlar haz\u0131rlad\u0131k. Bu uzun bir projeydi. Ard\u0131ndan Sultan 2. Abd\u00fclhamid d\u00f6nemindeki tarihi foto\u011fraflarla Kud\u00fcs projesini yapt\u0131k. Bunun kitab\u0131n\u0131 yay\u0131nlad\u0131k. Bu da tabii b\u00fcy\u00fck bir yank\u0131 uyand\u0131rd\u0131. <\/strong><\/em><\/p>\n<p><em><strong>Devlet ba\u015fkanlar\u0131na ve bakanlara da\u011f\u0131tt\u0131k. Osmanl\u0131 ar\u015fivlerinde m\u00fchimme defterlerinden bulunan Kud\u00fcs&#8217;le alakal\u0131 b\u00fct\u00fcn kararlar\u0131 ne\u015frettik, bunlar\u0131 transkribe ettik. \u0130ngilizce, Arap\u00e7a ve T\u00fcrk\u00e7e \u00f6zetlerini vermek suretiyle 9 cilt halinde yay\u0131nlad\u0131k. Bilim d\u00fcnyas\u0131 i\u00e7in ciddi bir katk\u0131 oldu.&#8221;<\/strong><\/em><\/p>\n<p>Eren, daha sonra da b\u00fct\u00fcn sosyal hayat\u0131 ilgilendiren, g\u00fcnl\u00fck hayata dair her \u015feyin yer ald\u0131\u011f\u0131 \u015eer&#8217;iyye Sicilleri&#8217;ni ele ald\u0131klar\u0131n\u0131 belirterek, &#8220;G\u00fcnl\u00fck hayatla ilgili b\u00fct\u00fcn konular orada vard\u0131. Onlar\u0131 yay\u0131nlad\u0131k. \u015eu ana kadar 36 cilt yay\u0131nlad\u0131k.&#8221; dedi. Kud\u00fcs&#8217;le alakal\u0131 kar\u015f\u0131la\u015ft\u0131rmal\u0131 yeni bir alb\u00fcm yapt\u0131klar\u0131n\u0131 da s\u00f6yleyen Eren, eski foto\u011fraflarla ayn\u0131 a\u00e7\u0131dan \u00e7ekilmi\u015f yeni foto\u011fraflar\u0131 ve Kud\u00fcs&#8217;le alakal\u0131 kartpostallar\u0131 da yay\u0131nlad\u0131klar\u0131n\u0131 anlatt\u0131.<\/p>\n<p>Kud\u00fcs&#8217;\u00fcn ve Filistin&#8217;in tapu defterleri \u00fczerinde yay\u0131n\u0131 hedefleyen bir \u00e7al\u0131\u015fma ba\u015flatt\u0131klar\u0131n\u0131 aktaran Eren, <em><strong>&#8220;6 ki\u015fi tamamen bu defterler \u00fczerinde \u00e7al\u0131\u015f\u0131yor. Bunlar\u0131 bilgisayar ortam\u0131na aktar\u0131yoruz, sonras\u0131nda de\u011ferlendirmelerini yapaca\u011f\u0131z. Kud\u00fcs&#8217;le alakal\u0131 tapu defterlerinin ard\u0131ndan b\u00fct\u00fcn Filistin&#8217;le ilgili tapu defterleri yay\u0131nlanacak. 260 k\u00fcsur defter var Filistin&#8217;le ilgili.&#8221;<\/strong><\/em> diye konu\u015ftu.<\/p>\n<h3>Timbuktu yazmalar\u0131<\/h3>\n<p>Farkl\u0131 co\u011frafyalardaki el yazmalar\u0131yla ilgili projelerine de de\u011finen Eren, <em><strong>&#8220;El yazmalar\u0131yla alakal\u0131 \u00e7al\u0131\u015fmalar\u0131m\u0131z kataloglarla ba\u015flad\u0131. De\u011fi\u015fik koleksiyonlar\u0131n kataloglar\u0131n\u0131 haz\u0131rlad\u0131k. Son y\u0131llarda Orta Asya&#8217;da yazmalar&#8230; O b\u00f6lgede \u00d6zbekistan&#8217;da bir seminer yapt\u0131k. 60 kadar bilim insan\u0131 ve yazma koleksiyonu sahibi kat\u0131ld\u0131. O b\u00f6lgelerdeki yazmalar\u0131n ortaya \u00e7\u0131kar\u0131lmas\u0131, kataloglanmas\u0131 konusunda \u00e7al\u0131\u015fmalar yap\u0131yoruz. \u00d6zbekistan, K\u0131rg\u0131zistan, Tacikistan, Kazakistan&#8217;da bunlar\u0131 yapt\u0131k.&#8221;<\/strong> <\/em>de\u011ferlendirmesinde bulundu.<\/p>\n<p>Yazmalarla alakal\u0131 en \u00f6nemli projelerinden birinin Timbuktu yazmalar\u0131 oldu\u011funu vurgulayan Eren, \u015funlar\u0131 kaydetti:<\/p>\n<p><em><strong>&#8220;Burada 300 binden fazla yazma var. Bu yazmalar Timbuktu&#8217;da muhafaza ediliyordu. Ahmet Baba Merkezi adl\u0131 resmi bir kurumda, bir k\u0131sm\u0131 da 25 kadar \u015fahs\u0131n aile koleksiyonlar\u0131ndayd\u0131. B\u00fcy\u00fck k\u0131sm\u0131 aile koleksiyonlar\u0131yd\u0131. Bu yazmalar son y\u0131llarda Timbuktu&#8217;da ter\u00f6r olaylar\u0131n\u0131n artmas\u0131 \u00fczerine Bamako&#8217;ya ta\u015f\u0131nd\u0131. Mali k\u00fclt\u00fcr Bakan\u0131 ile oray\u0131 ziyaret ettim. Birle\u015fmi\u015f Milletler u\u00e7a\u011f\u0131yla oraya gittik. Ziyaretin ard\u0131ndan Bamako&#8217;da muhafaza edildikleri yerleri gezdik. \u0130htiya\u00e7lar\u0131n\u0131n kar\u015f\u0131lanmas\u0131 i\u00e7in IRCICA destek verdi. 11 ki\u015fiyi istihdam ettik. Onlar\u0131 dijital ortama aktarma i\u015fini yapt\u0131lar. Yar\u0131dan fazlas\u0131 dijitale aktar\u0131ld\u0131, bu yazmalar\u0131n. \u015eimdi de onlar\u0131n muhafaza edilmesi i\u00e7in yeni bir yere ihtiya\u00e7lar\u0131 var. Bunun i\u00e7in proje geli\u015ftirmeye \u00e7al\u0131\u015f\u0131yoruz.&#8221;<\/strong><\/em><\/p>\n","protected":false},"excerpt":{"rendered":"<p>\u0130slam Tarih, sanat ve k\u00fclt\u00fcr Ara\u015ft\u0131rma Merkezinin Genel Direkt\u00f6rl\u00fc\u011f\u00fcn\u00fc 16 y\u0131l y\u00fcr\u00fcten Prof. Dr. Halit Eren, 1981&#8217;den itibaren \u00e7al\u0131\u015fmaya ba\u015flad\u0131\u011f\u0131 kurumda hayata ge\u00e7irdi\u011fi projelerle \u0130slam k\u00fclt\u00fcr ve medeniyetine \u00f6nemli katk\u0131 sundu. 1953 y\u0131l\u0131nda G\u00fcm\u00fclcine&#8217;de (Bat\u0131 Trakya, Yunanistan) d\u00fcnyaya gelen Prof. Dr. Halit Eren, ilk ve orta tahsilini Bat\u0131 Trakya&#8217;da, lise \u00f6\u011frenimini Sakarya \u0130mam Hatip Lisesi\u2019nde, &hellip;<\/p>\n","protected":false},"author":1,"featured_media":33899,"comment_status":"open","ping_status":"open","sticky":false,"template":"","format":"standard","meta":{"footnotes":""},"categories":[49,29],"tags":[237,441],"class_list":["post-33896","post","type-post","status-publish","format-standard","has-post-thumbnail","hentry","category-editorun-sectikleri","category-dunya-gundem","tag-eren","tag-ircica"],"yoast_head":"<!-- This site is optimized with the Yoast SEO Premium plugin v26.3 (Yoast SEO v27.3) - https:\/\/yoast.com\/product\/yoast-seo-premium-wordpress\/ -->\n<title>Prof. Dr. Halit Eren: \u0130slam k\u00fclt\u00fcr, sanat ve tarihine adanan 40 y\u0131l... - Bat\u0131 Trakya Haber<\/title>\n<meta name=\"description\" content=\"Prof. Dr. Halit Eren: \u0130slam k\u00fclt\u00fcr, sanat ve tarihine adanan 40 y\u0131l\" \/>\n<meta name=\"robots\" content=\"index, follow, max-snippet:-1, max-image-preview:large, max-video-preview:-1\" \/>\n<link rel=\"canonical\" href=\"https:\/\/batitrakya.live\/index.php\/prof-dr-halit-eren-islam-kultur-sanat-ve-tarihine-adanan-40-yil\/\" \/>\n<meta property=\"og:locale\" content=\"tr_TR\" \/>\n<meta property=\"og:type\" content=\"article\" \/>\n<meta property=\"og:title\" content=\"Prof. Dr. Halit Eren: \u0130slam k\u00fclt\u00fcr, sanat ve tarihine adanan 40 y\u0131l...\" \/>\n<meta property=\"og:description\" content=\"Prof. Dr. Halit Eren: \u0130slam k\u00fclt\u00fcr, sanat ve tarihine adanan 40 y\u0131l\" \/>\n<meta property=\"og:url\" content=\"https:\/\/batitrakya.live\/index.php\/prof-dr-halit-eren-islam-kultur-sanat-ve-tarihine-adanan-40-yil\/\" \/>\n<meta property=\"og:site_name\" content=\"Bat\u0131 Trakya Haber\" \/>\n<meta property=\"article:published_time\" content=\"2021-03-20T16:44:13+00:00\" \/>\n<meta property=\"og:image\" content=\"https:\/\/batitrakya.live\/wp-content\/uploads\/2021\/03\/halit_eren.jpg\" \/>\n\t<meta property=\"og:image:width\" content=\"720\" \/>\n\t<meta property=\"og:image:height\" content=\"348\" \/>\n\t<meta property=\"og:image:type\" content=\"image\/jpeg\" \/>\n<meta name=\"author\" content=\"tamer\" \/>\n<meta name=\"twitter:card\" content=\"summary_large_image\" \/>\n<meta name=\"twitter:label1\" content=\"Yazan:\" \/>\n\t<meta name=\"twitter:data1\" content=\"tamer\" \/>\n\t<meta name=\"twitter:label2\" content=\"Tahmini okuma s\u00fcresi\" \/>\n\t<meta name=\"twitter:data2\" content=\"11 dakika\" \/>\n<script type=\"application\/ld+json\" class=\"yoast-schema-graph\">{\"@context\":\"https:\\\/\\\/schema.org\",\"@graph\":[{\"@type\":\"Article\",\"@id\":\"https:\\\/\\\/batitrakya.live\\\/index.php\\\/prof-dr-halit-eren-islam-kultur-sanat-ve-tarihine-adanan-40-yil\\\/#article\",\"isPartOf\":{\"@id\":\"https:\\\/\\\/batitrakya.live\\\/index.php\\\/prof-dr-halit-eren-islam-kultur-sanat-ve-tarihine-adanan-40-yil\\\/\"},\"author\":{\"name\":\"tamer\",\"@id\":\"https:\\\/\\\/batitrakya.live\\\/#\\\/schema\\\/person\\\/61b86abbc19e5fa0bbc3059670546fe5\"},\"headline\":\"Prof. Dr. Halit Eren: \u0130slam k\u00fclt\u00fcr, sanat ve tarihine adanan 40 y\u0131l&#8230;\",\"datePublished\":\"2021-03-20T16:44:13+00:00\",\"mainEntityOfPage\":{\"@id\":\"https:\\\/\\\/batitrakya.live\\\/index.php\\\/prof-dr-halit-eren-islam-kultur-sanat-ve-tarihine-adanan-40-yil\\\/\"},\"wordCount\":3495,\"commentCount\":0,\"image\":{\"@id\":\"https:\\\/\\\/batitrakya.live\\\/index.php\\\/prof-dr-halit-eren-islam-kultur-sanat-ve-tarihine-adanan-40-yil\\\/#primaryimage\"},\"thumbnailUrl\":\"https:\\\/\\\/batitrakya.live\\\/wp-content\\\/uploads\\\/2021\\\/03\\\/halit_eren.jpg\",\"keywords\":[\"Eren\",\"IRCICA\"],\"articleSection\":[\"Edit\u00f6r\u00fcn Se\u00e7tikleri\",\"T\u00fcrkiye | D\u00fcnya | G\u00fcndem\"],\"inLanguage\":\"tr\",\"potentialAction\":[{\"@type\":\"CommentAction\",\"name\":\"Comment\",\"target\":[\"https:\\\/\\\/batitrakya.live\\\/index.php\\\/prof-dr-halit-eren-islam-kultur-sanat-ve-tarihine-adanan-40-yil\\\/#respond\"]}],\"copyrightYear\":\"2021\",\"copyrightHolder\":{\"@id\":\"https:\\\/\\\/batitrakya.live\\\/#organization\"}},{\"@type\":\"WebPage\",\"@id\":\"https:\\\/\\\/batitrakya.live\\\/index.php\\\/prof-dr-halit-eren-islam-kultur-sanat-ve-tarihine-adanan-40-yil\\\/\",\"url\":\"https:\\\/\\\/batitrakya.live\\\/index.php\\\/prof-dr-halit-eren-islam-kultur-sanat-ve-tarihine-adanan-40-yil\\\/\",\"name\":\"Prof. Dr. Halit Eren: \u0130slam k\u00fclt\u00fcr, sanat ve tarihine adanan 40 y\u0131l... - Bat\u0131 Trakya Haber\",\"isPartOf\":{\"@id\":\"https:\\\/\\\/batitrakya.live\\\/#website\"},\"primaryImageOfPage\":{\"@id\":\"https:\\\/\\\/batitrakya.live\\\/index.php\\\/prof-dr-halit-eren-islam-kultur-sanat-ve-tarihine-adanan-40-yil\\\/#primaryimage\"},\"image\":{\"@id\":\"https:\\\/\\\/batitrakya.live\\\/index.php\\\/prof-dr-halit-eren-islam-kultur-sanat-ve-tarihine-adanan-40-yil\\\/#primaryimage\"},\"thumbnailUrl\":\"https:\\\/\\\/batitrakya.live\\\/wp-content\\\/uploads\\\/2021\\\/03\\\/halit_eren.jpg\",\"datePublished\":\"2021-03-20T16:44:13+00:00\",\"author\":{\"@id\":\"https:\\\/\\\/batitrakya.live\\\/#\\\/schema\\\/person\\\/61b86abbc19e5fa0bbc3059670546fe5\"},\"description\":\"Prof. Dr. Halit Eren: \u0130slam k\u00fclt\u00fcr, sanat ve tarihine adanan 40 y\u0131l\",\"breadcrumb\":{\"@id\":\"https:\\\/\\\/batitrakya.live\\\/index.php\\\/prof-dr-halit-eren-islam-kultur-sanat-ve-tarihine-adanan-40-yil\\\/#breadcrumb\"},\"inLanguage\":\"tr\",\"potentialAction\":[{\"@type\":\"ReadAction\",\"target\":[\"https:\\\/\\\/batitrakya.live\\\/index.php\\\/prof-dr-halit-eren-islam-kultur-sanat-ve-tarihine-adanan-40-yil\\\/\"]}]},{\"@type\":\"ImageObject\",\"inLanguage\":\"tr\",\"@id\":\"https:\\\/\\\/batitrakya.live\\\/index.php\\\/prof-dr-halit-eren-islam-kultur-sanat-ve-tarihine-adanan-40-yil\\\/#primaryimage\",\"url\":\"https:\\\/\\\/batitrakya.live\\\/wp-content\\\/uploads\\\/2021\\\/03\\\/halit_eren.jpg\",\"contentUrl\":\"https:\\\/\\\/batitrakya.live\\\/wp-content\\\/uploads\\\/2021\\\/03\\\/halit_eren.jpg\",\"width\":720,\"height\":348},{\"@type\":\"BreadcrumbList\",\"@id\":\"https:\\\/\\\/batitrakya.live\\\/index.php\\\/prof-dr-halit-eren-islam-kultur-sanat-ve-tarihine-adanan-40-yil\\\/#breadcrumb\",\"itemListElement\":[{\"@type\":\"ListItem\",\"position\":1,\"name\":\"Anasayfa\",\"item\":\"https:\\\/\\\/batitrakya.live\\\/\"},{\"@type\":\"ListItem\",\"position\":2,\"name\":\"Prof. Dr. Halit Eren: \u0130slam k\u00fclt\u00fcr, sanat ve tarihine adanan 40 y\u0131l&#8230;\"}]},{\"@type\":\"WebSite\",\"@id\":\"https:\\\/\\\/batitrakya.live\\\/#website\",\"url\":\"https:\\\/\\\/batitrakya.live\\\/\",\"name\":\"Bat\u0131 Trakya Haber\",\"description\":\"Bat\u0131 Trakyan\u0131n internetteki sesi..\",\"potentialAction\":[{\"@type\":\"SearchAction\",\"target\":{\"@type\":\"EntryPoint\",\"urlTemplate\":\"https:\\\/\\\/batitrakya.live\\\/?s={search_term_string}\"},\"query-input\":{\"@type\":\"PropertyValueSpecification\",\"valueRequired\":true,\"valueName\":\"search_term_string\"}}],\"inLanguage\":\"tr\"},{\"@type\":\"Person\",\"@id\":\"https:\\\/\\\/batitrakya.live\\\/#\\\/schema\\\/person\\\/61b86abbc19e5fa0bbc3059670546fe5\",\"name\":\"tamer\",\"image\":{\"@type\":\"ImageObject\",\"inLanguage\":\"tr\",\"@id\":\"https:\\\/\\\/secure.gravatar.com\\\/avatar\\\/60b0ff14c4376999cea9565d28b91fc61ff0f727c28cd083506a6d83ad6df9c9?s=96&d=mm&r=g\",\"url\":\"https:\\\/\\\/secure.gravatar.com\\\/avatar\\\/60b0ff14c4376999cea9565d28b91fc61ff0f727c28cd083506a6d83ad6df9c9?s=96&d=mm&r=g\",\"contentUrl\":\"https:\\\/\\\/secure.gravatar.com\\\/avatar\\\/60b0ff14c4376999cea9565d28b91fc61ff0f727c28cd083506a6d83ad6df9c9?s=96&d=mm&r=g\",\"caption\":\"tamer\"},\"sameAs\":[\"https:\\\/\\\/batitrakya.live\"],\"url\":\"https:\\\/\\\/batitrakya.live\\\/index.php\\\/author\\\/tamer\\\/\"}]}<\/script>\n<!-- \/ Yoast SEO Premium plugin. -->","yoast_head_json":{"title":"Prof. Dr. Halit Eren: \u0130slam k\u00fclt\u00fcr, sanat ve tarihine adanan 40 y\u0131l... - Bat\u0131 Trakya Haber","description":"Prof. Dr. Halit Eren: \u0130slam k\u00fclt\u00fcr, sanat ve tarihine adanan 40 y\u0131l","robots":{"index":"index","follow":"follow","max-snippet":"max-snippet:-1","max-image-preview":"max-image-preview:large","max-video-preview":"max-video-preview:-1"},"canonical":"https:\/\/batitrakya.live\/index.php\/prof-dr-halit-eren-islam-kultur-sanat-ve-tarihine-adanan-40-yil\/","og_locale":"tr_TR","og_type":"article","og_title":"Prof. Dr. Halit Eren: \u0130slam k\u00fclt\u00fcr, sanat ve tarihine adanan 40 y\u0131l...","og_description":"Prof. Dr. Halit Eren: \u0130slam k\u00fclt\u00fcr, sanat ve tarihine adanan 40 y\u0131l","og_url":"https:\/\/batitrakya.live\/index.php\/prof-dr-halit-eren-islam-kultur-sanat-ve-tarihine-adanan-40-yil\/","og_site_name":"Bat\u0131 Trakya Haber","article_published_time":"2021-03-20T16:44:13+00:00","og_image":[{"width":720,"height":348,"url":"https:\/\/batitrakya.live\/wp-content\/uploads\/2021\/03\/halit_eren.jpg","type":"image\/jpeg"}],"author":"tamer","twitter_card":"summary_large_image","twitter_misc":{"Yazan:":"tamer","Tahmini okuma s\u00fcresi":"11 dakika"},"schema":{"@context":"https:\/\/schema.org","@graph":[{"@type":"Article","@id":"https:\/\/batitrakya.live\/index.php\/prof-dr-halit-eren-islam-kultur-sanat-ve-tarihine-adanan-40-yil\/#article","isPartOf":{"@id":"https:\/\/batitrakya.live\/index.php\/prof-dr-halit-eren-islam-kultur-sanat-ve-tarihine-adanan-40-yil\/"},"author":{"name":"tamer","@id":"https:\/\/batitrakya.live\/#\/schema\/person\/61b86abbc19e5fa0bbc3059670546fe5"},"headline":"Prof. Dr. Halit Eren: \u0130slam k\u00fclt\u00fcr, sanat ve tarihine adanan 40 y\u0131l&#8230;","datePublished":"2021-03-20T16:44:13+00:00","mainEntityOfPage":{"@id":"https:\/\/batitrakya.live\/index.php\/prof-dr-halit-eren-islam-kultur-sanat-ve-tarihine-adanan-40-yil\/"},"wordCount":3495,"commentCount":0,"image":{"@id":"https:\/\/batitrakya.live\/index.php\/prof-dr-halit-eren-islam-kultur-sanat-ve-tarihine-adanan-40-yil\/#primaryimage"},"thumbnailUrl":"https:\/\/batitrakya.live\/wp-content\/uploads\/2021\/03\/halit_eren.jpg","keywords":["Eren","IRCICA"],"articleSection":["Edit\u00f6r\u00fcn Se\u00e7tikleri","T\u00fcrkiye | D\u00fcnya | G\u00fcndem"],"inLanguage":"tr","potentialAction":[{"@type":"CommentAction","name":"Comment","target":["https:\/\/batitrakya.live\/index.php\/prof-dr-halit-eren-islam-kultur-sanat-ve-tarihine-adanan-40-yil\/#respond"]}],"copyrightYear":"2021","copyrightHolder":{"@id":"https:\/\/batitrakya.live\/#organization"}},{"@type":"WebPage","@id":"https:\/\/batitrakya.live\/index.php\/prof-dr-halit-eren-islam-kultur-sanat-ve-tarihine-adanan-40-yil\/","url":"https:\/\/batitrakya.live\/index.php\/prof-dr-halit-eren-islam-kultur-sanat-ve-tarihine-adanan-40-yil\/","name":"Prof. Dr. Halit Eren: \u0130slam k\u00fclt\u00fcr, sanat ve tarihine adanan 40 y\u0131l... - Bat\u0131 Trakya Haber","isPartOf":{"@id":"https:\/\/batitrakya.live\/#website"},"primaryImageOfPage":{"@id":"https:\/\/batitrakya.live\/index.php\/prof-dr-halit-eren-islam-kultur-sanat-ve-tarihine-adanan-40-yil\/#primaryimage"},"image":{"@id":"https:\/\/batitrakya.live\/index.php\/prof-dr-halit-eren-islam-kultur-sanat-ve-tarihine-adanan-40-yil\/#primaryimage"},"thumbnailUrl":"https:\/\/batitrakya.live\/wp-content\/uploads\/2021\/03\/halit_eren.jpg","datePublished":"2021-03-20T16:44:13+00:00","author":{"@id":"https:\/\/batitrakya.live\/#\/schema\/person\/61b86abbc19e5fa0bbc3059670546fe5"},"description":"Prof. Dr. Halit Eren: \u0130slam k\u00fclt\u00fcr, sanat ve tarihine adanan 40 y\u0131l","breadcrumb":{"@id":"https:\/\/batitrakya.live\/index.php\/prof-dr-halit-eren-islam-kultur-sanat-ve-tarihine-adanan-40-yil\/#breadcrumb"},"inLanguage":"tr","potentialAction":[{"@type":"ReadAction","target":["https:\/\/batitrakya.live\/index.php\/prof-dr-halit-eren-islam-kultur-sanat-ve-tarihine-adanan-40-yil\/"]}]},{"@type":"ImageObject","inLanguage":"tr","@id":"https:\/\/batitrakya.live\/index.php\/prof-dr-halit-eren-islam-kultur-sanat-ve-tarihine-adanan-40-yil\/#primaryimage","url":"https:\/\/batitrakya.live\/wp-content\/uploads\/2021\/03\/halit_eren.jpg","contentUrl":"https:\/\/batitrakya.live\/wp-content\/uploads\/2021\/03\/halit_eren.jpg","width":720,"height":348},{"@type":"BreadcrumbList","@id":"https:\/\/batitrakya.live\/index.php\/prof-dr-halit-eren-islam-kultur-sanat-ve-tarihine-adanan-40-yil\/#breadcrumb","itemListElement":[{"@type":"ListItem","position":1,"name":"Anasayfa","item":"https:\/\/batitrakya.live\/"},{"@type":"ListItem","position":2,"name":"Prof. Dr. Halit Eren: \u0130slam k\u00fclt\u00fcr, sanat ve tarihine adanan 40 y\u0131l&#8230;"}]},{"@type":"WebSite","@id":"https:\/\/batitrakya.live\/#website","url":"https:\/\/batitrakya.live\/","name":"Bat\u0131 Trakya Haber","description":"Bat\u0131 Trakyan\u0131n internetteki sesi..","potentialAction":[{"@type":"SearchAction","target":{"@type":"EntryPoint","urlTemplate":"https:\/\/batitrakya.live\/?s={search_term_string}"},"query-input":{"@type":"PropertyValueSpecification","valueRequired":true,"valueName":"search_term_string"}}],"inLanguage":"tr"},{"@type":"Person","@id":"https:\/\/batitrakya.live\/#\/schema\/person\/61b86abbc19e5fa0bbc3059670546fe5","name":"tamer","image":{"@type":"ImageObject","inLanguage":"tr","@id":"https:\/\/secure.gravatar.com\/avatar\/60b0ff14c4376999cea9565d28b91fc61ff0f727c28cd083506a6d83ad6df9c9?s=96&d=mm&r=g","url":"https:\/\/secure.gravatar.com\/avatar\/60b0ff14c4376999cea9565d28b91fc61ff0f727c28cd083506a6d83ad6df9c9?s=96&d=mm&r=g","contentUrl":"https:\/\/secure.gravatar.com\/avatar\/60b0ff14c4376999cea9565d28b91fc61ff0f727c28cd083506a6d83ad6df9c9?s=96&d=mm&r=g","caption":"tamer"},"sameAs":["https:\/\/batitrakya.live"],"url":"https:\/\/batitrakya.live\/index.php\/author\/tamer\/"}]}},"_links":{"self":[{"href":"https:\/\/batitrakya.live\/index.php\/wp-json\/wp\/v2\/posts\/33896","targetHints":{"allow":["GET"]}}],"collection":[{"href":"https:\/\/batitrakya.live\/index.php\/wp-json\/wp\/v2\/posts"}],"about":[{"href":"https:\/\/batitrakya.live\/index.php\/wp-json\/wp\/v2\/types\/post"}],"author":[{"embeddable":true,"href":"https:\/\/batitrakya.live\/index.php\/wp-json\/wp\/v2\/users\/1"}],"replies":[{"embeddable":true,"href":"https:\/\/batitrakya.live\/index.php\/wp-json\/wp\/v2\/comments?post=33896"}],"version-history":[{"count":0,"href":"https:\/\/batitrakya.live\/index.php\/wp-json\/wp\/v2\/posts\/33896\/revisions"}],"wp:featuredmedia":[{"embeddable":true,"href":"https:\/\/batitrakya.live\/index.php\/wp-json\/wp\/v2\/media\/33899"}],"wp:attachment":[{"href":"https:\/\/batitrakya.live\/index.php\/wp-json\/wp\/v2\/media?parent=33896"}],"wp:term":[{"taxonomy":"category","embeddable":true,"href":"https:\/\/batitrakya.live\/index.php\/wp-json\/wp\/v2\/categories?post=33896"},{"taxonomy":"post_tag","embeddable":true,"href":"https:\/\/batitrakya.live\/index.php\/wp-json\/wp\/v2\/tags?post=33896"}],"curies":[{"name":"wp","href":"https:\/\/api.w.org\/{rel}","templated":true}]}}