{"id":33870,"date":"2021-03-19T18:10:27","date_gmt":"2021-03-19T15:10:27","guid":{"rendered":"https:\/\/batitrakya.live\/?p=33870"},"modified":"2021-03-19T18:10:27","modified_gmt":"2021-03-19T15:10:27","slug":"metropolitinin-gorevi-alma-torenine-icin-bakoyannis-ve-vlasis-istanbulda","status":"publish","type":"post","link":"https:\/\/batitrakya.live\/index.php\/metropolitinin-gorevi-alma-torenine-icin-bakoyannis-ve-vlasis-istanbulda\/","title":{"rendered":"Metropolitinin g\u00f6revi alma t\u00f6renine i\u00e7in Bakoyannis ve Vlasis \u0130stanbul\u2019da&#8230;"},"content":{"rendered":"<p>Fener Rum Ortodoks Patrikhanesi\u2019nin karar organ\u0131 Sen Sinod Meclisi\u2019nin g\u00f6revden ald\u0131\u011f\u0131 Kad\u0131k\u00f6y Metropoliti Athanasios\u2019un yerine ge\u00e7en Fransa Metropoliti Emanuil\u2019in g\u00f6reve ba\u015flamas\u0131 nedeniyle Patrikhane\u2019de d\u00fczenlenecek dini t\u00f6rene Ba\u015fbakan Kiriakos Mi\u00e7otakis\u2019in ye\u011feni olan Atina Belediye Ba\u015fkan\u0131 Kostas Bakoyannis ve D\u0131\u015fi\u015fleri Bakan Yard\u0131mc\u0131s\u0131 Konstantinos Vlasis da kat\u0131lacak.<\/p>\n<p>Din ve kilise i\u015flerinden sorumlu D\u0131\u015fi\u015fleri Bakan Yard\u0131mc\u0131s\u0131 Vlasis, \u0130stanbul\u2019a yapaca\u011f\u0131 ziyaret \u00e7er\u00e7evesinde Kad\u0131k\u00f6y Metropoliti\u2019nin g\u00f6revi almas\u0131 nedeniyle yar\u0131n (20 Mart Cumartesi) yap\u0131lacak t\u00f6ren d\u0131\u015f\u0131nda, 21 Mart Pazar g\u00fcn\u00fc de Patrikhane\u2019de Patrik Vartholomeos\u2019un y\u00f6netece\u011fi ayine kat\u0131lacak.<\/p>\n<p>Vlasis, Heybeliada Ruhban Okulu ve B\u00fcy\u00fck Ada\u2019daki yetimhaneyi de ziyaret edecek, \u0130stanbul Rum az\u0131nl\u0131\u011f\u0131 temsilcileri ve az\u0131nl\u0131k e\u011fitim kurumlar\u0131 yetkilileriyle de g\u00f6r\u00fc\u015fecek.<\/p>\n<p>Sen Sinod Meclisi (Ruhani Meclis), hiyerar\u015fisinde Patrik Vartholomeos\u2019dan sonra iki numaral\u0131 adam konumundaki Kad\u0131k\u00f6y Metropoliti Athanasios Papas\u2019\u0131n (85) g\u00f6revden al\u0131nmas\u0131 ve yerine Fransa Metropoliti Emanuil Adamakis\u2019in (68) atanmas\u0131na karar vermi\u015fti. Sen Sinod Meclisi\u2019nin \u015eubat ay\u0131ndaki toplant\u0131s\u0131nda, Athanasios\u2019un \u201cPatrik ve Sen Sinod\u2019a itaatsizlik ve sayg\u0131s\u0131zl\u0131k g\u00f6stermesi, ayr\u0131ca pek \u00e7ok kez Patrikhane kurallar\u0131n\u0131 \u00e7i\u011fnemesi\u201d nedeniyle g\u00f6revden al\u0131nd\u0131\u011f\u0131 belirtilmi\u015fti.<\/p>\n<p><strong>BAKOYANN\u0130S VE \u0130MAMO\u011eLU PATR\u0130KHANEY\u0130 Z\u0130YARET ETT\u0130<\/strong><br \/>\nBu arada, Atina Belediye Ba\u015fkan\u0131 Kostas Bakoyannis bug\u00fcn (19 Mart Cuma) \u0130stanbul B\u00fcy\u00fck\u015fehir Belediye Ba\u015fkan\u0131 Ekrem \u0130mamo\u011flu ile birlikte Fener Rum Ortodoks Patrikhanesini ziyaret ederek Patrik Vartholomeos ile g\u00f6r\u00fc\u015ft\u00fc. Bakoyanni ve \u0130mamo\u011flu\u2019nun daha sonra \u0130stanbul B\u00fcy\u00fck\u015fehir Belediyesine ge\u00e7erek ikili bir g\u00f6r\u00fc\u015fme ger\u00e7ekle\u015ftirmesi bekleniyor.<\/p>\n","protected":false},"excerpt":{"rendered":"<p>Fener Rum Ortodoks Patrikhanesi\u2019nin karar organ\u0131 Sen Sinod Meclisi\u2019nin g\u00f6revden ald\u0131\u011f\u0131 Kad\u0131k\u00f6y Metropoliti Athanasios\u2019un yerine ge\u00e7en Fransa Metropoliti Emanuil\u2019in g\u00f6reve ba\u015flamas\u0131 nedeniyle Patrikhane\u2019de d\u00fczenlenecek dini t\u00f6rene Ba\u015fbakan Kiriakos Mi\u00e7otakis\u2019in ye\u011feni olan Atina Belediye Ba\u015fkan\u0131 Kostas Bakoyannis ve D\u0131\u015fi\u015fleri Bakan Yard\u0131mc\u0131s\u0131 Konstantinos Vlasis da kat\u0131lacak. Din ve kilise i\u015flerinden sorumlu D\u0131\u015fi\u015fleri Bakan Yard\u0131mc\u0131s\u0131 Vlasis, \u0130stanbul\u2019a yapaca\u011f\u0131 &hellip;<\/p>\n","protected":false},"author":1,"featured_media":33873,"comment_status":"open","ping_status":"open","sticky":false,"template":"","format":"standard","meta":{"footnotes":""},"categories":[57],"tags":[198,447,25],"class_list":["post-33870","post","type-post","status-publish","format-standard","has-post-thumbnail","hentry","category-yunanistan","tag-fener-rum-patrigi","tag-metropolit","tag-turkiye"],"yoast_head":"<!-- This site is optimized with the Yoast SEO Premium plugin v26.3 (Yoast SEO v27.3) - https:\/\/yoast.com\/product\/yoast-seo-premium-wordpress\/ -->\n<title>Metropolitinin g\u00f6revi alma t\u00f6renine i\u00e7in Bakoyannis ve Vlasis \u0130stanbul\u2019da... - Bat\u0131 Trakya Haber<\/title>\n<meta name=\"description\" content=\"Metropolitinin g\u00f6revi alma t\u00f6renine i\u00e7in Bakoyannis ve Vlasis \u0130stanbul\u2019da\" \/>\n<meta name=\"robots\" content=\"index, follow, max-snippet:-1, max-image-preview:large, max-video-preview:-1\" \/>\n<link rel=\"canonical\" href=\"https:\/\/batitrakya.live\/index.php\/metropolitinin-gorevi-alma-torenine-icin-bakoyannis-ve-vlasis-istanbulda\/\" \/>\n<meta property=\"og:locale\" content=\"tr_TR\" \/>\n<meta property=\"og:type\" content=\"article\" \/>\n<meta property=\"og:title\" content=\"Metropolitinin g\u00f6revi alma t\u00f6renine i\u00e7in Bakoyannis ve Vlasis \u0130stanbul\u2019da...\" \/>\n<meta property=\"og:description\" content=\"Metropolitinin g\u00f6revi alma t\u00f6renine i\u00e7in Bakoyannis ve Vlasis \u0130stanbul\u2019da\" \/>\n<meta property=\"og:url\" content=\"https:\/\/batitrakya.live\/index.php\/metropolitinin-gorevi-alma-torenine-icin-bakoyannis-ve-vlasis-istanbulda\/\" \/>\n<meta property=\"og:site_name\" content=\"Bat\u0131 Trakya Haber\" \/>\n<meta property=\"article:published_time\" content=\"2021-03-19T15:10:27+00:00\" \/>\n<meta property=\"og:image\" content=\"https:\/\/batitrakya.live\/wp-content\/uploads\/2021\/03\/kadikoy_klise.jpg\" \/>\n\t<meta property=\"og:image:width\" content=\"714\" \/>\n\t<meta property=\"og:image:height\" content=\"350\" \/>\n\t<meta property=\"og:image:type\" content=\"image\/jpeg\" \/>\n<meta name=\"author\" content=\"tamer\" \/>\n<meta name=\"twitter:card\" content=\"summary_large_image\" \/>\n<meta name=\"twitter:label1\" content=\"Yazan:\" \/>\n\t<meta name=\"twitter:data1\" content=\"tamer\" \/>\n\t<meta name=\"twitter:label2\" content=\"Tahmini okuma s\u00fcresi\" \/>\n\t<meta name=\"twitter:data2\" content=\"1 dakika\" \/>\n<script type=\"application\/ld+json\" class=\"yoast-schema-graph\">{\"@context\":\"https:\\\/\\\/schema.org\",\"@graph\":[{\"@type\":\"Article\",\"@id\":\"https:\\\/\\\/batitrakya.live\\\/index.php\\\/metropolitinin-gorevi-alma-torenine-icin-bakoyannis-ve-vlasis-istanbulda\\\/#article\",\"isPartOf\":{\"@id\":\"https:\\\/\\\/batitrakya.live\\\/index.php\\\/metropolitinin-gorevi-alma-torenine-icin-bakoyannis-ve-vlasis-istanbulda\\\/\"},\"author\":{\"name\":\"tamer\",\"@id\":\"https:\\\/\\\/batitrakya.live\\\/#\\\/schema\\\/person\\\/61b86abbc19e5fa0bbc3059670546fe5\"},\"headline\":\"Metropolitinin g\u00f6revi alma t\u00f6renine i\u00e7in Bakoyannis ve Vlasis \u0130stanbul\u2019da&#8230;\",\"datePublished\":\"2021-03-19T15:10:27+00:00\",\"mainEntityOfPage\":{\"@id\":\"https:\\\/\\\/batitrakya.live\\\/index.php\\\/metropolitinin-gorevi-alma-torenine-icin-bakoyannis-ve-vlasis-istanbulda\\\/\"},\"wordCount\":317,\"commentCount\":0,\"image\":{\"@id\":\"https:\\\/\\\/batitrakya.live\\\/index.php\\\/metropolitinin-gorevi-alma-torenine-icin-bakoyannis-ve-vlasis-istanbulda\\\/#primaryimage\"},\"thumbnailUrl\":\"https:\\\/\\\/batitrakya.live\\\/wp-content\\\/uploads\\\/2021\\\/03\\\/kadikoy_klise.jpg\",\"keywords\":[\"Fener Rum Patri\u011fi\",\"Metropolit\",\"T\u00fcrkiye\"],\"articleSection\":[\"Yunanistan Haber\"],\"inLanguage\":\"tr\",\"potentialAction\":[{\"@type\":\"CommentAction\",\"name\":\"Comment\",\"target\":[\"https:\\\/\\\/batitrakya.live\\\/index.php\\\/metropolitinin-gorevi-alma-torenine-icin-bakoyannis-ve-vlasis-istanbulda\\\/#respond\"]}],\"copyrightYear\":\"2021\",\"copyrightHolder\":{\"@id\":\"https:\\\/\\\/batitrakya.live\\\/#organization\"}},{\"@type\":\"WebPage\",\"@id\":\"https:\\\/\\\/batitrakya.live\\\/index.php\\\/metropolitinin-gorevi-alma-torenine-icin-bakoyannis-ve-vlasis-istanbulda\\\/\",\"url\":\"https:\\\/\\\/batitrakya.live\\\/index.php\\\/metropolitinin-gorevi-alma-torenine-icin-bakoyannis-ve-vlasis-istanbulda\\\/\",\"name\":\"Metropolitinin g\u00f6revi alma t\u00f6renine i\u00e7in Bakoyannis ve Vlasis \u0130stanbul\u2019da... - Bat\u0131 Trakya Haber\",\"isPartOf\":{\"@id\":\"https:\\\/\\\/batitrakya.live\\\/#website\"},\"primaryImageOfPage\":{\"@id\":\"https:\\\/\\\/batitrakya.live\\\/index.php\\\/metropolitinin-gorevi-alma-torenine-icin-bakoyannis-ve-vlasis-istanbulda\\\/#primaryimage\"},\"image\":{\"@id\":\"https:\\\/\\\/batitrakya.live\\\/index.php\\\/metropolitinin-gorevi-alma-torenine-icin-bakoyannis-ve-vlasis-istanbulda\\\/#primaryimage\"},\"thumbnailUrl\":\"https:\\\/\\\/batitrakya.live\\\/wp-content\\\/uploads\\\/2021\\\/03\\\/kadikoy_klise.jpg\",\"datePublished\":\"2021-03-19T15:10:27+00:00\",\"author\":{\"@id\":\"https:\\\/\\\/batitrakya.live\\\/#\\\/schema\\\/person\\\/61b86abbc19e5fa0bbc3059670546fe5\"},\"description\":\"Metropolitinin g\u00f6revi alma t\u00f6renine i\u00e7in Bakoyannis ve Vlasis \u0130stanbul\u2019da\",\"breadcrumb\":{\"@id\":\"https:\\\/\\\/batitrakya.live\\\/index.php\\\/metropolitinin-gorevi-alma-torenine-icin-bakoyannis-ve-vlasis-istanbulda\\\/#breadcrumb\"},\"inLanguage\":\"tr\",\"potentialAction\":[{\"@type\":\"ReadAction\",\"target\":[\"https:\\\/\\\/batitrakya.live\\\/index.php\\\/metropolitinin-gorevi-alma-torenine-icin-bakoyannis-ve-vlasis-istanbulda\\\/\"]}]},{\"@type\":\"ImageObject\",\"inLanguage\":\"tr\",\"@id\":\"https:\\\/\\\/batitrakya.live\\\/index.php\\\/metropolitinin-gorevi-alma-torenine-icin-bakoyannis-ve-vlasis-istanbulda\\\/#primaryimage\",\"url\":\"https:\\\/\\\/batitrakya.live\\\/wp-content\\\/uploads\\\/2021\\\/03\\\/kadikoy_klise.jpg\",\"contentUrl\":\"https:\\\/\\\/batitrakya.live\\\/wp-content\\\/uploads\\\/2021\\\/03\\\/kadikoy_klise.jpg\",\"width\":714,\"height\":350},{\"@type\":\"BreadcrumbList\",\"@id\":\"https:\\\/\\\/batitrakya.live\\\/index.php\\\/metropolitinin-gorevi-alma-torenine-icin-bakoyannis-ve-vlasis-istanbulda\\\/#breadcrumb\",\"itemListElement\":[{\"@type\":\"ListItem\",\"position\":1,\"name\":\"Anasayfa\",\"item\":\"https:\\\/\\\/batitrakya.live\\\/\"},{\"@type\":\"ListItem\",\"position\":2,\"name\":\"Metropolitinin g\u00f6revi alma t\u00f6renine i\u00e7in Bakoyannis ve Vlasis \u0130stanbul\u2019da&#8230;\"}]},{\"@type\":\"WebSite\",\"@id\":\"https:\\\/\\\/batitrakya.live\\\/#website\",\"url\":\"https:\\\/\\\/batitrakya.live\\\/\",\"name\":\"Bat\u0131 Trakya Haber\",\"description\":\"Bat\u0131 Trakyan\u0131n internetteki sesi..\",\"potentialAction\":[{\"@type\":\"SearchAction\",\"target\":{\"@type\":\"EntryPoint\",\"urlTemplate\":\"https:\\\/\\\/batitrakya.live\\\/?s={search_term_string}\"},\"query-input\":{\"@type\":\"PropertyValueSpecification\",\"valueRequired\":true,\"valueName\":\"search_term_string\"}}],\"inLanguage\":\"tr\"},{\"@type\":\"Person\",\"@id\":\"https:\\\/\\\/batitrakya.live\\\/#\\\/schema\\\/person\\\/61b86abbc19e5fa0bbc3059670546fe5\",\"name\":\"tamer\",\"image\":{\"@type\":\"ImageObject\",\"inLanguage\":\"tr\",\"@id\":\"https:\\\/\\\/secure.gravatar.com\\\/avatar\\\/60b0ff14c4376999cea9565d28b91fc61ff0f727c28cd083506a6d83ad6df9c9?s=96&d=mm&r=g\",\"url\":\"https:\\\/\\\/secure.gravatar.com\\\/avatar\\\/60b0ff14c4376999cea9565d28b91fc61ff0f727c28cd083506a6d83ad6df9c9?s=96&d=mm&r=g\",\"contentUrl\":\"https:\\\/\\\/secure.gravatar.com\\\/avatar\\\/60b0ff14c4376999cea9565d28b91fc61ff0f727c28cd083506a6d83ad6df9c9?s=96&d=mm&r=g\",\"caption\":\"tamer\"},\"sameAs\":[\"https:\\\/\\\/batitrakya.live\"],\"url\":\"https:\\\/\\\/batitrakya.live\\\/index.php\\\/author\\\/tamer\\\/\"}]}<\/script>\n<!-- \/ Yoast SEO Premium plugin. -->","yoast_head_json":{"title":"Metropolitinin g\u00f6revi alma t\u00f6renine i\u00e7in Bakoyannis ve Vlasis \u0130stanbul\u2019da... - Bat\u0131 Trakya Haber","description":"Metropolitinin g\u00f6revi alma t\u00f6renine i\u00e7in Bakoyannis ve Vlasis \u0130stanbul\u2019da","robots":{"index":"index","follow":"follow","max-snippet":"max-snippet:-1","max-image-preview":"max-image-preview:large","max-video-preview":"max-video-preview:-1"},"canonical":"https:\/\/batitrakya.live\/index.php\/metropolitinin-gorevi-alma-torenine-icin-bakoyannis-ve-vlasis-istanbulda\/","og_locale":"tr_TR","og_type":"article","og_title":"Metropolitinin g\u00f6revi alma t\u00f6renine i\u00e7in Bakoyannis ve Vlasis \u0130stanbul\u2019da...","og_description":"Metropolitinin g\u00f6revi alma t\u00f6renine i\u00e7in Bakoyannis ve Vlasis \u0130stanbul\u2019da","og_url":"https:\/\/batitrakya.live\/index.php\/metropolitinin-gorevi-alma-torenine-icin-bakoyannis-ve-vlasis-istanbulda\/","og_site_name":"Bat\u0131 Trakya Haber","article_published_time":"2021-03-19T15:10:27+00:00","og_image":[{"width":714,"height":350,"url":"https:\/\/batitrakya.live\/wp-content\/uploads\/2021\/03\/kadikoy_klise.jpg","type":"image\/jpeg"}],"author":"tamer","twitter_card":"summary_large_image","twitter_misc":{"Yazan:":"tamer","Tahmini okuma s\u00fcresi":"1 dakika"},"schema":{"@context":"https:\/\/schema.org","@graph":[{"@type":"Article","@id":"https:\/\/batitrakya.live\/index.php\/metropolitinin-gorevi-alma-torenine-icin-bakoyannis-ve-vlasis-istanbulda\/#article","isPartOf":{"@id":"https:\/\/batitrakya.live\/index.php\/metropolitinin-gorevi-alma-torenine-icin-bakoyannis-ve-vlasis-istanbulda\/"},"author":{"name":"tamer","@id":"https:\/\/batitrakya.live\/#\/schema\/person\/61b86abbc19e5fa0bbc3059670546fe5"},"headline":"Metropolitinin g\u00f6revi alma t\u00f6renine i\u00e7in Bakoyannis ve Vlasis \u0130stanbul\u2019da&#8230;","datePublished":"2021-03-19T15:10:27+00:00","mainEntityOfPage":{"@id":"https:\/\/batitrakya.live\/index.php\/metropolitinin-gorevi-alma-torenine-icin-bakoyannis-ve-vlasis-istanbulda\/"},"wordCount":317,"commentCount":0,"image":{"@id":"https:\/\/batitrakya.live\/index.php\/metropolitinin-gorevi-alma-torenine-icin-bakoyannis-ve-vlasis-istanbulda\/#primaryimage"},"thumbnailUrl":"https:\/\/batitrakya.live\/wp-content\/uploads\/2021\/03\/kadikoy_klise.jpg","keywords":["Fener Rum Patri\u011fi","Metropolit","T\u00fcrkiye"],"articleSection":["Yunanistan Haber"],"inLanguage":"tr","potentialAction":[{"@type":"CommentAction","name":"Comment","target":["https:\/\/batitrakya.live\/index.php\/metropolitinin-gorevi-alma-torenine-icin-bakoyannis-ve-vlasis-istanbulda\/#respond"]}],"copyrightYear":"2021","copyrightHolder":{"@id":"https:\/\/batitrakya.live\/#organization"}},{"@type":"WebPage","@id":"https:\/\/batitrakya.live\/index.php\/metropolitinin-gorevi-alma-torenine-icin-bakoyannis-ve-vlasis-istanbulda\/","url":"https:\/\/batitrakya.live\/index.php\/metropolitinin-gorevi-alma-torenine-icin-bakoyannis-ve-vlasis-istanbulda\/","name":"Metropolitinin g\u00f6revi alma t\u00f6renine i\u00e7in Bakoyannis ve Vlasis \u0130stanbul\u2019da... - Bat\u0131 Trakya Haber","isPartOf":{"@id":"https:\/\/batitrakya.live\/#website"},"primaryImageOfPage":{"@id":"https:\/\/batitrakya.live\/index.php\/metropolitinin-gorevi-alma-torenine-icin-bakoyannis-ve-vlasis-istanbulda\/#primaryimage"},"image":{"@id":"https:\/\/batitrakya.live\/index.php\/metropolitinin-gorevi-alma-torenine-icin-bakoyannis-ve-vlasis-istanbulda\/#primaryimage"},"thumbnailUrl":"https:\/\/batitrakya.live\/wp-content\/uploads\/2021\/03\/kadikoy_klise.jpg","datePublished":"2021-03-19T15:10:27+00:00","author":{"@id":"https:\/\/batitrakya.live\/#\/schema\/person\/61b86abbc19e5fa0bbc3059670546fe5"},"description":"Metropolitinin g\u00f6revi alma t\u00f6renine i\u00e7in Bakoyannis ve Vlasis \u0130stanbul\u2019da","breadcrumb":{"@id":"https:\/\/batitrakya.live\/index.php\/metropolitinin-gorevi-alma-torenine-icin-bakoyannis-ve-vlasis-istanbulda\/#breadcrumb"},"inLanguage":"tr","potentialAction":[{"@type":"ReadAction","target":["https:\/\/batitrakya.live\/index.php\/metropolitinin-gorevi-alma-torenine-icin-bakoyannis-ve-vlasis-istanbulda\/"]}]},{"@type":"ImageObject","inLanguage":"tr","@id":"https:\/\/batitrakya.live\/index.php\/metropolitinin-gorevi-alma-torenine-icin-bakoyannis-ve-vlasis-istanbulda\/#primaryimage","url":"https:\/\/batitrakya.live\/wp-content\/uploads\/2021\/03\/kadikoy_klise.jpg","contentUrl":"https:\/\/batitrakya.live\/wp-content\/uploads\/2021\/03\/kadikoy_klise.jpg","width":714,"height":350},{"@type":"BreadcrumbList","@id":"https:\/\/batitrakya.live\/index.php\/metropolitinin-gorevi-alma-torenine-icin-bakoyannis-ve-vlasis-istanbulda\/#breadcrumb","itemListElement":[{"@type":"ListItem","position":1,"name":"Anasayfa","item":"https:\/\/batitrakya.live\/"},{"@type":"ListItem","position":2,"name":"Metropolitinin g\u00f6revi alma t\u00f6renine i\u00e7in Bakoyannis ve Vlasis \u0130stanbul\u2019da&#8230;"}]},{"@type":"WebSite","@id":"https:\/\/batitrakya.live\/#website","url":"https:\/\/batitrakya.live\/","name":"Bat\u0131 Trakya Haber","description":"Bat\u0131 Trakyan\u0131n internetteki sesi..","potentialAction":[{"@type":"SearchAction","target":{"@type":"EntryPoint","urlTemplate":"https:\/\/batitrakya.live\/?s={search_term_string}"},"query-input":{"@type":"PropertyValueSpecification","valueRequired":true,"valueName":"search_term_string"}}],"inLanguage":"tr"},{"@type":"Person","@id":"https:\/\/batitrakya.live\/#\/schema\/person\/61b86abbc19e5fa0bbc3059670546fe5","name":"tamer","image":{"@type":"ImageObject","inLanguage":"tr","@id":"https:\/\/secure.gravatar.com\/avatar\/60b0ff14c4376999cea9565d28b91fc61ff0f727c28cd083506a6d83ad6df9c9?s=96&d=mm&r=g","url":"https:\/\/secure.gravatar.com\/avatar\/60b0ff14c4376999cea9565d28b91fc61ff0f727c28cd083506a6d83ad6df9c9?s=96&d=mm&r=g","contentUrl":"https:\/\/secure.gravatar.com\/avatar\/60b0ff14c4376999cea9565d28b91fc61ff0f727c28cd083506a6d83ad6df9c9?s=96&d=mm&r=g","caption":"tamer"},"sameAs":["https:\/\/batitrakya.live"],"url":"https:\/\/batitrakya.live\/index.php\/author\/tamer\/"}]}},"_links":{"self":[{"href":"https:\/\/batitrakya.live\/index.php\/wp-json\/wp\/v2\/posts\/33870","targetHints":{"allow":["GET"]}}],"collection":[{"href":"https:\/\/batitrakya.live\/index.php\/wp-json\/wp\/v2\/posts"}],"about":[{"href":"https:\/\/batitrakya.live\/index.php\/wp-json\/wp\/v2\/types\/post"}],"author":[{"embeddable":true,"href":"https:\/\/batitrakya.live\/index.php\/wp-json\/wp\/v2\/users\/1"}],"replies":[{"embeddable":true,"href":"https:\/\/batitrakya.live\/index.php\/wp-json\/wp\/v2\/comments?post=33870"}],"version-history":[{"count":0,"href":"https:\/\/batitrakya.live\/index.php\/wp-json\/wp\/v2\/posts\/33870\/revisions"}],"wp:featuredmedia":[{"embeddable":true,"href":"https:\/\/batitrakya.live\/index.php\/wp-json\/wp\/v2\/media\/33873"}],"wp:attachment":[{"href":"https:\/\/batitrakya.live\/index.php\/wp-json\/wp\/v2\/media?parent=33870"}],"wp:term":[{"taxonomy":"category","embeddable":true,"href":"https:\/\/batitrakya.live\/index.php\/wp-json\/wp\/v2\/categories?post=33870"},{"taxonomy":"post_tag","embeddable":true,"href":"https:\/\/batitrakya.live\/index.php\/wp-json\/wp\/v2\/tags?post=33870"}],"curies":[{"name":"wp","href":"https:\/\/api.w.org\/{rel}","templated":true}]}}