{"id":33860,"date":"2021-03-19T17:29:34","date_gmt":"2021-03-19T14:29:34","guid":{"rendered":"https:\/\/batitrakya.live\/?p=33860"},"modified":"2021-03-19T17:29:34","modified_gmt":"2021-03-19T14:29:34","slug":"ert-gr-turkiye-azinlik-konusunu-masaya-getirdi-yunanistan-kabul-etmedi","status":"publish","type":"post","link":"https:\/\/batitrakya.live\/index.php\/ert-gr-turkiye-azinlik-konusunu-masaya-getirdi-yunanistan-kabul-etmedi\/","title":{"rendered":"ert.gr: \u201cT\u00fcrkiye az\u0131nl\u0131k konusunu masaya getirdi, Yunanistan kabul etmedi\u201d"},"content":{"rendered":"<p>Yunanistan devlet televizyonunun haber sitesi ert.gr\u2019da yay\u0131mlanan haber \u2013 yorumda, T\u00fcrkiye D\u0131\u015fi\u015fleri Bakan Yard\u0131mc\u0131s\u0131 Sedat \u00d6nal ile Yunanistan D\u0131\u015fi\u015fleri Bakanl\u0131\u011f\u0131 Genel Sekreteri Themistoklis Demiris aras\u0131nda yap\u0131lan g\u00f6r\u00fc\u015fmede, T\u00fcrk taraf\u0131n\u0131n \u201caz\u0131nl\u0131k\u201d konusunu masaya getirdi\u011fi ifade edildi.<\/p>\n<p><strong>\u201cANKARANIN AZINLI\u011eI \u0130LG\u0130LEND\u0130REN KONULARA M\u00dcDAHALE HAKKI YOK\u201d<\/strong><br \/>\nYunanistan D\u0131\u015fi\u015fleri Bakanl\u0131\u011f\u0131 kaynaklar\u0131na dayand\u0131r\u0131lan haberde, Yunan taraf\u0131n\u0131n, az\u0131nl\u0131klarla ilgili temel anla\u015fma olan Lozan Bar\u0131\u015f Antla\u015fmas\u0131\u2019na taraf olan T\u00fcrkiye\u2019nin, Bat\u0131 Trakya\u2019daki az\u0131nl\u0131k konular\u0131na kar\u0131\u015fma hakk\u0131n\u0131n olmamas\u0131n\u0131 dile getirdi\u011fi belirtildi.<\/p>\n<p>Haber \u2013 yorumda, Yunan d\u0131\u015fi\u015fleri bakanl\u0131\u011f\u0131n\u0131n \u201caz\u0131nl\u0131k\u201d konusunun T\u00fcrkiye ile Yunanistan aras\u0131nda ikili konu olmad\u0131\u011f\u0131n\u0131 ve Ankara\u2019n\u0131n Yunanistan vatanda\u015f\u0131 olan az\u0131nl\u0131k \u00fcyelerinin ya\u015fam \u015fartlar\u0131 ve az\u0131nl\u0131k konular\u0131ndaki hukuki \u00e7er\u00e7eveyle ilgili olarak m\u00fcdahale hakk\u0131n\u0131n olmad\u0131\u011f\u0131n\u0131 ifade etti\u011fi \u00f6ne s\u00fcr\u00fcld\u00fc.<\/p>\n<p>Haberde, T\u00fcrk taraf\u0131n\u0131n g\u00f6r\u00fc\u015fme g\u00fcndemine getirdi\u011fi \u201caz\u0131nl\u0131k\u201d konusuyla ilgili ayr\u0131nt\u0131l\u0131 bilgi verilmedi\u011fi, g\u00f6r\u00fc\u015fmelerin gizli tutuldu\u011fu dile getirildi.<\/p>\n<p>Pierros Canetakos imzal\u0131 haberde, D\u0131\u015fi\u015fleri Bakanl\u0131\u011f\u0131 S\u00f6zc\u00fcs\u00fc Aleksandros Papaioannu\u2019nun Yunanistan\u2019\u0131n 1923 Lozan Antla\u015fmas\u0131na harfiyen uydu\u011funu belirtti\u011fi ve Bat\u0131 Trakya\u2019daki M\u00fcsl\u00fcmanlar\u0131n Yunan vatanda\u015f\u0131 oldu\u011funu hat\u0131rlatt\u0131\u011f\u0131 dile getirildi. \u00d6te yandan Atina, Lozan Antla\u015fmas\u0131\u2019ndan uzakla\u015fan taraf\u0131n T\u00fcrkiye oldu\u011funu ve T\u00fcrk derin devletinin bazen bask\u0131c\u0131 uygulamalar bazen de 1955\u2019te oldu\u011fu gibi ter\u00f6r uygulayarak \u0130stanbul\u2019daki Rum az\u0131nl\u0131\u011f\u0131n\u0131 ekonomik ve sosyal olarak yok etti\u011fini \u00f6ne s\u00fcrd\u00fc.<\/p>\n<p>\u201cert.gr\u201d sitesinde yer alan haberde, T\u00fcrkiye\u2019nin G\u00fcm\u00fclcine Ba\u015fkonsoloslu\u011fu\u2019nun faaliyetlerinin yo\u011fun oldu\u011fu, \u00f6te yandan Lozan Antla\u015fmas\u0131ndaki net ifadelere ra\u011fmen b\u00f6lgedeki DEB Partisi\u2019nin \u201cT\u00fcrk kimli\u011fi\u201d konusunu s\u00fcrekli g\u00fcndeme getirdi\u011fi, bu durumun ge\u00e7ti\u011fimiz g\u00fcnlerde ERT televizyonu i\u00e7in b\u00f6lgeye yap\u0131lan ziyaret s\u0131ras\u0131nda da g\u00f6r\u00fcld\u00fc\u011f\u00fc kaydedildi.<\/p>\n<p><strong>\u201cAZINLI\u011eI ARA\u00c7 HAL\u0130NE GET\u0130RMEYE \u00c7ALI\u015eIYOR\u201d<\/strong><br \/>\nERT teleziyonunda yay\u0131nlanan \u201c\u00d6zel G\u00f6revler\u201d program\u0131 i\u00e7in ge\u00e7ti\u011fimiz g\u00fcnlerde Bat\u0131 Trakya\u2019da \u00e7ekim yapan Pierros Canetakos\u2019un kaleme ald\u0131\u011f\u0131 haber \u2013 yorumda, T\u00fcrkiye\u2019nin b\u00f6lgedeki farkl\u0131 kimliklere bask\u0131 yapt\u0131\u011f\u0131 ve az\u0131nl\u0131\u011f\u0131n b\u00fcy\u00fck bir b\u00f6l\u00fcm\u00fcn\u00fc etkileyerek ara\u00e7 haline getirmeye \u00e7al\u0131\u015ft\u0131\u011f\u0131 \u00f6ne s\u00fcr\u00fcld\u00fc.<\/p>\n<p>Yaz\u0131n\u0131n sonunda ise Ankara\u2019n\u0131n, Arnavutluk, Bosna ve Bulgaristan gibi di\u011fer Balkan \u00fclkelerindeki M\u00fcsl\u00fcman az\u0131nl\u0131klarla da ilgilendi\u011fi belirtildi. Bu durumun sadece Yunanistan\u2019\u0131 ve kom\u015fu \u00fclkeleri de\u011fil, Avrupa Birli\u011fi\u2019ni ilgilendirdi\u011fi de iddia edildi.<\/p>\n","protected":false},"excerpt":{"rendered":"<p>Yunanistan devlet televizyonunun haber sitesi ert.gr\u2019da yay\u0131mlanan haber \u2013 yorumda, T\u00fcrkiye D\u0131\u015fi\u015fleri Bakan Yard\u0131mc\u0131s\u0131 Sedat \u00d6nal ile Yunanistan D\u0131\u015fi\u015fleri Bakanl\u0131\u011f\u0131 Genel Sekreteri Themistoklis Demiris aras\u0131nda yap\u0131lan g\u00f6r\u00fc\u015fmede, T\u00fcrk taraf\u0131n\u0131n \u201caz\u0131nl\u0131k\u201d konusunu masaya getirdi\u011fi ifade edildi. \u201cANKARANIN AZINLI\u011eI \u0130LG\u0130LEND\u0130REN KONULARA M\u00dcDAHALE HAKKI YOK\u201d Yunanistan D\u0131\u015fi\u015fleri Bakanl\u0131\u011f\u0131 kaynaklar\u0131na dayand\u0131r\u0131lan haberde, Yunan taraf\u0131n\u0131n, az\u0131nl\u0131klarla ilgili temel anla\u015fma olan &hellip;<\/p>\n","protected":false},"author":1,"featured_media":33862,"comment_status":"open","ping_status":"open","sticky":false,"template":"","format":"standard","meta":{"footnotes":""},"categories":[24],"tags":[143,25],"class_list":["post-33860","post","type-post","status-publish","format-standard","has-post-thumbnail","hentry","category-bati-trakyam-haber","tag-azinlik","tag-turkiye"],"yoast_head":"<!-- This site is optimized with the Yoast SEO Premium plugin v26.3 (Yoast SEO v27.3) - https:\/\/yoast.com\/product\/yoast-seo-premium-wordpress\/ -->\n<title>ert.gr: \u201cT\u00fcrkiye az\u0131nl\u0131k konusunu masaya getirdi, Yunanistan kabul etmedi\u201d - Bat\u0131 Trakya Haber<\/title>\n<meta name=\"description\" content=\"T\u00fcrkiye az\u0131nl\u0131k konusunu masaya getirdi, Yunanistan kabul etmedi\" \/>\n<meta name=\"robots\" content=\"index, follow, max-snippet:-1, max-image-preview:large, max-video-preview:-1\" \/>\n<link rel=\"canonical\" href=\"https:\/\/batitrakya.live\/index.php\/ert-gr-turkiye-azinlik-konusunu-masaya-getirdi-yunanistan-kabul-etmedi\/\" \/>\n<meta property=\"og:locale\" content=\"tr_TR\" \/>\n<meta property=\"og:type\" content=\"article\" \/>\n<meta property=\"og:title\" content=\"ert.gr: \u201cT\u00fcrkiye az\u0131nl\u0131k konusunu masaya getirdi, Yunanistan kabul etmedi\u201d\" \/>\n<meta property=\"og:description\" content=\"T\u00fcrkiye az\u0131nl\u0131k konusunu masaya getirdi, Yunanistan kabul etmedi\" \/>\n<meta property=\"og:url\" content=\"https:\/\/batitrakya.live\/index.php\/ert-gr-turkiye-azinlik-konusunu-masaya-getirdi-yunanistan-kabul-etmedi\/\" \/>\n<meta property=\"og:site_name\" content=\"Bat\u0131 Trakya Haber\" \/>\n<meta property=\"article:published_time\" content=\"2021-03-19T14:29:34+00:00\" \/>\n<meta property=\"og:image\" content=\"https:\/\/batitrakya.live\/wp-content\/uploads\/2021\/03\/Screenshot_3.jpg\" \/>\n\t<meta property=\"og:image:width\" content=\"720\" \/>\n\t<meta property=\"og:image:height\" content=\"348\" \/>\n\t<meta property=\"og:image:type\" content=\"image\/jpeg\" \/>\n<meta name=\"author\" content=\"tamer\" \/>\n<meta name=\"twitter:card\" content=\"summary_large_image\" \/>\n<meta name=\"twitter:label1\" content=\"Yazan:\" \/>\n\t<meta name=\"twitter:data1\" content=\"tamer\" \/>\n\t<meta name=\"twitter:label2\" content=\"Tahmini okuma s\u00fcresi\" \/>\n\t<meta name=\"twitter:data2\" content=\"2 dakika\" \/>\n<script type=\"application\/ld+json\" class=\"yoast-schema-graph\">{\"@context\":\"https:\\\/\\\/schema.org\",\"@graph\":[{\"@type\":\"Article\",\"@id\":\"https:\\\/\\\/batitrakya.live\\\/index.php\\\/ert-gr-turkiye-azinlik-konusunu-masaya-getirdi-yunanistan-kabul-etmedi\\\/#article\",\"isPartOf\":{\"@id\":\"https:\\\/\\\/batitrakya.live\\\/index.php\\\/ert-gr-turkiye-azinlik-konusunu-masaya-getirdi-yunanistan-kabul-etmedi\\\/\"},\"author\":{\"name\":\"tamer\",\"@id\":\"https:\\\/\\\/batitrakya.live\\\/#\\\/schema\\\/person\\\/61b86abbc19e5fa0bbc3059670546fe5\"},\"headline\":\"ert.gr: \u201cT\u00fcrkiye az\u0131nl\u0131k konusunu masaya getirdi, Yunanistan kabul etmedi\u201d\",\"datePublished\":\"2021-03-19T14:29:34+00:00\",\"mainEntityOfPage\":{\"@id\":\"https:\\\/\\\/batitrakya.live\\\/index.php\\\/ert-gr-turkiye-azinlik-konusunu-masaya-getirdi-yunanistan-kabul-etmedi\\\/\"},\"wordCount\":498,\"commentCount\":0,\"image\":{\"@id\":\"https:\\\/\\\/batitrakya.live\\\/index.php\\\/ert-gr-turkiye-azinlik-konusunu-masaya-getirdi-yunanistan-kabul-etmedi\\\/#primaryimage\"},\"thumbnailUrl\":\"https:\\\/\\\/batitrakya.live\\\/wp-content\\\/uploads\\\/2021\\\/03\\\/Screenshot_3.jpg\",\"keywords\":[\"Az\u0131nl\u0131k\",\"T\u00fcrkiye\"],\"articleSection\":[\"Bat\u0131 Trakyam Haber\"],\"inLanguage\":\"tr\",\"potentialAction\":[{\"@type\":\"CommentAction\",\"name\":\"Comment\",\"target\":[\"https:\\\/\\\/batitrakya.live\\\/index.php\\\/ert-gr-turkiye-azinlik-konusunu-masaya-getirdi-yunanistan-kabul-etmedi\\\/#respond\"]}],\"copyrightYear\":\"2021\",\"copyrightHolder\":{\"@id\":\"https:\\\/\\\/batitrakya.live\\\/#organization\"}},{\"@type\":\"WebPage\",\"@id\":\"https:\\\/\\\/batitrakya.live\\\/index.php\\\/ert-gr-turkiye-azinlik-konusunu-masaya-getirdi-yunanistan-kabul-etmedi\\\/\",\"url\":\"https:\\\/\\\/batitrakya.live\\\/index.php\\\/ert-gr-turkiye-azinlik-konusunu-masaya-getirdi-yunanistan-kabul-etmedi\\\/\",\"name\":\"ert.gr: \u201cT\u00fcrkiye az\u0131nl\u0131k konusunu masaya getirdi, Yunanistan kabul etmedi\u201d - Bat\u0131 Trakya Haber\",\"isPartOf\":{\"@id\":\"https:\\\/\\\/batitrakya.live\\\/#website\"},\"primaryImageOfPage\":{\"@id\":\"https:\\\/\\\/batitrakya.live\\\/index.php\\\/ert-gr-turkiye-azinlik-konusunu-masaya-getirdi-yunanistan-kabul-etmedi\\\/#primaryimage\"},\"image\":{\"@id\":\"https:\\\/\\\/batitrakya.live\\\/index.php\\\/ert-gr-turkiye-azinlik-konusunu-masaya-getirdi-yunanistan-kabul-etmedi\\\/#primaryimage\"},\"thumbnailUrl\":\"https:\\\/\\\/batitrakya.live\\\/wp-content\\\/uploads\\\/2021\\\/03\\\/Screenshot_3.jpg\",\"datePublished\":\"2021-03-19T14:29:34+00:00\",\"author\":{\"@id\":\"https:\\\/\\\/batitrakya.live\\\/#\\\/schema\\\/person\\\/61b86abbc19e5fa0bbc3059670546fe5\"},\"description\":\"T\u00fcrkiye az\u0131nl\u0131k konusunu masaya getirdi, Yunanistan kabul etmedi\",\"breadcrumb\":{\"@id\":\"https:\\\/\\\/batitrakya.live\\\/index.php\\\/ert-gr-turkiye-azinlik-konusunu-masaya-getirdi-yunanistan-kabul-etmedi\\\/#breadcrumb\"},\"inLanguage\":\"tr\",\"potentialAction\":[{\"@type\":\"ReadAction\",\"target\":[\"https:\\\/\\\/batitrakya.live\\\/index.php\\\/ert-gr-turkiye-azinlik-konusunu-masaya-getirdi-yunanistan-kabul-etmedi\\\/\"]}]},{\"@type\":\"ImageObject\",\"inLanguage\":\"tr\",\"@id\":\"https:\\\/\\\/batitrakya.live\\\/index.php\\\/ert-gr-turkiye-azinlik-konusunu-masaya-getirdi-yunanistan-kabul-etmedi\\\/#primaryimage\",\"url\":\"https:\\\/\\\/batitrakya.live\\\/wp-content\\\/uploads\\\/2021\\\/03\\\/Screenshot_3.jpg\",\"contentUrl\":\"https:\\\/\\\/batitrakya.live\\\/wp-content\\\/uploads\\\/2021\\\/03\\\/Screenshot_3.jpg\",\"width\":720,\"height\":348},{\"@type\":\"BreadcrumbList\",\"@id\":\"https:\\\/\\\/batitrakya.live\\\/index.php\\\/ert-gr-turkiye-azinlik-konusunu-masaya-getirdi-yunanistan-kabul-etmedi\\\/#breadcrumb\",\"itemListElement\":[{\"@type\":\"ListItem\",\"position\":1,\"name\":\"Anasayfa\",\"item\":\"https:\\\/\\\/batitrakya.live\\\/\"},{\"@type\":\"ListItem\",\"position\":2,\"name\":\"ert.gr: \u201cT\u00fcrkiye az\u0131nl\u0131k konusunu masaya getirdi, Yunanistan kabul etmedi\u201d\"}]},{\"@type\":\"WebSite\",\"@id\":\"https:\\\/\\\/batitrakya.live\\\/#website\",\"url\":\"https:\\\/\\\/batitrakya.live\\\/\",\"name\":\"Bat\u0131 Trakya Haber\",\"description\":\"Bat\u0131 Trakyan\u0131n internetteki sesi..\",\"potentialAction\":[{\"@type\":\"SearchAction\",\"target\":{\"@type\":\"EntryPoint\",\"urlTemplate\":\"https:\\\/\\\/batitrakya.live\\\/?s={search_term_string}\"},\"query-input\":{\"@type\":\"PropertyValueSpecification\",\"valueRequired\":true,\"valueName\":\"search_term_string\"}}],\"inLanguage\":\"tr\"},{\"@type\":\"Person\",\"@id\":\"https:\\\/\\\/batitrakya.live\\\/#\\\/schema\\\/person\\\/61b86abbc19e5fa0bbc3059670546fe5\",\"name\":\"tamer\",\"image\":{\"@type\":\"ImageObject\",\"inLanguage\":\"tr\",\"@id\":\"https:\\\/\\\/secure.gravatar.com\\\/avatar\\\/60b0ff14c4376999cea9565d28b91fc61ff0f727c28cd083506a6d83ad6df9c9?s=96&d=mm&r=g\",\"url\":\"https:\\\/\\\/secure.gravatar.com\\\/avatar\\\/60b0ff14c4376999cea9565d28b91fc61ff0f727c28cd083506a6d83ad6df9c9?s=96&d=mm&r=g\",\"contentUrl\":\"https:\\\/\\\/secure.gravatar.com\\\/avatar\\\/60b0ff14c4376999cea9565d28b91fc61ff0f727c28cd083506a6d83ad6df9c9?s=96&d=mm&r=g\",\"caption\":\"tamer\"},\"sameAs\":[\"https:\\\/\\\/batitrakya.live\"],\"url\":\"https:\\\/\\\/batitrakya.live\\\/index.php\\\/author\\\/tamer\\\/\"}]}<\/script>\n<!-- \/ Yoast SEO Premium plugin. -->","yoast_head_json":{"title":"ert.gr: \u201cT\u00fcrkiye az\u0131nl\u0131k konusunu masaya getirdi, Yunanistan kabul etmedi\u201d - Bat\u0131 Trakya Haber","description":"T\u00fcrkiye az\u0131nl\u0131k konusunu masaya getirdi, Yunanistan kabul etmedi","robots":{"index":"index","follow":"follow","max-snippet":"max-snippet:-1","max-image-preview":"max-image-preview:large","max-video-preview":"max-video-preview:-1"},"canonical":"https:\/\/batitrakya.live\/index.php\/ert-gr-turkiye-azinlik-konusunu-masaya-getirdi-yunanistan-kabul-etmedi\/","og_locale":"tr_TR","og_type":"article","og_title":"ert.gr: \u201cT\u00fcrkiye az\u0131nl\u0131k konusunu masaya getirdi, Yunanistan kabul etmedi\u201d","og_description":"T\u00fcrkiye az\u0131nl\u0131k konusunu masaya getirdi, Yunanistan kabul etmedi","og_url":"https:\/\/batitrakya.live\/index.php\/ert-gr-turkiye-azinlik-konusunu-masaya-getirdi-yunanistan-kabul-etmedi\/","og_site_name":"Bat\u0131 Trakya Haber","article_published_time":"2021-03-19T14:29:34+00:00","og_image":[{"width":720,"height":348,"url":"https:\/\/batitrakya.live\/wp-content\/uploads\/2021\/03\/Screenshot_3.jpg","type":"image\/jpeg"}],"author":"tamer","twitter_card":"summary_large_image","twitter_misc":{"Yazan:":"tamer","Tahmini okuma s\u00fcresi":"2 dakika"},"schema":{"@context":"https:\/\/schema.org","@graph":[{"@type":"Article","@id":"https:\/\/batitrakya.live\/index.php\/ert-gr-turkiye-azinlik-konusunu-masaya-getirdi-yunanistan-kabul-etmedi\/#article","isPartOf":{"@id":"https:\/\/batitrakya.live\/index.php\/ert-gr-turkiye-azinlik-konusunu-masaya-getirdi-yunanistan-kabul-etmedi\/"},"author":{"name":"tamer","@id":"https:\/\/batitrakya.live\/#\/schema\/person\/61b86abbc19e5fa0bbc3059670546fe5"},"headline":"ert.gr: \u201cT\u00fcrkiye az\u0131nl\u0131k konusunu masaya getirdi, Yunanistan kabul etmedi\u201d","datePublished":"2021-03-19T14:29:34+00:00","mainEntityOfPage":{"@id":"https:\/\/batitrakya.live\/index.php\/ert-gr-turkiye-azinlik-konusunu-masaya-getirdi-yunanistan-kabul-etmedi\/"},"wordCount":498,"commentCount":0,"image":{"@id":"https:\/\/batitrakya.live\/index.php\/ert-gr-turkiye-azinlik-konusunu-masaya-getirdi-yunanistan-kabul-etmedi\/#primaryimage"},"thumbnailUrl":"https:\/\/batitrakya.live\/wp-content\/uploads\/2021\/03\/Screenshot_3.jpg","keywords":["Az\u0131nl\u0131k","T\u00fcrkiye"],"articleSection":["Bat\u0131 Trakyam Haber"],"inLanguage":"tr","potentialAction":[{"@type":"CommentAction","name":"Comment","target":["https:\/\/batitrakya.live\/index.php\/ert-gr-turkiye-azinlik-konusunu-masaya-getirdi-yunanistan-kabul-etmedi\/#respond"]}],"copyrightYear":"2021","copyrightHolder":{"@id":"https:\/\/batitrakya.live\/#organization"}},{"@type":"WebPage","@id":"https:\/\/batitrakya.live\/index.php\/ert-gr-turkiye-azinlik-konusunu-masaya-getirdi-yunanistan-kabul-etmedi\/","url":"https:\/\/batitrakya.live\/index.php\/ert-gr-turkiye-azinlik-konusunu-masaya-getirdi-yunanistan-kabul-etmedi\/","name":"ert.gr: \u201cT\u00fcrkiye az\u0131nl\u0131k konusunu masaya getirdi, Yunanistan kabul etmedi\u201d - Bat\u0131 Trakya Haber","isPartOf":{"@id":"https:\/\/batitrakya.live\/#website"},"primaryImageOfPage":{"@id":"https:\/\/batitrakya.live\/index.php\/ert-gr-turkiye-azinlik-konusunu-masaya-getirdi-yunanistan-kabul-etmedi\/#primaryimage"},"image":{"@id":"https:\/\/batitrakya.live\/index.php\/ert-gr-turkiye-azinlik-konusunu-masaya-getirdi-yunanistan-kabul-etmedi\/#primaryimage"},"thumbnailUrl":"https:\/\/batitrakya.live\/wp-content\/uploads\/2021\/03\/Screenshot_3.jpg","datePublished":"2021-03-19T14:29:34+00:00","author":{"@id":"https:\/\/batitrakya.live\/#\/schema\/person\/61b86abbc19e5fa0bbc3059670546fe5"},"description":"T\u00fcrkiye az\u0131nl\u0131k konusunu masaya getirdi, Yunanistan kabul etmedi","breadcrumb":{"@id":"https:\/\/batitrakya.live\/index.php\/ert-gr-turkiye-azinlik-konusunu-masaya-getirdi-yunanistan-kabul-etmedi\/#breadcrumb"},"inLanguage":"tr","potentialAction":[{"@type":"ReadAction","target":["https:\/\/batitrakya.live\/index.php\/ert-gr-turkiye-azinlik-konusunu-masaya-getirdi-yunanistan-kabul-etmedi\/"]}]},{"@type":"ImageObject","inLanguage":"tr","@id":"https:\/\/batitrakya.live\/index.php\/ert-gr-turkiye-azinlik-konusunu-masaya-getirdi-yunanistan-kabul-etmedi\/#primaryimage","url":"https:\/\/batitrakya.live\/wp-content\/uploads\/2021\/03\/Screenshot_3.jpg","contentUrl":"https:\/\/batitrakya.live\/wp-content\/uploads\/2021\/03\/Screenshot_3.jpg","width":720,"height":348},{"@type":"BreadcrumbList","@id":"https:\/\/batitrakya.live\/index.php\/ert-gr-turkiye-azinlik-konusunu-masaya-getirdi-yunanistan-kabul-etmedi\/#breadcrumb","itemListElement":[{"@type":"ListItem","position":1,"name":"Anasayfa","item":"https:\/\/batitrakya.live\/"},{"@type":"ListItem","position":2,"name":"ert.gr: \u201cT\u00fcrkiye az\u0131nl\u0131k konusunu masaya getirdi, Yunanistan kabul etmedi\u201d"}]},{"@type":"WebSite","@id":"https:\/\/batitrakya.live\/#website","url":"https:\/\/batitrakya.live\/","name":"Bat\u0131 Trakya Haber","description":"Bat\u0131 Trakyan\u0131n internetteki sesi..","potentialAction":[{"@type":"SearchAction","target":{"@type":"EntryPoint","urlTemplate":"https:\/\/batitrakya.live\/?s={search_term_string}"},"query-input":{"@type":"PropertyValueSpecification","valueRequired":true,"valueName":"search_term_string"}}],"inLanguage":"tr"},{"@type":"Person","@id":"https:\/\/batitrakya.live\/#\/schema\/person\/61b86abbc19e5fa0bbc3059670546fe5","name":"tamer","image":{"@type":"ImageObject","inLanguage":"tr","@id":"https:\/\/secure.gravatar.com\/avatar\/60b0ff14c4376999cea9565d28b91fc61ff0f727c28cd083506a6d83ad6df9c9?s=96&d=mm&r=g","url":"https:\/\/secure.gravatar.com\/avatar\/60b0ff14c4376999cea9565d28b91fc61ff0f727c28cd083506a6d83ad6df9c9?s=96&d=mm&r=g","contentUrl":"https:\/\/secure.gravatar.com\/avatar\/60b0ff14c4376999cea9565d28b91fc61ff0f727c28cd083506a6d83ad6df9c9?s=96&d=mm&r=g","caption":"tamer"},"sameAs":["https:\/\/batitrakya.live"],"url":"https:\/\/batitrakya.live\/index.php\/author\/tamer\/"}]}},"_links":{"self":[{"href":"https:\/\/batitrakya.live\/index.php\/wp-json\/wp\/v2\/posts\/33860","targetHints":{"allow":["GET"]}}],"collection":[{"href":"https:\/\/batitrakya.live\/index.php\/wp-json\/wp\/v2\/posts"}],"about":[{"href":"https:\/\/batitrakya.live\/index.php\/wp-json\/wp\/v2\/types\/post"}],"author":[{"embeddable":true,"href":"https:\/\/batitrakya.live\/index.php\/wp-json\/wp\/v2\/users\/1"}],"replies":[{"embeddable":true,"href":"https:\/\/batitrakya.live\/index.php\/wp-json\/wp\/v2\/comments?post=33860"}],"version-history":[{"count":0,"href":"https:\/\/batitrakya.live\/index.php\/wp-json\/wp\/v2\/posts\/33860\/revisions"}],"wp:featuredmedia":[{"embeddable":true,"href":"https:\/\/batitrakya.live\/index.php\/wp-json\/wp\/v2\/media\/33862"}],"wp:attachment":[{"href":"https:\/\/batitrakya.live\/index.php\/wp-json\/wp\/v2\/media?parent=33860"}],"wp:term":[{"taxonomy":"category","embeddable":true,"href":"https:\/\/batitrakya.live\/index.php\/wp-json\/wp\/v2\/categories?post=33860"},{"taxonomy":"post_tag","embeddable":true,"href":"https:\/\/batitrakya.live\/index.php\/wp-json\/wp\/v2\/tags?post=33860"}],"curies":[{"name":"wp","href":"https:\/\/api.w.org\/{rel}","templated":true}]}}