{"id":33781,"date":"2021-03-17T18:04:23","date_gmt":"2021-03-17T15:04:23","guid":{"rendered":"https:\/\/batitrakya.live\/?p=33781"},"modified":"2021-03-17T18:04:23","modified_gmt":"2021-03-17T15:04:23","slug":"meclis-uyesi-mehmet-arif-ileri-listesinden-ihrac-edildi","status":"publish","type":"post","link":"https:\/\/batitrakya.live\/index.php\/meclis-uyesi-mehmet-arif-ileri-listesinden-ihrac-edildi\/","title":{"rendered":"Meclis \u00fcyesi Mehmet Arif, \u0130leri Listesi\u2019nden ihra\u00e7 edildi&#8230;"},"content":{"rendered":"<p>Yunanistan\u2019da yap\u0131lan son yerel se\u00e7imlerde \u00d6nder M\u00fcmin ba\u015fkanl\u0131\u011f\u0131ndaki \u0130leri Listesi\u2019ne Kozlardere k\u00f6y\u00fc aza aday\u0131 olarak kat\u0131lan ve ald\u0131\u011f\u0131 oylarla meclise se\u00e7ilen Mehmet Arif, \u0130leri Listesi\u2019nden ihra\u00e7 edildi.<\/p>\n<p>Se\u00e7imlerde iyi oy alan meclis \u00fcyelerden biri olan Mehmet Arif\u2019in listeden ihra\u00e7 edildi\u011fini Yass\u0131k\u00f6y Belediye Ba\u015fkan ve \u0130leri Listesi Lideri \u00d6nder M\u00fcmin duyurdu.<\/p>\n<p>Ba\u015fkan \u00d6nder M\u00fcmin, konu hakk\u0131nda yapt\u0131\u011f\u0131 a\u00e7\u0131klamada; \u201cYass\u0131k\u00f6y Belediye meclis \u00fcyesi, Mehmet Arif, bu ak\u015fam (16 Mart 2021 Sal\u0131) itibar\u0131 ile \u0130leri listemizden ihra\u00e7 edilmi\u015ftir. Yar\u0131n meclis grubumuz gereken resmi karar\u0131 alacakt\u0131r. Vermi\u015f oldu\u011fu hizmetlerden dolay\u0131 kendisine te\u015fekk\u00fcr ediyor, \u015fahsi ve siyasi hayat\u0131nda ba\u015far\u0131lar diliyorum\u201d dedi.<\/p>\n","protected":false},"excerpt":{"rendered":"<p>Yunanistan\u2019da yap\u0131lan son yerel se\u00e7imlerde \u00d6nder M\u00fcmin ba\u015fkanl\u0131\u011f\u0131ndaki \u0130leri Listesi\u2019ne Kozlardere k\u00f6y\u00fc aza aday\u0131 olarak kat\u0131lan ve ald\u0131\u011f\u0131 oylarla meclise se\u00e7ilen Mehmet Arif, \u0130leri Listesi\u2019nden ihra\u00e7 edildi. Se\u00e7imlerde iyi oy alan meclis \u00fcyelerden biri olan Mehmet Arif\u2019in listeden ihra\u00e7 edildi\u011fini Yass\u0131k\u00f6y Belediye Ba\u015fkan ve \u0130leri Listesi Lideri \u00d6nder M\u00fcmin duyurdu. Ba\u015fkan \u00d6nder M\u00fcmin, konu hakk\u0131nda &hellip;<\/p>\n","protected":false},"author":1,"featured_media":33784,"comment_status":"open","ping_status":"open","sticky":false,"template":"","format":"standard","meta":{"footnotes":""},"categories":[24],"tags":[51,39],"class_list":["post-33781","post","type-post","status-publish","format-standard","has-post-thumbnail","hentry","category-bati-trakyam-haber","tag-belediye","tag-yassi-koy"],"yoast_head":"<!-- This site is optimized with the Yoast SEO Premium plugin v26.3 (Yoast SEO v27.3) - https:\/\/yoast.com\/product\/yoast-seo-premium-wordpress\/ -->\n<title>Meclis \u00fcyesi Mehmet Arif, \u0130leri Listesi\u2019nden ihra\u00e7 edildi... - Bat\u0131 Trakya Haber<\/title>\n<meta name=\"description\" content=\"Meclis \u00fcyesi Mehmet Arif, \u0130leri Listesi\u2019nden ihra\u00e7 edildi\" \/>\n<meta name=\"robots\" content=\"index, follow, max-snippet:-1, max-image-preview:large, max-video-preview:-1\" \/>\n<link rel=\"canonical\" href=\"https:\/\/batitrakya.live\/index.php\/meclis-uyesi-mehmet-arif-ileri-listesinden-ihrac-edildi\/\" \/>\n<meta property=\"og:locale\" content=\"tr_TR\" \/>\n<meta property=\"og:type\" content=\"article\" \/>\n<meta property=\"og:title\" content=\"Meclis \u00fcyesi Mehmet Arif, \u0130leri Listesi\u2019nden ihra\u00e7 edildi...\" \/>\n<meta property=\"og:description\" content=\"Meclis \u00fcyesi Mehmet Arif, \u0130leri Listesi\u2019nden ihra\u00e7 edildi\" \/>\n<meta property=\"og:url\" content=\"https:\/\/batitrakya.live\/index.php\/meclis-uyesi-mehmet-arif-ileri-listesinden-ihrac-edildi\/\" \/>\n<meta property=\"og:site_name\" content=\"Bat\u0131 Trakya Haber\" \/>\n<meta property=\"article:published_time\" content=\"2021-03-17T15:04:23+00:00\" \/>\n<meta property=\"og:image\" content=\"https:\/\/batitrakya.live\/wp-content\/uploads\/2021\/03\/Mehmet_Arif.jpg\" \/>\n\t<meta property=\"og:image:width\" content=\"720\" \/>\n\t<meta property=\"og:image:height\" content=\"348\" \/>\n\t<meta property=\"og:image:type\" content=\"image\/jpeg\" \/>\n<meta name=\"author\" content=\"tamer\" \/>\n<meta name=\"twitter:card\" content=\"summary_large_image\" \/>\n<meta name=\"twitter:label1\" content=\"Yazan:\" \/>\n\t<meta name=\"twitter:data1\" content=\"tamer\" \/>\n\t<meta name=\"twitter:label2\" content=\"Tahmini okuma s\u00fcresi\" \/>\n\t<meta name=\"twitter:data2\" content=\"1 dakika\" \/>\n<script type=\"application\/ld+json\" class=\"yoast-schema-graph\">{\"@context\":\"https:\\\/\\\/schema.org\",\"@graph\":[{\"@type\":\"Article\",\"@id\":\"https:\\\/\\\/batitrakya.live\\\/index.php\\\/meclis-uyesi-mehmet-arif-ileri-listesinden-ihrac-edildi\\\/#article\",\"isPartOf\":{\"@id\":\"https:\\\/\\\/batitrakya.live\\\/index.php\\\/meclis-uyesi-mehmet-arif-ileri-listesinden-ihrac-edildi\\\/\"},\"author\":{\"name\":\"tamer\",\"@id\":\"https:\\\/\\\/batitrakya.live\\\/#\\\/schema\\\/person\\\/61b86abbc19e5fa0bbc3059670546fe5\"},\"headline\":\"Meclis \u00fcyesi Mehmet Arif, \u0130leri Listesi\u2019nden ihra\u00e7 edildi&#8230;\",\"datePublished\":\"2021-03-17T15:04:23+00:00\",\"mainEntityOfPage\":{\"@id\":\"https:\\\/\\\/batitrakya.live\\\/index.php\\\/meclis-uyesi-mehmet-arif-ileri-listesinden-ihrac-edildi\\\/\"},\"wordCount\":137,\"commentCount\":0,\"image\":{\"@id\":\"https:\\\/\\\/batitrakya.live\\\/index.php\\\/meclis-uyesi-mehmet-arif-ileri-listesinden-ihrac-edildi\\\/#primaryimage\"},\"thumbnailUrl\":\"https:\\\/\\\/batitrakya.live\\\/wp-content\\\/uploads\\\/2021\\\/03\\\/Mehmet_Arif.jpg\",\"keywords\":[\"Belediye\",\"Yass\u0131 K\u00f6y\"],\"articleSection\":[\"Bat\u0131 Trakyam Haber\"],\"inLanguage\":\"tr\",\"potentialAction\":[{\"@type\":\"CommentAction\",\"name\":\"Comment\",\"target\":[\"https:\\\/\\\/batitrakya.live\\\/index.php\\\/meclis-uyesi-mehmet-arif-ileri-listesinden-ihrac-edildi\\\/#respond\"]}],\"copyrightYear\":\"2021\",\"copyrightHolder\":{\"@id\":\"https:\\\/\\\/batitrakya.live\\\/#organization\"}},{\"@type\":\"WebPage\",\"@id\":\"https:\\\/\\\/batitrakya.live\\\/index.php\\\/meclis-uyesi-mehmet-arif-ileri-listesinden-ihrac-edildi\\\/\",\"url\":\"https:\\\/\\\/batitrakya.live\\\/index.php\\\/meclis-uyesi-mehmet-arif-ileri-listesinden-ihrac-edildi\\\/\",\"name\":\"Meclis \u00fcyesi Mehmet Arif, \u0130leri Listesi\u2019nden ihra\u00e7 edildi... - Bat\u0131 Trakya Haber\",\"isPartOf\":{\"@id\":\"https:\\\/\\\/batitrakya.live\\\/#website\"},\"primaryImageOfPage\":{\"@id\":\"https:\\\/\\\/batitrakya.live\\\/index.php\\\/meclis-uyesi-mehmet-arif-ileri-listesinden-ihrac-edildi\\\/#primaryimage\"},\"image\":{\"@id\":\"https:\\\/\\\/batitrakya.live\\\/index.php\\\/meclis-uyesi-mehmet-arif-ileri-listesinden-ihrac-edildi\\\/#primaryimage\"},\"thumbnailUrl\":\"https:\\\/\\\/batitrakya.live\\\/wp-content\\\/uploads\\\/2021\\\/03\\\/Mehmet_Arif.jpg\",\"datePublished\":\"2021-03-17T15:04:23+00:00\",\"author\":{\"@id\":\"https:\\\/\\\/batitrakya.live\\\/#\\\/schema\\\/person\\\/61b86abbc19e5fa0bbc3059670546fe5\"},\"description\":\"Meclis \u00fcyesi Mehmet Arif, \u0130leri Listesi\u2019nden ihra\u00e7 edildi\",\"breadcrumb\":{\"@id\":\"https:\\\/\\\/batitrakya.live\\\/index.php\\\/meclis-uyesi-mehmet-arif-ileri-listesinden-ihrac-edildi\\\/#breadcrumb\"},\"inLanguage\":\"tr\",\"potentialAction\":[{\"@type\":\"ReadAction\",\"target\":[\"https:\\\/\\\/batitrakya.live\\\/index.php\\\/meclis-uyesi-mehmet-arif-ileri-listesinden-ihrac-edildi\\\/\"]}]},{\"@type\":\"ImageObject\",\"inLanguage\":\"tr\",\"@id\":\"https:\\\/\\\/batitrakya.live\\\/index.php\\\/meclis-uyesi-mehmet-arif-ileri-listesinden-ihrac-edildi\\\/#primaryimage\",\"url\":\"https:\\\/\\\/batitrakya.live\\\/wp-content\\\/uploads\\\/2021\\\/03\\\/Mehmet_Arif.jpg\",\"contentUrl\":\"https:\\\/\\\/batitrakya.live\\\/wp-content\\\/uploads\\\/2021\\\/03\\\/Mehmet_Arif.jpg\",\"width\":720,\"height\":348},{\"@type\":\"BreadcrumbList\",\"@id\":\"https:\\\/\\\/batitrakya.live\\\/index.php\\\/meclis-uyesi-mehmet-arif-ileri-listesinden-ihrac-edildi\\\/#breadcrumb\",\"itemListElement\":[{\"@type\":\"ListItem\",\"position\":1,\"name\":\"Anasayfa\",\"item\":\"https:\\\/\\\/batitrakya.live\\\/\"},{\"@type\":\"ListItem\",\"position\":2,\"name\":\"Meclis \u00fcyesi Mehmet Arif, \u0130leri Listesi\u2019nden ihra\u00e7 edildi&#8230;\"}]},{\"@type\":\"WebSite\",\"@id\":\"https:\\\/\\\/batitrakya.live\\\/#website\",\"url\":\"https:\\\/\\\/batitrakya.live\\\/\",\"name\":\"Bat\u0131 Trakya Haber\",\"description\":\"Bat\u0131 Trakyan\u0131n internetteki sesi..\",\"potentialAction\":[{\"@type\":\"SearchAction\",\"target\":{\"@type\":\"EntryPoint\",\"urlTemplate\":\"https:\\\/\\\/batitrakya.live\\\/?s={search_term_string}\"},\"query-input\":{\"@type\":\"PropertyValueSpecification\",\"valueRequired\":true,\"valueName\":\"search_term_string\"}}],\"inLanguage\":\"tr\"},{\"@type\":\"Person\",\"@id\":\"https:\\\/\\\/batitrakya.live\\\/#\\\/schema\\\/person\\\/61b86abbc19e5fa0bbc3059670546fe5\",\"name\":\"tamer\",\"image\":{\"@type\":\"ImageObject\",\"inLanguage\":\"tr\",\"@id\":\"https:\\\/\\\/secure.gravatar.com\\\/avatar\\\/60b0ff14c4376999cea9565d28b91fc61ff0f727c28cd083506a6d83ad6df9c9?s=96&d=mm&r=g\",\"url\":\"https:\\\/\\\/secure.gravatar.com\\\/avatar\\\/60b0ff14c4376999cea9565d28b91fc61ff0f727c28cd083506a6d83ad6df9c9?s=96&d=mm&r=g\",\"contentUrl\":\"https:\\\/\\\/secure.gravatar.com\\\/avatar\\\/60b0ff14c4376999cea9565d28b91fc61ff0f727c28cd083506a6d83ad6df9c9?s=96&d=mm&r=g\",\"caption\":\"tamer\"},\"sameAs\":[\"https:\\\/\\\/batitrakya.live\"],\"url\":\"https:\\\/\\\/batitrakya.live\\\/index.php\\\/author\\\/tamer\\\/\"}]}<\/script>\n<!-- \/ Yoast SEO Premium plugin. -->","yoast_head_json":{"title":"Meclis \u00fcyesi Mehmet Arif, \u0130leri Listesi\u2019nden ihra\u00e7 edildi... - Bat\u0131 Trakya Haber","description":"Meclis \u00fcyesi Mehmet Arif, \u0130leri Listesi\u2019nden ihra\u00e7 edildi","robots":{"index":"index","follow":"follow","max-snippet":"max-snippet:-1","max-image-preview":"max-image-preview:large","max-video-preview":"max-video-preview:-1"},"canonical":"https:\/\/batitrakya.live\/index.php\/meclis-uyesi-mehmet-arif-ileri-listesinden-ihrac-edildi\/","og_locale":"tr_TR","og_type":"article","og_title":"Meclis \u00fcyesi Mehmet Arif, \u0130leri Listesi\u2019nden ihra\u00e7 edildi...","og_description":"Meclis \u00fcyesi Mehmet Arif, \u0130leri Listesi\u2019nden ihra\u00e7 edildi","og_url":"https:\/\/batitrakya.live\/index.php\/meclis-uyesi-mehmet-arif-ileri-listesinden-ihrac-edildi\/","og_site_name":"Bat\u0131 Trakya Haber","article_published_time":"2021-03-17T15:04:23+00:00","og_image":[{"width":720,"height":348,"url":"https:\/\/batitrakya.live\/wp-content\/uploads\/2021\/03\/Mehmet_Arif.jpg","type":"image\/jpeg"}],"author":"tamer","twitter_card":"summary_large_image","twitter_misc":{"Yazan:":"tamer","Tahmini okuma s\u00fcresi":"1 dakika"},"schema":{"@context":"https:\/\/schema.org","@graph":[{"@type":"Article","@id":"https:\/\/batitrakya.live\/index.php\/meclis-uyesi-mehmet-arif-ileri-listesinden-ihrac-edildi\/#article","isPartOf":{"@id":"https:\/\/batitrakya.live\/index.php\/meclis-uyesi-mehmet-arif-ileri-listesinden-ihrac-edildi\/"},"author":{"name":"tamer","@id":"https:\/\/batitrakya.live\/#\/schema\/person\/61b86abbc19e5fa0bbc3059670546fe5"},"headline":"Meclis \u00fcyesi Mehmet Arif, \u0130leri Listesi\u2019nden ihra\u00e7 edildi&#8230;","datePublished":"2021-03-17T15:04:23+00:00","mainEntityOfPage":{"@id":"https:\/\/batitrakya.live\/index.php\/meclis-uyesi-mehmet-arif-ileri-listesinden-ihrac-edildi\/"},"wordCount":137,"commentCount":0,"image":{"@id":"https:\/\/batitrakya.live\/index.php\/meclis-uyesi-mehmet-arif-ileri-listesinden-ihrac-edildi\/#primaryimage"},"thumbnailUrl":"https:\/\/batitrakya.live\/wp-content\/uploads\/2021\/03\/Mehmet_Arif.jpg","keywords":["Belediye","Yass\u0131 K\u00f6y"],"articleSection":["Bat\u0131 Trakyam Haber"],"inLanguage":"tr","potentialAction":[{"@type":"CommentAction","name":"Comment","target":["https:\/\/batitrakya.live\/index.php\/meclis-uyesi-mehmet-arif-ileri-listesinden-ihrac-edildi\/#respond"]}],"copyrightYear":"2021","copyrightHolder":{"@id":"https:\/\/batitrakya.live\/#organization"}},{"@type":"WebPage","@id":"https:\/\/batitrakya.live\/index.php\/meclis-uyesi-mehmet-arif-ileri-listesinden-ihrac-edildi\/","url":"https:\/\/batitrakya.live\/index.php\/meclis-uyesi-mehmet-arif-ileri-listesinden-ihrac-edildi\/","name":"Meclis \u00fcyesi Mehmet Arif, \u0130leri Listesi\u2019nden ihra\u00e7 edildi... - Bat\u0131 Trakya Haber","isPartOf":{"@id":"https:\/\/batitrakya.live\/#website"},"primaryImageOfPage":{"@id":"https:\/\/batitrakya.live\/index.php\/meclis-uyesi-mehmet-arif-ileri-listesinden-ihrac-edildi\/#primaryimage"},"image":{"@id":"https:\/\/batitrakya.live\/index.php\/meclis-uyesi-mehmet-arif-ileri-listesinden-ihrac-edildi\/#primaryimage"},"thumbnailUrl":"https:\/\/batitrakya.live\/wp-content\/uploads\/2021\/03\/Mehmet_Arif.jpg","datePublished":"2021-03-17T15:04:23+00:00","author":{"@id":"https:\/\/batitrakya.live\/#\/schema\/person\/61b86abbc19e5fa0bbc3059670546fe5"},"description":"Meclis \u00fcyesi Mehmet Arif, \u0130leri Listesi\u2019nden ihra\u00e7 edildi","breadcrumb":{"@id":"https:\/\/batitrakya.live\/index.php\/meclis-uyesi-mehmet-arif-ileri-listesinden-ihrac-edildi\/#breadcrumb"},"inLanguage":"tr","potentialAction":[{"@type":"ReadAction","target":["https:\/\/batitrakya.live\/index.php\/meclis-uyesi-mehmet-arif-ileri-listesinden-ihrac-edildi\/"]}]},{"@type":"ImageObject","inLanguage":"tr","@id":"https:\/\/batitrakya.live\/index.php\/meclis-uyesi-mehmet-arif-ileri-listesinden-ihrac-edildi\/#primaryimage","url":"https:\/\/batitrakya.live\/wp-content\/uploads\/2021\/03\/Mehmet_Arif.jpg","contentUrl":"https:\/\/batitrakya.live\/wp-content\/uploads\/2021\/03\/Mehmet_Arif.jpg","width":720,"height":348},{"@type":"BreadcrumbList","@id":"https:\/\/batitrakya.live\/index.php\/meclis-uyesi-mehmet-arif-ileri-listesinden-ihrac-edildi\/#breadcrumb","itemListElement":[{"@type":"ListItem","position":1,"name":"Anasayfa","item":"https:\/\/batitrakya.live\/"},{"@type":"ListItem","position":2,"name":"Meclis \u00fcyesi Mehmet Arif, \u0130leri Listesi\u2019nden ihra\u00e7 edildi&#8230;"}]},{"@type":"WebSite","@id":"https:\/\/batitrakya.live\/#website","url":"https:\/\/batitrakya.live\/","name":"Bat\u0131 Trakya Haber","description":"Bat\u0131 Trakyan\u0131n internetteki sesi..","potentialAction":[{"@type":"SearchAction","target":{"@type":"EntryPoint","urlTemplate":"https:\/\/batitrakya.live\/?s={search_term_string}"},"query-input":{"@type":"PropertyValueSpecification","valueRequired":true,"valueName":"search_term_string"}}],"inLanguage":"tr"},{"@type":"Person","@id":"https:\/\/batitrakya.live\/#\/schema\/person\/61b86abbc19e5fa0bbc3059670546fe5","name":"tamer","image":{"@type":"ImageObject","inLanguage":"tr","@id":"https:\/\/secure.gravatar.com\/avatar\/60b0ff14c4376999cea9565d28b91fc61ff0f727c28cd083506a6d83ad6df9c9?s=96&d=mm&r=g","url":"https:\/\/secure.gravatar.com\/avatar\/60b0ff14c4376999cea9565d28b91fc61ff0f727c28cd083506a6d83ad6df9c9?s=96&d=mm&r=g","contentUrl":"https:\/\/secure.gravatar.com\/avatar\/60b0ff14c4376999cea9565d28b91fc61ff0f727c28cd083506a6d83ad6df9c9?s=96&d=mm&r=g","caption":"tamer"},"sameAs":["https:\/\/batitrakya.live"],"url":"https:\/\/batitrakya.live\/index.php\/author\/tamer\/"}]}},"_links":{"self":[{"href":"https:\/\/batitrakya.live\/index.php\/wp-json\/wp\/v2\/posts\/33781","targetHints":{"allow":["GET"]}}],"collection":[{"href":"https:\/\/batitrakya.live\/index.php\/wp-json\/wp\/v2\/posts"}],"about":[{"href":"https:\/\/batitrakya.live\/index.php\/wp-json\/wp\/v2\/types\/post"}],"author":[{"embeddable":true,"href":"https:\/\/batitrakya.live\/index.php\/wp-json\/wp\/v2\/users\/1"}],"replies":[{"embeddable":true,"href":"https:\/\/batitrakya.live\/index.php\/wp-json\/wp\/v2\/comments?post=33781"}],"version-history":[{"count":0,"href":"https:\/\/batitrakya.live\/index.php\/wp-json\/wp\/v2\/posts\/33781\/revisions"}],"wp:featuredmedia":[{"embeddable":true,"href":"https:\/\/batitrakya.live\/index.php\/wp-json\/wp\/v2\/media\/33784"}],"wp:attachment":[{"href":"https:\/\/batitrakya.live\/index.php\/wp-json\/wp\/v2\/media?parent=33781"}],"wp:term":[{"taxonomy":"category","embeddable":true,"href":"https:\/\/batitrakya.live\/index.php\/wp-json\/wp\/v2\/categories?post=33781"},{"taxonomy":"post_tag","embeddable":true,"href":"https:\/\/batitrakya.live\/index.php\/wp-json\/wp\/v2\/tags?post=33781"}],"curies":[{"name":"wp","href":"https:\/\/api.w.org\/{rel}","templated":true}]}}