{"id":33707,"date":"2021-03-13T21:46:06","date_gmt":"2021-03-13T18:46:06","guid":{"rendered":"https:\/\/batitrakya.live\/?p=33707"},"modified":"2021-03-13T21:46:06","modified_gmt":"2021-03-13T18:46:06","slug":"mustafa-kemal-ataturkmanastir-askeri-idadisinde-anildi","status":"publish","type":"post","link":"https:\/\/batitrakya.live\/index.php\/mustafa-kemal-ataturkmanastir-askeri-idadisinde-anildi\/","title":{"rendered":"Mustafa Kemal Atat\u00fcrk,Manast\u0131r Askeri \u0130dadisinde an\u0131ld\u0131&#8230;"},"content":{"rendered":"<p>B\u00fcy\u00fck \u00d6nder Gazi Mustafa Kemal Atat\u00fcrk\u2019\u00fcn Kuzey Makedonya\u2019daki Manast\u0131r Askeri \u0130dadisinden mezuniyetinin 122. y\u0131l\u0131 dolay\u0131s\u0131yla anma t\u00f6reni d\u00fczenlendi.<\/p>\n<p>Manast\u0131r \u015eehir M\u00fczesi olarak kullan\u0131lan eski Manast\u0131r Askeri \u0130dadisinde yap\u0131lan t\u00f6rene, T\u00fcrkiye\u2019nin \u00dcsk\u00fcp B\u00fcy\u00fckel\u00e7isi Hasan Mehmet Sekizk\u00f6k, Kuzey Makedonya Anayasa Mahkemesi Ba\u015fkan\u0131 Salih Murat, Kuzey Makedonya Genelkurmay Ba\u015fkan Yard\u0131mc\u0131s\u0131 T\u00fcmgeneral Azim Nuredin, Tu\u011fgeneral Mustafa Er ba\u015fkanl\u0131\u011f\u0131ndaki T\u00fcrk Silahl\u0131 Kuvvetleri (TSK) heyeti, Manast\u0131r Belediye Ba\u015fkan\u0131 Nata\u015fa Petrovska, milletvekilleri, \u00fclkedeki T\u00fcrk kurum ve kurulu\u015f temsilcileri kat\u0131ld\u0131.<\/p>\n<p><strong>T\u00f6ren, sayg\u0131 duru\u015fu ve iki \u00fclke milli mar\u015flar\u0131n\u0131n okunmas\u0131yla ba\u015flad\u0131.<\/strong><\/p>\n<p>Burada bir konu\u015fma yapan B\u00fcy\u00fckel\u00e7i Sekizk\u00f6k, Manast\u0131r\u2019\u0131n as\u0131rlar\u0131nda birlikte ya\u015fam\u0131\u015f iki milletin ortak tarihinde \u00f6nemli bir yere sahip oldu\u011funu belirterek, \u201cManast\u0131r Askeri \u0130dadisinin se\u00e7kin \u00f6\u011frencisi Mustafa Kemal Atat\u00fcrk\u2019\u00fcn buradaki y\u0131llar\u0131, B\u00fcy\u00fck \u00d6nder olmas\u0131na uzanan yolda fikirlerinde ve ki\u015fili\u011finde \u00f6nemli tesirler b\u0131rakm\u0131\u015ft\u0131r.\u201d dedi.<\/p>\n<p>Atat\u00fcrk\u2019\u00fcn s\u00f6z konusu idadide b\u00fcy\u00fck kararl\u0131l\u0131kla e\u011fitimini s\u00fcrd\u00fcrd\u00fc\u011f\u00fcne ve d\u00fcnyadaki g\u00fcncel olaylar\u0131 yak\u0131ndan takip etti\u011fine i\u015faret eden Sekizk\u00f6k, \u201cAskeri e\u011fitimini m\u00fcteakiben cepheden cepheye ko\u015fan Atat\u00fcrk, e\u015fsiz bir m\u00fccadele neticesinde \u2018En b\u00fcy\u00fck eserim\u2019 dedi\u011fi T\u00fcrkiye Cumhuriyeti Devleti\u2019nin kurucusu olman\u0131n onuruna eri\u015fmi\u015ftir.\u201d ifadesini kulland\u0131.<\/p>\n<p><strong>Sekizk\u00f6k, Atat\u00fcrk\u2019\u00fcn Kuzey Makedonya\u2019daki T\u00fcrk toplumu i\u00e7in ilham kayna\u011f\u0131 olaca\u011f\u0131ndan emin oldu\u011funu kaydetti.<\/strong><\/p>\n<p><em><strong>\u201cT\u00fcrkiye, askeri te\u00e7hizat ve e\u011fitim noktas\u0131nda s\u00fcrekli yard\u0131m sa\u011flad\u0131\u201d<\/strong><\/em><\/p>\n<p>Kuzey Makedonya Genelkurmay Ba\u015fkan Yard\u0131mc\u0131s\u0131 Nuredin, d\u00fcnyaca \u00fcnl\u00fc lider, vizyoner ve devlet adam\u0131 olarak nitelendirdi\u011fi Atat\u00fcrk\u2019\u00fcn mezuniyetinin 122. y\u0131l\u0131 dolay\u0131s\u0131yla d\u00fczenlenen t\u00f6rende konu\u015fma yapmaktan duydu\u011fu memnuniyeti dile getirdi.<\/p>\n<p>Savunma alan\u0131nda T\u00fcrkiye ile \u00e7ok iyi ileti\u015fim ve kar\u015f\u0131l\u0131kl\u0131 i\u015f birlikleri oldu\u011funun alt\u0131n\u0131 \u00e7izen Nuredin, T\u00fcrkiye\u2019nin stratejik ortak olarak Kuzey Makedonya ordusuna askeri te\u00e7hizat ve e\u011fitim noktas\u0131nda s\u00fcrekli yard\u0131m sa\u011flad\u0131\u011f\u0131n\u0131 vurgulad\u0131.<\/p>\n<p>Nuredin, iki \u00fclke aras\u0131nda her zaman stratejik ortakl\u0131k ve b\u00fcy\u00fck dostluk oldu\u011funu belirterek, T\u00fcrkiye ile benzer de\u011ferlere sahip olduklar\u0131n\u0131, NATO \u00fcyesi olarak ortak ve m\u00fcreffeh bir gelecek i\u00e7in \u00e7abalad\u0131klar\u0131n\u0131 s\u00f6yledi.<\/p>\n<p>Tu\u011fgeneral Er ise T\u00fcrkiye ve Kuzey Makedonya aras\u0131nda kar\u015f\u0131l\u0131kl\u0131 g\u00fcvene dayal\u0131 i\u015f birli\u011finin mevcut oldu\u011funu vurgulayarak, diplomatik, askeri ve ticari ili\u015fkilerin giderek geli\u015fti\u011fini ifade etti.<\/p>\n<p>\u0130ki millet aras\u0131ndaki dostlu\u011fun, b\u00f6lgesel bar\u0131\u015f ve refaha b\u00fcy\u00fck katk\u0131 sa\u011flad\u0131\u011f\u0131n\u0131, bunun da Cumhurba\u015fkan\u0131 Recep Tayyip Erdo\u011fan\u2019\u0131n \u201cbu co\u011frafyayla manevi ba\u011f\u0131 olduklar\u0131\u201d y\u00f6n\u00fcndeki ifadesiyle tasdiklendi\u011fini s\u00f6yleyen Er, \u201cT\u00fcrkiye, Balkanlarda yak\u0131n bir dost ve g\u00fcvenli bir i\u015f birli\u011fi orta\u011f\u0131 olarak g\u00f6rd\u00fc\u011f\u00fc Kuzey Makedonya\u2019y\u0131 anayasal ismi ve ulusal kimli\u011fiyle tan\u0131yan ve \u00dcsk\u00fcp\u2019te b\u00fcy\u00fckel\u00e7ilik a\u00e7an ilk devlettir.\u201d diye konu\u015ftu.<\/p>\n<p>Konu\u015fmalar sonras\u0131nda t\u00f6rende bir Harbiyeli \u00f6\u011frenci \u015fiir okudu. Daha sonra davetliler, Manast\u0131r \u015eehir M\u00fczesi ile Atat\u00fcrk An\u0131 Odas\u0131\u2019n\u0131 ziyaret etti.<\/p>\n","protected":false},"excerpt":{"rendered":"<p>B\u00fcy\u00fck \u00d6nder Gazi Mustafa Kemal Atat\u00fcrk\u2019\u00fcn Kuzey Makedonya\u2019daki Manast\u0131r Askeri \u0130dadisinden mezuniyetinin 122. y\u0131l\u0131 dolay\u0131s\u0131yla anma t\u00f6reni d\u00fczenlendi. Manast\u0131r \u015eehir M\u00fczesi olarak kullan\u0131lan eski Manast\u0131r Askeri \u0130dadisinde yap\u0131lan t\u00f6rene, T\u00fcrkiye\u2019nin \u00dcsk\u00fcp B\u00fcy\u00fckel\u00e7isi Hasan Mehmet Sekizk\u00f6k, Kuzey Makedonya Anayasa Mahkemesi Ba\u015fkan\u0131 Salih Murat, Kuzey Makedonya Genelkurmay Ba\u015fkan Yard\u0131mc\u0131s\u0131 T\u00fcmgeneral Azim Nuredin, Tu\u011fgeneral Mustafa Er ba\u015fkanl\u0131\u011f\u0131ndaki T\u00fcrk &hellip;<\/p>\n","protected":false},"author":1,"featured_media":33709,"comment_status":"open","ping_status":"open","sticky":false,"template":"","format":"standard","meta":{"footnotes":""},"categories":[46],"tags":[231,155],"class_list":["post-33707","post","type-post","status-publish","format-standard","has-post-thumbnail","hentry","category-balkanlar","tag-kuzey-makedonya","tag-mustafa-kemal-ataturk"],"yoast_head":"<!-- This site is optimized with the Yoast SEO Premium plugin v26.3 (Yoast SEO v27.3) - https:\/\/yoast.com\/product\/yoast-seo-premium-wordpress\/ -->\n<title>Mustafa Kemal Atat\u00fcrk,Manast\u0131r Askeri \u0130dadisinde an\u0131ld\u0131... - Bat\u0131 Trakya Haber<\/title>\n<meta name=\"description\" content=\"Atat\u00fcrk, Manast\u0131r Askeri \u0130dadisinde an\u0131ld\u0131.\" \/>\n<meta name=\"robots\" content=\"index, follow, max-snippet:-1, max-image-preview:large, max-video-preview:-1\" \/>\n<link rel=\"canonical\" href=\"https:\/\/batitrakya.live\/index.php\/mustafa-kemal-ataturkmanastir-askeri-idadisinde-anildi\/\" \/>\n<meta property=\"og:locale\" content=\"tr_TR\" \/>\n<meta property=\"og:type\" content=\"article\" \/>\n<meta property=\"og:title\" content=\"Mustafa Kemal Atat\u00fcrk,Manast\u0131r Askeri \u0130dadisinde an\u0131ld\u0131...\" \/>\n<meta property=\"og:description\" content=\"Atat\u00fcrk, Manast\u0131r Askeri \u0130dadisinde an\u0131ld\u0131.\" \/>\n<meta property=\"og:url\" content=\"https:\/\/batitrakya.live\/index.php\/mustafa-kemal-ataturkmanastir-askeri-idadisinde-anildi\/\" \/>\n<meta property=\"og:site_name\" content=\"Bat\u0131 Trakya Haber\" \/>\n<meta property=\"article:published_time\" content=\"2021-03-13T18:46:06+00:00\" \/>\n<meta property=\"og:image\" content=\"https:\/\/batitrakya.live\/wp-content\/uploads\/2021\/03\/manastir_askeri_idadie.jpg\" \/>\n\t<meta property=\"og:image:width\" content=\"720\" \/>\n\t<meta property=\"og:image:height\" content=\"436\" \/>\n\t<meta property=\"og:image:type\" content=\"image\/jpeg\" \/>\n<meta name=\"author\" content=\"tamer\" \/>\n<meta name=\"twitter:card\" content=\"summary_large_image\" \/>\n<meta name=\"twitter:label1\" content=\"Yazan:\" \/>\n\t<meta name=\"twitter:data1\" content=\"tamer\" \/>\n\t<meta name=\"twitter:label2\" content=\"Tahmini okuma s\u00fcresi\" \/>\n\t<meta name=\"twitter:data2\" content=\"2 dakika\" \/>\n<script type=\"application\/ld+json\" class=\"yoast-schema-graph\">{\"@context\":\"https:\\\/\\\/schema.org\",\"@graph\":[{\"@type\":\"Article\",\"@id\":\"https:\\\/\\\/batitrakya.live\\\/index.php\\\/mustafa-kemal-ataturkmanastir-askeri-idadisinde-anildi\\\/#article\",\"isPartOf\":{\"@id\":\"https:\\\/\\\/batitrakya.live\\\/index.php\\\/mustafa-kemal-ataturkmanastir-askeri-idadisinde-anildi\\\/\"},\"author\":{\"name\":\"tamer\",\"@id\":\"https:\\\/\\\/batitrakya.live\\\/#\\\/schema\\\/person\\\/61b86abbc19e5fa0bbc3059670546fe5\"},\"headline\":\"Mustafa Kemal Atat\u00fcrk,Manast\u0131r Askeri \u0130dadisinde an\u0131ld\u0131&#8230;\",\"datePublished\":\"2021-03-13T18:46:06+00:00\",\"mainEntityOfPage\":{\"@id\":\"https:\\\/\\\/batitrakya.live\\\/index.php\\\/mustafa-kemal-ataturkmanastir-askeri-idadisinde-anildi\\\/\"},\"wordCount\":592,\"commentCount\":0,\"image\":{\"@id\":\"https:\\\/\\\/batitrakya.live\\\/index.php\\\/mustafa-kemal-ataturkmanastir-askeri-idadisinde-anildi\\\/#primaryimage\"},\"thumbnailUrl\":\"https:\\\/\\\/batitrakya.live\\\/wp-content\\\/uploads\\\/2021\\\/03\\\/manastir_askeri_idadie.jpg\",\"keywords\":[\"Kuzey Makedonya\",\"Mustafa Kemal Atat\u00fcrk\"],\"articleSection\":[\"Balkanlar | Avrupa Haber\"],\"inLanguage\":\"tr\",\"potentialAction\":[{\"@type\":\"CommentAction\",\"name\":\"Comment\",\"target\":[\"https:\\\/\\\/batitrakya.live\\\/index.php\\\/mustafa-kemal-ataturkmanastir-askeri-idadisinde-anildi\\\/#respond\"]}],\"copyrightYear\":\"2021\",\"copyrightHolder\":{\"@id\":\"https:\\\/\\\/batitrakya.live\\\/#organization\"}},{\"@type\":\"WebPage\",\"@id\":\"https:\\\/\\\/batitrakya.live\\\/index.php\\\/mustafa-kemal-ataturkmanastir-askeri-idadisinde-anildi\\\/\",\"url\":\"https:\\\/\\\/batitrakya.live\\\/index.php\\\/mustafa-kemal-ataturkmanastir-askeri-idadisinde-anildi\\\/\",\"name\":\"Mustafa Kemal Atat\u00fcrk,Manast\u0131r Askeri \u0130dadisinde an\u0131ld\u0131... - Bat\u0131 Trakya Haber\",\"isPartOf\":{\"@id\":\"https:\\\/\\\/batitrakya.live\\\/#website\"},\"primaryImageOfPage\":{\"@id\":\"https:\\\/\\\/batitrakya.live\\\/index.php\\\/mustafa-kemal-ataturkmanastir-askeri-idadisinde-anildi\\\/#primaryimage\"},\"image\":{\"@id\":\"https:\\\/\\\/batitrakya.live\\\/index.php\\\/mustafa-kemal-ataturkmanastir-askeri-idadisinde-anildi\\\/#primaryimage\"},\"thumbnailUrl\":\"https:\\\/\\\/batitrakya.live\\\/wp-content\\\/uploads\\\/2021\\\/03\\\/manastir_askeri_idadie.jpg\",\"datePublished\":\"2021-03-13T18:46:06+00:00\",\"author\":{\"@id\":\"https:\\\/\\\/batitrakya.live\\\/#\\\/schema\\\/person\\\/61b86abbc19e5fa0bbc3059670546fe5\"},\"description\":\"Atat\u00fcrk, Manast\u0131r Askeri \u0130dadisinde an\u0131ld\u0131.\",\"breadcrumb\":{\"@id\":\"https:\\\/\\\/batitrakya.live\\\/index.php\\\/mustafa-kemal-ataturkmanastir-askeri-idadisinde-anildi\\\/#breadcrumb\"},\"inLanguage\":\"tr\",\"potentialAction\":[{\"@type\":\"ReadAction\",\"target\":[\"https:\\\/\\\/batitrakya.live\\\/index.php\\\/mustafa-kemal-ataturkmanastir-askeri-idadisinde-anildi\\\/\"]}]},{\"@type\":\"ImageObject\",\"inLanguage\":\"tr\",\"@id\":\"https:\\\/\\\/batitrakya.live\\\/index.php\\\/mustafa-kemal-ataturkmanastir-askeri-idadisinde-anildi\\\/#primaryimage\",\"url\":\"https:\\\/\\\/batitrakya.live\\\/wp-content\\\/uploads\\\/2021\\\/03\\\/manastir_askeri_idadie.jpg\",\"contentUrl\":\"https:\\\/\\\/batitrakya.live\\\/wp-content\\\/uploads\\\/2021\\\/03\\\/manastir_askeri_idadie.jpg\",\"width\":720,\"height\":436},{\"@type\":\"BreadcrumbList\",\"@id\":\"https:\\\/\\\/batitrakya.live\\\/index.php\\\/mustafa-kemal-ataturkmanastir-askeri-idadisinde-anildi\\\/#breadcrumb\",\"itemListElement\":[{\"@type\":\"ListItem\",\"position\":1,\"name\":\"Anasayfa\",\"item\":\"https:\\\/\\\/batitrakya.live\\\/\"},{\"@type\":\"ListItem\",\"position\":2,\"name\":\"Mustafa Kemal Atat\u00fcrk,Manast\u0131r Askeri \u0130dadisinde an\u0131ld\u0131&#8230;\"}]},{\"@type\":\"WebSite\",\"@id\":\"https:\\\/\\\/batitrakya.live\\\/#website\",\"url\":\"https:\\\/\\\/batitrakya.live\\\/\",\"name\":\"Bat\u0131 Trakya Haber\",\"description\":\"Bat\u0131 Trakyan\u0131n internetteki sesi..\",\"potentialAction\":[{\"@type\":\"SearchAction\",\"target\":{\"@type\":\"EntryPoint\",\"urlTemplate\":\"https:\\\/\\\/batitrakya.live\\\/?s={search_term_string}\"},\"query-input\":{\"@type\":\"PropertyValueSpecification\",\"valueRequired\":true,\"valueName\":\"search_term_string\"}}],\"inLanguage\":\"tr\"},{\"@type\":\"Person\",\"@id\":\"https:\\\/\\\/batitrakya.live\\\/#\\\/schema\\\/person\\\/61b86abbc19e5fa0bbc3059670546fe5\",\"name\":\"tamer\",\"image\":{\"@type\":\"ImageObject\",\"inLanguage\":\"tr\",\"@id\":\"https:\\\/\\\/secure.gravatar.com\\\/avatar\\\/60b0ff14c4376999cea9565d28b91fc61ff0f727c28cd083506a6d83ad6df9c9?s=96&d=mm&r=g\",\"url\":\"https:\\\/\\\/secure.gravatar.com\\\/avatar\\\/60b0ff14c4376999cea9565d28b91fc61ff0f727c28cd083506a6d83ad6df9c9?s=96&d=mm&r=g\",\"contentUrl\":\"https:\\\/\\\/secure.gravatar.com\\\/avatar\\\/60b0ff14c4376999cea9565d28b91fc61ff0f727c28cd083506a6d83ad6df9c9?s=96&d=mm&r=g\",\"caption\":\"tamer\"},\"sameAs\":[\"https:\\\/\\\/batitrakya.live\"],\"url\":\"https:\\\/\\\/batitrakya.live\\\/index.php\\\/author\\\/tamer\\\/\"}]}<\/script>\n<!-- \/ Yoast SEO Premium plugin. -->","yoast_head_json":{"title":"Mustafa Kemal Atat\u00fcrk,Manast\u0131r Askeri \u0130dadisinde an\u0131ld\u0131... - Bat\u0131 Trakya Haber","description":"Atat\u00fcrk, Manast\u0131r Askeri \u0130dadisinde an\u0131ld\u0131.","robots":{"index":"index","follow":"follow","max-snippet":"max-snippet:-1","max-image-preview":"max-image-preview:large","max-video-preview":"max-video-preview:-1"},"canonical":"https:\/\/batitrakya.live\/index.php\/mustafa-kemal-ataturkmanastir-askeri-idadisinde-anildi\/","og_locale":"tr_TR","og_type":"article","og_title":"Mustafa Kemal Atat\u00fcrk,Manast\u0131r Askeri \u0130dadisinde an\u0131ld\u0131...","og_description":"Atat\u00fcrk, Manast\u0131r Askeri \u0130dadisinde an\u0131ld\u0131.","og_url":"https:\/\/batitrakya.live\/index.php\/mustafa-kemal-ataturkmanastir-askeri-idadisinde-anildi\/","og_site_name":"Bat\u0131 Trakya Haber","article_published_time":"2021-03-13T18:46:06+00:00","og_image":[{"width":720,"height":436,"url":"https:\/\/batitrakya.live\/wp-content\/uploads\/2021\/03\/manastir_askeri_idadie.jpg","type":"image\/jpeg"}],"author":"tamer","twitter_card":"summary_large_image","twitter_misc":{"Yazan:":"tamer","Tahmini okuma s\u00fcresi":"2 dakika"},"schema":{"@context":"https:\/\/schema.org","@graph":[{"@type":"Article","@id":"https:\/\/batitrakya.live\/index.php\/mustafa-kemal-ataturkmanastir-askeri-idadisinde-anildi\/#article","isPartOf":{"@id":"https:\/\/batitrakya.live\/index.php\/mustafa-kemal-ataturkmanastir-askeri-idadisinde-anildi\/"},"author":{"name":"tamer","@id":"https:\/\/batitrakya.live\/#\/schema\/person\/61b86abbc19e5fa0bbc3059670546fe5"},"headline":"Mustafa Kemal Atat\u00fcrk,Manast\u0131r Askeri \u0130dadisinde an\u0131ld\u0131&#8230;","datePublished":"2021-03-13T18:46:06+00:00","mainEntityOfPage":{"@id":"https:\/\/batitrakya.live\/index.php\/mustafa-kemal-ataturkmanastir-askeri-idadisinde-anildi\/"},"wordCount":592,"commentCount":0,"image":{"@id":"https:\/\/batitrakya.live\/index.php\/mustafa-kemal-ataturkmanastir-askeri-idadisinde-anildi\/#primaryimage"},"thumbnailUrl":"https:\/\/batitrakya.live\/wp-content\/uploads\/2021\/03\/manastir_askeri_idadie.jpg","keywords":["Kuzey Makedonya","Mustafa Kemal Atat\u00fcrk"],"articleSection":["Balkanlar | Avrupa Haber"],"inLanguage":"tr","potentialAction":[{"@type":"CommentAction","name":"Comment","target":["https:\/\/batitrakya.live\/index.php\/mustafa-kemal-ataturkmanastir-askeri-idadisinde-anildi\/#respond"]}],"copyrightYear":"2021","copyrightHolder":{"@id":"https:\/\/batitrakya.live\/#organization"}},{"@type":"WebPage","@id":"https:\/\/batitrakya.live\/index.php\/mustafa-kemal-ataturkmanastir-askeri-idadisinde-anildi\/","url":"https:\/\/batitrakya.live\/index.php\/mustafa-kemal-ataturkmanastir-askeri-idadisinde-anildi\/","name":"Mustafa Kemal Atat\u00fcrk,Manast\u0131r Askeri \u0130dadisinde an\u0131ld\u0131... - Bat\u0131 Trakya Haber","isPartOf":{"@id":"https:\/\/batitrakya.live\/#website"},"primaryImageOfPage":{"@id":"https:\/\/batitrakya.live\/index.php\/mustafa-kemal-ataturkmanastir-askeri-idadisinde-anildi\/#primaryimage"},"image":{"@id":"https:\/\/batitrakya.live\/index.php\/mustafa-kemal-ataturkmanastir-askeri-idadisinde-anildi\/#primaryimage"},"thumbnailUrl":"https:\/\/batitrakya.live\/wp-content\/uploads\/2021\/03\/manastir_askeri_idadie.jpg","datePublished":"2021-03-13T18:46:06+00:00","author":{"@id":"https:\/\/batitrakya.live\/#\/schema\/person\/61b86abbc19e5fa0bbc3059670546fe5"},"description":"Atat\u00fcrk, Manast\u0131r Askeri \u0130dadisinde an\u0131ld\u0131.","breadcrumb":{"@id":"https:\/\/batitrakya.live\/index.php\/mustafa-kemal-ataturkmanastir-askeri-idadisinde-anildi\/#breadcrumb"},"inLanguage":"tr","potentialAction":[{"@type":"ReadAction","target":["https:\/\/batitrakya.live\/index.php\/mustafa-kemal-ataturkmanastir-askeri-idadisinde-anildi\/"]}]},{"@type":"ImageObject","inLanguage":"tr","@id":"https:\/\/batitrakya.live\/index.php\/mustafa-kemal-ataturkmanastir-askeri-idadisinde-anildi\/#primaryimage","url":"https:\/\/batitrakya.live\/wp-content\/uploads\/2021\/03\/manastir_askeri_idadie.jpg","contentUrl":"https:\/\/batitrakya.live\/wp-content\/uploads\/2021\/03\/manastir_askeri_idadie.jpg","width":720,"height":436},{"@type":"BreadcrumbList","@id":"https:\/\/batitrakya.live\/index.php\/mustafa-kemal-ataturkmanastir-askeri-idadisinde-anildi\/#breadcrumb","itemListElement":[{"@type":"ListItem","position":1,"name":"Anasayfa","item":"https:\/\/batitrakya.live\/"},{"@type":"ListItem","position":2,"name":"Mustafa Kemal Atat\u00fcrk,Manast\u0131r Askeri \u0130dadisinde an\u0131ld\u0131&#8230;"}]},{"@type":"WebSite","@id":"https:\/\/batitrakya.live\/#website","url":"https:\/\/batitrakya.live\/","name":"Bat\u0131 Trakya Haber","description":"Bat\u0131 Trakyan\u0131n internetteki sesi..","potentialAction":[{"@type":"SearchAction","target":{"@type":"EntryPoint","urlTemplate":"https:\/\/batitrakya.live\/?s={search_term_string}"},"query-input":{"@type":"PropertyValueSpecification","valueRequired":true,"valueName":"search_term_string"}}],"inLanguage":"tr"},{"@type":"Person","@id":"https:\/\/batitrakya.live\/#\/schema\/person\/61b86abbc19e5fa0bbc3059670546fe5","name":"tamer","image":{"@type":"ImageObject","inLanguage":"tr","@id":"https:\/\/secure.gravatar.com\/avatar\/60b0ff14c4376999cea9565d28b91fc61ff0f727c28cd083506a6d83ad6df9c9?s=96&d=mm&r=g","url":"https:\/\/secure.gravatar.com\/avatar\/60b0ff14c4376999cea9565d28b91fc61ff0f727c28cd083506a6d83ad6df9c9?s=96&d=mm&r=g","contentUrl":"https:\/\/secure.gravatar.com\/avatar\/60b0ff14c4376999cea9565d28b91fc61ff0f727c28cd083506a6d83ad6df9c9?s=96&d=mm&r=g","caption":"tamer"},"sameAs":["https:\/\/batitrakya.live"],"url":"https:\/\/batitrakya.live\/index.php\/author\/tamer\/"}]}},"_links":{"self":[{"href":"https:\/\/batitrakya.live\/index.php\/wp-json\/wp\/v2\/posts\/33707","targetHints":{"allow":["GET"]}}],"collection":[{"href":"https:\/\/batitrakya.live\/index.php\/wp-json\/wp\/v2\/posts"}],"about":[{"href":"https:\/\/batitrakya.live\/index.php\/wp-json\/wp\/v2\/types\/post"}],"author":[{"embeddable":true,"href":"https:\/\/batitrakya.live\/index.php\/wp-json\/wp\/v2\/users\/1"}],"replies":[{"embeddable":true,"href":"https:\/\/batitrakya.live\/index.php\/wp-json\/wp\/v2\/comments?post=33707"}],"version-history":[{"count":0,"href":"https:\/\/batitrakya.live\/index.php\/wp-json\/wp\/v2\/posts\/33707\/revisions"}],"wp:featuredmedia":[{"embeddable":true,"href":"https:\/\/batitrakya.live\/index.php\/wp-json\/wp\/v2\/media\/33709"}],"wp:attachment":[{"href":"https:\/\/batitrakya.live\/index.php\/wp-json\/wp\/v2\/media?parent=33707"}],"wp:term":[{"taxonomy":"category","embeddable":true,"href":"https:\/\/batitrakya.live\/index.php\/wp-json\/wp\/v2\/categories?post=33707"},{"taxonomy":"post_tag","embeddable":true,"href":"https:\/\/batitrakya.live\/index.php\/wp-json\/wp\/v2\/tags?post=33707"}],"curies":[{"name":"wp","href":"https:\/\/api.w.org\/{rel}","templated":true}]}}