{"id":33573,"date":"2021-03-10T21:22:58","date_gmt":"2021-03-10T18:22:58","guid":{"rendered":"https:\/\/batitrakya.live\/?p=33573"},"modified":"2021-03-10T21:22:58","modified_gmt":"2021-03-10T18:22:58","slug":"bati-trakya-turk-heyeti-2021-yilinin-ilk-agit-ek-insani-boyut-toplantisina-katildi","status":"publish","type":"post","link":"https:\/\/batitrakya.live\/index.php\/bati-trakya-turk-heyeti-2021-yilinin-ilk-agit-ek-insani-boyut-toplantisina-katildi\/","title":{"rendered":"Bat\u0131 Trakya T\u00fcrk heyeti 2021 y\u0131l\u0131n\u0131n ilk AG\u0130T Ek \u0130nsani Boyut Toplant\u0131s\u0131\u2019na kat\u0131ld\u0131&#8230;"},"content":{"rendered":"<p>Bat\u0131 Trakya T\u00fcrk toplumunu temsilen Avrupa Bat\u0131 Trakya T\u00fcrk Federasyonu (ABTTF), Bat\u0131 Trakya Az\u0131nl\u0131\u011f\u0131 Y\u00fcksek Tahsilliler Derne\u011fi (BTAYTD) ve Dostluk E\u015fitlik Bar\u0131\u015f (DEB) Partisi, 8-9 Mart 2021 tarihlerinde yeni tip koronavir\u00fcs (Kovid-19) salg\u0131n\u0131 nedeniyle \u00e7evrim i\u00e7i d\u00fczenlenen \u201cMedya \u00d6zg\u00fcrl\u00fc\u011f\u00fc ve Toplumsal Cinsiyet E\u015fitli\u011fi\u201d ba\u015fl\u0131kl\u0131 Avrupa G\u00fcvenlik ve \u0130\u015fbirli\u011fi Te\u015fkilat\u0131 (AG\u0130T) Ek \u0130nsani Boyut Toplant\u0131s\u0131\u2019na kat\u0131ld\u0131.<\/p>\n<p>AG\u0130T D\u00f6nem Ba\u015fkan\u0131 \u0130sve\u00e7, AG\u0130T Medya \u00d6zg\u00fcrl\u00fc\u011f\u00fc Temsilcisi ve AG\u0130T Demokratik Kurumlar ve \u0130nsan Haklar\u0131 Ofisi\u2019nin (ODIHR) birlikte d\u00fczenledi\u011fi toplant\u0131ya ABTTF\u2019yi temsilen Deniz Servantie ve Nihan Ayan, BTAYTD\u2019yi temsilen Dr. Pervin Hayrullah ve DEB Partisi\u2019ni temsilen Genel Koordinat\u00f6r Fatih H\u00fcseyino\u011flu i\u015ftirak etti.<\/p>\n<p>Toplant\u0131ya AG\u0130T kat\u0131l\u0131mc\u0131 Devletleri, sivil toplum kurulu\u015flar\u0131, uluslararas\u0131 kurulu\u015flar ve ulusa insan haklar\u0131 kurulu\u015flar\u0131 temsilcilerinden olu\u015fan 370\u2019in \u00fczerinde ki\u015fi kat\u0131ld\u0131. AG\u0130T D\u00f6nem Ba\u015fkan\u0131 \u0130sve\u00e7 D\u0131\u015fi\u015fleri Bakan\u0131 Ann Linde, AG\u0130T\/ODIHR Direkt\u00f6r\u00fc Matteo Mecacci ve AG\u0130T Medya \u00d6zg\u00fcrl\u00fc\u011f\u00fc Temsilcisi Teresa Ribeiro\u2019nun a\u00e7\u0131\u015f konu\u015fmalar\u0131yla ba\u015flayan toplant\u0131da toplumsal cinsiyet e\u015fitli\u011finin sa\u011flanmas\u0131 ve ba\u011f\u0131ms\u0131z medyan\u0131n \u00f6nemi tart\u0131\u015f\u0131ld\u0131.<\/p>\n<p>8 Mart\u2019taki toplumsal cinsiyet e\u015fitli\u011fi ve ifade \u00f6zg\u00fcrl\u00fc\u011f\u00fcn\u00fcn tart\u0131\u015f\u0131ld\u0131\u011f\u0131 ilk oturumda konu\u015fan DEB Partisi, Bat\u0131 Trakya T\u00fcrk toplumuna mensup kad\u0131nlar\u0131n\u0131n Yunanistan\u2019da \u00e7o\u011funlu\u011fa mensup kad\u0131nlar ile kar\u015f\u0131la\u015ft\u0131r\u0131ld\u0131\u011f\u0131nda daha da fazla ayr\u0131mc\u0131l\u0131\u011fa maruz kald\u0131klar\u0131n\u0131 aktard\u0131. Bat\u0131 Trakya T\u00fcrk kad\u0131nlar\u0131n\u0131n haklar\u0131 ve kimliklerinin tan\u0131nmas\u0131 i\u00e7in m\u00fccadele etti\u011fini belirten DEB Partisi, Yunan makamlar\u0131n\u0131n Bat\u0131 Trakya\u2019da isminde \u201cT\u00fcrk\u201d kelimesi ge\u00e7en kad\u0131n derne\u011finin kurulmas\u0131na 2001 y\u0131l\u0131ndan beri izin vermedi\u011fini dile getirdi.<\/p>\n<p>9 Mart\u2019taki kad\u0131n, bar\u0131\u015f ve g\u00fcvenlik g\u00fcndemin uygulanmas\u0131nda medyan\u0131n rol\u00fcn\u00fcn tart\u0131\u015f\u0131ld\u0131\u011f\u0131 ikinci oturumda konu\u015fan ABTTF, Bat\u0131 Trakya T\u00fcrk toplumunun Yunan \u00e7o\u011funluk medyas\u0131nda nefret s\u00f6yleminin hedefi olmaya devam etti\u011fini s\u00f6yledi. Aral\u0131k 2020\u2019de Bat\u0131 Trakya T\u00fcrk toplumuna mensup i\u015f insanlar\u0131nca \u0130ske\u00e7e Devlet Hastanesi\u2019ne yap\u0131lan oksijen jenerat\u00f6r\u00fc ba\u011f\u0131\u015f\u0131n\u0131n hakarete kadar varan boyutlarda ele\u015ftirildi\u011fini hat\u0131rlatan ABTTF, Yunanistan\u2019a \u00e7evrim i\u00e7i ve sosyal medya platformlar\u0131 dahil olmak \u00fczere medyada nefret su\u00e7una yol a\u00e7abilecek nefret s\u00f6ylemini tan\u0131mlayan mevcut mekanizmalar\u0131 g\u00fc\u00e7lendirme \u00e7a\u011fr\u0131s\u0131nda bulundu.<\/p>\n<p>Ayn\u0131 oturumda konu\u015fan BTAYTD, 2020 y\u0131l\u0131nda Yunanistan Parlamentosu\u2019nda Bat\u0131 Trakya b\u00f6lgesine ili\u015fkin bir kalk\u0131nma komisyonunun kuruldu\u011funu ancak buna ra\u011fmen Bat\u0131 Trakya T\u00fcrk toplumunu hedef alan nefret s\u00f6ylemi ve hatta nefret su\u00e7lar\u0131n\u0131n art\u0131\u015f g\u00f6sterdi\u011fini kaydetti. BTAYTD, Yunanistan\u2019dan \u00f6nceden \u00e7at\u0131\u015fma ve nefret temelli sald\u0131r\u0131lar\u0131 \u00f6nlemek i\u00e7in Bat\u0131 Trakya T\u00fcrk toplumunun etnik T\u00fcrk kimli\u011fini tan\u0131mas\u0131n\u0131 talep etti.<\/p>\n<p>Her iki oturumda da yan\u0131t hakk\u0131n\u0131 kullanan Yunanistan, Yunan devletinin Bat\u0131 Trakya T\u00fcrk toplumuna dair resmi g\u00f6r\u00fc\u015f\u00fcn\u00fc tekrar ederek, Yunanistan\u2019\u0131n Bat\u0131 Trakya\u2019da yaln\u0131zca \u201cM\u00fcsl\u00fcman az\u0131nl\u0131\u011f\u0131\u201d tan\u0131d\u0131\u011f\u0131n\u0131 ve az\u0131nl\u0131\u011f\u0131n medyaya eri\u015fimine olanak sa\u011flad\u0131\u011f\u0131n\u0131 iddia etti.<\/p>\n","protected":false},"excerpt":{"rendered":"<p>Bat\u0131 Trakya T\u00fcrk toplumunu temsilen Avrupa Bat\u0131 Trakya T\u00fcrk Federasyonu (ABTTF), Bat\u0131 Trakya Az\u0131nl\u0131\u011f\u0131 Y\u00fcksek Tahsilliler Derne\u011fi (BTAYTD) ve Dostluk E\u015fitlik Bar\u0131\u015f (DEB) Partisi, 8-9 Mart 2021 tarihlerinde yeni tip koronavir\u00fcs (Kovid-19) salg\u0131n\u0131 nedeniyle \u00e7evrim i\u00e7i d\u00fczenlenen \u201cMedya \u00d6zg\u00fcrl\u00fc\u011f\u00fc ve Toplumsal Cinsiyet E\u015fitli\u011fi\u201d ba\u015fl\u0131kl\u0131 Avrupa G\u00fcvenlik ve \u0130\u015fbirli\u011fi Te\u015fkilat\u0131 (AG\u0130T) Ek \u0130nsani Boyut Toplant\u0131s\u0131\u2019na kat\u0131ld\u0131. &hellip;<\/p>\n","protected":false},"author":1,"featured_media":33575,"comment_status":"open","ping_status":"open","sticky":false,"template":"","format":"standard","meta":{"footnotes":""},"categories":[24],"tags":[78,317,89],"class_list":["post-33573","post","type-post","status-publish","format-standard","has-post-thumbnail","hentry","category-bati-trakyam-haber","tag-abttf","tag-agit","tag-btaytd"],"yoast_head":"<!-- This site is optimized with the Yoast SEO Premium plugin v26.3 (Yoast SEO v27.3) - https:\/\/yoast.com\/product\/yoast-seo-premium-wordpress\/ -->\n<title>Bat\u0131 Trakya T\u00fcrk heyeti 2021 y\u0131l\u0131n\u0131n ilk AG\u0130T Ek \u0130nsani Boyut Toplant\u0131s\u0131\u2019na kat\u0131ld\u0131... - Bat\u0131 Trakya Haber<\/title>\n<meta name=\"robots\" content=\"index, follow, max-snippet:-1, max-image-preview:large, max-video-preview:-1\" \/>\n<link rel=\"canonical\" href=\"https:\/\/batitrakya.live\/index.php\/bati-trakya-turk-heyeti-2021-yilinin-ilk-agit-ek-insani-boyut-toplantisina-katildi\/\" \/>\n<meta property=\"og:locale\" content=\"tr_TR\" \/>\n<meta property=\"og:type\" content=\"article\" \/>\n<meta property=\"og:title\" content=\"Bat\u0131 Trakya T\u00fcrk heyeti 2021 y\u0131l\u0131n\u0131n ilk AG\u0130T Ek \u0130nsani Boyut Toplant\u0131s\u0131\u2019na kat\u0131ld\u0131...\" \/>\n<meta property=\"og:description\" content=\"Bat\u0131 Trakya T\u00fcrk toplumunu temsilen Avrupa Bat\u0131 Trakya T\u00fcrk Federasyonu (ABTTF), Bat\u0131 Trakya Az\u0131nl\u0131\u011f\u0131 Y\u00fcksek Tahsilliler Derne\u011fi (BTAYTD) ve Dostluk E\u015fitlik Bar\u0131\u015f (DEB) Partisi, 8-9 Mart 2021 tarihlerinde yeni tip koronavir\u00fcs (Kovid-19) salg\u0131n\u0131 nedeniyle \u00e7evrim i\u00e7i d\u00fczenlenen \u201cMedya \u00d6zg\u00fcrl\u00fc\u011f\u00fc ve Toplumsal Cinsiyet E\u015fitli\u011fi\u201d ba\u015fl\u0131kl\u0131 Avrupa G\u00fcvenlik ve \u0130\u015fbirli\u011fi Te\u015fkilat\u0131 (AG\u0130T) Ek \u0130nsani Boyut Toplant\u0131s\u0131\u2019na kat\u0131ld\u0131. &hellip;\" \/>\n<meta property=\"og:url\" content=\"https:\/\/batitrakya.live\/index.php\/bati-trakya-turk-heyeti-2021-yilinin-ilk-agit-ek-insani-boyut-toplantisina-katildi\/\" \/>\n<meta property=\"og:site_name\" content=\"Bat\u0131 Trakya Haber\" \/>\n<meta property=\"article:published_time\" content=\"2021-03-10T18:22:58+00:00\" \/>\n<meta property=\"og:image\" content=\"https:\/\/batitrakya.live\/wp-content\/uploads\/2021\/03\/osce.jpeg\" \/>\n\t<meta property=\"og:image:width\" content=\"719\" \/>\n\t<meta property=\"og:image:height\" content=\"348\" \/>\n\t<meta property=\"og:image:type\" content=\"image\/jpeg\" \/>\n<meta name=\"author\" content=\"tamer\" \/>\n<meta name=\"twitter:card\" content=\"summary_large_image\" \/>\n<meta name=\"twitter:label1\" content=\"Yazan:\" \/>\n\t<meta name=\"twitter:data1\" content=\"tamer\" \/>\n\t<meta name=\"twitter:label2\" content=\"Tahmini okuma s\u00fcresi\" \/>\n\t<meta name=\"twitter:data2\" content=\"2 dakika\" \/>\n<script type=\"application\/ld+json\" class=\"yoast-schema-graph\">{\"@context\":\"https:\\\/\\\/schema.org\",\"@graph\":[{\"@type\":\"Article\",\"@id\":\"https:\\\/\\\/batitrakya.live\\\/index.php\\\/bati-trakya-turk-heyeti-2021-yilinin-ilk-agit-ek-insani-boyut-toplantisina-katildi\\\/#article\",\"isPartOf\":{\"@id\":\"https:\\\/\\\/batitrakya.live\\\/index.php\\\/bati-trakya-turk-heyeti-2021-yilinin-ilk-agit-ek-insani-boyut-toplantisina-katildi\\\/\"},\"author\":{\"name\":\"tamer\",\"@id\":\"https:\\\/\\\/batitrakya.live\\\/#\\\/schema\\\/person\\\/61b86abbc19e5fa0bbc3059670546fe5\"},\"headline\":\"Bat\u0131 Trakya T\u00fcrk heyeti 2021 y\u0131l\u0131n\u0131n ilk AG\u0130T Ek \u0130nsani Boyut Toplant\u0131s\u0131\u2019na kat\u0131ld\u0131&#8230;\",\"datePublished\":\"2021-03-10T18:22:58+00:00\",\"mainEntityOfPage\":{\"@id\":\"https:\\\/\\\/batitrakya.live\\\/index.php\\\/bati-trakya-turk-heyeti-2021-yilinin-ilk-agit-ek-insani-boyut-toplantisina-katildi\\\/\"},\"wordCount\":590,\"commentCount\":0,\"image\":{\"@id\":\"https:\\\/\\\/batitrakya.live\\\/index.php\\\/bati-trakya-turk-heyeti-2021-yilinin-ilk-agit-ek-insani-boyut-toplantisina-katildi\\\/#primaryimage\"},\"thumbnailUrl\":\"https:\\\/\\\/batitrakya.live\\\/wp-content\\\/uploads\\\/2021\\\/03\\\/osce.jpeg\",\"keywords\":[\"ABTTF\",\"AG\u0130T\",\"BTAYTD\"],\"articleSection\":[\"Bat\u0131 Trakyam Haber\"],\"inLanguage\":\"tr\",\"potentialAction\":[{\"@type\":\"CommentAction\",\"name\":\"Comment\",\"target\":[\"https:\\\/\\\/batitrakya.live\\\/index.php\\\/bati-trakya-turk-heyeti-2021-yilinin-ilk-agit-ek-insani-boyut-toplantisina-katildi\\\/#respond\"]}],\"copyrightYear\":\"2021\",\"copyrightHolder\":{\"@id\":\"https:\\\/\\\/batitrakya.live\\\/#organization\"}},{\"@type\":\"WebPage\",\"@id\":\"https:\\\/\\\/batitrakya.live\\\/index.php\\\/bati-trakya-turk-heyeti-2021-yilinin-ilk-agit-ek-insani-boyut-toplantisina-katildi\\\/\",\"url\":\"https:\\\/\\\/batitrakya.live\\\/index.php\\\/bati-trakya-turk-heyeti-2021-yilinin-ilk-agit-ek-insani-boyut-toplantisina-katildi\\\/\",\"name\":\"Bat\u0131 Trakya T\u00fcrk heyeti 2021 y\u0131l\u0131n\u0131n ilk AG\u0130T Ek \u0130nsani Boyut Toplant\u0131s\u0131\u2019na kat\u0131ld\u0131... - Bat\u0131 Trakya Haber\",\"isPartOf\":{\"@id\":\"https:\\\/\\\/batitrakya.live\\\/#website\"},\"primaryImageOfPage\":{\"@id\":\"https:\\\/\\\/batitrakya.live\\\/index.php\\\/bati-trakya-turk-heyeti-2021-yilinin-ilk-agit-ek-insani-boyut-toplantisina-katildi\\\/#primaryimage\"},\"image\":{\"@id\":\"https:\\\/\\\/batitrakya.live\\\/index.php\\\/bati-trakya-turk-heyeti-2021-yilinin-ilk-agit-ek-insani-boyut-toplantisina-katildi\\\/#primaryimage\"},\"thumbnailUrl\":\"https:\\\/\\\/batitrakya.live\\\/wp-content\\\/uploads\\\/2021\\\/03\\\/osce.jpeg\",\"datePublished\":\"2021-03-10T18:22:58+00:00\",\"author\":{\"@id\":\"https:\\\/\\\/batitrakya.live\\\/#\\\/schema\\\/person\\\/61b86abbc19e5fa0bbc3059670546fe5\"},\"breadcrumb\":{\"@id\":\"https:\\\/\\\/batitrakya.live\\\/index.php\\\/bati-trakya-turk-heyeti-2021-yilinin-ilk-agit-ek-insani-boyut-toplantisina-katildi\\\/#breadcrumb\"},\"inLanguage\":\"tr\",\"potentialAction\":[{\"@type\":\"ReadAction\",\"target\":[\"https:\\\/\\\/batitrakya.live\\\/index.php\\\/bati-trakya-turk-heyeti-2021-yilinin-ilk-agit-ek-insani-boyut-toplantisina-katildi\\\/\"]}]},{\"@type\":\"ImageObject\",\"inLanguage\":\"tr\",\"@id\":\"https:\\\/\\\/batitrakya.live\\\/index.php\\\/bati-trakya-turk-heyeti-2021-yilinin-ilk-agit-ek-insani-boyut-toplantisina-katildi\\\/#primaryimage\",\"url\":\"https:\\\/\\\/batitrakya.live\\\/wp-content\\\/uploads\\\/2021\\\/03\\\/osce.jpeg\",\"contentUrl\":\"https:\\\/\\\/batitrakya.live\\\/wp-content\\\/uploads\\\/2021\\\/03\\\/osce.jpeg\",\"width\":719,\"height\":348},{\"@type\":\"BreadcrumbList\",\"@id\":\"https:\\\/\\\/batitrakya.live\\\/index.php\\\/bati-trakya-turk-heyeti-2021-yilinin-ilk-agit-ek-insani-boyut-toplantisina-katildi\\\/#breadcrumb\",\"itemListElement\":[{\"@type\":\"ListItem\",\"position\":1,\"name\":\"Anasayfa\",\"item\":\"https:\\\/\\\/batitrakya.live\\\/\"},{\"@type\":\"ListItem\",\"position\":2,\"name\":\"Bat\u0131 Trakya T\u00fcrk heyeti 2021 y\u0131l\u0131n\u0131n ilk AG\u0130T Ek \u0130nsani Boyut Toplant\u0131s\u0131\u2019na kat\u0131ld\u0131&#8230;\"}]},{\"@type\":\"WebSite\",\"@id\":\"https:\\\/\\\/batitrakya.live\\\/#website\",\"url\":\"https:\\\/\\\/batitrakya.live\\\/\",\"name\":\"Bat\u0131 Trakya Haber\",\"description\":\"Bat\u0131 Trakyan\u0131n internetteki sesi..\",\"potentialAction\":[{\"@type\":\"SearchAction\",\"target\":{\"@type\":\"EntryPoint\",\"urlTemplate\":\"https:\\\/\\\/batitrakya.live\\\/?s={search_term_string}\"},\"query-input\":{\"@type\":\"PropertyValueSpecification\",\"valueRequired\":true,\"valueName\":\"search_term_string\"}}],\"inLanguage\":\"tr\"},{\"@type\":\"Person\",\"@id\":\"https:\\\/\\\/batitrakya.live\\\/#\\\/schema\\\/person\\\/61b86abbc19e5fa0bbc3059670546fe5\",\"name\":\"tamer\",\"image\":{\"@type\":\"ImageObject\",\"inLanguage\":\"tr\",\"@id\":\"https:\\\/\\\/secure.gravatar.com\\\/avatar\\\/60b0ff14c4376999cea9565d28b91fc61ff0f727c28cd083506a6d83ad6df9c9?s=96&d=mm&r=g\",\"url\":\"https:\\\/\\\/secure.gravatar.com\\\/avatar\\\/60b0ff14c4376999cea9565d28b91fc61ff0f727c28cd083506a6d83ad6df9c9?s=96&d=mm&r=g\",\"contentUrl\":\"https:\\\/\\\/secure.gravatar.com\\\/avatar\\\/60b0ff14c4376999cea9565d28b91fc61ff0f727c28cd083506a6d83ad6df9c9?s=96&d=mm&r=g\",\"caption\":\"tamer\"},\"sameAs\":[\"https:\\\/\\\/batitrakya.live\"],\"url\":\"https:\\\/\\\/batitrakya.live\\\/index.php\\\/author\\\/tamer\\\/\"}]}<\/script>\n<!-- \/ Yoast SEO Premium plugin. -->","yoast_head_json":{"title":"Bat\u0131 Trakya T\u00fcrk heyeti 2021 y\u0131l\u0131n\u0131n ilk AG\u0130T Ek \u0130nsani Boyut Toplant\u0131s\u0131\u2019na kat\u0131ld\u0131... - Bat\u0131 Trakya Haber","robots":{"index":"index","follow":"follow","max-snippet":"max-snippet:-1","max-image-preview":"max-image-preview:large","max-video-preview":"max-video-preview:-1"},"canonical":"https:\/\/batitrakya.live\/index.php\/bati-trakya-turk-heyeti-2021-yilinin-ilk-agit-ek-insani-boyut-toplantisina-katildi\/","og_locale":"tr_TR","og_type":"article","og_title":"Bat\u0131 Trakya T\u00fcrk heyeti 2021 y\u0131l\u0131n\u0131n ilk AG\u0130T Ek \u0130nsani Boyut Toplant\u0131s\u0131\u2019na kat\u0131ld\u0131...","og_description":"Bat\u0131 Trakya T\u00fcrk toplumunu temsilen Avrupa Bat\u0131 Trakya T\u00fcrk Federasyonu (ABTTF), Bat\u0131 Trakya Az\u0131nl\u0131\u011f\u0131 Y\u00fcksek Tahsilliler Derne\u011fi (BTAYTD) ve Dostluk E\u015fitlik Bar\u0131\u015f (DEB) Partisi, 8-9 Mart 2021 tarihlerinde yeni tip koronavir\u00fcs (Kovid-19) salg\u0131n\u0131 nedeniyle \u00e7evrim i\u00e7i d\u00fczenlenen \u201cMedya \u00d6zg\u00fcrl\u00fc\u011f\u00fc ve Toplumsal Cinsiyet E\u015fitli\u011fi\u201d ba\u015fl\u0131kl\u0131 Avrupa G\u00fcvenlik ve \u0130\u015fbirli\u011fi Te\u015fkilat\u0131 (AG\u0130T) Ek \u0130nsani Boyut Toplant\u0131s\u0131\u2019na kat\u0131ld\u0131. &hellip;","og_url":"https:\/\/batitrakya.live\/index.php\/bati-trakya-turk-heyeti-2021-yilinin-ilk-agit-ek-insani-boyut-toplantisina-katildi\/","og_site_name":"Bat\u0131 Trakya Haber","article_published_time":"2021-03-10T18:22:58+00:00","og_image":[{"width":719,"height":348,"url":"https:\/\/batitrakya.live\/wp-content\/uploads\/2021\/03\/osce.jpeg","type":"image\/jpeg"}],"author":"tamer","twitter_card":"summary_large_image","twitter_misc":{"Yazan:":"tamer","Tahmini okuma s\u00fcresi":"2 dakika"},"schema":{"@context":"https:\/\/schema.org","@graph":[{"@type":"Article","@id":"https:\/\/batitrakya.live\/index.php\/bati-trakya-turk-heyeti-2021-yilinin-ilk-agit-ek-insani-boyut-toplantisina-katildi\/#article","isPartOf":{"@id":"https:\/\/batitrakya.live\/index.php\/bati-trakya-turk-heyeti-2021-yilinin-ilk-agit-ek-insani-boyut-toplantisina-katildi\/"},"author":{"name":"tamer","@id":"https:\/\/batitrakya.live\/#\/schema\/person\/61b86abbc19e5fa0bbc3059670546fe5"},"headline":"Bat\u0131 Trakya T\u00fcrk heyeti 2021 y\u0131l\u0131n\u0131n ilk AG\u0130T Ek \u0130nsani Boyut Toplant\u0131s\u0131\u2019na kat\u0131ld\u0131&#8230;","datePublished":"2021-03-10T18:22:58+00:00","mainEntityOfPage":{"@id":"https:\/\/batitrakya.live\/index.php\/bati-trakya-turk-heyeti-2021-yilinin-ilk-agit-ek-insani-boyut-toplantisina-katildi\/"},"wordCount":590,"commentCount":0,"image":{"@id":"https:\/\/batitrakya.live\/index.php\/bati-trakya-turk-heyeti-2021-yilinin-ilk-agit-ek-insani-boyut-toplantisina-katildi\/#primaryimage"},"thumbnailUrl":"https:\/\/batitrakya.live\/wp-content\/uploads\/2021\/03\/osce.jpeg","keywords":["ABTTF","AG\u0130T","BTAYTD"],"articleSection":["Bat\u0131 Trakyam Haber"],"inLanguage":"tr","potentialAction":[{"@type":"CommentAction","name":"Comment","target":["https:\/\/batitrakya.live\/index.php\/bati-trakya-turk-heyeti-2021-yilinin-ilk-agit-ek-insani-boyut-toplantisina-katildi\/#respond"]}],"copyrightYear":"2021","copyrightHolder":{"@id":"https:\/\/batitrakya.live\/#organization"}},{"@type":"WebPage","@id":"https:\/\/batitrakya.live\/index.php\/bati-trakya-turk-heyeti-2021-yilinin-ilk-agit-ek-insani-boyut-toplantisina-katildi\/","url":"https:\/\/batitrakya.live\/index.php\/bati-trakya-turk-heyeti-2021-yilinin-ilk-agit-ek-insani-boyut-toplantisina-katildi\/","name":"Bat\u0131 Trakya T\u00fcrk heyeti 2021 y\u0131l\u0131n\u0131n ilk AG\u0130T Ek \u0130nsani Boyut Toplant\u0131s\u0131\u2019na kat\u0131ld\u0131... - Bat\u0131 Trakya Haber","isPartOf":{"@id":"https:\/\/batitrakya.live\/#website"},"primaryImageOfPage":{"@id":"https:\/\/batitrakya.live\/index.php\/bati-trakya-turk-heyeti-2021-yilinin-ilk-agit-ek-insani-boyut-toplantisina-katildi\/#primaryimage"},"image":{"@id":"https:\/\/batitrakya.live\/index.php\/bati-trakya-turk-heyeti-2021-yilinin-ilk-agit-ek-insani-boyut-toplantisina-katildi\/#primaryimage"},"thumbnailUrl":"https:\/\/batitrakya.live\/wp-content\/uploads\/2021\/03\/osce.jpeg","datePublished":"2021-03-10T18:22:58+00:00","author":{"@id":"https:\/\/batitrakya.live\/#\/schema\/person\/61b86abbc19e5fa0bbc3059670546fe5"},"breadcrumb":{"@id":"https:\/\/batitrakya.live\/index.php\/bati-trakya-turk-heyeti-2021-yilinin-ilk-agit-ek-insani-boyut-toplantisina-katildi\/#breadcrumb"},"inLanguage":"tr","potentialAction":[{"@type":"ReadAction","target":["https:\/\/batitrakya.live\/index.php\/bati-trakya-turk-heyeti-2021-yilinin-ilk-agit-ek-insani-boyut-toplantisina-katildi\/"]}]},{"@type":"ImageObject","inLanguage":"tr","@id":"https:\/\/batitrakya.live\/index.php\/bati-trakya-turk-heyeti-2021-yilinin-ilk-agit-ek-insani-boyut-toplantisina-katildi\/#primaryimage","url":"https:\/\/batitrakya.live\/wp-content\/uploads\/2021\/03\/osce.jpeg","contentUrl":"https:\/\/batitrakya.live\/wp-content\/uploads\/2021\/03\/osce.jpeg","width":719,"height":348},{"@type":"BreadcrumbList","@id":"https:\/\/batitrakya.live\/index.php\/bati-trakya-turk-heyeti-2021-yilinin-ilk-agit-ek-insani-boyut-toplantisina-katildi\/#breadcrumb","itemListElement":[{"@type":"ListItem","position":1,"name":"Anasayfa","item":"https:\/\/batitrakya.live\/"},{"@type":"ListItem","position":2,"name":"Bat\u0131 Trakya T\u00fcrk heyeti 2021 y\u0131l\u0131n\u0131n ilk AG\u0130T Ek \u0130nsani Boyut Toplant\u0131s\u0131\u2019na kat\u0131ld\u0131&#8230;"}]},{"@type":"WebSite","@id":"https:\/\/batitrakya.live\/#website","url":"https:\/\/batitrakya.live\/","name":"Bat\u0131 Trakya Haber","description":"Bat\u0131 Trakyan\u0131n internetteki sesi..","potentialAction":[{"@type":"SearchAction","target":{"@type":"EntryPoint","urlTemplate":"https:\/\/batitrakya.live\/?s={search_term_string}"},"query-input":{"@type":"PropertyValueSpecification","valueRequired":true,"valueName":"search_term_string"}}],"inLanguage":"tr"},{"@type":"Person","@id":"https:\/\/batitrakya.live\/#\/schema\/person\/61b86abbc19e5fa0bbc3059670546fe5","name":"tamer","image":{"@type":"ImageObject","inLanguage":"tr","@id":"https:\/\/secure.gravatar.com\/avatar\/60b0ff14c4376999cea9565d28b91fc61ff0f727c28cd083506a6d83ad6df9c9?s=96&d=mm&r=g","url":"https:\/\/secure.gravatar.com\/avatar\/60b0ff14c4376999cea9565d28b91fc61ff0f727c28cd083506a6d83ad6df9c9?s=96&d=mm&r=g","contentUrl":"https:\/\/secure.gravatar.com\/avatar\/60b0ff14c4376999cea9565d28b91fc61ff0f727c28cd083506a6d83ad6df9c9?s=96&d=mm&r=g","caption":"tamer"},"sameAs":["https:\/\/batitrakya.live"],"url":"https:\/\/batitrakya.live\/index.php\/author\/tamer\/"}]}},"_links":{"self":[{"href":"https:\/\/batitrakya.live\/index.php\/wp-json\/wp\/v2\/posts\/33573","targetHints":{"allow":["GET"]}}],"collection":[{"href":"https:\/\/batitrakya.live\/index.php\/wp-json\/wp\/v2\/posts"}],"about":[{"href":"https:\/\/batitrakya.live\/index.php\/wp-json\/wp\/v2\/types\/post"}],"author":[{"embeddable":true,"href":"https:\/\/batitrakya.live\/index.php\/wp-json\/wp\/v2\/users\/1"}],"replies":[{"embeddable":true,"href":"https:\/\/batitrakya.live\/index.php\/wp-json\/wp\/v2\/comments?post=33573"}],"version-history":[{"count":0,"href":"https:\/\/batitrakya.live\/index.php\/wp-json\/wp\/v2\/posts\/33573\/revisions"}],"wp:featuredmedia":[{"embeddable":true,"href":"https:\/\/batitrakya.live\/index.php\/wp-json\/wp\/v2\/media\/33575"}],"wp:attachment":[{"href":"https:\/\/batitrakya.live\/index.php\/wp-json\/wp\/v2\/media?parent=33573"}],"wp:term":[{"taxonomy":"category","embeddable":true,"href":"https:\/\/batitrakya.live\/index.php\/wp-json\/wp\/v2\/categories?post=33573"},{"taxonomy":"post_tag","embeddable":true,"href":"https:\/\/batitrakya.live\/index.php\/wp-json\/wp\/v2\/tags?post=33573"}],"curies":[{"name":"wp","href":"https:\/\/api.w.org\/{rel}","templated":true}]}}