{"id":33569,"date":"2021-03-10T21:13:31","date_gmt":"2021-03-10T18:13:31","guid":{"rendered":"https:\/\/batitrakya.live\/?p=33569"},"modified":"2021-03-10T21:13:31","modified_gmt":"2021-03-10T18:13:31","slug":"kinal-partisi-yerel-basina-dagitim-destegi-verilmesini-talep-etti","status":"publish","type":"post","link":"https:\/\/batitrakya.live\/index.php\/kinal-partisi-yerel-basina-dagitim-destegi-verilmesini-talep-etti\/","title":{"rendered":"K\u0130NAL Partisi, yerel bas\u0131na da\u011f\u0131t\u0131m deste\u011fi verilmesini talep etti&#8230;"},"content":{"rendered":"<p>De\u011fi\u015fim Hareketi (K\u0130NAL) Rodop Milletvekili \u0130lhan Ahmet ve parti meclis grubu, yerel bas\u0131na maddi destek verilmesi talebini meclis g\u00fcndemine ta\u015f\u0131d\u0131.<\/p>\n<p>K\u0130NAL milletvekilleri taraf\u0131ndan Devlet Bakan\u0131 Gerapetriti ile Dijital Y\u00f6netim Bakan\u0131 Pierrakaki\u2019ye hitaben sunulan soru \u00f6nergesinde yerel bas\u0131n\u0131n, da\u011f\u0131t\u0131m masraflar\u0131n\u0131n kar\u015f\u0131lanmas\u0131 i\u00e7in medya kurulu\u015flar\u0131na verilecek devlet yard\u0131m\u0131 d\u0131\u015f\u0131nda b\u0131rak\u0131lmas\u0131n\u0131n kabul edilemez oldu\u011fu vurguland\u0131.<\/p>\n<p>Soru \u00f6nergesinde yerel bas\u0131n kurulu\u015flar\u0131n\u0131n, Resmi Gazete\u2019de yay\u0131mlanan 4764\/20 say\u0131l\u0131 kanunda (\u03a6\u0395\u039a256\/A\/23-12-2020) \u00f6ng\u00f6r\u00fclen da\u011f\u0131t\u0131m masraflar\u0131 yard\u0131m\u0131 kapsam\u0131na al\u0131nmad\u0131\u011f\u0131na dikkat \u00e7ekilerek, ilgili bakanlardan, s\u00f6z konusu kanunda, g\u00fcnl\u00fck yerel gazete yay\u0131mlayan b\u00f6lgesel kurulu\u015flar\u0131 da kapsayacak \u015fekilde bir d\u00fczenleme yap\u0131lmas\u0131 talep edildi.<\/p>\n<p>Hat\u0131rlanaca\u011f\u0131 \u00fczere K\u0130NAL taraf\u0131ndan daha \u00f6nce de yerel medya kurulu\u015flar\u0131na mesleki ve maddi destek sa\u011flanmas\u0131n\u0131 \u00f6n g\u00f6ren bir parti teklifi, Yeni Demokrasi h\u00fck\u00fcmetinin dikkatine sunulmu\u015ftu.<\/p>\n<p>Di\u011fer yandan milletvekili \u0130lhan Ahmet taraf\u0131ndan da b\u00f6lge \u00f6zelinde giri\u015fimde bulunulmu\u015f, iktidar\u0131n covid-19 salg\u0131n\u0131yla mu\u0308cadele kapsam\u0131nda medya kurulus\u0327lar\u0131na yo\u0308nelik ac\u0327\u0131klad\u0131\u011f\u0131, yaklas\u0327\u0131k 20 milyon \u20ac\u2019luk ilan desteg\u0306ini kapsayan ekonomik yard\u0131m paketinde yerel medyan\u0131n ve \u00f6zellikle de Tu\u0308rkc\u0327e faaliyetinde bulunan bas\u0131n yay\u0131n organlar\u0131n\u0131n yer almamas\u0131 meclis gu\u0308ndemine tas\u0327\u0131nm\u0131\u015ft\u0131.<\/p>\n<p>\u0130lhan Ahmet son olarak, ge\u00e7ti\u011fimiz \u015eubat ay\u0131ndaki meclis konu\u015fmas\u0131nda da yerel bas\u0131na destek taleplerini hat\u0131rlatm\u0131\u015f, iktidara, tekliflerini bir an \u00f6nce kabul etme \u00e7a\u011fr\u0131s\u0131 yapm\u0131\u015ft\u0131.<\/p>\n","protected":false},"excerpt":{"rendered":"<p>De\u011fi\u015fim Hareketi (K\u0130NAL) Rodop Milletvekili \u0130lhan Ahmet ve parti meclis grubu, yerel bas\u0131na maddi destek verilmesi talebini meclis g\u00fcndemine ta\u015f\u0131d\u0131. K\u0130NAL milletvekilleri taraf\u0131ndan Devlet Bakan\u0131 Gerapetriti ile Dijital Y\u00f6netim Bakan\u0131 Pierrakaki\u2019ye hitaben sunulan soru \u00f6nergesinde yerel bas\u0131n\u0131n, da\u011f\u0131t\u0131m masraflar\u0131n\u0131n kar\u015f\u0131lanmas\u0131 i\u00e7in medya kurulu\u015flar\u0131na verilecek devlet yard\u0131m\u0131 d\u0131\u015f\u0131nda b\u0131rak\u0131lmas\u0131n\u0131n kabul edilemez oldu\u011fu vurguland\u0131. Soru \u00f6nergesinde yerel &hellip;<\/p>\n","protected":false},"author":1,"featured_media":33571,"comment_status":"open","ping_status":"open","sticky":false,"template":"","format":"standard","meta":{"footnotes":""},"categories":[24],"tags":[263],"class_list":["post-33569","post","type-post","status-publish","format-standard","has-post-thumbnail","hentry","category-bati-trakyam-haber","tag-kinal"],"yoast_head":"<!-- This site is optimized with the Yoast SEO Premium plugin v26.3 (Yoast SEO v27.3) - https:\/\/yoast.com\/product\/yoast-seo-premium-wordpress\/ -->\n<title>K\u0130NAL Partisi, yerel bas\u0131na da\u011f\u0131t\u0131m deste\u011fi verilmesini talep etti... - Bat\u0131 Trakya Haber<\/title>\n<meta name=\"robots\" content=\"index, follow, max-snippet:-1, max-image-preview:large, max-video-preview:-1\" \/>\n<link rel=\"canonical\" href=\"https:\/\/batitrakya.live\/index.php\/kinal-partisi-yerel-basina-dagitim-destegi-verilmesini-talep-etti\/\" \/>\n<meta property=\"og:locale\" content=\"tr_TR\" \/>\n<meta property=\"og:type\" content=\"article\" \/>\n<meta property=\"og:title\" content=\"K\u0130NAL Partisi, yerel bas\u0131na da\u011f\u0131t\u0131m deste\u011fi verilmesini talep etti...\" \/>\n<meta property=\"og:description\" content=\"De\u011fi\u015fim Hareketi (K\u0130NAL) Rodop Milletvekili \u0130lhan Ahmet ve parti meclis grubu, yerel bas\u0131na maddi destek verilmesi talebini meclis g\u00fcndemine ta\u015f\u0131d\u0131. K\u0130NAL milletvekilleri taraf\u0131ndan Devlet Bakan\u0131 Gerapetriti ile Dijital Y\u00f6netim Bakan\u0131 Pierrakaki\u2019ye hitaben sunulan soru \u00f6nergesinde yerel bas\u0131n\u0131n, da\u011f\u0131t\u0131m masraflar\u0131n\u0131n kar\u015f\u0131lanmas\u0131 i\u00e7in medya kurulu\u015flar\u0131na verilecek devlet yard\u0131m\u0131 d\u0131\u015f\u0131nda b\u0131rak\u0131lmas\u0131n\u0131n kabul edilemez oldu\u011fu vurguland\u0131. Soru \u00f6nergesinde yerel &hellip;\" \/>\n<meta property=\"og:url\" content=\"https:\/\/batitrakya.live\/index.php\/kinal-partisi-yerel-basina-dagitim-destegi-verilmesini-talep-etti\/\" \/>\n<meta property=\"og:site_name\" content=\"Bat\u0131 Trakya Haber\" \/>\n<meta property=\"article:published_time\" content=\"2021-03-10T18:13:31+00:00\" \/>\n<meta property=\"og:image\" content=\"https:\/\/batitrakya.live\/wp-content\/uploads\/2021\/03\/knima_alagis.jpg\" \/>\n\t<meta property=\"og:image:width\" content=\"720\" \/>\n\t<meta property=\"og:image:height\" content=\"348\" \/>\n\t<meta property=\"og:image:type\" content=\"image\/jpeg\" \/>\n<meta name=\"author\" content=\"tamer\" \/>\n<meta name=\"twitter:card\" content=\"summary_large_image\" \/>\n<meta name=\"twitter:label1\" content=\"Yazan:\" \/>\n\t<meta name=\"twitter:data1\" content=\"tamer\" \/>\n\t<meta name=\"twitter:label2\" content=\"Tahmini okuma s\u00fcresi\" \/>\n\t<meta name=\"twitter:data2\" content=\"1 dakika\" \/>\n<script type=\"application\/ld+json\" class=\"yoast-schema-graph\">{\"@context\":\"https:\\\/\\\/schema.org\",\"@graph\":[{\"@type\":\"Article\",\"@id\":\"https:\\\/\\\/batitrakya.live\\\/index.php\\\/kinal-partisi-yerel-basina-dagitim-destegi-verilmesini-talep-etti\\\/#article\",\"isPartOf\":{\"@id\":\"https:\\\/\\\/batitrakya.live\\\/index.php\\\/kinal-partisi-yerel-basina-dagitim-destegi-verilmesini-talep-etti\\\/\"},\"author\":{\"name\":\"tamer\",\"@id\":\"https:\\\/\\\/batitrakya.live\\\/#\\\/schema\\\/person\\\/61b86abbc19e5fa0bbc3059670546fe5\"},\"headline\":\"K\u0130NAL Partisi, yerel bas\u0131na da\u011f\u0131t\u0131m deste\u011fi verilmesini talep etti&#8230;\",\"datePublished\":\"2021-03-10T18:13:31+00:00\",\"mainEntityOfPage\":{\"@id\":\"https:\\\/\\\/batitrakya.live\\\/index.php\\\/kinal-partisi-yerel-basina-dagitim-destegi-verilmesini-talep-etti\\\/\"},\"wordCount\":297,\"commentCount\":0,\"image\":{\"@id\":\"https:\\\/\\\/batitrakya.live\\\/index.php\\\/kinal-partisi-yerel-basina-dagitim-destegi-verilmesini-talep-etti\\\/#primaryimage\"},\"thumbnailUrl\":\"https:\\\/\\\/batitrakya.live\\\/wp-content\\\/uploads\\\/2021\\\/03\\\/knima_alagis.jpg\",\"keywords\":[\"K\u0130NAL\"],\"articleSection\":[\"Bat\u0131 Trakyam Haber\"],\"inLanguage\":\"tr\",\"potentialAction\":[{\"@type\":\"CommentAction\",\"name\":\"Comment\",\"target\":[\"https:\\\/\\\/batitrakya.live\\\/index.php\\\/kinal-partisi-yerel-basina-dagitim-destegi-verilmesini-talep-etti\\\/#respond\"]}],\"copyrightYear\":\"2021\",\"copyrightHolder\":{\"@id\":\"https:\\\/\\\/batitrakya.live\\\/#organization\"}},{\"@type\":\"WebPage\",\"@id\":\"https:\\\/\\\/batitrakya.live\\\/index.php\\\/kinal-partisi-yerel-basina-dagitim-destegi-verilmesini-talep-etti\\\/\",\"url\":\"https:\\\/\\\/batitrakya.live\\\/index.php\\\/kinal-partisi-yerel-basina-dagitim-destegi-verilmesini-talep-etti\\\/\",\"name\":\"K\u0130NAL Partisi, yerel bas\u0131na da\u011f\u0131t\u0131m deste\u011fi verilmesini talep etti... - Bat\u0131 Trakya Haber\",\"isPartOf\":{\"@id\":\"https:\\\/\\\/batitrakya.live\\\/#website\"},\"primaryImageOfPage\":{\"@id\":\"https:\\\/\\\/batitrakya.live\\\/index.php\\\/kinal-partisi-yerel-basina-dagitim-destegi-verilmesini-talep-etti\\\/#primaryimage\"},\"image\":{\"@id\":\"https:\\\/\\\/batitrakya.live\\\/index.php\\\/kinal-partisi-yerel-basina-dagitim-destegi-verilmesini-talep-etti\\\/#primaryimage\"},\"thumbnailUrl\":\"https:\\\/\\\/batitrakya.live\\\/wp-content\\\/uploads\\\/2021\\\/03\\\/knima_alagis.jpg\",\"datePublished\":\"2021-03-10T18:13:31+00:00\",\"author\":{\"@id\":\"https:\\\/\\\/batitrakya.live\\\/#\\\/schema\\\/person\\\/61b86abbc19e5fa0bbc3059670546fe5\"},\"breadcrumb\":{\"@id\":\"https:\\\/\\\/batitrakya.live\\\/index.php\\\/kinal-partisi-yerel-basina-dagitim-destegi-verilmesini-talep-etti\\\/#breadcrumb\"},\"inLanguage\":\"tr\",\"potentialAction\":[{\"@type\":\"ReadAction\",\"target\":[\"https:\\\/\\\/batitrakya.live\\\/index.php\\\/kinal-partisi-yerel-basina-dagitim-destegi-verilmesini-talep-etti\\\/\"]}]},{\"@type\":\"ImageObject\",\"inLanguage\":\"tr\",\"@id\":\"https:\\\/\\\/batitrakya.live\\\/index.php\\\/kinal-partisi-yerel-basina-dagitim-destegi-verilmesini-talep-etti\\\/#primaryimage\",\"url\":\"https:\\\/\\\/batitrakya.live\\\/wp-content\\\/uploads\\\/2021\\\/03\\\/knima_alagis.jpg\",\"contentUrl\":\"https:\\\/\\\/batitrakya.live\\\/wp-content\\\/uploads\\\/2021\\\/03\\\/knima_alagis.jpg\",\"width\":720,\"height\":348},{\"@type\":\"BreadcrumbList\",\"@id\":\"https:\\\/\\\/batitrakya.live\\\/index.php\\\/kinal-partisi-yerel-basina-dagitim-destegi-verilmesini-talep-etti\\\/#breadcrumb\",\"itemListElement\":[{\"@type\":\"ListItem\",\"position\":1,\"name\":\"Anasayfa\",\"item\":\"https:\\\/\\\/batitrakya.live\\\/\"},{\"@type\":\"ListItem\",\"position\":2,\"name\":\"K\u0130NAL Partisi, yerel bas\u0131na da\u011f\u0131t\u0131m deste\u011fi verilmesini talep etti&#8230;\"}]},{\"@type\":\"WebSite\",\"@id\":\"https:\\\/\\\/batitrakya.live\\\/#website\",\"url\":\"https:\\\/\\\/batitrakya.live\\\/\",\"name\":\"Bat\u0131 Trakya Haber\",\"description\":\"Bat\u0131 Trakyan\u0131n internetteki sesi..\",\"potentialAction\":[{\"@type\":\"SearchAction\",\"target\":{\"@type\":\"EntryPoint\",\"urlTemplate\":\"https:\\\/\\\/batitrakya.live\\\/?s={search_term_string}\"},\"query-input\":{\"@type\":\"PropertyValueSpecification\",\"valueRequired\":true,\"valueName\":\"search_term_string\"}}],\"inLanguage\":\"tr\"},{\"@type\":\"Person\",\"@id\":\"https:\\\/\\\/batitrakya.live\\\/#\\\/schema\\\/person\\\/61b86abbc19e5fa0bbc3059670546fe5\",\"name\":\"tamer\",\"image\":{\"@type\":\"ImageObject\",\"inLanguage\":\"tr\",\"@id\":\"https:\\\/\\\/secure.gravatar.com\\\/avatar\\\/60b0ff14c4376999cea9565d28b91fc61ff0f727c28cd083506a6d83ad6df9c9?s=96&d=mm&r=g\",\"url\":\"https:\\\/\\\/secure.gravatar.com\\\/avatar\\\/60b0ff14c4376999cea9565d28b91fc61ff0f727c28cd083506a6d83ad6df9c9?s=96&d=mm&r=g\",\"contentUrl\":\"https:\\\/\\\/secure.gravatar.com\\\/avatar\\\/60b0ff14c4376999cea9565d28b91fc61ff0f727c28cd083506a6d83ad6df9c9?s=96&d=mm&r=g\",\"caption\":\"tamer\"},\"sameAs\":[\"https:\\\/\\\/batitrakya.live\"],\"url\":\"https:\\\/\\\/batitrakya.live\\\/index.php\\\/author\\\/tamer\\\/\"}]}<\/script>\n<!-- \/ Yoast SEO Premium plugin. -->","yoast_head_json":{"title":"K\u0130NAL Partisi, yerel bas\u0131na da\u011f\u0131t\u0131m deste\u011fi verilmesini talep etti... - Bat\u0131 Trakya Haber","robots":{"index":"index","follow":"follow","max-snippet":"max-snippet:-1","max-image-preview":"max-image-preview:large","max-video-preview":"max-video-preview:-1"},"canonical":"https:\/\/batitrakya.live\/index.php\/kinal-partisi-yerel-basina-dagitim-destegi-verilmesini-talep-etti\/","og_locale":"tr_TR","og_type":"article","og_title":"K\u0130NAL Partisi, yerel bas\u0131na da\u011f\u0131t\u0131m deste\u011fi verilmesini talep etti...","og_description":"De\u011fi\u015fim Hareketi (K\u0130NAL) Rodop Milletvekili \u0130lhan Ahmet ve parti meclis grubu, yerel bas\u0131na maddi destek verilmesi talebini meclis g\u00fcndemine ta\u015f\u0131d\u0131. K\u0130NAL milletvekilleri taraf\u0131ndan Devlet Bakan\u0131 Gerapetriti ile Dijital Y\u00f6netim Bakan\u0131 Pierrakaki\u2019ye hitaben sunulan soru \u00f6nergesinde yerel bas\u0131n\u0131n, da\u011f\u0131t\u0131m masraflar\u0131n\u0131n kar\u015f\u0131lanmas\u0131 i\u00e7in medya kurulu\u015flar\u0131na verilecek devlet yard\u0131m\u0131 d\u0131\u015f\u0131nda b\u0131rak\u0131lmas\u0131n\u0131n kabul edilemez oldu\u011fu vurguland\u0131. Soru \u00f6nergesinde yerel &hellip;","og_url":"https:\/\/batitrakya.live\/index.php\/kinal-partisi-yerel-basina-dagitim-destegi-verilmesini-talep-etti\/","og_site_name":"Bat\u0131 Trakya Haber","article_published_time":"2021-03-10T18:13:31+00:00","og_image":[{"width":720,"height":348,"url":"https:\/\/batitrakya.live\/wp-content\/uploads\/2021\/03\/knima_alagis.jpg","type":"image\/jpeg"}],"author":"tamer","twitter_card":"summary_large_image","twitter_misc":{"Yazan:":"tamer","Tahmini okuma s\u00fcresi":"1 dakika"},"schema":{"@context":"https:\/\/schema.org","@graph":[{"@type":"Article","@id":"https:\/\/batitrakya.live\/index.php\/kinal-partisi-yerel-basina-dagitim-destegi-verilmesini-talep-etti\/#article","isPartOf":{"@id":"https:\/\/batitrakya.live\/index.php\/kinal-partisi-yerel-basina-dagitim-destegi-verilmesini-talep-etti\/"},"author":{"name":"tamer","@id":"https:\/\/batitrakya.live\/#\/schema\/person\/61b86abbc19e5fa0bbc3059670546fe5"},"headline":"K\u0130NAL Partisi, yerel bas\u0131na da\u011f\u0131t\u0131m deste\u011fi verilmesini talep etti&#8230;","datePublished":"2021-03-10T18:13:31+00:00","mainEntityOfPage":{"@id":"https:\/\/batitrakya.live\/index.php\/kinal-partisi-yerel-basina-dagitim-destegi-verilmesini-talep-etti\/"},"wordCount":297,"commentCount":0,"image":{"@id":"https:\/\/batitrakya.live\/index.php\/kinal-partisi-yerel-basina-dagitim-destegi-verilmesini-talep-etti\/#primaryimage"},"thumbnailUrl":"https:\/\/batitrakya.live\/wp-content\/uploads\/2021\/03\/knima_alagis.jpg","keywords":["K\u0130NAL"],"articleSection":["Bat\u0131 Trakyam Haber"],"inLanguage":"tr","potentialAction":[{"@type":"CommentAction","name":"Comment","target":["https:\/\/batitrakya.live\/index.php\/kinal-partisi-yerel-basina-dagitim-destegi-verilmesini-talep-etti\/#respond"]}],"copyrightYear":"2021","copyrightHolder":{"@id":"https:\/\/batitrakya.live\/#organization"}},{"@type":"WebPage","@id":"https:\/\/batitrakya.live\/index.php\/kinal-partisi-yerel-basina-dagitim-destegi-verilmesini-talep-etti\/","url":"https:\/\/batitrakya.live\/index.php\/kinal-partisi-yerel-basina-dagitim-destegi-verilmesini-talep-etti\/","name":"K\u0130NAL Partisi, yerel bas\u0131na da\u011f\u0131t\u0131m deste\u011fi verilmesini talep etti... - Bat\u0131 Trakya Haber","isPartOf":{"@id":"https:\/\/batitrakya.live\/#website"},"primaryImageOfPage":{"@id":"https:\/\/batitrakya.live\/index.php\/kinal-partisi-yerel-basina-dagitim-destegi-verilmesini-talep-etti\/#primaryimage"},"image":{"@id":"https:\/\/batitrakya.live\/index.php\/kinal-partisi-yerel-basina-dagitim-destegi-verilmesini-talep-etti\/#primaryimage"},"thumbnailUrl":"https:\/\/batitrakya.live\/wp-content\/uploads\/2021\/03\/knima_alagis.jpg","datePublished":"2021-03-10T18:13:31+00:00","author":{"@id":"https:\/\/batitrakya.live\/#\/schema\/person\/61b86abbc19e5fa0bbc3059670546fe5"},"breadcrumb":{"@id":"https:\/\/batitrakya.live\/index.php\/kinal-partisi-yerel-basina-dagitim-destegi-verilmesini-talep-etti\/#breadcrumb"},"inLanguage":"tr","potentialAction":[{"@type":"ReadAction","target":["https:\/\/batitrakya.live\/index.php\/kinal-partisi-yerel-basina-dagitim-destegi-verilmesini-talep-etti\/"]}]},{"@type":"ImageObject","inLanguage":"tr","@id":"https:\/\/batitrakya.live\/index.php\/kinal-partisi-yerel-basina-dagitim-destegi-verilmesini-talep-etti\/#primaryimage","url":"https:\/\/batitrakya.live\/wp-content\/uploads\/2021\/03\/knima_alagis.jpg","contentUrl":"https:\/\/batitrakya.live\/wp-content\/uploads\/2021\/03\/knima_alagis.jpg","width":720,"height":348},{"@type":"BreadcrumbList","@id":"https:\/\/batitrakya.live\/index.php\/kinal-partisi-yerel-basina-dagitim-destegi-verilmesini-talep-etti\/#breadcrumb","itemListElement":[{"@type":"ListItem","position":1,"name":"Anasayfa","item":"https:\/\/batitrakya.live\/"},{"@type":"ListItem","position":2,"name":"K\u0130NAL Partisi, yerel bas\u0131na da\u011f\u0131t\u0131m deste\u011fi verilmesini talep etti&#8230;"}]},{"@type":"WebSite","@id":"https:\/\/batitrakya.live\/#website","url":"https:\/\/batitrakya.live\/","name":"Bat\u0131 Trakya Haber","description":"Bat\u0131 Trakyan\u0131n internetteki sesi..","potentialAction":[{"@type":"SearchAction","target":{"@type":"EntryPoint","urlTemplate":"https:\/\/batitrakya.live\/?s={search_term_string}"},"query-input":{"@type":"PropertyValueSpecification","valueRequired":true,"valueName":"search_term_string"}}],"inLanguage":"tr"},{"@type":"Person","@id":"https:\/\/batitrakya.live\/#\/schema\/person\/61b86abbc19e5fa0bbc3059670546fe5","name":"tamer","image":{"@type":"ImageObject","inLanguage":"tr","@id":"https:\/\/secure.gravatar.com\/avatar\/60b0ff14c4376999cea9565d28b91fc61ff0f727c28cd083506a6d83ad6df9c9?s=96&d=mm&r=g","url":"https:\/\/secure.gravatar.com\/avatar\/60b0ff14c4376999cea9565d28b91fc61ff0f727c28cd083506a6d83ad6df9c9?s=96&d=mm&r=g","contentUrl":"https:\/\/secure.gravatar.com\/avatar\/60b0ff14c4376999cea9565d28b91fc61ff0f727c28cd083506a6d83ad6df9c9?s=96&d=mm&r=g","caption":"tamer"},"sameAs":["https:\/\/batitrakya.live"],"url":"https:\/\/batitrakya.live\/index.php\/author\/tamer\/"}]}},"_links":{"self":[{"href":"https:\/\/batitrakya.live\/index.php\/wp-json\/wp\/v2\/posts\/33569","targetHints":{"allow":["GET"]}}],"collection":[{"href":"https:\/\/batitrakya.live\/index.php\/wp-json\/wp\/v2\/posts"}],"about":[{"href":"https:\/\/batitrakya.live\/index.php\/wp-json\/wp\/v2\/types\/post"}],"author":[{"embeddable":true,"href":"https:\/\/batitrakya.live\/index.php\/wp-json\/wp\/v2\/users\/1"}],"replies":[{"embeddable":true,"href":"https:\/\/batitrakya.live\/index.php\/wp-json\/wp\/v2\/comments?post=33569"}],"version-history":[{"count":0,"href":"https:\/\/batitrakya.live\/index.php\/wp-json\/wp\/v2\/posts\/33569\/revisions"}],"wp:featuredmedia":[{"embeddable":true,"href":"https:\/\/batitrakya.live\/index.php\/wp-json\/wp\/v2\/media\/33571"}],"wp:attachment":[{"href":"https:\/\/batitrakya.live\/index.php\/wp-json\/wp\/v2\/media?parent=33569"}],"wp:term":[{"taxonomy":"category","embeddable":true,"href":"https:\/\/batitrakya.live\/index.php\/wp-json\/wp\/v2\/categories?post=33569"},{"taxonomy":"post_tag","embeddable":true,"href":"https:\/\/batitrakya.live\/index.php\/wp-json\/wp\/v2\/tags?post=33569"}],"curies":[{"name":"wp","href":"https:\/\/api.w.org\/{rel}","templated":true}]}}