{"id":33539,"date":"2021-03-10T10:07:40","date_gmt":"2021-03-10T07:07:40","guid":{"rendered":"https:\/\/batitrakya.live\/?p=33539"},"modified":"2021-03-10T10:07:40","modified_gmt":"2021-03-10T07:07:40","slug":"atinada-sokaklar-savas-alanina-dondu-bir-polisler-yaralandi","status":"publish","type":"post","link":"https:\/\/batitrakya.live\/index.php\/atinada-sokaklar-savas-alanina-dondu-bir-polisler-yaralandi\/","title":{"rendered":"Atina&#8217;da sokaklar sava\u015f alan\u0131na d\u00f6nd\u00fc, bir polisler yaraland\u0131&#8230;"},"content":{"rendered":"<p>Yunanistan&#8217;\u0131n ba\u015fkenti Atina&#8217;da \u00f6\u011frenciler soka\u011fa inerek polis \u015fiddetini protesto etti. Bar\u0131\u015f\u00e7\u0131l ba\u015flayan g\u00f6steriler ilerleyen saatlerde \u00e7\u0131kan olaylar sokaklar\u0131 sava\u015f alan\u0131na \u00e7evirirken g\u00f6stericilerin ta\u015flarla sald\u0131rd\u0131\u011f\u0131 bir polis a\u011f\u0131r yaraland\u0131.<\/p>\n<p>Yunanistan&#8217;\u0131n ba\u015fkenti Atina&#8217;da bulunan Nea Smyrni Meydan\u0131&#8217;nda toplanan \u00e7o\u011funlu\u011fu \u00f6\u011frenci yakla\u015f\u0131k 6 bin ki\u015fi \u00fclkedeki polis \u015fiddetini protesto etti. G\u00f6stericiler, ge\u00e7ti\u011fimiz pazar g\u00fcn\u00fc polisin Nea Smyrni&#8217;de bir vatanda\u015f\u0131 d\u00f6vmesinin ard\u0131ndan soka\u011fa indi.<\/p>\n<p><strong>BARI\u015eCIL BA\u015eLAYAN G\u00d6STER\u0130LERDE TANS\u0130YON Y\u00dcKSELD\u0130<\/strong><\/p>\n<p>Yunan bas\u0131n\u0131nda, polisin vatanda\u015f\u0131 izinsiz g\u00f6steri yapmak istemesi sonucu m\u00fcdahale etti\u011fini yazarken, baz\u0131 haberlerde ise \u015fahs\u0131n Kovid-19 k\u0131s\u0131tlamalar\u0131n\u0131 uymad\u0131\u011f\u0131 i\u00e7in polis taraf\u0131ndan d\u00f6v\u00fcld\u00fc\u011f\u00fc iddia edilmi\u015fti.<\/p>\n<p>Atina Savc\u0131l\u0131\u011f\u0131 ise, olayla ilgili soru\u015fturma ba\u015flatm\u0131\u015ft\u0131. Bar\u0131\u015f\u00e7\u0131l ba\u015flayan g\u00f6sterilerde g\u00f6stericilerin, ilerleyen saatlerde Nea Smyrni Emniyet M\u00fcd\u00fcrl\u00fc\u011f\u00fcne y\u00fcr\u00fcmek istemesi ile tansiyon y\u00fckseldi.Atina&#8217;da sokaklar sava\u015f alan\u0131na d\u00f6nd\u00fc, bir polis a\u011f\u0131r yaral\u0131.<\/p>\n<p><strong>OLAYLARDA 1 POL\u0130S A\u011eIR YARALANDI<\/strong><\/p>\n<p>G\u00f6stericiler, polise ta\u015f ve molotof kokteyli ile sald\u0131r\u0131rken, polis g\u00f6stericileri da\u011f\u0131tmak i\u00e7in ses bombas\u0131, g\u00f6z ya\u015fart\u0131c\u0131 gaz ve tazyikli su kulland\u0131. \u00c7\u0131kan olaylarda g\u00f6stericilerin motosikleti 1 polise ta\u015f ve sopalarla sald\u0131rmas\u0131 sonucu a\u011f\u0131r \u015fekilde yaralad\u0131\u011f\u0131 bildirildi.Polis, protestocular\u0131n \u00fcst\u00fcnden \u00e7\u0131kt\u0131\u011f\u0131n\u0131 iddia etti\u011fi molotof kokteyli dolu bir torban\u0131n foto\u011fraf\u0131n\u0131 payla\u015ft\u0131.<\/p>\n<div id='gallery-1' class='gallery galleryid-33539 gallery-columns-3 gallery-size-medium'><figure class='gallery-item'>\n\t\t\t<div class='gallery-icon landscape'>\n\t\t\t\t<a href='https:\/\/batitrakya.live\/wp-content\/uploads\/2021\/03\/atina-da-sokaklar3.jpg'><img loading=\"lazy\" decoding=\"async\" width=\"300\" height=\"145\" src=\"https:\/\/batitrakya.live\/wp-content\/uploads\/2021\/03\/atina-da-sokaklar3-300x145.jpg\" class=\"attachment-medium size-medium\" alt=\"\" srcset=\"https:\/\/batitrakya.live\/wp-content\/uploads\/2021\/03\/atina-da-sokaklar3-300x145.jpg 300w, https:\/\/batitrakya.live\/wp-content\/uploads\/2021\/03\/atina-da-sokaklar3.jpg 720w\" sizes=\"auto, (max-width: 300px) 100vw, 300px\" \/><\/a>\n\t\t\t<\/div><\/figure><figure class='gallery-item'>\n\t\t\t<div class='gallery-icon landscape'>\n\t\t\t\t<a href='https:\/\/batitrakya.live\/wp-content\/uploads\/2021\/03\/atina-da-sokaklar2.jpg'><img loading=\"lazy\" decoding=\"async\" width=\"300\" height=\"145\" src=\"https:\/\/batitrakya.live\/wp-content\/uploads\/2021\/03\/atina-da-sokaklar2-300x145.jpg\" class=\"attachment-medium size-medium\" alt=\"\" srcset=\"https:\/\/batitrakya.live\/wp-content\/uploads\/2021\/03\/atina-da-sokaklar2-300x145.jpg 300w, https:\/\/batitrakya.live\/wp-content\/uploads\/2021\/03\/atina-da-sokaklar2.jpg 720w\" sizes=\"auto, (max-width: 300px) 100vw, 300px\" \/><\/a>\n\t\t\t<\/div><\/figure><figure class='gallery-item'>\n\t\t\t<div class='gallery-icon landscape'>\n\t\t\t\t<a href='https:\/\/batitrakya.live\/wp-content\/uploads\/2021\/03\/atina-da-sokaklar1.jpg'><img loading=\"lazy\" decoding=\"async\" width=\"300\" height=\"145\" src=\"https:\/\/batitrakya.live\/wp-content\/uploads\/2021\/03\/atina-da-sokaklar1-300x145.jpg\" class=\"attachment-medium size-medium\" alt=\"\" srcset=\"https:\/\/batitrakya.live\/wp-content\/uploads\/2021\/03\/atina-da-sokaklar1-300x145.jpg 300w, https:\/\/batitrakya.live\/wp-content\/uploads\/2021\/03\/atina-da-sokaklar1.jpg 720w\" sizes=\"auto, (max-width: 300px) 100vw, 300px\" \/><\/a>\n\t\t\t<\/div><\/figure>\n\t\t<\/div>\n\n","protected":false},"excerpt":{"rendered":"<p>Yunanistan&#8217;\u0131n ba\u015fkenti Atina&#8217;da \u00f6\u011frenciler soka\u011fa inerek polis \u015fiddetini protesto etti. Bar\u0131\u015f\u00e7\u0131l ba\u015flayan g\u00f6steriler ilerleyen saatlerde \u00e7\u0131kan olaylar sokaklar\u0131 sava\u015f alan\u0131na \u00e7evirirken g\u00f6stericilerin ta\u015flarla sald\u0131rd\u0131\u011f\u0131 bir polis a\u011f\u0131r yaraland\u0131. Yunanistan&#8217;\u0131n ba\u015fkenti Atina&#8217;da bulunan Nea Smyrni Meydan\u0131&#8217;nda toplanan \u00e7o\u011funlu\u011fu \u00f6\u011frenci yakla\u015f\u0131k 6 bin ki\u015fi \u00fclkedeki polis \u015fiddetini protesto etti. G\u00f6stericiler, ge\u00e7ti\u011fimiz pazar g\u00fcn\u00fc polisin Nea Smyrni&#8217;de bir &hellip;<\/p>\n","protected":false},"author":1,"featured_media":33541,"comment_status":"open","ping_status":"open","sticky":false,"template":"","format":"standard","meta":{"footnotes":""},"categories":[57],"tags":[85,370],"class_list":["post-33539","post","type-post","status-publish","format-standard","has-post-thumbnail","hentry","category-yunanistan","tag-atina","tag-gosteri"],"yoast_head":"<!-- This site is optimized with the Yoast SEO Premium plugin v26.3 (Yoast SEO v27.3) - https:\/\/yoast.com\/product\/yoast-seo-premium-wordpress\/ -->\n<title>Atina&#039;da sokaklar sava\u015f alan\u0131na d\u00f6nd\u00fc, bir polisler yaraland\u0131... - Bat\u0131 Trakya Haber<\/title>\n<meta name=\"robots\" content=\"index, follow, max-snippet:-1, max-image-preview:large, max-video-preview:-1\" \/>\n<link rel=\"canonical\" href=\"https:\/\/batitrakya.live\/index.php\/atinada-sokaklar-savas-alanina-dondu-bir-polisler-yaralandi\/\" \/>\n<meta property=\"og:locale\" content=\"tr_TR\" \/>\n<meta property=\"og:type\" content=\"article\" \/>\n<meta property=\"og:title\" content=\"Atina&#039;da sokaklar sava\u015f alan\u0131na d\u00f6nd\u00fc, bir polisler yaraland\u0131...\" \/>\n<meta property=\"og:description\" content=\"Yunanistan&#8217;\u0131n ba\u015fkenti Atina&#8217;da \u00f6\u011frenciler soka\u011fa inerek polis \u015fiddetini protesto etti. Bar\u0131\u015f\u00e7\u0131l ba\u015flayan g\u00f6steriler ilerleyen saatlerde \u00e7\u0131kan olaylar sokaklar\u0131 sava\u015f alan\u0131na \u00e7evirirken g\u00f6stericilerin ta\u015flarla sald\u0131rd\u0131\u011f\u0131 bir polis a\u011f\u0131r yaraland\u0131. Yunanistan&#8217;\u0131n ba\u015fkenti Atina&#8217;da bulunan Nea Smyrni Meydan\u0131&#8217;nda toplanan \u00e7o\u011funlu\u011fu \u00f6\u011frenci yakla\u015f\u0131k 6 bin ki\u015fi \u00fclkedeki polis \u015fiddetini protesto etti. G\u00f6stericiler, ge\u00e7ti\u011fimiz pazar g\u00fcn\u00fc polisin Nea Smyrni&#8217;de bir &hellip;\" \/>\n<meta property=\"og:url\" content=\"https:\/\/batitrakya.live\/index.php\/atinada-sokaklar-savas-alanina-dondu-bir-polisler-yaralandi\/\" \/>\n<meta property=\"og:site_name\" content=\"Bat\u0131 Trakya Haber\" \/>\n<meta property=\"article:published_time\" content=\"2021-03-10T07:07:40+00:00\" \/>\n<meta property=\"og:image\" content=\"https:\/\/batitrakya.live\/wp-content\/uploads\/2021\/03\/atina-da-sokaklar3.jpg\" \/>\n\t<meta property=\"og:image:width\" content=\"720\" \/>\n\t<meta property=\"og:image:height\" content=\"348\" \/>\n\t<meta property=\"og:image:type\" content=\"image\/jpeg\" \/>\n<meta name=\"author\" content=\"tamer\" \/>\n<meta name=\"twitter:card\" content=\"summary_large_image\" \/>\n<meta name=\"twitter:label1\" content=\"Yazan:\" \/>\n\t<meta name=\"twitter:data1\" content=\"tamer\" \/>\n\t<meta name=\"twitter:label2\" content=\"Tahmini okuma s\u00fcresi\" \/>\n\t<meta name=\"twitter:data2\" content=\"1 dakika\" \/>\n<script type=\"application\/ld+json\" class=\"yoast-schema-graph\">{\"@context\":\"https:\\\/\\\/schema.org\",\"@graph\":[{\"@type\":\"Article\",\"@id\":\"https:\\\/\\\/batitrakya.live\\\/index.php\\\/atinada-sokaklar-savas-alanina-dondu-bir-polisler-yaralandi\\\/#article\",\"isPartOf\":{\"@id\":\"https:\\\/\\\/batitrakya.live\\\/index.php\\\/atinada-sokaklar-savas-alanina-dondu-bir-polisler-yaralandi\\\/\"},\"author\":{\"name\":\"tamer\",\"@id\":\"https:\\\/\\\/batitrakya.live\\\/#\\\/schema\\\/person\\\/61b86abbc19e5fa0bbc3059670546fe5\"},\"headline\":\"Atina&#8217;da sokaklar sava\u015f alan\u0131na d\u00f6nd\u00fc, bir polisler yaraland\u0131&#8230;\",\"datePublished\":\"2021-03-10T07:07:40+00:00\",\"mainEntityOfPage\":{\"@id\":\"https:\\\/\\\/batitrakya.live\\\/index.php\\\/atinada-sokaklar-savas-alanina-dondu-bir-polisler-yaralandi\\\/\"},\"wordCount\":277,\"commentCount\":0,\"image\":{\"@id\":\"https:\\\/\\\/batitrakya.live\\\/index.php\\\/atinada-sokaklar-savas-alanina-dondu-bir-polisler-yaralandi\\\/#primaryimage\"},\"thumbnailUrl\":\"https:\\\/\\\/batitrakya.live\\\/wp-content\\\/uploads\\\/2021\\\/03\\\/atina-da-sokaklar3.jpg\",\"keywords\":[\"Atina\",\"G\u00f6steri\"],\"articleSection\":[\"Yunanistan Haber\"],\"inLanguage\":\"tr\",\"potentialAction\":[{\"@type\":\"CommentAction\",\"name\":\"Comment\",\"target\":[\"https:\\\/\\\/batitrakya.live\\\/index.php\\\/atinada-sokaklar-savas-alanina-dondu-bir-polisler-yaralandi\\\/#respond\"]}],\"copyrightYear\":\"2021\",\"copyrightHolder\":{\"@id\":\"https:\\\/\\\/batitrakya.live\\\/#organization\"}},{\"@type\":\"WebPage\",\"@id\":\"https:\\\/\\\/batitrakya.live\\\/index.php\\\/atinada-sokaklar-savas-alanina-dondu-bir-polisler-yaralandi\\\/\",\"url\":\"https:\\\/\\\/batitrakya.live\\\/index.php\\\/atinada-sokaklar-savas-alanina-dondu-bir-polisler-yaralandi\\\/\",\"name\":\"Atina'da sokaklar sava\u015f alan\u0131na d\u00f6nd\u00fc, bir polisler yaraland\u0131... - Bat\u0131 Trakya Haber\",\"isPartOf\":{\"@id\":\"https:\\\/\\\/batitrakya.live\\\/#website\"},\"primaryImageOfPage\":{\"@id\":\"https:\\\/\\\/batitrakya.live\\\/index.php\\\/atinada-sokaklar-savas-alanina-dondu-bir-polisler-yaralandi\\\/#primaryimage\"},\"image\":{\"@id\":\"https:\\\/\\\/batitrakya.live\\\/index.php\\\/atinada-sokaklar-savas-alanina-dondu-bir-polisler-yaralandi\\\/#primaryimage\"},\"thumbnailUrl\":\"https:\\\/\\\/batitrakya.live\\\/wp-content\\\/uploads\\\/2021\\\/03\\\/atina-da-sokaklar3.jpg\",\"datePublished\":\"2021-03-10T07:07:40+00:00\",\"author\":{\"@id\":\"https:\\\/\\\/batitrakya.live\\\/#\\\/schema\\\/person\\\/61b86abbc19e5fa0bbc3059670546fe5\"},\"breadcrumb\":{\"@id\":\"https:\\\/\\\/batitrakya.live\\\/index.php\\\/atinada-sokaklar-savas-alanina-dondu-bir-polisler-yaralandi\\\/#breadcrumb\"},\"inLanguage\":\"tr\",\"potentialAction\":[{\"@type\":\"ReadAction\",\"target\":[\"https:\\\/\\\/batitrakya.live\\\/index.php\\\/atinada-sokaklar-savas-alanina-dondu-bir-polisler-yaralandi\\\/\"]}]},{\"@type\":\"ImageObject\",\"inLanguage\":\"tr\",\"@id\":\"https:\\\/\\\/batitrakya.live\\\/index.php\\\/atinada-sokaklar-savas-alanina-dondu-bir-polisler-yaralandi\\\/#primaryimage\",\"url\":\"https:\\\/\\\/batitrakya.live\\\/wp-content\\\/uploads\\\/2021\\\/03\\\/atina-da-sokaklar3.jpg\",\"contentUrl\":\"https:\\\/\\\/batitrakya.live\\\/wp-content\\\/uploads\\\/2021\\\/03\\\/atina-da-sokaklar3.jpg\",\"width\":720,\"height\":348},{\"@type\":\"BreadcrumbList\",\"@id\":\"https:\\\/\\\/batitrakya.live\\\/index.php\\\/atinada-sokaklar-savas-alanina-dondu-bir-polisler-yaralandi\\\/#breadcrumb\",\"itemListElement\":[{\"@type\":\"ListItem\",\"position\":1,\"name\":\"Anasayfa\",\"item\":\"https:\\\/\\\/batitrakya.live\\\/\"},{\"@type\":\"ListItem\",\"position\":2,\"name\":\"Atina&#8217;da sokaklar sava\u015f alan\u0131na d\u00f6nd\u00fc, bir polisler yaraland\u0131&#8230;\"}]},{\"@type\":\"WebSite\",\"@id\":\"https:\\\/\\\/batitrakya.live\\\/#website\",\"url\":\"https:\\\/\\\/batitrakya.live\\\/\",\"name\":\"Bat\u0131 Trakya Haber\",\"description\":\"Bat\u0131 Trakyan\u0131n internetteki sesi..\",\"potentialAction\":[{\"@type\":\"SearchAction\",\"target\":{\"@type\":\"EntryPoint\",\"urlTemplate\":\"https:\\\/\\\/batitrakya.live\\\/?s={search_term_string}\"},\"query-input\":{\"@type\":\"PropertyValueSpecification\",\"valueRequired\":true,\"valueName\":\"search_term_string\"}}],\"inLanguage\":\"tr\"},{\"@type\":\"Person\",\"@id\":\"https:\\\/\\\/batitrakya.live\\\/#\\\/schema\\\/person\\\/61b86abbc19e5fa0bbc3059670546fe5\",\"name\":\"tamer\",\"image\":{\"@type\":\"ImageObject\",\"inLanguage\":\"tr\",\"@id\":\"https:\\\/\\\/secure.gravatar.com\\\/avatar\\\/60b0ff14c4376999cea9565d28b91fc61ff0f727c28cd083506a6d83ad6df9c9?s=96&d=mm&r=g\",\"url\":\"https:\\\/\\\/secure.gravatar.com\\\/avatar\\\/60b0ff14c4376999cea9565d28b91fc61ff0f727c28cd083506a6d83ad6df9c9?s=96&d=mm&r=g\",\"contentUrl\":\"https:\\\/\\\/secure.gravatar.com\\\/avatar\\\/60b0ff14c4376999cea9565d28b91fc61ff0f727c28cd083506a6d83ad6df9c9?s=96&d=mm&r=g\",\"caption\":\"tamer\"},\"sameAs\":[\"https:\\\/\\\/batitrakya.live\"],\"url\":\"https:\\\/\\\/batitrakya.live\\\/index.php\\\/author\\\/tamer\\\/\"}]}<\/script>\n<!-- \/ Yoast SEO Premium plugin. -->","yoast_head_json":{"title":"Atina'da sokaklar sava\u015f alan\u0131na d\u00f6nd\u00fc, bir polisler yaraland\u0131... - Bat\u0131 Trakya Haber","robots":{"index":"index","follow":"follow","max-snippet":"max-snippet:-1","max-image-preview":"max-image-preview:large","max-video-preview":"max-video-preview:-1"},"canonical":"https:\/\/batitrakya.live\/index.php\/atinada-sokaklar-savas-alanina-dondu-bir-polisler-yaralandi\/","og_locale":"tr_TR","og_type":"article","og_title":"Atina'da sokaklar sava\u015f alan\u0131na d\u00f6nd\u00fc, bir polisler yaraland\u0131...","og_description":"Yunanistan&#8217;\u0131n ba\u015fkenti Atina&#8217;da \u00f6\u011frenciler soka\u011fa inerek polis \u015fiddetini protesto etti. Bar\u0131\u015f\u00e7\u0131l ba\u015flayan g\u00f6steriler ilerleyen saatlerde \u00e7\u0131kan olaylar sokaklar\u0131 sava\u015f alan\u0131na \u00e7evirirken g\u00f6stericilerin ta\u015flarla sald\u0131rd\u0131\u011f\u0131 bir polis a\u011f\u0131r yaraland\u0131. Yunanistan&#8217;\u0131n ba\u015fkenti Atina&#8217;da bulunan Nea Smyrni Meydan\u0131&#8217;nda toplanan \u00e7o\u011funlu\u011fu \u00f6\u011frenci yakla\u015f\u0131k 6 bin ki\u015fi \u00fclkedeki polis \u015fiddetini protesto etti. G\u00f6stericiler, ge\u00e7ti\u011fimiz pazar g\u00fcn\u00fc polisin Nea Smyrni&#8217;de bir &hellip;","og_url":"https:\/\/batitrakya.live\/index.php\/atinada-sokaklar-savas-alanina-dondu-bir-polisler-yaralandi\/","og_site_name":"Bat\u0131 Trakya Haber","article_published_time":"2021-03-10T07:07:40+00:00","og_image":[{"width":720,"height":348,"url":"https:\/\/batitrakya.live\/wp-content\/uploads\/2021\/03\/atina-da-sokaklar3.jpg","type":"image\/jpeg"}],"author":"tamer","twitter_card":"summary_large_image","twitter_misc":{"Yazan:":"tamer","Tahmini okuma s\u00fcresi":"1 dakika"},"schema":{"@context":"https:\/\/schema.org","@graph":[{"@type":"Article","@id":"https:\/\/batitrakya.live\/index.php\/atinada-sokaklar-savas-alanina-dondu-bir-polisler-yaralandi\/#article","isPartOf":{"@id":"https:\/\/batitrakya.live\/index.php\/atinada-sokaklar-savas-alanina-dondu-bir-polisler-yaralandi\/"},"author":{"name":"tamer","@id":"https:\/\/batitrakya.live\/#\/schema\/person\/61b86abbc19e5fa0bbc3059670546fe5"},"headline":"Atina&#8217;da sokaklar sava\u015f alan\u0131na d\u00f6nd\u00fc, bir polisler yaraland\u0131&#8230;","datePublished":"2021-03-10T07:07:40+00:00","mainEntityOfPage":{"@id":"https:\/\/batitrakya.live\/index.php\/atinada-sokaklar-savas-alanina-dondu-bir-polisler-yaralandi\/"},"wordCount":277,"commentCount":0,"image":{"@id":"https:\/\/batitrakya.live\/index.php\/atinada-sokaklar-savas-alanina-dondu-bir-polisler-yaralandi\/#primaryimage"},"thumbnailUrl":"https:\/\/batitrakya.live\/wp-content\/uploads\/2021\/03\/atina-da-sokaklar3.jpg","keywords":["Atina","G\u00f6steri"],"articleSection":["Yunanistan Haber"],"inLanguage":"tr","potentialAction":[{"@type":"CommentAction","name":"Comment","target":["https:\/\/batitrakya.live\/index.php\/atinada-sokaklar-savas-alanina-dondu-bir-polisler-yaralandi\/#respond"]}],"copyrightYear":"2021","copyrightHolder":{"@id":"https:\/\/batitrakya.live\/#organization"}},{"@type":"WebPage","@id":"https:\/\/batitrakya.live\/index.php\/atinada-sokaklar-savas-alanina-dondu-bir-polisler-yaralandi\/","url":"https:\/\/batitrakya.live\/index.php\/atinada-sokaklar-savas-alanina-dondu-bir-polisler-yaralandi\/","name":"Atina'da sokaklar sava\u015f alan\u0131na d\u00f6nd\u00fc, bir polisler yaraland\u0131... - Bat\u0131 Trakya Haber","isPartOf":{"@id":"https:\/\/batitrakya.live\/#website"},"primaryImageOfPage":{"@id":"https:\/\/batitrakya.live\/index.php\/atinada-sokaklar-savas-alanina-dondu-bir-polisler-yaralandi\/#primaryimage"},"image":{"@id":"https:\/\/batitrakya.live\/index.php\/atinada-sokaklar-savas-alanina-dondu-bir-polisler-yaralandi\/#primaryimage"},"thumbnailUrl":"https:\/\/batitrakya.live\/wp-content\/uploads\/2021\/03\/atina-da-sokaklar3.jpg","datePublished":"2021-03-10T07:07:40+00:00","author":{"@id":"https:\/\/batitrakya.live\/#\/schema\/person\/61b86abbc19e5fa0bbc3059670546fe5"},"breadcrumb":{"@id":"https:\/\/batitrakya.live\/index.php\/atinada-sokaklar-savas-alanina-dondu-bir-polisler-yaralandi\/#breadcrumb"},"inLanguage":"tr","potentialAction":[{"@type":"ReadAction","target":["https:\/\/batitrakya.live\/index.php\/atinada-sokaklar-savas-alanina-dondu-bir-polisler-yaralandi\/"]}]},{"@type":"ImageObject","inLanguage":"tr","@id":"https:\/\/batitrakya.live\/index.php\/atinada-sokaklar-savas-alanina-dondu-bir-polisler-yaralandi\/#primaryimage","url":"https:\/\/batitrakya.live\/wp-content\/uploads\/2021\/03\/atina-da-sokaklar3.jpg","contentUrl":"https:\/\/batitrakya.live\/wp-content\/uploads\/2021\/03\/atina-da-sokaklar3.jpg","width":720,"height":348},{"@type":"BreadcrumbList","@id":"https:\/\/batitrakya.live\/index.php\/atinada-sokaklar-savas-alanina-dondu-bir-polisler-yaralandi\/#breadcrumb","itemListElement":[{"@type":"ListItem","position":1,"name":"Anasayfa","item":"https:\/\/batitrakya.live\/"},{"@type":"ListItem","position":2,"name":"Atina&#8217;da sokaklar sava\u015f alan\u0131na d\u00f6nd\u00fc, bir polisler yaraland\u0131&#8230;"}]},{"@type":"WebSite","@id":"https:\/\/batitrakya.live\/#website","url":"https:\/\/batitrakya.live\/","name":"Bat\u0131 Trakya Haber","description":"Bat\u0131 Trakyan\u0131n internetteki sesi..","potentialAction":[{"@type":"SearchAction","target":{"@type":"EntryPoint","urlTemplate":"https:\/\/batitrakya.live\/?s={search_term_string}"},"query-input":{"@type":"PropertyValueSpecification","valueRequired":true,"valueName":"search_term_string"}}],"inLanguage":"tr"},{"@type":"Person","@id":"https:\/\/batitrakya.live\/#\/schema\/person\/61b86abbc19e5fa0bbc3059670546fe5","name":"tamer","image":{"@type":"ImageObject","inLanguage":"tr","@id":"https:\/\/secure.gravatar.com\/avatar\/60b0ff14c4376999cea9565d28b91fc61ff0f727c28cd083506a6d83ad6df9c9?s=96&d=mm&r=g","url":"https:\/\/secure.gravatar.com\/avatar\/60b0ff14c4376999cea9565d28b91fc61ff0f727c28cd083506a6d83ad6df9c9?s=96&d=mm&r=g","contentUrl":"https:\/\/secure.gravatar.com\/avatar\/60b0ff14c4376999cea9565d28b91fc61ff0f727c28cd083506a6d83ad6df9c9?s=96&d=mm&r=g","caption":"tamer"},"sameAs":["https:\/\/batitrakya.live"],"url":"https:\/\/batitrakya.live\/index.php\/author\/tamer\/"}]}},"_links":{"self":[{"href":"https:\/\/batitrakya.live\/index.php\/wp-json\/wp\/v2\/posts\/33539","targetHints":{"allow":["GET"]}}],"collection":[{"href":"https:\/\/batitrakya.live\/index.php\/wp-json\/wp\/v2\/posts"}],"about":[{"href":"https:\/\/batitrakya.live\/index.php\/wp-json\/wp\/v2\/types\/post"}],"author":[{"embeddable":true,"href":"https:\/\/batitrakya.live\/index.php\/wp-json\/wp\/v2\/users\/1"}],"replies":[{"embeddable":true,"href":"https:\/\/batitrakya.live\/index.php\/wp-json\/wp\/v2\/comments?post=33539"}],"version-history":[{"count":0,"href":"https:\/\/batitrakya.live\/index.php\/wp-json\/wp\/v2\/posts\/33539\/revisions"}],"wp:featuredmedia":[{"embeddable":true,"href":"https:\/\/batitrakya.live\/index.php\/wp-json\/wp\/v2\/media\/33541"}],"wp:attachment":[{"href":"https:\/\/batitrakya.live\/index.php\/wp-json\/wp\/v2\/media?parent=33539"}],"wp:term":[{"taxonomy":"category","embeddable":true,"href":"https:\/\/batitrakya.live\/index.php\/wp-json\/wp\/v2\/categories?post=33539"},{"taxonomy":"post_tag","embeddable":true,"href":"https:\/\/batitrakya.live\/index.php\/wp-json\/wp\/v2\/tags?post=33539"}],"curies":[{"name":"wp","href":"https:\/\/api.w.org\/{rel}","templated":true}]}}