{"id":33446,"date":"2021-03-07T21:02:34","date_gmt":"2021-03-07T18:02:34","guid":{"rendered":"https:\/\/batitrakya.live\/?p=33446"},"modified":"2021-03-07T21:02:34","modified_gmt":"2021-03-07T18:02:34","slug":"yassikoy-belediyesine-bir-yikama-araci-tahsis-edildi","status":"publish","type":"post","link":"https:\/\/batitrakya.live\/index.php\/yassikoy-belediyesine-bir-yikama-araci-tahsis-edildi\/","title":{"rendered":"Yass\u0131k\u00f6y Belediyesine bir y\u0131kama arac\u0131 tahsis edildi&#8230;"},"content":{"rendered":"<p>Yass\u0131k\u00f6y Belediyesi, temizlik hizmetlerinde kullan\u0131lacak yeni bir arac\u0131 belediyenin ara\u00e7 filosuna dahil etti.<\/p>\n<p>\u00c7\u00f6p konteyneri y\u0131kama arac\u0131yla belediye y\u00f6netimi bundan sonra k\u00f6ylerde temizlik i\u015flerinde halka daha iyi ve daha sa\u011fl\u0131kl\u0131 hizmet verecek.<\/p>\n<p>Yeni arac\u0131n belediye b\u00fcnyesine dahil edildi\u011fini duyuran Yass\u0131k\u00f6y Belediye Ba\u015fkan\u0131 \u00d6nder M\u00fcmin; \u201c\u00c7\u00f6p konteyneri y\u0131kama arac\u0131n\u0131 belediyemize kazand\u0131rd\u0131k. Daha temiz, farkl\u0131 bir belediye ad\u0131na ilerliyoruz\u201d a\u00e7\u0131klamas\u0131nda bulundu.<\/p>\n","protected":false},"excerpt":{"rendered":"<p>Yass\u0131k\u00f6y Belediyesi, temizlik hizmetlerinde kullan\u0131lacak yeni bir arac\u0131 belediyenin ara\u00e7 filosuna dahil etti. \u00c7\u00f6p konteyneri y\u0131kama arac\u0131yla belediye y\u00f6netimi bundan sonra k\u00f6ylerde temizlik i\u015flerinde halka daha iyi ve daha sa\u011fl\u0131kl\u0131 hizmet verecek. Yeni arac\u0131n belediye b\u00fcnyesine dahil edildi\u011fini duyuran Yass\u0131k\u00f6y Belediye Ba\u015fkan\u0131 \u00d6nder M\u00fcmin; \u201c\u00c7\u00f6p konteyneri y\u0131kama arac\u0131n\u0131 belediyemize kazand\u0131rd\u0131k. Daha temiz, farkl\u0131 bir belediye &hellip;<\/p>\n","protected":false},"author":1,"featured_media":33447,"comment_status":"open","ping_status":"open","sticky":false,"template":"","format":"standard","meta":{"footnotes":""},"categories":[24],"tags":[51,39],"class_list":["post-33446","post","type-post","status-publish","format-standard","has-post-thumbnail","hentry","category-bati-trakyam-haber","tag-belediye","tag-yassi-koy"],"yoast_head":"<!-- This site is optimized with the Yoast SEO Premium plugin v26.3 (Yoast SEO v27.3) - https:\/\/yoast.com\/product\/yoast-seo-premium-wordpress\/ -->\n<title>Yass\u0131k\u00f6y Belediyesine bir y\u0131kama arac\u0131 tahsis edildi... - Bat\u0131 Trakya Haber<\/title>\n<meta name=\"robots\" content=\"index, follow, max-snippet:-1, max-image-preview:large, max-video-preview:-1\" \/>\n<link rel=\"canonical\" href=\"https:\/\/batitrakya.live\/index.php\/yassikoy-belediyesine-bir-yikama-araci-tahsis-edildi\/\" \/>\n<meta property=\"og:locale\" content=\"tr_TR\" \/>\n<meta property=\"og:type\" content=\"article\" \/>\n<meta property=\"og:title\" content=\"Yass\u0131k\u00f6y Belediyesine bir y\u0131kama arac\u0131 tahsis edildi...\" \/>\n<meta property=\"og:description\" content=\"Yass\u0131k\u00f6y Belediyesi, temizlik hizmetlerinde kullan\u0131lacak yeni bir arac\u0131 belediyenin ara\u00e7 filosuna dahil etti. \u00c7\u00f6p konteyneri y\u0131kama arac\u0131yla belediye y\u00f6netimi bundan sonra k\u00f6ylerde temizlik i\u015flerinde halka daha iyi ve daha sa\u011fl\u0131kl\u0131 hizmet verecek. Yeni arac\u0131n belediye b\u00fcnyesine dahil edildi\u011fini duyuran Yass\u0131k\u00f6y Belediye Ba\u015fkan\u0131 \u00d6nder M\u00fcmin; \u201c\u00c7\u00f6p konteyneri y\u0131kama arac\u0131n\u0131 belediyemize kazand\u0131rd\u0131k. Daha temiz, farkl\u0131 bir belediye &hellip;\" \/>\n<meta property=\"og:url\" content=\"https:\/\/batitrakya.live\/index.php\/yassikoy-belediyesine-bir-yikama-araci-tahsis-edildi\/\" \/>\n<meta property=\"og:site_name\" content=\"Bat\u0131 Trakya Haber\" \/>\n<meta property=\"article:published_time\" content=\"2021-03-07T18:02:34+00:00\" \/>\n<meta property=\"og:image\" content=\"https:\/\/batitrakya.live\/wp-content\/uploads\/2021\/03\/yassi_arac.jpg\" \/>\n\t<meta property=\"og:image:width\" content=\"720\" \/>\n\t<meta property=\"og:image:height\" content=\"348\" \/>\n\t<meta property=\"og:image:type\" content=\"image\/jpeg\" \/>\n<meta name=\"author\" content=\"tamer\" \/>\n<meta name=\"twitter:card\" content=\"summary_large_image\" \/>\n<meta name=\"twitter:label1\" content=\"Yazan:\" \/>\n\t<meta name=\"twitter:data1\" content=\"tamer\" \/>\n<script type=\"application\/ld+json\" class=\"yoast-schema-graph\">{\"@context\":\"https:\\\/\\\/schema.org\",\"@graph\":[{\"@type\":\"Article\",\"@id\":\"https:\\\/\\\/batitrakya.live\\\/index.php\\\/yassikoy-belediyesine-bir-yikama-araci-tahsis-edildi\\\/#article\",\"isPartOf\":{\"@id\":\"https:\\\/\\\/batitrakya.live\\\/index.php\\\/yassikoy-belediyesine-bir-yikama-araci-tahsis-edildi\\\/\"},\"author\":{\"name\":\"tamer\",\"@id\":\"https:\\\/\\\/batitrakya.live\\\/#\\\/schema\\\/person\\\/61b86abbc19e5fa0bbc3059670546fe5\"},\"headline\":\"Yass\u0131k\u00f6y Belediyesine bir y\u0131kama arac\u0131 tahsis edildi&#8230;\",\"datePublished\":\"2021-03-07T18:02:34+00:00\",\"mainEntityOfPage\":{\"@id\":\"https:\\\/\\\/batitrakya.live\\\/index.php\\\/yassikoy-belediyesine-bir-yikama-araci-tahsis-edildi\\\/\"},\"wordCount\":93,\"commentCount\":0,\"image\":{\"@id\":\"https:\\\/\\\/batitrakya.live\\\/index.php\\\/yassikoy-belediyesine-bir-yikama-araci-tahsis-edildi\\\/#primaryimage\"},\"thumbnailUrl\":\"https:\\\/\\\/batitrakya.live\\\/wp-content\\\/uploads\\\/2021\\\/03\\\/yassi_arac.jpg\",\"keywords\":[\"Belediye\",\"Yass\u0131 K\u00f6y\"],\"articleSection\":[\"Bat\u0131 Trakyam Haber\"],\"inLanguage\":\"tr\",\"potentialAction\":[{\"@type\":\"CommentAction\",\"name\":\"Comment\",\"target\":[\"https:\\\/\\\/batitrakya.live\\\/index.php\\\/yassikoy-belediyesine-bir-yikama-araci-tahsis-edildi\\\/#respond\"]}],\"copyrightYear\":\"2021\",\"copyrightHolder\":{\"@id\":\"https:\\\/\\\/batitrakya.live\\\/#organization\"}},{\"@type\":\"WebPage\",\"@id\":\"https:\\\/\\\/batitrakya.live\\\/index.php\\\/yassikoy-belediyesine-bir-yikama-araci-tahsis-edildi\\\/\",\"url\":\"https:\\\/\\\/batitrakya.live\\\/index.php\\\/yassikoy-belediyesine-bir-yikama-araci-tahsis-edildi\\\/\",\"name\":\"Yass\u0131k\u00f6y Belediyesine bir y\u0131kama arac\u0131 tahsis edildi... - Bat\u0131 Trakya Haber\",\"isPartOf\":{\"@id\":\"https:\\\/\\\/batitrakya.live\\\/#website\"},\"primaryImageOfPage\":{\"@id\":\"https:\\\/\\\/batitrakya.live\\\/index.php\\\/yassikoy-belediyesine-bir-yikama-araci-tahsis-edildi\\\/#primaryimage\"},\"image\":{\"@id\":\"https:\\\/\\\/batitrakya.live\\\/index.php\\\/yassikoy-belediyesine-bir-yikama-araci-tahsis-edildi\\\/#primaryimage\"},\"thumbnailUrl\":\"https:\\\/\\\/batitrakya.live\\\/wp-content\\\/uploads\\\/2021\\\/03\\\/yassi_arac.jpg\",\"datePublished\":\"2021-03-07T18:02:34+00:00\",\"author\":{\"@id\":\"https:\\\/\\\/batitrakya.live\\\/#\\\/schema\\\/person\\\/61b86abbc19e5fa0bbc3059670546fe5\"},\"breadcrumb\":{\"@id\":\"https:\\\/\\\/batitrakya.live\\\/index.php\\\/yassikoy-belediyesine-bir-yikama-araci-tahsis-edildi\\\/#breadcrumb\"},\"inLanguage\":\"tr\",\"potentialAction\":[{\"@type\":\"ReadAction\",\"target\":[\"https:\\\/\\\/batitrakya.live\\\/index.php\\\/yassikoy-belediyesine-bir-yikama-araci-tahsis-edildi\\\/\"]}]},{\"@type\":\"ImageObject\",\"inLanguage\":\"tr\",\"@id\":\"https:\\\/\\\/batitrakya.live\\\/index.php\\\/yassikoy-belediyesine-bir-yikama-araci-tahsis-edildi\\\/#primaryimage\",\"url\":\"https:\\\/\\\/batitrakya.live\\\/wp-content\\\/uploads\\\/2021\\\/03\\\/yassi_arac.jpg\",\"contentUrl\":\"https:\\\/\\\/batitrakya.live\\\/wp-content\\\/uploads\\\/2021\\\/03\\\/yassi_arac.jpg\",\"width\":720,\"height\":348},{\"@type\":\"BreadcrumbList\",\"@id\":\"https:\\\/\\\/batitrakya.live\\\/index.php\\\/yassikoy-belediyesine-bir-yikama-araci-tahsis-edildi\\\/#breadcrumb\",\"itemListElement\":[{\"@type\":\"ListItem\",\"position\":1,\"name\":\"Anasayfa\",\"item\":\"https:\\\/\\\/batitrakya.live\\\/\"},{\"@type\":\"ListItem\",\"position\":2,\"name\":\"Yass\u0131k\u00f6y Belediyesine bir y\u0131kama arac\u0131 tahsis edildi&#8230;\"}]},{\"@type\":\"WebSite\",\"@id\":\"https:\\\/\\\/batitrakya.live\\\/#website\",\"url\":\"https:\\\/\\\/batitrakya.live\\\/\",\"name\":\"Bat\u0131 Trakya Haber\",\"description\":\"Bat\u0131 Trakyan\u0131n internetteki sesi..\",\"potentialAction\":[{\"@type\":\"SearchAction\",\"target\":{\"@type\":\"EntryPoint\",\"urlTemplate\":\"https:\\\/\\\/batitrakya.live\\\/?s={search_term_string}\"},\"query-input\":{\"@type\":\"PropertyValueSpecification\",\"valueRequired\":true,\"valueName\":\"search_term_string\"}}],\"inLanguage\":\"tr\"},{\"@type\":\"Person\",\"@id\":\"https:\\\/\\\/batitrakya.live\\\/#\\\/schema\\\/person\\\/61b86abbc19e5fa0bbc3059670546fe5\",\"name\":\"tamer\",\"image\":{\"@type\":\"ImageObject\",\"inLanguage\":\"tr\",\"@id\":\"https:\\\/\\\/secure.gravatar.com\\\/avatar\\\/60b0ff14c4376999cea9565d28b91fc61ff0f727c28cd083506a6d83ad6df9c9?s=96&d=mm&r=g\",\"url\":\"https:\\\/\\\/secure.gravatar.com\\\/avatar\\\/60b0ff14c4376999cea9565d28b91fc61ff0f727c28cd083506a6d83ad6df9c9?s=96&d=mm&r=g\",\"contentUrl\":\"https:\\\/\\\/secure.gravatar.com\\\/avatar\\\/60b0ff14c4376999cea9565d28b91fc61ff0f727c28cd083506a6d83ad6df9c9?s=96&d=mm&r=g\",\"caption\":\"tamer\"},\"sameAs\":[\"https:\\\/\\\/batitrakya.live\"],\"url\":\"https:\\\/\\\/batitrakya.live\\\/index.php\\\/author\\\/tamer\\\/\"}]}<\/script>\n<!-- \/ Yoast SEO Premium plugin. -->","yoast_head_json":{"title":"Yass\u0131k\u00f6y Belediyesine bir y\u0131kama arac\u0131 tahsis edildi... - Bat\u0131 Trakya Haber","robots":{"index":"index","follow":"follow","max-snippet":"max-snippet:-1","max-image-preview":"max-image-preview:large","max-video-preview":"max-video-preview:-1"},"canonical":"https:\/\/batitrakya.live\/index.php\/yassikoy-belediyesine-bir-yikama-araci-tahsis-edildi\/","og_locale":"tr_TR","og_type":"article","og_title":"Yass\u0131k\u00f6y Belediyesine bir y\u0131kama arac\u0131 tahsis edildi...","og_description":"Yass\u0131k\u00f6y Belediyesi, temizlik hizmetlerinde kullan\u0131lacak yeni bir arac\u0131 belediyenin ara\u00e7 filosuna dahil etti. \u00c7\u00f6p konteyneri y\u0131kama arac\u0131yla belediye y\u00f6netimi bundan sonra k\u00f6ylerde temizlik i\u015flerinde halka daha iyi ve daha sa\u011fl\u0131kl\u0131 hizmet verecek. Yeni arac\u0131n belediye b\u00fcnyesine dahil edildi\u011fini duyuran Yass\u0131k\u00f6y Belediye Ba\u015fkan\u0131 \u00d6nder M\u00fcmin; \u201c\u00c7\u00f6p konteyneri y\u0131kama arac\u0131n\u0131 belediyemize kazand\u0131rd\u0131k. Daha temiz, farkl\u0131 bir belediye &hellip;","og_url":"https:\/\/batitrakya.live\/index.php\/yassikoy-belediyesine-bir-yikama-araci-tahsis-edildi\/","og_site_name":"Bat\u0131 Trakya Haber","article_published_time":"2021-03-07T18:02:34+00:00","og_image":[{"width":720,"height":348,"url":"https:\/\/batitrakya.live\/wp-content\/uploads\/2021\/03\/yassi_arac.jpg","type":"image\/jpeg"}],"author":"tamer","twitter_card":"summary_large_image","twitter_misc":{"Yazan:":"tamer"},"schema":{"@context":"https:\/\/schema.org","@graph":[{"@type":"Article","@id":"https:\/\/batitrakya.live\/index.php\/yassikoy-belediyesine-bir-yikama-araci-tahsis-edildi\/#article","isPartOf":{"@id":"https:\/\/batitrakya.live\/index.php\/yassikoy-belediyesine-bir-yikama-araci-tahsis-edildi\/"},"author":{"name":"tamer","@id":"https:\/\/batitrakya.live\/#\/schema\/person\/61b86abbc19e5fa0bbc3059670546fe5"},"headline":"Yass\u0131k\u00f6y Belediyesine bir y\u0131kama arac\u0131 tahsis edildi&#8230;","datePublished":"2021-03-07T18:02:34+00:00","mainEntityOfPage":{"@id":"https:\/\/batitrakya.live\/index.php\/yassikoy-belediyesine-bir-yikama-araci-tahsis-edildi\/"},"wordCount":93,"commentCount":0,"image":{"@id":"https:\/\/batitrakya.live\/index.php\/yassikoy-belediyesine-bir-yikama-araci-tahsis-edildi\/#primaryimage"},"thumbnailUrl":"https:\/\/batitrakya.live\/wp-content\/uploads\/2021\/03\/yassi_arac.jpg","keywords":["Belediye","Yass\u0131 K\u00f6y"],"articleSection":["Bat\u0131 Trakyam Haber"],"inLanguage":"tr","potentialAction":[{"@type":"CommentAction","name":"Comment","target":["https:\/\/batitrakya.live\/index.php\/yassikoy-belediyesine-bir-yikama-araci-tahsis-edildi\/#respond"]}],"copyrightYear":"2021","copyrightHolder":{"@id":"https:\/\/batitrakya.live\/#organization"}},{"@type":"WebPage","@id":"https:\/\/batitrakya.live\/index.php\/yassikoy-belediyesine-bir-yikama-araci-tahsis-edildi\/","url":"https:\/\/batitrakya.live\/index.php\/yassikoy-belediyesine-bir-yikama-araci-tahsis-edildi\/","name":"Yass\u0131k\u00f6y Belediyesine bir y\u0131kama arac\u0131 tahsis edildi... - Bat\u0131 Trakya Haber","isPartOf":{"@id":"https:\/\/batitrakya.live\/#website"},"primaryImageOfPage":{"@id":"https:\/\/batitrakya.live\/index.php\/yassikoy-belediyesine-bir-yikama-araci-tahsis-edildi\/#primaryimage"},"image":{"@id":"https:\/\/batitrakya.live\/index.php\/yassikoy-belediyesine-bir-yikama-araci-tahsis-edildi\/#primaryimage"},"thumbnailUrl":"https:\/\/batitrakya.live\/wp-content\/uploads\/2021\/03\/yassi_arac.jpg","datePublished":"2021-03-07T18:02:34+00:00","author":{"@id":"https:\/\/batitrakya.live\/#\/schema\/person\/61b86abbc19e5fa0bbc3059670546fe5"},"breadcrumb":{"@id":"https:\/\/batitrakya.live\/index.php\/yassikoy-belediyesine-bir-yikama-araci-tahsis-edildi\/#breadcrumb"},"inLanguage":"tr","potentialAction":[{"@type":"ReadAction","target":["https:\/\/batitrakya.live\/index.php\/yassikoy-belediyesine-bir-yikama-araci-tahsis-edildi\/"]}]},{"@type":"ImageObject","inLanguage":"tr","@id":"https:\/\/batitrakya.live\/index.php\/yassikoy-belediyesine-bir-yikama-araci-tahsis-edildi\/#primaryimage","url":"https:\/\/batitrakya.live\/wp-content\/uploads\/2021\/03\/yassi_arac.jpg","contentUrl":"https:\/\/batitrakya.live\/wp-content\/uploads\/2021\/03\/yassi_arac.jpg","width":720,"height":348},{"@type":"BreadcrumbList","@id":"https:\/\/batitrakya.live\/index.php\/yassikoy-belediyesine-bir-yikama-araci-tahsis-edildi\/#breadcrumb","itemListElement":[{"@type":"ListItem","position":1,"name":"Anasayfa","item":"https:\/\/batitrakya.live\/"},{"@type":"ListItem","position":2,"name":"Yass\u0131k\u00f6y Belediyesine bir y\u0131kama arac\u0131 tahsis edildi&#8230;"}]},{"@type":"WebSite","@id":"https:\/\/batitrakya.live\/#website","url":"https:\/\/batitrakya.live\/","name":"Bat\u0131 Trakya Haber","description":"Bat\u0131 Trakyan\u0131n internetteki sesi..","potentialAction":[{"@type":"SearchAction","target":{"@type":"EntryPoint","urlTemplate":"https:\/\/batitrakya.live\/?s={search_term_string}"},"query-input":{"@type":"PropertyValueSpecification","valueRequired":true,"valueName":"search_term_string"}}],"inLanguage":"tr"},{"@type":"Person","@id":"https:\/\/batitrakya.live\/#\/schema\/person\/61b86abbc19e5fa0bbc3059670546fe5","name":"tamer","image":{"@type":"ImageObject","inLanguage":"tr","@id":"https:\/\/secure.gravatar.com\/avatar\/60b0ff14c4376999cea9565d28b91fc61ff0f727c28cd083506a6d83ad6df9c9?s=96&d=mm&r=g","url":"https:\/\/secure.gravatar.com\/avatar\/60b0ff14c4376999cea9565d28b91fc61ff0f727c28cd083506a6d83ad6df9c9?s=96&d=mm&r=g","contentUrl":"https:\/\/secure.gravatar.com\/avatar\/60b0ff14c4376999cea9565d28b91fc61ff0f727c28cd083506a6d83ad6df9c9?s=96&d=mm&r=g","caption":"tamer"},"sameAs":["https:\/\/batitrakya.live"],"url":"https:\/\/batitrakya.live\/index.php\/author\/tamer\/"}]}},"_links":{"self":[{"href":"https:\/\/batitrakya.live\/index.php\/wp-json\/wp\/v2\/posts\/33446","targetHints":{"allow":["GET"]}}],"collection":[{"href":"https:\/\/batitrakya.live\/index.php\/wp-json\/wp\/v2\/posts"}],"about":[{"href":"https:\/\/batitrakya.live\/index.php\/wp-json\/wp\/v2\/types\/post"}],"author":[{"embeddable":true,"href":"https:\/\/batitrakya.live\/index.php\/wp-json\/wp\/v2\/users\/1"}],"replies":[{"embeddable":true,"href":"https:\/\/batitrakya.live\/index.php\/wp-json\/wp\/v2\/comments?post=33446"}],"version-history":[{"count":0,"href":"https:\/\/batitrakya.live\/index.php\/wp-json\/wp\/v2\/posts\/33446\/revisions"}],"wp:featuredmedia":[{"embeddable":true,"href":"https:\/\/batitrakya.live\/index.php\/wp-json\/wp\/v2\/media\/33447"}],"wp:attachment":[{"href":"https:\/\/batitrakya.live\/index.php\/wp-json\/wp\/v2\/media?parent=33446"}],"wp:term":[{"taxonomy":"category","embeddable":true,"href":"https:\/\/batitrakya.live\/index.php\/wp-json\/wp\/v2\/categories?post=33446"},{"taxonomy":"post_tag","embeddable":true,"href":"https:\/\/batitrakya.live\/index.php\/wp-json\/wp\/v2\/tags?post=33446"}],"curies":[{"name":"wp","href":"https:\/\/api.w.org\/{rel}","templated":true}]}}