{"id":33367,"date":"2021-03-04T00:11:54","date_gmt":"2021-03-03T21:11:54","guid":{"rendered":"https:\/\/batitrakya.live\/?p=33367"},"modified":"2021-03-04T00:11:54","modified_gmt":"2021-03-03T21:11:54","slug":"cavusogludeprem-sonrasi-yardima-hazir-olduklarini-ifade-etti","status":"publish","type":"post","link":"https:\/\/batitrakya.live\/index.php\/cavusogludeprem-sonrasi-yardima-hazir-olduklarini-ifade-etti\/","title":{"rendered":"\u00c7avu\u015fo\u011flu,deprem sonras\u0131 yard\u0131ma haz\u0131r olduklar\u0131n\u0131 ifade etti&#8230;"},"content":{"rendered":"<p>Yunanistan D\u0131\u015fi\u015fleri Bakanl\u0131\u011f\u0131, T\u00fcrk D\u0131\u015fi\u015fleri Bakan\u0131 Mevl\u00fct \u00c7avu\u015fo\u011flu&#8217;nun Larissa&#8217;da meydana gelen 6 b\u00fcy\u00fckl\u00fc\u011f\u00fcndeki depremin ard\u0131ndan Yunan mevkida\u015f\u0131 Nikos Denidas&#8217;a ihtiya\u00e7 halinde yard\u0131ma haz\u0131r olduklar\u0131 mesaj\u0131n\u0131 iletti\u011fini bildirdi.<\/p>\n<p>Bakanl\u0131ktan yap\u0131lan yaz\u0131l\u0131 a\u00e7\u0131klamada, &#8220;T\u00fcrk D\u0131\u015fi\u015fleri Bakan\u0131 Mevl\u00fct \u00c7avu\u015fo\u011flu, Dendias&#8217;\u0131 arayarak Larissa&#8217;da meydana gelen depremin ard\u0131ndan Yunanistan ile dayan\u0131\u015fma i\u00e7inde oldu\u011funu ve \u00fclkesinin, ihtiya\u00e7 halinde yard\u0131ma haz\u0131r oldu\u011funu ifade etti. G\u00f6r\u00fc\u015fmede G\u00fcrcistan D\u0131\u015fi\u015fleri Bakan\u0131 David Zalkaliani de haz\u0131r bulundu, dayan\u0131\u015fma ve deste\u011fini iletti.&#8221; ifadeleri kullan\u0131ld\u0131.<\/p>\n<p>Yunanistan&#8217;\u0131n orta kesimindeki Larissa kentinde 6 b\u00fcy\u00fckl\u00fc\u011f\u00fcnde deprem meydana gelmi\u015fti. B\u00f6lgedeki baz\u0131 eski evler ile kilise ve okullarda hasar olu\u015furken, sars\u0131nt\u0131da can kayb\u0131 ya\u015fanmam\u0131\u015ft\u0131.<\/p>\n<div id='gallery-1' class='gallery galleryid-33367 gallery-columns-3 gallery-size-medium'><figure class='gallery-item'>\n\t\t\t<div class='gallery-icon landscape'>\n\t\t\t\t<a href='https:\/\/batitrakya.live\/wp-content\/uploads\/2021\/03\/deprem_larisa.jpg'><img loading=\"lazy\" decoding=\"async\" width=\"300\" height=\"145\" src=\"https:\/\/batitrakya.live\/wp-content\/uploads\/2021\/03\/deprem_larisa-300x145.jpg\" class=\"attachment-medium size-medium\" alt=\"\" srcset=\"https:\/\/batitrakya.live\/wp-content\/uploads\/2021\/03\/deprem_larisa-300x145.jpg 300w, https:\/\/batitrakya.live\/wp-content\/uploads\/2021\/03\/deprem_larisa.jpg 720w\" sizes=\"auto, (max-width: 300px) 100vw, 300px\" \/><\/a>\n\t\t\t<\/div><\/figure><figure class='gallery-item'>\n\t\t\t<div class='gallery-icon landscape'>\n\t\t\t\t<a href='https:\/\/batitrakya.live\/wp-content\/uploads\/2021\/03\/deprem_larisa1.jpg'><img loading=\"lazy\" decoding=\"async\" width=\"300\" height=\"159\" src=\"https:\/\/batitrakya.live\/wp-content\/uploads\/2021\/03\/deprem_larisa1-300x159.jpg\" class=\"attachment-medium size-medium\" alt=\"\" srcset=\"https:\/\/batitrakya.live\/wp-content\/uploads\/2021\/03\/deprem_larisa1-300x159.jpg 300w, https:\/\/batitrakya.live\/wp-content\/uploads\/2021\/03\/deprem_larisa1.jpg 705w\" sizes=\"auto, (max-width: 300px) 100vw, 300px\" \/><\/a>\n\t\t\t<\/div><\/figure><figure class='gallery-item'>\n\t\t\t<div class='gallery-icon landscape'>\n\t\t\t\t<a href='https:\/\/batitrakya.live\/wp-content\/uploads\/2021\/03\/deprem_larisa2.jpg'><img loading=\"lazy\" decoding=\"async\" width=\"300\" height=\"156\" src=\"https:\/\/batitrakya.live\/wp-content\/uploads\/2021\/03\/deprem_larisa2-300x156.jpg\" class=\"attachment-medium size-medium\" alt=\"\" srcset=\"https:\/\/batitrakya.live\/wp-content\/uploads\/2021\/03\/deprem_larisa2-300x156.jpg 300w, https:\/\/batitrakya.live\/wp-content\/uploads\/2021\/03\/deprem_larisa2-768x399.jpg 768w, https:\/\/batitrakya.live\/wp-content\/uploads\/2021\/03\/deprem_larisa2.jpg 780w\" sizes=\"auto, (max-width: 300px) 100vw, 300px\" \/><\/a>\n\t\t\t<\/div><\/figure>\n\t\t<\/div>\n\n","protected":false},"excerpt":{"rendered":"<p>Yunanistan D\u0131\u015fi\u015fleri Bakanl\u0131\u011f\u0131, T\u00fcrk D\u0131\u015fi\u015fleri Bakan\u0131 Mevl\u00fct \u00c7avu\u015fo\u011flu&#8217;nun Larissa&#8217;da meydana gelen 6 b\u00fcy\u00fckl\u00fc\u011f\u00fcndeki depremin ard\u0131ndan Yunan mevkida\u015f\u0131 Nikos Denidas&#8217;a ihtiya\u00e7 halinde yard\u0131ma haz\u0131r olduklar\u0131 mesaj\u0131n\u0131 iletti\u011fini bildirdi. Bakanl\u0131ktan yap\u0131lan yaz\u0131l\u0131 a\u00e7\u0131klamada, &#8220;T\u00fcrk D\u0131\u015fi\u015fleri Bakan\u0131 Mevl\u00fct \u00c7avu\u015fo\u011flu, Dendias&#8217;\u0131 arayarak Larissa&#8217;da meydana gelen depremin ard\u0131ndan Yunanistan ile dayan\u0131\u015fma i\u00e7inde oldu\u011funu ve \u00fclkesinin, ihtiya\u00e7 halinde yard\u0131ma haz\u0131r oldu\u011funu &hellip;<\/p>\n","protected":false},"author":1,"featured_media":33368,"comment_status":"open","ping_status":"open","sticky":false,"template":"","format":"standard","meta":{"footnotes":""},"categories":[57],"tags":[99],"class_list":["post-33367","post","type-post","status-publish","format-standard","has-post-thumbnail","hentry","category-yunanistan","tag-deprem"],"yoast_head":"<!-- This site is optimized with the Yoast SEO Premium plugin v26.3 (Yoast SEO v27.3) - https:\/\/yoast.com\/product\/yoast-seo-premium-wordpress\/ -->\n<title>\u00c7avu\u015fo\u011flu,deprem sonras\u0131 yard\u0131ma haz\u0131r olduklar\u0131n\u0131 ifade etti... - Bat\u0131 Trakya Haber<\/title>\n<meta name=\"robots\" content=\"index, follow, max-snippet:-1, max-image-preview:large, max-video-preview:-1\" \/>\n<link rel=\"canonical\" href=\"https:\/\/batitrakya.live\/index.php\/cavusogludeprem-sonrasi-yardima-hazir-olduklarini-ifade-etti\/\" \/>\n<meta property=\"og:locale\" content=\"tr_TR\" \/>\n<meta property=\"og:type\" content=\"article\" \/>\n<meta property=\"og:title\" content=\"\u00c7avu\u015fo\u011flu,deprem sonras\u0131 yard\u0131ma haz\u0131r olduklar\u0131n\u0131 ifade etti...\" \/>\n<meta property=\"og:description\" content=\"Yunanistan D\u0131\u015fi\u015fleri Bakanl\u0131\u011f\u0131, T\u00fcrk D\u0131\u015fi\u015fleri Bakan\u0131 Mevl\u00fct \u00c7avu\u015fo\u011flu&#8217;nun Larissa&#8217;da meydana gelen 6 b\u00fcy\u00fckl\u00fc\u011f\u00fcndeki depremin ard\u0131ndan Yunan mevkida\u015f\u0131 Nikos Denidas&#8217;a ihtiya\u00e7 halinde yard\u0131ma haz\u0131r olduklar\u0131 mesaj\u0131n\u0131 iletti\u011fini bildirdi. Bakanl\u0131ktan yap\u0131lan yaz\u0131l\u0131 a\u00e7\u0131klamada, &#8220;T\u00fcrk D\u0131\u015fi\u015fleri Bakan\u0131 Mevl\u00fct \u00c7avu\u015fo\u011flu, Dendias&#8217;\u0131 arayarak Larissa&#8217;da meydana gelen depremin ard\u0131ndan Yunanistan ile dayan\u0131\u015fma i\u00e7inde oldu\u011funu ve \u00fclkesinin, ihtiya\u00e7 halinde yard\u0131ma haz\u0131r oldu\u011funu &hellip;\" \/>\n<meta property=\"og:url\" content=\"https:\/\/batitrakya.live\/index.php\/cavusogludeprem-sonrasi-yardima-hazir-olduklarini-ifade-etti\/\" \/>\n<meta property=\"og:site_name\" content=\"Bat\u0131 Trakya Haber\" \/>\n<meta property=\"article:published_time\" content=\"2021-03-03T21:11:54+00:00\" \/>\n<meta property=\"og:image\" content=\"https:\/\/batitrakya.live\/wp-content\/uploads\/2021\/03\/deprem_larisa.jpg\" \/>\n\t<meta property=\"og:image:width\" content=\"720\" \/>\n\t<meta property=\"og:image:height\" content=\"348\" \/>\n\t<meta property=\"og:image:type\" content=\"image\/jpeg\" \/>\n<meta name=\"author\" content=\"tamer\" \/>\n<meta name=\"twitter:card\" content=\"summary_large_image\" \/>\n<meta name=\"twitter:label1\" content=\"Yazan:\" \/>\n\t<meta name=\"twitter:data1\" content=\"tamer\" \/>\n\t<meta name=\"twitter:label2\" content=\"Tahmini okuma s\u00fcresi\" \/>\n\t<meta name=\"twitter:data2\" content=\"1 dakika\" \/>\n<script type=\"application\/ld+json\" class=\"yoast-schema-graph\">{\"@context\":\"https:\\\/\\\/schema.org\",\"@graph\":[{\"@type\":\"Article\",\"@id\":\"https:\\\/\\\/batitrakya.live\\\/index.php\\\/cavusogludeprem-sonrasi-yardima-hazir-olduklarini-ifade-etti\\\/#article\",\"isPartOf\":{\"@id\":\"https:\\\/\\\/batitrakya.live\\\/index.php\\\/cavusogludeprem-sonrasi-yardima-hazir-olduklarini-ifade-etti\\\/\"},\"author\":{\"name\":\"tamer\",\"@id\":\"https:\\\/\\\/batitrakya.live\\\/#\\\/schema\\\/person\\\/61b86abbc19e5fa0bbc3059670546fe5\"},\"headline\":\"\u00c7avu\u015fo\u011flu,deprem sonras\u0131 yard\u0131ma haz\u0131r olduklar\u0131n\u0131 ifade etti&#8230;\",\"datePublished\":\"2021-03-03T21:11:54+00:00\",\"mainEntityOfPage\":{\"@id\":\"https:\\\/\\\/batitrakya.live\\\/index.php\\\/cavusogludeprem-sonrasi-yardima-hazir-olduklarini-ifade-etti\\\/\"},\"wordCount\":170,\"commentCount\":0,\"image\":{\"@id\":\"https:\\\/\\\/batitrakya.live\\\/index.php\\\/cavusogludeprem-sonrasi-yardima-hazir-olduklarini-ifade-etti\\\/#primaryimage\"},\"thumbnailUrl\":\"https:\\\/\\\/batitrakya.live\\\/wp-content\\\/uploads\\\/2021\\\/03\\\/deprem_larisa.jpg\",\"keywords\":[\"Deprem\"],\"articleSection\":[\"Yunanistan Haber\"],\"inLanguage\":\"tr\",\"potentialAction\":[{\"@type\":\"CommentAction\",\"name\":\"Comment\",\"target\":[\"https:\\\/\\\/batitrakya.live\\\/index.php\\\/cavusogludeprem-sonrasi-yardima-hazir-olduklarini-ifade-etti\\\/#respond\"]}],\"copyrightYear\":\"2021\",\"copyrightHolder\":{\"@id\":\"https:\\\/\\\/batitrakya.live\\\/#organization\"}},{\"@type\":\"WebPage\",\"@id\":\"https:\\\/\\\/batitrakya.live\\\/index.php\\\/cavusogludeprem-sonrasi-yardima-hazir-olduklarini-ifade-etti\\\/\",\"url\":\"https:\\\/\\\/batitrakya.live\\\/index.php\\\/cavusogludeprem-sonrasi-yardima-hazir-olduklarini-ifade-etti\\\/\",\"name\":\"\u00c7avu\u015fo\u011flu,deprem sonras\u0131 yard\u0131ma haz\u0131r olduklar\u0131n\u0131 ifade etti... - Bat\u0131 Trakya Haber\",\"isPartOf\":{\"@id\":\"https:\\\/\\\/batitrakya.live\\\/#website\"},\"primaryImageOfPage\":{\"@id\":\"https:\\\/\\\/batitrakya.live\\\/index.php\\\/cavusogludeprem-sonrasi-yardima-hazir-olduklarini-ifade-etti\\\/#primaryimage\"},\"image\":{\"@id\":\"https:\\\/\\\/batitrakya.live\\\/index.php\\\/cavusogludeprem-sonrasi-yardima-hazir-olduklarini-ifade-etti\\\/#primaryimage\"},\"thumbnailUrl\":\"https:\\\/\\\/batitrakya.live\\\/wp-content\\\/uploads\\\/2021\\\/03\\\/deprem_larisa.jpg\",\"datePublished\":\"2021-03-03T21:11:54+00:00\",\"author\":{\"@id\":\"https:\\\/\\\/batitrakya.live\\\/#\\\/schema\\\/person\\\/61b86abbc19e5fa0bbc3059670546fe5\"},\"breadcrumb\":{\"@id\":\"https:\\\/\\\/batitrakya.live\\\/index.php\\\/cavusogludeprem-sonrasi-yardima-hazir-olduklarini-ifade-etti\\\/#breadcrumb\"},\"inLanguage\":\"tr\",\"potentialAction\":[{\"@type\":\"ReadAction\",\"target\":[\"https:\\\/\\\/batitrakya.live\\\/index.php\\\/cavusogludeprem-sonrasi-yardima-hazir-olduklarini-ifade-etti\\\/\"]}]},{\"@type\":\"ImageObject\",\"inLanguage\":\"tr\",\"@id\":\"https:\\\/\\\/batitrakya.live\\\/index.php\\\/cavusogludeprem-sonrasi-yardima-hazir-olduklarini-ifade-etti\\\/#primaryimage\",\"url\":\"https:\\\/\\\/batitrakya.live\\\/wp-content\\\/uploads\\\/2021\\\/03\\\/deprem_larisa.jpg\",\"contentUrl\":\"https:\\\/\\\/batitrakya.live\\\/wp-content\\\/uploads\\\/2021\\\/03\\\/deprem_larisa.jpg\",\"width\":720,\"height\":348},{\"@type\":\"BreadcrumbList\",\"@id\":\"https:\\\/\\\/batitrakya.live\\\/index.php\\\/cavusogludeprem-sonrasi-yardima-hazir-olduklarini-ifade-etti\\\/#breadcrumb\",\"itemListElement\":[{\"@type\":\"ListItem\",\"position\":1,\"name\":\"Anasayfa\",\"item\":\"https:\\\/\\\/batitrakya.live\\\/\"},{\"@type\":\"ListItem\",\"position\":2,\"name\":\"\u00c7avu\u015fo\u011flu,deprem sonras\u0131 yard\u0131ma haz\u0131r olduklar\u0131n\u0131 ifade etti&#8230;\"}]},{\"@type\":\"WebSite\",\"@id\":\"https:\\\/\\\/batitrakya.live\\\/#website\",\"url\":\"https:\\\/\\\/batitrakya.live\\\/\",\"name\":\"Bat\u0131 Trakya Haber\",\"description\":\"Bat\u0131 Trakyan\u0131n internetteki sesi..\",\"potentialAction\":[{\"@type\":\"SearchAction\",\"target\":{\"@type\":\"EntryPoint\",\"urlTemplate\":\"https:\\\/\\\/batitrakya.live\\\/?s={search_term_string}\"},\"query-input\":{\"@type\":\"PropertyValueSpecification\",\"valueRequired\":true,\"valueName\":\"search_term_string\"}}],\"inLanguage\":\"tr\"},{\"@type\":\"Person\",\"@id\":\"https:\\\/\\\/batitrakya.live\\\/#\\\/schema\\\/person\\\/61b86abbc19e5fa0bbc3059670546fe5\",\"name\":\"tamer\",\"image\":{\"@type\":\"ImageObject\",\"inLanguage\":\"tr\",\"@id\":\"https:\\\/\\\/secure.gravatar.com\\\/avatar\\\/60b0ff14c4376999cea9565d28b91fc61ff0f727c28cd083506a6d83ad6df9c9?s=96&d=mm&r=g\",\"url\":\"https:\\\/\\\/secure.gravatar.com\\\/avatar\\\/60b0ff14c4376999cea9565d28b91fc61ff0f727c28cd083506a6d83ad6df9c9?s=96&d=mm&r=g\",\"contentUrl\":\"https:\\\/\\\/secure.gravatar.com\\\/avatar\\\/60b0ff14c4376999cea9565d28b91fc61ff0f727c28cd083506a6d83ad6df9c9?s=96&d=mm&r=g\",\"caption\":\"tamer\"},\"sameAs\":[\"https:\\\/\\\/batitrakya.live\"],\"url\":\"https:\\\/\\\/batitrakya.live\\\/index.php\\\/author\\\/tamer\\\/\"}]}<\/script>\n<!-- \/ Yoast SEO Premium plugin. -->","yoast_head_json":{"title":"\u00c7avu\u015fo\u011flu,deprem sonras\u0131 yard\u0131ma haz\u0131r olduklar\u0131n\u0131 ifade etti... - Bat\u0131 Trakya Haber","robots":{"index":"index","follow":"follow","max-snippet":"max-snippet:-1","max-image-preview":"max-image-preview:large","max-video-preview":"max-video-preview:-1"},"canonical":"https:\/\/batitrakya.live\/index.php\/cavusogludeprem-sonrasi-yardima-hazir-olduklarini-ifade-etti\/","og_locale":"tr_TR","og_type":"article","og_title":"\u00c7avu\u015fo\u011flu,deprem sonras\u0131 yard\u0131ma haz\u0131r olduklar\u0131n\u0131 ifade etti...","og_description":"Yunanistan D\u0131\u015fi\u015fleri Bakanl\u0131\u011f\u0131, T\u00fcrk D\u0131\u015fi\u015fleri Bakan\u0131 Mevl\u00fct \u00c7avu\u015fo\u011flu&#8217;nun Larissa&#8217;da meydana gelen 6 b\u00fcy\u00fckl\u00fc\u011f\u00fcndeki depremin ard\u0131ndan Yunan mevkida\u015f\u0131 Nikos Denidas&#8217;a ihtiya\u00e7 halinde yard\u0131ma haz\u0131r olduklar\u0131 mesaj\u0131n\u0131 iletti\u011fini bildirdi. Bakanl\u0131ktan yap\u0131lan yaz\u0131l\u0131 a\u00e7\u0131klamada, &#8220;T\u00fcrk D\u0131\u015fi\u015fleri Bakan\u0131 Mevl\u00fct \u00c7avu\u015fo\u011flu, Dendias&#8217;\u0131 arayarak Larissa&#8217;da meydana gelen depremin ard\u0131ndan Yunanistan ile dayan\u0131\u015fma i\u00e7inde oldu\u011funu ve \u00fclkesinin, ihtiya\u00e7 halinde yard\u0131ma haz\u0131r oldu\u011funu &hellip;","og_url":"https:\/\/batitrakya.live\/index.php\/cavusogludeprem-sonrasi-yardima-hazir-olduklarini-ifade-etti\/","og_site_name":"Bat\u0131 Trakya Haber","article_published_time":"2021-03-03T21:11:54+00:00","og_image":[{"width":720,"height":348,"url":"https:\/\/batitrakya.live\/wp-content\/uploads\/2021\/03\/deprem_larisa.jpg","type":"image\/jpeg"}],"author":"tamer","twitter_card":"summary_large_image","twitter_misc":{"Yazan:":"tamer","Tahmini okuma s\u00fcresi":"1 dakika"},"schema":{"@context":"https:\/\/schema.org","@graph":[{"@type":"Article","@id":"https:\/\/batitrakya.live\/index.php\/cavusogludeprem-sonrasi-yardima-hazir-olduklarini-ifade-etti\/#article","isPartOf":{"@id":"https:\/\/batitrakya.live\/index.php\/cavusogludeprem-sonrasi-yardima-hazir-olduklarini-ifade-etti\/"},"author":{"name":"tamer","@id":"https:\/\/batitrakya.live\/#\/schema\/person\/61b86abbc19e5fa0bbc3059670546fe5"},"headline":"\u00c7avu\u015fo\u011flu,deprem sonras\u0131 yard\u0131ma haz\u0131r olduklar\u0131n\u0131 ifade etti&#8230;","datePublished":"2021-03-03T21:11:54+00:00","mainEntityOfPage":{"@id":"https:\/\/batitrakya.live\/index.php\/cavusogludeprem-sonrasi-yardima-hazir-olduklarini-ifade-etti\/"},"wordCount":170,"commentCount":0,"image":{"@id":"https:\/\/batitrakya.live\/index.php\/cavusogludeprem-sonrasi-yardima-hazir-olduklarini-ifade-etti\/#primaryimage"},"thumbnailUrl":"https:\/\/batitrakya.live\/wp-content\/uploads\/2021\/03\/deprem_larisa.jpg","keywords":["Deprem"],"articleSection":["Yunanistan Haber"],"inLanguage":"tr","potentialAction":[{"@type":"CommentAction","name":"Comment","target":["https:\/\/batitrakya.live\/index.php\/cavusogludeprem-sonrasi-yardima-hazir-olduklarini-ifade-etti\/#respond"]}],"copyrightYear":"2021","copyrightHolder":{"@id":"https:\/\/batitrakya.live\/#organization"}},{"@type":"WebPage","@id":"https:\/\/batitrakya.live\/index.php\/cavusogludeprem-sonrasi-yardima-hazir-olduklarini-ifade-etti\/","url":"https:\/\/batitrakya.live\/index.php\/cavusogludeprem-sonrasi-yardima-hazir-olduklarini-ifade-etti\/","name":"\u00c7avu\u015fo\u011flu,deprem sonras\u0131 yard\u0131ma haz\u0131r olduklar\u0131n\u0131 ifade etti... - Bat\u0131 Trakya Haber","isPartOf":{"@id":"https:\/\/batitrakya.live\/#website"},"primaryImageOfPage":{"@id":"https:\/\/batitrakya.live\/index.php\/cavusogludeprem-sonrasi-yardima-hazir-olduklarini-ifade-etti\/#primaryimage"},"image":{"@id":"https:\/\/batitrakya.live\/index.php\/cavusogludeprem-sonrasi-yardima-hazir-olduklarini-ifade-etti\/#primaryimage"},"thumbnailUrl":"https:\/\/batitrakya.live\/wp-content\/uploads\/2021\/03\/deprem_larisa.jpg","datePublished":"2021-03-03T21:11:54+00:00","author":{"@id":"https:\/\/batitrakya.live\/#\/schema\/person\/61b86abbc19e5fa0bbc3059670546fe5"},"breadcrumb":{"@id":"https:\/\/batitrakya.live\/index.php\/cavusogludeprem-sonrasi-yardima-hazir-olduklarini-ifade-etti\/#breadcrumb"},"inLanguage":"tr","potentialAction":[{"@type":"ReadAction","target":["https:\/\/batitrakya.live\/index.php\/cavusogludeprem-sonrasi-yardima-hazir-olduklarini-ifade-etti\/"]}]},{"@type":"ImageObject","inLanguage":"tr","@id":"https:\/\/batitrakya.live\/index.php\/cavusogludeprem-sonrasi-yardima-hazir-olduklarini-ifade-etti\/#primaryimage","url":"https:\/\/batitrakya.live\/wp-content\/uploads\/2021\/03\/deprem_larisa.jpg","contentUrl":"https:\/\/batitrakya.live\/wp-content\/uploads\/2021\/03\/deprem_larisa.jpg","width":720,"height":348},{"@type":"BreadcrumbList","@id":"https:\/\/batitrakya.live\/index.php\/cavusogludeprem-sonrasi-yardima-hazir-olduklarini-ifade-etti\/#breadcrumb","itemListElement":[{"@type":"ListItem","position":1,"name":"Anasayfa","item":"https:\/\/batitrakya.live\/"},{"@type":"ListItem","position":2,"name":"\u00c7avu\u015fo\u011flu,deprem sonras\u0131 yard\u0131ma haz\u0131r olduklar\u0131n\u0131 ifade etti&#8230;"}]},{"@type":"WebSite","@id":"https:\/\/batitrakya.live\/#website","url":"https:\/\/batitrakya.live\/","name":"Bat\u0131 Trakya Haber","description":"Bat\u0131 Trakyan\u0131n internetteki sesi..","potentialAction":[{"@type":"SearchAction","target":{"@type":"EntryPoint","urlTemplate":"https:\/\/batitrakya.live\/?s={search_term_string}"},"query-input":{"@type":"PropertyValueSpecification","valueRequired":true,"valueName":"search_term_string"}}],"inLanguage":"tr"},{"@type":"Person","@id":"https:\/\/batitrakya.live\/#\/schema\/person\/61b86abbc19e5fa0bbc3059670546fe5","name":"tamer","image":{"@type":"ImageObject","inLanguage":"tr","@id":"https:\/\/secure.gravatar.com\/avatar\/60b0ff14c4376999cea9565d28b91fc61ff0f727c28cd083506a6d83ad6df9c9?s=96&d=mm&r=g","url":"https:\/\/secure.gravatar.com\/avatar\/60b0ff14c4376999cea9565d28b91fc61ff0f727c28cd083506a6d83ad6df9c9?s=96&d=mm&r=g","contentUrl":"https:\/\/secure.gravatar.com\/avatar\/60b0ff14c4376999cea9565d28b91fc61ff0f727c28cd083506a6d83ad6df9c9?s=96&d=mm&r=g","caption":"tamer"},"sameAs":["https:\/\/batitrakya.live"],"url":"https:\/\/batitrakya.live\/index.php\/author\/tamer\/"}]}},"_links":{"self":[{"href":"https:\/\/batitrakya.live\/index.php\/wp-json\/wp\/v2\/posts\/33367","targetHints":{"allow":["GET"]}}],"collection":[{"href":"https:\/\/batitrakya.live\/index.php\/wp-json\/wp\/v2\/posts"}],"about":[{"href":"https:\/\/batitrakya.live\/index.php\/wp-json\/wp\/v2\/types\/post"}],"author":[{"embeddable":true,"href":"https:\/\/batitrakya.live\/index.php\/wp-json\/wp\/v2\/users\/1"}],"replies":[{"embeddable":true,"href":"https:\/\/batitrakya.live\/index.php\/wp-json\/wp\/v2\/comments?post=33367"}],"version-history":[{"count":0,"href":"https:\/\/batitrakya.live\/index.php\/wp-json\/wp\/v2\/posts\/33367\/revisions"}],"wp:featuredmedia":[{"embeddable":true,"href":"https:\/\/batitrakya.live\/index.php\/wp-json\/wp\/v2\/media\/33368"}],"wp:attachment":[{"href":"https:\/\/batitrakya.live\/index.php\/wp-json\/wp\/v2\/media?parent=33367"}],"wp:term":[{"taxonomy":"category","embeddable":true,"href":"https:\/\/batitrakya.live\/index.php\/wp-json\/wp\/v2\/categories?post=33367"},{"taxonomy":"post_tag","embeddable":true,"href":"https:\/\/batitrakya.live\/index.php\/wp-json\/wp\/v2\/tags?post=33367"}],"curies":[{"name":"wp","href":"https:\/\/api.w.org\/{rel}","templated":true}]}}