{"id":31443,"date":"2021-02-16T23:52:15","date_gmt":"2021-02-16T22:52:15","guid":{"rendered":"https:\/\/batitrakya.live\/?p=31443"},"modified":"2021-02-16T23:52:15","modified_gmt":"2021-02-16T22:52:15","slug":"yassikoyde-okullar-uc-gun-boyunca-kapali-kalacak","status":"publish","type":"post","link":"https:\/\/batitrakya.live\/index.php\/yassikoyde-okullar-uc-gun-boyunca-kapali-kalacak\/","title":{"rendered":"Yass\u0131k\u00f6y&#8217;de okullar \u00fc\u00e7 g\u00fcn boyunca kapal\u0131 kalacak&#8230;"},"content":{"rendered":"<p>Rodop iline ba\u011fl\u0131 Yass\u0131k\u00f6y Belediyesi s\u0131n\u0131rlar\u0131 i\u00e7indeki k\u00f6ylerde okullar hafta sonuna kadar kapal\u0131 kalacak. Okullar\u0131n, k\u00f6t\u00fc hava \u015fartlar\u0131 nedeniyle \u00f6n\u00fcm\u00fczdeki \u00fc\u00e7 g\u00fcn boyunca tatil edildi\u011fi ifade edildi.<\/p>\n<p>Yass\u0131k\u00f6y Belediye Ba\u015fkan\u0131 \u00d6nder M\u00fcmin\u2019in karar\u0131yla b\u00f6lgedeki t\u00fcm ilk ve orta dereceli okullar ve \u00f6zel hizmet veren \u00e7ocuk yuvalar\u0131 17 \u015eubat \u00c7ar\u015famba, 18 \u015eubat Per\u015fembe ve 19 \u015eubat Cuma g\u00fcnleri de kapal\u0131 olacak.<\/p>\n","protected":false},"excerpt":{"rendered":"<p>Rodop iline ba\u011fl\u0131 Yass\u0131k\u00f6y Belediyesi s\u0131n\u0131rlar\u0131 i\u00e7indeki k\u00f6ylerde okullar hafta sonuna kadar kapal\u0131 kalacak. Okullar\u0131n, k\u00f6t\u00fc hava \u015fartlar\u0131 nedeniyle \u00f6n\u00fcm\u00fczdeki \u00fc\u00e7 g\u00fcn boyunca tatil edildi\u011fi ifade edildi. Yass\u0131k\u00f6y Belediye Ba\u015fkan\u0131 \u00d6nder M\u00fcmin\u2019in karar\u0131yla b\u00f6lgedeki t\u00fcm ilk ve orta dereceli okullar ve \u00f6zel hizmet veren \u00e7ocuk yuvalar\u0131 17 \u015eubat \u00c7ar\u015famba, 18 \u015eubat Per\u015fembe ve 19 \u015eubat &hellip;<\/p>\n","protected":false},"author":1,"featured_media":31444,"comment_status":"open","ping_status":"open","sticky":false,"template":"","format":"standard","meta":{"footnotes":""},"categories":[24],"tags":[44,39],"class_list":["post-31443","post","type-post","status-publish","format-standard","has-post-thumbnail","hentry","category-bati-trakyam-haber","tag-egitim","tag-yassi-koy"],"yoast_head":"<!-- This site is optimized with the Yoast SEO Premium plugin v26.3 (Yoast SEO v27.3) - https:\/\/yoast.com\/product\/yoast-seo-premium-wordpress\/ -->\n<title>Yass\u0131k\u00f6y&#039;de okullar \u00fc\u00e7 g\u00fcn boyunca kapal\u0131 kalacak... - Bat\u0131 Trakya Haber<\/title>\n<meta name=\"robots\" content=\"index, follow, max-snippet:-1, max-image-preview:large, max-video-preview:-1\" \/>\n<link rel=\"canonical\" href=\"https:\/\/batitrakya.live\/index.php\/yassikoyde-okullar-uc-gun-boyunca-kapali-kalacak\/\" \/>\n<meta property=\"og:locale\" content=\"tr_TR\" \/>\n<meta property=\"og:type\" content=\"article\" \/>\n<meta property=\"og:title\" content=\"Yass\u0131k\u00f6y&#039;de okullar \u00fc\u00e7 g\u00fcn boyunca kapal\u0131 kalacak...\" \/>\n<meta property=\"og:description\" content=\"Rodop iline ba\u011fl\u0131 Yass\u0131k\u00f6y Belediyesi s\u0131n\u0131rlar\u0131 i\u00e7indeki k\u00f6ylerde okullar hafta sonuna kadar kapal\u0131 kalacak. Okullar\u0131n, k\u00f6t\u00fc hava \u015fartlar\u0131 nedeniyle \u00f6n\u00fcm\u00fczdeki \u00fc\u00e7 g\u00fcn boyunca tatil edildi\u011fi ifade edildi. Yass\u0131k\u00f6y Belediye Ba\u015fkan\u0131 \u00d6nder M\u00fcmin\u2019in karar\u0131yla b\u00f6lgedeki t\u00fcm ilk ve orta dereceli okullar ve \u00f6zel hizmet veren \u00e7ocuk yuvalar\u0131 17 \u015eubat \u00c7ar\u015famba, 18 \u015eubat Per\u015fembe ve 19 \u015eubat &hellip;\" \/>\n<meta property=\"og:url\" content=\"https:\/\/batitrakya.live\/index.php\/yassikoyde-okullar-uc-gun-boyunca-kapali-kalacak\/\" \/>\n<meta property=\"og:site_name\" content=\"Bat\u0131 Trakya Haber\" \/>\n<meta property=\"article:published_time\" content=\"2021-02-16T22:52:15+00:00\" \/>\n<meta property=\"og:image\" content=\"https:\/\/batitrakya.live\/wp-content\/uploads\/2021\/02\/yassi_koy_okul.jpg\" \/>\n\t<meta property=\"og:image:width\" content=\"720\" \/>\n\t<meta property=\"og:image:height\" content=\"348\" \/>\n\t<meta property=\"og:image:type\" content=\"image\/jpeg\" \/>\n<meta name=\"author\" content=\"tamer\" \/>\n<meta name=\"twitter:card\" content=\"summary_large_image\" \/>\n<meta name=\"twitter:label1\" content=\"Yazan:\" \/>\n\t<meta name=\"twitter:data1\" content=\"tamer\" \/>\n<script type=\"application\/ld+json\" class=\"yoast-schema-graph\">{\"@context\":\"https:\\\/\\\/schema.org\",\"@graph\":[{\"@type\":\"Article\",\"@id\":\"https:\\\/\\\/batitrakya.live\\\/index.php\\\/yassikoyde-okullar-uc-gun-boyunca-kapali-kalacak\\\/#article\",\"isPartOf\":{\"@id\":\"https:\\\/\\\/batitrakya.live\\\/index.php\\\/yassikoyde-okullar-uc-gun-boyunca-kapali-kalacak\\\/\"},\"author\":{\"name\":\"tamer\",\"@id\":\"https:\\\/\\\/batitrakya.live\\\/#\\\/schema\\\/person\\\/61b86abbc19e5fa0bbc3059670546fe5\"},\"headline\":\"Yass\u0131k\u00f6y&#8217;de okullar \u00fc\u00e7 g\u00fcn boyunca kapal\u0131 kalacak&#8230;\",\"datePublished\":\"2021-02-16T22:52:15+00:00\",\"mainEntityOfPage\":{\"@id\":\"https:\\\/\\\/batitrakya.live\\\/index.php\\\/yassikoyde-okullar-uc-gun-boyunca-kapali-kalacak\\\/\"},\"wordCount\":90,\"commentCount\":0,\"image\":{\"@id\":\"https:\\\/\\\/batitrakya.live\\\/index.php\\\/yassikoyde-okullar-uc-gun-boyunca-kapali-kalacak\\\/#primaryimage\"},\"thumbnailUrl\":\"https:\\\/\\\/batitrakya.live\\\/wp-content\\\/uploads\\\/2021\\\/02\\\/yassi_koy_okul.jpg\",\"keywords\":[\"E\u011fitim\",\"Yass\u0131 K\u00f6y\"],\"articleSection\":[\"Bat\u0131 Trakyam Haber\"],\"inLanguage\":\"tr\",\"potentialAction\":[{\"@type\":\"CommentAction\",\"name\":\"Comment\",\"target\":[\"https:\\\/\\\/batitrakya.live\\\/index.php\\\/yassikoyde-okullar-uc-gun-boyunca-kapali-kalacak\\\/#respond\"]}],\"copyrightYear\":\"2021\",\"copyrightHolder\":{\"@id\":\"https:\\\/\\\/batitrakya.live\\\/#organization\"}},{\"@type\":\"WebPage\",\"@id\":\"https:\\\/\\\/batitrakya.live\\\/index.php\\\/yassikoyde-okullar-uc-gun-boyunca-kapali-kalacak\\\/\",\"url\":\"https:\\\/\\\/batitrakya.live\\\/index.php\\\/yassikoyde-okullar-uc-gun-boyunca-kapali-kalacak\\\/\",\"name\":\"Yass\u0131k\u00f6y'de okullar \u00fc\u00e7 g\u00fcn boyunca kapal\u0131 kalacak... - Bat\u0131 Trakya Haber\",\"isPartOf\":{\"@id\":\"https:\\\/\\\/batitrakya.live\\\/#website\"},\"primaryImageOfPage\":{\"@id\":\"https:\\\/\\\/batitrakya.live\\\/index.php\\\/yassikoyde-okullar-uc-gun-boyunca-kapali-kalacak\\\/#primaryimage\"},\"image\":{\"@id\":\"https:\\\/\\\/batitrakya.live\\\/index.php\\\/yassikoyde-okullar-uc-gun-boyunca-kapali-kalacak\\\/#primaryimage\"},\"thumbnailUrl\":\"https:\\\/\\\/batitrakya.live\\\/wp-content\\\/uploads\\\/2021\\\/02\\\/yassi_koy_okul.jpg\",\"datePublished\":\"2021-02-16T22:52:15+00:00\",\"author\":{\"@id\":\"https:\\\/\\\/batitrakya.live\\\/#\\\/schema\\\/person\\\/61b86abbc19e5fa0bbc3059670546fe5\"},\"breadcrumb\":{\"@id\":\"https:\\\/\\\/batitrakya.live\\\/index.php\\\/yassikoyde-okullar-uc-gun-boyunca-kapali-kalacak\\\/#breadcrumb\"},\"inLanguage\":\"tr\",\"potentialAction\":[{\"@type\":\"ReadAction\",\"target\":[\"https:\\\/\\\/batitrakya.live\\\/index.php\\\/yassikoyde-okullar-uc-gun-boyunca-kapali-kalacak\\\/\"]}]},{\"@type\":\"ImageObject\",\"inLanguage\":\"tr\",\"@id\":\"https:\\\/\\\/batitrakya.live\\\/index.php\\\/yassikoyde-okullar-uc-gun-boyunca-kapali-kalacak\\\/#primaryimage\",\"url\":\"https:\\\/\\\/batitrakya.live\\\/wp-content\\\/uploads\\\/2021\\\/02\\\/yassi_koy_okul.jpg\",\"contentUrl\":\"https:\\\/\\\/batitrakya.live\\\/wp-content\\\/uploads\\\/2021\\\/02\\\/yassi_koy_okul.jpg\",\"width\":720,\"height\":348},{\"@type\":\"BreadcrumbList\",\"@id\":\"https:\\\/\\\/batitrakya.live\\\/index.php\\\/yassikoyde-okullar-uc-gun-boyunca-kapali-kalacak\\\/#breadcrumb\",\"itemListElement\":[{\"@type\":\"ListItem\",\"position\":1,\"name\":\"Anasayfa\",\"item\":\"https:\\\/\\\/batitrakya.live\\\/\"},{\"@type\":\"ListItem\",\"position\":2,\"name\":\"Yass\u0131k\u00f6y&#8217;de okullar \u00fc\u00e7 g\u00fcn boyunca kapal\u0131 kalacak&#8230;\"}]},{\"@type\":\"WebSite\",\"@id\":\"https:\\\/\\\/batitrakya.live\\\/#website\",\"url\":\"https:\\\/\\\/batitrakya.live\\\/\",\"name\":\"Bat\u0131 Trakya Haber\",\"description\":\"Bat\u0131 Trakyan\u0131n internetteki sesi..\",\"potentialAction\":[{\"@type\":\"SearchAction\",\"target\":{\"@type\":\"EntryPoint\",\"urlTemplate\":\"https:\\\/\\\/batitrakya.live\\\/?s={search_term_string}\"},\"query-input\":{\"@type\":\"PropertyValueSpecification\",\"valueRequired\":true,\"valueName\":\"search_term_string\"}}],\"inLanguage\":\"tr\"},{\"@type\":\"Person\",\"@id\":\"https:\\\/\\\/batitrakya.live\\\/#\\\/schema\\\/person\\\/61b86abbc19e5fa0bbc3059670546fe5\",\"name\":\"tamer\",\"image\":{\"@type\":\"ImageObject\",\"inLanguage\":\"tr\",\"@id\":\"https:\\\/\\\/secure.gravatar.com\\\/avatar\\\/60b0ff14c4376999cea9565d28b91fc61ff0f727c28cd083506a6d83ad6df9c9?s=96&d=mm&r=g\",\"url\":\"https:\\\/\\\/secure.gravatar.com\\\/avatar\\\/60b0ff14c4376999cea9565d28b91fc61ff0f727c28cd083506a6d83ad6df9c9?s=96&d=mm&r=g\",\"contentUrl\":\"https:\\\/\\\/secure.gravatar.com\\\/avatar\\\/60b0ff14c4376999cea9565d28b91fc61ff0f727c28cd083506a6d83ad6df9c9?s=96&d=mm&r=g\",\"caption\":\"tamer\"},\"sameAs\":[\"https:\\\/\\\/batitrakya.live\"],\"url\":\"https:\\\/\\\/batitrakya.live\\\/index.php\\\/author\\\/tamer\\\/\"}]}<\/script>\n<!-- \/ Yoast SEO Premium plugin. -->","yoast_head_json":{"title":"Yass\u0131k\u00f6y'de okullar \u00fc\u00e7 g\u00fcn boyunca kapal\u0131 kalacak... - Bat\u0131 Trakya Haber","robots":{"index":"index","follow":"follow","max-snippet":"max-snippet:-1","max-image-preview":"max-image-preview:large","max-video-preview":"max-video-preview:-1"},"canonical":"https:\/\/batitrakya.live\/index.php\/yassikoyde-okullar-uc-gun-boyunca-kapali-kalacak\/","og_locale":"tr_TR","og_type":"article","og_title":"Yass\u0131k\u00f6y'de okullar \u00fc\u00e7 g\u00fcn boyunca kapal\u0131 kalacak...","og_description":"Rodop iline ba\u011fl\u0131 Yass\u0131k\u00f6y Belediyesi s\u0131n\u0131rlar\u0131 i\u00e7indeki k\u00f6ylerde okullar hafta sonuna kadar kapal\u0131 kalacak. Okullar\u0131n, k\u00f6t\u00fc hava \u015fartlar\u0131 nedeniyle \u00f6n\u00fcm\u00fczdeki \u00fc\u00e7 g\u00fcn boyunca tatil edildi\u011fi ifade edildi. Yass\u0131k\u00f6y Belediye Ba\u015fkan\u0131 \u00d6nder M\u00fcmin\u2019in karar\u0131yla b\u00f6lgedeki t\u00fcm ilk ve orta dereceli okullar ve \u00f6zel hizmet veren \u00e7ocuk yuvalar\u0131 17 \u015eubat \u00c7ar\u015famba, 18 \u015eubat Per\u015fembe ve 19 \u015eubat &hellip;","og_url":"https:\/\/batitrakya.live\/index.php\/yassikoyde-okullar-uc-gun-boyunca-kapali-kalacak\/","og_site_name":"Bat\u0131 Trakya Haber","article_published_time":"2021-02-16T22:52:15+00:00","og_image":[{"width":720,"height":348,"url":"https:\/\/batitrakya.live\/wp-content\/uploads\/2021\/02\/yassi_koy_okul.jpg","type":"image\/jpeg"}],"author":"tamer","twitter_card":"summary_large_image","twitter_misc":{"Yazan:":"tamer"},"schema":{"@context":"https:\/\/schema.org","@graph":[{"@type":"Article","@id":"https:\/\/batitrakya.live\/index.php\/yassikoyde-okullar-uc-gun-boyunca-kapali-kalacak\/#article","isPartOf":{"@id":"https:\/\/batitrakya.live\/index.php\/yassikoyde-okullar-uc-gun-boyunca-kapali-kalacak\/"},"author":{"name":"tamer","@id":"https:\/\/batitrakya.live\/#\/schema\/person\/61b86abbc19e5fa0bbc3059670546fe5"},"headline":"Yass\u0131k\u00f6y&#8217;de okullar \u00fc\u00e7 g\u00fcn boyunca kapal\u0131 kalacak&#8230;","datePublished":"2021-02-16T22:52:15+00:00","mainEntityOfPage":{"@id":"https:\/\/batitrakya.live\/index.php\/yassikoyde-okullar-uc-gun-boyunca-kapali-kalacak\/"},"wordCount":90,"commentCount":0,"image":{"@id":"https:\/\/batitrakya.live\/index.php\/yassikoyde-okullar-uc-gun-boyunca-kapali-kalacak\/#primaryimage"},"thumbnailUrl":"https:\/\/batitrakya.live\/wp-content\/uploads\/2021\/02\/yassi_koy_okul.jpg","keywords":["E\u011fitim","Yass\u0131 K\u00f6y"],"articleSection":["Bat\u0131 Trakyam Haber"],"inLanguage":"tr","potentialAction":[{"@type":"CommentAction","name":"Comment","target":["https:\/\/batitrakya.live\/index.php\/yassikoyde-okullar-uc-gun-boyunca-kapali-kalacak\/#respond"]}],"copyrightYear":"2021","copyrightHolder":{"@id":"https:\/\/batitrakya.live\/#organization"}},{"@type":"WebPage","@id":"https:\/\/batitrakya.live\/index.php\/yassikoyde-okullar-uc-gun-boyunca-kapali-kalacak\/","url":"https:\/\/batitrakya.live\/index.php\/yassikoyde-okullar-uc-gun-boyunca-kapali-kalacak\/","name":"Yass\u0131k\u00f6y'de okullar \u00fc\u00e7 g\u00fcn boyunca kapal\u0131 kalacak... - Bat\u0131 Trakya Haber","isPartOf":{"@id":"https:\/\/batitrakya.live\/#website"},"primaryImageOfPage":{"@id":"https:\/\/batitrakya.live\/index.php\/yassikoyde-okullar-uc-gun-boyunca-kapali-kalacak\/#primaryimage"},"image":{"@id":"https:\/\/batitrakya.live\/index.php\/yassikoyde-okullar-uc-gun-boyunca-kapali-kalacak\/#primaryimage"},"thumbnailUrl":"https:\/\/batitrakya.live\/wp-content\/uploads\/2021\/02\/yassi_koy_okul.jpg","datePublished":"2021-02-16T22:52:15+00:00","author":{"@id":"https:\/\/batitrakya.live\/#\/schema\/person\/61b86abbc19e5fa0bbc3059670546fe5"},"breadcrumb":{"@id":"https:\/\/batitrakya.live\/index.php\/yassikoyde-okullar-uc-gun-boyunca-kapali-kalacak\/#breadcrumb"},"inLanguage":"tr","potentialAction":[{"@type":"ReadAction","target":["https:\/\/batitrakya.live\/index.php\/yassikoyde-okullar-uc-gun-boyunca-kapali-kalacak\/"]}]},{"@type":"ImageObject","inLanguage":"tr","@id":"https:\/\/batitrakya.live\/index.php\/yassikoyde-okullar-uc-gun-boyunca-kapali-kalacak\/#primaryimage","url":"https:\/\/batitrakya.live\/wp-content\/uploads\/2021\/02\/yassi_koy_okul.jpg","contentUrl":"https:\/\/batitrakya.live\/wp-content\/uploads\/2021\/02\/yassi_koy_okul.jpg","width":720,"height":348},{"@type":"BreadcrumbList","@id":"https:\/\/batitrakya.live\/index.php\/yassikoyde-okullar-uc-gun-boyunca-kapali-kalacak\/#breadcrumb","itemListElement":[{"@type":"ListItem","position":1,"name":"Anasayfa","item":"https:\/\/batitrakya.live\/"},{"@type":"ListItem","position":2,"name":"Yass\u0131k\u00f6y&#8217;de okullar \u00fc\u00e7 g\u00fcn boyunca kapal\u0131 kalacak&#8230;"}]},{"@type":"WebSite","@id":"https:\/\/batitrakya.live\/#website","url":"https:\/\/batitrakya.live\/","name":"Bat\u0131 Trakya Haber","description":"Bat\u0131 Trakyan\u0131n internetteki sesi..","potentialAction":[{"@type":"SearchAction","target":{"@type":"EntryPoint","urlTemplate":"https:\/\/batitrakya.live\/?s={search_term_string}"},"query-input":{"@type":"PropertyValueSpecification","valueRequired":true,"valueName":"search_term_string"}}],"inLanguage":"tr"},{"@type":"Person","@id":"https:\/\/batitrakya.live\/#\/schema\/person\/61b86abbc19e5fa0bbc3059670546fe5","name":"tamer","image":{"@type":"ImageObject","inLanguage":"tr","@id":"https:\/\/secure.gravatar.com\/avatar\/60b0ff14c4376999cea9565d28b91fc61ff0f727c28cd083506a6d83ad6df9c9?s=96&d=mm&r=g","url":"https:\/\/secure.gravatar.com\/avatar\/60b0ff14c4376999cea9565d28b91fc61ff0f727c28cd083506a6d83ad6df9c9?s=96&d=mm&r=g","contentUrl":"https:\/\/secure.gravatar.com\/avatar\/60b0ff14c4376999cea9565d28b91fc61ff0f727c28cd083506a6d83ad6df9c9?s=96&d=mm&r=g","caption":"tamer"},"sameAs":["https:\/\/batitrakya.live"],"url":"https:\/\/batitrakya.live\/index.php\/author\/tamer\/"}]}},"_links":{"self":[{"href":"https:\/\/batitrakya.live\/index.php\/wp-json\/wp\/v2\/posts\/31443","targetHints":{"allow":["GET"]}}],"collection":[{"href":"https:\/\/batitrakya.live\/index.php\/wp-json\/wp\/v2\/posts"}],"about":[{"href":"https:\/\/batitrakya.live\/index.php\/wp-json\/wp\/v2\/types\/post"}],"author":[{"embeddable":true,"href":"https:\/\/batitrakya.live\/index.php\/wp-json\/wp\/v2\/users\/1"}],"replies":[{"embeddable":true,"href":"https:\/\/batitrakya.live\/index.php\/wp-json\/wp\/v2\/comments?post=31443"}],"version-history":[{"count":0,"href":"https:\/\/batitrakya.live\/index.php\/wp-json\/wp\/v2\/posts\/31443\/revisions"}],"wp:featuredmedia":[{"embeddable":true,"href":"https:\/\/batitrakya.live\/index.php\/wp-json\/wp\/v2\/media\/31444"}],"wp:attachment":[{"href":"https:\/\/batitrakya.live\/index.php\/wp-json\/wp\/v2\/media?parent=31443"}],"wp:term":[{"taxonomy":"category","embeddable":true,"href":"https:\/\/batitrakya.live\/index.php\/wp-json\/wp\/v2\/categories?post=31443"},{"taxonomy":"post_tag","embeddable":true,"href":"https:\/\/batitrakya.live\/index.php\/wp-json\/wp\/v2\/tags?post=31443"}],"curies":[{"name":"wp","href":"https:\/\/api.w.org\/{rel}","templated":true}]}}