{"id":31426,"date":"2021-02-15T18:52:39","date_gmt":"2021-02-15T17:52:39","guid":{"rendered":"https:\/\/batitrakya.live\/?p=31426"},"modified":"2021-02-15T18:52:39","modified_gmt":"2021-02-15T17:52:39","slug":"estia-gazetesinden-muftu-ve-vakif-secimi-senaryolari","status":"publish","type":"post","link":"https:\/\/batitrakya.live\/index.php\/estia-gazetesinden-muftu-ve-vakif-secimi-senaryolari\/","title":{"rendered":"Estia gazetesinden m\u00fcft\u00fc ve vak\u0131f se\u00e7imi senaryolar\u0131&#8230;"},"content":{"rendered":"<p>Estia, Bat\u0131 Trakya T\u00fcrkleri ve T\u00fcrkiye ile ilgili s\u0131k s\u0131k yapt\u0131\u011f\u0131 yay\u0131nlarla ad\u0131ndan s\u00f6z ettiren bir yay\u0131n organ\u0131. Bu yay\u0131nlar\u0131nda da az\u0131nl\u0131\u011f\u0131n lehine bir tutum sergiledi\u011fi s\u00f6ylenemez.<\/p>\n<p>Gazetenin haber \u2013 yorumu, resmi ve kesinle\u015fmi\u015f bilgiden \u00e7ok gazeteye ula\u015fan bilgilere dayan\u0131yor. Buna g\u00f6re Dora Bakoyanni\u2019nin ba\u015fkanl\u0131\u011f\u0131n\u0131 yapt\u0131\u011f\u0131 Trakya Kalk\u0131nma Komisyonu m\u00fcft\u00fcl\u00fck sorunuyla ilgili olarak iki senaryolu bir \u201cyol haritas\u0131\u201d \u00fczerinde \u00e7al\u0131\u015f\u0131yor. M\u00fcft\u00fcl\u00fck sorununun yan\u0131 s\u0131ra vak\u0131f se\u00e7imleriyle ilgili olarak da bir \u201c\u00e7\u00f6z\u00fcm\u201d \u00fczerinde duruluyor. Gazetenin haberinde, hen\u00fcz kesinle\u015fmemi\u015f olan \u00e7\u00f6z\u00fcm \u00f6nerisiyle alakal\u0131 olarak, bu meselelerle ilgilenen e\u011fitim ve d\u0131\u015fi\u015fleri bakanl\u0131klar\u0131nda b\u00fcy\u00fck bir endi\u015fenin hakim oldu\u011fu iddia ediliyor.<\/p>\n<p>Gazetenin kulland\u0131\u011f\u0131 ba\u015fl\u0131\u011fa bakmak bile, m\u00fcft\u00fcl\u00fck ve vak\u0131flar se\u00e7imiyle ilgili man\u015fetten verdi\u011fi haber \u2013 yorumun \u201cruhunu\u201d anlamak i\u00e7in yeterli.<\/p>\n<p>\u201cPatrikle \u2018e\u015fit\u2019 m\u00fcft\u00fc se\u00e7ilirse Trakya\u2019da ortak y\u00f6netim!\u201d ba\u015fl\u0131\u011f\u0131yla asl\u0131nda kamuoyuna pe\u015finen bir \u201ckorku\u201d veriliyor.<\/p>\n<p>Halk taraf\u0131ndan do\u011frudan veya dolayl\u0131 (se\u00e7ici kurul taraf\u0131ndan) bir \u015fekilde m\u00fcft\u00fc se\u00e7imi yap\u0131l\u0131rsa Trakya b\u00f6lgesinde \u201cortak\u201d y\u00f6netimden bahsedilece\u011fini iddia ediyor. Gazetenin, ortak y\u00f6netim derken kiminle ortak y\u00f6netim olaca\u011f\u0131n\u0131 a\u00e7\u0131k\u00e7a yazmasa da, asl\u0131nda T\u00fcrkiye\u2019yi i\u015faret etti\u011fi a\u015fikar.<\/p>\n<p>Estia gazetesi man\u015fetten verdi\u011fi haberde, Trakya Kalk\u0131nma Komisyonu\u2019nun \u00f6nerisini hen\u00fcz kesinle\u015ftirmedi\u011fini belirterek, komisyon \u00fcyeleri aras\u0131nda iki yakla\u015f\u0131m\u0131n olu\u015ftu\u011funu ifade ediyor. Estia gazetesine g\u00f6re; m\u00fcft\u00fcl\u00fck konusunda T\u00fcrkiye m\u00fcft\u00fcn\u00fcn do\u011frudan halk taraf\u0131ndan se\u00e7ilmesini istiyor. Yunanistan ise bu konunun T\u00fcrk \u2013 Yunan diyalo\u011funun kapsam\u0131 d\u0131\u015f\u0131nda oldu\u011funu ve bu konuda Trakya Kalk\u0131nma Komisyonu\u2019nun yetkili oldu\u011fu yan\u0131t\u0131n\u0131 verdi\u011fi iddia ediliyor.<\/p>\n<p>M\u00fcft\u00fcl\u00fck se\u00e7imiyle ilgili Trakya Kalk\u0131nma Komisyonundaki birinci g\u00f6r\u00fc\u015f; 200 ki\u015filik bir se\u00e7ici kurulun olu\u015fturulmas\u0131n\u0131, bu kurul \u00fcyelerinin din g\u00f6revlileri ve m\u00fctevelli \u00fcyeleri taraf\u0131ndan meydana gelmesini \u00f6ng\u00f6r\u00fcyor. Bu g\u00f6r\u00fc\u015fe g\u00f6re s\u00f6z konusu kurul taraf\u0131ndan belirlenecek 3 ki\u015fi m\u00fcft\u00fc aday\u0131 olarak h\u00fck\u00fcmete sunulacak. H\u00fck\u00fcmet, yani E\u011fitim Bakanl\u0131\u011f\u0131 ise bu 3 ki\u015fiden birini m\u00fcft\u00fc olarak g\u00f6revlendirecek. Bu i\u015flem \u0130ske\u00e7e, G\u00fcm\u00fclcine ve Dimetoka m\u00fcft\u00fcl\u00fckleri i\u00e7in ayr\u0131 ayr\u0131 yap\u0131lacak.<\/p>\n<p>Gazete, bu ama\u00e7la 1990 y\u0131l\u0131nda Konstandinos Mi\u00e7otakis ba\u015fbakanl\u0131\u011f\u0131nda kabul edilen m\u00fcft\u00fcl\u00fck se\u00e7imi yasas\u0131n\u0131n de\u011fi\u015ftirilece\u011fini belirtiyor.<\/p>\n<p>Estia\u2019n\u0131n haber \u2013 yorumunda, m\u00fcft\u00fcl\u00fck se\u00e7iminin yan\u0131 s\u0131ra vak\u0131f idare heyetlerinin se\u00e7iminin de de\u011ferlendirildi\u011fi kaydediliyor. Buna g\u00f6re vak\u0131f idare heyetlerinin do\u011frudan M\u00fcsl\u00fcman az\u0131nl\u0131k mensuplar\u0131 taraf\u0131ndan se\u00e7ilece\u011fi belirtiliyor.<\/p>\n<p>Komisyondaki birinci yakla\u015f\u0131m\u0131n\u0131n baz\u0131 \u00fcyeler taraf\u0131ndan benimsendi\u011fi ve az\u0131nl\u0131k milletvekilleri ile az\u0131nl\u0131k dernekleri taraf\u0131ndan, isti\u015fare \u00e7er\u00e7evesinde Trakya Kalk\u0131nma Komiyonu\u2019na g\u00f6nderdi\u011fi raporlara dayand\u0131\u011f\u0131 dile getiriliyor.<\/p>\n<p><strong>\u201cM\u00dcFT\u00dc \u0130LE PATR\u0130K E\u015e\u0130T HALE GET\u0130R\u0130L\u0130YOR\u201d<\/strong><br \/>\nTrakya Kalk\u0131nma Komisyonu\u2019ndaki ikinci g\u00f6r\u00fc\u015f\u00fcn ise daha muhafazakar bir g\u00f6r\u00fc\u015f oldu\u011fu belirtiliyor. Bu yakla\u015f\u0131ma g\u00f6re m\u00fcft\u00fc se\u00e7imi i\u00e7in bir \u201craport\u00f6r heyet\u201din olu\u015fturulmas\u0131, bu heyetin h\u00fck\u00fcmete 5 ki\u015filik bir liste \u00f6nermesi ve h\u00fck\u00fcmetin bu 5 ki\u015fiden birini m\u00fcft\u00fc olarak g\u00f6revlendirmesi \u00f6ng\u00f6r\u00fcl\u00fcyor. Yine Estia\u2019n\u0131n haberine g\u00f6re; Komisyon\u2019da ikinci yakla\u015f\u0131m\u0131 destekleyenler, \u00fc\u00e7 ki\u015filik listenin benimsenmesi halinde m\u00fcft\u00fc se\u00e7imiyle, patrik se\u00e7iminin benzer bir \u015fekilde yap\u0131lmas\u0131na neden olaca\u011f\u0131, b\u00f6ylelikle de Yunanistan\u2019\u0131n, d\u00fcnyadaki Ortodokslu\u011fun lideri olan patrik ile m\u00fcft\u00fcy\u00fc e\u015fit hale getirece\u011fini savunuyorlar. Gazete, b\u00f6yle bir durumda bir \u201csembol\u201d yaratman\u0131n haricinde ba\u015fka bir sorunun daha ortaya \u00e7\u0131kabilece\u011fini savunuyor. Haberde, m\u00fctevelli ba\u015fkanlar\u0131n\u0131n m\u00fcft\u00fcy\u00fc belirleyecek se\u00e7ici kurula kat\u0131lmas\u0131yla m\u00fcft\u00fcn\u00fcn dolayl\u0131 olarak halk taraf\u0131ndan se\u00e7ilmi\u015f olaca\u011f\u0131na i\u015faret ediyor. Bu durumda m\u00fctevelli ba\u015fkanlar\u0131n\u0131n bir m\u00fcft\u00fc aday\u0131n\u0131 desteklemek i\u00e7in kampanya y\u00fcr\u00fcteceklerini, bunun da Ankara\u2019n\u0131n etkisinin olu\u015fmas\u0131na neden olaca\u011f\u0131 iddia ediliyor.<\/p>\n<p>Gazetenin bundan sonraki senaryosu veya iddias\u0131 ise ciddi anlamda \u201chayal g\u00fcc\u00fc\u201d gerektiriyor. Zira haber \u2013 yorumda \u00f6zetle \u201ce\u011fer vak\u0131f idare heyetleri se\u00e7imleri olursa az\u0131nl\u0131k kendi \u2018belediye ba\u015fkanlar\u0131na\u2019 kavu\u015facak\u201d t\u00fcr\u00fcnden bir \u00f6c\u00fc yarat\u0131l\u0131yor. Gazete diyor ki; \u201cVak\u0131f idare heyetlerinin de se\u00e7imle i\u015fba\u015f\u0131na gelmesi ve \u00e7ok g\u00fc\u00e7l\u00fc bir b\u00fct\u00e7eyi y\u00f6neten ki\u015filer olmalar\u0131 halinde bir \u2018kesimin\u2019 yani az\u0131nl\u0131\u011f\u0131n belediye ba\u015fkanlar\u0131 olmu\u015f gibi bir g\u00fc\u00e7 elde edecekler.\u201d<\/p>\n<p>Estia gazetesi \u015f\u00f6yle devam ediyor: \u201cYunanistan birine de, di\u011ferine de dayanamaz. \u0130l baz\u0131nda bir siyasi lider olarak m\u00fcft\u00fc se\u00e7imine de, \u015fehir baz\u0131nda yerel y\u00f6netici gibi vak\u0131f idare heyetleri ba\u015fkan\u0131 se\u00e7imine de dayanamaz. Siyasi bir lider olarak m\u00fcft\u00fc muhtemelen Ankara\u2019n\u0131n t\u00fcm isteklerini dile getirecek. (bunlardan en masum olan\u0131 T\u00fcrk\u00e7e\u2019nin kamu alan\u0131nda resmi dil olarak kabul edilmesi olabilir). \u00d6te yandan Vak\u0131f \u0130dare Heyeti ba\u015fkan\u0131 ise g\u00fcnl\u00fck ya\u015famda Hristiyan belediye ba\u015fkan\u0131yle de facto bir \u015fekilde y\u00f6netime ortak olmak isteyecek.\u201d<\/p>\n<p>Bu durumda, yani birinci yakla\u015f\u0131m\u0131n hakim olmas\u0131 durumunda m\u00fcft\u00fc ile patri\u011fin e\u015fitlenece\u011fi ve Trakya\u2019da ortak y\u00f6netim \u015fartlar\u0131n\u0131n olu\u015faca\u011f\u0131 iddias\u0131 ortaya at\u0131l\u0131yor.<\/p>\n<p>K\u0131saca s\u00f6ylemek gerekirse, Estia gazetesi m\u00fcft\u00fcl\u00fck ve vakf\u0131lar sorunlar\u0131n\u0131 de\u011ferlendiren Trakya Kalk\u0131nma Kosmiyonu\u2019na \u201caman dikkat et\u201d uyar\u0131s\u0131nda bulunuyor. Hatta bunun \u0130ran\u2019da dini lider se\u00e7imine benzeyece\u011fi iddias\u0131nda da bulunuyor. Komisyon Ba\u015fkan\u0131 Dora Bakoyanni\u2019nin de b\u00f6yle bir \u015feyi istemesinin m\u00fcmk\u00fcn olmayaca\u011f\u0131 tahmininde bulunarak, say\u0131n Bakoyanni\u2019ye de \u00fcst\u00fc \u00f6rt\u00fcl\u00fc ayar vermeye \u00e7al\u0131\u015f\u0131l\u0131yor. Hatta hi\u00e7bir dini liderin se\u00e7imle i\u015fba\u015f\u0131na gelmedi\u011fine dair \u00f6rnekler veriliyor haber \u2013 yorumda.<\/p>\n<p>Estia man\u015fetten verdi\u011fi haber \u2013 yorumda \u00f6zetle ve mealen; \u201cSak\u0131n haa! M\u00fcft\u00fc se\u00e7imi veya vak\u0131f ba\u015fkan\u0131 se\u00e7imi gibi 40 y\u0131l\u0131 a\u015fk\u0131n s\u00fcredir devam eden bu iki sorunun \u00e7\u00f6z\u00fcm\u00fcne gitmeyin! Yunanistan bunun kald\u0131ramaz.\u201d diyor.<\/p>\n<p>Estia gazetesi bunu s\u00f6yl\u00fcyor. Bakal\u0131m h\u00fck\u00fcmet veya Trakya Kalk\u0131nma Komisyonu ne diyecek? Az kald\u0131, bekleyip g\u00f6rece\u011fiz\u2026<\/p>\n","protected":false},"excerpt":{"rendered":"<p>Estia, Bat\u0131 Trakya T\u00fcrkleri ve T\u00fcrkiye ile ilgili s\u0131k s\u0131k yapt\u0131\u011f\u0131 yay\u0131nlarla ad\u0131ndan s\u00f6z ettiren bir yay\u0131n organ\u0131. Bu yay\u0131nlar\u0131nda da az\u0131nl\u0131\u011f\u0131n lehine bir tutum sergiledi\u011fi s\u00f6ylenemez. Gazetenin haber \u2013 yorumu, resmi ve kesinle\u015fmi\u015f bilgiden \u00e7ok gazeteye ula\u015fan bilgilere dayan\u0131yor. Buna g\u00f6re Dora Bakoyanni\u2019nin ba\u015fkanl\u0131\u011f\u0131n\u0131 yapt\u0131\u011f\u0131 Trakya Kalk\u0131nma Komisyonu m\u00fcft\u00fcl\u00fck sorunuyla ilgili olarak iki senaryolu &hellip;<\/p>\n","protected":false},"author":1,"featured_media":31427,"comment_status":"open","ping_status":"open","sticky":false,"template":"","format":"standard","meta":{"footnotes":""},"categories":[24],"tags":[136],"class_list":["post-31426","post","type-post","status-publish","format-standard","has-post-thumbnail","hentry","category-bati-trakyam-haber","tag-muftu"],"yoast_head":"<!-- This site is optimized with the Yoast SEO Premium plugin v26.3 (Yoast SEO v27.3) - https:\/\/yoast.com\/product\/yoast-seo-premium-wordpress\/ -->\n<title>Estia gazetesinden m\u00fcft\u00fc ve vak\u0131f se\u00e7imi senaryolar\u0131... - Bat\u0131 Trakya Haber<\/title>\n<meta name=\"robots\" content=\"index, follow, max-snippet:-1, max-image-preview:large, max-video-preview:-1\" \/>\n<link rel=\"canonical\" href=\"https:\/\/batitrakya.live\/index.php\/estia-gazetesinden-muftu-ve-vakif-secimi-senaryolari\/\" \/>\n<meta property=\"og:locale\" content=\"tr_TR\" \/>\n<meta property=\"og:type\" content=\"article\" \/>\n<meta property=\"og:title\" content=\"Estia gazetesinden m\u00fcft\u00fc ve vak\u0131f se\u00e7imi senaryolar\u0131...\" \/>\n<meta property=\"og:description\" content=\"Estia, Bat\u0131 Trakya T\u00fcrkleri ve T\u00fcrkiye ile ilgili s\u0131k s\u0131k yapt\u0131\u011f\u0131 yay\u0131nlarla ad\u0131ndan s\u00f6z ettiren bir yay\u0131n organ\u0131. Bu yay\u0131nlar\u0131nda da az\u0131nl\u0131\u011f\u0131n lehine bir tutum sergiledi\u011fi s\u00f6ylenemez. Gazetenin haber \u2013 yorumu, resmi ve kesinle\u015fmi\u015f bilgiden \u00e7ok gazeteye ula\u015fan bilgilere dayan\u0131yor. Buna g\u00f6re Dora Bakoyanni\u2019nin ba\u015fkanl\u0131\u011f\u0131n\u0131 yapt\u0131\u011f\u0131 Trakya Kalk\u0131nma Komisyonu m\u00fcft\u00fcl\u00fck sorunuyla ilgili olarak iki senaryolu &hellip;\" \/>\n<meta property=\"og:url\" content=\"https:\/\/batitrakya.live\/index.php\/estia-gazetesinden-muftu-ve-vakif-secimi-senaryolari\/\" \/>\n<meta property=\"og:site_name\" content=\"Bat\u0131 Trakya Haber\" \/>\n<meta property=\"article:published_time\" content=\"2021-02-15T17:52:39+00:00\" \/>\n<meta property=\"og:image\" content=\"https:\/\/batitrakya.live\/wp-content\/uploads\/2021\/02\/muftis.jpg\" \/>\n\t<meta property=\"og:image:width\" content=\"720\" \/>\n\t<meta property=\"og:image:height\" content=\"348\" \/>\n\t<meta property=\"og:image:type\" content=\"image\/jpeg\" \/>\n<meta name=\"author\" content=\"tamer\" \/>\n<meta name=\"twitter:card\" content=\"summary_large_image\" \/>\n<meta name=\"twitter:label1\" content=\"Yazan:\" \/>\n\t<meta name=\"twitter:data1\" content=\"tamer\" \/>\n\t<meta name=\"twitter:label2\" content=\"Tahmini okuma s\u00fcresi\" \/>\n\t<meta name=\"twitter:data2\" content=\"6 dakika\" \/>\n<script type=\"application\/ld+json\" class=\"yoast-schema-graph\">{\"@context\":\"https:\\\/\\\/schema.org\",\"@graph\":[{\"@type\":\"Article\",\"@id\":\"https:\\\/\\\/batitrakya.live\\\/index.php\\\/estia-gazetesinden-muftu-ve-vakif-secimi-senaryolari\\\/#article\",\"isPartOf\":{\"@id\":\"https:\\\/\\\/batitrakya.live\\\/index.php\\\/estia-gazetesinden-muftu-ve-vakif-secimi-senaryolari\\\/\"},\"author\":{\"name\":\"tamer\",\"@id\":\"https:\\\/\\\/batitrakya.live\\\/#\\\/schema\\\/person\\\/61b86abbc19e5fa0bbc3059670546fe5\"},\"headline\":\"Estia gazetesinden m\u00fcft\u00fc ve vak\u0131f se\u00e7imi senaryolar\u0131&#8230;\",\"datePublished\":\"2021-02-15T17:52:39+00:00\",\"mainEntityOfPage\":{\"@id\":\"https:\\\/\\\/batitrakya.live\\\/index.php\\\/estia-gazetesinden-muftu-ve-vakif-secimi-senaryolari\\\/\"},\"wordCount\":1161,\"commentCount\":0,\"image\":{\"@id\":\"https:\\\/\\\/batitrakya.live\\\/index.php\\\/estia-gazetesinden-muftu-ve-vakif-secimi-senaryolari\\\/#primaryimage\"},\"thumbnailUrl\":\"https:\\\/\\\/batitrakya.live\\\/wp-content\\\/uploads\\\/2021\\\/02\\\/muftis.jpg\",\"keywords\":[\"M\u00fcft\u00fc\"],\"articleSection\":[\"Bat\u0131 Trakyam Haber\"],\"inLanguage\":\"tr\",\"potentialAction\":[{\"@type\":\"CommentAction\",\"name\":\"Comment\",\"target\":[\"https:\\\/\\\/batitrakya.live\\\/index.php\\\/estia-gazetesinden-muftu-ve-vakif-secimi-senaryolari\\\/#respond\"]}],\"copyrightYear\":\"2021\",\"copyrightHolder\":{\"@id\":\"https:\\\/\\\/batitrakya.live\\\/#organization\"}},{\"@type\":\"WebPage\",\"@id\":\"https:\\\/\\\/batitrakya.live\\\/index.php\\\/estia-gazetesinden-muftu-ve-vakif-secimi-senaryolari\\\/\",\"url\":\"https:\\\/\\\/batitrakya.live\\\/index.php\\\/estia-gazetesinden-muftu-ve-vakif-secimi-senaryolari\\\/\",\"name\":\"Estia gazetesinden m\u00fcft\u00fc ve vak\u0131f se\u00e7imi senaryolar\u0131... - Bat\u0131 Trakya Haber\",\"isPartOf\":{\"@id\":\"https:\\\/\\\/batitrakya.live\\\/#website\"},\"primaryImageOfPage\":{\"@id\":\"https:\\\/\\\/batitrakya.live\\\/index.php\\\/estia-gazetesinden-muftu-ve-vakif-secimi-senaryolari\\\/#primaryimage\"},\"image\":{\"@id\":\"https:\\\/\\\/batitrakya.live\\\/index.php\\\/estia-gazetesinden-muftu-ve-vakif-secimi-senaryolari\\\/#primaryimage\"},\"thumbnailUrl\":\"https:\\\/\\\/batitrakya.live\\\/wp-content\\\/uploads\\\/2021\\\/02\\\/muftis.jpg\",\"datePublished\":\"2021-02-15T17:52:39+00:00\",\"author\":{\"@id\":\"https:\\\/\\\/batitrakya.live\\\/#\\\/schema\\\/person\\\/61b86abbc19e5fa0bbc3059670546fe5\"},\"breadcrumb\":{\"@id\":\"https:\\\/\\\/batitrakya.live\\\/index.php\\\/estia-gazetesinden-muftu-ve-vakif-secimi-senaryolari\\\/#breadcrumb\"},\"inLanguage\":\"tr\",\"potentialAction\":[{\"@type\":\"ReadAction\",\"target\":[\"https:\\\/\\\/batitrakya.live\\\/index.php\\\/estia-gazetesinden-muftu-ve-vakif-secimi-senaryolari\\\/\"]}]},{\"@type\":\"ImageObject\",\"inLanguage\":\"tr\",\"@id\":\"https:\\\/\\\/batitrakya.live\\\/index.php\\\/estia-gazetesinden-muftu-ve-vakif-secimi-senaryolari\\\/#primaryimage\",\"url\":\"https:\\\/\\\/batitrakya.live\\\/wp-content\\\/uploads\\\/2021\\\/02\\\/muftis.jpg\",\"contentUrl\":\"https:\\\/\\\/batitrakya.live\\\/wp-content\\\/uploads\\\/2021\\\/02\\\/muftis.jpg\",\"width\":720,\"height\":348},{\"@type\":\"BreadcrumbList\",\"@id\":\"https:\\\/\\\/batitrakya.live\\\/index.php\\\/estia-gazetesinden-muftu-ve-vakif-secimi-senaryolari\\\/#breadcrumb\",\"itemListElement\":[{\"@type\":\"ListItem\",\"position\":1,\"name\":\"Anasayfa\",\"item\":\"https:\\\/\\\/batitrakya.live\\\/\"},{\"@type\":\"ListItem\",\"position\":2,\"name\":\"Estia gazetesinden m\u00fcft\u00fc ve vak\u0131f se\u00e7imi senaryolar\u0131&#8230;\"}]},{\"@type\":\"WebSite\",\"@id\":\"https:\\\/\\\/batitrakya.live\\\/#website\",\"url\":\"https:\\\/\\\/batitrakya.live\\\/\",\"name\":\"Bat\u0131 Trakya Haber\",\"description\":\"Bat\u0131 Trakyan\u0131n internetteki sesi..\",\"potentialAction\":[{\"@type\":\"SearchAction\",\"target\":{\"@type\":\"EntryPoint\",\"urlTemplate\":\"https:\\\/\\\/batitrakya.live\\\/?s={search_term_string}\"},\"query-input\":{\"@type\":\"PropertyValueSpecification\",\"valueRequired\":true,\"valueName\":\"search_term_string\"}}],\"inLanguage\":\"tr\"},{\"@type\":\"Person\",\"@id\":\"https:\\\/\\\/batitrakya.live\\\/#\\\/schema\\\/person\\\/61b86abbc19e5fa0bbc3059670546fe5\",\"name\":\"tamer\",\"image\":{\"@type\":\"ImageObject\",\"inLanguage\":\"tr\",\"@id\":\"https:\\\/\\\/secure.gravatar.com\\\/avatar\\\/60b0ff14c4376999cea9565d28b91fc61ff0f727c28cd083506a6d83ad6df9c9?s=96&d=mm&r=g\",\"url\":\"https:\\\/\\\/secure.gravatar.com\\\/avatar\\\/60b0ff14c4376999cea9565d28b91fc61ff0f727c28cd083506a6d83ad6df9c9?s=96&d=mm&r=g\",\"contentUrl\":\"https:\\\/\\\/secure.gravatar.com\\\/avatar\\\/60b0ff14c4376999cea9565d28b91fc61ff0f727c28cd083506a6d83ad6df9c9?s=96&d=mm&r=g\",\"caption\":\"tamer\"},\"sameAs\":[\"https:\\\/\\\/batitrakya.live\"],\"url\":\"https:\\\/\\\/batitrakya.live\\\/index.php\\\/author\\\/tamer\\\/\"}]}<\/script>\n<!-- \/ Yoast SEO Premium plugin. -->","yoast_head_json":{"title":"Estia gazetesinden m\u00fcft\u00fc ve vak\u0131f se\u00e7imi senaryolar\u0131... - Bat\u0131 Trakya Haber","robots":{"index":"index","follow":"follow","max-snippet":"max-snippet:-1","max-image-preview":"max-image-preview:large","max-video-preview":"max-video-preview:-1"},"canonical":"https:\/\/batitrakya.live\/index.php\/estia-gazetesinden-muftu-ve-vakif-secimi-senaryolari\/","og_locale":"tr_TR","og_type":"article","og_title":"Estia gazetesinden m\u00fcft\u00fc ve vak\u0131f se\u00e7imi senaryolar\u0131...","og_description":"Estia, Bat\u0131 Trakya T\u00fcrkleri ve T\u00fcrkiye ile ilgili s\u0131k s\u0131k yapt\u0131\u011f\u0131 yay\u0131nlarla ad\u0131ndan s\u00f6z ettiren bir yay\u0131n organ\u0131. Bu yay\u0131nlar\u0131nda da az\u0131nl\u0131\u011f\u0131n lehine bir tutum sergiledi\u011fi s\u00f6ylenemez. Gazetenin haber \u2013 yorumu, resmi ve kesinle\u015fmi\u015f bilgiden \u00e7ok gazeteye ula\u015fan bilgilere dayan\u0131yor. Buna g\u00f6re Dora Bakoyanni\u2019nin ba\u015fkanl\u0131\u011f\u0131n\u0131 yapt\u0131\u011f\u0131 Trakya Kalk\u0131nma Komisyonu m\u00fcft\u00fcl\u00fck sorunuyla ilgili olarak iki senaryolu &hellip;","og_url":"https:\/\/batitrakya.live\/index.php\/estia-gazetesinden-muftu-ve-vakif-secimi-senaryolari\/","og_site_name":"Bat\u0131 Trakya Haber","article_published_time":"2021-02-15T17:52:39+00:00","og_image":[{"width":720,"height":348,"url":"https:\/\/batitrakya.live\/wp-content\/uploads\/2021\/02\/muftis.jpg","type":"image\/jpeg"}],"author":"tamer","twitter_card":"summary_large_image","twitter_misc":{"Yazan:":"tamer","Tahmini okuma s\u00fcresi":"6 dakika"},"schema":{"@context":"https:\/\/schema.org","@graph":[{"@type":"Article","@id":"https:\/\/batitrakya.live\/index.php\/estia-gazetesinden-muftu-ve-vakif-secimi-senaryolari\/#article","isPartOf":{"@id":"https:\/\/batitrakya.live\/index.php\/estia-gazetesinden-muftu-ve-vakif-secimi-senaryolari\/"},"author":{"name":"tamer","@id":"https:\/\/batitrakya.live\/#\/schema\/person\/61b86abbc19e5fa0bbc3059670546fe5"},"headline":"Estia gazetesinden m\u00fcft\u00fc ve vak\u0131f se\u00e7imi senaryolar\u0131&#8230;","datePublished":"2021-02-15T17:52:39+00:00","mainEntityOfPage":{"@id":"https:\/\/batitrakya.live\/index.php\/estia-gazetesinden-muftu-ve-vakif-secimi-senaryolari\/"},"wordCount":1161,"commentCount":0,"image":{"@id":"https:\/\/batitrakya.live\/index.php\/estia-gazetesinden-muftu-ve-vakif-secimi-senaryolari\/#primaryimage"},"thumbnailUrl":"https:\/\/batitrakya.live\/wp-content\/uploads\/2021\/02\/muftis.jpg","keywords":["M\u00fcft\u00fc"],"articleSection":["Bat\u0131 Trakyam Haber"],"inLanguage":"tr","potentialAction":[{"@type":"CommentAction","name":"Comment","target":["https:\/\/batitrakya.live\/index.php\/estia-gazetesinden-muftu-ve-vakif-secimi-senaryolari\/#respond"]}],"copyrightYear":"2021","copyrightHolder":{"@id":"https:\/\/batitrakya.live\/#organization"}},{"@type":"WebPage","@id":"https:\/\/batitrakya.live\/index.php\/estia-gazetesinden-muftu-ve-vakif-secimi-senaryolari\/","url":"https:\/\/batitrakya.live\/index.php\/estia-gazetesinden-muftu-ve-vakif-secimi-senaryolari\/","name":"Estia gazetesinden m\u00fcft\u00fc ve vak\u0131f se\u00e7imi senaryolar\u0131... - Bat\u0131 Trakya Haber","isPartOf":{"@id":"https:\/\/batitrakya.live\/#website"},"primaryImageOfPage":{"@id":"https:\/\/batitrakya.live\/index.php\/estia-gazetesinden-muftu-ve-vakif-secimi-senaryolari\/#primaryimage"},"image":{"@id":"https:\/\/batitrakya.live\/index.php\/estia-gazetesinden-muftu-ve-vakif-secimi-senaryolari\/#primaryimage"},"thumbnailUrl":"https:\/\/batitrakya.live\/wp-content\/uploads\/2021\/02\/muftis.jpg","datePublished":"2021-02-15T17:52:39+00:00","author":{"@id":"https:\/\/batitrakya.live\/#\/schema\/person\/61b86abbc19e5fa0bbc3059670546fe5"},"breadcrumb":{"@id":"https:\/\/batitrakya.live\/index.php\/estia-gazetesinden-muftu-ve-vakif-secimi-senaryolari\/#breadcrumb"},"inLanguage":"tr","potentialAction":[{"@type":"ReadAction","target":["https:\/\/batitrakya.live\/index.php\/estia-gazetesinden-muftu-ve-vakif-secimi-senaryolari\/"]}]},{"@type":"ImageObject","inLanguage":"tr","@id":"https:\/\/batitrakya.live\/index.php\/estia-gazetesinden-muftu-ve-vakif-secimi-senaryolari\/#primaryimage","url":"https:\/\/batitrakya.live\/wp-content\/uploads\/2021\/02\/muftis.jpg","contentUrl":"https:\/\/batitrakya.live\/wp-content\/uploads\/2021\/02\/muftis.jpg","width":720,"height":348},{"@type":"BreadcrumbList","@id":"https:\/\/batitrakya.live\/index.php\/estia-gazetesinden-muftu-ve-vakif-secimi-senaryolari\/#breadcrumb","itemListElement":[{"@type":"ListItem","position":1,"name":"Anasayfa","item":"https:\/\/batitrakya.live\/"},{"@type":"ListItem","position":2,"name":"Estia gazetesinden m\u00fcft\u00fc ve vak\u0131f se\u00e7imi senaryolar\u0131&#8230;"}]},{"@type":"WebSite","@id":"https:\/\/batitrakya.live\/#website","url":"https:\/\/batitrakya.live\/","name":"Bat\u0131 Trakya Haber","description":"Bat\u0131 Trakyan\u0131n internetteki sesi..","potentialAction":[{"@type":"SearchAction","target":{"@type":"EntryPoint","urlTemplate":"https:\/\/batitrakya.live\/?s={search_term_string}"},"query-input":{"@type":"PropertyValueSpecification","valueRequired":true,"valueName":"search_term_string"}}],"inLanguage":"tr"},{"@type":"Person","@id":"https:\/\/batitrakya.live\/#\/schema\/person\/61b86abbc19e5fa0bbc3059670546fe5","name":"tamer","image":{"@type":"ImageObject","inLanguage":"tr","@id":"https:\/\/secure.gravatar.com\/avatar\/60b0ff14c4376999cea9565d28b91fc61ff0f727c28cd083506a6d83ad6df9c9?s=96&d=mm&r=g","url":"https:\/\/secure.gravatar.com\/avatar\/60b0ff14c4376999cea9565d28b91fc61ff0f727c28cd083506a6d83ad6df9c9?s=96&d=mm&r=g","contentUrl":"https:\/\/secure.gravatar.com\/avatar\/60b0ff14c4376999cea9565d28b91fc61ff0f727c28cd083506a6d83ad6df9c9?s=96&d=mm&r=g","caption":"tamer"},"sameAs":["https:\/\/batitrakya.live"],"url":"https:\/\/batitrakya.live\/index.php\/author\/tamer\/"}]}},"_links":{"self":[{"href":"https:\/\/batitrakya.live\/index.php\/wp-json\/wp\/v2\/posts\/31426","targetHints":{"allow":["GET"]}}],"collection":[{"href":"https:\/\/batitrakya.live\/index.php\/wp-json\/wp\/v2\/posts"}],"about":[{"href":"https:\/\/batitrakya.live\/index.php\/wp-json\/wp\/v2\/types\/post"}],"author":[{"embeddable":true,"href":"https:\/\/batitrakya.live\/index.php\/wp-json\/wp\/v2\/users\/1"}],"replies":[{"embeddable":true,"href":"https:\/\/batitrakya.live\/index.php\/wp-json\/wp\/v2\/comments?post=31426"}],"version-history":[{"count":0,"href":"https:\/\/batitrakya.live\/index.php\/wp-json\/wp\/v2\/posts\/31426\/revisions"}],"wp:featuredmedia":[{"embeddable":true,"href":"https:\/\/batitrakya.live\/index.php\/wp-json\/wp\/v2\/media\/31427"}],"wp:attachment":[{"href":"https:\/\/batitrakya.live\/index.php\/wp-json\/wp\/v2\/media?parent=31426"}],"wp:term":[{"taxonomy":"category","embeddable":true,"href":"https:\/\/batitrakya.live\/index.php\/wp-json\/wp\/v2\/categories?post=31426"},{"taxonomy":"post_tag","embeddable":true,"href":"https:\/\/batitrakya.live\/index.php\/wp-json\/wp\/v2\/tags?post=31426"}],"curies":[{"name":"wp","href":"https:\/\/api.w.org\/{rel}","templated":true}]}}