{"id":31349,"date":"2021-02-10T19:06:36","date_gmt":"2021-02-10T18:06:36","guid":{"rendered":"https:\/\/batitrakya.live\/?p=31349"},"modified":"2021-02-10T19:06:36","modified_gmt":"2021-02-10T18:06:36","slug":"turk-polisi-kisin-da-sirbistanda-gorevinin-basinda","status":"publish","type":"post","link":"https:\/\/batitrakya.live\/index.php\/turk-polisi-kisin-da-sirbistanda-gorevinin-basinda\/","title":{"rendered":"T\u00fcrk polisi k\u0131\u015f\u0131n da S\u0131rbistan\u2019da g\u00f6revinin ba\u015f\u0131nda&#8230;"},"content":{"rendered":"<p><strong>\u201cS\u0131la Yolu Projesi\u201d<\/strong> kapsam\u0131nda S\u0131rbistan\u2019da g\u00f6rev yapan T\u00fcrk polisi k\u0131\u015f\u0131n da s\u0131n\u0131r kap\u0131lar\u0131ndaki g\u00f6revini s\u00fcrd\u00fcr\u00fcyor. Son olarak T\u00fcrk polisinin dikkati sayesinde t\u0131rlar\u0131n dorsesi alt\u0131nda so\u011fuktan donmak \u00fczere olan 4 d\u00fczensiz g\u00f6\u00e7meni kurtar\u0131ld\u0131.<\/p>\n<p>T\u00fcrkiye ile S\u0131rbistan aras\u0131nda hayata ge\u00e7irilen proje kapsam\u0131nda, S\u0131rbistan\u2019\u0131n kara hudut kap\u0131lar\u0131nda g\u00f6rev yapan T\u00fcrk polisleri, bir yandan gurbet\u00e7ilerin i\u015flemlerini kolayla\u015ft\u0131r\u0131rken di\u011fer yandan d\u00fczensiz g\u00f6\u00e7 ve sahte belgeyle seyahatin \u00f6nlenmesi i\u00e7in mesai yap\u0131yor.<\/p>\n<p>Bu kapsamda, Batrovci S\u0131n\u0131r Kap\u0131s\u0131\u2019nda g\u00f6rev yapan T\u00fcrk polisi, H\u0131rvatistan\u2019a ge\u00e7i\u015f yapacak \u00f6zel bir T\u00fcrk firmas\u0131na ait 2 t\u0131r\u0131n dorselerinin alt k\u0131sm\u0131ndaki demirlere tutunarak s\u0131n\u0131r kap\u0131lar\u0131n\u0131 ge\u00e7meyi planlayan ka\u00e7ak g\u00f6\u00e7menleri fark etti.<\/p>\n<p>T\u0131rlar\u0131n alt\u0131na saklanan 2\u2019si Fas, 2\u2019si Somali uyruklu d\u00fczensiz g\u00f6\u00e7men, ekiplerin dikkati sayesinde so\u011fuktan donmak \u00fczereyken kurtar\u0131ld\u0131.<\/p>\n<p>\u0130lk yard\u0131m m\u00fcdahalesinin ard\u0131ndan d\u00fczensiz g\u00f6\u00e7menler S\u0131rp polisine teslim edildi.<\/p>\n<p>T\u00fcrk t\u0131r \u015fof\u00f6rlerinin ise herhangi bir cezai i\u015fleme tabi tutulmadan yollar\u0131na devam ettikleri \u00f6\u011frenildi.<\/p>\n<p><strong>T\u00dcRK POL\u0130S\u0130 \u201cSILA YOLU\u201dNDAK\u0130 GURBET\u00c7\u0130LER\u0130N YANINDA<\/strong><\/p>\n<p>\u0130\u00e7i\u015fleri Bakan\u0131 S\u00fcleyman Soylu ile S\u0131rbistan \u0130\u00e7i\u015fleri Bakan\u0131 Nebojsa Stefanovic aras\u0131nda 20 \u015eubat 2019\u2019da Budape\u015fte S\u00fcreci 6. Bakanlar Konferans\u0131 kapsam\u0131nda yap\u0131lan g\u00f6r\u00fc\u015fmede, T\u00fcrk vatanda\u015flar\u0131n\u0131n S\u0131rbistan\u2019da yo\u011fun olarak kulland\u0131\u011f\u0131 hudut kap\u0131lar\u0131nda T\u00fcrk polisinin g\u00f6revlendirilmesini de i\u00e7eren \u201cS\u0131la Yolu Projesi\u201dnin hayata ge\u00e7irilmesi kararla\u015ft\u0131r\u0131lm\u0131\u015ft\u0131.<\/p>\n<p>Proje kapsam\u0131nda T\u00fcrk polisi, 2019\u2019da 321 bin 435, 2020\u2019de 421 bin 556 T\u00fcrk vatanda\u015f\u0131 ile t\u0131r \u015fof\u00f6r\u00fcn\u00fcn sorunlar\u0131n\u0131 \u00e7\u00f6zd\u00fc.<\/p>\n<p>S\u0131rp polisi ile g\u00f6rev yapan T\u00fcrk polisi, 2020\u2019de 175 d\u00fczensiz g\u00f6\u00e7menin t\u0131r dorseleri i\u00e7erisinde veya alt\u0131nda ka\u00e7ak ge\u00e7i\u015fine m\u00fcdahalede bulundu. Ekiplerin dikkati, y\u0131lba\u015f\u0131ndan itibaren 10 d\u00fczensiz g\u00f6\u00e7menin yakalanmas\u0131n\u0131 sa\u011flad\u0131.<\/p>\n","protected":false},"excerpt":{"rendered":"<p>\u201cS\u0131la Yolu Projesi\u201d kapsam\u0131nda S\u0131rbistan\u2019da g\u00f6rev yapan T\u00fcrk polisi k\u0131\u015f\u0131n da s\u0131n\u0131r kap\u0131lar\u0131ndaki g\u00f6revini s\u00fcrd\u00fcr\u00fcyor. Son olarak T\u00fcrk polisinin dikkati sayesinde t\u0131rlar\u0131n dorsesi alt\u0131nda so\u011fuktan donmak \u00fczere olan 4 d\u00fczensiz g\u00f6\u00e7meni kurtar\u0131ld\u0131. T\u00fcrkiye ile S\u0131rbistan aras\u0131nda hayata ge\u00e7irilen proje kapsam\u0131nda, S\u0131rbistan\u2019\u0131n kara hudut kap\u0131lar\u0131nda g\u00f6rev yapan T\u00fcrk polisleri, bir yandan gurbet\u00e7ilerin i\u015flemlerini kolayla\u015ft\u0131r\u0131rken di\u011fer yandan &hellip;<\/p>\n","protected":false},"author":1,"featured_media":31351,"comment_status":"open","ping_status":"open","sticky":false,"template":"","format":"standard","meta":{"footnotes":""},"categories":[46],"tags":[402,80],"class_list":["post-31349","post","type-post","status-publish","format-standard","has-post-thumbnail","hentry","category-balkanlar","tag-sila-yolu","tag-sirbistan"],"yoast_head":"<!-- This site is optimized with the Yoast SEO Premium plugin v26.3 (Yoast SEO v27.3) - https:\/\/yoast.com\/product\/yoast-seo-premium-wordpress\/ -->\n<title>T\u00fcrk polisi k\u0131\u015f\u0131n da S\u0131rbistan\u2019da g\u00f6revinin ba\u015f\u0131nda... - Bat\u0131 Trakya Haber<\/title>\n<meta name=\"robots\" content=\"index, follow, max-snippet:-1, max-image-preview:large, max-video-preview:-1\" \/>\n<link rel=\"canonical\" href=\"https:\/\/batitrakya.live\/index.php\/turk-polisi-kisin-da-sirbistanda-gorevinin-basinda\/\" \/>\n<meta property=\"og:locale\" content=\"tr_TR\" \/>\n<meta property=\"og:type\" content=\"article\" \/>\n<meta property=\"og:title\" content=\"T\u00fcrk polisi k\u0131\u015f\u0131n da S\u0131rbistan\u2019da g\u00f6revinin ba\u015f\u0131nda...\" \/>\n<meta property=\"og:description\" content=\"\u201cS\u0131la Yolu Projesi\u201d kapsam\u0131nda S\u0131rbistan\u2019da g\u00f6rev yapan T\u00fcrk polisi k\u0131\u015f\u0131n da s\u0131n\u0131r kap\u0131lar\u0131ndaki g\u00f6revini s\u00fcrd\u00fcr\u00fcyor. Son olarak T\u00fcrk polisinin dikkati sayesinde t\u0131rlar\u0131n dorsesi alt\u0131nda so\u011fuktan donmak \u00fczere olan 4 d\u00fczensiz g\u00f6\u00e7meni kurtar\u0131ld\u0131. T\u00fcrkiye ile S\u0131rbistan aras\u0131nda hayata ge\u00e7irilen proje kapsam\u0131nda, S\u0131rbistan\u2019\u0131n kara hudut kap\u0131lar\u0131nda g\u00f6rev yapan T\u00fcrk polisleri, bir yandan gurbet\u00e7ilerin i\u015flemlerini kolayla\u015ft\u0131r\u0131rken di\u011fer yandan &hellip;\" \/>\n<meta property=\"og:url\" content=\"https:\/\/batitrakya.live\/index.php\/turk-polisi-kisin-da-sirbistanda-gorevinin-basinda\/\" \/>\n<meta property=\"og:site_name\" content=\"Bat\u0131 Trakya Haber\" \/>\n<meta property=\"article:published_time\" content=\"2021-02-10T18:06:36+00:00\" \/>\n<meta property=\"og:image\" content=\"https:\/\/batitrakya.live\/wp-content\/uploads\/2021\/02\/Sirbistan-Sinir-Kapis.jpg\" \/>\n\t<meta property=\"og:image:width\" content=\"720\" \/>\n\t<meta property=\"og:image:height\" content=\"348\" \/>\n\t<meta property=\"og:image:type\" content=\"image\/jpeg\" \/>\n<meta name=\"author\" content=\"tamer\" \/>\n<meta name=\"twitter:card\" content=\"summary_large_image\" \/>\n<meta name=\"twitter:label1\" content=\"Yazan:\" \/>\n\t<meta name=\"twitter:data1\" content=\"tamer\" \/>\n\t<meta name=\"twitter:label2\" content=\"Tahmini okuma s\u00fcresi\" \/>\n\t<meta name=\"twitter:data2\" content=\"2 dakika\" \/>\n<script type=\"application\/ld+json\" class=\"yoast-schema-graph\">{\"@context\":\"https:\\\/\\\/schema.org\",\"@graph\":[{\"@type\":\"Article\",\"@id\":\"https:\\\/\\\/batitrakya.live\\\/index.php\\\/turk-polisi-kisin-da-sirbistanda-gorevinin-basinda\\\/#article\",\"isPartOf\":{\"@id\":\"https:\\\/\\\/batitrakya.live\\\/index.php\\\/turk-polisi-kisin-da-sirbistanda-gorevinin-basinda\\\/\"},\"author\":{\"name\":\"tamer\",\"@id\":\"https:\\\/\\\/batitrakya.live\\\/#\\\/schema\\\/person\\\/61b86abbc19e5fa0bbc3059670546fe5\"},\"headline\":\"T\u00fcrk polisi k\u0131\u015f\u0131n da S\u0131rbistan\u2019da g\u00f6revinin ba\u015f\u0131nda&#8230;\",\"datePublished\":\"2021-02-10T18:06:36+00:00\",\"mainEntityOfPage\":{\"@id\":\"https:\\\/\\\/batitrakya.live\\\/index.php\\\/turk-polisi-kisin-da-sirbistanda-gorevinin-basinda\\\/\"},\"wordCount\":380,\"commentCount\":0,\"image\":{\"@id\":\"https:\\\/\\\/batitrakya.live\\\/index.php\\\/turk-polisi-kisin-da-sirbistanda-gorevinin-basinda\\\/#primaryimage\"},\"thumbnailUrl\":\"https:\\\/\\\/batitrakya.live\\\/wp-content\\\/uploads\\\/2021\\\/02\\\/Sirbistan-Sinir-Kapis.jpg\",\"keywords\":[\"S\u0131la Yolu\",\"S\u0131rbistan\"],\"articleSection\":[\"Balkanlar | Avrupa Haber\"],\"inLanguage\":\"tr\",\"potentialAction\":[{\"@type\":\"CommentAction\",\"name\":\"Comment\",\"target\":[\"https:\\\/\\\/batitrakya.live\\\/index.php\\\/turk-polisi-kisin-da-sirbistanda-gorevinin-basinda\\\/#respond\"]}],\"copyrightYear\":\"2021\",\"copyrightHolder\":{\"@id\":\"https:\\\/\\\/batitrakya.live\\\/#organization\"}},{\"@type\":\"WebPage\",\"@id\":\"https:\\\/\\\/batitrakya.live\\\/index.php\\\/turk-polisi-kisin-da-sirbistanda-gorevinin-basinda\\\/\",\"url\":\"https:\\\/\\\/batitrakya.live\\\/index.php\\\/turk-polisi-kisin-da-sirbistanda-gorevinin-basinda\\\/\",\"name\":\"T\u00fcrk polisi k\u0131\u015f\u0131n da S\u0131rbistan\u2019da g\u00f6revinin ba\u015f\u0131nda... - Bat\u0131 Trakya Haber\",\"isPartOf\":{\"@id\":\"https:\\\/\\\/batitrakya.live\\\/#website\"},\"primaryImageOfPage\":{\"@id\":\"https:\\\/\\\/batitrakya.live\\\/index.php\\\/turk-polisi-kisin-da-sirbistanda-gorevinin-basinda\\\/#primaryimage\"},\"image\":{\"@id\":\"https:\\\/\\\/batitrakya.live\\\/index.php\\\/turk-polisi-kisin-da-sirbistanda-gorevinin-basinda\\\/#primaryimage\"},\"thumbnailUrl\":\"https:\\\/\\\/batitrakya.live\\\/wp-content\\\/uploads\\\/2021\\\/02\\\/Sirbistan-Sinir-Kapis.jpg\",\"datePublished\":\"2021-02-10T18:06:36+00:00\",\"author\":{\"@id\":\"https:\\\/\\\/batitrakya.live\\\/#\\\/schema\\\/person\\\/61b86abbc19e5fa0bbc3059670546fe5\"},\"breadcrumb\":{\"@id\":\"https:\\\/\\\/batitrakya.live\\\/index.php\\\/turk-polisi-kisin-da-sirbistanda-gorevinin-basinda\\\/#breadcrumb\"},\"inLanguage\":\"tr\",\"potentialAction\":[{\"@type\":\"ReadAction\",\"target\":[\"https:\\\/\\\/batitrakya.live\\\/index.php\\\/turk-polisi-kisin-da-sirbistanda-gorevinin-basinda\\\/\"]}]},{\"@type\":\"ImageObject\",\"inLanguage\":\"tr\",\"@id\":\"https:\\\/\\\/batitrakya.live\\\/index.php\\\/turk-polisi-kisin-da-sirbistanda-gorevinin-basinda\\\/#primaryimage\",\"url\":\"https:\\\/\\\/batitrakya.live\\\/wp-content\\\/uploads\\\/2021\\\/02\\\/Sirbistan-Sinir-Kapis.jpg\",\"contentUrl\":\"https:\\\/\\\/batitrakya.live\\\/wp-content\\\/uploads\\\/2021\\\/02\\\/Sirbistan-Sinir-Kapis.jpg\",\"width\":720,\"height\":348},{\"@type\":\"BreadcrumbList\",\"@id\":\"https:\\\/\\\/batitrakya.live\\\/index.php\\\/turk-polisi-kisin-da-sirbistanda-gorevinin-basinda\\\/#breadcrumb\",\"itemListElement\":[{\"@type\":\"ListItem\",\"position\":1,\"name\":\"Anasayfa\",\"item\":\"https:\\\/\\\/batitrakya.live\\\/\"},{\"@type\":\"ListItem\",\"position\":2,\"name\":\"T\u00fcrk polisi k\u0131\u015f\u0131n da S\u0131rbistan\u2019da g\u00f6revinin ba\u015f\u0131nda&#8230;\"}]},{\"@type\":\"WebSite\",\"@id\":\"https:\\\/\\\/batitrakya.live\\\/#website\",\"url\":\"https:\\\/\\\/batitrakya.live\\\/\",\"name\":\"Bat\u0131 Trakya Haber\",\"description\":\"Bat\u0131 Trakyan\u0131n internetteki sesi..\",\"potentialAction\":[{\"@type\":\"SearchAction\",\"target\":{\"@type\":\"EntryPoint\",\"urlTemplate\":\"https:\\\/\\\/batitrakya.live\\\/?s={search_term_string}\"},\"query-input\":{\"@type\":\"PropertyValueSpecification\",\"valueRequired\":true,\"valueName\":\"search_term_string\"}}],\"inLanguage\":\"tr\"},{\"@type\":\"Person\",\"@id\":\"https:\\\/\\\/batitrakya.live\\\/#\\\/schema\\\/person\\\/61b86abbc19e5fa0bbc3059670546fe5\",\"name\":\"tamer\",\"image\":{\"@type\":\"ImageObject\",\"inLanguage\":\"tr\",\"@id\":\"https:\\\/\\\/secure.gravatar.com\\\/avatar\\\/60b0ff14c4376999cea9565d28b91fc61ff0f727c28cd083506a6d83ad6df9c9?s=96&d=mm&r=g\",\"url\":\"https:\\\/\\\/secure.gravatar.com\\\/avatar\\\/60b0ff14c4376999cea9565d28b91fc61ff0f727c28cd083506a6d83ad6df9c9?s=96&d=mm&r=g\",\"contentUrl\":\"https:\\\/\\\/secure.gravatar.com\\\/avatar\\\/60b0ff14c4376999cea9565d28b91fc61ff0f727c28cd083506a6d83ad6df9c9?s=96&d=mm&r=g\",\"caption\":\"tamer\"},\"sameAs\":[\"https:\\\/\\\/batitrakya.live\"],\"url\":\"https:\\\/\\\/batitrakya.live\\\/index.php\\\/author\\\/tamer\\\/\"}]}<\/script>\n<!-- \/ Yoast SEO Premium plugin. -->","yoast_head_json":{"title":"T\u00fcrk polisi k\u0131\u015f\u0131n da S\u0131rbistan\u2019da g\u00f6revinin ba\u015f\u0131nda... - Bat\u0131 Trakya Haber","robots":{"index":"index","follow":"follow","max-snippet":"max-snippet:-1","max-image-preview":"max-image-preview:large","max-video-preview":"max-video-preview:-1"},"canonical":"https:\/\/batitrakya.live\/index.php\/turk-polisi-kisin-da-sirbistanda-gorevinin-basinda\/","og_locale":"tr_TR","og_type":"article","og_title":"T\u00fcrk polisi k\u0131\u015f\u0131n da S\u0131rbistan\u2019da g\u00f6revinin ba\u015f\u0131nda...","og_description":"\u201cS\u0131la Yolu Projesi\u201d kapsam\u0131nda S\u0131rbistan\u2019da g\u00f6rev yapan T\u00fcrk polisi k\u0131\u015f\u0131n da s\u0131n\u0131r kap\u0131lar\u0131ndaki g\u00f6revini s\u00fcrd\u00fcr\u00fcyor. Son olarak T\u00fcrk polisinin dikkati sayesinde t\u0131rlar\u0131n dorsesi alt\u0131nda so\u011fuktan donmak \u00fczere olan 4 d\u00fczensiz g\u00f6\u00e7meni kurtar\u0131ld\u0131. T\u00fcrkiye ile S\u0131rbistan aras\u0131nda hayata ge\u00e7irilen proje kapsam\u0131nda, S\u0131rbistan\u2019\u0131n kara hudut kap\u0131lar\u0131nda g\u00f6rev yapan T\u00fcrk polisleri, bir yandan gurbet\u00e7ilerin i\u015flemlerini kolayla\u015ft\u0131r\u0131rken di\u011fer yandan &hellip;","og_url":"https:\/\/batitrakya.live\/index.php\/turk-polisi-kisin-da-sirbistanda-gorevinin-basinda\/","og_site_name":"Bat\u0131 Trakya Haber","article_published_time":"2021-02-10T18:06:36+00:00","og_image":[{"width":720,"height":348,"url":"https:\/\/batitrakya.live\/wp-content\/uploads\/2021\/02\/Sirbistan-Sinir-Kapis.jpg","type":"image\/jpeg"}],"author":"tamer","twitter_card":"summary_large_image","twitter_misc":{"Yazan:":"tamer","Tahmini okuma s\u00fcresi":"2 dakika"},"schema":{"@context":"https:\/\/schema.org","@graph":[{"@type":"Article","@id":"https:\/\/batitrakya.live\/index.php\/turk-polisi-kisin-da-sirbistanda-gorevinin-basinda\/#article","isPartOf":{"@id":"https:\/\/batitrakya.live\/index.php\/turk-polisi-kisin-da-sirbistanda-gorevinin-basinda\/"},"author":{"name":"tamer","@id":"https:\/\/batitrakya.live\/#\/schema\/person\/61b86abbc19e5fa0bbc3059670546fe5"},"headline":"T\u00fcrk polisi k\u0131\u015f\u0131n da S\u0131rbistan\u2019da g\u00f6revinin ba\u015f\u0131nda&#8230;","datePublished":"2021-02-10T18:06:36+00:00","mainEntityOfPage":{"@id":"https:\/\/batitrakya.live\/index.php\/turk-polisi-kisin-da-sirbistanda-gorevinin-basinda\/"},"wordCount":380,"commentCount":0,"image":{"@id":"https:\/\/batitrakya.live\/index.php\/turk-polisi-kisin-da-sirbistanda-gorevinin-basinda\/#primaryimage"},"thumbnailUrl":"https:\/\/batitrakya.live\/wp-content\/uploads\/2021\/02\/Sirbistan-Sinir-Kapis.jpg","keywords":["S\u0131la Yolu","S\u0131rbistan"],"articleSection":["Balkanlar | Avrupa Haber"],"inLanguage":"tr","potentialAction":[{"@type":"CommentAction","name":"Comment","target":["https:\/\/batitrakya.live\/index.php\/turk-polisi-kisin-da-sirbistanda-gorevinin-basinda\/#respond"]}],"copyrightYear":"2021","copyrightHolder":{"@id":"https:\/\/batitrakya.live\/#organization"}},{"@type":"WebPage","@id":"https:\/\/batitrakya.live\/index.php\/turk-polisi-kisin-da-sirbistanda-gorevinin-basinda\/","url":"https:\/\/batitrakya.live\/index.php\/turk-polisi-kisin-da-sirbistanda-gorevinin-basinda\/","name":"T\u00fcrk polisi k\u0131\u015f\u0131n da S\u0131rbistan\u2019da g\u00f6revinin ba\u015f\u0131nda... - Bat\u0131 Trakya Haber","isPartOf":{"@id":"https:\/\/batitrakya.live\/#website"},"primaryImageOfPage":{"@id":"https:\/\/batitrakya.live\/index.php\/turk-polisi-kisin-da-sirbistanda-gorevinin-basinda\/#primaryimage"},"image":{"@id":"https:\/\/batitrakya.live\/index.php\/turk-polisi-kisin-da-sirbistanda-gorevinin-basinda\/#primaryimage"},"thumbnailUrl":"https:\/\/batitrakya.live\/wp-content\/uploads\/2021\/02\/Sirbistan-Sinir-Kapis.jpg","datePublished":"2021-02-10T18:06:36+00:00","author":{"@id":"https:\/\/batitrakya.live\/#\/schema\/person\/61b86abbc19e5fa0bbc3059670546fe5"},"breadcrumb":{"@id":"https:\/\/batitrakya.live\/index.php\/turk-polisi-kisin-da-sirbistanda-gorevinin-basinda\/#breadcrumb"},"inLanguage":"tr","potentialAction":[{"@type":"ReadAction","target":["https:\/\/batitrakya.live\/index.php\/turk-polisi-kisin-da-sirbistanda-gorevinin-basinda\/"]}]},{"@type":"ImageObject","inLanguage":"tr","@id":"https:\/\/batitrakya.live\/index.php\/turk-polisi-kisin-da-sirbistanda-gorevinin-basinda\/#primaryimage","url":"https:\/\/batitrakya.live\/wp-content\/uploads\/2021\/02\/Sirbistan-Sinir-Kapis.jpg","contentUrl":"https:\/\/batitrakya.live\/wp-content\/uploads\/2021\/02\/Sirbistan-Sinir-Kapis.jpg","width":720,"height":348},{"@type":"BreadcrumbList","@id":"https:\/\/batitrakya.live\/index.php\/turk-polisi-kisin-da-sirbistanda-gorevinin-basinda\/#breadcrumb","itemListElement":[{"@type":"ListItem","position":1,"name":"Anasayfa","item":"https:\/\/batitrakya.live\/"},{"@type":"ListItem","position":2,"name":"T\u00fcrk polisi k\u0131\u015f\u0131n da S\u0131rbistan\u2019da g\u00f6revinin ba\u015f\u0131nda&#8230;"}]},{"@type":"WebSite","@id":"https:\/\/batitrakya.live\/#website","url":"https:\/\/batitrakya.live\/","name":"Bat\u0131 Trakya Haber","description":"Bat\u0131 Trakyan\u0131n internetteki sesi..","potentialAction":[{"@type":"SearchAction","target":{"@type":"EntryPoint","urlTemplate":"https:\/\/batitrakya.live\/?s={search_term_string}"},"query-input":{"@type":"PropertyValueSpecification","valueRequired":true,"valueName":"search_term_string"}}],"inLanguage":"tr"},{"@type":"Person","@id":"https:\/\/batitrakya.live\/#\/schema\/person\/61b86abbc19e5fa0bbc3059670546fe5","name":"tamer","image":{"@type":"ImageObject","inLanguage":"tr","@id":"https:\/\/secure.gravatar.com\/avatar\/60b0ff14c4376999cea9565d28b91fc61ff0f727c28cd083506a6d83ad6df9c9?s=96&d=mm&r=g","url":"https:\/\/secure.gravatar.com\/avatar\/60b0ff14c4376999cea9565d28b91fc61ff0f727c28cd083506a6d83ad6df9c9?s=96&d=mm&r=g","contentUrl":"https:\/\/secure.gravatar.com\/avatar\/60b0ff14c4376999cea9565d28b91fc61ff0f727c28cd083506a6d83ad6df9c9?s=96&d=mm&r=g","caption":"tamer"},"sameAs":["https:\/\/batitrakya.live"],"url":"https:\/\/batitrakya.live\/index.php\/author\/tamer\/"}]}},"_links":{"self":[{"href":"https:\/\/batitrakya.live\/index.php\/wp-json\/wp\/v2\/posts\/31349","targetHints":{"allow":["GET"]}}],"collection":[{"href":"https:\/\/batitrakya.live\/index.php\/wp-json\/wp\/v2\/posts"}],"about":[{"href":"https:\/\/batitrakya.live\/index.php\/wp-json\/wp\/v2\/types\/post"}],"author":[{"embeddable":true,"href":"https:\/\/batitrakya.live\/index.php\/wp-json\/wp\/v2\/users\/1"}],"replies":[{"embeddable":true,"href":"https:\/\/batitrakya.live\/index.php\/wp-json\/wp\/v2\/comments?post=31349"}],"version-history":[{"count":0,"href":"https:\/\/batitrakya.live\/index.php\/wp-json\/wp\/v2\/posts\/31349\/revisions"}],"wp:featuredmedia":[{"embeddable":true,"href":"https:\/\/batitrakya.live\/index.php\/wp-json\/wp\/v2\/media\/31351"}],"wp:attachment":[{"href":"https:\/\/batitrakya.live\/index.php\/wp-json\/wp\/v2\/media?parent=31349"}],"wp:term":[{"taxonomy":"category","embeddable":true,"href":"https:\/\/batitrakya.live\/index.php\/wp-json\/wp\/v2\/categories?post=31349"},{"taxonomy":"post_tag","embeddable":true,"href":"https:\/\/batitrakya.live\/index.php\/wp-json\/wp\/v2\/tags?post=31349"}],"curies":[{"name":"wp","href":"https:\/\/api.w.org\/{rel}","templated":true}]}}