{"id":31325,"date":"2021-02-09T18:58:30","date_gmt":"2021-02-09T17:58:30","guid":{"rendered":"https:\/\/batitrakya.live\/?p=31325"},"modified":"2021-02-09T18:58:30","modified_gmt":"2021-02-09T17:58:30","slug":"azinlik-okullari-encumenler-birligi-derneginden-aciklama","status":"publish","type":"post","link":"https:\/\/batitrakya.live\/index.php\/azinlik-okullari-encumenler-birligi-derneginden-aciklama\/","title":{"rendered":"Az\u0131nl\u0131k Okullar\u0131 Enc\u00fcmenler Birli\u011fi Derne\u011finden a\u00e7\u0131klama&#8230;"},"content":{"rendered":"<p>Az\u0131nl\u0131k Okullar\u0131 Enc\u00fcmenler Birli\u011fi Derne\u011fi, Dog\u0306u Makedonya Trakya Eyaleti Eg\u0306itim Mu\u0308du\u0308ru\u0308 Kostas Bantikos\u2019u makam\u0131nda ziyaret etti.<\/p>\n<p>Ziyaretle ilgili olarak dernek taraf\u0131ndan yap\u0131lan a\u00e7\u0131klama \u015f\u00f6yle:<\/p>\n<p>Konu: Dog\u0306u Makedonya Trakya Eyaleti Eg\u0306itim Mu\u0308du\u0308ru\u0308n\u00fc 4. Defa ertelenen se\u00e7imler kapsam\u0131nda ziyaret<\/p>\n<p>Az\u0131nl\u0131k Okullar\u0131 Enc\u00fcmen Heyetleri Se\u00e7imlerinin d\u00f6rd\u00fcnc\u00fc kez ertelenmesi veliler \u00fczerinde ciddi bir huzursuzluk yaratm\u0131\u015ft\u0131r .Bunun \u00fczerine bug\u00fcn 08 \u015eubat 2021 saat 11:30\u2019da , Dog\u0306u Makedonya Trakya Eyaleti Eg\u0306itim Mu\u0308du\u0308ru\u0308 Kostas Bantikos\u2019u makam\u0131nda ziyaret ettik.<\/p>\n<p>Bu ziyarete Az\u0131nl\u0131k Okullar\u0131 Enc\u00fcmenler Birli\u011fi Derne\u011fi Ba\u015fkan\u0131 Avukat Ercan Amet, KINAL Partisi Rodop Milletvekili \u0130lhan Ahmet , \u0130ske\u00e7e Muzaffer Saliho\u011flu Az\u0131nl\u0131k Lisesi Enc\u00fcmen heyeti \u00fcyesi Avukat Ahmet Kara ve S\u0130R\u0130ZA \u0130ske\u00e7e Milletvekili H\u00fcseyin Zeybek kat\u0131lm\u0131\u015flard\u0131r .<\/p>\n<p>\u00dclke \u00e7ap\u0131nda COV\u0130D -19 vakalar\u0131n\u0131n en \u00fcst sevide oldu\u011fu ge\u00e7ti\u011fimiz Aral\u0131k ay\u0131nda se\u00e7imlerin ilan edildi\u011fini,okullar\u0131n kapal\u0131 olmas\u0131 ve sa\u011fl\u0131kl\u0131 bir \u015fekilde velilere duyurulamad\u0131\u011f\u0131 da dikkate al\u0131narak, adayl\u0131k i\u00e7in ba\u015fvuru s\u00fcrelerinin uzat\u0131lmad\u0131\u011f\u0131n\u0131, ama se\u00e7imlerin tedbirler \u00e7er\u00e7evesinde okullar\u0131n a\u00e7\u0131k olmas\u0131na ra\u011fmen d\u00f6rd\u00fcnc\u00fc kez ertelenmesinden duydu\u011fumuz rahats\u0131zl\u0131\u011f\u0131 dile getirdik. 23 \u015eubat 2021 tarihinde gerekli t\u00fcm tedbirler al\u0131narak se\u00e7imlerin yap\u0131lmas\u0131n\u0131 talepettik .<\/p>\n<p>Ayr\u0131ca Pandemi gerek\u00e7e g\u00f6sterilerek se\u00e7imlerin tekrar ertelenme olas\u0131l\u0131\u011f\u0131n\u0131 da de\u011ferlendirdik. Bu durumda da F.8.2\/6\/11942\/1-12-2020 protokol numaral\u0131 ve tarihli se\u00e7im ilan karar\u0131n\u0131n ve o karara istinaden yap\u0131lan atamalar\u0131n iptal edilmesini ve enc\u00fcmen heyetlerini g\u00f6rev s\u00fcrelerinin 31 Aral\u0131k 2021\u2019e kadar uzat\u0131lmas\u0131n\u0131 talep ettik. Milletvekillerimizin de konuyu yak\u0131ndan takipetti\u011fi , konunun meclis g\u00fcndemine de geldi\u011fi dilegetirilmi\u015ftir.<\/p>\n<p>23 \u015eubat 2021 tarihinde Covid-19\u2019dan korunmak i\u00e7in gerekli t\u00fcm tedbirler al\u0131narak se\u00e7imlerin yap\u0131lmas\u0131n\u0131 bekledi\u011fimizi , bunun takip\u00e7isi olaca\u011f\u0131m\u0131z\u0131 dile getirdik.<\/p>\n<p>Bu vesile ile KINAL partisi Rodop Milletvekilimiz \u0130lhan Ahmet\u2019e ve SIRIZA partisi \u0130ske\u00e7e Milletvekilimiz H\u00fcseyin Zeybek\u2019e katk\u0131lar\u0131ndan dolay\u0131 te\u015fekk\u00fcrediyoruz.&#8221;<\/p>\n","protected":false},"excerpt":{"rendered":"<p>Az\u0131nl\u0131k Okullar\u0131 Enc\u00fcmenler Birli\u011fi Derne\u011fi, Dog\u0306u Makedonya Trakya Eyaleti Eg\u0306itim Mu\u0308du\u0308ru\u0308 Kostas Bantikos\u2019u makam\u0131nda ziyaret etti. Ziyaretle ilgili olarak dernek taraf\u0131ndan yap\u0131lan a\u00e7\u0131klama \u015f\u00f6yle: Konu: Dog\u0306u Makedonya Trakya Eyaleti Eg\u0306itim Mu\u0308du\u0308ru\u0308n\u00fc 4. Defa ertelenen se\u00e7imler kapsam\u0131nda ziyaret Az\u0131nl\u0131k Okullar\u0131 Enc\u00fcmen Heyetleri Se\u00e7imlerinin d\u00f6rd\u00fcnc\u00fc kez ertelenmesi veliler \u00fczerinde ciddi bir huzursuzluk yaratm\u0131\u015ft\u0131r .Bunun \u00fczerine bug\u00fcn 08 &hellip;<\/p>\n","protected":false},"author":1,"featured_media":31326,"comment_status":"open","ping_status":"open","sticky":false,"template":"","format":"standard","meta":{"footnotes":""},"categories":[24],"tags":[251],"class_list":["post-31325","post","type-post","status-publish","format-standard","has-post-thumbnail","hentry","category-bati-trakyam-haber","tag-encumen"],"yoast_head":"<!-- This site is optimized with the Yoast SEO Premium plugin v26.3 (Yoast SEO v27.3) - https:\/\/yoast.com\/product\/yoast-seo-premium-wordpress\/ -->\n<title>Az\u0131nl\u0131k Okullar\u0131 Enc\u00fcmenler Birli\u011fi Derne\u011finden a\u00e7\u0131klama... - Bat\u0131 Trakya Haber<\/title>\n<meta name=\"robots\" content=\"index, follow, max-snippet:-1, max-image-preview:large, max-video-preview:-1\" \/>\n<link rel=\"canonical\" href=\"https:\/\/batitrakya.live\/index.php\/azinlik-okullari-encumenler-birligi-derneginden-aciklama\/\" \/>\n<meta property=\"og:locale\" content=\"tr_TR\" \/>\n<meta property=\"og:type\" content=\"article\" \/>\n<meta property=\"og:title\" content=\"Az\u0131nl\u0131k Okullar\u0131 Enc\u00fcmenler Birli\u011fi Derne\u011finden a\u00e7\u0131klama...\" \/>\n<meta property=\"og:description\" content=\"Az\u0131nl\u0131k Okullar\u0131 Enc\u00fcmenler Birli\u011fi Derne\u011fi, Dog\u0306u Makedonya Trakya Eyaleti Eg\u0306itim Mu\u0308du\u0308ru\u0308 Kostas Bantikos\u2019u makam\u0131nda ziyaret etti. Ziyaretle ilgili olarak dernek taraf\u0131ndan yap\u0131lan a\u00e7\u0131klama \u015f\u00f6yle: Konu: Dog\u0306u Makedonya Trakya Eyaleti Eg\u0306itim Mu\u0308du\u0308ru\u0308n\u00fc 4. Defa ertelenen se\u00e7imler kapsam\u0131nda ziyaret Az\u0131nl\u0131k Okullar\u0131 Enc\u00fcmen Heyetleri Se\u00e7imlerinin d\u00f6rd\u00fcnc\u00fc kez ertelenmesi veliler \u00fczerinde ciddi bir huzursuzluk yaratm\u0131\u015ft\u0131r .Bunun \u00fczerine bug\u00fcn 08 &hellip;\" \/>\n<meta property=\"og:url\" content=\"https:\/\/batitrakya.live\/index.php\/azinlik-okullari-encumenler-birligi-derneginden-aciklama\/\" \/>\n<meta property=\"og:site_name\" content=\"Bat\u0131 Trakya Haber\" \/>\n<meta property=\"article:published_time\" content=\"2021-02-09T17:58:30+00:00\" \/>\n<meta property=\"og:image\" content=\"https:\/\/batitrakya.live\/wp-content\/uploads\/2021\/02\/ilkokul-.jpg\" \/>\n\t<meta property=\"og:image:width\" content=\"720\" \/>\n\t<meta property=\"og:image:height\" content=\"348\" \/>\n\t<meta property=\"og:image:type\" content=\"image\/jpeg\" \/>\n<meta name=\"author\" content=\"tamer\" \/>\n<meta name=\"twitter:card\" content=\"summary_large_image\" \/>\n<meta name=\"twitter:label1\" content=\"Yazan:\" \/>\n\t<meta name=\"twitter:data1\" content=\"tamer\" \/>\n\t<meta name=\"twitter:label2\" content=\"Tahmini okuma s\u00fcresi\" \/>\n\t<meta name=\"twitter:data2\" content=\"2 dakika\" \/>\n<script type=\"application\/ld+json\" class=\"yoast-schema-graph\">{\"@context\":\"https:\\\/\\\/schema.org\",\"@graph\":[{\"@type\":\"Article\",\"@id\":\"https:\\\/\\\/batitrakya.live\\\/index.php\\\/azinlik-okullari-encumenler-birligi-derneginden-aciklama\\\/#article\",\"isPartOf\":{\"@id\":\"https:\\\/\\\/batitrakya.live\\\/index.php\\\/azinlik-okullari-encumenler-birligi-derneginden-aciklama\\\/\"},\"author\":{\"name\":\"tamer\",\"@id\":\"https:\\\/\\\/batitrakya.live\\\/#\\\/schema\\\/person\\\/61b86abbc19e5fa0bbc3059670546fe5\"},\"headline\":\"Az\u0131nl\u0131k Okullar\u0131 Enc\u00fcmenler Birli\u011fi Derne\u011finden a\u00e7\u0131klama&#8230;\",\"datePublished\":\"2021-02-09T17:58:30+00:00\",\"mainEntityOfPage\":{\"@id\":\"https:\\\/\\\/batitrakya.live\\\/index.php\\\/azinlik-okullari-encumenler-birligi-derneginden-aciklama\\\/\"},\"wordCount\":391,\"commentCount\":0,\"image\":{\"@id\":\"https:\\\/\\\/batitrakya.live\\\/index.php\\\/azinlik-okullari-encumenler-birligi-derneginden-aciklama\\\/#primaryimage\"},\"thumbnailUrl\":\"https:\\\/\\\/batitrakya.live\\\/wp-content\\\/uploads\\\/2021\\\/02\\\/ilkokul-.jpg\",\"keywords\":[\"Enc\u00fcmen\"],\"articleSection\":[\"Bat\u0131 Trakyam Haber\"],\"inLanguage\":\"tr\",\"potentialAction\":[{\"@type\":\"CommentAction\",\"name\":\"Comment\",\"target\":[\"https:\\\/\\\/batitrakya.live\\\/index.php\\\/azinlik-okullari-encumenler-birligi-derneginden-aciklama\\\/#respond\"]}],\"copyrightYear\":\"2021\",\"copyrightHolder\":{\"@id\":\"https:\\\/\\\/batitrakya.live\\\/#organization\"}},{\"@type\":\"WebPage\",\"@id\":\"https:\\\/\\\/batitrakya.live\\\/index.php\\\/azinlik-okullari-encumenler-birligi-derneginden-aciklama\\\/\",\"url\":\"https:\\\/\\\/batitrakya.live\\\/index.php\\\/azinlik-okullari-encumenler-birligi-derneginden-aciklama\\\/\",\"name\":\"Az\u0131nl\u0131k Okullar\u0131 Enc\u00fcmenler Birli\u011fi Derne\u011finden a\u00e7\u0131klama... - Bat\u0131 Trakya Haber\",\"isPartOf\":{\"@id\":\"https:\\\/\\\/batitrakya.live\\\/#website\"},\"primaryImageOfPage\":{\"@id\":\"https:\\\/\\\/batitrakya.live\\\/index.php\\\/azinlik-okullari-encumenler-birligi-derneginden-aciklama\\\/#primaryimage\"},\"image\":{\"@id\":\"https:\\\/\\\/batitrakya.live\\\/index.php\\\/azinlik-okullari-encumenler-birligi-derneginden-aciklama\\\/#primaryimage\"},\"thumbnailUrl\":\"https:\\\/\\\/batitrakya.live\\\/wp-content\\\/uploads\\\/2021\\\/02\\\/ilkokul-.jpg\",\"datePublished\":\"2021-02-09T17:58:30+00:00\",\"author\":{\"@id\":\"https:\\\/\\\/batitrakya.live\\\/#\\\/schema\\\/person\\\/61b86abbc19e5fa0bbc3059670546fe5\"},\"breadcrumb\":{\"@id\":\"https:\\\/\\\/batitrakya.live\\\/index.php\\\/azinlik-okullari-encumenler-birligi-derneginden-aciklama\\\/#breadcrumb\"},\"inLanguage\":\"tr\",\"potentialAction\":[{\"@type\":\"ReadAction\",\"target\":[\"https:\\\/\\\/batitrakya.live\\\/index.php\\\/azinlik-okullari-encumenler-birligi-derneginden-aciklama\\\/\"]}]},{\"@type\":\"ImageObject\",\"inLanguage\":\"tr\",\"@id\":\"https:\\\/\\\/batitrakya.live\\\/index.php\\\/azinlik-okullari-encumenler-birligi-derneginden-aciklama\\\/#primaryimage\",\"url\":\"https:\\\/\\\/batitrakya.live\\\/wp-content\\\/uploads\\\/2021\\\/02\\\/ilkokul-.jpg\",\"contentUrl\":\"https:\\\/\\\/batitrakya.live\\\/wp-content\\\/uploads\\\/2021\\\/02\\\/ilkokul-.jpg\",\"width\":720,\"height\":348},{\"@type\":\"BreadcrumbList\",\"@id\":\"https:\\\/\\\/batitrakya.live\\\/index.php\\\/azinlik-okullari-encumenler-birligi-derneginden-aciklama\\\/#breadcrumb\",\"itemListElement\":[{\"@type\":\"ListItem\",\"position\":1,\"name\":\"Anasayfa\",\"item\":\"https:\\\/\\\/batitrakya.live\\\/\"},{\"@type\":\"ListItem\",\"position\":2,\"name\":\"Az\u0131nl\u0131k Okullar\u0131 Enc\u00fcmenler Birli\u011fi Derne\u011finden a\u00e7\u0131klama&#8230;\"}]},{\"@type\":\"WebSite\",\"@id\":\"https:\\\/\\\/batitrakya.live\\\/#website\",\"url\":\"https:\\\/\\\/batitrakya.live\\\/\",\"name\":\"Bat\u0131 Trakya Haber\",\"description\":\"Bat\u0131 Trakyan\u0131n internetteki sesi..\",\"potentialAction\":[{\"@type\":\"SearchAction\",\"target\":{\"@type\":\"EntryPoint\",\"urlTemplate\":\"https:\\\/\\\/batitrakya.live\\\/?s={search_term_string}\"},\"query-input\":{\"@type\":\"PropertyValueSpecification\",\"valueRequired\":true,\"valueName\":\"search_term_string\"}}],\"inLanguage\":\"tr\"},{\"@type\":\"Person\",\"@id\":\"https:\\\/\\\/batitrakya.live\\\/#\\\/schema\\\/person\\\/61b86abbc19e5fa0bbc3059670546fe5\",\"name\":\"tamer\",\"image\":{\"@type\":\"ImageObject\",\"inLanguage\":\"tr\",\"@id\":\"https:\\\/\\\/secure.gravatar.com\\\/avatar\\\/60b0ff14c4376999cea9565d28b91fc61ff0f727c28cd083506a6d83ad6df9c9?s=96&d=mm&r=g\",\"url\":\"https:\\\/\\\/secure.gravatar.com\\\/avatar\\\/60b0ff14c4376999cea9565d28b91fc61ff0f727c28cd083506a6d83ad6df9c9?s=96&d=mm&r=g\",\"contentUrl\":\"https:\\\/\\\/secure.gravatar.com\\\/avatar\\\/60b0ff14c4376999cea9565d28b91fc61ff0f727c28cd083506a6d83ad6df9c9?s=96&d=mm&r=g\",\"caption\":\"tamer\"},\"sameAs\":[\"https:\\\/\\\/batitrakya.live\"],\"url\":\"https:\\\/\\\/batitrakya.live\\\/index.php\\\/author\\\/tamer\\\/\"}]}<\/script>\n<!-- \/ Yoast SEO Premium plugin. -->","yoast_head_json":{"title":"Az\u0131nl\u0131k Okullar\u0131 Enc\u00fcmenler Birli\u011fi Derne\u011finden a\u00e7\u0131klama... - Bat\u0131 Trakya Haber","robots":{"index":"index","follow":"follow","max-snippet":"max-snippet:-1","max-image-preview":"max-image-preview:large","max-video-preview":"max-video-preview:-1"},"canonical":"https:\/\/batitrakya.live\/index.php\/azinlik-okullari-encumenler-birligi-derneginden-aciklama\/","og_locale":"tr_TR","og_type":"article","og_title":"Az\u0131nl\u0131k Okullar\u0131 Enc\u00fcmenler Birli\u011fi Derne\u011finden a\u00e7\u0131klama...","og_description":"Az\u0131nl\u0131k Okullar\u0131 Enc\u00fcmenler Birli\u011fi Derne\u011fi, Dog\u0306u Makedonya Trakya Eyaleti Eg\u0306itim Mu\u0308du\u0308ru\u0308 Kostas Bantikos\u2019u makam\u0131nda ziyaret etti. Ziyaretle ilgili olarak dernek taraf\u0131ndan yap\u0131lan a\u00e7\u0131klama \u015f\u00f6yle: Konu: Dog\u0306u Makedonya Trakya Eyaleti Eg\u0306itim Mu\u0308du\u0308ru\u0308n\u00fc 4. Defa ertelenen se\u00e7imler kapsam\u0131nda ziyaret Az\u0131nl\u0131k Okullar\u0131 Enc\u00fcmen Heyetleri Se\u00e7imlerinin d\u00f6rd\u00fcnc\u00fc kez ertelenmesi veliler \u00fczerinde ciddi bir huzursuzluk yaratm\u0131\u015ft\u0131r .Bunun \u00fczerine bug\u00fcn 08 &hellip;","og_url":"https:\/\/batitrakya.live\/index.php\/azinlik-okullari-encumenler-birligi-derneginden-aciklama\/","og_site_name":"Bat\u0131 Trakya Haber","article_published_time":"2021-02-09T17:58:30+00:00","og_image":[{"width":720,"height":348,"url":"https:\/\/batitrakya.live\/wp-content\/uploads\/2021\/02\/ilkokul-.jpg","type":"image\/jpeg"}],"author":"tamer","twitter_card":"summary_large_image","twitter_misc":{"Yazan:":"tamer","Tahmini okuma s\u00fcresi":"2 dakika"},"schema":{"@context":"https:\/\/schema.org","@graph":[{"@type":"Article","@id":"https:\/\/batitrakya.live\/index.php\/azinlik-okullari-encumenler-birligi-derneginden-aciklama\/#article","isPartOf":{"@id":"https:\/\/batitrakya.live\/index.php\/azinlik-okullari-encumenler-birligi-derneginden-aciklama\/"},"author":{"name":"tamer","@id":"https:\/\/batitrakya.live\/#\/schema\/person\/61b86abbc19e5fa0bbc3059670546fe5"},"headline":"Az\u0131nl\u0131k Okullar\u0131 Enc\u00fcmenler Birli\u011fi Derne\u011finden a\u00e7\u0131klama&#8230;","datePublished":"2021-02-09T17:58:30+00:00","mainEntityOfPage":{"@id":"https:\/\/batitrakya.live\/index.php\/azinlik-okullari-encumenler-birligi-derneginden-aciklama\/"},"wordCount":391,"commentCount":0,"image":{"@id":"https:\/\/batitrakya.live\/index.php\/azinlik-okullari-encumenler-birligi-derneginden-aciklama\/#primaryimage"},"thumbnailUrl":"https:\/\/batitrakya.live\/wp-content\/uploads\/2021\/02\/ilkokul-.jpg","keywords":["Enc\u00fcmen"],"articleSection":["Bat\u0131 Trakyam Haber"],"inLanguage":"tr","potentialAction":[{"@type":"CommentAction","name":"Comment","target":["https:\/\/batitrakya.live\/index.php\/azinlik-okullari-encumenler-birligi-derneginden-aciklama\/#respond"]}],"copyrightYear":"2021","copyrightHolder":{"@id":"https:\/\/batitrakya.live\/#organization"}},{"@type":"WebPage","@id":"https:\/\/batitrakya.live\/index.php\/azinlik-okullari-encumenler-birligi-derneginden-aciklama\/","url":"https:\/\/batitrakya.live\/index.php\/azinlik-okullari-encumenler-birligi-derneginden-aciklama\/","name":"Az\u0131nl\u0131k Okullar\u0131 Enc\u00fcmenler Birli\u011fi Derne\u011finden a\u00e7\u0131klama... - Bat\u0131 Trakya Haber","isPartOf":{"@id":"https:\/\/batitrakya.live\/#website"},"primaryImageOfPage":{"@id":"https:\/\/batitrakya.live\/index.php\/azinlik-okullari-encumenler-birligi-derneginden-aciklama\/#primaryimage"},"image":{"@id":"https:\/\/batitrakya.live\/index.php\/azinlik-okullari-encumenler-birligi-derneginden-aciklama\/#primaryimage"},"thumbnailUrl":"https:\/\/batitrakya.live\/wp-content\/uploads\/2021\/02\/ilkokul-.jpg","datePublished":"2021-02-09T17:58:30+00:00","author":{"@id":"https:\/\/batitrakya.live\/#\/schema\/person\/61b86abbc19e5fa0bbc3059670546fe5"},"breadcrumb":{"@id":"https:\/\/batitrakya.live\/index.php\/azinlik-okullari-encumenler-birligi-derneginden-aciklama\/#breadcrumb"},"inLanguage":"tr","potentialAction":[{"@type":"ReadAction","target":["https:\/\/batitrakya.live\/index.php\/azinlik-okullari-encumenler-birligi-derneginden-aciklama\/"]}]},{"@type":"ImageObject","inLanguage":"tr","@id":"https:\/\/batitrakya.live\/index.php\/azinlik-okullari-encumenler-birligi-derneginden-aciklama\/#primaryimage","url":"https:\/\/batitrakya.live\/wp-content\/uploads\/2021\/02\/ilkokul-.jpg","contentUrl":"https:\/\/batitrakya.live\/wp-content\/uploads\/2021\/02\/ilkokul-.jpg","width":720,"height":348},{"@type":"BreadcrumbList","@id":"https:\/\/batitrakya.live\/index.php\/azinlik-okullari-encumenler-birligi-derneginden-aciklama\/#breadcrumb","itemListElement":[{"@type":"ListItem","position":1,"name":"Anasayfa","item":"https:\/\/batitrakya.live\/"},{"@type":"ListItem","position":2,"name":"Az\u0131nl\u0131k Okullar\u0131 Enc\u00fcmenler Birli\u011fi Derne\u011finden a\u00e7\u0131klama&#8230;"}]},{"@type":"WebSite","@id":"https:\/\/batitrakya.live\/#website","url":"https:\/\/batitrakya.live\/","name":"Bat\u0131 Trakya Haber","description":"Bat\u0131 Trakyan\u0131n internetteki sesi..","potentialAction":[{"@type":"SearchAction","target":{"@type":"EntryPoint","urlTemplate":"https:\/\/batitrakya.live\/?s={search_term_string}"},"query-input":{"@type":"PropertyValueSpecification","valueRequired":true,"valueName":"search_term_string"}}],"inLanguage":"tr"},{"@type":"Person","@id":"https:\/\/batitrakya.live\/#\/schema\/person\/61b86abbc19e5fa0bbc3059670546fe5","name":"tamer","image":{"@type":"ImageObject","inLanguage":"tr","@id":"https:\/\/secure.gravatar.com\/avatar\/60b0ff14c4376999cea9565d28b91fc61ff0f727c28cd083506a6d83ad6df9c9?s=96&d=mm&r=g","url":"https:\/\/secure.gravatar.com\/avatar\/60b0ff14c4376999cea9565d28b91fc61ff0f727c28cd083506a6d83ad6df9c9?s=96&d=mm&r=g","contentUrl":"https:\/\/secure.gravatar.com\/avatar\/60b0ff14c4376999cea9565d28b91fc61ff0f727c28cd083506a6d83ad6df9c9?s=96&d=mm&r=g","caption":"tamer"},"sameAs":["https:\/\/batitrakya.live"],"url":"https:\/\/batitrakya.live\/index.php\/author\/tamer\/"}]}},"_links":{"self":[{"href":"https:\/\/batitrakya.live\/index.php\/wp-json\/wp\/v2\/posts\/31325","targetHints":{"allow":["GET"]}}],"collection":[{"href":"https:\/\/batitrakya.live\/index.php\/wp-json\/wp\/v2\/posts"}],"about":[{"href":"https:\/\/batitrakya.live\/index.php\/wp-json\/wp\/v2\/types\/post"}],"author":[{"embeddable":true,"href":"https:\/\/batitrakya.live\/index.php\/wp-json\/wp\/v2\/users\/1"}],"replies":[{"embeddable":true,"href":"https:\/\/batitrakya.live\/index.php\/wp-json\/wp\/v2\/comments?post=31325"}],"version-history":[{"count":0,"href":"https:\/\/batitrakya.live\/index.php\/wp-json\/wp\/v2\/posts\/31325\/revisions"}],"wp:featuredmedia":[{"embeddable":true,"href":"https:\/\/batitrakya.live\/index.php\/wp-json\/wp\/v2\/media\/31326"}],"wp:attachment":[{"href":"https:\/\/batitrakya.live\/index.php\/wp-json\/wp\/v2\/media?parent=31325"}],"wp:term":[{"taxonomy":"category","embeddable":true,"href":"https:\/\/batitrakya.live\/index.php\/wp-json\/wp\/v2\/categories?post=31325"},{"taxonomy":"post_tag","embeddable":true,"href":"https:\/\/batitrakya.live\/index.php\/wp-json\/wp\/v2\/tags?post=31325"}],"curies":[{"name":"wp","href":"https:\/\/api.w.org\/{rel}","templated":true}]}}