{"id":31248,"date":"2021-02-04T00:42:46","date_gmt":"2021-02-03T23:42:46","guid":{"rendered":"https:\/\/batitrakya.live\/?p=31248"},"modified":"2021-02-04T00:42:46","modified_gmt":"2021-02-03T23:42:46","slug":"uzmanlara-gore-yeni-tehlike-mutasyonlu-kovid-19-virusu","status":"publish","type":"post","link":"https:\/\/batitrakya.live\/index.php\/uzmanlara-gore-yeni-tehlike-mutasyonlu-kovid-19-virusu\/","title":{"rendered":"Uzmanlara g\u00f6re yeni tehlike mutasyonlu Kovid-19 vir\u00fcs\u00fc&#8230;"},"content":{"rendered":"<p>\u00c7in&#8217;in Vuhan kentinde ge\u00e7en y\u0131l aral\u0131k ay\u0131nda tespit edilen ve mutasyona u\u011frayarak \u0130ngiltere, G\u00fcney Afrika, Brezilya&#8217;da ortaya \u00e7\u0131kan koronavir\u00fcs varyantlar\u0131, bula\u015fma yeteneklerinin y\u00fcksek olmas\u0131 nedeniyle salg\u0131n h\u0131z\u0131n\u0131 art\u0131r\u0131yor.<\/p>\n<p>Uzmanlara g\u00f6re, \u00c7in&#8217;in Vuhan kentinde Aral\u0131k 2019&#8217;da tespit edilen yeni tip koronavir\u00fcs\u00fcn (Kovid-19), mutasyona u\u011frayarak \u0130ngiltere, G\u00fcney Afrika ve Brezilya&#8217;da ortaya \u00e7\u0131kan \u00fc\u00e7 ayr\u0131 varyant\u0131, yay\u0131lma h\u0131z\u0131n\u0131n y\u00fcksek olu\u015fu nedeniyle d\u00fcnyay\u0131 tehdit ediyor.<\/p>\n<p>T\u00fcrk Klinik Mikrobiyoloji ve Enfeksiyon Hastal\u0131klar\u0131 Derne\u011fi (KL\u0130M\u0130K), Klinik Mikrobiyoloji Uzmanl\u0131k Derne\u011fi (KL\u0130MUD), T\u00fcrk Mikrobiyoloji Cemiyeti (TMC) ve Halk Sa\u011fl\u0131\u011f\u0131 Uzmanl\u0131\u011f\u0131 Derne\u011fi&#8217;nin (HASUDER) ortak \u00e7al\u0131\u015fmas\u0131yla k\u00fcresel Kovid-19 salg\u0131n\u0131nda ger\u00e7ekle\u015fen mutasyonlar\u0131n ortaya \u00e7\u0131k\u0131\u015f\u0131 ve hastal\u0131k riskine ili\u015fkin de\u011ferlendirme yap\u0131ld\u0131.<\/p>\n<p>Mutasyonlu vir\u00fcslere (varyant vir\u00fcsler) ili\u015fkin ba\u015fl\u0131ca riskin bula\u015f\u0131c\u0131l\u0131\u011f\u0131n artmas\u0131 oldu\u011funa dikkat \u00e7ekilen de\u011ferlendirmede, ortaya ilk \u00e7\u0131kt\u0131klar\u0131 yerlerde h\u0131zla bask\u0131n hale gelen \u00fc\u00e7 varyant\u0131n da k\u0131sa s\u00fcre i\u00e7inde t\u00fcm d\u00fcnyaya yay\u0131labilece\u011fi uyar\u0131s\u0131 yap\u0131ld\u0131.<\/p>\n<h4><strong>&#8220;\u0130ngiltere&#8217;de ortaya \u00e7\u0131kan &#8216;B.1.1.7&#8217; varyant\u0131 \u015fubat ay\u0131 ortalar\u0131nda bask\u0131n olabilir&#8221;<\/strong><\/h4>\n<p>De\u011ferlendirmede yer alan bilgiye g\u00f6re, \u0130ngiltere&#8217;de kent b\u00f6lgesinde 2020 Aral\u0131k ay\u0131nda dikkatleri \u00e7eken ve VOC (variant of concern) 202012\/01 olarak isimlendirilen bu varyant, 2020 y\u0131l\u0131n\u0131n Eyl\u00fcl ay\u0131n\u0131n ikinci yar\u0131s\u0131nda ortaya \u00e7\u0131kt\u0131.<\/p>\n<p>S\u00f6z konusu varyant, \u00f6zellikle aral\u0131k ay\u0131nda \u0130ngiltere&#8217;nin g\u00fcneyinde &#8220;s\u0131k\u0131 kapanma&#8221; \u00f6nlemlerine ra\u011fmen h\u0131zla yay\u0131larak bask\u0131n hale geldi.<\/p>\n<p>\u015eu ana kadar yap\u0131lan incelemelerden elde edilen veriler, mutasyonlu vir\u00fcs\u00fcn bula\u015fma h\u0131z\u0131n\u0131n ve \u00f6l\u00fcm oran\u0131n\u0131n daha y\u00fcksek oldu\u011funu ortaya koydu. Ara\u015ft\u0131rmalar, t\u00fcm ya\u015f gruplar\u0131n\u0131 etkiledi\u011fi, a\u015f\u0131 ve do\u011fal enfeksiyonlardan sonra edinilen ba\u011f\u0131\u015f\u0131kl\u0131k yan\u0131tlar\u0131nda etkinlik kayb\u0131 olas\u0131l\u0131\u011f\u0131n\u0131n da d\u00fc\u015f\u00fck oldu\u011funu g\u00f6sterdi.<\/p>\n<p>Bula\u015f\u0131c\u0131l\u0131\u011f\u0131n ve yay\u0131lma h\u0131z\u0131n\u0131n artm\u0131\u015f olmas\u0131 nedeniyle y\u00fckselen vaka say\u0131lar\u0131, a\u011f\u0131r hasta ve \u00f6l\u00fcm say\u0131lar\u0131n\u0131n artmas\u0131na yol a\u00e7arak sa\u011fl\u0131k sistemi \u00fczerinde bask\u0131 olu\u015fturdu.<\/p>\n<p>Pek \u00e7ok \u00fclkeye yay\u0131lan mutasyonlu vir\u00fcs, \u00f6zellikle \u0130rlanda ve Portekiz&#8217;in yan\u0131 s\u0131ra \u0130svi\u00e7re ve Danimarka&#8217;da da toplum i\u00e7i bula\u015fmalardaki pay\u0131n\u0131 art\u0131rd\u0131. \u015eubat ay\u0131 ortalar\u0131nda bask\u0131n k\u00f6ken haline gelebilece\u011finden endi\u015fe edilen mutasyonlu vir\u00fcse, T\u00fcrkiye&#8217;de \u015fu anda \u00e7o\u011fu yurt d\u0131\u015f\u0131 seyahatle ili\u015fkili 17 ilde, 114&#8217;\u00fc \u0130ngiltere varyant\u0131 olmak \u00fczere 128 ki\u015fide rastland\u0131.<\/p>\n<h4><strong>&#8220;G\u00fcney Afrika&#8217;da g\u00f6r\u00fclen varyant 31 \u00fclkede saptand\u0131&#8221;<\/strong><\/h4>\n<p>De\u011ferlendirmelere g\u00f6re,<em><strong> &#8220;B.1.351&#8221;<\/strong> <\/em>olarak isimlendirilen ikinci varyant, 2020 y\u0131l\u0131 Aral\u0131k ay\u0131nda G\u00fcney Afrika&#8217;da yaz aylar\u0131na ra\u011fmen ya\u015fanan ikinci dalga s\u0131ras\u0131nda g\u00f6r\u00fcld\u00fc.<\/p>\n<p>\u0130lk \u00e7al\u0131\u015fmalar, bu varyant\u0131n do\u011fal enfeksiyon ve a\u015f\u0131lama sonras\u0131 geli\u015fen antikorlar taraf\u0131ndan n\u00f6tralizasyona kar\u015f\u0131 diren\u00e7li olabilece\u011fini g\u00f6sterdi, bu mutasyonlar\u0131n tedavi ama\u00e7l\u0131 kullan\u0131lan baz\u0131 antikorlar\u0131n etkinliklerini de azaltt\u0131\u011f\u0131 belirlendi.<\/p>\n<p>\u015eu anda G\u00fcney Afrika&#8217;da bask\u0131n hale gelen bu varyant\u0131n bula\u015f\u0131c\u0131l\u0131\u011f\u0131n\u0131n artt\u0131\u011f\u0131 belirlendi ancak hastal\u0131\u011f\u0131n seyriyle ilgili bir de\u011fi\u015fikli\u011fe yol a\u00e7\u0131p a\u00e7mad\u0131\u011f\u0131 hen\u00fcz tespit edilemedi.<\/p>\n<p>Bir\u00e7ok \u00fclkede<em><strong> &#8220;seyahatle ili\u015fkili vakalar&#8221;<\/strong><\/em> \u015feklinde g\u00f6r\u00fclen bu varyant, \u015fu ana kadar 31 \u00fclkede saptand\u0131. Bunlar\u0131n baz\u0131lar\u0131nda ba\u015fta \u0130ngiltere, Fransa ve \u0130srail olmak \u00fczere seyahat \u00f6yk\u00fcs\u00fc olmayan vaka k\u00fcmelenmelerine neden oldu\u011fu belirlendi.<\/p>\n<h4>\n<strong>&#8220;Brezilya varyant\u0131, Japonya ve G\u00fcney Kore&#8217;de de g\u00f6r\u00fcld\u00fc&#8221;<\/strong><\/h4>\n<p><em><strong>&#8220;P1&#8221;<\/strong><\/em> olarak kodlanan Brezilya varyant\u0131 da Amazon eyaletinde yayg\u0131n halde bulundu\u011fu \u00f6\u011frenildi.<br \/>\nDe\u011ferlendirmelere g\u00f6re, bu b\u00f6lgede daha \u00f6nce yayg\u0131n enfeksiyon nedeniyle Kovid-19 i\u00e7in toplumsal ba\u011f\u0131\u015f\u0131kl\u0131\u011fa eri\u015filmi\u015f olmas\u0131n\u0131n 2020 y\u0131l\u0131n\u0131n sonunda ba\u015flayan ani vaka art\u0131\u015flar\u0131n\u0131n ve Kovid-19&#8217;u atlatan ki\u015finin iyile\u015ftikten sonra yeniden hastalanmas\u0131 olarak tan\u0131mlanan &#8220;re-enfeksiyon&#8221;lar a\u00e7\u0131s\u0131ndan ciddi tedirginli\u011fe yol a\u00e7t\u0131\u011f\u0131na de\u011finildi.<\/p>\n<p>Bu varyant\u0131n, enfeksiyonu daha \u00f6nce ge\u00e7irmi\u015f ki\u015filer aras\u0131nda yay\u0131labilme olas\u0131l\u0131\u011f\u0131ndan dolay\u0131 y\u00fcksek riskli g\u00f6r\u00fcnd\u00fc\u011f\u00fc ve di\u011fer iki varyant gibi dikkatle izlendi\u011fi ifade edildi.<\/p>\n<p>Brezilya varyant\u0131n\u0131n hastal\u0131\u011f\u0131n seyri ve \u00f6l\u00fcm oranlar\u0131 \u00fczerindeki etkileri hen\u00fcz belli olmad\u0131, s\u00f6z konusu varyant\u0131n Japonya ve G\u00fcney Kore&#8217;de Brezilya seyahatinden d\u00f6nenlerde de saptand\u0131\u011f\u0131 kaydedildi.<\/p>\n","protected":false},"excerpt":{"rendered":"<p>\u00c7in&#8217;in Vuhan kentinde ge\u00e7en y\u0131l aral\u0131k ay\u0131nda tespit edilen ve mutasyona u\u011frayarak \u0130ngiltere, G\u00fcney Afrika, Brezilya&#8217;da ortaya \u00e7\u0131kan koronavir\u00fcs varyantlar\u0131, bula\u015fma yeteneklerinin y\u00fcksek olmas\u0131 nedeniyle salg\u0131n h\u0131z\u0131n\u0131 art\u0131r\u0131yor. Uzmanlara g\u00f6re, \u00c7in&#8217;in Vuhan kentinde Aral\u0131k 2019&#8217;da tespit edilen yeni tip koronavir\u00fcs\u00fcn (Kovid-19), mutasyona u\u011frayarak \u0130ngiltere, G\u00fcney Afrika ve Brezilya&#8217;da ortaya \u00e7\u0131kan \u00fc\u00e7 ayr\u0131 varyant\u0131, yay\u0131lma h\u0131z\u0131n\u0131n &hellip;<\/p>\n","protected":false},"author":1,"featured_media":31249,"comment_status":"open","ping_status":"open","sticky":false,"template":"","format":"standard","meta":{"footnotes":""},"categories":[29],"tags":[138,380],"class_list":["post-31248","post","type-post","status-publish","format-standard","has-post-thumbnail","hentry","category-dunya-gundem","tag-korona","tag-mutasyon"],"yoast_head":"<!-- This site is optimized with the Yoast SEO Premium plugin v26.3 (Yoast SEO v27.3) - https:\/\/yoast.com\/product\/yoast-seo-premium-wordpress\/ -->\n<title>Uzmanlara g\u00f6re yeni tehlike mutasyonlu Kovid-19 vir\u00fcs\u00fc... - Bat\u0131 Trakya Haber<\/title>\n<meta name=\"robots\" content=\"index, follow, max-snippet:-1, max-image-preview:large, max-video-preview:-1\" \/>\n<link rel=\"canonical\" href=\"https:\/\/batitrakya.live\/index.php\/uzmanlara-gore-yeni-tehlike-mutasyonlu-kovid-19-virusu\/\" \/>\n<meta property=\"og:locale\" content=\"tr_TR\" \/>\n<meta property=\"og:type\" content=\"article\" \/>\n<meta property=\"og:title\" content=\"Uzmanlara g\u00f6re yeni tehlike mutasyonlu Kovid-19 vir\u00fcs\u00fc...\" \/>\n<meta property=\"og:description\" content=\"\u00c7in&#8217;in Vuhan kentinde ge\u00e7en y\u0131l aral\u0131k ay\u0131nda tespit edilen ve mutasyona u\u011frayarak \u0130ngiltere, G\u00fcney Afrika, Brezilya&#8217;da ortaya \u00e7\u0131kan koronavir\u00fcs varyantlar\u0131, bula\u015fma yeteneklerinin y\u00fcksek olmas\u0131 nedeniyle salg\u0131n h\u0131z\u0131n\u0131 art\u0131r\u0131yor. Uzmanlara g\u00f6re, \u00c7in&#8217;in Vuhan kentinde Aral\u0131k 2019&#8217;da tespit edilen yeni tip koronavir\u00fcs\u00fcn (Kovid-19), mutasyona u\u011frayarak \u0130ngiltere, G\u00fcney Afrika ve Brezilya&#8217;da ortaya \u00e7\u0131kan \u00fc\u00e7 ayr\u0131 varyant\u0131, yay\u0131lma h\u0131z\u0131n\u0131n &hellip;\" \/>\n<meta property=\"og:url\" content=\"https:\/\/batitrakya.live\/index.php\/uzmanlara-gore-yeni-tehlike-mutasyonlu-kovid-19-virusu\/\" \/>\n<meta property=\"og:site_name\" content=\"Bat\u0131 Trakya Haber\" \/>\n<meta property=\"article:published_time\" content=\"2021-02-03T23:42:46+00:00\" \/>\n<meta property=\"og:image\" content=\"https:\/\/batitrakya.live\/wp-content\/uploads\/2021\/02\/corona_mut.jpg\" \/>\n\t<meta property=\"og:image:width\" content=\"720\" \/>\n\t<meta property=\"og:image:height\" content=\"348\" \/>\n\t<meta property=\"og:image:type\" content=\"image\/jpeg\" \/>\n<meta name=\"author\" content=\"tamer\" \/>\n<meta name=\"twitter:card\" content=\"summary_large_image\" \/>\n<meta name=\"twitter:label1\" content=\"Yazan:\" \/>\n\t<meta name=\"twitter:data1\" content=\"tamer\" \/>\n\t<meta name=\"twitter:label2\" content=\"Tahmini okuma s\u00fcresi\" \/>\n\t<meta name=\"twitter:data2\" content=\"4 dakika\" \/>\n<script type=\"application\/ld+json\" class=\"yoast-schema-graph\">{\"@context\":\"https:\\\/\\\/schema.org\",\"@graph\":[{\"@type\":\"Article\",\"@id\":\"https:\\\/\\\/batitrakya.live\\\/index.php\\\/uzmanlara-gore-yeni-tehlike-mutasyonlu-kovid-19-virusu\\\/#article\",\"isPartOf\":{\"@id\":\"https:\\\/\\\/batitrakya.live\\\/index.php\\\/uzmanlara-gore-yeni-tehlike-mutasyonlu-kovid-19-virusu\\\/\"},\"author\":{\"name\":\"tamer\",\"@id\":\"https:\\\/\\\/batitrakya.live\\\/#\\\/schema\\\/person\\\/61b86abbc19e5fa0bbc3059670546fe5\"},\"headline\":\"Uzmanlara g\u00f6re yeni tehlike mutasyonlu Kovid-19 vir\u00fcs\u00fc&#8230;\",\"datePublished\":\"2021-02-03T23:42:46+00:00\",\"mainEntityOfPage\":{\"@id\":\"https:\\\/\\\/batitrakya.live\\\/index.php\\\/uzmanlara-gore-yeni-tehlike-mutasyonlu-kovid-19-virusu\\\/\"},\"wordCount\":805,\"commentCount\":0,\"image\":{\"@id\":\"https:\\\/\\\/batitrakya.live\\\/index.php\\\/uzmanlara-gore-yeni-tehlike-mutasyonlu-kovid-19-virusu\\\/#primaryimage\"},\"thumbnailUrl\":\"https:\\\/\\\/batitrakya.live\\\/wp-content\\\/uploads\\\/2021\\\/02\\\/corona_mut.jpg\",\"keywords\":[\"Koronavirus(covid-19)\",\"mutasyon\"],\"articleSection\":[\"T\u00fcrkiye | D\u00fcnya | G\u00fcndem\"],\"inLanguage\":\"tr\",\"potentialAction\":[{\"@type\":\"CommentAction\",\"name\":\"Comment\",\"target\":[\"https:\\\/\\\/batitrakya.live\\\/index.php\\\/uzmanlara-gore-yeni-tehlike-mutasyonlu-kovid-19-virusu\\\/#respond\"]}],\"copyrightYear\":\"2021\",\"copyrightHolder\":{\"@id\":\"https:\\\/\\\/batitrakya.live\\\/#organization\"}},{\"@type\":\"WebPage\",\"@id\":\"https:\\\/\\\/batitrakya.live\\\/index.php\\\/uzmanlara-gore-yeni-tehlike-mutasyonlu-kovid-19-virusu\\\/\",\"url\":\"https:\\\/\\\/batitrakya.live\\\/index.php\\\/uzmanlara-gore-yeni-tehlike-mutasyonlu-kovid-19-virusu\\\/\",\"name\":\"Uzmanlara g\u00f6re yeni tehlike mutasyonlu Kovid-19 vir\u00fcs\u00fc... - Bat\u0131 Trakya Haber\",\"isPartOf\":{\"@id\":\"https:\\\/\\\/batitrakya.live\\\/#website\"},\"primaryImageOfPage\":{\"@id\":\"https:\\\/\\\/batitrakya.live\\\/index.php\\\/uzmanlara-gore-yeni-tehlike-mutasyonlu-kovid-19-virusu\\\/#primaryimage\"},\"image\":{\"@id\":\"https:\\\/\\\/batitrakya.live\\\/index.php\\\/uzmanlara-gore-yeni-tehlike-mutasyonlu-kovid-19-virusu\\\/#primaryimage\"},\"thumbnailUrl\":\"https:\\\/\\\/batitrakya.live\\\/wp-content\\\/uploads\\\/2021\\\/02\\\/corona_mut.jpg\",\"datePublished\":\"2021-02-03T23:42:46+00:00\",\"author\":{\"@id\":\"https:\\\/\\\/batitrakya.live\\\/#\\\/schema\\\/person\\\/61b86abbc19e5fa0bbc3059670546fe5\"},\"breadcrumb\":{\"@id\":\"https:\\\/\\\/batitrakya.live\\\/index.php\\\/uzmanlara-gore-yeni-tehlike-mutasyonlu-kovid-19-virusu\\\/#breadcrumb\"},\"inLanguage\":\"tr\",\"potentialAction\":[{\"@type\":\"ReadAction\",\"target\":[\"https:\\\/\\\/batitrakya.live\\\/index.php\\\/uzmanlara-gore-yeni-tehlike-mutasyonlu-kovid-19-virusu\\\/\"]}]},{\"@type\":\"ImageObject\",\"inLanguage\":\"tr\",\"@id\":\"https:\\\/\\\/batitrakya.live\\\/index.php\\\/uzmanlara-gore-yeni-tehlike-mutasyonlu-kovid-19-virusu\\\/#primaryimage\",\"url\":\"https:\\\/\\\/batitrakya.live\\\/wp-content\\\/uploads\\\/2021\\\/02\\\/corona_mut.jpg\",\"contentUrl\":\"https:\\\/\\\/batitrakya.live\\\/wp-content\\\/uploads\\\/2021\\\/02\\\/corona_mut.jpg\",\"width\":720,\"height\":348},{\"@type\":\"BreadcrumbList\",\"@id\":\"https:\\\/\\\/batitrakya.live\\\/index.php\\\/uzmanlara-gore-yeni-tehlike-mutasyonlu-kovid-19-virusu\\\/#breadcrumb\",\"itemListElement\":[{\"@type\":\"ListItem\",\"position\":1,\"name\":\"Anasayfa\",\"item\":\"https:\\\/\\\/batitrakya.live\\\/\"},{\"@type\":\"ListItem\",\"position\":2,\"name\":\"Uzmanlara g\u00f6re yeni tehlike mutasyonlu Kovid-19 vir\u00fcs\u00fc&#8230;\"}]},{\"@type\":\"WebSite\",\"@id\":\"https:\\\/\\\/batitrakya.live\\\/#website\",\"url\":\"https:\\\/\\\/batitrakya.live\\\/\",\"name\":\"Bat\u0131 Trakya Haber\",\"description\":\"Bat\u0131 Trakyan\u0131n internetteki sesi..\",\"potentialAction\":[{\"@type\":\"SearchAction\",\"target\":{\"@type\":\"EntryPoint\",\"urlTemplate\":\"https:\\\/\\\/batitrakya.live\\\/?s={search_term_string}\"},\"query-input\":{\"@type\":\"PropertyValueSpecification\",\"valueRequired\":true,\"valueName\":\"search_term_string\"}}],\"inLanguage\":\"tr\"},{\"@type\":\"Person\",\"@id\":\"https:\\\/\\\/batitrakya.live\\\/#\\\/schema\\\/person\\\/61b86abbc19e5fa0bbc3059670546fe5\",\"name\":\"tamer\",\"image\":{\"@type\":\"ImageObject\",\"inLanguage\":\"tr\",\"@id\":\"https:\\\/\\\/secure.gravatar.com\\\/avatar\\\/60b0ff14c4376999cea9565d28b91fc61ff0f727c28cd083506a6d83ad6df9c9?s=96&d=mm&r=g\",\"url\":\"https:\\\/\\\/secure.gravatar.com\\\/avatar\\\/60b0ff14c4376999cea9565d28b91fc61ff0f727c28cd083506a6d83ad6df9c9?s=96&d=mm&r=g\",\"contentUrl\":\"https:\\\/\\\/secure.gravatar.com\\\/avatar\\\/60b0ff14c4376999cea9565d28b91fc61ff0f727c28cd083506a6d83ad6df9c9?s=96&d=mm&r=g\",\"caption\":\"tamer\"},\"sameAs\":[\"https:\\\/\\\/batitrakya.live\"],\"url\":\"https:\\\/\\\/batitrakya.live\\\/index.php\\\/author\\\/tamer\\\/\"}]}<\/script>\n<!-- \/ Yoast SEO Premium plugin. -->","yoast_head_json":{"title":"Uzmanlara g\u00f6re yeni tehlike mutasyonlu Kovid-19 vir\u00fcs\u00fc... - Bat\u0131 Trakya Haber","robots":{"index":"index","follow":"follow","max-snippet":"max-snippet:-1","max-image-preview":"max-image-preview:large","max-video-preview":"max-video-preview:-1"},"canonical":"https:\/\/batitrakya.live\/index.php\/uzmanlara-gore-yeni-tehlike-mutasyonlu-kovid-19-virusu\/","og_locale":"tr_TR","og_type":"article","og_title":"Uzmanlara g\u00f6re yeni tehlike mutasyonlu Kovid-19 vir\u00fcs\u00fc...","og_description":"\u00c7in&#8217;in Vuhan kentinde ge\u00e7en y\u0131l aral\u0131k ay\u0131nda tespit edilen ve mutasyona u\u011frayarak \u0130ngiltere, G\u00fcney Afrika, Brezilya&#8217;da ortaya \u00e7\u0131kan koronavir\u00fcs varyantlar\u0131, bula\u015fma yeteneklerinin y\u00fcksek olmas\u0131 nedeniyle salg\u0131n h\u0131z\u0131n\u0131 art\u0131r\u0131yor. Uzmanlara g\u00f6re, \u00c7in&#8217;in Vuhan kentinde Aral\u0131k 2019&#8217;da tespit edilen yeni tip koronavir\u00fcs\u00fcn (Kovid-19), mutasyona u\u011frayarak \u0130ngiltere, G\u00fcney Afrika ve Brezilya&#8217;da ortaya \u00e7\u0131kan \u00fc\u00e7 ayr\u0131 varyant\u0131, yay\u0131lma h\u0131z\u0131n\u0131n &hellip;","og_url":"https:\/\/batitrakya.live\/index.php\/uzmanlara-gore-yeni-tehlike-mutasyonlu-kovid-19-virusu\/","og_site_name":"Bat\u0131 Trakya Haber","article_published_time":"2021-02-03T23:42:46+00:00","og_image":[{"width":720,"height":348,"url":"https:\/\/batitrakya.live\/wp-content\/uploads\/2021\/02\/corona_mut.jpg","type":"image\/jpeg"}],"author":"tamer","twitter_card":"summary_large_image","twitter_misc":{"Yazan:":"tamer","Tahmini okuma s\u00fcresi":"4 dakika"},"schema":{"@context":"https:\/\/schema.org","@graph":[{"@type":"Article","@id":"https:\/\/batitrakya.live\/index.php\/uzmanlara-gore-yeni-tehlike-mutasyonlu-kovid-19-virusu\/#article","isPartOf":{"@id":"https:\/\/batitrakya.live\/index.php\/uzmanlara-gore-yeni-tehlike-mutasyonlu-kovid-19-virusu\/"},"author":{"name":"tamer","@id":"https:\/\/batitrakya.live\/#\/schema\/person\/61b86abbc19e5fa0bbc3059670546fe5"},"headline":"Uzmanlara g\u00f6re yeni tehlike mutasyonlu Kovid-19 vir\u00fcs\u00fc&#8230;","datePublished":"2021-02-03T23:42:46+00:00","mainEntityOfPage":{"@id":"https:\/\/batitrakya.live\/index.php\/uzmanlara-gore-yeni-tehlike-mutasyonlu-kovid-19-virusu\/"},"wordCount":805,"commentCount":0,"image":{"@id":"https:\/\/batitrakya.live\/index.php\/uzmanlara-gore-yeni-tehlike-mutasyonlu-kovid-19-virusu\/#primaryimage"},"thumbnailUrl":"https:\/\/batitrakya.live\/wp-content\/uploads\/2021\/02\/corona_mut.jpg","keywords":["Koronavirus(covid-19)","mutasyon"],"articleSection":["T\u00fcrkiye | D\u00fcnya | G\u00fcndem"],"inLanguage":"tr","potentialAction":[{"@type":"CommentAction","name":"Comment","target":["https:\/\/batitrakya.live\/index.php\/uzmanlara-gore-yeni-tehlike-mutasyonlu-kovid-19-virusu\/#respond"]}],"copyrightYear":"2021","copyrightHolder":{"@id":"https:\/\/batitrakya.live\/#organization"}},{"@type":"WebPage","@id":"https:\/\/batitrakya.live\/index.php\/uzmanlara-gore-yeni-tehlike-mutasyonlu-kovid-19-virusu\/","url":"https:\/\/batitrakya.live\/index.php\/uzmanlara-gore-yeni-tehlike-mutasyonlu-kovid-19-virusu\/","name":"Uzmanlara g\u00f6re yeni tehlike mutasyonlu Kovid-19 vir\u00fcs\u00fc... - Bat\u0131 Trakya Haber","isPartOf":{"@id":"https:\/\/batitrakya.live\/#website"},"primaryImageOfPage":{"@id":"https:\/\/batitrakya.live\/index.php\/uzmanlara-gore-yeni-tehlike-mutasyonlu-kovid-19-virusu\/#primaryimage"},"image":{"@id":"https:\/\/batitrakya.live\/index.php\/uzmanlara-gore-yeni-tehlike-mutasyonlu-kovid-19-virusu\/#primaryimage"},"thumbnailUrl":"https:\/\/batitrakya.live\/wp-content\/uploads\/2021\/02\/corona_mut.jpg","datePublished":"2021-02-03T23:42:46+00:00","author":{"@id":"https:\/\/batitrakya.live\/#\/schema\/person\/61b86abbc19e5fa0bbc3059670546fe5"},"breadcrumb":{"@id":"https:\/\/batitrakya.live\/index.php\/uzmanlara-gore-yeni-tehlike-mutasyonlu-kovid-19-virusu\/#breadcrumb"},"inLanguage":"tr","potentialAction":[{"@type":"ReadAction","target":["https:\/\/batitrakya.live\/index.php\/uzmanlara-gore-yeni-tehlike-mutasyonlu-kovid-19-virusu\/"]}]},{"@type":"ImageObject","inLanguage":"tr","@id":"https:\/\/batitrakya.live\/index.php\/uzmanlara-gore-yeni-tehlike-mutasyonlu-kovid-19-virusu\/#primaryimage","url":"https:\/\/batitrakya.live\/wp-content\/uploads\/2021\/02\/corona_mut.jpg","contentUrl":"https:\/\/batitrakya.live\/wp-content\/uploads\/2021\/02\/corona_mut.jpg","width":720,"height":348},{"@type":"BreadcrumbList","@id":"https:\/\/batitrakya.live\/index.php\/uzmanlara-gore-yeni-tehlike-mutasyonlu-kovid-19-virusu\/#breadcrumb","itemListElement":[{"@type":"ListItem","position":1,"name":"Anasayfa","item":"https:\/\/batitrakya.live\/"},{"@type":"ListItem","position":2,"name":"Uzmanlara g\u00f6re yeni tehlike mutasyonlu Kovid-19 vir\u00fcs\u00fc&#8230;"}]},{"@type":"WebSite","@id":"https:\/\/batitrakya.live\/#website","url":"https:\/\/batitrakya.live\/","name":"Bat\u0131 Trakya Haber","description":"Bat\u0131 Trakyan\u0131n internetteki sesi..","potentialAction":[{"@type":"SearchAction","target":{"@type":"EntryPoint","urlTemplate":"https:\/\/batitrakya.live\/?s={search_term_string}"},"query-input":{"@type":"PropertyValueSpecification","valueRequired":true,"valueName":"search_term_string"}}],"inLanguage":"tr"},{"@type":"Person","@id":"https:\/\/batitrakya.live\/#\/schema\/person\/61b86abbc19e5fa0bbc3059670546fe5","name":"tamer","image":{"@type":"ImageObject","inLanguage":"tr","@id":"https:\/\/secure.gravatar.com\/avatar\/60b0ff14c4376999cea9565d28b91fc61ff0f727c28cd083506a6d83ad6df9c9?s=96&d=mm&r=g","url":"https:\/\/secure.gravatar.com\/avatar\/60b0ff14c4376999cea9565d28b91fc61ff0f727c28cd083506a6d83ad6df9c9?s=96&d=mm&r=g","contentUrl":"https:\/\/secure.gravatar.com\/avatar\/60b0ff14c4376999cea9565d28b91fc61ff0f727c28cd083506a6d83ad6df9c9?s=96&d=mm&r=g","caption":"tamer"},"sameAs":["https:\/\/batitrakya.live"],"url":"https:\/\/batitrakya.live\/index.php\/author\/tamer\/"}]}},"_links":{"self":[{"href":"https:\/\/batitrakya.live\/index.php\/wp-json\/wp\/v2\/posts\/31248","targetHints":{"allow":["GET"]}}],"collection":[{"href":"https:\/\/batitrakya.live\/index.php\/wp-json\/wp\/v2\/posts"}],"about":[{"href":"https:\/\/batitrakya.live\/index.php\/wp-json\/wp\/v2\/types\/post"}],"author":[{"embeddable":true,"href":"https:\/\/batitrakya.live\/index.php\/wp-json\/wp\/v2\/users\/1"}],"replies":[{"embeddable":true,"href":"https:\/\/batitrakya.live\/index.php\/wp-json\/wp\/v2\/comments?post=31248"}],"version-history":[{"count":0,"href":"https:\/\/batitrakya.live\/index.php\/wp-json\/wp\/v2\/posts\/31248\/revisions"}],"wp:featuredmedia":[{"embeddable":true,"href":"https:\/\/batitrakya.live\/index.php\/wp-json\/wp\/v2\/media\/31249"}],"wp:attachment":[{"href":"https:\/\/batitrakya.live\/index.php\/wp-json\/wp\/v2\/media?parent=31248"}],"wp:term":[{"taxonomy":"category","embeddable":true,"href":"https:\/\/batitrakya.live\/index.php\/wp-json\/wp\/v2\/categories?post=31248"},{"taxonomy":"post_tag","embeddable":true,"href":"https:\/\/batitrakya.live\/index.php\/wp-json\/wp\/v2\/tags?post=31248"}],"curies":[{"name":"wp","href":"https:\/\/api.w.org\/{rel}","templated":true}]}}