{"id":31092,"date":"2021-01-24T12:04:42","date_gmt":"2021-01-24T11:04:42","guid":{"rendered":"https:\/\/batitrakya.live\/?p=31092"},"modified":"2021-01-24T12:04:42","modified_gmt":"2021-01-24T11:04:42","slug":"feto-efsanevi-illuminatiden-daha-buyuk-bir-guce-sahip","status":"publish","type":"post","link":"https:\/\/batitrakya.live\/index.php\/feto-efsanevi-illuminatiden-daha-buyuk-bir-guce-sahip\/","title":{"rendered":"FET\u00d6 Efsanevi \u0130lluminati&#8217;den daha b\u00fcy\u00fck bir g\u00fcce sahip&#8230;"},"content":{"rendered":"<p>Alman avukat Christian Rumpf, FET\u00d6&#8217;n\u00fcn \u0130lluminati tarikat\u0131ndan daha tehlikeli oldu\u011funu s\u00f6yledi.<\/p>\n<p>Almanya&#8217;n\u0131n sayg\u0131n gazetelerinden S\u00fcddeutsche Zeitung&#8217;ta yer alan haberde, \u00fclkede k\u00f6k salmaya ba\u015flayan ve tehlikeli hale gelen Fetullah\u00e7\u0131 Ter\u00f6r \u00d6rg\u00fct\u00fc&#8217;n\u00fcn (FET\u00d6) &#8220;karanl\u0131k yap\u0131s\u0131&#8221; ile ilgili uyar\u0131da bulunuldu.<\/p>\n<p>Haberde FET\u00d6 ile ilgili g\u00f6r\u00fc\u015f\u00fcne ba\u015fvurulan T\u00fcrk hukuku uzman\u0131 olan Alman avukat Christian Rumpf, FET\u00d6&#8217;n\u00fcn \u0130lluminati tarikat\u0131ndan daha tehlikeli oldu\u011funu s\u00f6yledi.<\/p>\n<p>Rumpf, FET\u00d6&#8217;n\u00fcn gizli bir ittifak oldu\u011funu belirterek, <em><strong>&#8220;G\u00fclen&#8217;in destek\u00e7ileri, toplumun her alan\u0131nda g\u00fc\u00e7l\u00fc bir uyum ve sad\u0131k ba\u011flar\u0131 olan bir topluluk yap\u0131s\u0131na ula\u015ft\u0131. Efsanevi \u0130lluminati&#8217;den daha b\u00fcy\u00fck bir g\u00fcce sahip neredeyse gizli bir ittifak.&#8221;<\/strong> <\/em>de\u011ferlendirmesinde bulundu.<\/p>\n<p><strong>Eyalet y\u00f6netiminden 975 bin avro destek<\/strong><br \/>\nFET\u00d6&#8217;n\u00fcn&#8221;G\u00fclen hareketi&#8221; olarak nitelendi\u011fi haberde Bavyera eyaletinin, \u00f6rg\u00fct\u00fcn Frohsinn (Ne\u015fe) adl\u0131 e\u011fitim derne\u011fine y\u0131lda 975 bin avro destek verdi\u011fi kaydedildi.<\/p>\n<p>\u00d6rg\u00fct\u00fcn Bavyera&#8217;da k\u00f6k sald\u0131\u011f\u0131na dikkati \u00e7ekilen haberde \u015fu ifadeler kullan\u0131ld\u0131:<\/p>\n<p><em><strong>&#8220;Hareketin bir \u00f6zelli\u011fi de \u015feffaf olmamas\u0131. Bu a\u011f, \u00e7o\u011fu zaman fark edilmeden 30 y\u0131ld\u0131r Augsburg&#8217;da da faaliyet g\u00f6steriyor. Frohsinn Dernegi 2009&#8217;da M\u00fcnih, Ingolstadt, Neu-Ulm ve Ravensburg&#8217;dan karde\u015f dernekler ile yat\u0131l\u0131 \u00f6zel k\u0131z ortaokulu ve lisesini kurdu. Bavyera K\u00fclt\u00fcr Bakanl\u0131\u011f\u0131n\u0131n verilerine g\u00f6re, \u015fu anda 164 k\u0131z \u00f6\u011frenci e\u011fitim g\u00f6r\u00fcyor ve Bavyera Eyaleti buraya y\u0131lda 975 bin avro katk\u0131da bulunuyor. \u00d6\u011frencilerin yakla\u015f\u0131k y\u00fczde 90&#8217;\u0131 T\u00fcrk k\u00f6kenli. Okul Liechtenstein, Avusturya ve \u0130svi\u00e7re&#8217;den \u00f6\u011frenci al\u0131yor.&#8221;<\/strong><\/em><\/p>\n<p><strong>\u00d6rg\u00fct mensubunun &#8220;kara kutu&#8221; benzetmesi<\/strong><br \/>\nFET\u00d6 temsilcilerinin 2016&#8217;dan bu yana vadettikleri \u015feffafl\u0131\u011fa halen sahip olmad\u0131klar\u0131n\u0131n alt\u0131 \u00e7izilen haberde, \u00f6rg\u00fctten bir ki\u015finin, <em><strong>&#8220;Harekette bir &#8216;kara kutu&#8217; var. \u0130\u00e7ine bak\u0131lmal\u0131.&#8221;<\/strong><\/em> \u015feklindeki ifadesine yer verildi.<\/p>\n<p>Haberde g\u00f6r\u00fc\u015f\u00fcne yer verilen Augsburg kentinin eski uyum yetkilisi Matthias Garte de Frohsinn adl\u0131 dernek \u00fczerinde &#8220;gizem&#8221; oldu\u011funu belirterek, &#8220;Bunun arkas\u0131nda bir a\u011f oldu\u011fundan \u015f\u00fcpheliydik. 2015&#8217;te g\u00f6revden ayr\u0131l\u0131ncaya kadar sorumlular \u0130slam&#8217;\u0131n veya bir hareketin kendileri i\u00e7in \u00f6nemli rol oynad\u0131\u011f\u0131n\u0131 inkar etti.&#8221; ifadesini kulland\u0131.<\/p>\n<p>Haberde FET\u00d6&#8217;n\u00fcn on y\u0131llar boyunca T\u00fcrkiye&#8217;de b\u00fcrokrasi, yarg\u0131, ordu ve polis i\u00e7inde y\u00fcz binlerce takip\u00e7isinin oldu\u011fu hat\u0131rlat\u0131ld\u0131.<\/p>\n","protected":false},"excerpt":{"rendered":"<p>Alman avukat Christian Rumpf, FET\u00d6&#8217;n\u00fcn \u0130lluminati tarikat\u0131ndan daha tehlikeli oldu\u011funu s\u00f6yledi. Almanya&#8217;n\u0131n sayg\u0131n gazetelerinden S\u00fcddeutsche Zeitung&#8217;ta yer alan haberde, \u00fclkede k\u00f6k salmaya ba\u015flayan ve tehlikeli hale gelen Fetullah\u00e7\u0131 Ter\u00f6r \u00d6rg\u00fct\u00fc&#8217;n\u00fcn (FET\u00d6) &#8220;karanl\u0131k yap\u0131s\u0131&#8221; ile ilgili uyar\u0131da bulunuldu. Haberde FET\u00d6 ile ilgili g\u00f6r\u00fc\u015f\u00fcne ba\u015fvurulan T\u00fcrk hukuku uzman\u0131 olan Alman avukat Christian Rumpf, FET\u00d6&#8217;n\u00fcn \u0130lluminati tarikat\u0131ndan daha &hellip;<\/p>\n","protected":false},"author":1,"featured_media":31093,"comment_status":"open","ping_status":"open","sticky":false,"template":"","format":"standard","meta":{"footnotes":""},"categories":[46],"tags":[229,176],"class_list":["post-31092","post","type-post","status-publish","format-standard","has-post-thumbnail","hentry","category-balkanlar","tag-almanya","tag-feto"],"yoast_head":"<!-- This site is optimized with the Yoast SEO Premium plugin v26.3 (Yoast SEO v27.3) - https:\/\/yoast.com\/product\/yoast-seo-premium-wordpress\/ -->\n<title>FET\u00d6 Efsanevi \u0130lluminati&#039;den daha b\u00fcy\u00fck bir g\u00fcce sahip... - Bat\u0131 Trakya Haber<\/title>\n<meta name=\"robots\" content=\"index, follow, max-snippet:-1, max-image-preview:large, max-video-preview:-1\" \/>\n<link rel=\"canonical\" href=\"https:\/\/batitrakya.live\/index.php\/feto-efsanevi-illuminatiden-daha-buyuk-bir-guce-sahip\/\" \/>\n<meta property=\"og:locale\" content=\"tr_TR\" \/>\n<meta property=\"og:type\" content=\"article\" \/>\n<meta property=\"og:title\" content=\"FET\u00d6 Efsanevi \u0130lluminati&#039;den daha b\u00fcy\u00fck bir g\u00fcce sahip...\" \/>\n<meta property=\"og:description\" content=\"Alman avukat Christian Rumpf, FET\u00d6&#8217;n\u00fcn \u0130lluminati tarikat\u0131ndan daha tehlikeli oldu\u011funu s\u00f6yledi. Almanya&#8217;n\u0131n sayg\u0131n gazetelerinden S\u00fcddeutsche Zeitung&#8217;ta yer alan haberde, \u00fclkede k\u00f6k salmaya ba\u015flayan ve tehlikeli hale gelen Fetullah\u00e7\u0131 Ter\u00f6r \u00d6rg\u00fct\u00fc&#8217;n\u00fcn (FET\u00d6) &#8220;karanl\u0131k yap\u0131s\u0131&#8221; ile ilgili uyar\u0131da bulunuldu. Haberde FET\u00d6 ile ilgili g\u00f6r\u00fc\u015f\u00fcne ba\u015fvurulan T\u00fcrk hukuku uzman\u0131 olan Alman avukat Christian Rumpf, FET\u00d6&#8217;n\u00fcn \u0130lluminati tarikat\u0131ndan daha &hellip;\" \/>\n<meta property=\"og:url\" content=\"https:\/\/batitrakya.live\/index.php\/feto-efsanevi-illuminatiden-daha-buyuk-bir-guce-sahip\/\" \/>\n<meta property=\"og:site_name\" content=\"Bat\u0131 Trakya Haber\" \/>\n<meta property=\"article:published_time\" content=\"2021-01-24T11:04:42+00:00\" \/>\n<meta property=\"og:image\" content=\"https:\/\/batitrakya.live\/wp-content\/uploads\/2021\/01\/feto.jpg\" \/>\n\t<meta property=\"og:image:width\" content=\"720\" \/>\n\t<meta property=\"og:image:height\" content=\"348\" \/>\n\t<meta property=\"og:image:type\" content=\"image\/jpeg\" \/>\n<meta name=\"author\" content=\"tamer\" \/>\n<meta name=\"twitter:card\" content=\"summary_large_image\" \/>\n<meta name=\"twitter:label1\" content=\"Yazan:\" \/>\n\t<meta name=\"twitter:data1\" content=\"tamer\" \/>\n\t<meta name=\"twitter:label2\" content=\"Tahmini okuma s\u00fcresi\" \/>\n\t<meta name=\"twitter:data2\" content=\"2 dakika\" \/>\n<script type=\"application\/ld+json\" class=\"yoast-schema-graph\">{\"@context\":\"https:\\\/\\\/schema.org\",\"@graph\":[{\"@type\":\"Article\",\"@id\":\"https:\\\/\\\/batitrakya.live\\\/index.php\\\/feto-efsanevi-illuminatiden-daha-buyuk-bir-guce-sahip\\\/#article\",\"isPartOf\":{\"@id\":\"https:\\\/\\\/batitrakya.live\\\/index.php\\\/feto-efsanevi-illuminatiden-daha-buyuk-bir-guce-sahip\\\/\"},\"author\":{\"name\":\"tamer\",\"@id\":\"https:\\\/\\\/batitrakya.live\\\/#\\\/schema\\\/person\\\/61b86abbc19e5fa0bbc3059670546fe5\"},\"headline\":\"FET\u00d6 Efsanevi \u0130lluminati&#8217;den daha b\u00fcy\u00fck bir g\u00fcce sahip&#8230;\",\"datePublished\":\"2021-01-24T11:04:42+00:00\",\"mainEntityOfPage\":{\"@id\":\"https:\\\/\\\/batitrakya.live\\\/index.php\\\/feto-efsanevi-illuminatiden-daha-buyuk-bir-guce-sahip\\\/\"},\"wordCount\":423,\"commentCount\":0,\"image\":{\"@id\":\"https:\\\/\\\/batitrakya.live\\\/index.php\\\/feto-efsanevi-illuminatiden-daha-buyuk-bir-guce-sahip\\\/#primaryimage\"},\"thumbnailUrl\":\"https:\\\/\\\/batitrakya.live\\\/wp-content\\\/uploads\\\/2021\\\/01\\\/feto.jpg\",\"keywords\":[\"Almanya\",\"FET\u00d6\"],\"articleSection\":[\"Balkanlar | Avrupa Haber\"],\"inLanguage\":\"tr\",\"potentialAction\":[{\"@type\":\"CommentAction\",\"name\":\"Comment\",\"target\":[\"https:\\\/\\\/batitrakya.live\\\/index.php\\\/feto-efsanevi-illuminatiden-daha-buyuk-bir-guce-sahip\\\/#respond\"]}],\"copyrightYear\":\"2021\",\"copyrightHolder\":{\"@id\":\"https:\\\/\\\/batitrakya.live\\\/#organization\"}},{\"@type\":\"WebPage\",\"@id\":\"https:\\\/\\\/batitrakya.live\\\/index.php\\\/feto-efsanevi-illuminatiden-daha-buyuk-bir-guce-sahip\\\/\",\"url\":\"https:\\\/\\\/batitrakya.live\\\/index.php\\\/feto-efsanevi-illuminatiden-daha-buyuk-bir-guce-sahip\\\/\",\"name\":\"FET\u00d6 Efsanevi \u0130lluminati'den daha b\u00fcy\u00fck bir g\u00fcce sahip... - Bat\u0131 Trakya Haber\",\"isPartOf\":{\"@id\":\"https:\\\/\\\/batitrakya.live\\\/#website\"},\"primaryImageOfPage\":{\"@id\":\"https:\\\/\\\/batitrakya.live\\\/index.php\\\/feto-efsanevi-illuminatiden-daha-buyuk-bir-guce-sahip\\\/#primaryimage\"},\"image\":{\"@id\":\"https:\\\/\\\/batitrakya.live\\\/index.php\\\/feto-efsanevi-illuminatiden-daha-buyuk-bir-guce-sahip\\\/#primaryimage\"},\"thumbnailUrl\":\"https:\\\/\\\/batitrakya.live\\\/wp-content\\\/uploads\\\/2021\\\/01\\\/feto.jpg\",\"datePublished\":\"2021-01-24T11:04:42+00:00\",\"author\":{\"@id\":\"https:\\\/\\\/batitrakya.live\\\/#\\\/schema\\\/person\\\/61b86abbc19e5fa0bbc3059670546fe5\"},\"breadcrumb\":{\"@id\":\"https:\\\/\\\/batitrakya.live\\\/index.php\\\/feto-efsanevi-illuminatiden-daha-buyuk-bir-guce-sahip\\\/#breadcrumb\"},\"inLanguage\":\"tr\",\"potentialAction\":[{\"@type\":\"ReadAction\",\"target\":[\"https:\\\/\\\/batitrakya.live\\\/index.php\\\/feto-efsanevi-illuminatiden-daha-buyuk-bir-guce-sahip\\\/\"]}]},{\"@type\":\"ImageObject\",\"inLanguage\":\"tr\",\"@id\":\"https:\\\/\\\/batitrakya.live\\\/index.php\\\/feto-efsanevi-illuminatiden-daha-buyuk-bir-guce-sahip\\\/#primaryimage\",\"url\":\"https:\\\/\\\/batitrakya.live\\\/wp-content\\\/uploads\\\/2021\\\/01\\\/feto.jpg\",\"contentUrl\":\"https:\\\/\\\/batitrakya.live\\\/wp-content\\\/uploads\\\/2021\\\/01\\\/feto.jpg\",\"width\":720,\"height\":348},{\"@type\":\"BreadcrumbList\",\"@id\":\"https:\\\/\\\/batitrakya.live\\\/index.php\\\/feto-efsanevi-illuminatiden-daha-buyuk-bir-guce-sahip\\\/#breadcrumb\",\"itemListElement\":[{\"@type\":\"ListItem\",\"position\":1,\"name\":\"Anasayfa\",\"item\":\"https:\\\/\\\/batitrakya.live\\\/\"},{\"@type\":\"ListItem\",\"position\":2,\"name\":\"FET\u00d6 Efsanevi \u0130lluminati&#8217;den daha b\u00fcy\u00fck bir g\u00fcce sahip&#8230;\"}]},{\"@type\":\"WebSite\",\"@id\":\"https:\\\/\\\/batitrakya.live\\\/#website\",\"url\":\"https:\\\/\\\/batitrakya.live\\\/\",\"name\":\"Bat\u0131 Trakya Haber\",\"description\":\"Bat\u0131 Trakyan\u0131n internetteki sesi..\",\"potentialAction\":[{\"@type\":\"SearchAction\",\"target\":{\"@type\":\"EntryPoint\",\"urlTemplate\":\"https:\\\/\\\/batitrakya.live\\\/?s={search_term_string}\"},\"query-input\":{\"@type\":\"PropertyValueSpecification\",\"valueRequired\":true,\"valueName\":\"search_term_string\"}}],\"inLanguage\":\"tr\"},{\"@type\":\"Person\",\"@id\":\"https:\\\/\\\/batitrakya.live\\\/#\\\/schema\\\/person\\\/61b86abbc19e5fa0bbc3059670546fe5\",\"name\":\"tamer\",\"image\":{\"@type\":\"ImageObject\",\"inLanguage\":\"tr\",\"@id\":\"https:\\\/\\\/secure.gravatar.com\\\/avatar\\\/60b0ff14c4376999cea9565d28b91fc61ff0f727c28cd083506a6d83ad6df9c9?s=96&d=mm&r=g\",\"url\":\"https:\\\/\\\/secure.gravatar.com\\\/avatar\\\/60b0ff14c4376999cea9565d28b91fc61ff0f727c28cd083506a6d83ad6df9c9?s=96&d=mm&r=g\",\"contentUrl\":\"https:\\\/\\\/secure.gravatar.com\\\/avatar\\\/60b0ff14c4376999cea9565d28b91fc61ff0f727c28cd083506a6d83ad6df9c9?s=96&d=mm&r=g\",\"caption\":\"tamer\"},\"sameAs\":[\"https:\\\/\\\/batitrakya.live\"],\"url\":\"https:\\\/\\\/batitrakya.live\\\/index.php\\\/author\\\/tamer\\\/\"}]}<\/script>\n<!-- \/ Yoast SEO Premium plugin. -->","yoast_head_json":{"title":"FET\u00d6 Efsanevi \u0130lluminati'den daha b\u00fcy\u00fck bir g\u00fcce sahip... - Bat\u0131 Trakya Haber","robots":{"index":"index","follow":"follow","max-snippet":"max-snippet:-1","max-image-preview":"max-image-preview:large","max-video-preview":"max-video-preview:-1"},"canonical":"https:\/\/batitrakya.live\/index.php\/feto-efsanevi-illuminatiden-daha-buyuk-bir-guce-sahip\/","og_locale":"tr_TR","og_type":"article","og_title":"FET\u00d6 Efsanevi \u0130lluminati'den daha b\u00fcy\u00fck bir g\u00fcce sahip...","og_description":"Alman avukat Christian Rumpf, FET\u00d6&#8217;n\u00fcn \u0130lluminati tarikat\u0131ndan daha tehlikeli oldu\u011funu s\u00f6yledi. Almanya&#8217;n\u0131n sayg\u0131n gazetelerinden S\u00fcddeutsche Zeitung&#8217;ta yer alan haberde, \u00fclkede k\u00f6k salmaya ba\u015flayan ve tehlikeli hale gelen Fetullah\u00e7\u0131 Ter\u00f6r \u00d6rg\u00fct\u00fc&#8217;n\u00fcn (FET\u00d6) &#8220;karanl\u0131k yap\u0131s\u0131&#8221; ile ilgili uyar\u0131da bulunuldu. Haberde FET\u00d6 ile ilgili g\u00f6r\u00fc\u015f\u00fcne ba\u015fvurulan T\u00fcrk hukuku uzman\u0131 olan Alman avukat Christian Rumpf, FET\u00d6&#8217;n\u00fcn \u0130lluminati tarikat\u0131ndan daha &hellip;","og_url":"https:\/\/batitrakya.live\/index.php\/feto-efsanevi-illuminatiden-daha-buyuk-bir-guce-sahip\/","og_site_name":"Bat\u0131 Trakya Haber","article_published_time":"2021-01-24T11:04:42+00:00","og_image":[{"width":720,"height":348,"url":"https:\/\/batitrakya.live\/wp-content\/uploads\/2021\/01\/feto.jpg","type":"image\/jpeg"}],"author":"tamer","twitter_card":"summary_large_image","twitter_misc":{"Yazan:":"tamer","Tahmini okuma s\u00fcresi":"2 dakika"},"schema":{"@context":"https:\/\/schema.org","@graph":[{"@type":"Article","@id":"https:\/\/batitrakya.live\/index.php\/feto-efsanevi-illuminatiden-daha-buyuk-bir-guce-sahip\/#article","isPartOf":{"@id":"https:\/\/batitrakya.live\/index.php\/feto-efsanevi-illuminatiden-daha-buyuk-bir-guce-sahip\/"},"author":{"name":"tamer","@id":"https:\/\/batitrakya.live\/#\/schema\/person\/61b86abbc19e5fa0bbc3059670546fe5"},"headline":"FET\u00d6 Efsanevi \u0130lluminati&#8217;den daha b\u00fcy\u00fck bir g\u00fcce sahip&#8230;","datePublished":"2021-01-24T11:04:42+00:00","mainEntityOfPage":{"@id":"https:\/\/batitrakya.live\/index.php\/feto-efsanevi-illuminatiden-daha-buyuk-bir-guce-sahip\/"},"wordCount":423,"commentCount":0,"image":{"@id":"https:\/\/batitrakya.live\/index.php\/feto-efsanevi-illuminatiden-daha-buyuk-bir-guce-sahip\/#primaryimage"},"thumbnailUrl":"https:\/\/batitrakya.live\/wp-content\/uploads\/2021\/01\/feto.jpg","keywords":["Almanya","FET\u00d6"],"articleSection":["Balkanlar | Avrupa Haber"],"inLanguage":"tr","potentialAction":[{"@type":"CommentAction","name":"Comment","target":["https:\/\/batitrakya.live\/index.php\/feto-efsanevi-illuminatiden-daha-buyuk-bir-guce-sahip\/#respond"]}],"copyrightYear":"2021","copyrightHolder":{"@id":"https:\/\/batitrakya.live\/#organization"}},{"@type":"WebPage","@id":"https:\/\/batitrakya.live\/index.php\/feto-efsanevi-illuminatiden-daha-buyuk-bir-guce-sahip\/","url":"https:\/\/batitrakya.live\/index.php\/feto-efsanevi-illuminatiden-daha-buyuk-bir-guce-sahip\/","name":"FET\u00d6 Efsanevi \u0130lluminati'den daha b\u00fcy\u00fck bir g\u00fcce sahip... - Bat\u0131 Trakya Haber","isPartOf":{"@id":"https:\/\/batitrakya.live\/#website"},"primaryImageOfPage":{"@id":"https:\/\/batitrakya.live\/index.php\/feto-efsanevi-illuminatiden-daha-buyuk-bir-guce-sahip\/#primaryimage"},"image":{"@id":"https:\/\/batitrakya.live\/index.php\/feto-efsanevi-illuminatiden-daha-buyuk-bir-guce-sahip\/#primaryimage"},"thumbnailUrl":"https:\/\/batitrakya.live\/wp-content\/uploads\/2021\/01\/feto.jpg","datePublished":"2021-01-24T11:04:42+00:00","author":{"@id":"https:\/\/batitrakya.live\/#\/schema\/person\/61b86abbc19e5fa0bbc3059670546fe5"},"breadcrumb":{"@id":"https:\/\/batitrakya.live\/index.php\/feto-efsanevi-illuminatiden-daha-buyuk-bir-guce-sahip\/#breadcrumb"},"inLanguage":"tr","potentialAction":[{"@type":"ReadAction","target":["https:\/\/batitrakya.live\/index.php\/feto-efsanevi-illuminatiden-daha-buyuk-bir-guce-sahip\/"]}]},{"@type":"ImageObject","inLanguage":"tr","@id":"https:\/\/batitrakya.live\/index.php\/feto-efsanevi-illuminatiden-daha-buyuk-bir-guce-sahip\/#primaryimage","url":"https:\/\/batitrakya.live\/wp-content\/uploads\/2021\/01\/feto.jpg","contentUrl":"https:\/\/batitrakya.live\/wp-content\/uploads\/2021\/01\/feto.jpg","width":720,"height":348},{"@type":"BreadcrumbList","@id":"https:\/\/batitrakya.live\/index.php\/feto-efsanevi-illuminatiden-daha-buyuk-bir-guce-sahip\/#breadcrumb","itemListElement":[{"@type":"ListItem","position":1,"name":"Anasayfa","item":"https:\/\/batitrakya.live\/"},{"@type":"ListItem","position":2,"name":"FET\u00d6 Efsanevi \u0130lluminati&#8217;den daha b\u00fcy\u00fck bir g\u00fcce sahip&#8230;"}]},{"@type":"WebSite","@id":"https:\/\/batitrakya.live\/#website","url":"https:\/\/batitrakya.live\/","name":"Bat\u0131 Trakya Haber","description":"Bat\u0131 Trakyan\u0131n internetteki sesi..","potentialAction":[{"@type":"SearchAction","target":{"@type":"EntryPoint","urlTemplate":"https:\/\/batitrakya.live\/?s={search_term_string}"},"query-input":{"@type":"PropertyValueSpecification","valueRequired":true,"valueName":"search_term_string"}}],"inLanguage":"tr"},{"@type":"Person","@id":"https:\/\/batitrakya.live\/#\/schema\/person\/61b86abbc19e5fa0bbc3059670546fe5","name":"tamer","image":{"@type":"ImageObject","inLanguage":"tr","@id":"https:\/\/secure.gravatar.com\/avatar\/60b0ff14c4376999cea9565d28b91fc61ff0f727c28cd083506a6d83ad6df9c9?s=96&d=mm&r=g","url":"https:\/\/secure.gravatar.com\/avatar\/60b0ff14c4376999cea9565d28b91fc61ff0f727c28cd083506a6d83ad6df9c9?s=96&d=mm&r=g","contentUrl":"https:\/\/secure.gravatar.com\/avatar\/60b0ff14c4376999cea9565d28b91fc61ff0f727c28cd083506a6d83ad6df9c9?s=96&d=mm&r=g","caption":"tamer"},"sameAs":["https:\/\/batitrakya.live"],"url":"https:\/\/batitrakya.live\/index.php\/author\/tamer\/"}]}},"_links":{"self":[{"href":"https:\/\/batitrakya.live\/index.php\/wp-json\/wp\/v2\/posts\/31092","targetHints":{"allow":["GET"]}}],"collection":[{"href":"https:\/\/batitrakya.live\/index.php\/wp-json\/wp\/v2\/posts"}],"about":[{"href":"https:\/\/batitrakya.live\/index.php\/wp-json\/wp\/v2\/types\/post"}],"author":[{"embeddable":true,"href":"https:\/\/batitrakya.live\/index.php\/wp-json\/wp\/v2\/users\/1"}],"replies":[{"embeddable":true,"href":"https:\/\/batitrakya.live\/index.php\/wp-json\/wp\/v2\/comments?post=31092"}],"version-history":[{"count":0,"href":"https:\/\/batitrakya.live\/index.php\/wp-json\/wp\/v2\/posts\/31092\/revisions"}],"wp:featuredmedia":[{"embeddable":true,"href":"https:\/\/batitrakya.live\/index.php\/wp-json\/wp\/v2\/media\/31093"}],"wp:attachment":[{"href":"https:\/\/batitrakya.live\/index.php\/wp-json\/wp\/v2\/media?parent=31092"}],"wp:term":[{"taxonomy":"category","embeddable":true,"href":"https:\/\/batitrakya.live\/index.php\/wp-json\/wp\/v2\/categories?post=31092"},{"taxonomy":"post_tag","embeddable":true,"href":"https:\/\/batitrakya.live\/index.php\/wp-json\/wp\/v2\/tags?post=31092"}],"curies":[{"name":"wp","href":"https:\/\/api.w.org\/{rel}","templated":true}]}}