{"id":31064,"date":"2021-01-22T18:16:44","date_gmt":"2021-01-22T17:16:44","guid":{"rendered":"https:\/\/batitrakya.live\/?p=31064"},"modified":"2021-01-22T18:16:44","modified_gmt":"2021-01-22T17:16:44","slug":"bakanlik-yetkilileri-bati-trakyada-afet-bolgelerinde-incelemelerde-bulundu","status":"publish","type":"post","link":"https:\/\/batitrakya.live\/index.php\/bakanlik-yetkilileri-bati-trakyada-afet-bolgelerinde-incelemelerde-bulundu\/","title":{"rendered":"Bakanl\u0131k yetkilileri Bat\u0131 Trakya&#8217;da afet b\u00f6lgelerinde incelemelerde bulundu&#8230;"},"content":{"rendered":"<p>Altyap\u0131 ve Ula\u015ft\u0131rma Bakanl\u0131\u011f\u0131\u2019n\u0131n do\u011fal afetlerle ilgili birimi, b\u00f6lgede inceleme yapmak \u00fczere Rodop iline geldi. Bakanl\u0131k yetkilileri, daha \u00f6nce de sel felaketinden etkilenen Evros ilinde incelemelerde bulundular.<\/p>\n<p>Bakanl\u0131k yetkilileri, d\u00fcn Rodop \u0130linden Sorumlu Eyalet Ba\u015fkan Yard\u0131mc\u0131s\u0131 Nikos \u00c7alikidis ile bir araya geldiler. Eyaletteki toplant\u0131ya eyalet ba\u015fkan yard\u0131mc\u0131lar\u0131 Ahmet \u0130bram ile Cihan \u0130mamo\u011flu da kat\u0131ld\u0131.<\/p>\n<p>\u00c7alikidis, ya\u015fanan felaketten sonra bakanl\u0131\u011fa b\u00f6lgede incelemelerde bulunma \u00e7a\u011fr\u0131s\u0131nda bulunduklar\u0131n\u0131 belirterek, ya\u015fanan do\u011fal felaketin \u00f6n\u00fcne ge\u00e7ilemeyecek boyutta oldu\u011funu vurgulad\u0131.<\/p>\n<p>G\u00f6r\u00fc\u015fmede ya\u015fanan sel felaketiyle ilgili bilgi veren \u00c7alikidis, b\u00f6lge halk\u0131n\u0131n zararlar\u0131n\u0131n bir an \u00f6nce kar\u015f\u0131lanmas\u0131 i\u00e7in ilgili birimin yapaca\u011f\u0131 incelemeyle ilgili sonucu en h\u0131zl\u0131 \u015fekilde bakanl\u0131\u011fa iletece\u011fini s\u00f6zlerine ekledi.<\/p>\n<p>B\u00f6lgede incelemelerde bulunan ekibin sorumluluklar\u0131 aras\u0131nda, do\u011fal afetlerde zarar g\u00f6ren ev, i\u015f yeri veya depo gibi binalar\u0131n yeniden kullan\u0131l\u0131r hale gelmesi yer al\u0131yor.<\/p>\n<p>Alpyap\u0131 ve Ula\u015ft\u0131rma Bakanl\u0131\u011f\u0131\u2019n\u0131n ekibi, d\u00fcn Kozlukebir ile \u015eap\u00e7\u0131 \u2013 Maronya belediyesine ba\u011fl\u0131 k\u00f6ylerde de incelemelerde bulun<\/p>\n","protected":false},"excerpt":{"rendered":"<p>Altyap\u0131 ve Ula\u015ft\u0131rma Bakanl\u0131\u011f\u0131\u2019n\u0131n do\u011fal afetlerle ilgili birimi, b\u00f6lgede inceleme yapmak \u00fczere Rodop iline geldi. Bakanl\u0131k yetkilileri, daha \u00f6nce de sel felaketinden etkilenen Evros ilinde incelemelerde bulundular. Bakanl\u0131k yetkilileri, d\u00fcn Rodop \u0130linden Sorumlu Eyalet Ba\u015fkan Yard\u0131mc\u0131s\u0131 Nikos \u00c7alikidis ile bir araya geldiler. Eyaletteki toplant\u0131ya eyalet ba\u015fkan yard\u0131mc\u0131lar\u0131 Ahmet \u0130bram ile Cihan \u0130mamo\u011flu da kat\u0131ld\u0131. \u00c7alikidis, &hellip;<\/p>\n","protected":false},"author":1,"featured_media":31065,"comment_status":"open","ping_status":"open","sticky":false,"template":"","format":"standard","meta":{"footnotes":""},"categories":[24],"tags":[384],"class_list":["post-31064","post","type-post","status-publish","format-standard","has-post-thumbnail","hentry","category-bati-trakyam-haber","tag-sel"],"yoast_head":"<!-- This site is optimized with the Yoast SEO Premium plugin v26.3 (Yoast SEO v27.3) - https:\/\/yoast.com\/product\/yoast-seo-premium-wordpress\/ -->\n<title>Bakanl\u0131k yetkilileri Bat\u0131 Trakya&#039;da afet b\u00f6lgelerinde incelemelerde bulundu... - Bat\u0131 Trakya Haber<\/title>\n<meta name=\"robots\" content=\"index, follow, max-snippet:-1, max-image-preview:large, max-video-preview:-1\" \/>\n<link rel=\"canonical\" href=\"https:\/\/batitrakya.live\/index.php\/bakanlik-yetkilileri-bati-trakyada-afet-bolgelerinde-incelemelerde-bulundu\/\" \/>\n<meta property=\"og:locale\" content=\"tr_TR\" \/>\n<meta property=\"og:type\" content=\"article\" \/>\n<meta property=\"og:title\" content=\"Bakanl\u0131k yetkilileri Bat\u0131 Trakya&#039;da afet b\u00f6lgelerinde incelemelerde bulundu...\" \/>\n<meta property=\"og:description\" content=\"Altyap\u0131 ve Ula\u015ft\u0131rma Bakanl\u0131\u011f\u0131\u2019n\u0131n do\u011fal afetlerle ilgili birimi, b\u00f6lgede inceleme yapmak \u00fczere Rodop iline geldi. Bakanl\u0131k yetkilileri, daha \u00f6nce de sel felaketinden etkilenen Evros ilinde incelemelerde bulundular. Bakanl\u0131k yetkilileri, d\u00fcn Rodop \u0130linden Sorumlu Eyalet Ba\u015fkan Yard\u0131mc\u0131s\u0131 Nikos \u00c7alikidis ile bir araya geldiler. Eyaletteki toplant\u0131ya eyalet ba\u015fkan yard\u0131mc\u0131lar\u0131 Ahmet \u0130bram ile Cihan \u0130mamo\u011flu da kat\u0131ld\u0131. \u00c7alikidis, &hellip;\" \/>\n<meta property=\"og:url\" content=\"https:\/\/batitrakya.live\/index.php\/bakanlik-yetkilileri-bati-trakyada-afet-bolgelerinde-incelemelerde-bulundu\/\" \/>\n<meta property=\"og:site_name\" content=\"Bat\u0131 Trakya Haber\" \/>\n<meta property=\"article:published_time\" content=\"2021-01-22T17:16:44+00:00\" \/>\n<meta property=\"og:image\" content=\"https:\/\/batitrakya.live\/wp-content\/uploads\/2021\/01\/eyalet.jpg\" \/>\n\t<meta property=\"og:image:width\" content=\"720\" \/>\n\t<meta property=\"og:image:height\" content=\"348\" \/>\n\t<meta property=\"og:image:type\" content=\"image\/jpeg\" \/>\n<meta name=\"author\" content=\"tamer\" \/>\n<meta name=\"twitter:card\" content=\"summary_large_image\" \/>\n<meta name=\"twitter:label1\" content=\"Yazan:\" \/>\n\t<meta name=\"twitter:data1\" content=\"tamer\" \/>\n\t<meta name=\"twitter:label2\" content=\"Tahmini okuma s\u00fcresi\" \/>\n\t<meta name=\"twitter:data2\" content=\"1 dakika\" \/>\n<script type=\"application\/ld+json\" class=\"yoast-schema-graph\">{\"@context\":\"https:\\\/\\\/schema.org\",\"@graph\":[{\"@type\":\"Article\",\"@id\":\"https:\\\/\\\/batitrakya.live\\\/index.php\\\/bakanlik-yetkilileri-bati-trakyada-afet-bolgelerinde-incelemelerde-bulundu\\\/#article\",\"isPartOf\":{\"@id\":\"https:\\\/\\\/batitrakya.live\\\/index.php\\\/bakanlik-yetkilileri-bati-trakyada-afet-bolgelerinde-incelemelerde-bulundu\\\/\"},\"author\":{\"name\":\"tamer\",\"@id\":\"https:\\\/\\\/batitrakya.live\\\/#\\\/schema\\\/person\\\/61b86abbc19e5fa0bbc3059670546fe5\"},\"headline\":\"Bakanl\u0131k yetkilileri Bat\u0131 Trakya&#8217;da afet b\u00f6lgelerinde incelemelerde bulundu&#8230;\",\"datePublished\":\"2021-01-22T17:16:44+00:00\",\"mainEntityOfPage\":{\"@id\":\"https:\\\/\\\/batitrakya.live\\\/index.php\\\/bakanlik-yetkilileri-bati-trakyada-afet-bolgelerinde-incelemelerde-bulundu\\\/\"},\"wordCount\":211,\"commentCount\":0,\"image\":{\"@id\":\"https:\\\/\\\/batitrakya.live\\\/index.php\\\/bakanlik-yetkilileri-bati-trakyada-afet-bolgelerinde-incelemelerde-bulundu\\\/#primaryimage\"},\"thumbnailUrl\":\"https:\\\/\\\/batitrakya.live\\\/wp-content\\\/uploads\\\/2021\\\/01\\\/eyalet.jpg\",\"keywords\":[\"Sel\"],\"articleSection\":[\"Bat\u0131 Trakyam Haber\"],\"inLanguage\":\"tr\",\"potentialAction\":[{\"@type\":\"CommentAction\",\"name\":\"Comment\",\"target\":[\"https:\\\/\\\/batitrakya.live\\\/index.php\\\/bakanlik-yetkilileri-bati-trakyada-afet-bolgelerinde-incelemelerde-bulundu\\\/#respond\"]}],\"copyrightYear\":\"2021\",\"copyrightHolder\":{\"@id\":\"https:\\\/\\\/batitrakya.live\\\/#organization\"}},{\"@type\":\"WebPage\",\"@id\":\"https:\\\/\\\/batitrakya.live\\\/index.php\\\/bakanlik-yetkilileri-bati-trakyada-afet-bolgelerinde-incelemelerde-bulundu\\\/\",\"url\":\"https:\\\/\\\/batitrakya.live\\\/index.php\\\/bakanlik-yetkilileri-bati-trakyada-afet-bolgelerinde-incelemelerde-bulundu\\\/\",\"name\":\"Bakanl\u0131k yetkilileri Bat\u0131 Trakya'da afet b\u00f6lgelerinde incelemelerde bulundu... - Bat\u0131 Trakya Haber\",\"isPartOf\":{\"@id\":\"https:\\\/\\\/batitrakya.live\\\/#website\"},\"primaryImageOfPage\":{\"@id\":\"https:\\\/\\\/batitrakya.live\\\/index.php\\\/bakanlik-yetkilileri-bati-trakyada-afet-bolgelerinde-incelemelerde-bulundu\\\/#primaryimage\"},\"image\":{\"@id\":\"https:\\\/\\\/batitrakya.live\\\/index.php\\\/bakanlik-yetkilileri-bati-trakyada-afet-bolgelerinde-incelemelerde-bulundu\\\/#primaryimage\"},\"thumbnailUrl\":\"https:\\\/\\\/batitrakya.live\\\/wp-content\\\/uploads\\\/2021\\\/01\\\/eyalet.jpg\",\"datePublished\":\"2021-01-22T17:16:44+00:00\",\"author\":{\"@id\":\"https:\\\/\\\/batitrakya.live\\\/#\\\/schema\\\/person\\\/61b86abbc19e5fa0bbc3059670546fe5\"},\"breadcrumb\":{\"@id\":\"https:\\\/\\\/batitrakya.live\\\/index.php\\\/bakanlik-yetkilileri-bati-trakyada-afet-bolgelerinde-incelemelerde-bulundu\\\/#breadcrumb\"},\"inLanguage\":\"tr\",\"potentialAction\":[{\"@type\":\"ReadAction\",\"target\":[\"https:\\\/\\\/batitrakya.live\\\/index.php\\\/bakanlik-yetkilileri-bati-trakyada-afet-bolgelerinde-incelemelerde-bulundu\\\/\"]}]},{\"@type\":\"ImageObject\",\"inLanguage\":\"tr\",\"@id\":\"https:\\\/\\\/batitrakya.live\\\/index.php\\\/bakanlik-yetkilileri-bati-trakyada-afet-bolgelerinde-incelemelerde-bulundu\\\/#primaryimage\",\"url\":\"https:\\\/\\\/batitrakya.live\\\/wp-content\\\/uploads\\\/2021\\\/01\\\/eyalet.jpg\",\"contentUrl\":\"https:\\\/\\\/batitrakya.live\\\/wp-content\\\/uploads\\\/2021\\\/01\\\/eyalet.jpg\",\"width\":720,\"height\":348},{\"@type\":\"BreadcrumbList\",\"@id\":\"https:\\\/\\\/batitrakya.live\\\/index.php\\\/bakanlik-yetkilileri-bati-trakyada-afet-bolgelerinde-incelemelerde-bulundu\\\/#breadcrumb\",\"itemListElement\":[{\"@type\":\"ListItem\",\"position\":1,\"name\":\"Anasayfa\",\"item\":\"https:\\\/\\\/batitrakya.live\\\/\"},{\"@type\":\"ListItem\",\"position\":2,\"name\":\"Bakanl\u0131k yetkilileri Bat\u0131 Trakya&#8217;da afet b\u00f6lgelerinde incelemelerde bulundu&#8230;\"}]},{\"@type\":\"WebSite\",\"@id\":\"https:\\\/\\\/batitrakya.live\\\/#website\",\"url\":\"https:\\\/\\\/batitrakya.live\\\/\",\"name\":\"Bat\u0131 Trakya Haber\",\"description\":\"Bat\u0131 Trakyan\u0131n internetteki sesi..\",\"potentialAction\":[{\"@type\":\"SearchAction\",\"target\":{\"@type\":\"EntryPoint\",\"urlTemplate\":\"https:\\\/\\\/batitrakya.live\\\/?s={search_term_string}\"},\"query-input\":{\"@type\":\"PropertyValueSpecification\",\"valueRequired\":true,\"valueName\":\"search_term_string\"}}],\"inLanguage\":\"tr\"},{\"@type\":\"Person\",\"@id\":\"https:\\\/\\\/batitrakya.live\\\/#\\\/schema\\\/person\\\/61b86abbc19e5fa0bbc3059670546fe5\",\"name\":\"tamer\",\"image\":{\"@type\":\"ImageObject\",\"inLanguage\":\"tr\",\"@id\":\"https:\\\/\\\/secure.gravatar.com\\\/avatar\\\/60b0ff14c4376999cea9565d28b91fc61ff0f727c28cd083506a6d83ad6df9c9?s=96&d=mm&r=g\",\"url\":\"https:\\\/\\\/secure.gravatar.com\\\/avatar\\\/60b0ff14c4376999cea9565d28b91fc61ff0f727c28cd083506a6d83ad6df9c9?s=96&d=mm&r=g\",\"contentUrl\":\"https:\\\/\\\/secure.gravatar.com\\\/avatar\\\/60b0ff14c4376999cea9565d28b91fc61ff0f727c28cd083506a6d83ad6df9c9?s=96&d=mm&r=g\",\"caption\":\"tamer\"},\"sameAs\":[\"https:\\\/\\\/batitrakya.live\"],\"url\":\"https:\\\/\\\/batitrakya.live\\\/index.php\\\/author\\\/tamer\\\/\"}]}<\/script>\n<!-- \/ Yoast SEO Premium plugin. -->","yoast_head_json":{"title":"Bakanl\u0131k yetkilileri Bat\u0131 Trakya'da afet b\u00f6lgelerinde incelemelerde bulundu... - Bat\u0131 Trakya Haber","robots":{"index":"index","follow":"follow","max-snippet":"max-snippet:-1","max-image-preview":"max-image-preview:large","max-video-preview":"max-video-preview:-1"},"canonical":"https:\/\/batitrakya.live\/index.php\/bakanlik-yetkilileri-bati-trakyada-afet-bolgelerinde-incelemelerde-bulundu\/","og_locale":"tr_TR","og_type":"article","og_title":"Bakanl\u0131k yetkilileri Bat\u0131 Trakya'da afet b\u00f6lgelerinde incelemelerde bulundu...","og_description":"Altyap\u0131 ve Ula\u015ft\u0131rma Bakanl\u0131\u011f\u0131\u2019n\u0131n do\u011fal afetlerle ilgili birimi, b\u00f6lgede inceleme yapmak \u00fczere Rodop iline geldi. Bakanl\u0131k yetkilileri, daha \u00f6nce de sel felaketinden etkilenen Evros ilinde incelemelerde bulundular. Bakanl\u0131k yetkilileri, d\u00fcn Rodop \u0130linden Sorumlu Eyalet Ba\u015fkan Yard\u0131mc\u0131s\u0131 Nikos \u00c7alikidis ile bir araya geldiler. Eyaletteki toplant\u0131ya eyalet ba\u015fkan yard\u0131mc\u0131lar\u0131 Ahmet \u0130bram ile Cihan \u0130mamo\u011flu da kat\u0131ld\u0131. \u00c7alikidis, &hellip;","og_url":"https:\/\/batitrakya.live\/index.php\/bakanlik-yetkilileri-bati-trakyada-afet-bolgelerinde-incelemelerde-bulundu\/","og_site_name":"Bat\u0131 Trakya Haber","article_published_time":"2021-01-22T17:16:44+00:00","og_image":[{"width":720,"height":348,"url":"https:\/\/batitrakya.live\/wp-content\/uploads\/2021\/01\/eyalet.jpg","type":"image\/jpeg"}],"author":"tamer","twitter_card":"summary_large_image","twitter_misc":{"Yazan:":"tamer","Tahmini okuma s\u00fcresi":"1 dakika"},"schema":{"@context":"https:\/\/schema.org","@graph":[{"@type":"Article","@id":"https:\/\/batitrakya.live\/index.php\/bakanlik-yetkilileri-bati-trakyada-afet-bolgelerinde-incelemelerde-bulundu\/#article","isPartOf":{"@id":"https:\/\/batitrakya.live\/index.php\/bakanlik-yetkilileri-bati-trakyada-afet-bolgelerinde-incelemelerde-bulundu\/"},"author":{"name":"tamer","@id":"https:\/\/batitrakya.live\/#\/schema\/person\/61b86abbc19e5fa0bbc3059670546fe5"},"headline":"Bakanl\u0131k yetkilileri Bat\u0131 Trakya&#8217;da afet b\u00f6lgelerinde incelemelerde bulundu&#8230;","datePublished":"2021-01-22T17:16:44+00:00","mainEntityOfPage":{"@id":"https:\/\/batitrakya.live\/index.php\/bakanlik-yetkilileri-bati-trakyada-afet-bolgelerinde-incelemelerde-bulundu\/"},"wordCount":211,"commentCount":0,"image":{"@id":"https:\/\/batitrakya.live\/index.php\/bakanlik-yetkilileri-bati-trakyada-afet-bolgelerinde-incelemelerde-bulundu\/#primaryimage"},"thumbnailUrl":"https:\/\/batitrakya.live\/wp-content\/uploads\/2021\/01\/eyalet.jpg","keywords":["Sel"],"articleSection":["Bat\u0131 Trakyam Haber"],"inLanguage":"tr","potentialAction":[{"@type":"CommentAction","name":"Comment","target":["https:\/\/batitrakya.live\/index.php\/bakanlik-yetkilileri-bati-trakyada-afet-bolgelerinde-incelemelerde-bulundu\/#respond"]}],"copyrightYear":"2021","copyrightHolder":{"@id":"https:\/\/batitrakya.live\/#organization"}},{"@type":"WebPage","@id":"https:\/\/batitrakya.live\/index.php\/bakanlik-yetkilileri-bati-trakyada-afet-bolgelerinde-incelemelerde-bulundu\/","url":"https:\/\/batitrakya.live\/index.php\/bakanlik-yetkilileri-bati-trakyada-afet-bolgelerinde-incelemelerde-bulundu\/","name":"Bakanl\u0131k yetkilileri Bat\u0131 Trakya'da afet b\u00f6lgelerinde incelemelerde bulundu... - Bat\u0131 Trakya Haber","isPartOf":{"@id":"https:\/\/batitrakya.live\/#website"},"primaryImageOfPage":{"@id":"https:\/\/batitrakya.live\/index.php\/bakanlik-yetkilileri-bati-trakyada-afet-bolgelerinde-incelemelerde-bulundu\/#primaryimage"},"image":{"@id":"https:\/\/batitrakya.live\/index.php\/bakanlik-yetkilileri-bati-trakyada-afet-bolgelerinde-incelemelerde-bulundu\/#primaryimage"},"thumbnailUrl":"https:\/\/batitrakya.live\/wp-content\/uploads\/2021\/01\/eyalet.jpg","datePublished":"2021-01-22T17:16:44+00:00","author":{"@id":"https:\/\/batitrakya.live\/#\/schema\/person\/61b86abbc19e5fa0bbc3059670546fe5"},"breadcrumb":{"@id":"https:\/\/batitrakya.live\/index.php\/bakanlik-yetkilileri-bati-trakyada-afet-bolgelerinde-incelemelerde-bulundu\/#breadcrumb"},"inLanguage":"tr","potentialAction":[{"@type":"ReadAction","target":["https:\/\/batitrakya.live\/index.php\/bakanlik-yetkilileri-bati-trakyada-afet-bolgelerinde-incelemelerde-bulundu\/"]}]},{"@type":"ImageObject","inLanguage":"tr","@id":"https:\/\/batitrakya.live\/index.php\/bakanlik-yetkilileri-bati-trakyada-afet-bolgelerinde-incelemelerde-bulundu\/#primaryimage","url":"https:\/\/batitrakya.live\/wp-content\/uploads\/2021\/01\/eyalet.jpg","contentUrl":"https:\/\/batitrakya.live\/wp-content\/uploads\/2021\/01\/eyalet.jpg","width":720,"height":348},{"@type":"BreadcrumbList","@id":"https:\/\/batitrakya.live\/index.php\/bakanlik-yetkilileri-bati-trakyada-afet-bolgelerinde-incelemelerde-bulundu\/#breadcrumb","itemListElement":[{"@type":"ListItem","position":1,"name":"Anasayfa","item":"https:\/\/batitrakya.live\/"},{"@type":"ListItem","position":2,"name":"Bakanl\u0131k yetkilileri Bat\u0131 Trakya&#8217;da afet b\u00f6lgelerinde incelemelerde bulundu&#8230;"}]},{"@type":"WebSite","@id":"https:\/\/batitrakya.live\/#website","url":"https:\/\/batitrakya.live\/","name":"Bat\u0131 Trakya Haber","description":"Bat\u0131 Trakyan\u0131n internetteki sesi..","potentialAction":[{"@type":"SearchAction","target":{"@type":"EntryPoint","urlTemplate":"https:\/\/batitrakya.live\/?s={search_term_string}"},"query-input":{"@type":"PropertyValueSpecification","valueRequired":true,"valueName":"search_term_string"}}],"inLanguage":"tr"},{"@type":"Person","@id":"https:\/\/batitrakya.live\/#\/schema\/person\/61b86abbc19e5fa0bbc3059670546fe5","name":"tamer","image":{"@type":"ImageObject","inLanguage":"tr","@id":"https:\/\/secure.gravatar.com\/avatar\/60b0ff14c4376999cea9565d28b91fc61ff0f727c28cd083506a6d83ad6df9c9?s=96&d=mm&r=g","url":"https:\/\/secure.gravatar.com\/avatar\/60b0ff14c4376999cea9565d28b91fc61ff0f727c28cd083506a6d83ad6df9c9?s=96&d=mm&r=g","contentUrl":"https:\/\/secure.gravatar.com\/avatar\/60b0ff14c4376999cea9565d28b91fc61ff0f727c28cd083506a6d83ad6df9c9?s=96&d=mm&r=g","caption":"tamer"},"sameAs":["https:\/\/batitrakya.live"],"url":"https:\/\/batitrakya.live\/index.php\/author\/tamer\/"}]}},"_links":{"self":[{"href":"https:\/\/batitrakya.live\/index.php\/wp-json\/wp\/v2\/posts\/31064","targetHints":{"allow":["GET"]}}],"collection":[{"href":"https:\/\/batitrakya.live\/index.php\/wp-json\/wp\/v2\/posts"}],"about":[{"href":"https:\/\/batitrakya.live\/index.php\/wp-json\/wp\/v2\/types\/post"}],"author":[{"embeddable":true,"href":"https:\/\/batitrakya.live\/index.php\/wp-json\/wp\/v2\/users\/1"}],"replies":[{"embeddable":true,"href":"https:\/\/batitrakya.live\/index.php\/wp-json\/wp\/v2\/comments?post=31064"}],"version-history":[{"count":0,"href":"https:\/\/batitrakya.live\/index.php\/wp-json\/wp\/v2\/posts\/31064\/revisions"}],"wp:featuredmedia":[{"embeddable":true,"href":"https:\/\/batitrakya.live\/index.php\/wp-json\/wp\/v2\/media\/31065"}],"wp:attachment":[{"href":"https:\/\/batitrakya.live\/index.php\/wp-json\/wp\/v2\/media?parent=31064"}],"wp:term":[{"taxonomy":"category","embeddable":true,"href":"https:\/\/batitrakya.live\/index.php\/wp-json\/wp\/v2\/categories?post=31064"},{"taxonomy":"post_tag","embeddable":true,"href":"https:\/\/batitrakya.live\/index.php\/wp-json\/wp\/v2\/tags?post=31064"}],"curies":[{"name":"wp","href":"https:\/\/api.w.org\/{rel}","templated":true}]}}