{"id":31060,"date":"2021-01-22T16:43:31","date_gmt":"2021-01-22T15:43:31","guid":{"rendered":"https:\/\/batitrakya.live\/?p=31060"},"modified":"2021-01-22T16:43:31","modified_gmt":"2021-01-22T15:43:31","slug":"askerlik-suresinin-12-aya-cikarildigi-aciklandi","status":"publish","type":"post","link":"https:\/\/batitrakya.live\/index.php\/askerlik-suresinin-12-aya-cikarildigi-aciklandi\/","title":{"rendered":"Askerlik s\u00fcresinin 12 aya \u00e7\u0131kar\u0131ld\u0131\u011f\u0131  a\u00e7\u0131kland\u0131&#8230;"},"content":{"rendered":"<p>Milli Savunma Bakan\u0131 Nikos Panagiotopulos, ordudaki askerlik s\u00fcresinin 12 aya \u00e7\u0131kar\u0131ld\u0131\u011f\u0131n\u0131 a\u00e7\u0131klayarak, ilgili bakanl\u0131k karar\u0131n\u0131n yak\u0131n zamanda a\u00e7\u0131klanaca\u011f\u0131n\u0131 duyurdu.<\/p>\n<p>Yeni d\u00fczenlemeler May\u0131s ay\u0131nda y\u00fcr\u00fcrl\u00fc\u011fe girecek ve halihaz\u0131rda g\u00f6rev s\u00fcrelerine hizmet edenlere uygulanmayacak. S\u00fcre sadece orduda s\u0131n\u0131r b\u00f6lgelerinde g\u00f6rev yapanlar i\u00e7in 9 ayda kal\u0131yor.<\/p>\n<p>Milli Savunma Bakan\u0131 Panagiotopulos, 21 Ocak 2021 Per\u015fembe g\u00fcn\u00fc yapt\u0131\u011f\u0131 a\u00e7\u0131klamada \u015fu ifadelere yer verdi:<\/p>\n<ul>\n<li>-Astsubay ve Subay askeri okullar\u0131na giri\u015f yapan \u00f6\u011frenci say\u0131s\u0131n\u0131n art\u0131r\u0131lmas\u0131.<\/li>\n<li>-Silahl\u0131 Kuvvetlere profesyonel paral\u0131 askerlerin istihdam edilmesi.<\/li>\n<\/ul>\n<p>Ayr\u0131ca yak\u0131n gelecekte \u00e7\u0131kar\u0131lacak Bakanlar Kurulu Karar\u0131 ile Deniz, Kara ve Hava kuvvetlerinde askerlik s\u00fcresinin uzat\u0131lmas\u0131 y\u00fcr\u00fcrl\u00fc\u011fe girecek.<\/p>\n<p>Yeni uygulama \u015fu an askerlik g\u00f6revini yapanlar\u0131 kapsamamaktad\u0131r. Onlar i\u00e7in 9 ay uygulamas\u0131 ge\u00e7erlili\u011fini koruyor. 12 ayl\u0131k askerlik s\u00fcresinin uygulamas\u0131 2021 y\u0131l\u0131 May\u0131s ay\u0131ndan itibaren ba\u015flayacak ve May\u0131s ay\u0131nda k\u0131\u015flalara giri\u015f yapanlar 12 ay askerlik yapacak. Bu yeni uygulamayla kara, hava ve deniz kuvvetlerinde art\u0131k askerlik s\u00fcresi e\u015fit hale getirildi.<\/p>\n<p>Ayr\u0131ca, Kara, Deniz ve Hava Kuvvetlerinin \u00f6zel operasyonel ve co\u011frafi \u00f6zelliklere sahip belirli birimlerinde askerlik g\u00f6revini yapmak isteyenlere, askerlik s\u00fcresi boyunca ayn\u0131 birimde kalmalar\u0131 ko\u015fuluyla dokuz ayl\u0131k askerlik yapma imkan\u0131 tan\u0131nmaktad\u0131r.<\/p>\n","protected":false},"excerpt":{"rendered":"<p>Milli Savunma Bakan\u0131 Nikos Panagiotopulos, ordudaki askerlik s\u00fcresinin 12 aya \u00e7\u0131kar\u0131ld\u0131\u011f\u0131n\u0131 a\u00e7\u0131klayarak, ilgili bakanl\u0131k karar\u0131n\u0131n yak\u0131n zamanda a\u00e7\u0131klanaca\u011f\u0131n\u0131 duyurdu. Yeni d\u00fczenlemeler May\u0131s ay\u0131nda y\u00fcr\u00fcrl\u00fc\u011fe girecek ve halihaz\u0131rda g\u00f6rev s\u00fcrelerine hizmet edenlere uygulanmayacak. S\u00fcre sadece orduda s\u0131n\u0131r b\u00f6lgelerinde g\u00f6rev yapanlar i\u00e7in 9 ayda kal\u0131yor. Milli Savunma Bakan\u0131 Panagiotopulos, 21 Ocak 2021 Per\u015fembe g\u00fcn\u00fc yapt\u0131\u011f\u0131 a\u00e7\u0131klamada \u015fu &hellip;<\/p>\n","protected":false},"author":1,"featured_media":31061,"comment_status":"open","ping_status":"open","sticky":false,"template":"","format":"standard","meta":{"footnotes":""},"categories":[57],"tags":[177],"class_list":["post-31060","post","type-post","status-publish","format-standard","has-post-thumbnail","hentry","category-yunanistan","tag-yunan-askeri"],"yoast_head":"<!-- This site is optimized with the Yoast SEO Premium plugin v26.3 (Yoast SEO v27.3) - https:\/\/yoast.com\/product\/yoast-seo-premium-wordpress\/ -->\n<title>Askerlik s\u00fcresinin 12 aya \u00e7\u0131kar\u0131ld\u0131\u011f\u0131 a\u00e7\u0131kland\u0131... - Bat\u0131 Trakya Haber<\/title>\n<meta name=\"robots\" content=\"index, follow, max-snippet:-1, max-image-preview:large, max-video-preview:-1\" \/>\n<link rel=\"canonical\" href=\"https:\/\/batitrakya.live\/index.php\/askerlik-suresinin-12-aya-cikarildigi-aciklandi\/\" \/>\n<meta property=\"og:locale\" content=\"tr_TR\" \/>\n<meta property=\"og:type\" content=\"article\" \/>\n<meta property=\"og:title\" content=\"Askerlik s\u00fcresinin 12 aya \u00e7\u0131kar\u0131ld\u0131\u011f\u0131 a\u00e7\u0131kland\u0131...\" \/>\n<meta property=\"og:description\" content=\"Milli Savunma Bakan\u0131 Nikos Panagiotopulos, ordudaki askerlik s\u00fcresinin 12 aya \u00e7\u0131kar\u0131ld\u0131\u011f\u0131n\u0131 a\u00e7\u0131klayarak, ilgili bakanl\u0131k karar\u0131n\u0131n yak\u0131n zamanda a\u00e7\u0131klanaca\u011f\u0131n\u0131 duyurdu. Yeni d\u00fczenlemeler May\u0131s ay\u0131nda y\u00fcr\u00fcrl\u00fc\u011fe girecek ve halihaz\u0131rda g\u00f6rev s\u00fcrelerine hizmet edenlere uygulanmayacak. S\u00fcre sadece orduda s\u0131n\u0131r b\u00f6lgelerinde g\u00f6rev yapanlar i\u00e7in 9 ayda kal\u0131yor. Milli Savunma Bakan\u0131 Panagiotopulos, 21 Ocak 2021 Per\u015fembe g\u00fcn\u00fc yapt\u0131\u011f\u0131 a\u00e7\u0131klamada \u015fu &hellip;\" \/>\n<meta property=\"og:url\" content=\"https:\/\/batitrakya.live\/index.php\/askerlik-suresinin-12-aya-cikarildigi-aciklandi\/\" \/>\n<meta property=\"og:site_name\" content=\"Bat\u0131 Trakya Haber\" \/>\n<meta property=\"article:published_time\" content=\"2021-01-22T15:43:31+00:00\" \/>\n<meta property=\"og:image\" content=\"https:\/\/batitrakya.live\/wp-content\/uploads\/2021\/01\/yunan_askeri1.jpg\" \/>\n\t<meta property=\"og:image:width\" content=\"720\" \/>\n\t<meta property=\"og:image:height\" content=\"348\" \/>\n\t<meta property=\"og:image:type\" content=\"image\/jpeg\" \/>\n<meta name=\"author\" content=\"tamer\" \/>\n<meta name=\"twitter:card\" content=\"summary_large_image\" \/>\n<meta name=\"twitter:label1\" content=\"Yazan:\" \/>\n\t<meta name=\"twitter:data1\" content=\"tamer\" \/>\n\t<meta name=\"twitter:label2\" content=\"Tahmini okuma s\u00fcresi\" \/>\n\t<meta name=\"twitter:data2\" content=\"1 dakika\" \/>\n<script type=\"application\/ld+json\" class=\"yoast-schema-graph\">{\"@context\":\"https:\\\/\\\/schema.org\",\"@graph\":[{\"@type\":\"Article\",\"@id\":\"https:\\\/\\\/batitrakya.live\\\/index.php\\\/askerlik-suresinin-12-aya-cikarildigi-aciklandi\\\/#article\",\"isPartOf\":{\"@id\":\"https:\\\/\\\/batitrakya.live\\\/index.php\\\/askerlik-suresinin-12-aya-cikarildigi-aciklandi\\\/\"},\"author\":{\"name\":\"tamer\",\"@id\":\"https:\\\/\\\/batitrakya.live\\\/#\\\/schema\\\/person\\\/61b86abbc19e5fa0bbc3059670546fe5\"},\"headline\":\"Askerlik s\u00fcresinin 12 aya \u00e7\u0131kar\u0131ld\u0131\u011f\u0131 a\u00e7\u0131kland\u0131&#8230;\",\"datePublished\":\"2021-01-22T15:43:31+00:00\",\"mainEntityOfPage\":{\"@id\":\"https:\\\/\\\/batitrakya.live\\\/index.php\\\/askerlik-suresinin-12-aya-cikarildigi-aciklandi\\\/\"},\"wordCount\":242,\"commentCount\":0,\"image\":{\"@id\":\"https:\\\/\\\/batitrakya.live\\\/index.php\\\/askerlik-suresinin-12-aya-cikarildigi-aciklandi\\\/#primaryimage\"},\"thumbnailUrl\":\"https:\\\/\\\/batitrakya.live\\\/wp-content\\\/uploads\\\/2021\\\/01\\\/yunan_askeri1.jpg\",\"keywords\":[\"Yunan Askeri\"],\"articleSection\":[\"Yunanistan Haber\"],\"inLanguage\":\"tr\",\"potentialAction\":[{\"@type\":\"CommentAction\",\"name\":\"Comment\",\"target\":[\"https:\\\/\\\/batitrakya.live\\\/index.php\\\/askerlik-suresinin-12-aya-cikarildigi-aciklandi\\\/#respond\"]}],\"copyrightYear\":\"2021\",\"copyrightHolder\":{\"@id\":\"https:\\\/\\\/batitrakya.live\\\/#organization\"}},{\"@type\":\"WebPage\",\"@id\":\"https:\\\/\\\/batitrakya.live\\\/index.php\\\/askerlik-suresinin-12-aya-cikarildigi-aciklandi\\\/\",\"url\":\"https:\\\/\\\/batitrakya.live\\\/index.php\\\/askerlik-suresinin-12-aya-cikarildigi-aciklandi\\\/\",\"name\":\"Askerlik s\u00fcresinin 12 aya \u00e7\u0131kar\u0131ld\u0131\u011f\u0131 a\u00e7\u0131kland\u0131... - Bat\u0131 Trakya Haber\",\"isPartOf\":{\"@id\":\"https:\\\/\\\/batitrakya.live\\\/#website\"},\"primaryImageOfPage\":{\"@id\":\"https:\\\/\\\/batitrakya.live\\\/index.php\\\/askerlik-suresinin-12-aya-cikarildigi-aciklandi\\\/#primaryimage\"},\"image\":{\"@id\":\"https:\\\/\\\/batitrakya.live\\\/index.php\\\/askerlik-suresinin-12-aya-cikarildigi-aciklandi\\\/#primaryimage\"},\"thumbnailUrl\":\"https:\\\/\\\/batitrakya.live\\\/wp-content\\\/uploads\\\/2021\\\/01\\\/yunan_askeri1.jpg\",\"datePublished\":\"2021-01-22T15:43:31+00:00\",\"author\":{\"@id\":\"https:\\\/\\\/batitrakya.live\\\/#\\\/schema\\\/person\\\/61b86abbc19e5fa0bbc3059670546fe5\"},\"breadcrumb\":{\"@id\":\"https:\\\/\\\/batitrakya.live\\\/index.php\\\/askerlik-suresinin-12-aya-cikarildigi-aciklandi\\\/#breadcrumb\"},\"inLanguage\":\"tr\",\"potentialAction\":[{\"@type\":\"ReadAction\",\"target\":[\"https:\\\/\\\/batitrakya.live\\\/index.php\\\/askerlik-suresinin-12-aya-cikarildigi-aciklandi\\\/\"]}]},{\"@type\":\"ImageObject\",\"inLanguage\":\"tr\",\"@id\":\"https:\\\/\\\/batitrakya.live\\\/index.php\\\/askerlik-suresinin-12-aya-cikarildigi-aciklandi\\\/#primaryimage\",\"url\":\"https:\\\/\\\/batitrakya.live\\\/wp-content\\\/uploads\\\/2021\\\/01\\\/yunan_askeri1.jpg\",\"contentUrl\":\"https:\\\/\\\/batitrakya.live\\\/wp-content\\\/uploads\\\/2021\\\/01\\\/yunan_askeri1.jpg\",\"width\":720,\"height\":348},{\"@type\":\"BreadcrumbList\",\"@id\":\"https:\\\/\\\/batitrakya.live\\\/index.php\\\/askerlik-suresinin-12-aya-cikarildigi-aciklandi\\\/#breadcrumb\",\"itemListElement\":[{\"@type\":\"ListItem\",\"position\":1,\"name\":\"Anasayfa\",\"item\":\"https:\\\/\\\/batitrakya.live\\\/\"},{\"@type\":\"ListItem\",\"position\":2,\"name\":\"Askerlik s\u00fcresinin 12 aya \u00e7\u0131kar\u0131ld\u0131\u011f\u0131 a\u00e7\u0131kland\u0131&#8230;\"}]},{\"@type\":\"WebSite\",\"@id\":\"https:\\\/\\\/batitrakya.live\\\/#website\",\"url\":\"https:\\\/\\\/batitrakya.live\\\/\",\"name\":\"Bat\u0131 Trakya Haber\",\"description\":\"Bat\u0131 Trakyan\u0131n internetteki sesi..\",\"potentialAction\":[{\"@type\":\"SearchAction\",\"target\":{\"@type\":\"EntryPoint\",\"urlTemplate\":\"https:\\\/\\\/batitrakya.live\\\/?s={search_term_string}\"},\"query-input\":{\"@type\":\"PropertyValueSpecification\",\"valueRequired\":true,\"valueName\":\"search_term_string\"}}],\"inLanguage\":\"tr\"},{\"@type\":\"Person\",\"@id\":\"https:\\\/\\\/batitrakya.live\\\/#\\\/schema\\\/person\\\/61b86abbc19e5fa0bbc3059670546fe5\",\"name\":\"tamer\",\"image\":{\"@type\":\"ImageObject\",\"inLanguage\":\"tr\",\"@id\":\"https:\\\/\\\/secure.gravatar.com\\\/avatar\\\/60b0ff14c4376999cea9565d28b91fc61ff0f727c28cd083506a6d83ad6df9c9?s=96&d=mm&r=g\",\"url\":\"https:\\\/\\\/secure.gravatar.com\\\/avatar\\\/60b0ff14c4376999cea9565d28b91fc61ff0f727c28cd083506a6d83ad6df9c9?s=96&d=mm&r=g\",\"contentUrl\":\"https:\\\/\\\/secure.gravatar.com\\\/avatar\\\/60b0ff14c4376999cea9565d28b91fc61ff0f727c28cd083506a6d83ad6df9c9?s=96&d=mm&r=g\",\"caption\":\"tamer\"},\"sameAs\":[\"https:\\\/\\\/batitrakya.live\"],\"url\":\"https:\\\/\\\/batitrakya.live\\\/index.php\\\/author\\\/tamer\\\/\"}]}<\/script>\n<!-- \/ Yoast SEO Premium plugin. -->","yoast_head_json":{"title":"Askerlik s\u00fcresinin 12 aya \u00e7\u0131kar\u0131ld\u0131\u011f\u0131 a\u00e7\u0131kland\u0131... - Bat\u0131 Trakya Haber","robots":{"index":"index","follow":"follow","max-snippet":"max-snippet:-1","max-image-preview":"max-image-preview:large","max-video-preview":"max-video-preview:-1"},"canonical":"https:\/\/batitrakya.live\/index.php\/askerlik-suresinin-12-aya-cikarildigi-aciklandi\/","og_locale":"tr_TR","og_type":"article","og_title":"Askerlik s\u00fcresinin 12 aya \u00e7\u0131kar\u0131ld\u0131\u011f\u0131 a\u00e7\u0131kland\u0131...","og_description":"Milli Savunma Bakan\u0131 Nikos Panagiotopulos, ordudaki askerlik s\u00fcresinin 12 aya \u00e7\u0131kar\u0131ld\u0131\u011f\u0131n\u0131 a\u00e7\u0131klayarak, ilgili bakanl\u0131k karar\u0131n\u0131n yak\u0131n zamanda a\u00e7\u0131klanaca\u011f\u0131n\u0131 duyurdu. Yeni d\u00fczenlemeler May\u0131s ay\u0131nda y\u00fcr\u00fcrl\u00fc\u011fe girecek ve halihaz\u0131rda g\u00f6rev s\u00fcrelerine hizmet edenlere uygulanmayacak. S\u00fcre sadece orduda s\u0131n\u0131r b\u00f6lgelerinde g\u00f6rev yapanlar i\u00e7in 9 ayda kal\u0131yor. Milli Savunma Bakan\u0131 Panagiotopulos, 21 Ocak 2021 Per\u015fembe g\u00fcn\u00fc yapt\u0131\u011f\u0131 a\u00e7\u0131klamada \u015fu &hellip;","og_url":"https:\/\/batitrakya.live\/index.php\/askerlik-suresinin-12-aya-cikarildigi-aciklandi\/","og_site_name":"Bat\u0131 Trakya Haber","article_published_time":"2021-01-22T15:43:31+00:00","og_image":[{"width":720,"height":348,"url":"https:\/\/batitrakya.live\/wp-content\/uploads\/2021\/01\/yunan_askeri1.jpg","type":"image\/jpeg"}],"author":"tamer","twitter_card":"summary_large_image","twitter_misc":{"Yazan:":"tamer","Tahmini okuma s\u00fcresi":"1 dakika"},"schema":{"@context":"https:\/\/schema.org","@graph":[{"@type":"Article","@id":"https:\/\/batitrakya.live\/index.php\/askerlik-suresinin-12-aya-cikarildigi-aciklandi\/#article","isPartOf":{"@id":"https:\/\/batitrakya.live\/index.php\/askerlik-suresinin-12-aya-cikarildigi-aciklandi\/"},"author":{"name":"tamer","@id":"https:\/\/batitrakya.live\/#\/schema\/person\/61b86abbc19e5fa0bbc3059670546fe5"},"headline":"Askerlik s\u00fcresinin 12 aya \u00e7\u0131kar\u0131ld\u0131\u011f\u0131 a\u00e7\u0131kland\u0131&#8230;","datePublished":"2021-01-22T15:43:31+00:00","mainEntityOfPage":{"@id":"https:\/\/batitrakya.live\/index.php\/askerlik-suresinin-12-aya-cikarildigi-aciklandi\/"},"wordCount":242,"commentCount":0,"image":{"@id":"https:\/\/batitrakya.live\/index.php\/askerlik-suresinin-12-aya-cikarildigi-aciklandi\/#primaryimage"},"thumbnailUrl":"https:\/\/batitrakya.live\/wp-content\/uploads\/2021\/01\/yunan_askeri1.jpg","keywords":["Yunan Askeri"],"articleSection":["Yunanistan Haber"],"inLanguage":"tr","potentialAction":[{"@type":"CommentAction","name":"Comment","target":["https:\/\/batitrakya.live\/index.php\/askerlik-suresinin-12-aya-cikarildigi-aciklandi\/#respond"]}],"copyrightYear":"2021","copyrightHolder":{"@id":"https:\/\/batitrakya.live\/#organization"}},{"@type":"WebPage","@id":"https:\/\/batitrakya.live\/index.php\/askerlik-suresinin-12-aya-cikarildigi-aciklandi\/","url":"https:\/\/batitrakya.live\/index.php\/askerlik-suresinin-12-aya-cikarildigi-aciklandi\/","name":"Askerlik s\u00fcresinin 12 aya \u00e7\u0131kar\u0131ld\u0131\u011f\u0131 a\u00e7\u0131kland\u0131... - Bat\u0131 Trakya Haber","isPartOf":{"@id":"https:\/\/batitrakya.live\/#website"},"primaryImageOfPage":{"@id":"https:\/\/batitrakya.live\/index.php\/askerlik-suresinin-12-aya-cikarildigi-aciklandi\/#primaryimage"},"image":{"@id":"https:\/\/batitrakya.live\/index.php\/askerlik-suresinin-12-aya-cikarildigi-aciklandi\/#primaryimage"},"thumbnailUrl":"https:\/\/batitrakya.live\/wp-content\/uploads\/2021\/01\/yunan_askeri1.jpg","datePublished":"2021-01-22T15:43:31+00:00","author":{"@id":"https:\/\/batitrakya.live\/#\/schema\/person\/61b86abbc19e5fa0bbc3059670546fe5"},"breadcrumb":{"@id":"https:\/\/batitrakya.live\/index.php\/askerlik-suresinin-12-aya-cikarildigi-aciklandi\/#breadcrumb"},"inLanguage":"tr","potentialAction":[{"@type":"ReadAction","target":["https:\/\/batitrakya.live\/index.php\/askerlik-suresinin-12-aya-cikarildigi-aciklandi\/"]}]},{"@type":"ImageObject","inLanguage":"tr","@id":"https:\/\/batitrakya.live\/index.php\/askerlik-suresinin-12-aya-cikarildigi-aciklandi\/#primaryimage","url":"https:\/\/batitrakya.live\/wp-content\/uploads\/2021\/01\/yunan_askeri1.jpg","contentUrl":"https:\/\/batitrakya.live\/wp-content\/uploads\/2021\/01\/yunan_askeri1.jpg","width":720,"height":348},{"@type":"BreadcrumbList","@id":"https:\/\/batitrakya.live\/index.php\/askerlik-suresinin-12-aya-cikarildigi-aciklandi\/#breadcrumb","itemListElement":[{"@type":"ListItem","position":1,"name":"Anasayfa","item":"https:\/\/batitrakya.live\/"},{"@type":"ListItem","position":2,"name":"Askerlik s\u00fcresinin 12 aya \u00e7\u0131kar\u0131ld\u0131\u011f\u0131 a\u00e7\u0131kland\u0131&#8230;"}]},{"@type":"WebSite","@id":"https:\/\/batitrakya.live\/#website","url":"https:\/\/batitrakya.live\/","name":"Bat\u0131 Trakya Haber","description":"Bat\u0131 Trakyan\u0131n internetteki sesi..","potentialAction":[{"@type":"SearchAction","target":{"@type":"EntryPoint","urlTemplate":"https:\/\/batitrakya.live\/?s={search_term_string}"},"query-input":{"@type":"PropertyValueSpecification","valueRequired":true,"valueName":"search_term_string"}}],"inLanguage":"tr"},{"@type":"Person","@id":"https:\/\/batitrakya.live\/#\/schema\/person\/61b86abbc19e5fa0bbc3059670546fe5","name":"tamer","image":{"@type":"ImageObject","inLanguage":"tr","@id":"https:\/\/secure.gravatar.com\/avatar\/60b0ff14c4376999cea9565d28b91fc61ff0f727c28cd083506a6d83ad6df9c9?s=96&d=mm&r=g","url":"https:\/\/secure.gravatar.com\/avatar\/60b0ff14c4376999cea9565d28b91fc61ff0f727c28cd083506a6d83ad6df9c9?s=96&d=mm&r=g","contentUrl":"https:\/\/secure.gravatar.com\/avatar\/60b0ff14c4376999cea9565d28b91fc61ff0f727c28cd083506a6d83ad6df9c9?s=96&d=mm&r=g","caption":"tamer"},"sameAs":["https:\/\/batitrakya.live"],"url":"https:\/\/batitrakya.live\/index.php\/author\/tamer\/"}]}},"_links":{"self":[{"href":"https:\/\/batitrakya.live\/index.php\/wp-json\/wp\/v2\/posts\/31060","targetHints":{"allow":["GET"]}}],"collection":[{"href":"https:\/\/batitrakya.live\/index.php\/wp-json\/wp\/v2\/posts"}],"about":[{"href":"https:\/\/batitrakya.live\/index.php\/wp-json\/wp\/v2\/types\/post"}],"author":[{"embeddable":true,"href":"https:\/\/batitrakya.live\/index.php\/wp-json\/wp\/v2\/users\/1"}],"replies":[{"embeddable":true,"href":"https:\/\/batitrakya.live\/index.php\/wp-json\/wp\/v2\/comments?post=31060"}],"version-history":[{"count":0,"href":"https:\/\/batitrakya.live\/index.php\/wp-json\/wp\/v2\/posts\/31060\/revisions"}],"wp:featuredmedia":[{"embeddable":true,"href":"https:\/\/batitrakya.live\/index.php\/wp-json\/wp\/v2\/media\/31061"}],"wp:attachment":[{"href":"https:\/\/batitrakya.live\/index.php\/wp-json\/wp\/v2\/media?parent=31060"}],"wp:term":[{"taxonomy":"category","embeddable":true,"href":"https:\/\/batitrakya.live\/index.php\/wp-json\/wp\/v2\/categories?post=31060"},{"taxonomy":"post_tag","embeddable":true,"href":"https:\/\/batitrakya.live\/index.php\/wp-json\/wp\/v2\/tags?post=31060"}],"curies":[{"name":"wp","href":"https:\/\/api.w.org\/{rel}","templated":true}]}}