{"id":31044,"date":"2021-01-21T18:22:19","date_gmt":"2021-01-21T17:22:19","guid":{"rendered":"https:\/\/batitrakya.live\/?p=31044"},"modified":"2021-01-21T18:22:19","modified_gmt":"2021-01-21T17:22:19","slug":"onder-mumin-asi-ve-dogalgaz-hakkinda-aciklama-yapti","status":"publish","type":"post","link":"https:\/\/batitrakya.live\/index.php\/onder-mumin-asi-ve-dogalgaz-hakkinda-aciklama-yapti\/","title":{"rendered":"\u00d6nder M\u00fcmin, a\u015f\u0131 ve do\u011falgaz hakk\u0131nda a\u00e7\u0131klama yapt\u0131&#8230;"},"content":{"rendered":"<p>Yass\u0131k\u00f6y Belediye Ba\u015fkan\u0131 \u00d6nder M\u00fcmin, yeni tip koronavir\u00fcs (Kovid-19) a\u015f\u0131s\u0131 ve yerle\u015fim birimlerine ba\u011flan\u0131lmas\u0131 talep edilen do\u011falgaz konular\u0131nda a\u00e7\u0131klama yapt\u0131.<\/p>\n<p>\u00d6nder M\u00fcmin, <em><strong>\u201cDe\u011ferli belediye mensuplar\u0131m, zorlu pandemi s\u00fcrecini \u00fclke olarak, belediye olarak yava\u015f yava\u015f atlat\u0131yor g\u00fcnl\u00fck hayat\u0131m\u0131za geri d\u00f6n\u00fcyoruz. Bu ba\u011flamda sizlerden al\u0131nan \u00f6nlemlere riayet g\u00f6stermenizi, uyman\u0131z\u0131 bir kez daha rica ederken, \u015eubat ay\u0131n\u0131n ilk 10 g\u00fcn\u00fc i\u00e7erisinde belediyemiz b\u00fcnyesinde Yass\u0131k\u00f6y Sa\u011fl\u0131k Oca\u011f\u0131nda Covid-19 a\u015f\u0131lar\u0131n\u0131n hizmete sunulaca\u011f\u0131n\u0131, sizlerle payla\u015f\u0131laca\u011f\u0131n\u0131 sizlere bildirmek istiyorum. Ayr\u0131ca, Yass\u0131k\u00f6y merkez ve civar yerle\u015fim birimlerine ba\u011flan\u0131lmas\u0131n\u0131 talep etti\u011fimiz do\u011falgaz vesilesiyle de 25 Ocak 2021 tarihi Pazartesiden itibaren Yass\u0131k\u00f6y Vatanda\u015fa Hizmet Merkezi\u2019ne dilek\u00e7elerinizi yat\u0131rabilirsiniz. Bu ba\u011flamda, Yass\u0131k\u00f6y Belediyesinin resmi sitesinde elektronik platformunda a\u00e7\u0131laca\u011f\u0131n\u0131 sizlerle payla\u015f\u0131yorum. Bu vesile ile toplanacak imzalar\u0131 ilgili bakanl\u0131k ve yetkili kurumlara aktaraca\u011f\u0131z.\u201d<\/strong> <\/em>dedi.<\/p>\n","protected":false},"excerpt":{"rendered":"<p>Yass\u0131k\u00f6y Belediye Ba\u015fkan\u0131 \u00d6nder M\u00fcmin, yeni tip koronavir\u00fcs (Kovid-19) a\u015f\u0131s\u0131 ve yerle\u015fim birimlerine ba\u011flan\u0131lmas\u0131 talep edilen do\u011falgaz konular\u0131nda a\u00e7\u0131klama yapt\u0131. \u00d6nder M\u00fcmin, \u201cDe\u011ferli belediye mensuplar\u0131m, zorlu pandemi s\u00fcrecini \u00fclke olarak, belediye olarak yava\u015f yava\u015f atlat\u0131yor g\u00fcnl\u00fck hayat\u0131m\u0131za geri d\u00f6n\u00fcyoruz. Bu ba\u011flamda sizlerden al\u0131nan \u00f6nlemlere riayet g\u00f6stermenizi, uyman\u0131z\u0131 bir kez daha rica ederken, \u015eubat ay\u0131n\u0131n ilk &hellip;<\/p>\n","protected":false},"author":1,"featured_media":0,"comment_status":"open","ping_status":"open","sticky":false,"template":"","format":"standard","meta":{"footnotes":""},"categories":[24],"tags":[51,39],"class_list":["post-31044","post","type-post","status-publish","format-standard","hentry","category-bati-trakyam-haber","tag-belediye","tag-yassi-koy"],"yoast_head":"<!-- This site is optimized with the Yoast SEO Premium plugin v26.3 (Yoast SEO v27.3) - https:\/\/yoast.com\/product\/yoast-seo-premium-wordpress\/ -->\n<title>\u00d6nder M\u00fcmin, a\u015f\u0131 ve do\u011falgaz hakk\u0131nda a\u00e7\u0131klama yapt\u0131... - Bat\u0131 Trakya Haber<\/title>\n<meta name=\"robots\" content=\"index, follow, max-snippet:-1, max-image-preview:large, max-video-preview:-1\" \/>\n<link rel=\"canonical\" href=\"https:\/\/batitrakya.live\/index.php\/onder-mumin-asi-ve-dogalgaz-hakkinda-aciklama-yapti\/\" \/>\n<meta property=\"og:locale\" content=\"tr_TR\" \/>\n<meta property=\"og:type\" content=\"article\" \/>\n<meta property=\"og:title\" content=\"\u00d6nder M\u00fcmin, a\u015f\u0131 ve do\u011falgaz hakk\u0131nda a\u00e7\u0131klama yapt\u0131...\" \/>\n<meta property=\"og:description\" content=\"Yass\u0131k\u00f6y Belediye Ba\u015fkan\u0131 \u00d6nder M\u00fcmin, yeni tip koronavir\u00fcs (Kovid-19) a\u015f\u0131s\u0131 ve yerle\u015fim birimlerine ba\u011flan\u0131lmas\u0131 talep edilen do\u011falgaz konular\u0131nda a\u00e7\u0131klama yapt\u0131. \u00d6nder M\u00fcmin, \u201cDe\u011ferli belediye mensuplar\u0131m, zorlu pandemi s\u00fcrecini \u00fclke olarak, belediye olarak yava\u015f yava\u015f atlat\u0131yor g\u00fcnl\u00fck hayat\u0131m\u0131za geri d\u00f6n\u00fcyoruz. Bu ba\u011flamda sizlerden al\u0131nan \u00f6nlemlere riayet g\u00f6stermenizi, uyman\u0131z\u0131 bir kez daha rica ederken, \u015eubat ay\u0131n\u0131n ilk &hellip;\" \/>\n<meta property=\"og:url\" content=\"https:\/\/batitrakya.live\/index.php\/onder-mumin-asi-ve-dogalgaz-hakkinda-aciklama-yapti\/\" \/>\n<meta property=\"og:site_name\" content=\"Bat\u0131 Trakya Haber\" \/>\n<meta property=\"article:published_time\" content=\"2021-01-21T17:22:19+00:00\" \/>\n<meta property=\"og:image\" content=\"https:\/\/batitrakya.live\/wp-content\/uploads\/2021\/02\/cropped-aytrakya.png\" \/>\n\t<meta property=\"og:image:width\" content=\"512\" \/>\n\t<meta property=\"og:image:height\" content=\"512\" \/>\n\t<meta property=\"og:image:type\" content=\"image\/png\" \/>\n<meta name=\"author\" content=\"tamer\" \/>\n<meta name=\"twitter:card\" content=\"summary_large_image\" \/>\n<meta name=\"twitter:label1\" content=\"Yazan:\" \/>\n\t<meta name=\"twitter:data1\" content=\"tamer\" \/>\n\t<meta name=\"twitter:label2\" content=\"Tahmini okuma s\u00fcresi\" \/>\n\t<meta name=\"twitter:data2\" content=\"1 dakika\" \/>\n<script type=\"application\/ld+json\" class=\"yoast-schema-graph\">{\"@context\":\"https:\\\/\\\/schema.org\",\"@graph\":[{\"@type\":\"Article\",\"@id\":\"https:\\\/\\\/batitrakya.live\\\/index.php\\\/onder-mumin-asi-ve-dogalgaz-hakkinda-aciklama-yapti\\\/#article\",\"isPartOf\":{\"@id\":\"https:\\\/\\\/batitrakya.live\\\/index.php\\\/onder-mumin-asi-ve-dogalgaz-hakkinda-aciklama-yapti\\\/\"},\"author\":{\"name\":\"tamer\",\"@id\":\"https:\\\/\\\/batitrakya.live\\\/#\\\/schema\\\/person\\\/61b86abbc19e5fa0bbc3059670546fe5\"},\"headline\":\"\u00d6nder M\u00fcmin, a\u015f\u0131 ve do\u011falgaz hakk\u0131nda a\u00e7\u0131klama yapt\u0131&#8230;\",\"datePublished\":\"2021-01-21T17:22:19+00:00\",\"mainEntityOfPage\":{\"@id\":\"https:\\\/\\\/batitrakya.live\\\/index.php\\\/onder-mumin-asi-ve-dogalgaz-hakkinda-aciklama-yapti\\\/\"},\"wordCount\":195,\"commentCount\":0,\"keywords\":[\"Belediye\",\"Yass\u0131 K\u00f6y\"],\"articleSection\":[\"Bat\u0131 Trakyam Haber\"],\"inLanguage\":\"tr\",\"potentialAction\":[{\"@type\":\"CommentAction\",\"name\":\"Comment\",\"target\":[\"https:\\\/\\\/batitrakya.live\\\/index.php\\\/onder-mumin-asi-ve-dogalgaz-hakkinda-aciklama-yapti\\\/#respond\"]}],\"copyrightYear\":\"2021\",\"copyrightHolder\":{\"@id\":\"https:\\\/\\\/batitrakya.live\\\/#organization\"}},{\"@type\":\"WebPage\",\"@id\":\"https:\\\/\\\/batitrakya.live\\\/index.php\\\/onder-mumin-asi-ve-dogalgaz-hakkinda-aciklama-yapti\\\/\",\"url\":\"https:\\\/\\\/batitrakya.live\\\/index.php\\\/onder-mumin-asi-ve-dogalgaz-hakkinda-aciklama-yapti\\\/\",\"name\":\"\u00d6nder M\u00fcmin, a\u015f\u0131 ve do\u011falgaz hakk\u0131nda a\u00e7\u0131klama yapt\u0131... - Bat\u0131 Trakya Haber\",\"isPartOf\":{\"@id\":\"https:\\\/\\\/batitrakya.live\\\/#website\"},\"datePublished\":\"2021-01-21T17:22:19+00:00\",\"author\":{\"@id\":\"https:\\\/\\\/batitrakya.live\\\/#\\\/schema\\\/person\\\/61b86abbc19e5fa0bbc3059670546fe5\"},\"breadcrumb\":{\"@id\":\"https:\\\/\\\/batitrakya.live\\\/index.php\\\/onder-mumin-asi-ve-dogalgaz-hakkinda-aciklama-yapti\\\/#breadcrumb\"},\"inLanguage\":\"tr\",\"potentialAction\":[{\"@type\":\"ReadAction\",\"target\":[\"https:\\\/\\\/batitrakya.live\\\/index.php\\\/onder-mumin-asi-ve-dogalgaz-hakkinda-aciklama-yapti\\\/\"]}]},{\"@type\":\"BreadcrumbList\",\"@id\":\"https:\\\/\\\/batitrakya.live\\\/index.php\\\/onder-mumin-asi-ve-dogalgaz-hakkinda-aciklama-yapti\\\/#breadcrumb\",\"itemListElement\":[{\"@type\":\"ListItem\",\"position\":1,\"name\":\"Anasayfa\",\"item\":\"https:\\\/\\\/batitrakya.live\\\/\"},{\"@type\":\"ListItem\",\"position\":2,\"name\":\"\u00d6nder M\u00fcmin, a\u015f\u0131 ve do\u011falgaz hakk\u0131nda a\u00e7\u0131klama yapt\u0131&#8230;\"}]},{\"@type\":\"WebSite\",\"@id\":\"https:\\\/\\\/batitrakya.live\\\/#website\",\"url\":\"https:\\\/\\\/batitrakya.live\\\/\",\"name\":\"Bat\u0131 Trakya Haber\",\"description\":\"Bat\u0131 Trakyan\u0131n internetteki sesi..\",\"potentialAction\":[{\"@type\":\"SearchAction\",\"target\":{\"@type\":\"EntryPoint\",\"urlTemplate\":\"https:\\\/\\\/batitrakya.live\\\/?s={search_term_string}\"},\"query-input\":{\"@type\":\"PropertyValueSpecification\",\"valueRequired\":true,\"valueName\":\"search_term_string\"}}],\"inLanguage\":\"tr\"},{\"@type\":\"Person\",\"@id\":\"https:\\\/\\\/batitrakya.live\\\/#\\\/schema\\\/person\\\/61b86abbc19e5fa0bbc3059670546fe5\",\"name\":\"tamer\",\"image\":{\"@type\":\"ImageObject\",\"inLanguage\":\"tr\",\"@id\":\"https:\\\/\\\/secure.gravatar.com\\\/avatar\\\/60b0ff14c4376999cea9565d28b91fc61ff0f727c28cd083506a6d83ad6df9c9?s=96&d=mm&r=g\",\"url\":\"https:\\\/\\\/secure.gravatar.com\\\/avatar\\\/60b0ff14c4376999cea9565d28b91fc61ff0f727c28cd083506a6d83ad6df9c9?s=96&d=mm&r=g\",\"contentUrl\":\"https:\\\/\\\/secure.gravatar.com\\\/avatar\\\/60b0ff14c4376999cea9565d28b91fc61ff0f727c28cd083506a6d83ad6df9c9?s=96&d=mm&r=g\",\"caption\":\"tamer\"},\"sameAs\":[\"https:\\\/\\\/batitrakya.live\"],\"url\":\"https:\\\/\\\/batitrakya.live\\\/index.php\\\/author\\\/tamer\\\/\"}]}<\/script>\n<!-- \/ Yoast SEO Premium plugin. -->","yoast_head_json":{"title":"\u00d6nder M\u00fcmin, a\u015f\u0131 ve do\u011falgaz hakk\u0131nda a\u00e7\u0131klama yapt\u0131... - Bat\u0131 Trakya Haber","robots":{"index":"index","follow":"follow","max-snippet":"max-snippet:-1","max-image-preview":"max-image-preview:large","max-video-preview":"max-video-preview:-1"},"canonical":"https:\/\/batitrakya.live\/index.php\/onder-mumin-asi-ve-dogalgaz-hakkinda-aciklama-yapti\/","og_locale":"tr_TR","og_type":"article","og_title":"\u00d6nder M\u00fcmin, a\u015f\u0131 ve do\u011falgaz hakk\u0131nda a\u00e7\u0131klama yapt\u0131...","og_description":"Yass\u0131k\u00f6y Belediye Ba\u015fkan\u0131 \u00d6nder M\u00fcmin, yeni tip koronavir\u00fcs (Kovid-19) a\u015f\u0131s\u0131 ve yerle\u015fim birimlerine ba\u011flan\u0131lmas\u0131 talep edilen do\u011falgaz konular\u0131nda a\u00e7\u0131klama yapt\u0131. \u00d6nder M\u00fcmin, \u201cDe\u011ferli belediye mensuplar\u0131m, zorlu pandemi s\u00fcrecini \u00fclke olarak, belediye olarak yava\u015f yava\u015f atlat\u0131yor g\u00fcnl\u00fck hayat\u0131m\u0131za geri d\u00f6n\u00fcyoruz. Bu ba\u011flamda sizlerden al\u0131nan \u00f6nlemlere riayet g\u00f6stermenizi, uyman\u0131z\u0131 bir kez daha rica ederken, \u015eubat ay\u0131n\u0131n ilk &hellip;","og_url":"https:\/\/batitrakya.live\/index.php\/onder-mumin-asi-ve-dogalgaz-hakkinda-aciklama-yapti\/","og_site_name":"Bat\u0131 Trakya Haber","article_published_time":"2021-01-21T17:22:19+00:00","og_image":[{"width":512,"height":512,"url":"https:\/\/batitrakya.live\/wp-content\/uploads\/2021\/02\/cropped-aytrakya.png","type":"image\/png"}],"author":"tamer","twitter_card":"summary_large_image","twitter_misc":{"Yazan:":"tamer","Tahmini okuma s\u00fcresi":"1 dakika"},"schema":{"@context":"https:\/\/schema.org","@graph":[{"@type":"Article","@id":"https:\/\/batitrakya.live\/index.php\/onder-mumin-asi-ve-dogalgaz-hakkinda-aciklama-yapti\/#article","isPartOf":{"@id":"https:\/\/batitrakya.live\/index.php\/onder-mumin-asi-ve-dogalgaz-hakkinda-aciklama-yapti\/"},"author":{"name":"tamer","@id":"https:\/\/batitrakya.live\/#\/schema\/person\/61b86abbc19e5fa0bbc3059670546fe5"},"headline":"\u00d6nder M\u00fcmin, a\u015f\u0131 ve do\u011falgaz hakk\u0131nda a\u00e7\u0131klama yapt\u0131&#8230;","datePublished":"2021-01-21T17:22:19+00:00","mainEntityOfPage":{"@id":"https:\/\/batitrakya.live\/index.php\/onder-mumin-asi-ve-dogalgaz-hakkinda-aciklama-yapti\/"},"wordCount":195,"commentCount":0,"keywords":["Belediye","Yass\u0131 K\u00f6y"],"articleSection":["Bat\u0131 Trakyam Haber"],"inLanguage":"tr","potentialAction":[{"@type":"CommentAction","name":"Comment","target":["https:\/\/batitrakya.live\/index.php\/onder-mumin-asi-ve-dogalgaz-hakkinda-aciklama-yapti\/#respond"]}],"copyrightYear":"2021","copyrightHolder":{"@id":"https:\/\/batitrakya.live\/#organization"}},{"@type":"WebPage","@id":"https:\/\/batitrakya.live\/index.php\/onder-mumin-asi-ve-dogalgaz-hakkinda-aciklama-yapti\/","url":"https:\/\/batitrakya.live\/index.php\/onder-mumin-asi-ve-dogalgaz-hakkinda-aciklama-yapti\/","name":"\u00d6nder M\u00fcmin, a\u015f\u0131 ve do\u011falgaz hakk\u0131nda a\u00e7\u0131klama yapt\u0131... - Bat\u0131 Trakya Haber","isPartOf":{"@id":"https:\/\/batitrakya.live\/#website"},"datePublished":"2021-01-21T17:22:19+00:00","author":{"@id":"https:\/\/batitrakya.live\/#\/schema\/person\/61b86abbc19e5fa0bbc3059670546fe5"},"breadcrumb":{"@id":"https:\/\/batitrakya.live\/index.php\/onder-mumin-asi-ve-dogalgaz-hakkinda-aciklama-yapti\/#breadcrumb"},"inLanguage":"tr","potentialAction":[{"@type":"ReadAction","target":["https:\/\/batitrakya.live\/index.php\/onder-mumin-asi-ve-dogalgaz-hakkinda-aciklama-yapti\/"]}]},{"@type":"BreadcrumbList","@id":"https:\/\/batitrakya.live\/index.php\/onder-mumin-asi-ve-dogalgaz-hakkinda-aciklama-yapti\/#breadcrumb","itemListElement":[{"@type":"ListItem","position":1,"name":"Anasayfa","item":"https:\/\/batitrakya.live\/"},{"@type":"ListItem","position":2,"name":"\u00d6nder M\u00fcmin, a\u015f\u0131 ve do\u011falgaz hakk\u0131nda a\u00e7\u0131klama yapt\u0131&#8230;"}]},{"@type":"WebSite","@id":"https:\/\/batitrakya.live\/#website","url":"https:\/\/batitrakya.live\/","name":"Bat\u0131 Trakya Haber","description":"Bat\u0131 Trakyan\u0131n internetteki sesi..","potentialAction":[{"@type":"SearchAction","target":{"@type":"EntryPoint","urlTemplate":"https:\/\/batitrakya.live\/?s={search_term_string}"},"query-input":{"@type":"PropertyValueSpecification","valueRequired":true,"valueName":"search_term_string"}}],"inLanguage":"tr"},{"@type":"Person","@id":"https:\/\/batitrakya.live\/#\/schema\/person\/61b86abbc19e5fa0bbc3059670546fe5","name":"tamer","image":{"@type":"ImageObject","inLanguage":"tr","@id":"https:\/\/secure.gravatar.com\/avatar\/60b0ff14c4376999cea9565d28b91fc61ff0f727c28cd083506a6d83ad6df9c9?s=96&d=mm&r=g","url":"https:\/\/secure.gravatar.com\/avatar\/60b0ff14c4376999cea9565d28b91fc61ff0f727c28cd083506a6d83ad6df9c9?s=96&d=mm&r=g","contentUrl":"https:\/\/secure.gravatar.com\/avatar\/60b0ff14c4376999cea9565d28b91fc61ff0f727c28cd083506a6d83ad6df9c9?s=96&d=mm&r=g","caption":"tamer"},"sameAs":["https:\/\/batitrakya.live"],"url":"https:\/\/batitrakya.live\/index.php\/author\/tamer\/"}]}},"_links":{"self":[{"href":"https:\/\/batitrakya.live\/index.php\/wp-json\/wp\/v2\/posts\/31044","targetHints":{"allow":["GET"]}}],"collection":[{"href":"https:\/\/batitrakya.live\/index.php\/wp-json\/wp\/v2\/posts"}],"about":[{"href":"https:\/\/batitrakya.live\/index.php\/wp-json\/wp\/v2\/types\/post"}],"author":[{"embeddable":true,"href":"https:\/\/batitrakya.live\/index.php\/wp-json\/wp\/v2\/users\/1"}],"replies":[{"embeddable":true,"href":"https:\/\/batitrakya.live\/index.php\/wp-json\/wp\/v2\/comments?post=31044"}],"version-history":[{"count":0,"href":"https:\/\/batitrakya.live\/index.php\/wp-json\/wp\/v2\/posts\/31044\/revisions"}],"wp:attachment":[{"href":"https:\/\/batitrakya.live\/index.php\/wp-json\/wp\/v2\/media?parent=31044"}],"wp:term":[{"taxonomy":"category","embeddable":true,"href":"https:\/\/batitrakya.live\/index.php\/wp-json\/wp\/v2\/categories?post=31044"},{"taxonomy":"post_tag","embeddable":true,"href":"https:\/\/batitrakya.live\/index.php\/wp-json\/wp\/v2\/tags?post=31044"}],"curies":[{"name":"wp","href":"https:\/\/api.w.org\/{rel}","templated":true}]}}