{"id":31036,"date":"2021-01-20T17:41:38","date_gmt":"2021-01-20T16:41:38","guid":{"rendered":"https:\/\/batitrakya.live\/?p=31036"},"modified":"2021-01-20T17:41:38","modified_gmt":"2021-01-20T16:41:38","slug":"giritin-dogusunda-kara-sularimizi-genisletmeyi-planliyoruz","status":"publish","type":"post","link":"https:\/\/batitrakya.live\/index.php\/giritin-dogusunda-kara-sularimizi-genisletmeyi-planliyoruz\/","title":{"rendered":"Girit&#8217;in do\u011fusunda kara sular\u0131m\u0131z\u0131 geni\u015fletmeyi planl\u0131yoruz&#8230;"},"content":{"rendered":"<p>D\u0131\u015fi\u015fleri Bakan\u0131 Nikos Dendias, h\u00fck\u00fcmetin Girit Adas\u0131&#8217;n\u0131n do\u011fusunda kara sular\u0131n\u0131 geni\u015fletmeyi planlad\u0131\u011f\u0131n\u0131 s\u00f6yledi.<\/p>\n<p>Dendias, Yunanistan&#8217;\u0131n \u0130yon Denizi&#8217;nde kara sular\u0131n\u0131n geni\u015fletilmesini \u00f6ng\u00f6ren yasa tasar\u0131s\u0131n\u0131n tart\u0131\u015f\u0131ld\u0131\u011f\u0131 Parlamentoda konu\u015ftu.<\/p>\n<p>Ba\u015fbakan Kiryakos Mi\u00e7otakis&#8217;in aylar \u00f6ncesinde Girit&#8217;te kara sular\u0131n\u0131n geni\u015fletilmesi konusunda g\u00f6r\u00fc\u015f belirtti\u011fini an\u0131msatan Dendias, <em><strong>&#8220;Ve tabii ki Girit, Girit&#8217;in do\u011fu taraf\u0131n\u0131 da kaps\u0131yor. Girit&#8217;in do\u011fusunda da kara sular\u0131m\u0131z\u0131 geni\u015fletmeyi planl\u0131yoruz.&#8221;<\/strong><\/em> dedi.<\/p>\n<p>Ana muhalefet Radikal Sol Parti (SYR\u0130ZA) S\u00f6zc\u00fcs\u00fc Yorgos Katruggalos&#8217;un, Yunanistan ve T\u00fcrkiye aras\u0131nda yeniden ba\u015flat\u0131lmas\u0131 kararla\u015ft\u0131r\u0131lan istik\u015fafi g\u00f6r\u00fc\u015fmelerde hangi meselelerin ele al\u0131naca\u011f\u0131 ve \u00fclkenin kara sular\u0131n\u0131n geni\u015fletilmesi konusunda Ba\u015fbakanl\u0131k ve D\u0131\u015fi\u015fleri Bakanl\u0131\u011f\u0131n\u0131n farkl\u0131 g\u00f6r\u00fc\u015fler dile getirdi\u011fi y\u00f6n\u00fcndeki ele\u015ftirilerini de yan\u0131tlayan Dendias, \u015funlar\u0131 kaydetti:<\/p>\n<p><em><strong>&#8220;Ba\u015fbakan&#8217;\u0131n belirledi\u011fi politikan\u0131n d\u0131\u015f\u0131nda bir \u00e7izgi izlenmesi m\u00fcmk\u00fcn de\u011fil. Yunanistan&#8217;\u0131n hi\u00e7bir ba\u015fbakan\u0131 kara sular\u0131 meselesini m\u00fczakere etmez \u00e7\u00fcnk\u00fc egemenlik meselesidir ve m\u00fczakere konusu de\u011fildir.&#8221;<\/strong><\/em><\/p>\n<p><em><strong>&#8220;S\u0131n\u0131rda\u015f \u00fclkelerden herhangi biriyle anla\u015fmal\u0131 olarak s\u0131n\u0131rland\u0131r\u0131lmam\u0131\u015ft\u0131r&#8221;<\/strong><\/em><\/p>\n<p>Dendias, Yunanistan&#8217;\u0131n kara sular\u0131n\u0131 geni\u015fletmesi konusunda s\u0131n\u0131rda\u015f \u00fclkeler ile m\u00fczakere etmek zorunda olmad\u0131\u011f\u0131n\u0131 iddia ederek, \u015fu de\u011ferlendirmelerde bulundu:<\/p>\n<p><em><strong>&#8220;\u00dclkenin k\u0131ta sahanl\u0131\u011f\u0131 konusundaki tezi, Maniatis kanunu ile ifade edilmektedir. M\u00fcnhas\u0131r Ekonomik B\u00f6lge (MEB) meselesine gelince, belirtilen k\u0131ta sahanl\u0131\u011f\u0131 \u00fczerindeki belirli b\u00f6lgede olay ger\u00e7ek. S\u0131n\u0131rda\u015f \u00fclkelerden herhangi biriyle anla\u015fmal\u0131 olarak s\u0131n\u0131rland\u0131r\u0131lmam\u0131\u015ft\u0131r.<\/strong><\/em><\/p>\n<p><em><strong>Kom\u015fu \u00fclkeler, hakk\u0131m\u0131z\u0131 uygulamam\u0131z\u0131 anlay\u0131\u015fla kar\u015f\u0131l\u0131yor. \u0130talya, Yunanistan&#8217;\u0131n kara sular\u0131n\u0131 geni\u015fletece\u011fini biliyordu ve bu, &#8216;Yunanistan&#8217;\u0131n \u0130talya ile m\u00fczakere etti\u011fi&#8217; anlam\u0131na gelmez. Arnavutluk&#8217;un da Yunanistan&#8217;a sormadan, hakk\u0131n\u0131 b\u00fct\u00fcn\u00fcyle kulland\u0131\u011f\u0131 gibi.&#8221;<\/strong><\/em><\/p>\n","protected":false},"excerpt":{"rendered":"<p>D\u0131\u015fi\u015fleri Bakan\u0131 Nikos Dendias, h\u00fck\u00fcmetin Girit Adas\u0131&#8217;n\u0131n do\u011fusunda kara sular\u0131n\u0131 geni\u015fletmeyi planlad\u0131\u011f\u0131n\u0131 s\u00f6yledi. Dendias, Yunanistan&#8217;\u0131n \u0130yon Denizi&#8217;nde kara sular\u0131n\u0131n geni\u015fletilmesini \u00f6ng\u00f6ren yasa tasar\u0131s\u0131n\u0131n tart\u0131\u015f\u0131ld\u0131\u011f\u0131 Parlamentoda konu\u015ftu. Ba\u015fbakan Kiryakos Mi\u00e7otakis&#8217;in aylar \u00f6ncesinde Girit&#8217;te kara sular\u0131n\u0131n geni\u015fletilmesi konusunda g\u00f6r\u00fc\u015f belirtti\u011fini an\u0131msatan Dendias, &#8220;Ve tabii ki Girit, Girit&#8217;in do\u011fu taraf\u0131n\u0131 da kaps\u0131yor. Girit&#8217;in do\u011fusunda da kara sular\u0131m\u0131z\u0131 geni\u015fletmeyi &hellip;<\/p>\n","protected":false},"author":1,"featured_media":31037,"comment_status":"open","ping_status":"open","sticky":false,"template":"","format":"standard","meta":{"footnotes":""},"categories":[57],"tags":[249],"class_list":["post-31036","post","type-post","status-publish","format-standard","has-post-thumbnail","hentry","category-yunanistan","tag-dogu-akdeniz"],"yoast_head":"<!-- This site is optimized with the Yoast SEO Premium plugin v26.3 (Yoast SEO v27.3) - https:\/\/yoast.com\/product\/yoast-seo-premium-wordpress\/ -->\n<title>Girit&#039;in do\u011fusunda kara sular\u0131m\u0131z\u0131 geni\u015fletmeyi planl\u0131yoruz... - Bat\u0131 Trakya Haber<\/title>\n<meta name=\"robots\" content=\"index, follow, max-snippet:-1, max-image-preview:large, max-video-preview:-1\" \/>\n<link rel=\"canonical\" href=\"https:\/\/batitrakya.live\/index.php\/giritin-dogusunda-kara-sularimizi-genisletmeyi-planliyoruz\/\" \/>\n<meta property=\"og:locale\" content=\"tr_TR\" \/>\n<meta property=\"og:type\" content=\"article\" \/>\n<meta property=\"og:title\" content=\"Girit&#039;in do\u011fusunda kara sular\u0131m\u0131z\u0131 geni\u015fletmeyi planl\u0131yoruz...\" \/>\n<meta property=\"og:description\" content=\"D\u0131\u015fi\u015fleri Bakan\u0131 Nikos Dendias, h\u00fck\u00fcmetin Girit Adas\u0131&#8217;n\u0131n do\u011fusunda kara sular\u0131n\u0131 geni\u015fletmeyi planlad\u0131\u011f\u0131n\u0131 s\u00f6yledi. Dendias, Yunanistan&#8217;\u0131n \u0130yon Denizi&#8217;nde kara sular\u0131n\u0131n geni\u015fletilmesini \u00f6ng\u00f6ren yasa tasar\u0131s\u0131n\u0131n tart\u0131\u015f\u0131ld\u0131\u011f\u0131 Parlamentoda konu\u015ftu. Ba\u015fbakan Kiryakos Mi\u00e7otakis&#8217;in aylar \u00f6ncesinde Girit&#8217;te kara sular\u0131n\u0131n geni\u015fletilmesi konusunda g\u00f6r\u00fc\u015f belirtti\u011fini an\u0131msatan Dendias, &#8220;Ve tabii ki Girit, Girit&#8217;in do\u011fu taraf\u0131n\u0131 da kaps\u0131yor. Girit&#8217;in do\u011fusunda da kara sular\u0131m\u0131z\u0131 geni\u015fletmeyi &hellip;\" \/>\n<meta property=\"og:url\" content=\"https:\/\/batitrakya.live\/index.php\/giritin-dogusunda-kara-sularimizi-genisletmeyi-planliyoruz\/\" \/>\n<meta property=\"og:site_name\" content=\"Bat\u0131 Trakya Haber\" \/>\n<meta property=\"article:published_time\" content=\"2021-01-20T16:41:38+00:00\" \/>\n<meta property=\"og:image\" content=\"https:\/\/batitrakya.live\/wp-content\/uploads\/2021\/01\/dendias.jpg\" \/>\n\t<meta property=\"og:image:width\" content=\"720\" \/>\n\t<meta property=\"og:image:height\" content=\"348\" \/>\n\t<meta property=\"og:image:type\" content=\"image\/jpeg\" \/>\n<meta name=\"author\" content=\"tamer\" \/>\n<meta name=\"twitter:card\" content=\"summary_large_image\" \/>\n<meta name=\"twitter:label1\" content=\"Yazan:\" \/>\n\t<meta name=\"twitter:data1\" content=\"tamer\" \/>\n\t<meta name=\"twitter:label2\" content=\"Tahmini okuma s\u00fcresi\" \/>\n\t<meta name=\"twitter:data2\" content=\"2 dakika\" \/>\n<script type=\"application\/ld+json\" class=\"yoast-schema-graph\">{\"@context\":\"https:\\\/\\\/schema.org\",\"@graph\":[{\"@type\":\"Article\",\"@id\":\"https:\\\/\\\/batitrakya.live\\\/index.php\\\/giritin-dogusunda-kara-sularimizi-genisletmeyi-planliyoruz\\\/#article\",\"isPartOf\":{\"@id\":\"https:\\\/\\\/batitrakya.live\\\/index.php\\\/giritin-dogusunda-kara-sularimizi-genisletmeyi-planliyoruz\\\/\"},\"author\":{\"name\":\"tamer\",\"@id\":\"https:\\\/\\\/batitrakya.live\\\/#\\\/schema\\\/person\\\/61b86abbc19e5fa0bbc3059670546fe5\"},\"headline\":\"Girit&#8217;in do\u011fusunda kara sular\u0131m\u0131z\u0131 geni\u015fletmeyi planl\u0131yoruz&#8230;\",\"datePublished\":\"2021-01-20T16:41:38+00:00\",\"mainEntityOfPage\":{\"@id\":\"https:\\\/\\\/batitrakya.live\\\/index.php\\\/giritin-dogusunda-kara-sularimizi-genisletmeyi-planliyoruz\\\/\"},\"wordCount\":362,\"commentCount\":0,\"image\":{\"@id\":\"https:\\\/\\\/batitrakya.live\\\/index.php\\\/giritin-dogusunda-kara-sularimizi-genisletmeyi-planliyoruz\\\/#primaryimage\"},\"thumbnailUrl\":\"https:\\\/\\\/batitrakya.live\\\/wp-content\\\/uploads\\\/2021\\\/01\\\/dendias.jpg\",\"keywords\":[\"Do\u011fu Akdeniz\"],\"articleSection\":[\"Yunanistan Haber\"],\"inLanguage\":\"tr\",\"potentialAction\":[{\"@type\":\"CommentAction\",\"name\":\"Comment\",\"target\":[\"https:\\\/\\\/batitrakya.live\\\/index.php\\\/giritin-dogusunda-kara-sularimizi-genisletmeyi-planliyoruz\\\/#respond\"]}],\"copyrightYear\":\"2021\",\"copyrightHolder\":{\"@id\":\"https:\\\/\\\/batitrakya.live\\\/#organization\"}},{\"@type\":\"WebPage\",\"@id\":\"https:\\\/\\\/batitrakya.live\\\/index.php\\\/giritin-dogusunda-kara-sularimizi-genisletmeyi-planliyoruz\\\/\",\"url\":\"https:\\\/\\\/batitrakya.live\\\/index.php\\\/giritin-dogusunda-kara-sularimizi-genisletmeyi-planliyoruz\\\/\",\"name\":\"Girit'in do\u011fusunda kara sular\u0131m\u0131z\u0131 geni\u015fletmeyi planl\u0131yoruz... - Bat\u0131 Trakya Haber\",\"isPartOf\":{\"@id\":\"https:\\\/\\\/batitrakya.live\\\/#website\"},\"primaryImageOfPage\":{\"@id\":\"https:\\\/\\\/batitrakya.live\\\/index.php\\\/giritin-dogusunda-kara-sularimizi-genisletmeyi-planliyoruz\\\/#primaryimage\"},\"image\":{\"@id\":\"https:\\\/\\\/batitrakya.live\\\/index.php\\\/giritin-dogusunda-kara-sularimizi-genisletmeyi-planliyoruz\\\/#primaryimage\"},\"thumbnailUrl\":\"https:\\\/\\\/batitrakya.live\\\/wp-content\\\/uploads\\\/2021\\\/01\\\/dendias.jpg\",\"datePublished\":\"2021-01-20T16:41:38+00:00\",\"author\":{\"@id\":\"https:\\\/\\\/batitrakya.live\\\/#\\\/schema\\\/person\\\/61b86abbc19e5fa0bbc3059670546fe5\"},\"breadcrumb\":{\"@id\":\"https:\\\/\\\/batitrakya.live\\\/index.php\\\/giritin-dogusunda-kara-sularimizi-genisletmeyi-planliyoruz\\\/#breadcrumb\"},\"inLanguage\":\"tr\",\"potentialAction\":[{\"@type\":\"ReadAction\",\"target\":[\"https:\\\/\\\/batitrakya.live\\\/index.php\\\/giritin-dogusunda-kara-sularimizi-genisletmeyi-planliyoruz\\\/\"]}]},{\"@type\":\"ImageObject\",\"inLanguage\":\"tr\",\"@id\":\"https:\\\/\\\/batitrakya.live\\\/index.php\\\/giritin-dogusunda-kara-sularimizi-genisletmeyi-planliyoruz\\\/#primaryimage\",\"url\":\"https:\\\/\\\/batitrakya.live\\\/wp-content\\\/uploads\\\/2021\\\/01\\\/dendias.jpg\",\"contentUrl\":\"https:\\\/\\\/batitrakya.live\\\/wp-content\\\/uploads\\\/2021\\\/01\\\/dendias.jpg\",\"width\":720,\"height\":348},{\"@type\":\"BreadcrumbList\",\"@id\":\"https:\\\/\\\/batitrakya.live\\\/index.php\\\/giritin-dogusunda-kara-sularimizi-genisletmeyi-planliyoruz\\\/#breadcrumb\",\"itemListElement\":[{\"@type\":\"ListItem\",\"position\":1,\"name\":\"Anasayfa\",\"item\":\"https:\\\/\\\/batitrakya.live\\\/\"},{\"@type\":\"ListItem\",\"position\":2,\"name\":\"Girit&#8217;in do\u011fusunda kara sular\u0131m\u0131z\u0131 geni\u015fletmeyi planl\u0131yoruz&#8230;\"}]},{\"@type\":\"WebSite\",\"@id\":\"https:\\\/\\\/batitrakya.live\\\/#website\",\"url\":\"https:\\\/\\\/batitrakya.live\\\/\",\"name\":\"Bat\u0131 Trakya Haber\",\"description\":\"Bat\u0131 Trakyan\u0131n internetteki sesi..\",\"potentialAction\":[{\"@type\":\"SearchAction\",\"target\":{\"@type\":\"EntryPoint\",\"urlTemplate\":\"https:\\\/\\\/batitrakya.live\\\/?s={search_term_string}\"},\"query-input\":{\"@type\":\"PropertyValueSpecification\",\"valueRequired\":true,\"valueName\":\"search_term_string\"}}],\"inLanguage\":\"tr\"},{\"@type\":\"Person\",\"@id\":\"https:\\\/\\\/batitrakya.live\\\/#\\\/schema\\\/person\\\/61b86abbc19e5fa0bbc3059670546fe5\",\"name\":\"tamer\",\"image\":{\"@type\":\"ImageObject\",\"inLanguage\":\"tr\",\"@id\":\"https:\\\/\\\/secure.gravatar.com\\\/avatar\\\/60b0ff14c4376999cea9565d28b91fc61ff0f727c28cd083506a6d83ad6df9c9?s=96&d=mm&r=g\",\"url\":\"https:\\\/\\\/secure.gravatar.com\\\/avatar\\\/60b0ff14c4376999cea9565d28b91fc61ff0f727c28cd083506a6d83ad6df9c9?s=96&d=mm&r=g\",\"contentUrl\":\"https:\\\/\\\/secure.gravatar.com\\\/avatar\\\/60b0ff14c4376999cea9565d28b91fc61ff0f727c28cd083506a6d83ad6df9c9?s=96&d=mm&r=g\",\"caption\":\"tamer\"},\"sameAs\":[\"https:\\\/\\\/batitrakya.live\"],\"url\":\"https:\\\/\\\/batitrakya.live\\\/index.php\\\/author\\\/tamer\\\/\"}]}<\/script>\n<!-- \/ Yoast SEO Premium plugin. -->","yoast_head_json":{"title":"Girit'in do\u011fusunda kara sular\u0131m\u0131z\u0131 geni\u015fletmeyi planl\u0131yoruz... - Bat\u0131 Trakya Haber","robots":{"index":"index","follow":"follow","max-snippet":"max-snippet:-1","max-image-preview":"max-image-preview:large","max-video-preview":"max-video-preview:-1"},"canonical":"https:\/\/batitrakya.live\/index.php\/giritin-dogusunda-kara-sularimizi-genisletmeyi-planliyoruz\/","og_locale":"tr_TR","og_type":"article","og_title":"Girit'in do\u011fusunda kara sular\u0131m\u0131z\u0131 geni\u015fletmeyi planl\u0131yoruz...","og_description":"D\u0131\u015fi\u015fleri Bakan\u0131 Nikos Dendias, h\u00fck\u00fcmetin Girit Adas\u0131&#8217;n\u0131n do\u011fusunda kara sular\u0131n\u0131 geni\u015fletmeyi planlad\u0131\u011f\u0131n\u0131 s\u00f6yledi. Dendias, Yunanistan&#8217;\u0131n \u0130yon Denizi&#8217;nde kara sular\u0131n\u0131n geni\u015fletilmesini \u00f6ng\u00f6ren yasa tasar\u0131s\u0131n\u0131n tart\u0131\u015f\u0131ld\u0131\u011f\u0131 Parlamentoda konu\u015ftu. Ba\u015fbakan Kiryakos Mi\u00e7otakis&#8217;in aylar \u00f6ncesinde Girit&#8217;te kara sular\u0131n\u0131n geni\u015fletilmesi konusunda g\u00f6r\u00fc\u015f belirtti\u011fini an\u0131msatan Dendias, &#8220;Ve tabii ki Girit, Girit&#8217;in do\u011fu taraf\u0131n\u0131 da kaps\u0131yor. Girit&#8217;in do\u011fusunda da kara sular\u0131m\u0131z\u0131 geni\u015fletmeyi &hellip;","og_url":"https:\/\/batitrakya.live\/index.php\/giritin-dogusunda-kara-sularimizi-genisletmeyi-planliyoruz\/","og_site_name":"Bat\u0131 Trakya Haber","article_published_time":"2021-01-20T16:41:38+00:00","og_image":[{"width":720,"height":348,"url":"https:\/\/batitrakya.live\/wp-content\/uploads\/2021\/01\/dendias.jpg","type":"image\/jpeg"}],"author":"tamer","twitter_card":"summary_large_image","twitter_misc":{"Yazan:":"tamer","Tahmini okuma s\u00fcresi":"2 dakika"},"schema":{"@context":"https:\/\/schema.org","@graph":[{"@type":"Article","@id":"https:\/\/batitrakya.live\/index.php\/giritin-dogusunda-kara-sularimizi-genisletmeyi-planliyoruz\/#article","isPartOf":{"@id":"https:\/\/batitrakya.live\/index.php\/giritin-dogusunda-kara-sularimizi-genisletmeyi-planliyoruz\/"},"author":{"name":"tamer","@id":"https:\/\/batitrakya.live\/#\/schema\/person\/61b86abbc19e5fa0bbc3059670546fe5"},"headline":"Girit&#8217;in do\u011fusunda kara sular\u0131m\u0131z\u0131 geni\u015fletmeyi planl\u0131yoruz&#8230;","datePublished":"2021-01-20T16:41:38+00:00","mainEntityOfPage":{"@id":"https:\/\/batitrakya.live\/index.php\/giritin-dogusunda-kara-sularimizi-genisletmeyi-planliyoruz\/"},"wordCount":362,"commentCount":0,"image":{"@id":"https:\/\/batitrakya.live\/index.php\/giritin-dogusunda-kara-sularimizi-genisletmeyi-planliyoruz\/#primaryimage"},"thumbnailUrl":"https:\/\/batitrakya.live\/wp-content\/uploads\/2021\/01\/dendias.jpg","keywords":["Do\u011fu Akdeniz"],"articleSection":["Yunanistan Haber"],"inLanguage":"tr","potentialAction":[{"@type":"CommentAction","name":"Comment","target":["https:\/\/batitrakya.live\/index.php\/giritin-dogusunda-kara-sularimizi-genisletmeyi-planliyoruz\/#respond"]}],"copyrightYear":"2021","copyrightHolder":{"@id":"https:\/\/batitrakya.live\/#organization"}},{"@type":"WebPage","@id":"https:\/\/batitrakya.live\/index.php\/giritin-dogusunda-kara-sularimizi-genisletmeyi-planliyoruz\/","url":"https:\/\/batitrakya.live\/index.php\/giritin-dogusunda-kara-sularimizi-genisletmeyi-planliyoruz\/","name":"Girit'in do\u011fusunda kara sular\u0131m\u0131z\u0131 geni\u015fletmeyi planl\u0131yoruz... - Bat\u0131 Trakya Haber","isPartOf":{"@id":"https:\/\/batitrakya.live\/#website"},"primaryImageOfPage":{"@id":"https:\/\/batitrakya.live\/index.php\/giritin-dogusunda-kara-sularimizi-genisletmeyi-planliyoruz\/#primaryimage"},"image":{"@id":"https:\/\/batitrakya.live\/index.php\/giritin-dogusunda-kara-sularimizi-genisletmeyi-planliyoruz\/#primaryimage"},"thumbnailUrl":"https:\/\/batitrakya.live\/wp-content\/uploads\/2021\/01\/dendias.jpg","datePublished":"2021-01-20T16:41:38+00:00","author":{"@id":"https:\/\/batitrakya.live\/#\/schema\/person\/61b86abbc19e5fa0bbc3059670546fe5"},"breadcrumb":{"@id":"https:\/\/batitrakya.live\/index.php\/giritin-dogusunda-kara-sularimizi-genisletmeyi-planliyoruz\/#breadcrumb"},"inLanguage":"tr","potentialAction":[{"@type":"ReadAction","target":["https:\/\/batitrakya.live\/index.php\/giritin-dogusunda-kara-sularimizi-genisletmeyi-planliyoruz\/"]}]},{"@type":"ImageObject","inLanguage":"tr","@id":"https:\/\/batitrakya.live\/index.php\/giritin-dogusunda-kara-sularimizi-genisletmeyi-planliyoruz\/#primaryimage","url":"https:\/\/batitrakya.live\/wp-content\/uploads\/2021\/01\/dendias.jpg","contentUrl":"https:\/\/batitrakya.live\/wp-content\/uploads\/2021\/01\/dendias.jpg","width":720,"height":348},{"@type":"BreadcrumbList","@id":"https:\/\/batitrakya.live\/index.php\/giritin-dogusunda-kara-sularimizi-genisletmeyi-planliyoruz\/#breadcrumb","itemListElement":[{"@type":"ListItem","position":1,"name":"Anasayfa","item":"https:\/\/batitrakya.live\/"},{"@type":"ListItem","position":2,"name":"Girit&#8217;in do\u011fusunda kara sular\u0131m\u0131z\u0131 geni\u015fletmeyi planl\u0131yoruz&#8230;"}]},{"@type":"WebSite","@id":"https:\/\/batitrakya.live\/#website","url":"https:\/\/batitrakya.live\/","name":"Bat\u0131 Trakya Haber","description":"Bat\u0131 Trakyan\u0131n internetteki sesi..","potentialAction":[{"@type":"SearchAction","target":{"@type":"EntryPoint","urlTemplate":"https:\/\/batitrakya.live\/?s={search_term_string}"},"query-input":{"@type":"PropertyValueSpecification","valueRequired":true,"valueName":"search_term_string"}}],"inLanguage":"tr"},{"@type":"Person","@id":"https:\/\/batitrakya.live\/#\/schema\/person\/61b86abbc19e5fa0bbc3059670546fe5","name":"tamer","image":{"@type":"ImageObject","inLanguage":"tr","@id":"https:\/\/secure.gravatar.com\/avatar\/60b0ff14c4376999cea9565d28b91fc61ff0f727c28cd083506a6d83ad6df9c9?s=96&d=mm&r=g","url":"https:\/\/secure.gravatar.com\/avatar\/60b0ff14c4376999cea9565d28b91fc61ff0f727c28cd083506a6d83ad6df9c9?s=96&d=mm&r=g","contentUrl":"https:\/\/secure.gravatar.com\/avatar\/60b0ff14c4376999cea9565d28b91fc61ff0f727c28cd083506a6d83ad6df9c9?s=96&d=mm&r=g","caption":"tamer"},"sameAs":["https:\/\/batitrakya.live"],"url":"https:\/\/batitrakya.live\/index.php\/author\/tamer\/"}]}},"_links":{"self":[{"href":"https:\/\/batitrakya.live\/index.php\/wp-json\/wp\/v2\/posts\/31036","targetHints":{"allow":["GET"]}}],"collection":[{"href":"https:\/\/batitrakya.live\/index.php\/wp-json\/wp\/v2\/posts"}],"about":[{"href":"https:\/\/batitrakya.live\/index.php\/wp-json\/wp\/v2\/types\/post"}],"author":[{"embeddable":true,"href":"https:\/\/batitrakya.live\/index.php\/wp-json\/wp\/v2\/users\/1"}],"replies":[{"embeddable":true,"href":"https:\/\/batitrakya.live\/index.php\/wp-json\/wp\/v2\/comments?post=31036"}],"version-history":[{"count":0,"href":"https:\/\/batitrakya.live\/index.php\/wp-json\/wp\/v2\/posts\/31036\/revisions"}],"wp:featuredmedia":[{"embeddable":true,"href":"https:\/\/batitrakya.live\/index.php\/wp-json\/wp\/v2\/media\/31037"}],"wp:attachment":[{"href":"https:\/\/batitrakya.live\/index.php\/wp-json\/wp\/v2\/media?parent=31036"}],"wp:term":[{"taxonomy":"category","embeddable":true,"href":"https:\/\/batitrakya.live\/index.php\/wp-json\/wp\/v2\/categories?post=31036"},{"taxonomy":"post_tag","embeddable":true,"href":"https:\/\/batitrakya.live\/index.php\/wp-json\/wp\/v2\/tags?post=31036"}],"curies":[{"name":"wp","href":"https:\/\/api.w.org\/{rel}","templated":true}]}}