{"id":30863,"date":"2021-01-04T17:53:35","date_gmt":"2021-01-04T16:53:35","guid":{"rendered":"https:\/\/batitrakya.live\/?p=30863"},"modified":"2021-01-04T17:53:35","modified_gmt":"2021-01-04T16:53:35","slug":"b-trakyada-saglik-calisanlarina-asilama-8-ocakta-basliyor","status":"publish","type":"post","link":"https:\/\/batitrakya.live\/index.php\/b-trakyada-saglik-calisanlarina-asilama-8-ocakta-basliyor\/","title":{"rendered":"B. Trakya\u2019da sa\u011fl\u0131k \u00e7al\u0131\u015fanlar\u0131na a\u015f\u0131lama 8 Ocak\u2019ta ba\u015fl\u0131yor&#8230;"},"content":{"rendered":"<p>\u00dclke genelindeki sa\u011fl\u0131k \u00e7al\u0131\u015fanlar\u0131n\u0131n a\u015f\u0131lanmas\u0131 \u00fc\u00e7 a\u015famada ger\u00e7ekle\u015fecek. 8 Ocak Cuma g\u00fcn\u00fc ba\u015flayacak ikin\u00e7i a\u015famada G\u00fcm\u00fclcine, \u0130ske\u00e7e ve Dedea\u011fa\u00e7 hastanelerinde \u00e7al\u0131\u015fan doktor ve di\u011fer sa\u011fl\u0131k \u00e7al\u0131\u015fanlar\u0131 da yer al\u0131yor.<\/p>\n<p>Ulusal Sa\u011fl\u0131k Sistemi\u2019ne (ESY) ba\u011fl\u0131 hastanelerde sa\u011fl\u0131k \u00e7al\u0131\u015fanlar\u0131n\u0131n a\u015f\u0131lanmas\u0131 bug\u00fcn ba\u015fl\u0131yor. A\u015f\u0131 program\u0131 \u00fc\u00e7 a\u015famada uygulanacak.<\/p>\n<p>Kovid-19 a\u015f\u0131s\u0131n\u0131n uyguland\u0131\u011f\u0131 dokuz hastaneye bug\u00fcn 42 yeni hastane daha ekleniyor. Bu da g\u00fcnde 5 binin \u00fczerinde sa\u011fl\u0131k \u00e7al\u0131\u015fan\u0131n\u0131n a\u015f\u0131lanaca\u011f\u0131 anlam\u0131na geliyor.<\/p>\n<p>Sa\u011fl\u0131k \u00e7al\u0131\u015fanlar\u0131n\u0131n a\u015f\u0131land\u0131\u011f\u0131 hastanelere 8 Ocak itibar\u0131yle 55 hastane daha eklenecek. Dedea\u011fa\u00e7, G\u00fcm\u00fclcine ve \u0130ske\u00e7e hastaneleri de bu yeni grupta yer al\u0131yor.<\/p>\n<p>ESY hastanelerinde uygulanan a\u015f\u0131 program\u0131na a\u015famal\u0131 olarak askeri hastaneler de dahil edilecek. Bu arada, \u00f6zel sa\u011fl\u0131k sekt\u00f6r\u00fcnde \u00e7al\u0131\u015fan doktorlar\u0131n da a\u015f\u0131lanmas\u0131 i\u015flemine ba\u015flanacak.<\/p>\n<p>\u00d6te yandan, huzurevlerinde kalan ve \u00e7al\u0131\u015fanlar\u0131n a\u015f\u0131lanmas\u0131na da bug\u00fcn ba\u015flan\u0131yor. Huzarevlerindeki a\u015f\u0131lama program\u0131n\u0131n 20 Ocak tarihine kadar tamamlanmas\u0131 bekleniyor.<\/p>\n","protected":false},"excerpt":{"rendered":"<p>\u00dclke genelindeki sa\u011fl\u0131k \u00e7al\u0131\u015fanlar\u0131n\u0131n a\u015f\u0131lanmas\u0131 \u00fc\u00e7 a\u015famada ger\u00e7ekle\u015fecek. 8 Ocak Cuma g\u00fcn\u00fc ba\u015flayacak ikin\u00e7i a\u015famada G\u00fcm\u00fclcine, \u0130ske\u00e7e ve Dedea\u011fa\u00e7 hastanelerinde \u00e7al\u0131\u015fan doktor ve di\u011fer sa\u011fl\u0131k \u00e7al\u0131\u015fanlar\u0131 da yer al\u0131yor. Ulusal Sa\u011fl\u0131k Sistemi\u2019ne (ESY) ba\u011fl\u0131 hastanelerde sa\u011fl\u0131k \u00e7al\u0131\u015fanlar\u0131n\u0131n a\u015f\u0131lanmas\u0131 bug\u00fcn ba\u015fl\u0131yor. A\u015f\u0131 program\u0131 \u00fc\u00e7 a\u015famada uygulanacak. Kovid-19 a\u015f\u0131s\u0131n\u0131n uyguland\u0131\u011f\u0131 dokuz hastaneye bug\u00fcn 42 yeni hastane daha &hellip;<\/p>\n","protected":false},"author":1,"featured_media":0,"comment_status":"open","ping_status":"open","sticky":false,"template":"","format":"standard","meta":{"footnotes":""},"categories":[24],"tags":[242],"class_list":["post-30863","post","type-post","status-publish","format-standard","hentry","category-bati-trakyam-haber","tag-asi"],"yoast_head":"<!-- This site is optimized with the Yoast SEO Premium plugin v26.3 (Yoast SEO v27.3) - https:\/\/yoast.com\/product\/yoast-seo-premium-wordpress\/ -->\n<title>B. Trakya\u2019da sa\u011fl\u0131k \u00e7al\u0131\u015fanlar\u0131na a\u015f\u0131lama 8 Ocak\u2019ta ba\u015fl\u0131yor... - Bat\u0131 Trakya Haber<\/title>\n<meta name=\"robots\" content=\"index, follow, max-snippet:-1, max-image-preview:large, max-video-preview:-1\" \/>\n<link rel=\"canonical\" href=\"https:\/\/batitrakya.live\/index.php\/b-trakyada-saglik-calisanlarina-asilama-8-ocakta-basliyor\/\" \/>\n<meta property=\"og:locale\" content=\"tr_TR\" \/>\n<meta property=\"og:type\" content=\"article\" \/>\n<meta property=\"og:title\" content=\"B. Trakya\u2019da sa\u011fl\u0131k \u00e7al\u0131\u015fanlar\u0131na a\u015f\u0131lama 8 Ocak\u2019ta ba\u015fl\u0131yor...\" \/>\n<meta property=\"og:description\" content=\"\u00dclke genelindeki sa\u011fl\u0131k \u00e7al\u0131\u015fanlar\u0131n\u0131n a\u015f\u0131lanmas\u0131 \u00fc\u00e7 a\u015famada ger\u00e7ekle\u015fecek. 8 Ocak Cuma g\u00fcn\u00fc ba\u015flayacak ikin\u00e7i a\u015famada G\u00fcm\u00fclcine, \u0130ske\u00e7e ve Dedea\u011fa\u00e7 hastanelerinde \u00e7al\u0131\u015fan doktor ve di\u011fer sa\u011fl\u0131k \u00e7al\u0131\u015fanlar\u0131 da yer al\u0131yor. Ulusal Sa\u011fl\u0131k Sistemi\u2019ne (ESY) ba\u011fl\u0131 hastanelerde sa\u011fl\u0131k \u00e7al\u0131\u015fanlar\u0131n\u0131n a\u015f\u0131lanmas\u0131 bug\u00fcn ba\u015fl\u0131yor. A\u015f\u0131 program\u0131 \u00fc\u00e7 a\u015famada uygulanacak. Kovid-19 a\u015f\u0131s\u0131n\u0131n uyguland\u0131\u011f\u0131 dokuz hastaneye bug\u00fcn 42 yeni hastane daha &hellip;\" \/>\n<meta property=\"og:url\" content=\"https:\/\/batitrakya.live\/index.php\/b-trakyada-saglik-calisanlarina-asilama-8-ocakta-basliyor\/\" \/>\n<meta property=\"og:site_name\" content=\"Bat\u0131 Trakya Haber\" \/>\n<meta property=\"article:published_time\" content=\"2021-01-04T16:53:35+00:00\" \/>\n<meta property=\"og:image\" content=\"https:\/\/batitrakya.live\/wp-content\/uploads\/2021\/02\/cropped-aytrakya.png\" \/>\n\t<meta property=\"og:image:width\" content=\"512\" \/>\n\t<meta property=\"og:image:height\" content=\"512\" \/>\n\t<meta property=\"og:image:type\" content=\"image\/png\" \/>\n<meta name=\"author\" content=\"tamer\" \/>\n<meta name=\"twitter:card\" content=\"summary_large_image\" \/>\n<meta name=\"twitter:label1\" content=\"Yazan:\" \/>\n\t<meta name=\"twitter:data1\" content=\"tamer\" \/>\n\t<meta name=\"twitter:label2\" content=\"Tahmini okuma s\u00fcresi\" \/>\n\t<meta name=\"twitter:data2\" content=\"1 dakika\" \/>\n<script type=\"application\/ld+json\" class=\"yoast-schema-graph\">{\"@context\":\"https:\\\/\\\/schema.org\",\"@graph\":[{\"@type\":\"Article\",\"@id\":\"https:\\\/\\\/batitrakya.live\\\/index.php\\\/b-trakyada-saglik-calisanlarina-asilama-8-ocakta-basliyor\\\/#article\",\"isPartOf\":{\"@id\":\"https:\\\/\\\/batitrakya.live\\\/index.php\\\/b-trakyada-saglik-calisanlarina-asilama-8-ocakta-basliyor\\\/\"},\"author\":{\"name\":\"tamer\",\"@id\":\"https:\\\/\\\/batitrakya.live\\\/#\\\/schema\\\/person\\\/61b86abbc19e5fa0bbc3059670546fe5\"},\"headline\":\"B. Trakya\u2019da sa\u011fl\u0131k \u00e7al\u0131\u015fanlar\u0131na a\u015f\u0131lama 8 Ocak\u2019ta ba\u015fl\u0131yor&#8230;\",\"datePublished\":\"2021-01-04T16:53:35+00:00\",\"mainEntityOfPage\":{\"@id\":\"https:\\\/\\\/batitrakya.live\\\/index.php\\\/b-trakyada-saglik-calisanlarina-asilama-8-ocakta-basliyor\\\/\"},\"wordCount\":221,\"commentCount\":0,\"keywords\":[\"A\u015f\u0131\"],\"articleSection\":[\"Bat\u0131 Trakyam Haber\"],\"inLanguage\":\"tr\",\"potentialAction\":[{\"@type\":\"CommentAction\",\"name\":\"Comment\",\"target\":[\"https:\\\/\\\/batitrakya.live\\\/index.php\\\/b-trakyada-saglik-calisanlarina-asilama-8-ocakta-basliyor\\\/#respond\"]}],\"copyrightYear\":\"2021\",\"copyrightHolder\":{\"@id\":\"https:\\\/\\\/batitrakya.live\\\/#organization\"}},{\"@type\":\"WebPage\",\"@id\":\"https:\\\/\\\/batitrakya.live\\\/index.php\\\/b-trakyada-saglik-calisanlarina-asilama-8-ocakta-basliyor\\\/\",\"url\":\"https:\\\/\\\/batitrakya.live\\\/index.php\\\/b-trakyada-saglik-calisanlarina-asilama-8-ocakta-basliyor\\\/\",\"name\":\"B. Trakya\u2019da sa\u011fl\u0131k \u00e7al\u0131\u015fanlar\u0131na a\u015f\u0131lama 8 Ocak\u2019ta ba\u015fl\u0131yor... - Bat\u0131 Trakya Haber\",\"isPartOf\":{\"@id\":\"https:\\\/\\\/batitrakya.live\\\/#website\"},\"datePublished\":\"2021-01-04T16:53:35+00:00\",\"author\":{\"@id\":\"https:\\\/\\\/batitrakya.live\\\/#\\\/schema\\\/person\\\/61b86abbc19e5fa0bbc3059670546fe5\"},\"breadcrumb\":{\"@id\":\"https:\\\/\\\/batitrakya.live\\\/index.php\\\/b-trakyada-saglik-calisanlarina-asilama-8-ocakta-basliyor\\\/#breadcrumb\"},\"inLanguage\":\"tr\",\"potentialAction\":[{\"@type\":\"ReadAction\",\"target\":[\"https:\\\/\\\/batitrakya.live\\\/index.php\\\/b-trakyada-saglik-calisanlarina-asilama-8-ocakta-basliyor\\\/\"]}]},{\"@type\":\"BreadcrumbList\",\"@id\":\"https:\\\/\\\/batitrakya.live\\\/index.php\\\/b-trakyada-saglik-calisanlarina-asilama-8-ocakta-basliyor\\\/#breadcrumb\",\"itemListElement\":[{\"@type\":\"ListItem\",\"position\":1,\"name\":\"Anasayfa\",\"item\":\"https:\\\/\\\/batitrakya.live\\\/\"},{\"@type\":\"ListItem\",\"position\":2,\"name\":\"B. Trakya\u2019da sa\u011fl\u0131k \u00e7al\u0131\u015fanlar\u0131na a\u015f\u0131lama 8 Ocak\u2019ta ba\u015fl\u0131yor&#8230;\"}]},{\"@type\":\"WebSite\",\"@id\":\"https:\\\/\\\/batitrakya.live\\\/#website\",\"url\":\"https:\\\/\\\/batitrakya.live\\\/\",\"name\":\"Bat\u0131 Trakya Haber\",\"description\":\"Bat\u0131 Trakyan\u0131n internetteki sesi..\",\"potentialAction\":[{\"@type\":\"SearchAction\",\"target\":{\"@type\":\"EntryPoint\",\"urlTemplate\":\"https:\\\/\\\/batitrakya.live\\\/?s={search_term_string}\"},\"query-input\":{\"@type\":\"PropertyValueSpecification\",\"valueRequired\":true,\"valueName\":\"search_term_string\"}}],\"inLanguage\":\"tr\"},{\"@type\":\"Person\",\"@id\":\"https:\\\/\\\/batitrakya.live\\\/#\\\/schema\\\/person\\\/61b86abbc19e5fa0bbc3059670546fe5\",\"name\":\"tamer\",\"image\":{\"@type\":\"ImageObject\",\"inLanguage\":\"tr\",\"@id\":\"https:\\\/\\\/secure.gravatar.com\\\/avatar\\\/60b0ff14c4376999cea9565d28b91fc61ff0f727c28cd083506a6d83ad6df9c9?s=96&d=mm&r=g\",\"url\":\"https:\\\/\\\/secure.gravatar.com\\\/avatar\\\/60b0ff14c4376999cea9565d28b91fc61ff0f727c28cd083506a6d83ad6df9c9?s=96&d=mm&r=g\",\"contentUrl\":\"https:\\\/\\\/secure.gravatar.com\\\/avatar\\\/60b0ff14c4376999cea9565d28b91fc61ff0f727c28cd083506a6d83ad6df9c9?s=96&d=mm&r=g\",\"caption\":\"tamer\"},\"sameAs\":[\"https:\\\/\\\/batitrakya.live\"],\"url\":\"https:\\\/\\\/batitrakya.live\\\/index.php\\\/author\\\/tamer\\\/\"}]}<\/script>\n<!-- \/ Yoast SEO Premium plugin. -->","yoast_head_json":{"title":"B. Trakya\u2019da sa\u011fl\u0131k \u00e7al\u0131\u015fanlar\u0131na a\u015f\u0131lama 8 Ocak\u2019ta ba\u015fl\u0131yor... - Bat\u0131 Trakya Haber","robots":{"index":"index","follow":"follow","max-snippet":"max-snippet:-1","max-image-preview":"max-image-preview:large","max-video-preview":"max-video-preview:-1"},"canonical":"https:\/\/batitrakya.live\/index.php\/b-trakyada-saglik-calisanlarina-asilama-8-ocakta-basliyor\/","og_locale":"tr_TR","og_type":"article","og_title":"B. Trakya\u2019da sa\u011fl\u0131k \u00e7al\u0131\u015fanlar\u0131na a\u015f\u0131lama 8 Ocak\u2019ta ba\u015fl\u0131yor...","og_description":"\u00dclke genelindeki sa\u011fl\u0131k \u00e7al\u0131\u015fanlar\u0131n\u0131n a\u015f\u0131lanmas\u0131 \u00fc\u00e7 a\u015famada ger\u00e7ekle\u015fecek. 8 Ocak Cuma g\u00fcn\u00fc ba\u015flayacak ikin\u00e7i a\u015famada G\u00fcm\u00fclcine, \u0130ske\u00e7e ve Dedea\u011fa\u00e7 hastanelerinde \u00e7al\u0131\u015fan doktor ve di\u011fer sa\u011fl\u0131k \u00e7al\u0131\u015fanlar\u0131 da yer al\u0131yor. Ulusal Sa\u011fl\u0131k Sistemi\u2019ne (ESY) ba\u011fl\u0131 hastanelerde sa\u011fl\u0131k \u00e7al\u0131\u015fanlar\u0131n\u0131n a\u015f\u0131lanmas\u0131 bug\u00fcn ba\u015fl\u0131yor. A\u015f\u0131 program\u0131 \u00fc\u00e7 a\u015famada uygulanacak. Kovid-19 a\u015f\u0131s\u0131n\u0131n uyguland\u0131\u011f\u0131 dokuz hastaneye bug\u00fcn 42 yeni hastane daha &hellip;","og_url":"https:\/\/batitrakya.live\/index.php\/b-trakyada-saglik-calisanlarina-asilama-8-ocakta-basliyor\/","og_site_name":"Bat\u0131 Trakya Haber","article_published_time":"2021-01-04T16:53:35+00:00","og_image":[{"width":512,"height":512,"url":"https:\/\/batitrakya.live\/wp-content\/uploads\/2021\/02\/cropped-aytrakya.png","type":"image\/png"}],"author":"tamer","twitter_card":"summary_large_image","twitter_misc":{"Yazan:":"tamer","Tahmini okuma s\u00fcresi":"1 dakika"},"schema":{"@context":"https:\/\/schema.org","@graph":[{"@type":"Article","@id":"https:\/\/batitrakya.live\/index.php\/b-trakyada-saglik-calisanlarina-asilama-8-ocakta-basliyor\/#article","isPartOf":{"@id":"https:\/\/batitrakya.live\/index.php\/b-trakyada-saglik-calisanlarina-asilama-8-ocakta-basliyor\/"},"author":{"name":"tamer","@id":"https:\/\/batitrakya.live\/#\/schema\/person\/61b86abbc19e5fa0bbc3059670546fe5"},"headline":"B. Trakya\u2019da sa\u011fl\u0131k \u00e7al\u0131\u015fanlar\u0131na a\u015f\u0131lama 8 Ocak\u2019ta ba\u015fl\u0131yor&#8230;","datePublished":"2021-01-04T16:53:35+00:00","mainEntityOfPage":{"@id":"https:\/\/batitrakya.live\/index.php\/b-trakyada-saglik-calisanlarina-asilama-8-ocakta-basliyor\/"},"wordCount":221,"commentCount":0,"keywords":["A\u015f\u0131"],"articleSection":["Bat\u0131 Trakyam Haber"],"inLanguage":"tr","potentialAction":[{"@type":"CommentAction","name":"Comment","target":["https:\/\/batitrakya.live\/index.php\/b-trakyada-saglik-calisanlarina-asilama-8-ocakta-basliyor\/#respond"]}],"copyrightYear":"2021","copyrightHolder":{"@id":"https:\/\/batitrakya.live\/#organization"}},{"@type":"WebPage","@id":"https:\/\/batitrakya.live\/index.php\/b-trakyada-saglik-calisanlarina-asilama-8-ocakta-basliyor\/","url":"https:\/\/batitrakya.live\/index.php\/b-trakyada-saglik-calisanlarina-asilama-8-ocakta-basliyor\/","name":"B. Trakya\u2019da sa\u011fl\u0131k \u00e7al\u0131\u015fanlar\u0131na a\u015f\u0131lama 8 Ocak\u2019ta ba\u015fl\u0131yor... - Bat\u0131 Trakya Haber","isPartOf":{"@id":"https:\/\/batitrakya.live\/#website"},"datePublished":"2021-01-04T16:53:35+00:00","author":{"@id":"https:\/\/batitrakya.live\/#\/schema\/person\/61b86abbc19e5fa0bbc3059670546fe5"},"breadcrumb":{"@id":"https:\/\/batitrakya.live\/index.php\/b-trakyada-saglik-calisanlarina-asilama-8-ocakta-basliyor\/#breadcrumb"},"inLanguage":"tr","potentialAction":[{"@type":"ReadAction","target":["https:\/\/batitrakya.live\/index.php\/b-trakyada-saglik-calisanlarina-asilama-8-ocakta-basliyor\/"]}]},{"@type":"BreadcrumbList","@id":"https:\/\/batitrakya.live\/index.php\/b-trakyada-saglik-calisanlarina-asilama-8-ocakta-basliyor\/#breadcrumb","itemListElement":[{"@type":"ListItem","position":1,"name":"Anasayfa","item":"https:\/\/batitrakya.live\/"},{"@type":"ListItem","position":2,"name":"B. Trakya\u2019da sa\u011fl\u0131k \u00e7al\u0131\u015fanlar\u0131na a\u015f\u0131lama 8 Ocak\u2019ta ba\u015fl\u0131yor&#8230;"}]},{"@type":"WebSite","@id":"https:\/\/batitrakya.live\/#website","url":"https:\/\/batitrakya.live\/","name":"Bat\u0131 Trakya Haber","description":"Bat\u0131 Trakyan\u0131n internetteki sesi..","potentialAction":[{"@type":"SearchAction","target":{"@type":"EntryPoint","urlTemplate":"https:\/\/batitrakya.live\/?s={search_term_string}"},"query-input":{"@type":"PropertyValueSpecification","valueRequired":true,"valueName":"search_term_string"}}],"inLanguage":"tr"},{"@type":"Person","@id":"https:\/\/batitrakya.live\/#\/schema\/person\/61b86abbc19e5fa0bbc3059670546fe5","name":"tamer","image":{"@type":"ImageObject","inLanguage":"tr","@id":"https:\/\/secure.gravatar.com\/avatar\/60b0ff14c4376999cea9565d28b91fc61ff0f727c28cd083506a6d83ad6df9c9?s=96&d=mm&r=g","url":"https:\/\/secure.gravatar.com\/avatar\/60b0ff14c4376999cea9565d28b91fc61ff0f727c28cd083506a6d83ad6df9c9?s=96&d=mm&r=g","contentUrl":"https:\/\/secure.gravatar.com\/avatar\/60b0ff14c4376999cea9565d28b91fc61ff0f727c28cd083506a6d83ad6df9c9?s=96&d=mm&r=g","caption":"tamer"},"sameAs":["https:\/\/batitrakya.live"],"url":"https:\/\/batitrakya.live\/index.php\/author\/tamer\/"}]}},"_links":{"self":[{"href":"https:\/\/batitrakya.live\/index.php\/wp-json\/wp\/v2\/posts\/30863","targetHints":{"allow":["GET"]}}],"collection":[{"href":"https:\/\/batitrakya.live\/index.php\/wp-json\/wp\/v2\/posts"}],"about":[{"href":"https:\/\/batitrakya.live\/index.php\/wp-json\/wp\/v2\/types\/post"}],"author":[{"embeddable":true,"href":"https:\/\/batitrakya.live\/index.php\/wp-json\/wp\/v2\/users\/1"}],"replies":[{"embeddable":true,"href":"https:\/\/batitrakya.live\/index.php\/wp-json\/wp\/v2\/comments?post=30863"}],"version-history":[{"count":0,"href":"https:\/\/batitrakya.live\/index.php\/wp-json\/wp\/v2\/posts\/30863\/revisions"}],"wp:attachment":[{"href":"https:\/\/batitrakya.live\/index.php\/wp-json\/wp\/v2\/media?parent=30863"}],"wp:term":[{"taxonomy":"category","embeddable":true,"href":"https:\/\/batitrakya.live\/index.php\/wp-json\/wp\/v2\/categories?post=30863"},{"taxonomy":"post_tag","embeddable":true,"href":"https:\/\/batitrakya.live\/index.php\/wp-json\/wp\/v2\/tags?post=30863"}],"curies":[{"name":"wp","href":"https:\/\/api.w.org\/{rel}","templated":true}]}}